{"id":174544,"date":"2025-07-25T19:12:29","date_gmt":"2025-07-26T01:12:29","guid":{"rendered":"https:\/\/canal7slp.tv\/2025\/?p=174544"},"modified":"2025-07-25T19:12:29","modified_gmt":"2025-07-26T01:12:29","slug":"nombran-a-sebastian-ramirez-en-fonatur-y-a-nathalie-desplas-como-subsecretaria-de-turismo","status":"publish","type":"post","link":"https:\/\/canal7slp.tv\/2025\/nombran-a-sebastian-ramirez-en-fonatur-y-a-nathalie-desplas-como-subsecretaria-de-turismo\/","title":{"rendered":"Nombran a Sebasti\u00e1n Ram\u00edrez en Fonatur y a Nathalie Desplas como Subsecretaria de Turismo"},"content":{"rendered":"<p style=\"text-align: justify;\">M\u00e9xico.- La Secretar\u00eda de Turismo del gobierno federal anunci\u00f3 el nombramiento de Sebasti\u00e1n Ram\u00edrez Mendoza como nuevo director general del Fondo Nacional de Fomento al Turismo (Fonatur), organismo clave para el desarrollo tur\u00edstico del pa\u00eds.<\/p>\n<p style=\"text-align: justify;\">Ram\u00edrez Mendoza, quien se desempe\u00f1aba como subsecretario de Turismo, encabez\u00f3 el programa \u201cAcapulco se transforma contigo\u201d, centrado en la reconstrucci\u00f3n de la ciudad tras los estragos causados por los huracanes Otis (2023) y John (2024). Su labor fue reconocida por la secretaria de Turismo, Josefina Rodr\u00edguez Zamora, quien agradeci\u00f3 p\u00fablicamente su compromiso con el sector y le dese\u00f3 \u00e9xito en su nueva responsabilidad.<\/p>\n<p style=\"text-align: justify;\">En el mismo anuncio se dio a conocer que Nathalie Desplas, quien ocupaba la titularidad de la Unidad de Informaci\u00f3n y Pol\u00edtica Tur\u00edstica de la Sectur, asumir\u00e1 ahora el cargo de subsecretaria de Turismo, en sustituci\u00f3n de Ram\u00edrez Mendoza.<\/p>\n<p style=\"text-align: justify;\">Fonatur se encontraba sin direcci\u00f3n general desde principios de julio, tras la salida de Lyndia Quiroz Zavala, nombrada durante el sexenio de Andr\u00e9s Manuel L\u00f3pez Obrador y ratificada en el actual gobierno de Claudia Sheinbaum Pardo.<\/p>\n","protected":false},"excerpt":{"rendered":"<p>M\u00e9xico.- La Secretar\u00eda de Turismo del gobierno federal anunci\u00f3 el nombramiento de Sebasti\u00e1n Ram\u00edrez Mendoza como nuevo director general del Fondo Nacional de Fomento al Turismo (Fonatur), organismo clave para el desarrollo tur\u00edstico del pa\u00eds. Ram\u00edrez Mendoza, quien se desempe\u00f1aba como subsecretario de Turismo, encabez\u00f3 el programa \u201cAcapulco se transforma contigo\u201d, centrado en la reconstrucci\u00f3n de la ciudad tras los estragos causados por los huracanes Otis (2023) y John (2024). Su labor fue reconocida por la secretaria de Turismo, Josefina Rodr\u00edguez Zamora, quien agradeci\u00f3 p\u00fablicamente su compromiso con el sector y le dese\u00f3 \u00e9xito en su nueva responsabilidad. En el [&hellip;]<\/p>\n","protected":false},"author":2,"featured_media":174545,"comment_status":"closed","ping_status":"closed","sticky":false,"template":"","format":"standard","meta":{"_monsterinsights_skip_tracking":false,"_monsterinsights_sitenote_active":false,"_monsterinsights_sitenote_note":"","_monsterinsights_sitenote_category":0,"footnotes":""},"categories":[46],"tags":[],"class_list":["post-174544","post","type-post","status-publish","format-standard","has-post-thumbnail","hentry","category-nacional","post--single"],"yoast_head":"<!-- This site is optimized with the Yoast SEO plugin v27.5 - https:\/\/yoast.com\/product\/yoast-seo-wordpress\/ -->\n<title>Nombran a Sebasti\u00e1n Ram\u00edrez en Fonatur y a Nathalie Desplas como Subsecretaria de Turismo - Canal 7 SLP - 2025<\/title>\n<meta name=\"robots\" content=\"index, follow, max-snippet:-1, max-image-preview:large, max-video-preview:-1\" \/>\n<link rel=\"canonical\" href=\"https:\/\/canal7slp.tv\/2025\/nombran-a-sebastian-ramirez-en-fonatur-y-a-nathalie-desplas-como-subsecretaria-de-turismo\/\" \/>\n<meta property=\"og:locale\" content=\"es_ES\" \/>\n<meta property=\"og:type\" content=\"article\" \/>\n<meta property=\"og:title\" content=\"Nombran a Sebasti\u00e1n Ram\u00edrez en Fonatur y a Nathalie Desplas como Subsecretaria de Turismo - Canal 7 SLP - 2025\" \/>\n<meta property=\"og:description\" content=\"M\u00e9xico.- La Secretar\u00eda de Turismo del gobierno federal anunci\u00f3 el nombramiento de Sebasti\u00e1n Ram\u00edrez Mendoza como nuevo director general del Fondo Nacional de Fomento al Turismo (Fonatur), organismo clave para el desarrollo tur\u00edstico del pa\u00eds. Ram\u00edrez Mendoza, quien se desempe\u00f1aba como subsecretario de Turismo, encabez\u00f3 el programa \u201cAcapulco se transforma contigo\u201d, centrado en la reconstrucci\u00f3n de la ciudad tras los estragos causados por los huracanes Otis (2023) y John (2024). Su labor fue reconocida por la secretaria de Turismo, Josefina Rodr\u00edguez Zamora, quien agradeci\u00f3 p\u00fablicamente su compromiso con el sector y le dese\u00f3 \u00e9xito en su nueva responsabilidad. En el [&hellip;]\" \/>\n<meta property=\"og:url\" content=\"https:\/\/canal7slp.tv\/2025\/nombran-a-sebastian-ramirez-en-fonatur-y-a-nathalie-desplas-como-subsecretaria-de-turismo\/\" \/>\n<meta property=\"og:site_name\" content=\"Canal 7 SLP - 2025\" \/>\n<meta property=\"article:publisher\" content=\"https:\/\/www.facebook.com\/noticieroscanal7atencionciudadana\/\" \/>\n<meta property=\"article:published_time\" content=\"2025-07-26T01:12:29+00:00\" \/>\n<meta property=\"og:image\" content=\"https:\/\/canal7slp.tv\/2025\/wp-content\/uploads\/2025\/07\/14-11.jpg\" \/>\n\t<meta property=\"og:image:width\" content=\"749\" \/>\n\t<meta property=\"og:image:height\" content=\"500\" \/>\n\t<meta property=\"og:image:type\" content=\"image\/jpeg\" \/>\n<meta name=\"author\" content=\"Edici\u00f3n Web\" \/>\n<meta name=\"twitter:card\" content=\"summary_large_image\" \/>\n<meta name=\"twitter:creator\" content=\"@NOTICIEROS7\" \/>\n<meta name=\"twitter:site\" content=\"@NOTICIEROS7\" \/>\n<meta name=\"twitter:label1\" content=\"Escrito por\" \/>\n\t<meta name=\"twitter:data1\" content=\"Edici\u00f3n Web\" \/>\n\t<meta name=\"twitter:label2\" content=\"Tiempo de lectura\" \/>\n\t<meta name=\"twitter:data2\" content=\"1 minuto\" \/>\n<script type=\"application\/ld+json\" class=\"yoast-schema-graph\">{\"@context\":\"https:\\\/\\\/schema.org\",\"@graph\":[{\"@type\":\"Article\",\"@id\":\"https:\\\/\\\/canal7slp.tv\\\/2025\\\/nombran-a-sebastian-ramirez-en-fonatur-y-a-nathalie-desplas-como-subsecretaria-de-turismo\\\/#article\",\"isPartOf\":{\"@id\":\"https:\\\/\\\/canal7slp.tv\\\/2025\\\/nombran-a-sebastian-ramirez-en-fonatur-y-a-nathalie-desplas-como-subsecretaria-de-turismo\\\/\"},\"author\":{\"name\":\"Edici\u00f3n Web\",\"@id\":\"https:\\\/\\\/canal7slp.tv\\\/2025\\\/#\\\/schema\\\/person\\\/271e2b60a96e7cc9d9ac296f4d7e414b\"},\"headline\":\"Nombran a Sebasti\u00e1n Ram\u00edrez en Fonatur y a Nathalie Desplas como Subsecretaria de Turismo\",\"datePublished\":\"2025-07-26T01:12:29+00:00\",\"mainEntityOfPage\":{\"@id\":\"https:\\\/\\\/canal7slp.tv\\\/2025\\\/nombran-a-sebastian-ramirez-en-fonatur-y-a-nathalie-desplas-como-subsecretaria-de-turismo\\\/\"},\"wordCount\":207,\"publisher\":{\"@id\":\"https:\\\/\\\/canal7slp.tv\\\/2025\\\/#organization\"},\"image\":{\"@id\":\"https:\\\/\\\/canal7slp.tv\\\/2025\\\/nombran-a-sebastian-ramirez-en-fonatur-y-a-nathalie-desplas-como-subsecretaria-de-turismo\\\/#primaryimage\"},\"thumbnailUrl\":\"https:\\\/\\\/canal7slp.tv\\\/2025\\\/wp-content\\\/uploads\\\/2025\\\/07\\\/14-11.jpg\",\"articleSection\":[\"NACIONALES\"],\"inLanguage\":\"es\"},{\"@type\":\"WebPage\",\"@id\":\"https:\\\/\\\/canal7slp.tv\\\/2025\\\/nombran-a-sebastian-ramirez-en-fonatur-y-a-nathalie-desplas-como-subsecretaria-de-turismo\\\/\",\"url\":\"https:\\\/\\\/canal7slp.tv\\\/2025\\\/nombran-a-sebastian-ramirez-en-fonatur-y-a-nathalie-desplas-como-subsecretaria-de-turismo\\\/\",\"name\":\"Nombran a Sebasti\u00e1n Ram\u00edrez en Fonatur y a Nathalie Desplas como Subsecretaria de Turismo - Canal 7 SLP - 2025\",\"isPartOf\":{\"@id\":\"https:\\\/\\\/canal7slp.tv\\\/2025\\\/#website\"},\"primaryImageOfPage\":{\"@id\":\"https:\\\/\\\/canal7slp.tv\\\/2025\\\/nombran-a-sebastian-ramirez-en-fonatur-y-a-nathalie-desplas-como-subsecretaria-de-turismo\\\/#primaryimage\"},\"image\":{\"@id\":\"https:\\\/\\\/canal7slp.tv\\\/2025\\\/nombran-a-sebastian-ramirez-en-fonatur-y-a-nathalie-desplas-como-subsecretaria-de-turismo\\\/#primaryimage\"},\"thumbnailUrl\":\"https:\\\/\\\/canal7slp.tv\\\/2025\\\/wp-content\\\/uploads\\\/2025\\\/07\\\/14-11.jpg\",\"datePublished\":\"2025-07-26T01:12:29+00:00\",\"breadcrumb\":{\"@id\":\"https:\\\/\\\/canal7slp.tv\\\/2025\\\/nombran-a-sebastian-ramirez-en-fonatur-y-a-nathalie-desplas-como-subsecretaria-de-turismo\\\/#breadcrumb\"},\"inLanguage\":\"es\",\"potentialAction\":[{\"@type\":\"ReadAction\",\"target\":[\"https:\\\/\\\/canal7slp.tv\\\/2025\\\/nombran-a-sebastian-ramirez-en-fonatur-y-a-nathalie-desplas-como-subsecretaria-de-turismo\\\/\"]}]},{\"@type\":\"ImageObject\",\"inLanguage\":\"es\",\"@id\":\"https:\\\/\\\/canal7slp.tv\\\/2025\\\/nombran-a-sebastian-ramirez-en-fonatur-y-a-nathalie-desplas-como-subsecretaria-de-turismo\\\/#primaryimage\",\"url\":\"https:\\\/\\\/canal7slp.tv\\\/2025\\\/wp-content\\\/uploads\\\/2025\\\/07\\\/14-11.jpg\",\"contentUrl\":\"https:\\\/\\\/canal7slp.tv\\\/2025\\\/wp-content\\\/uploads\\\/2025\\\/07\\\/14-11.jpg\",\"width\":749,\"height\":500},{\"@type\":\"BreadcrumbList\",\"@id\":\"https:\\\/\\\/canal7slp.tv\\\/2025\\\/nombran-a-sebastian-ramirez-en-fonatur-y-a-nathalie-desplas-como-subsecretaria-de-turismo\\\/#breadcrumb\",\"itemListElement\":[{\"@type\":\"ListItem\",\"position\":1,\"name\":\"Portada\",\"item\":\"https:\\\/\\\/canal7slp.tv\\\/2025\\\/\"},{\"@type\":\"ListItem\",\"position\":2,\"name\":\"Nombran a Sebasti\u00e1n Ram\u00edrez en Fonatur y a Nathalie Desplas como Subsecretaria de Turismo\"}]},{\"@type\":\"WebSite\",\"@id\":\"https:\\\/\\\/canal7slp.tv\\\/2025\\\/#website\",\"url\":\"https:\\\/\\\/canal7slp.tv\\\/2025\\\/\",\"name\":\"N7 - Noticieros Canal 7\",\"description\":\"Somos el Medio\",\"publisher\":{\"@id\":\"https:\\\/\\\/canal7slp.tv\\\/2025\\\/#organization\"},\"potentialAction\":[{\"@type\":\"SearchAction\",\"target\":{\"@type\":\"EntryPoint\",\"urlTemplate\":\"https:\\\/\\\/canal7slp.tv\\\/2025\\\/?s={search_term_string}\"},\"query-input\":{\"@type\":\"PropertyValueSpecification\",\"valueRequired\":true,\"valueName\":\"search_term_string\"}}],\"inLanguage\":\"es\"},{\"@type\":\"Organization\",\"@id\":\"https:\\\/\\\/canal7slp.tv\\\/2025\\\/#organization\",\"name\":\"Noticieros Canal 7\",\"url\":\"https:\\\/\\\/canal7slp.tv\\\/2025\\\/\",\"logo\":{\"@type\":\"ImageObject\",\"inLanguage\":\"es\",\"@id\":\"https:\\\/\\\/canal7slp.tv\\\/2025\\\/#\\\/schema\\\/logo\\\/image\\\/\",\"url\":\"https:\\\/\\\/canal7slp.tv\\\/2025\\\/wp-content\\\/uploads\\\/2021\\\/01\\\/logo-noticieros@2x.png\",\"contentUrl\":\"https:\\\/\\\/canal7slp.tv\\\/2025\\\/wp-content\\\/uploads\\\/2021\\\/01\\\/logo-noticieros@2x.png\",\"width\":1017,\"height\":268,\"caption\":\"Noticieros Canal 7\"},\"image\":{\"@id\":\"https:\\\/\\\/canal7slp.tv\\\/2025\\\/#\\\/schema\\\/logo\\\/image\\\/\"},\"sameAs\":[\"https:\\\/\\\/www.facebook.com\\\/noticieroscanal7atencionciudadana\\\/\",\"https:\\\/\\\/x.com\\\/NOTICIEROS7\",\"https:\\\/\\\/www.instagram.com\\\/canal7_slp\",\"https:\\\/\\\/www.youtube.com\\\/channel\\\/UCliiYs-gP3JfJeqdPrNdd5A\"]},{\"@type\":\"Person\",\"@id\":\"https:\\\/\\\/canal7slp.tv\\\/2025\\\/#\\\/schema\\\/person\\\/271e2b60a96e7cc9d9ac296f4d7e414b\",\"name\":\"Edici\u00f3n Web\",\"image\":{\"@type\":\"ImageObject\",\"inLanguage\":\"es\",\"@id\":\"https:\\\/\\\/secure.gravatar.com\\\/avatar\\\/eee448fc3f7164808013b816ba91ac7e43bbe82a70bebac296f8bc6f0addaa1a?s=96&d=mm&r=g\",\"url\":\"https:\\\/\\\/secure.gravatar.com\\\/avatar\\\/eee448fc3f7164808013b816ba91ac7e43bbe82a70bebac296f8bc6f0addaa1a?s=96&d=mm&r=g\",\"contentUrl\":\"https:\\\/\\\/secure.gravatar.com\\\/avatar\\\/eee448fc3f7164808013b816ba91ac7e43bbe82a70bebac296f8bc6f0addaa1a?s=96&d=mm&r=g\",\"caption\":\"Edici\u00f3n Web\"},\"url\":\"https:\\\/\\\/canal7slp.tv\\\/2025\\\/author\\\/edicionweb\\\/\"}]}<\/script>\n<!-- \/ Yoast SEO plugin. -->","yoast_head_json":{"title":"Nombran a Sebasti\u00e1n Ram\u00edrez en Fonatur y a Nathalie Desplas como Subsecretaria de Turismo - Canal 7 SLP - 2025","robots":{"index":"index","follow":"follow","max-snippet":"max-snippet:-1","max-image-preview":"max-image-preview:large","max-video-preview":"max-video-preview:-1"},"canonical":"https:\/\/canal7slp.tv\/2025\/nombran-a-sebastian-ramirez-en-fonatur-y-a-nathalie-desplas-como-subsecretaria-de-turismo\/","og_locale":"es_ES","og_type":"article","og_title":"Nombran a Sebasti\u00e1n Ram\u00edrez en Fonatur y a Nathalie Desplas como Subsecretaria de Turismo - Canal 7 SLP - 2025","og_description":"M\u00e9xico.- La Secretar\u00eda de Turismo del gobierno federal anunci\u00f3 el nombramiento de Sebasti\u00e1n Ram\u00edrez Mendoza como nuevo director general del Fondo Nacional de Fomento al Turismo (Fonatur), organismo clave para el desarrollo tur\u00edstico del pa\u00eds. Ram\u00edrez Mendoza, quien se desempe\u00f1aba como subsecretario de Turismo, encabez\u00f3 el programa \u201cAcapulco se transforma contigo\u201d, centrado en la reconstrucci\u00f3n de la ciudad tras los estragos causados por los huracanes Otis (2023) y John (2024). Su labor fue reconocida por la secretaria de Turismo, Josefina Rodr\u00edguez Zamora, quien agradeci\u00f3 p\u00fablicamente su compromiso con el sector y le dese\u00f3 \u00e9xito en su nueva responsabilidad. En el [&hellip;]","og_url":"https:\/\/canal7slp.tv\/2025\/nombran-a-sebastian-ramirez-en-fonatur-y-a-nathalie-desplas-como-subsecretaria-de-turismo\/","og_site_name":"Canal 7 SLP - 2025","article_publisher":"https:\/\/www.facebook.com\/noticieroscanal7atencionciudadana\/","article_published_time":"2025-07-26T01:12:29+00:00","og_image":[{"width":749,"height":500,"url":"https:\/\/canal7slp.tv\/2025\/wp-content\/uploads\/2025\/07\/14-11.jpg","type":"image\/jpeg"}],"author":"Edici\u00f3n Web","twitter_card":"summary_large_image","twitter_creator":"@NOTICIEROS7","twitter_site":"@NOTICIEROS7","twitter_misc":{"Escrito por":"Edici\u00f3n Web","Tiempo de lectura":"1 minuto"},"schema":{"@context":"https:\/\/schema.org","@graph":[{"@type":"Article","@id":"https:\/\/canal7slp.tv\/2025\/nombran-a-sebastian-ramirez-en-fonatur-y-a-nathalie-desplas-como-subsecretaria-de-turismo\/#article","isPartOf":{"@id":"https:\/\/canal7slp.tv\/2025\/nombran-a-sebastian-ramirez-en-fonatur-y-a-nathalie-desplas-como-subsecretaria-de-turismo\/"},"author":{"name":"Edici\u00f3n Web","@id":"https:\/\/canal7slp.tv\/2025\/#\/schema\/person\/271e2b60a96e7cc9d9ac296f4d7e414b"},"headline":"Nombran a Sebasti\u00e1n Ram\u00edrez en Fonatur y a Nathalie Desplas como Subsecretaria de Turismo","datePublished":"2025-07-26T01:12:29+00:00","mainEntityOfPage":{"@id":"https:\/\/canal7slp.tv\/2025\/nombran-a-sebastian-ramirez-en-fonatur-y-a-nathalie-desplas-como-subsecretaria-de-turismo\/"},"wordCount":207,"publisher":{"@id":"https:\/\/canal7slp.tv\/2025\/#organization"},"image":{"@id":"https:\/\/canal7slp.tv\/2025\/nombran-a-sebastian-ramirez-en-fonatur-y-a-nathalie-desplas-como-subsecretaria-de-turismo\/#primaryimage"},"thumbnailUrl":"https:\/\/canal7slp.tv\/2025\/wp-content\/uploads\/2025\/07\/14-11.jpg","articleSection":["NACIONALES"],"inLanguage":"es"},{"@type":"WebPage","@id":"https:\/\/canal7slp.tv\/2025\/nombran-a-sebastian-ramirez-en-fonatur-y-a-nathalie-desplas-como-subsecretaria-de-turismo\/","url":"https:\/\/canal7slp.tv\/2025\/nombran-a-sebastian-ramirez-en-fonatur-y-a-nathalie-desplas-como-subsecretaria-de-turismo\/","name":"Nombran a Sebasti\u00e1n Ram\u00edrez en Fonatur y a Nathalie Desplas como Subsecretaria de Turismo - Canal 7 SLP - 2025","isPartOf":{"@id":"https:\/\/canal7slp.tv\/2025\/#website"},"primaryImageOfPage":{"@id":"https:\/\/canal7slp.tv\/2025\/nombran-a-sebastian-ramirez-en-fonatur-y-a-nathalie-desplas-como-subsecretaria-de-turismo\/#primaryimage"},"image":{"@id":"https:\/\/canal7slp.tv\/2025\/nombran-a-sebastian-ramirez-en-fonatur-y-a-nathalie-desplas-como-subsecretaria-de-turismo\/#primaryimage"},"thumbnailUrl":"https:\/\/canal7slp.tv\/2025\/wp-content\/uploads\/2025\/07\/14-11.jpg","datePublished":"2025-07-26T01:12:29+00:00","breadcrumb":{"@id":"https:\/\/canal7slp.tv\/2025\/nombran-a-sebastian-ramirez-en-fonatur-y-a-nathalie-desplas-como-subsecretaria-de-turismo\/#breadcrumb"},"inLanguage":"es","potentialAction":[{"@type":"ReadAction","target":["https:\/\/canal7slp.tv\/2025\/nombran-a-sebastian-ramirez-en-fonatur-y-a-nathalie-desplas-como-subsecretaria-de-turismo\/"]}]},{"@type":"ImageObject","inLanguage":"es","@id":"https:\/\/canal7slp.tv\/2025\/nombran-a-sebastian-ramirez-en-fonatur-y-a-nathalie-desplas-como-subsecretaria-de-turismo\/#primaryimage","url":"https:\/\/canal7slp.tv\/2025\/wp-content\/uploads\/2025\/07\/14-11.jpg","contentUrl":"https:\/\/canal7slp.tv\/2025\/wp-content\/uploads\/2025\/07\/14-11.jpg","width":749,"height":500},{"@type":"BreadcrumbList","@id":"https:\/\/canal7slp.tv\/2025\/nombran-a-sebastian-ramirez-en-fonatur-y-a-nathalie-desplas-como-subsecretaria-de-turismo\/#breadcrumb","itemListElement":[{"@type":"ListItem","position":1,"name":"Portada","item":"https:\/\/canal7slp.tv\/2025\/"},{"@type":"ListItem","position":2,"name":"Nombran a Sebasti\u00e1n Ram\u00edrez en Fonatur y a Nathalie Desplas como Subsecretaria de Turismo"}]},{"@type":"WebSite","@id":"https:\/\/canal7slp.tv\/2025\/#website","url":"https:\/\/canal7slp.tv\/2025\/","name":"N7 - Noticieros Canal 7","description":"Somos el Medio","publisher":{"@id":"https:\/\/canal7slp.tv\/2025\/#organization"},"potentialAction":[{"@type":"SearchAction","target":{"@type":"EntryPoint","urlTemplate":"https:\/\/canal7slp.tv\/2025\/?s={search_term_string}"},"query-input":{"@type":"PropertyValueSpecification","valueRequired":true,"valueName":"search_term_string"}}],"inLanguage":"es"},{"@type":"Organization","@id":"https:\/\/canal7slp.tv\/2025\/#organization","name":"Noticieros Canal 7","url":"https:\/\/canal7slp.tv\/2025\/","logo":{"@type":"ImageObject","inLanguage":"es","@id":"https:\/\/canal7slp.tv\/2025\/#\/schema\/logo\/image\/","url":"https:\/\/canal7slp.tv\/2025\/wp-content\/uploads\/2021\/01\/logo-noticieros@2x.png","contentUrl":"https:\/\/canal7slp.tv\/2025\/wp-content\/uploads\/2021\/01\/logo-noticieros@2x.png","width":1017,"height":268,"caption":"Noticieros Canal 7"},"image":{"@id":"https:\/\/canal7slp.tv\/2025\/#\/schema\/logo\/image\/"},"sameAs":["https:\/\/www.facebook.com\/noticieroscanal7atencionciudadana\/","https:\/\/x.com\/NOTICIEROS7","https:\/\/www.instagram.com\/canal7_slp","https:\/\/www.youtube.com\/channel\/UCliiYs-gP3JfJeqdPrNdd5A"]},{"@type":"Person","@id":"https:\/\/canal7slp.tv\/2025\/#\/schema\/person\/271e2b60a96e7cc9d9ac296f4d7e414b","name":"Edici\u00f3n Web","image":{"@type":"ImageObject","inLanguage":"es","@id":"https:\/\/secure.gravatar.com\/avatar\/eee448fc3f7164808013b816ba91ac7e43bbe82a70bebac296f8bc6f0addaa1a?s=96&d=mm&r=g","url":"https:\/\/secure.gravatar.com\/avatar\/eee448fc3f7164808013b816ba91ac7e43bbe82a70bebac296f8bc6f0addaa1a?s=96&d=mm&r=g","contentUrl":"https:\/\/secure.gravatar.com\/avatar\/eee448fc3f7164808013b816ba91ac7e43bbe82a70bebac296f8bc6f0addaa1a?s=96&d=mm&r=g","caption":"Edici\u00f3n Web"},"url":"https:\/\/canal7slp.tv\/2025\/author\/edicionweb\/"}]}},"_links":{"self":[{"href":"https:\/\/canal7slp.tv\/2025\/wp-json\/wp\/v2\/posts\/174544","targetHints":{"allow":["GET"]}}],"collection":[{"href":"https:\/\/canal7slp.tv\/2025\/wp-json\/wp\/v2\/posts"}],"about":[{"href":"https:\/\/canal7slp.tv\/2025\/wp-json\/wp\/v2\/types\/post"}],"author":[{"embeddable":true,"href":"https:\/\/canal7slp.tv\/2025\/wp-json\/wp\/v2\/users\/2"}],"replies":[{"embeddable":true,"href":"https:\/\/canal7slp.tv\/2025\/wp-json\/wp\/v2\/comments?post=174544"}],"version-history":[{"count":2,"href":"https:\/\/canal7slp.tv\/2025\/wp-json\/wp\/v2\/posts\/174544\/revisions"}],"predecessor-version":[{"id":174547,"href":"https:\/\/canal7slp.tv\/2025\/wp-json\/wp\/v2\/posts\/174544\/revisions\/174547"}],"wp:featuredmedia":[{"embeddable":true,"href":"https:\/\/canal7slp.tv\/2025\/wp-json\/wp\/v2\/media\/174545"}],"wp:attachment":[{"href":"https:\/\/canal7slp.tv\/2025\/wp-json\/wp\/v2\/media?parent=174544"}],"wp:term":[{"taxonomy":"category","embeddable":true,"href":"https:\/\/canal7slp.tv\/2025\/wp-json\/wp\/v2\/categories?post=174544"},{"taxonomy":"post_tag","embeddable":true,"href":"https:\/\/canal7slp.tv\/2025\/wp-json\/wp\/v2\/tags?post=174544"}],"curies":[{"name":"wp","href":"https:\/\/api.w.org\/{rel}","templated":true}]}}