{"id":173598,"date":"2025-07-16T14:07:38","date_gmt":"2025-07-16T20:07:38","guid":{"rendered":"https:\/\/canal7slp.tv\/2025\/?p=173598"},"modified":"2025-07-16T14:07:38","modified_gmt":"2025-07-16T20:07:38","slug":"israel-lanza-ofensiva-en-damasco-para-proteger-a-comunidad-drusa-en-siria","status":"publish","type":"post","link":"https:\/\/canal7slp.tv\/2025\/israel-lanza-ofensiva-en-damasco-para-proteger-a-comunidad-drusa-en-siria\/","title":{"rendered":"Israel lanza ofensiva en Damasco para proteger a comunidad drusa en Siria"},"content":{"rendered":"<p style=\"text-align: justify;\">\n<p style=\"text-align: justify;\">Damasco.- El Ej\u00e9rcito de Israel ha lanzado ataques en la zona de Damasco, apuntando espec\u00edficamente a la entrada del cuartel general militar del r\u00e9gimen sirio, como parte de una ofensiva dirigida por la c\u00fapula pol\u00edtica israel\u00ed para monitorear y contener las acciones militares del r\u00e9gimen contra la poblaci\u00f3n drusa en el sur de Siria.<\/p>\n<p style=\"text-align: justify;\">La operaci\u00f3n se produce tras declaraciones del ministro de Defensa israel\u00ed, Israel Katz, quien advirti\u00f3 que los bombardeos continuar\u00edan si las fuerzas sirias no se retiraban de la regi\u00f3n de Al Sueida, basti\u00f3n de la comunidad drusa, que ha sido escenario de enfrentamientos recientes.<\/p>\n<p style=\"text-align: justify;\">Israel ya hab\u00eda ejecutado ataques anteriores contra tropas sirias que intentaban restablecer control militar en esa zona. Katz justific\u00f3 la intervenci\u00f3n como una medida para proteger a la minor\u00eda drusa y reafirm\u00f3 que Israel no abandonar\u00e1 a sus hermanos drusos en Siria, promoviendo adem\u00e1s una pol\u00edtica de desmilitarizaci\u00f3n en la regi\u00f3n.<\/p>\n<p style=\"text-align: justify;\">La situaci\u00f3n ha generado inquietud entre los drusos que viven en los Altos del Gol\u00e1n, territorio ocupado por Israel desde 1967. Algunos residentes de Majdal Shams cruzaron hacia Siria para asistir a su comunidad, aunque fueron repatriados poco despu\u00e9s.<\/p>\n<p style=\"text-align: justify;\">En se\u00f1al de protesta y duelo, l\u00edderes drusos en Israel convocaron una huelga general para honrar a quienes han muerto en los enfrentamientos. Se estima que alrededor de 24,000 drusos residen en Israel, de los cuales entre el 40% y el 50% tienen ciudadan\u00eda israel\u00ed.<\/p>\n<p style=\"text-align: justify;\">En paralelo, Israel llev\u00f3 a cabo un bombardeo en las cercan\u00edas del Palacio Presidencial en Damasco, donde atac\u00f3 un objetivo militar vinculado a operaciones del r\u00e9gimen contra los drusos. Seg\u00fan fuentes locales, al menos una persona muri\u00f3 y 18 resultaron heridas.<\/p>\n<p style=\"text-align: justify;\">Las autoridades israel\u00edes han anticipado que los operativos militares podr\u00edan continuar en los pr\u00f3ximos d\u00edas, en medio de una creciente tensi\u00f3n regional y denuncias de represi\u00f3n contra la comunidad drusa en Siria.<\/p>\n","protected":false},"excerpt":{"rendered":"<p>Damasco.- El Ej\u00e9rcito de Israel ha lanzado ataques en la zona de Damasco, apuntando espec\u00edficamente a la entrada del cuartel general militar del r\u00e9gimen sirio, como parte de una ofensiva dirigida por la c\u00fapula pol\u00edtica israel\u00ed para monitorear y contener las acciones militares del r\u00e9gimen contra la poblaci\u00f3n drusa en el sur de Siria. La operaci\u00f3n se produce tras declaraciones del ministro de Defensa israel\u00ed, Israel Katz, quien advirti\u00f3 que los bombardeos continuar\u00edan si las fuerzas sirias no se retiraban de la regi\u00f3n de Al Sueida, basti\u00f3n de la comunidad drusa, que ha sido escenario de enfrentamientos recientes. Israel ya [&hellip;]<\/p>\n","protected":false},"author":2,"featured_media":173599,"comment_status":"closed","ping_status":"closed","sticky":false,"template":"","format":"standard","meta":{"_monsterinsights_skip_tracking":false,"_monsterinsights_sitenote_active":false,"_monsterinsights_sitenote_note":"","_monsterinsights_sitenote_category":0,"footnotes":""},"categories":[44],"tags":[],"class_list":["post-173598","post","type-post","status-publish","format-standard","has-post-thumbnail","hentry","category-internacional","post--single"],"yoast_head":"<!-- This site is optimized with the Yoast SEO plugin v27.5 - https:\/\/yoast.com\/product\/yoast-seo-wordpress\/ -->\n<title>Israel lanza ofensiva en Damasco para proteger a comunidad drusa en Siria - Canal 7 SLP - 2025<\/title>\n<meta name=\"robots\" content=\"index, follow, max-snippet:-1, max-image-preview:large, max-video-preview:-1\" \/>\n<link rel=\"canonical\" href=\"https:\/\/canal7slp.tv\/2025\/israel-lanza-ofensiva-en-damasco-para-proteger-a-comunidad-drusa-en-siria\/\" \/>\n<meta property=\"og:locale\" content=\"es_ES\" \/>\n<meta property=\"og:type\" content=\"article\" \/>\n<meta property=\"og:title\" content=\"Israel lanza ofensiva en Damasco para proteger a comunidad drusa en Siria - Canal 7 SLP - 2025\" \/>\n<meta property=\"og:description\" content=\"Damasco.- El Ej\u00e9rcito de Israel ha lanzado ataques en la zona de Damasco, apuntando espec\u00edficamente a la entrada del cuartel general militar del r\u00e9gimen sirio, como parte de una ofensiva dirigida por la c\u00fapula pol\u00edtica israel\u00ed para monitorear y contener las acciones militares del r\u00e9gimen contra la poblaci\u00f3n drusa en el sur de Siria. La operaci\u00f3n se produce tras declaraciones del ministro de Defensa israel\u00ed, Israel Katz, quien advirti\u00f3 que los bombardeos continuar\u00edan si las fuerzas sirias no se retiraban de la regi\u00f3n de Al Sueida, basti\u00f3n de la comunidad drusa, que ha sido escenario de enfrentamientos recientes. Israel ya [&hellip;]\" \/>\n<meta property=\"og:url\" content=\"https:\/\/canal7slp.tv\/2025\/israel-lanza-ofensiva-en-damasco-para-proteger-a-comunidad-drusa-en-siria\/\" \/>\n<meta property=\"og:site_name\" content=\"Canal 7 SLP - 2025\" \/>\n<meta property=\"article:publisher\" content=\"https:\/\/www.facebook.com\/noticieroscanal7atencionciudadana\/\" \/>\n<meta property=\"article:published_time\" content=\"2025-07-16T20:07:38+00:00\" \/>\n<meta property=\"og:image\" content=\"https:\/\/canal7slp.tv\/2025\/wp-content\/uploads\/2025\/07\/03-16.jpg\" \/>\n\t<meta property=\"og:image:width\" content=\"888\" \/>\n\t<meta property=\"og:image:height\" content=\"500\" \/>\n\t<meta property=\"og:image:type\" content=\"image\/jpeg\" \/>\n<meta name=\"author\" content=\"Edici\u00f3n Web\" \/>\n<meta name=\"twitter:card\" content=\"summary_large_image\" \/>\n<meta name=\"twitter:creator\" content=\"@NOTICIEROS7\" \/>\n<meta name=\"twitter:site\" content=\"@NOTICIEROS7\" \/>\n<meta name=\"twitter:label1\" content=\"Escrito por\" \/>\n\t<meta name=\"twitter:data1\" content=\"Edici\u00f3n Web\" \/>\n\t<meta name=\"twitter:label2\" content=\"Tiempo de lectura\" \/>\n\t<meta name=\"twitter:data2\" content=\"2 minutos\" \/>\n<script type=\"application\/ld+json\" class=\"yoast-schema-graph\">{\"@context\":\"https:\\\/\\\/schema.org\",\"@graph\":[{\"@type\":\"Article\",\"@id\":\"https:\\\/\\\/canal7slp.tv\\\/2025\\\/israel-lanza-ofensiva-en-damasco-para-proteger-a-comunidad-drusa-en-siria\\\/#article\",\"isPartOf\":{\"@id\":\"https:\\\/\\\/canal7slp.tv\\\/2025\\\/israel-lanza-ofensiva-en-damasco-para-proteger-a-comunidad-drusa-en-siria\\\/\"},\"author\":{\"name\":\"Edici\u00f3n Web\",\"@id\":\"https:\\\/\\\/canal7slp.tv\\\/2025\\\/#\\\/schema\\\/person\\\/271e2b60a96e7cc9d9ac296f4d7e414b\"},\"headline\":\"Israel lanza ofensiva en Damasco para proteger a comunidad drusa en Siria\",\"datePublished\":\"2025-07-16T20:07:38+00:00\",\"mainEntityOfPage\":{\"@id\":\"https:\\\/\\\/canal7slp.tv\\\/2025\\\/israel-lanza-ofensiva-en-damasco-para-proteger-a-comunidad-drusa-en-siria\\\/\"},\"wordCount\":347,\"publisher\":{\"@id\":\"https:\\\/\\\/canal7slp.tv\\\/2025\\\/#organization\"},\"image\":{\"@id\":\"https:\\\/\\\/canal7slp.tv\\\/2025\\\/israel-lanza-ofensiva-en-damasco-para-proteger-a-comunidad-drusa-en-siria\\\/#primaryimage\"},\"thumbnailUrl\":\"https:\\\/\\\/canal7slp.tv\\\/2025\\\/wp-content\\\/uploads\\\/2025\\\/07\\\/03-16.jpg\",\"articleSection\":[\"INTERNACIONALES\"],\"inLanguage\":\"es\"},{\"@type\":\"WebPage\",\"@id\":\"https:\\\/\\\/canal7slp.tv\\\/2025\\\/israel-lanza-ofensiva-en-damasco-para-proteger-a-comunidad-drusa-en-siria\\\/\",\"url\":\"https:\\\/\\\/canal7slp.tv\\\/2025\\\/israel-lanza-ofensiva-en-damasco-para-proteger-a-comunidad-drusa-en-siria\\\/\",\"name\":\"Israel lanza ofensiva en Damasco para proteger a comunidad drusa en Siria - Canal 7 SLP - 2025\",\"isPartOf\":{\"@id\":\"https:\\\/\\\/canal7slp.tv\\\/2025\\\/#website\"},\"primaryImageOfPage\":{\"@id\":\"https:\\\/\\\/canal7slp.tv\\\/2025\\\/israel-lanza-ofensiva-en-damasco-para-proteger-a-comunidad-drusa-en-siria\\\/#primaryimage\"},\"image\":{\"@id\":\"https:\\\/\\\/canal7slp.tv\\\/2025\\\/israel-lanza-ofensiva-en-damasco-para-proteger-a-comunidad-drusa-en-siria\\\/#primaryimage\"},\"thumbnailUrl\":\"https:\\\/\\\/canal7slp.tv\\\/2025\\\/wp-content\\\/uploads\\\/2025\\\/07\\\/03-16.jpg\",\"datePublished\":\"2025-07-16T20:07:38+00:00\",\"breadcrumb\":{\"@id\":\"https:\\\/\\\/canal7slp.tv\\\/2025\\\/israel-lanza-ofensiva-en-damasco-para-proteger-a-comunidad-drusa-en-siria\\\/#breadcrumb\"},\"inLanguage\":\"es\",\"potentialAction\":[{\"@type\":\"ReadAction\",\"target\":[\"https:\\\/\\\/canal7slp.tv\\\/2025\\\/israel-lanza-ofensiva-en-damasco-para-proteger-a-comunidad-drusa-en-siria\\\/\"]}]},{\"@type\":\"ImageObject\",\"inLanguage\":\"es\",\"@id\":\"https:\\\/\\\/canal7slp.tv\\\/2025\\\/israel-lanza-ofensiva-en-damasco-para-proteger-a-comunidad-drusa-en-siria\\\/#primaryimage\",\"url\":\"https:\\\/\\\/canal7slp.tv\\\/2025\\\/wp-content\\\/uploads\\\/2025\\\/07\\\/03-16.jpg\",\"contentUrl\":\"https:\\\/\\\/canal7slp.tv\\\/2025\\\/wp-content\\\/uploads\\\/2025\\\/07\\\/03-16.jpg\",\"width\":888,\"height\":500},{\"@type\":\"BreadcrumbList\",\"@id\":\"https:\\\/\\\/canal7slp.tv\\\/2025\\\/israel-lanza-ofensiva-en-damasco-para-proteger-a-comunidad-drusa-en-siria\\\/#breadcrumb\",\"itemListElement\":[{\"@type\":\"ListItem\",\"position\":1,\"name\":\"Portada\",\"item\":\"https:\\\/\\\/canal7slp.tv\\\/2025\\\/\"},{\"@type\":\"ListItem\",\"position\":2,\"name\":\"Israel lanza ofensiva en Damasco para proteger a comunidad drusa en Siria\"}]},{\"@type\":\"WebSite\",\"@id\":\"https:\\\/\\\/canal7slp.tv\\\/2025\\\/#website\",\"url\":\"https:\\\/\\\/canal7slp.tv\\\/2025\\\/\",\"name\":\"N7 - Noticieros Canal 7\",\"description\":\"Somos el Medio\",\"publisher\":{\"@id\":\"https:\\\/\\\/canal7slp.tv\\\/2025\\\/#organization\"},\"potentialAction\":[{\"@type\":\"SearchAction\",\"target\":{\"@type\":\"EntryPoint\",\"urlTemplate\":\"https:\\\/\\\/canal7slp.tv\\\/2025\\\/?s={search_term_string}\"},\"query-input\":{\"@type\":\"PropertyValueSpecification\",\"valueRequired\":true,\"valueName\":\"search_term_string\"}}],\"inLanguage\":\"es\"},{\"@type\":\"Organization\",\"@id\":\"https:\\\/\\\/canal7slp.tv\\\/2025\\\/#organization\",\"name\":\"Noticieros Canal 7\",\"url\":\"https:\\\/\\\/canal7slp.tv\\\/2025\\\/\",\"logo\":{\"@type\":\"ImageObject\",\"inLanguage\":\"es\",\"@id\":\"https:\\\/\\\/canal7slp.tv\\\/2025\\\/#\\\/schema\\\/logo\\\/image\\\/\",\"url\":\"https:\\\/\\\/canal7slp.tv\\\/2025\\\/wp-content\\\/uploads\\\/2021\\\/01\\\/logo-noticieros@2x.png\",\"contentUrl\":\"https:\\\/\\\/canal7slp.tv\\\/2025\\\/wp-content\\\/uploads\\\/2021\\\/01\\\/logo-noticieros@2x.png\",\"width\":1017,\"height\":268,\"caption\":\"Noticieros Canal 7\"},\"image\":{\"@id\":\"https:\\\/\\\/canal7slp.tv\\\/2025\\\/#\\\/schema\\\/logo\\\/image\\\/\"},\"sameAs\":[\"https:\\\/\\\/www.facebook.com\\\/noticieroscanal7atencionciudadana\\\/\",\"https:\\\/\\\/x.com\\\/NOTICIEROS7\",\"https:\\\/\\\/www.instagram.com\\\/canal7_slp\",\"https:\\\/\\\/www.youtube.com\\\/channel\\\/UCliiYs-gP3JfJeqdPrNdd5A\"]},{\"@type\":\"Person\",\"@id\":\"https:\\\/\\\/canal7slp.tv\\\/2025\\\/#\\\/schema\\\/person\\\/271e2b60a96e7cc9d9ac296f4d7e414b\",\"name\":\"Edici\u00f3n Web\",\"image\":{\"@type\":\"ImageObject\",\"inLanguage\":\"es\",\"@id\":\"https:\\\/\\\/secure.gravatar.com\\\/avatar\\\/eee448fc3f7164808013b816ba91ac7e43bbe82a70bebac296f8bc6f0addaa1a?s=96&d=mm&r=g\",\"url\":\"https:\\\/\\\/secure.gravatar.com\\\/avatar\\\/eee448fc3f7164808013b816ba91ac7e43bbe82a70bebac296f8bc6f0addaa1a?s=96&d=mm&r=g\",\"contentUrl\":\"https:\\\/\\\/secure.gravatar.com\\\/avatar\\\/eee448fc3f7164808013b816ba91ac7e43bbe82a70bebac296f8bc6f0addaa1a?s=96&d=mm&r=g\",\"caption\":\"Edici\u00f3n Web\"},\"url\":\"https:\\\/\\\/canal7slp.tv\\\/2025\\\/author\\\/edicionweb\\\/\"}]}<\/script>\n<!-- \/ Yoast SEO plugin. -->","yoast_head_json":{"title":"Israel lanza ofensiva en Damasco para proteger a comunidad drusa en Siria - Canal 7 SLP - 2025","robots":{"index":"index","follow":"follow","max-snippet":"max-snippet:-1","max-image-preview":"max-image-preview:large","max-video-preview":"max-video-preview:-1"},"canonical":"https:\/\/canal7slp.tv\/2025\/israel-lanza-ofensiva-en-damasco-para-proteger-a-comunidad-drusa-en-siria\/","og_locale":"es_ES","og_type":"article","og_title":"Israel lanza ofensiva en Damasco para proteger a comunidad drusa en Siria - Canal 7 SLP - 2025","og_description":"Damasco.- El Ej\u00e9rcito de Israel ha lanzado ataques en la zona de Damasco, apuntando espec\u00edficamente a la entrada del cuartel general militar del r\u00e9gimen sirio, como parte de una ofensiva dirigida por la c\u00fapula pol\u00edtica israel\u00ed para monitorear y contener las acciones militares del r\u00e9gimen contra la poblaci\u00f3n drusa en el sur de Siria. La operaci\u00f3n se produce tras declaraciones del ministro de Defensa israel\u00ed, Israel Katz, quien advirti\u00f3 que los bombardeos continuar\u00edan si las fuerzas sirias no se retiraban de la regi\u00f3n de Al Sueida, basti\u00f3n de la comunidad drusa, que ha sido escenario de enfrentamientos recientes. Israel ya [&hellip;]","og_url":"https:\/\/canal7slp.tv\/2025\/israel-lanza-ofensiva-en-damasco-para-proteger-a-comunidad-drusa-en-siria\/","og_site_name":"Canal 7 SLP - 2025","article_publisher":"https:\/\/www.facebook.com\/noticieroscanal7atencionciudadana\/","article_published_time":"2025-07-16T20:07:38+00:00","og_image":[{"width":888,"height":500,"url":"https:\/\/canal7slp.tv\/2025\/wp-content\/uploads\/2025\/07\/03-16.jpg","type":"image\/jpeg"}],"author":"Edici\u00f3n Web","twitter_card":"summary_large_image","twitter_creator":"@NOTICIEROS7","twitter_site":"@NOTICIEROS7","twitter_misc":{"Escrito por":"Edici\u00f3n Web","Tiempo de lectura":"2 minutos"},"schema":{"@context":"https:\/\/schema.org","@graph":[{"@type":"Article","@id":"https:\/\/canal7slp.tv\/2025\/israel-lanza-ofensiva-en-damasco-para-proteger-a-comunidad-drusa-en-siria\/#article","isPartOf":{"@id":"https:\/\/canal7slp.tv\/2025\/israel-lanza-ofensiva-en-damasco-para-proteger-a-comunidad-drusa-en-siria\/"},"author":{"name":"Edici\u00f3n Web","@id":"https:\/\/canal7slp.tv\/2025\/#\/schema\/person\/271e2b60a96e7cc9d9ac296f4d7e414b"},"headline":"Israel lanza ofensiva en Damasco para proteger a comunidad drusa en Siria","datePublished":"2025-07-16T20:07:38+00:00","mainEntityOfPage":{"@id":"https:\/\/canal7slp.tv\/2025\/israel-lanza-ofensiva-en-damasco-para-proteger-a-comunidad-drusa-en-siria\/"},"wordCount":347,"publisher":{"@id":"https:\/\/canal7slp.tv\/2025\/#organization"},"image":{"@id":"https:\/\/canal7slp.tv\/2025\/israel-lanza-ofensiva-en-damasco-para-proteger-a-comunidad-drusa-en-siria\/#primaryimage"},"thumbnailUrl":"https:\/\/canal7slp.tv\/2025\/wp-content\/uploads\/2025\/07\/03-16.jpg","articleSection":["INTERNACIONALES"],"inLanguage":"es"},{"@type":"WebPage","@id":"https:\/\/canal7slp.tv\/2025\/israel-lanza-ofensiva-en-damasco-para-proteger-a-comunidad-drusa-en-siria\/","url":"https:\/\/canal7slp.tv\/2025\/israel-lanza-ofensiva-en-damasco-para-proteger-a-comunidad-drusa-en-siria\/","name":"Israel lanza ofensiva en Damasco para proteger a comunidad drusa en Siria - Canal 7 SLP - 2025","isPartOf":{"@id":"https:\/\/canal7slp.tv\/2025\/#website"},"primaryImageOfPage":{"@id":"https:\/\/canal7slp.tv\/2025\/israel-lanza-ofensiva-en-damasco-para-proteger-a-comunidad-drusa-en-siria\/#primaryimage"},"image":{"@id":"https:\/\/canal7slp.tv\/2025\/israel-lanza-ofensiva-en-damasco-para-proteger-a-comunidad-drusa-en-siria\/#primaryimage"},"thumbnailUrl":"https:\/\/canal7slp.tv\/2025\/wp-content\/uploads\/2025\/07\/03-16.jpg","datePublished":"2025-07-16T20:07:38+00:00","breadcrumb":{"@id":"https:\/\/canal7slp.tv\/2025\/israel-lanza-ofensiva-en-damasco-para-proteger-a-comunidad-drusa-en-siria\/#breadcrumb"},"inLanguage":"es","potentialAction":[{"@type":"ReadAction","target":["https:\/\/canal7slp.tv\/2025\/israel-lanza-ofensiva-en-damasco-para-proteger-a-comunidad-drusa-en-siria\/"]}]},{"@type":"ImageObject","inLanguage":"es","@id":"https:\/\/canal7slp.tv\/2025\/israel-lanza-ofensiva-en-damasco-para-proteger-a-comunidad-drusa-en-siria\/#primaryimage","url":"https:\/\/canal7slp.tv\/2025\/wp-content\/uploads\/2025\/07\/03-16.jpg","contentUrl":"https:\/\/canal7slp.tv\/2025\/wp-content\/uploads\/2025\/07\/03-16.jpg","width":888,"height":500},{"@type":"BreadcrumbList","@id":"https:\/\/canal7slp.tv\/2025\/israel-lanza-ofensiva-en-damasco-para-proteger-a-comunidad-drusa-en-siria\/#breadcrumb","itemListElement":[{"@type":"ListItem","position":1,"name":"Portada","item":"https:\/\/canal7slp.tv\/2025\/"},{"@type":"ListItem","position":2,"name":"Israel lanza ofensiva en Damasco para proteger a comunidad drusa en Siria"}]},{"@type":"WebSite","@id":"https:\/\/canal7slp.tv\/2025\/#website","url":"https:\/\/canal7slp.tv\/2025\/","name":"N7 - Noticieros Canal 7","description":"Somos el Medio","publisher":{"@id":"https:\/\/canal7slp.tv\/2025\/#organization"},"potentialAction":[{"@type":"SearchAction","target":{"@type":"EntryPoint","urlTemplate":"https:\/\/canal7slp.tv\/2025\/?s={search_term_string}"},"query-input":{"@type":"PropertyValueSpecification","valueRequired":true,"valueName":"search_term_string"}}],"inLanguage":"es"},{"@type":"Organization","@id":"https:\/\/canal7slp.tv\/2025\/#organization","name":"Noticieros Canal 7","url":"https:\/\/canal7slp.tv\/2025\/","logo":{"@type":"ImageObject","inLanguage":"es","@id":"https:\/\/canal7slp.tv\/2025\/#\/schema\/logo\/image\/","url":"https:\/\/canal7slp.tv\/2025\/wp-content\/uploads\/2021\/01\/logo-noticieros@2x.png","contentUrl":"https:\/\/canal7slp.tv\/2025\/wp-content\/uploads\/2021\/01\/logo-noticieros@2x.png","width":1017,"height":268,"caption":"Noticieros Canal 7"},"image":{"@id":"https:\/\/canal7slp.tv\/2025\/#\/schema\/logo\/image\/"},"sameAs":["https:\/\/www.facebook.com\/noticieroscanal7atencionciudadana\/","https:\/\/x.com\/NOTICIEROS7","https:\/\/www.instagram.com\/canal7_slp","https:\/\/www.youtube.com\/channel\/UCliiYs-gP3JfJeqdPrNdd5A"]},{"@type":"Person","@id":"https:\/\/canal7slp.tv\/2025\/#\/schema\/person\/271e2b60a96e7cc9d9ac296f4d7e414b","name":"Edici\u00f3n Web","image":{"@type":"ImageObject","inLanguage":"es","@id":"https:\/\/secure.gravatar.com\/avatar\/eee448fc3f7164808013b816ba91ac7e43bbe82a70bebac296f8bc6f0addaa1a?s=96&d=mm&r=g","url":"https:\/\/secure.gravatar.com\/avatar\/eee448fc3f7164808013b816ba91ac7e43bbe82a70bebac296f8bc6f0addaa1a?s=96&d=mm&r=g","contentUrl":"https:\/\/secure.gravatar.com\/avatar\/eee448fc3f7164808013b816ba91ac7e43bbe82a70bebac296f8bc6f0addaa1a?s=96&d=mm&r=g","caption":"Edici\u00f3n Web"},"url":"https:\/\/canal7slp.tv\/2025\/author\/edicionweb\/"}]}},"_links":{"self":[{"href":"https:\/\/canal7slp.tv\/2025\/wp-json\/wp\/v2\/posts\/173598","targetHints":{"allow":["GET"]}}],"collection":[{"href":"https:\/\/canal7slp.tv\/2025\/wp-json\/wp\/v2\/posts"}],"about":[{"href":"https:\/\/canal7slp.tv\/2025\/wp-json\/wp\/v2\/types\/post"}],"author":[{"embeddable":true,"href":"https:\/\/canal7slp.tv\/2025\/wp-json\/wp\/v2\/users\/2"}],"replies":[{"embeddable":true,"href":"https:\/\/canal7slp.tv\/2025\/wp-json\/wp\/v2\/comments?post=173598"}],"version-history":[{"count":1,"href":"https:\/\/canal7slp.tv\/2025\/wp-json\/wp\/v2\/posts\/173598\/revisions"}],"predecessor-version":[{"id":173600,"href":"https:\/\/canal7slp.tv\/2025\/wp-json\/wp\/v2\/posts\/173598\/revisions\/173600"}],"wp:featuredmedia":[{"embeddable":true,"href":"https:\/\/canal7slp.tv\/2025\/wp-json\/wp\/v2\/media\/173599"}],"wp:attachment":[{"href":"https:\/\/canal7slp.tv\/2025\/wp-json\/wp\/v2\/media?parent=173598"}],"wp:term":[{"taxonomy":"category","embeddable":true,"href":"https:\/\/canal7slp.tv\/2025\/wp-json\/wp\/v2\/categories?post=173598"},{"taxonomy":"post_tag","embeddable":true,"href":"https:\/\/canal7slp.tv\/2025\/wp-json\/wp\/v2\/tags?post=173598"}],"curies":[{"name":"wp","href":"https:\/\/api.w.org\/{rel}","templated":true}]}}