{"id":173593,"date":"2025-07-16T13:38:33","date_gmt":"2025-07-16T19:38:33","guid":{"rendered":"https:\/\/canal7slp.tv\/2025\/?p=173593"},"modified":"2025-07-16T13:38:33","modified_gmt":"2025-07-16T19:38:33","slug":"ovidio-guzman-desaparece-del-registro-de-prisiones-en-eua","status":"publish","type":"post","link":"https:\/\/canal7slp.tv\/2025\/ovidio-guzman-desaparece-del-registro-de-prisiones-en-eua\/","title":{"rendered":"Ovidio Guzm\u00e1n desaparece del registro de prisiones en EUA"},"content":{"rendered":"<ul style=\"text-align: justify;\">\n<li>Es trasladado a un lugar desconocido bajo custodia secreta.<\/li>\n<\/ul>\n<p style=\"text-align: justify;\">EUA.- Ovidio Guzm\u00e1n L\u00f3pez, hijo de Joaqu\u00edn \u201cEl Chapo\u201d Guzm\u00e1n, ya no figura en el registro del Bur\u00f3 Federal de Prisiones (BOP) desde el 14 de julio de 2025. Aunque su nombre fue removido del sistema y ya no se encuentra en la C\u00e1rcel Metropolitana de Chicago, esto no significa que haya sido liberado, sino que ha sido trasladado a una ubicaci\u00f3n no revelada bajo custodia federal.<\/p>\n<p style=\"text-align: justify;\">El movimiento ocurre pocos d\u00edas despu\u00e9s de que se declarara culpable de cuatro delitos relacionados con narcotr\u00e1fico y crimen organizado, en el marco de un acuerdo de cooperaci\u00f3n con autoridades estadounidenses.<\/p>\n<p style=\"text-align: justify;\">El pasado 11 de julio, Guzm\u00e1n se declar\u00f3 culpable ante una corte federal en Chicago. En respuesta, la jueza Sharon Coleman anunci\u00f3 que la sentencia se fijar\u00e1 en aproximadamente seis meses, y anticip\u00f3 que no ser\u00e1 cadena perpetua, siempre y cuando cumpla con los t\u00e9rminos del acuerdo, que incluyen colaborar como testigo en casos vinculados al C\u00e1rtel de Sinaloa.<\/p>\n<p style=\"text-align: justify;\">Su abogado, Jeffrey Lichtman, confirm\u00f3 que Ovidio Guzm\u00e1n sigue detenido, aunque evit\u00f3 dar detalles sobre su ubicaci\u00f3n por razones de seguridad. Lichtman tambi\u00e9n critic\u00f3 al gobierno mexicano, acus\u00e1ndolo de intervenir pol\u00edticamente en el caso, lo que gener\u00f3 controversia en M\u00e9xico.<\/p>\n","protected":false},"excerpt":{"rendered":"<p>Es trasladado a un lugar desconocido bajo custodia secreta. EUA.- Ovidio Guzm\u00e1n L\u00f3pez, hijo de Joaqu\u00edn \u201cEl Chapo\u201d Guzm\u00e1n, ya no figura en el registro del Bur\u00f3 Federal de Prisiones (BOP) desde el 14 de julio de 2025. Aunque su nombre fue removido del sistema y ya no se encuentra en la C\u00e1rcel Metropolitana de Chicago, esto no significa que haya sido liberado, sino que ha sido trasladado a una ubicaci\u00f3n no revelada bajo custodia federal. El movimiento ocurre pocos d\u00edas despu\u00e9s de que se declarara culpable de cuatro delitos relacionados con narcotr\u00e1fico y crimen organizado, en el marco de [&hellip;]<\/p>\n","protected":false},"author":2,"featured_media":82994,"comment_status":"closed","ping_status":"closed","sticky":false,"template":"","format":"standard","meta":{"_monsterinsights_skip_tracking":false,"_monsterinsights_sitenote_active":false,"_monsterinsights_sitenote_note":"","_monsterinsights_sitenote_category":0,"footnotes":""},"categories":[46],"tags":[],"class_list":["post-173593","post","type-post","status-publish","format-standard","has-post-thumbnail","hentry","category-nacional","post--single"],"yoast_head":"<!-- This site is optimized with the Yoast SEO plugin v27.5 - https:\/\/yoast.com\/product\/yoast-seo-wordpress\/ -->\n<title>Ovidio Guzm\u00e1n desaparece del registro de prisiones en EUA - Canal 7 SLP - 2025<\/title>\n<meta name=\"robots\" content=\"index, follow, max-snippet:-1, max-image-preview:large, max-video-preview:-1\" \/>\n<link rel=\"canonical\" href=\"https:\/\/canal7slp.tv\/2025\/ovidio-guzman-desaparece-del-registro-de-prisiones-en-eua\/\" \/>\n<meta property=\"og:locale\" content=\"es_ES\" \/>\n<meta property=\"og:type\" content=\"article\" \/>\n<meta property=\"og:title\" content=\"Ovidio Guzm\u00e1n desaparece del registro de prisiones en EUA - Canal 7 SLP - 2025\" \/>\n<meta property=\"og:description\" content=\"Es trasladado a un lugar desconocido bajo custodia secreta. EUA.- Ovidio Guzm\u00e1n L\u00f3pez, hijo de Joaqu\u00edn \u201cEl Chapo\u201d Guzm\u00e1n, ya no figura en el registro del Bur\u00f3 Federal de Prisiones (BOP) desde el 14 de julio de 2025. Aunque su nombre fue removido del sistema y ya no se encuentra en la C\u00e1rcel Metropolitana de Chicago, esto no significa que haya sido liberado, sino que ha sido trasladado a una ubicaci\u00f3n no revelada bajo custodia federal. El movimiento ocurre pocos d\u00edas despu\u00e9s de que se declarara culpable de cuatro delitos relacionados con narcotr\u00e1fico y crimen organizado, en el marco de [&hellip;]\" \/>\n<meta property=\"og:url\" content=\"https:\/\/canal7slp.tv\/2025\/ovidio-guzman-desaparece-del-registro-de-prisiones-en-eua\/\" \/>\n<meta property=\"og:site_name\" content=\"Canal 7 SLP - 2025\" \/>\n<meta property=\"article:publisher\" content=\"https:\/\/www.facebook.com\/noticieroscanal7atencionciudadana\/\" \/>\n<meta property=\"article:published_time\" content=\"2025-07-16T19:38:33+00:00\" \/>\n<meta property=\"og:image\" content=\"https:\/\/canal7slp.tv\/2025\/wp-content\/uploads\/2023\/01\/ovidio.jpg\" \/>\n\t<meta property=\"og:image:width\" content=\"613\" \/>\n\t<meta property=\"og:image:height\" content=\"391\" \/>\n\t<meta property=\"og:image:type\" content=\"image\/jpeg\" \/>\n<meta name=\"author\" content=\"Edici\u00f3n Web\" \/>\n<meta name=\"twitter:card\" content=\"summary_large_image\" \/>\n<meta name=\"twitter:creator\" content=\"@NOTICIEROS7\" \/>\n<meta name=\"twitter:site\" content=\"@NOTICIEROS7\" \/>\n<meta name=\"twitter:label1\" content=\"Escrito por\" \/>\n\t<meta name=\"twitter:data1\" content=\"Edici\u00f3n Web\" \/>\n\t<meta name=\"twitter:label2\" content=\"Tiempo de lectura\" \/>\n\t<meta name=\"twitter:data2\" content=\"2 minutos\" \/>\n<script type=\"application\/ld+json\" class=\"yoast-schema-graph\">{\"@context\":\"https:\\\/\\\/schema.org\",\"@graph\":[{\"@type\":\"Article\",\"@id\":\"https:\\\/\\\/canal7slp.tv\\\/2025\\\/ovidio-guzman-desaparece-del-registro-de-prisiones-en-eua\\\/#article\",\"isPartOf\":{\"@id\":\"https:\\\/\\\/canal7slp.tv\\\/2025\\\/ovidio-guzman-desaparece-del-registro-de-prisiones-en-eua\\\/\"},\"author\":{\"name\":\"Edici\u00f3n Web\",\"@id\":\"https:\\\/\\\/canal7slp.tv\\\/2025\\\/#\\\/schema\\\/person\\\/271e2b60a96e7cc9d9ac296f4d7e414b\"},\"headline\":\"Ovidio Guzm\u00e1n desaparece del registro de prisiones en EUA\",\"datePublished\":\"2025-07-16T19:38:33+00:00\",\"mainEntityOfPage\":{\"@id\":\"https:\\\/\\\/canal7slp.tv\\\/2025\\\/ovidio-guzman-desaparece-del-registro-de-prisiones-en-eua\\\/\"},\"wordCount\":233,\"publisher\":{\"@id\":\"https:\\\/\\\/canal7slp.tv\\\/2025\\\/#organization\"},\"image\":{\"@id\":\"https:\\\/\\\/canal7slp.tv\\\/2025\\\/ovidio-guzman-desaparece-del-registro-de-prisiones-en-eua\\\/#primaryimage\"},\"thumbnailUrl\":\"https:\\\/\\\/canal7slp.tv\\\/2025\\\/wp-content\\\/uploads\\\/2023\\\/01\\\/ovidio.jpg\",\"articleSection\":[\"NACIONALES\"],\"inLanguage\":\"es\"},{\"@type\":\"WebPage\",\"@id\":\"https:\\\/\\\/canal7slp.tv\\\/2025\\\/ovidio-guzman-desaparece-del-registro-de-prisiones-en-eua\\\/\",\"url\":\"https:\\\/\\\/canal7slp.tv\\\/2025\\\/ovidio-guzman-desaparece-del-registro-de-prisiones-en-eua\\\/\",\"name\":\"Ovidio Guzm\u00e1n desaparece del registro de prisiones en EUA - Canal 7 SLP - 2025\",\"isPartOf\":{\"@id\":\"https:\\\/\\\/canal7slp.tv\\\/2025\\\/#website\"},\"primaryImageOfPage\":{\"@id\":\"https:\\\/\\\/canal7slp.tv\\\/2025\\\/ovidio-guzman-desaparece-del-registro-de-prisiones-en-eua\\\/#primaryimage\"},\"image\":{\"@id\":\"https:\\\/\\\/canal7slp.tv\\\/2025\\\/ovidio-guzman-desaparece-del-registro-de-prisiones-en-eua\\\/#primaryimage\"},\"thumbnailUrl\":\"https:\\\/\\\/canal7slp.tv\\\/2025\\\/wp-content\\\/uploads\\\/2023\\\/01\\\/ovidio.jpg\",\"datePublished\":\"2025-07-16T19:38:33+00:00\",\"breadcrumb\":{\"@id\":\"https:\\\/\\\/canal7slp.tv\\\/2025\\\/ovidio-guzman-desaparece-del-registro-de-prisiones-en-eua\\\/#breadcrumb\"},\"inLanguage\":\"es\",\"potentialAction\":[{\"@type\":\"ReadAction\",\"target\":[\"https:\\\/\\\/canal7slp.tv\\\/2025\\\/ovidio-guzman-desaparece-del-registro-de-prisiones-en-eua\\\/\"]}]},{\"@type\":\"ImageObject\",\"inLanguage\":\"es\",\"@id\":\"https:\\\/\\\/canal7slp.tv\\\/2025\\\/ovidio-guzman-desaparece-del-registro-de-prisiones-en-eua\\\/#primaryimage\",\"url\":\"https:\\\/\\\/canal7slp.tv\\\/2025\\\/wp-content\\\/uploads\\\/2023\\\/01\\\/ovidio.jpg\",\"contentUrl\":\"https:\\\/\\\/canal7slp.tv\\\/2025\\\/wp-content\\\/uploads\\\/2023\\\/01\\\/ovidio.jpg\",\"width\":613,\"height\":391},{\"@type\":\"BreadcrumbList\",\"@id\":\"https:\\\/\\\/canal7slp.tv\\\/2025\\\/ovidio-guzman-desaparece-del-registro-de-prisiones-en-eua\\\/#breadcrumb\",\"itemListElement\":[{\"@type\":\"ListItem\",\"position\":1,\"name\":\"Portada\",\"item\":\"https:\\\/\\\/canal7slp.tv\\\/2025\\\/\"},{\"@type\":\"ListItem\",\"position\":2,\"name\":\"Ovidio Guzm\u00e1n desaparece del registro de prisiones en EUA\"}]},{\"@type\":\"WebSite\",\"@id\":\"https:\\\/\\\/canal7slp.tv\\\/2025\\\/#website\",\"url\":\"https:\\\/\\\/canal7slp.tv\\\/2025\\\/\",\"name\":\"N7 - Noticieros Canal 7\",\"description\":\"Somos el Medio\",\"publisher\":{\"@id\":\"https:\\\/\\\/canal7slp.tv\\\/2025\\\/#organization\"},\"potentialAction\":[{\"@type\":\"SearchAction\",\"target\":{\"@type\":\"EntryPoint\",\"urlTemplate\":\"https:\\\/\\\/canal7slp.tv\\\/2025\\\/?s={search_term_string}\"},\"query-input\":{\"@type\":\"PropertyValueSpecification\",\"valueRequired\":true,\"valueName\":\"search_term_string\"}}],\"inLanguage\":\"es\"},{\"@type\":\"Organization\",\"@id\":\"https:\\\/\\\/canal7slp.tv\\\/2025\\\/#organization\",\"name\":\"Noticieros Canal 7\",\"url\":\"https:\\\/\\\/canal7slp.tv\\\/2025\\\/\",\"logo\":{\"@type\":\"ImageObject\",\"inLanguage\":\"es\",\"@id\":\"https:\\\/\\\/canal7slp.tv\\\/2025\\\/#\\\/schema\\\/logo\\\/image\\\/\",\"url\":\"https:\\\/\\\/canal7slp.tv\\\/2025\\\/wp-content\\\/uploads\\\/2021\\\/01\\\/logo-noticieros@2x.png\",\"contentUrl\":\"https:\\\/\\\/canal7slp.tv\\\/2025\\\/wp-content\\\/uploads\\\/2021\\\/01\\\/logo-noticieros@2x.png\",\"width\":1017,\"height\":268,\"caption\":\"Noticieros Canal 7\"},\"image\":{\"@id\":\"https:\\\/\\\/canal7slp.tv\\\/2025\\\/#\\\/schema\\\/logo\\\/image\\\/\"},\"sameAs\":[\"https:\\\/\\\/www.facebook.com\\\/noticieroscanal7atencionciudadana\\\/\",\"https:\\\/\\\/x.com\\\/NOTICIEROS7\",\"https:\\\/\\\/www.instagram.com\\\/canal7_slp\",\"https:\\\/\\\/www.youtube.com\\\/channel\\\/UCliiYs-gP3JfJeqdPrNdd5A\"]},{\"@type\":\"Person\",\"@id\":\"https:\\\/\\\/canal7slp.tv\\\/2025\\\/#\\\/schema\\\/person\\\/271e2b60a96e7cc9d9ac296f4d7e414b\",\"name\":\"Edici\u00f3n Web\",\"image\":{\"@type\":\"ImageObject\",\"inLanguage\":\"es\",\"@id\":\"https:\\\/\\\/secure.gravatar.com\\\/avatar\\\/eee448fc3f7164808013b816ba91ac7e43bbe82a70bebac296f8bc6f0addaa1a?s=96&d=mm&r=g\",\"url\":\"https:\\\/\\\/secure.gravatar.com\\\/avatar\\\/eee448fc3f7164808013b816ba91ac7e43bbe82a70bebac296f8bc6f0addaa1a?s=96&d=mm&r=g\",\"contentUrl\":\"https:\\\/\\\/secure.gravatar.com\\\/avatar\\\/eee448fc3f7164808013b816ba91ac7e43bbe82a70bebac296f8bc6f0addaa1a?s=96&d=mm&r=g\",\"caption\":\"Edici\u00f3n Web\"},\"url\":\"https:\\\/\\\/canal7slp.tv\\\/2025\\\/author\\\/edicionweb\\\/\"}]}<\/script>\n<!-- \/ Yoast SEO plugin. -->","yoast_head_json":{"title":"Ovidio Guzm\u00e1n desaparece del registro de prisiones en EUA - Canal 7 SLP - 2025","robots":{"index":"index","follow":"follow","max-snippet":"max-snippet:-1","max-image-preview":"max-image-preview:large","max-video-preview":"max-video-preview:-1"},"canonical":"https:\/\/canal7slp.tv\/2025\/ovidio-guzman-desaparece-del-registro-de-prisiones-en-eua\/","og_locale":"es_ES","og_type":"article","og_title":"Ovidio Guzm\u00e1n desaparece del registro de prisiones en EUA - Canal 7 SLP - 2025","og_description":"Es trasladado a un lugar desconocido bajo custodia secreta. EUA.- Ovidio Guzm\u00e1n L\u00f3pez, hijo de Joaqu\u00edn \u201cEl Chapo\u201d Guzm\u00e1n, ya no figura en el registro del Bur\u00f3 Federal de Prisiones (BOP) desde el 14 de julio de 2025. Aunque su nombre fue removido del sistema y ya no se encuentra en la C\u00e1rcel Metropolitana de Chicago, esto no significa que haya sido liberado, sino que ha sido trasladado a una ubicaci\u00f3n no revelada bajo custodia federal. El movimiento ocurre pocos d\u00edas despu\u00e9s de que se declarara culpable de cuatro delitos relacionados con narcotr\u00e1fico y crimen organizado, en el marco de [&hellip;]","og_url":"https:\/\/canal7slp.tv\/2025\/ovidio-guzman-desaparece-del-registro-de-prisiones-en-eua\/","og_site_name":"Canal 7 SLP - 2025","article_publisher":"https:\/\/www.facebook.com\/noticieroscanal7atencionciudadana\/","article_published_time":"2025-07-16T19:38:33+00:00","og_image":[{"width":613,"height":391,"url":"https:\/\/canal7slp.tv\/2025\/wp-content\/uploads\/2023\/01\/ovidio.jpg","type":"image\/jpeg"}],"author":"Edici\u00f3n Web","twitter_card":"summary_large_image","twitter_creator":"@NOTICIEROS7","twitter_site":"@NOTICIEROS7","twitter_misc":{"Escrito por":"Edici\u00f3n Web","Tiempo de lectura":"2 minutos"},"schema":{"@context":"https:\/\/schema.org","@graph":[{"@type":"Article","@id":"https:\/\/canal7slp.tv\/2025\/ovidio-guzman-desaparece-del-registro-de-prisiones-en-eua\/#article","isPartOf":{"@id":"https:\/\/canal7slp.tv\/2025\/ovidio-guzman-desaparece-del-registro-de-prisiones-en-eua\/"},"author":{"name":"Edici\u00f3n Web","@id":"https:\/\/canal7slp.tv\/2025\/#\/schema\/person\/271e2b60a96e7cc9d9ac296f4d7e414b"},"headline":"Ovidio Guzm\u00e1n desaparece del registro de prisiones en EUA","datePublished":"2025-07-16T19:38:33+00:00","mainEntityOfPage":{"@id":"https:\/\/canal7slp.tv\/2025\/ovidio-guzman-desaparece-del-registro-de-prisiones-en-eua\/"},"wordCount":233,"publisher":{"@id":"https:\/\/canal7slp.tv\/2025\/#organization"},"image":{"@id":"https:\/\/canal7slp.tv\/2025\/ovidio-guzman-desaparece-del-registro-de-prisiones-en-eua\/#primaryimage"},"thumbnailUrl":"https:\/\/canal7slp.tv\/2025\/wp-content\/uploads\/2023\/01\/ovidio.jpg","articleSection":["NACIONALES"],"inLanguage":"es"},{"@type":"WebPage","@id":"https:\/\/canal7slp.tv\/2025\/ovidio-guzman-desaparece-del-registro-de-prisiones-en-eua\/","url":"https:\/\/canal7slp.tv\/2025\/ovidio-guzman-desaparece-del-registro-de-prisiones-en-eua\/","name":"Ovidio Guzm\u00e1n desaparece del registro de prisiones en EUA - Canal 7 SLP - 2025","isPartOf":{"@id":"https:\/\/canal7slp.tv\/2025\/#website"},"primaryImageOfPage":{"@id":"https:\/\/canal7slp.tv\/2025\/ovidio-guzman-desaparece-del-registro-de-prisiones-en-eua\/#primaryimage"},"image":{"@id":"https:\/\/canal7slp.tv\/2025\/ovidio-guzman-desaparece-del-registro-de-prisiones-en-eua\/#primaryimage"},"thumbnailUrl":"https:\/\/canal7slp.tv\/2025\/wp-content\/uploads\/2023\/01\/ovidio.jpg","datePublished":"2025-07-16T19:38:33+00:00","breadcrumb":{"@id":"https:\/\/canal7slp.tv\/2025\/ovidio-guzman-desaparece-del-registro-de-prisiones-en-eua\/#breadcrumb"},"inLanguage":"es","potentialAction":[{"@type":"ReadAction","target":["https:\/\/canal7slp.tv\/2025\/ovidio-guzman-desaparece-del-registro-de-prisiones-en-eua\/"]}]},{"@type":"ImageObject","inLanguage":"es","@id":"https:\/\/canal7slp.tv\/2025\/ovidio-guzman-desaparece-del-registro-de-prisiones-en-eua\/#primaryimage","url":"https:\/\/canal7slp.tv\/2025\/wp-content\/uploads\/2023\/01\/ovidio.jpg","contentUrl":"https:\/\/canal7slp.tv\/2025\/wp-content\/uploads\/2023\/01\/ovidio.jpg","width":613,"height":391},{"@type":"BreadcrumbList","@id":"https:\/\/canal7slp.tv\/2025\/ovidio-guzman-desaparece-del-registro-de-prisiones-en-eua\/#breadcrumb","itemListElement":[{"@type":"ListItem","position":1,"name":"Portada","item":"https:\/\/canal7slp.tv\/2025\/"},{"@type":"ListItem","position":2,"name":"Ovidio Guzm\u00e1n desaparece del registro de prisiones en EUA"}]},{"@type":"WebSite","@id":"https:\/\/canal7slp.tv\/2025\/#website","url":"https:\/\/canal7slp.tv\/2025\/","name":"N7 - Noticieros Canal 7","description":"Somos el Medio","publisher":{"@id":"https:\/\/canal7slp.tv\/2025\/#organization"},"potentialAction":[{"@type":"SearchAction","target":{"@type":"EntryPoint","urlTemplate":"https:\/\/canal7slp.tv\/2025\/?s={search_term_string}"},"query-input":{"@type":"PropertyValueSpecification","valueRequired":true,"valueName":"search_term_string"}}],"inLanguage":"es"},{"@type":"Organization","@id":"https:\/\/canal7slp.tv\/2025\/#organization","name":"Noticieros Canal 7","url":"https:\/\/canal7slp.tv\/2025\/","logo":{"@type":"ImageObject","inLanguage":"es","@id":"https:\/\/canal7slp.tv\/2025\/#\/schema\/logo\/image\/","url":"https:\/\/canal7slp.tv\/2025\/wp-content\/uploads\/2021\/01\/logo-noticieros@2x.png","contentUrl":"https:\/\/canal7slp.tv\/2025\/wp-content\/uploads\/2021\/01\/logo-noticieros@2x.png","width":1017,"height":268,"caption":"Noticieros Canal 7"},"image":{"@id":"https:\/\/canal7slp.tv\/2025\/#\/schema\/logo\/image\/"},"sameAs":["https:\/\/www.facebook.com\/noticieroscanal7atencionciudadana\/","https:\/\/x.com\/NOTICIEROS7","https:\/\/www.instagram.com\/canal7_slp","https:\/\/www.youtube.com\/channel\/UCliiYs-gP3JfJeqdPrNdd5A"]},{"@type":"Person","@id":"https:\/\/canal7slp.tv\/2025\/#\/schema\/person\/271e2b60a96e7cc9d9ac296f4d7e414b","name":"Edici\u00f3n Web","image":{"@type":"ImageObject","inLanguage":"es","@id":"https:\/\/secure.gravatar.com\/avatar\/eee448fc3f7164808013b816ba91ac7e43bbe82a70bebac296f8bc6f0addaa1a?s=96&d=mm&r=g","url":"https:\/\/secure.gravatar.com\/avatar\/eee448fc3f7164808013b816ba91ac7e43bbe82a70bebac296f8bc6f0addaa1a?s=96&d=mm&r=g","contentUrl":"https:\/\/secure.gravatar.com\/avatar\/eee448fc3f7164808013b816ba91ac7e43bbe82a70bebac296f8bc6f0addaa1a?s=96&d=mm&r=g","caption":"Edici\u00f3n Web"},"url":"https:\/\/canal7slp.tv\/2025\/author\/edicionweb\/"}]}},"_links":{"self":[{"href":"https:\/\/canal7slp.tv\/2025\/wp-json\/wp\/v2\/posts\/173593","targetHints":{"allow":["GET"]}}],"collection":[{"href":"https:\/\/canal7slp.tv\/2025\/wp-json\/wp\/v2\/posts"}],"about":[{"href":"https:\/\/canal7slp.tv\/2025\/wp-json\/wp\/v2\/types\/post"}],"author":[{"embeddable":true,"href":"https:\/\/canal7slp.tv\/2025\/wp-json\/wp\/v2\/users\/2"}],"replies":[{"embeddable":true,"href":"https:\/\/canal7slp.tv\/2025\/wp-json\/wp\/v2\/comments?post=173593"}],"version-history":[{"count":1,"href":"https:\/\/canal7slp.tv\/2025\/wp-json\/wp\/v2\/posts\/173593\/revisions"}],"predecessor-version":[{"id":173594,"href":"https:\/\/canal7slp.tv\/2025\/wp-json\/wp\/v2\/posts\/173593\/revisions\/173594"}],"wp:featuredmedia":[{"embeddable":true,"href":"https:\/\/canal7slp.tv\/2025\/wp-json\/wp\/v2\/media\/82994"}],"wp:attachment":[{"href":"https:\/\/canal7slp.tv\/2025\/wp-json\/wp\/v2\/media?parent=173593"}],"wp:term":[{"taxonomy":"category","embeddable":true,"href":"https:\/\/canal7slp.tv\/2025\/wp-json\/wp\/v2\/categories?post=173593"},{"taxonomy":"post_tag","embeddable":true,"href":"https:\/\/canal7slp.tv\/2025\/wp-json\/wp\/v2\/tags?post=173593"}],"curies":[{"name":"wp","href":"https:\/\/api.w.org\/{rel}","templated":true}]}}