{"id":173426,"date":"2025-07-14T16:51:07","date_gmt":"2025-07-14T22:51:07","guid":{"rendered":"https:\/\/canal7slp.tv\/2025\/?p=173426"},"modified":"2025-07-14T16:51:07","modified_gmt":"2025-07-14T22:51:07","slug":"sct-endilga-asaltos-violentos-a-falta-de-registro-de-plataformas-de-transporte","status":"publish","type":"post","link":"https:\/\/canal7slp.tv\/2025\/sct-endilga-asaltos-violentos-a-falta-de-registro-de-plataformas-de-transporte\/","title":{"rendered":"SCT endilga asaltos violentos a falta de registro de plataformas de transporte"},"content":{"rendered":"<p style=\"text-align: justify;\"><span style=\"font-size: 1.21429rem;\">SLP.- En entrevista con los titulares de la Secretar\u00eda de Comunicaciones y Transportes y la Secretar\u00eda General, Araceli Mart\u00ednez Acosta y Guadalupe Torres S\u00e1nchez respectivamente, se habl\u00f3 sobre la problem\u00e1tica de robos violentos en servicios de transporte.<\/span><\/p>\n<p style=\"text-align: justify;\">Y es que el fin de semana mediante redes sociales una prestadora de servicio transporte mediante plataformas digitales, sumamente alterada narr\u00f3 en transmisi\u00f3n en vivo c\u00f3mo es que le despojaron de su unidad y bienes personales a punta de pistola y cuchillo.<\/p>\n<p style=\"text-align: justify;\">La secretaria de Comunicaciones y Transmisiones, Araceli Mart\u00ednez, afirm\u00f3 que el robo se debi\u00f3 a la falta de registro de la aplicaci\u00f3n en la que labora la ciudadana ante esta dependencia.<\/p>\n<p style=\"text-align: justify;\">\u201cEse es el tema de las redes de transporte, nosotros seguimos desde la Secretar\u00eda de Comunicaciones y Transportes haciendo el llamado a las empresas para que como la ley lo marca puedan hacer su registro justamente ante la Secretar\u00eda y con eso que puedan registrar a todos sus operadores\u201d.<\/p>\n<p style=\"text-align: justify;\">Sin embargo, dijo que desconocen la cantidad de asaltos violentos en el servicio de transporte registrado.<\/p>\n<p style=\"text-align: justify;\">\u201cNo tenemos conocimiento de esa situaci\u00f3n\u201d.<\/p>\n<p style=\"text-align: justify;\">Por su parte el secretario Guadalupe Torres, acept\u00f3 que incluso las unidades del servicio de taxi son utilizadas como medio para realizar robos.<\/p>\n<p style=\"text-align: justify;\">\u201cY otras cosas que tambi\u00e9n se presentan con el tema del transporte concesionado, de manera ocasional hemos detectado que utilizan algunos taxis para poder llevar a cabo actos il\u00edcitos, nosotros a trav\u00e9s de la Fiscal\u00eda y de la Secretar\u00eda de Seguridad hemos reportado de manera puntual a la Secretar\u00eda de Comunicaciones y Transportes para que inicien los procedimientos preventivos, suspendiendo de manera temporal los efectos de la concesi\u00f3n\u201d.<\/p>\n<p style=\"text-align: justify;\">La operadora de plataforma afirm\u00f3 que en la colonia Rivas Guill\u00e9n fue abordada por dos personas, una con arma de fuego y otra con cuchillo, despu\u00e9s de avanzar por la zona metropolitana y de que le despojar\u00e1n de todas su pertenencia, fue abandonada en camino a Cerro de San Pedro y el Circuito Potos\u00ed.<\/p>\n<p>Por: Juan Carlos Contreras<\/p>\n","protected":false},"excerpt":{"rendered":"<p>SLP.- En entrevista con los titulares de la Secretar\u00eda de Comunicaciones y Transportes y la Secretar\u00eda General, Araceli Mart\u00ednez Acosta y Guadalupe Torres S\u00e1nchez respectivamente, se habl\u00f3 sobre la problem\u00e1tica de robos violentos en servicios de transporte. Y es que el fin de semana mediante redes sociales una prestadora de servicio transporte mediante plataformas digitales, sumamente alterada narr\u00f3 en transmisi\u00f3n en vivo c\u00f3mo es que le despojaron de su unidad y bienes personales a punta de pistola y cuchillo. La secretaria de Comunicaciones y Transmisiones, Araceli Mart\u00ednez, afirm\u00f3 que el robo se debi\u00f3 a la falta de registro de la [&hellip;]<\/p>\n","protected":false},"author":2,"featured_media":173428,"comment_status":"closed","ping_status":"closed","sticky":false,"template":"","format":"video","meta":{"_monsterinsights_skip_tracking":false,"_monsterinsights_sitenote_active":false,"_monsterinsights_sitenote_note":"","_monsterinsights_sitenote_category":0,"footnotes":""},"categories":[5,510,45],"tags":[],"class_list":["post-173426","post","type-post","status-publish","format-video","has-post-thumbnail","hentry","category-destacadas","category-gobedoslp","category-localesyregionales","post_format-post-format-video","post--single"],"yoast_head":"<!-- This site is optimized with the Yoast SEO plugin v27.5 - https:\/\/yoast.com\/product\/yoast-seo-wordpress\/ -->\n<title>SCT endilga asaltos violentos a falta de registro de plataformas de transporte - Canal 7 SLP - 2025<\/title>\n<meta name=\"robots\" content=\"index, follow, max-snippet:-1, max-image-preview:large, max-video-preview:-1\" \/>\n<link rel=\"canonical\" href=\"https:\/\/canal7slp.tv\/2025\/sct-endilga-asaltos-violentos-a-falta-de-registro-de-plataformas-de-transporte\/\" \/>\n<meta property=\"og:locale\" content=\"es_ES\" \/>\n<meta property=\"og:type\" content=\"article\" \/>\n<meta property=\"og:title\" content=\"SCT endilga asaltos violentos a falta de registro de plataformas de transporte - Canal 7 SLP - 2025\" \/>\n<meta property=\"og:description\" content=\"SLP.- En entrevista con los titulares de la Secretar\u00eda de Comunicaciones y Transportes y la Secretar\u00eda General, Araceli Mart\u00ednez Acosta y Guadalupe Torres S\u00e1nchez respectivamente, se habl\u00f3 sobre la problem\u00e1tica de robos violentos en servicios de transporte. Y es que el fin de semana mediante redes sociales una prestadora de servicio transporte mediante plataformas digitales, sumamente alterada narr\u00f3 en transmisi\u00f3n en vivo c\u00f3mo es que le despojaron de su unidad y bienes personales a punta de pistola y cuchillo. La secretaria de Comunicaciones y Transmisiones, Araceli Mart\u00ednez, afirm\u00f3 que el robo se debi\u00f3 a la falta de registro de la [&hellip;]\" \/>\n<meta property=\"og:url\" content=\"https:\/\/canal7slp.tv\/2025\/sct-endilga-asaltos-violentos-a-falta-de-registro-de-plataformas-de-transporte\/\" \/>\n<meta property=\"og:site_name\" content=\"Canal 7 SLP - 2025\" \/>\n<meta property=\"article:publisher\" content=\"https:\/\/www.facebook.com\/noticieroscanal7atencionciudadana\/\" \/>\n<meta property=\"article:published_time\" content=\"2025-07-14T22:51:07+00:00\" \/>\n<meta property=\"og:image\" content=\"https:\/\/canal7slp.tv\/2025\/wp-content\/uploads\/2025\/07\/Poky02AsaltoConductora.jpg\" \/>\n\t<meta property=\"og:image:width\" content=\"1280\" \/>\n\t<meta property=\"og:image:height\" content=\"720\" \/>\n\t<meta property=\"og:image:type\" content=\"image\/jpeg\" \/>\n<meta name=\"author\" content=\"Edici\u00f3n Web\" \/>\n<meta name=\"twitter:card\" content=\"summary_large_image\" \/>\n<meta name=\"twitter:creator\" content=\"@NOTICIEROS7\" \/>\n<meta name=\"twitter:site\" content=\"@NOTICIEROS7\" \/>\n<meta name=\"twitter:label1\" content=\"Escrito por\" \/>\n\t<meta name=\"twitter:data1\" content=\"Edici\u00f3n Web\" \/>\n\t<meta name=\"twitter:label2\" content=\"Tiempo de lectura\" \/>\n\t<meta name=\"twitter:data2\" content=\"2 minutos\" \/>\n<script type=\"application\/ld+json\" class=\"yoast-schema-graph\">{\"@context\":\"https:\\\/\\\/schema.org\",\"@graph\":[{\"@type\":\"Article\",\"@id\":\"https:\\\/\\\/canal7slp.tv\\\/2025\\\/sct-endilga-asaltos-violentos-a-falta-de-registro-de-plataformas-de-transporte\\\/#article\",\"isPartOf\":{\"@id\":\"https:\\\/\\\/canal7slp.tv\\\/2025\\\/sct-endilga-asaltos-violentos-a-falta-de-registro-de-plataformas-de-transporte\\\/\"},\"author\":{\"name\":\"Edici\u00f3n Web\",\"@id\":\"https:\\\/\\\/canal7slp.tv\\\/2025\\\/#\\\/schema\\\/person\\\/271e2b60a96e7cc9d9ac296f4d7e414b\"},\"headline\":\"SCT endilga asaltos violentos a falta de registro de plataformas de transporte\",\"datePublished\":\"2025-07-14T22:51:07+00:00\",\"mainEntityOfPage\":{\"@id\":\"https:\\\/\\\/canal7slp.tv\\\/2025\\\/sct-endilga-asaltos-violentos-a-falta-de-registro-de-plataformas-de-transporte\\\/\"},\"wordCount\":365,\"publisher\":{\"@id\":\"https:\\\/\\\/canal7slp.tv\\\/2025\\\/#organization\"},\"image\":{\"@id\":\"https:\\\/\\\/canal7slp.tv\\\/2025\\\/sct-endilga-asaltos-violentos-a-falta-de-registro-de-plataformas-de-transporte\\\/#primaryimage\"},\"thumbnailUrl\":\"https:\\\/\\\/canal7slp.tv\\\/2025\\\/wp-content\\\/uploads\\\/2025\\\/07\\\/Poky02AsaltoConductora.jpg\",\"articleSection\":[\"DESTACADAS\",\"GOBEDOSLP\",\"LOCALES Y REGIONALES\"],\"inLanguage\":\"es\"},{\"@type\":\"WebPage\",\"@id\":\"https:\\\/\\\/canal7slp.tv\\\/2025\\\/sct-endilga-asaltos-violentos-a-falta-de-registro-de-plataformas-de-transporte\\\/\",\"url\":\"https:\\\/\\\/canal7slp.tv\\\/2025\\\/sct-endilga-asaltos-violentos-a-falta-de-registro-de-plataformas-de-transporte\\\/\",\"name\":\"SCT endilga asaltos violentos a falta de registro de plataformas de transporte - Canal 7 SLP - 2025\",\"isPartOf\":{\"@id\":\"https:\\\/\\\/canal7slp.tv\\\/2025\\\/#website\"},\"primaryImageOfPage\":{\"@id\":\"https:\\\/\\\/canal7slp.tv\\\/2025\\\/sct-endilga-asaltos-violentos-a-falta-de-registro-de-plataformas-de-transporte\\\/#primaryimage\"},\"image\":{\"@id\":\"https:\\\/\\\/canal7slp.tv\\\/2025\\\/sct-endilga-asaltos-violentos-a-falta-de-registro-de-plataformas-de-transporte\\\/#primaryimage\"},\"thumbnailUrl\":\"https:\\\/\\\/canal7slp.tv\\\/2025\\\/wp-content\\\/uploads\\\/2025\\\/07\\\/Poky02AsaltoConductora.jpg\",\"datePublished\":\"2025-07-14T22:51:07+00:00\",\"breadcrumb\":{\"@id\":\"https:\\\/\\\/canal7slp.tv\\\/2025\\\/sct-endilga-asaltos-violentos-a-falta-de-registro-de-plataformas-de-transporte\\\/#breadcrumb\"},\"inLanguage\":\"es\",\"potentialAction\":[{\"@type\":\"ReadAction\",\"target\":[\"https:\\\/\\\/canal7slp.tv\\\/2025\\\/sct-endilga-asaltos-violentos-a-falta-de-registro-de-plataformas-de-transporte\\\/\"]}]},{\"@type\":\"ImageObject\",\"inLanguage\":\"es\",\"@id\":\"https:\\\/\\\/canal7slp.tv\\\/2025\\\/sct-endilga-asaltos-violentos-a-falta-de-registro-de-plataformas-de-transporte\\\/#primaryimage\",\"url\":\"https:\\\/\\\/canal7slp.tv\\\/2025\\\/wp-content\\\/uploads\\\/2025\\\/07\\\/Poky02AsaltoConductora.jpg\",\"contentUrl\":\"https:\\\/\\\/canal7slp.tv\\\/2025\\\/wp-content\\\/uploads\\\/2025\\\/07\\\/Poky02AsaltoConductora.jpg\",\"width\":1280,\"height\":720},{\"@type\":\"BreadcrumbList\",\"@id\":\"https:\\\/\\\/canal7slp.tv\\\/2025\\\/sct-endilga-asaltos-violentos-a-falta-de-registro-de-plataformas-de-transporte\\\/#breadcrumb\",\"itemListElement\":[{\"@type\":\"ListItem\",\"position\":1,\"name\":\"Portada\",\"item\":\"https:\\\/\\\/canal7slp.tv\\\/2025\\\/\"},{\"@type\":\"ListItem\",\"position\":2,\"name\":\"SCT endilga asaltos violentos a falta de registro de plataformas de transporte\"}]},{\"@type\":\"WebSite\",\"@id\":\"https:\\\/\\\/canal7slp.tv\\\/2025\\\/#website\",\"url\":\"https:\\\/\\\/canal7slp.tv\\\/2025\\\/\",\"name\":\"N7 - Noticieros Canal 7\",\"description\":\"Somos el Medio\",\"publisher\":{\"@id\":\"https:\\\/\\\/canal7slp.tv\\\/2025\\\/#organization\"},\"potentialAction\":[{\"@type\":\"SearchAction\",\"target\":{\"@type\":\"EntryPoint\",\"urlTemplate\":\"https:\\\/\\\/canal7slp.tv\\\/2025\\\/?s={search_term_string}\"},\"query-input\":{\"@type\":\"PropertyValueSpecification\",\"valueRequired\":true,\"valueName\":\"search_term_string\"}}],\"inLanguage\":\"es\"},{\"@type\":\"Organization\",\"@id\":\"https:\\\/\\\/canal7slp.tv\\\/2025\\\/#organization\",\"name\":\"Noticieros Canal 7\",\"url\":\"https:\\\/\\\/canal7slp.tv\\\/2025\\\/\",\"logo\":{\"@type\":\"ImageObject\",\"inLanguage\":\"es\",\"@id\":\"https:\\\/\\\/canal7slp.tv\\\/2025\\\/#\\\/schema\\\/logo\\\/image\\\/\",\"url\":\"https:\\\/\\\/canal7slp.tv\\\/2025\\\/wp-content\\\/uploads\\\/2021\\\/01\\\/logo-noticieros@2x.png\",\"contentUrl\":\"https:\\\/\\\/canal7slp.tv\\\/2025\\\/wp-content\\\/uploads\\\/2021\\\/01\\\/logo-noticieros@2x.png\",\"width\":1017,\"height\":268,\"caption\":\"Noticieros Canal 7\"},\"image\":{\"@id\":\"https:\\\/\\\/canal7slp.tv\\\/2025\\\/#\\\/schema\\\/logo\\\/image\\\/\"},\"sameAs\":[\"https:\\\/\\\/www.facebook.com\\\/noticieroscanal7atencionciudadana\\\/\",\"https:\\\/\\\/x.com\\\/NOTICIEROS7\",\"https:\\\/\\\/www.instagram.com\\\/canal7_slp\",\"https:\\\/\\\/www.youtube.com\\\/channel\\\/UCliiYs-gP3JfJeqdPrNdd5A\"]},{\"@type\":\"Person\",\"@id\":\"https:\\\/\\\/canal7slp.tv\\\/2025\\\/#\\\/schema\\\/person\\\/271e2b60a96e7cc9d9ac296f4d7e414b\",\"name\":\"Edici\u00f3n Web\",\"image\":{\"@type\":\"ImageObject\",\"inLanguage\":\"es\",\"@id\":\"https:\\\/\\\/secure.gravatar.com\\\/avatar\\\/eee448fc3f7164808013b816ba91ac7e43bbe82a70bebac296f8bc6f0addaa1a?s=96&d=mm&r=g\",\"url\":\"https:\\\/\\\/secure.gravatar.com\\\/avatar\\\/eee448fc3f7164808013b816ba91ac7e43bbe82a70bebac296f8bc6f0addaa1a?s=96&d=mm&r=g\",\"contentUrl\":\"https:\\\/\\\/secure.gravatar.com\\\/avatar\\\/eee448fc3f7164808013b816ba91ac7e43bbe82a70bebac296f8bc6f0addaa1a?s=96&d=mm&r=g\",\"caption\":\"Edici\u00f3n Web\"},\"url\":\"https:\\\/\\\/canal7slp.tv\\\/2025\\\/author\\\/edicionweb\\\/\"}]}<\/script>\n<!-- \/ Yoast SEO plugin. -->","yoast_head_json":{"title":"SCT endilga asaltos violentos a falta de registro de plataformas de transporte - Canal 7 SLP - 2025","robots":{"index":"index","follow":"follow","max-snippet":"max-snippet:-1","max-image-preview":"max-image-preview:large","max-video-preview":"max-video-preview:-1"},"canonical":"https:\/\/canal7slp.tv\/2025\/sct-endilga-asaltos-violentos-a-falta-de-registro-de-plataformas-de-transporte\/","og_locale":"es_ES","og_type":"article","og_title":"SCT endilga asaltos violentos a falta de registro de plataformas de transporte - Canal 7 SLP - 2025","og_description":"SLP.- En entrevista con los titulares de la Secretar\u00eda de Comunicaciones y Transportes y la Secretar\u00eda General, Araceli Mart\u00ednez Acosta y Guadalupe Torres S\u00e1nchez respectivamente, se habl\u00f3 sobre la problem\u00e1tica de robos violentos en servicios de transporte. Y es que el fin de semana mediante redes sociales una prestadora de servicio transporte mediante plataformas digitales, sumamente alterada narr\u00f3 en transmisi\u00f3n en vivo c\u00f3mo es que le despojaron de su unidad y bienes personales a punta de pistola y cuchillo. La secretaria de Comunicaciones y Transmisiones, Araceli Mart\u00ednez, afirm\u00f3 que el robo se debi\u00f3 a la falta de registro de la [&hellip;]","og_url":"https:\/\/canal7slp.tv\/2025\/sct-endilga-asaltos-violentos-a-falta-de-registro-de-plataformas-de-transporte\/","og_site_name":"Canal 7 SLP - 2025","article_publisher":"https:\/\/www.facebook.com\/noticieroscanal7atencionciudadana\/","article_published_time":"2025-07-14T22:51:07+00:00","og_image":[{"width":1280,"height":720,"url":"https:\/\/canal7slp.tv\/2025\/wp-content\/uploads\/2025\/07\/Poky02AsaltoConductora.jpg","type":"image\/jpeg"}],"author":"Edici\u00f3n Web","twitter_card":"summary_large_image","twitter_creator":"@NOTICIEROS7","twitter_site":"@NOTICIEROS7","twitter_misc":{"Escrito por":"Edici\u00f3n Web","Tiempo de lectura":"2 minutos"},"schema":{"@context":"https:\/\/schema.org","@graph":[{"@type":"Article","@id":"https:\/\/canal7slp.tv\/2025\/sct-endilga-asaltos-violentos-a-falta-de-registro-de-plataformas-de-transporte\/#article","isPartOf":{"@id":"https:\/\/canal7slp.tv\/2025\/sct-endilga-asaltos-violentos-a-falta-de-registro-de-plataformas-de-transporte\/"},"author":{"name":"Edici\u00f3n Web","@id":"https:\/\/canal7slp.tv\/2025\/#\/schema\/person\/271e2b60a96e7cc9d9ac296f4d7e414b"},"headline":"SCT endilga asaltos violentos a falta de registro de plataformas de transporte","datePublished":"2025-07-14T22:51:07+00:00","mainEntityOfPage":{"@id":"https:\/\/canal7slp.tv\/2025\/sct-endilga-asaltos-violentos-a-falta-de-registro-de-plataformas-de-transporte\/"},"wordCount":365,"publisher":{"@id":"https:\/\/canal7slp.tv\/2025\/#organization"},"image":{"@id":"https:\/\/canal7slp.tv\/2025\/sct-endilga-asaltos-violentos-a-falta-de-registro-de-plataformas-de-transporte\/#primaryimage"},"thumbnailUrl":"https:\/\/canal7slp.tv\/2025\/wp-content\/uploads\/2025\/07\/Poky02AsaltoConductora.jpg","articleSection":["DESTACADAS","GOBEDOSLP","LOCALES Y REGIONALES"],"inLanguage":"es"},{"@type":"WebPage","@id":"https:\/\/canal7slp.tv\/2025\/sct-endilga-asaltos-violentos-a-falta-de-registro-de-plataformas-de-transporte\/","url":"https:\/\/canal7slp.tv\/2025\/sct-endilga-asaltos-violentos-a-falta-de-registro-de-plataformas-de-transporte\/","name":"SCT endilga asaltos violentos a falta de registro de plataformas de transporte - Canal 7 SLP - 2025","isPartOf":{"@id":"https:\/\/canal7slp.tv\/2025\/#website"},"primaryImageOfPage":{"@id":"https:\/\/canal7slp.tv\/2025\/sct-endilga-asaltos-violentos-a-falta-de-registro-de-plataformas-de-transporte\/#primaryimage"},"image":{"@id":"https:\/\/canal7slp.tv\/2025\/sct-endilga-asaltos-violentos-a-falta-de-registro-de-plataformas-de-transporte\/#primaryimage"},"thumbnailUrl":"https:\/\/canal7slp.tv\/2025\/wp-content\/uploads\/2025\/07\/Poky02AsaltoConductora.jpg","datePublished":"2025-07-14T22:51:07+00:00","breadcrumb":{"@id":"https:\/\/canal7slp.tv\/2025\/sct-endilga-asaltos-violentos-a-falta-de-registro-de-plataformas-de-transporte\/#breadcrumb"},"inLanguage":"es","potentialAction":[{"@type":"ReadAction","target":["https:\/\/canal7slp.tv\/2025\/sct-endilga-asaltos-violentos-a-falta-de-registro-de-plataformas-de-transporte\/"]}]},{"@type":"ImageObject","inLanguage":"es","@id":"https:\/\/canal7slp.tv\/2025\/sct-endilga-asaltos-violentos-a-falta-de-registro-de-plataformas-de-transporte\/#primaryimage","url":"https:\/\/canal7slp.tv\/2025\/wp-content\/uploads\/2025\/07\/Poky02AsaltoConductora.jpg","contentUrl":"https:\/\/canal7slp.tv\/2025\/wp-content\/uploads\/2025\/07\/Poky02AsaltoConductora.jpg","width":1280,"height":720},{"@type":"BreadcrumbList","@id":"https:\/\/canal7slp.tv\/2025\/sct-endilga-asaltos-violentos-a-falta-de-registro-de-plataformas-de-transporte\/#breadcrumb","itemListElement":[{"@type":"ListItem","position":1,"name":"Portada","item":"https:\/\/canal7slp.tv\/2025\/"},{"@type":"ListItem","position":2,"name":"SCT endilga asaltos violentos a falta de registro de plataformas de transporte"}]},{"@type":"WebSite","@id":"https:\/\/canal7slp.tv\/2025\/#website","url":"https:\/\/canal7slp.tv\/2025\/","name":"N7 - Noticieros Canal 7","description":"Somos el Medio","publisher":{"@id":"https:\/\/canal7slp.tv\/2025\/#organization"},"potentialAction":[{"@type":"SearchAction","target":{"@type":"EntryPoint","urlTemplate":"https:\/\/canal7slp.tv\/2025\/?s={search_term_string}"},"query-input":{"@type":"PropertyValueSpecification","valueRequired":true,"valueName":"search_term_string"}}],"inLanguage":"es"},{"@type":"Organization","@id":"https:\/\/canal7slp.tv\/2025\/#organization","name":"Noticieros Canal 7","url":"https:\/\/canal7slp.tv\/2025\/","logo":{"@type":"ImageObject","inLanguage":"es","@id":"https:\/\/canal7slp.tv\/2025\/#\/schema\/logo\/image\/","url":"https:\/\/canal7slp.tv\/2025\/wp-content\/uploads\/2021\/01\/logo-noticieros@2x.png","contentUrl":"https:\/\/canal7slp.tv\/2025\/wp-content\/uploads\/2021\/01\/logo-noticieros@2x.png","width":1017,"height":268,"caption":"Noticieros Canal 7"},"image":{"@id":"https:\/\/canal7slp.tv\/2025\/#\/schema\/logo\/image\/"},"sameAs":["https:\/\/www.facebook.com\/noticieroscanal7atencionciudadana\/","https:\/\/x.com\/NOTICIEROS7","https:\/\/www.instagram.com\/canal7_slp","https:\/\/www.youtube.com\/channel\/UCliiYs-gP3JfJeqdPrNdd5A"]},{"@type":"Person","@id":"https:\/\/canal7slp.tv\/2025\/#\/schema\/person\/271e2b60a96e7cc9d9ac296f4d7e414b","name":"Edici\u00f3n Web","image":{"@type":"ImageObject","inLanguage":"es","@id":"https:\/\/secure.gravatar.com\/avatar\/eee448fc3f7164808013b816ba91ac7e43bbe82a70bebac296f8bc6f0addaa1a?s=96&d=mm&r=g","url":"https:\/\/secure.gravatar.com\/avatar\/eee448fc3f7164808013b816ba91ac7e43bbe82a70bebac296f8bc6f0addaa1a?s=96&d=mm&r=g","contentUrl":"https:\/\/secure.gravatar.com\/avatar\/eee448fc3f7164808013b816ba91ac7e43bbe82a70bebac296f8bc6f0addaa1a?s=96&d=mm&r=g","caption":"Edici\u00f3n Web"},"url":"https:\/\/canal7slp.tv\/2025\/author\/edicionweb\/"}]}},"_links":{"self":[{"href":"https:\/\/canal7slp.tv\/2025\/wp-json\/wp\/v2\/posts\/173426","targetHints":{"allow":["GET"]}}],"collection":[{"href":"https:\/\/canal7slp.tv\/2025\/wp-json\/wp\/v2\/posts"}],"about":[{"href":"https:\/\/canal7slp.tv\/2025\/wp-json\/wp\/v2\/types\/post"}],"author":[{"embeddable":true,"href":"https:\/\/canal7slp.tv\/2025\/wp-json\/wp\/v2\/users\/2"}],"replies":[{"embeddable":true,"href":"https:\/\/canal7slp.tv\/2025\/wp-json\/wp\/v2\/comments?post=173426"}],"version-history":[{"count":1,"href":"https:\/\/canal7slp.tv\/2025\/wp-json\/wp\/v2\/posts\/173426\/revisions"}],"predecessor-version":[{"id":173429,"href":"https:\/\/canal7slp.tv\/2025\/wp-json\/wp\/v2\/posts\/173426\/revisions\/173429"}],"wp:featuredmedia":[{"embeddable":true,"href":"https:\/\/canal7slp.tv\/2025\/wp-json\/wp\/v2\/media\/173428"}],"wp:attachment":[{"href":"https:\/\/canal7slp.tv\/2025\/wp-json\/wp\/v2\/media?parent=173426"}],"wp:term":[{"taxonomy":"category","embeddable":true,"href":"https:\/\/canal7slp.tv\/2025\/wp-json\/wp\/v2\/categories?post=173426"},{"taxonomy":"post_tag","embeddable":true,"href":"https:\/\/canal7slp.tv\/2025\/wp-json\/wp\/v2\/tags?post=173426"}],"curies":[{"name":"wp","href":"https:\/\/api.w.org\/{rel}","templated":true}]}}