{"id":173175,"date":"2025-07-10T17:25:25","date_gmt":"2025-07-10T23:25:25","guid":{"rendered":"https:\/\/canal7slp.tv\/2025\/?p=173175"},"modified":"2025-07-10T17:25:25","modified_gmt":"2025-07-10T23:25:25","slug":"slp-realizara-multiples-acciones-a-favor-de-la-ecologia-en-foro-internacional-ciudad-arbol","status":"publish","type":"post","link":"https:\/\/canal7slp.tv\/2025\/slp-realizara-multiples-acciones-a-favor-de-la-ecologia-en-foro-internacional-ciudad-arbol\/","title":{"rendered":"SLP realizar\u00e1 m\u00faltiples acciones a favor de la ecolog\u00eda en Foro Internacional Ciudad \u00c1rbol"},"content":{"rendered":"<p style=\"text-align: justify;\">SLP.- La ciudad de San Luis Potos\u00ed albergar\u00e1 los d\u00edas 11 y 12 de julio el Foro Internacional Ciudad \u00c1rbol, en donde se realizar\u00e1 la Entrega de Reconocimientos Ciudad \u00c1rbol del Mundo y el edil Enrique Galindo Ceballos encabez\u00f3 una rueda de prensa en compa\u00f1\u00eda de los expertos internacionales en temas de salvaguarda de arbolado urbano y ecolog\u00eda.<\/p>\n<p style=\"text-align: justify;\">Durante el encuentro que la ciudad recibir\u00e1 por tercer a\u00f1o consecutivo, se entregar\u00e1 el distintivo concedido por la Organizaci\u00f3n de las Naciones Unidas y la Fundaci\u00f3n Arbor Day a treinta urbes mexicanas.<\/p>\n<p style=\"text-align: justify;\">Tambi\u00e9n se colocar\u00e1 una placa en 100 \u00e1rboles patrimonio que se proteger\u00e1n por el municipio, habr\u00e1 conferencias de especialistas procedentes de m\u00e1s de diez pa\u00edses y la representaci\u00f3n entidades federativas, actividades de reforestaci\u00f3n urbana y otras.<\/p>\n<p style=\"text-align: justify;\">La gerente del programa Ciudad \u00c1rbol del Mundo, Sophie Plitt, extern\u00f3 la necesidad de este tipo de acciones.<\/p>\n<p style=\"text-align: justify;\">\u201cEs un programa global dedicado a fomentar ciudades m\u00e1s saludables y sostenibles a trav\u00e9s de la gesti\u00f3n del bosque urbano, el objetivo es crear consciencia sobre la importancia de los \u00e1rboles urbanos, construir una red global de ciudades comprometidas con los \u00e1rboles, incrementar la inversi\u00f3n en el cuidado y manejo de todos los \u00e1rboles en ciudades en el mundo\u201d.<\/p>\n<p style=\"text-align: justify;\">El edil, Enrique Galindo, asever\u00f3 que la idea de cuidar y fomentar el arbolado urbano es en aras de un mejor ma\u00f1ana, por lo cual adem\u00e1s de ser sede del foro, se protegi\u00f3 a cien \u00e1rboles en la ciudad.<\/p>\n<p style=\"text-align: justify;\">\u201cQue San Luis decidi\u00f3 esto, los \u00e1rboles primero, los \u00e1rboles deben de verse no solo como un tema est\u00e9tico, no solo como un tema de slogan (\u2026) sino como un tema serio, formal, un tema que debe de llevarnos como gobierno a protegernos, a cuidarlo y por eso este programa\u201d.<\/p>\n<p style=\"text-align: justify;\">Por: Juan Carlos Contreras<\/p>\n","protected":false},"excerpt":{"rendered":"<p>SLP.- La ciudad de San Luis Potos\u00ed albergar\u00e1 los d\u00edas 11 y 12 de julio el Foro Internacional Ciudad \u00c1rbol, en donde se realizar\u00e1 la Entrega de Reconocimientos Ciudad \u00c1rbol del Mundo y el edil Enrique Galindo Ceballos encabez\u00f3 una rueda de prensa en compa\u00f1\u00eda de los expertos internacionales en temas de salvaguarda de arbolado urbano y ecolog\u00eda. Durante el encuentro que la ciudad recibir\u00e1 por tercer a\u00f1o consecutivo, se entregar\u00e1 el distintivo concedido por la Organizaci\u00f3n de las Naciones Unidas y la Fundaci\u00f3n Arbor Day a treinta urbes mexicanas. Tambi\u00e9n se colocar\u00e1 una placa en 100 \u00e1rboles patrimonio que [&hellip;]<\/p>\n","protected":false},"author":2,"featured_media":173178,"comment_status":"closed","ping_status":"closed","sticky":false,"template":"","format":"video","meta":{"_monsterinsights_skip_tracking":false,"_monsterinsights_sitenote_active":false,"_monsterinsights_sitenote_note":"","_monsterinsights_sitenote_category":0,"footnotes":""},"categories":[66,5,45],"tags":[],"class_list":["post-173175","post","type-post","status-publish","format-video","has-post-thumbnail","hentry","category-ayoslp","category-destacadas","category-localesyregionales","post_format-post-format-video","post--single"],"yoast_head":"<!-- This site is optimized with the Yoast SEO plugin v27.5 - https:\/\/yoast.com\/product\/yoast-seo-wordpress\/ -->\n<title>SLP realizar\u00e1 m\u00faltiples acciones a favor de la ecolog\u00eda en Foro Internacional Ciudad \u00c1rbol - Canal 7 SLP - 2025<\/title>\n<meta name=\"robots\" content=\"index, follow, max-snippet:-1, max-image-preview:large, max-video-preview:-1\" \/>\n<link rel=\"canonical\" href=\"https:\/\/canal7slp.tv\/2025\/slp-realizara-multiples-acciones-a-favor-de-la-ecologia-en-foro-internacional-ciudad-arbol\/\" \/>\n<meta property=\"og:locale\" content=\"es_ES\" \/>\n<meta property=\"og:type\" content=\"article\" \/>\n<meta property=\"og:title\" content=\"SLP realizar\u00e1 m\u00faltiples acciones a favor de la ecolog\u00eda en Foro Internacional Ciudad \u00c1rbol - Canal 7 SLP - 2025\" \/>\n<meta property=\"og:description\" content=\"SLP.- La ciudad de San Luis Potos\u00ed albergar\u00e1 los d\u00edas 11 y 12 de julio el Foro Internacional Ciudad \u00c1rbol, en donde se realizar\u00e1 la Entrega de Reconocimientos Ciudad \u00c1rbol del Mundo y el edil Enrique Galindo Ceballos encabez\u00f3 una rueda de prensa en compa\u00f1\u00eda de los expertos internacionales en temas de salvaguarda de arbolado urbano y ecolog\u00eda. Durante el encuentro que la ciudad recibir\u00e1 por tercer a\u00f1o consecutivo, se entregar\u00e1 el distintivo concedido por la Organizaci\u00f3n de las Naciones Unidas y la Fundaci\u00f3n Arbor Day a treinta urbes mexicanas. Tambi\u00e9n se colocar\u00e1 una placa en 100 \u00e1rboles patrimonio que [&hellip;]\" \/>\n<meta property=\"og:url\" content=\"https:\/\/canal7slp.tv\/2025\/slp-realizara-multiples-acciones-a-favor-de-la-ecologia-en-foro-internacional-ciudad-arbol\/\" \/>\n<meta property=\"og:site_name\" content=\"Canal 7 SLP - 2025\" \/>\n<meta property=\"article:publisher\" content=\"https:\/\/www.facebook.com\/noticieroscanal7atencionciudadana\/\" \/>\n<meta property=\"article:published_time\" content=\"2025-07-10T23:25:25+00:00\" \/>\n<meta property=\"og:image\" content=\"https:\/\/canal7slp.tv\/2025\/wp-content\/uploads\/2025\/07\/Poky04ForoInternacional.jpg\" \/>\n\t<meta property=\"og:image:width\" content=\"1280\" \/>\n\t<meta property=\"og:image:height\" content=\"720\" \/>\n\t<meta property=\"og:image:type\" content=\"image\/jpeg\" \/>\n<meta name=\"author\" content=\"Edici\u00f3n Web\" \/>\n<meta name=\"twitter:card\" content=\"summary_large_image\" \/>\n<meta name=\"twitter:creator\" content=\"@NOTICIEROS7\" \/>\n<meta name=\"twitter:site\" content=\"@NOTICIEROS7\" \/>\n<meta name=\"twitter:label1\" content=\"Escrito por\" \/>\n\t<meta name=\"twitter:data1\" content=\"Edici\u00f3n Web\" \/>\n\t<meta name=\"twitter:label2\" content=\"Tiempo de lectura\" \/>\n\t<meta name=\"twitter:data2\" content=\"2 minutos\" \/>\n<script type=\"application\/ld+json\" class=\"yoast-schema-graph\">{\"@context\":\"https:\\\/\\\/schema.org\",\"@graph\":[{\"@type\":\"Article\",\"@id\":\"https:\\\/\\\/canal7slp.tv\\\/2025\\\/slp-realizara-multiples-acciones-a-favor-de-la-ecologia-en-foro-internacional-ciudad-arbol\\\/#article\",\"isPartOf\":{\"@id\":\"https:\\\/\\\/canal7slp.tv\\\/2025\\\/slp-realizara-multiples-acciones-a-favor-de-la-ecologia-en-foro-internacional-ciudad-arbol\\\/\"},\"author\":{\"name\":\"Edici\u00f3n Web\",\"@id\":\"https:\\\/\\\/canal7slp.tv\\\/2025\\\/#\\\/schema\\\/person\\\/271e2b60a96e7cc9d9ac296f4d7e414b\"},\"headline\":\"SLP realizar\u00e1 m\u00faltiples acciones a favor de la ecolog\u00eda en Foro Internacional Ciudad \u00c1rbol\",\"datePublished\":\"2025-07-10T23:25:25+00:00\",\"mainEntityOfPage\":{\"@id\":\"https:\\\/\\\/canal7slp.tv\\\/2025\\\/slp-realizara-multiples-acciones-a-favor-de-la-ecologia-en-foro-internacional-ciudad-arbol\\\/\"},\"wordCount\":328,\"publisher\":{\"@id\":\"https:\\\/\\\/canal7slp.tv\\\/2025\\\/#organization\"},\"image\":{\"@id\":\"https:\\\/\\\/canal7slp.tv\\\/2025\\\/slp-realizara-multiples-acciones-a-favor-de-la-ecologia-en-foro-internacional-ciudad-arbol\\\/#primaryimage\"},\"thumbnailUrl\":\"https:\\\/\\\/canal7slp.tv\\\/2025\\\/wp-content\\\/uploads\\\/2025\\\/07\\\/Poky04ForoInternacional.jpg\",\"articleSection\":[\"AYOSLP\",\"DESTACADAS\",\"LOCALES Y REGIONALES\"],\"inLanguage\":\"es\"},{\"@type\":\"WebPage\",\"@id\":\"https:\\\/\\\/canal7slp.tv\\\/2025\\\/slp-realizara-multiples-acciones-a-favor-de-la-ecologia-en-foro-internacional-ciudad-arbol\\\/\",\"url\":\"https:\\\/\\\/canal7slp.tv\\\/2025\\\/slp-realizara-multiples-acciones-a-favor-de-la-ecologia-en-foro-internacional-ciudad-arbol\\\/\",\"name\":\"SLP realizar\u00e1 m\u00faltiples acciones a favor de la ecolog\u00eda en Foro Internacional Ciudad \u00c1rbol - Canal 7 SLP - 2025\",\"isPartOf\":{\"@id\":\"https:\\\/\\\/canal7slp.tv\\\/2025\\\/#website\"},\"primaryImageOfPage\":{\"@id\":\"https:\\\/\\\/canal7slp.tv\\\/2025\\\/slp-realizara-multiples-acciones-a-favor-de-la-ecologia-en-foro-internacional-ciudad-arbol\\\/#primaryimage\"},\"image\":{\"@id\":\"https:\\\/\\\/canal7slp.tv\\\/2025\\\/slp-realizara-multiples-acciones-a-favor-de-la-ecologia-en-foro-internacional-ciudad-arbol\\\/#primaryimage\"},\"thumbnailUrl\":\"https:\\\/\\\/canal7slp.tv\\\/2025\\\/wp-content\\\/uploads\\\/2025\\\/07\\\/Poky04ForoInternacional.jpg\",\"datePublished\":\"2025-07-10T23:25:25+00:00\",\"breadcrumb\":{\"@id\":\"https:\\\/\\\/canal7slp.tv\\\/2025\\\/slp-realizara-multiples-acciones-a-favor-de-la-ecologia-en-foro-internacional-ciudad-arbol\\\/#breadcrumb\"},\"inLanguage\":\"es\",\"potentialAction\":[{\"@type\":\"ReadAction\",\"target\":[\"https:\\\/\\\/canal7slp.tv\\\/2025\\\/slp-realizara-multiples-acciones-a-favor-de-la-ecologia-en-foro-internacional-ciudad-arbol\\\/\"]}]},{\"@type\":\"ImageObject\",\"inLanguage\":\"es\",\"@id\":\"https:\\\/\\\/canal7slp.tv\\\/2025\\\/slp-realizara-multiples-acciones-a-favor-de-la-ecologia-en-foro-internacional-ciudad-arbol\\\/#primaryimage\",\"url\":\"https:\\\/\\\/canal7slp.tv\\\/2025\\\/wp-content\\\/uploads\\\/2025\\\/07\\\/Poky04ForoInternacional.jpg\",\"contentUrl\":\"https:\\\/\\\/canal7slp.tv\\\/2025\\\/wp-content\\\/uploads\\\/2025\\\/07\\\/Poky04ForoInternacional.jpg\",\"width\":1280,\"height\":720},{\"@type\":\"BreadcrumbList\",\"@id\":\"https:\\\/\\\/canal7slp.tv\\\/2025\\\/slp-realizara-multiples-acciones-a-favor-de-la-ecologia-en-foro-internacional-ciudad-arbol\\\/#breadcrumb\",\"itemListElement\":[{\"@type\":\"ListItem\",\"position\":1,\"name\":\"Portada\",\"item\":\"https:\\\/\\\/canal7slp.tv\\\/2025\\\/\"},{\"@type\":\"ListItem\",\"position\":2,\"name\":\"SLP realizar\u00e1 m\u00faltiples acciones a favor de la ecolog\u00eda en Foro Internacional Ciudad \u00c1rbol\"}]},{\"@type\":\"WebSite\",\"@id\":\"https:\\\/\\\/canal7slp.tv\\\/2025\\\/#website\",\"url\":\"https:\\\/\\\/canal7slp.tv\\\/2025\\\/\",\"name\":\"N7 - Noticieros Canal 7\",\"description\":\"Somos el Medio\",\"publisher\":{\"@id\":\"https:\\\/\\\/canal7slp.tv\\\/2025\\\/#organization\"},\"potentialAction\":[{\"@type\":\"SearchAction\",\"target\":{\"@type\":\"EntryPoint\",\"urlTemplate\":\"https:\\\/\\\/canal7slp.tv\\\/2025\\\/?s={search_term_string}\"},\"query-input\":{\"@type\":\"PropertyValueSpecification\",\"valueRequired\":true,\"valueName\":\"search_term_string\"}}],\"inLanguage\":\"es\"},{\"@type\":\"Organization\",\"@id\":\"https:\\\/\\\/canal7slp.tv\\\/2025\\\/#organization\",\"name\":\"Noticieros Canal 7\",\"url\":\"https:\\\/\\\/canal7slp.tv\\\/2025\\\/\",\"logo\":{\"@type\":\"ImageObject\",\"inLanguage\":\"es\",\"@id\":\"https:\\\/\\\/canal7slp.tv\\\/2025\\\/#\\\/schema\\\/logo\\\/image\\\/\",\"url\":\"https:\\\/\\\/canal7slp.tv\\\/2025\\\/wp-content\\\/uploads\\\/2021\\\/01\\\/logo-noticieros@2x.png\",\"contentUrl\":\"https:\\\/\\\/canal7slp.tv\\\/2025\\\/wp-content\\\/uploads\\\/2021\\\/01\\\/logo-noticieros@2x.png\",\"width\":1017,\"height\":268,\"caption\":\"Noticieros Canal 7\"},\"image\":{\"@id\":\"https:\\\/\\\/canal7slp.tv\\\/2025\\\/#\\\/schema\\\/logo\\\/image\\\/\"},\"sameAs\":[\"https:\\\/\\\/www.facebook.com\\\/noticieroscanal7atencionciudadana\\\/\",\"https:\\\/\\\/x.com\\\/NOTICIEROS7\",\"https:\\\/\\\/www.instagram.com\\\/canal7_slp\",\"https:\\\/\\\/www.youtube.com\\\/channel\\\/UCliiYs-gP3JfJeqdPrNdd5A\"]},{\"@type\":\"Person\",\"@id\":\"https:\\\/\\\/canal7slp.tv\\\/2025\\\/#\\\/schema\\\/person\\\/271e2b60a96e7cc9d9ac296f4d7e414b\",\"name\":\"Edici\u00f3n Web\",\"image\":{\"@type\":\"ImageObject\",\"inLanguage\":\"es\",\"@id\":\"https:\\\/\\\/secure.gravatar.com\\\/avatar\\\/eee448fc3f7164808013b816ba91ac7e43bbe82a70bebac296f8bc6f0addaa1a?s=96&d=mm&r=g\",\"url\":\"https:\\\/\\\/secure.gravatar.com\\\/avatar\\\/eee448fc3f7164808013b816ba91ac7e43bbe82a70bebac296f8bc6f0addaa1a?s=96&d=mm&r=g\",\"contentUrl\":\"https:\\\/\\\/secure.gravatar.com\\\/avatar\\\/eee448fc3f7164808013b816ba91ac7e43bbe82a70bebac296f8bc6f0addaa1a?s=96&d=mm&r=g\",\"caption\":\"Edici\u00f3n Web\"},\"url\":\"https:\\\/\\\/canal7slp.tv\\\/2025\\\/author\\\/edicionweb\\\/\"}]}<\/script>\n<!-- \/ Yoast SEO plugin. -->","yoast_head_json":{"title":"SLP realizar\u00e1 m\u00faltiples acciones a favor de la ecolog\u00eda en Foro Internacional Ciudad \u00c1rbol - Canal 7 SLP - 2025","robots":{"index":"index","follow":"follow","max-snippet":"max-snippet:-1","max-image-preview":"max-image-preview:large","max-video-preview":"max-video-preview:-1"},"canonical":"https:\/\/canal7slp.tv\/2025\/slp-realizara-multiples-acciones-a-favor-de-la-ecologia-en-foro-internacional-ciudad-arbol\/","og_locale":"es_ES","og_type":"article","og_title":"SLP realizar\u00e1 m\u00faltiples acciones a favor de la ecolog\u00eda en Foro Internacional Ciudad \u00c1rbol - Canal 7 SLP - 2025","og_description":"SLP.- La ciudad de San Luis Potos\u00ed albergar\u00e1 los d\u00edas 11 y 12 de julio el Foro Internacional Ciudad \u00c1rbol, en donde se realizar\u00e1 la Entrega de Reconocimientos Ciudad \u00c1rbol del Mundo y el edil Enrique Galindo Ceballos encabez\u00f3 una rueda de prensa en compa\u00f1\u00eda de los expertos internacionales en temas de salvaguarda de arbolado urbano y ecolog\u00eda. Durante el encuentro que la ciudad recibir\u00e1 por tercer a\u00f1o consecutivo, se entregar\u00e1 el distintivo concedido por la Organizaci\u00f3n de las Naciones Unidas y la Fundaci\u00f3n Arbor Day a treinta urbes mexicanas. Tambi\u00e9n se colocar\u00e1 una placa en 100 \u00e1rboles patrimonio que [&hellip;]","og_url":"https:\/\/canal7slp.tv\/2025\/slp-realizara-multiples-acciones-a-favor-de-la-ecologia-en-foro-internacional-ciudad-arbol\/","og_site_name":"Canal 7 SLP - 2025","article_publisher":"https:\/\/www.facebook.com\/noticieroscanal7atencionciudadana\/","article_published_time":"2025-07-10T23:25:25+00:00","og_image":[{"width":1280,"height":720,"url":"https:\/\/canal7slp.tv\/2025\/wp-content\/uploads\/2025\/07\/Poky04ForoInternacional.jpg","type":"image\/jpeg"}],"author":"Edici\u00f3n Web","twitter_card":"summary_large_image","twitter_creator":"@NOTICIEROS7","twitter_site":"@NOTICIEROS7","twitter_misc":{"Escrito por":"Edici\u00f3n Web","Tiempo de lectura":"2 minutos"},"schema":{"@context":"https:\/\/schema.org","@graph":[{"@type":"Article","@id":"https:\/\/canal7slp.tv\/2025\/slp-realizara-multiples-acciones-a-favor-de-la-ecologia-en-foro-internacional-ciudad-arbol\/#article","isPartOf":{"@id":"https:\/\/canal7slp.tv\/2025\/slp-realizara-multiples-acciones-a-favor-de-la-ecologia-en-foro-internacional-ciudad-arbol\/"},"author":{"name":"Edici\u00f3n Web","@id":"https:\/\/canal7slp.tv\/2025\/#\/schema\/person\/271e2b60a96e7cc9d9ac296f4d7e414b"},"headline":"SLP realizar\u00e1 m\u00faltiples acciones a favor de la ecolog\u00eda en Foro Internacional Ciudad \u00c1rbol","datePublished":"2025-07-10T23:25:25+00:00","mainEntityOfPage":{"@id":"https:\/\/canal7slp.tv\/2025\/slp-realizara-multiples-acciones-a-favor-de-la-ecologia-en-foro-internacional-ciudad-arbol\/"},"wordCount":328,"publisher":{"@id":"https:\/\/canal7slp.tv\/2025\/#organization"},"image":{"@id":"https:\/\/canal7slp.tv\/2025\/slp-realizara-multiples-acciones-a-favor-de-la-ecologia-en-foro-internacional-ciudad-arbol\/#primaryimage"},"thumbnailUrl":"https:\/\/canal7slp.tv\/2025\/wp-content\/uploads\/2025\/07\/Poky04ForoInternacional.jpg","articleSection":["AYOSLP","DESTACADAS","LOCALES Y REGIONALES"],"inLanguage":"es"},{"@type":"WebPage","@id":"https:\/\/canal7slp.tv\/2025\/slp-realizara-multiples-acciones-a-favor-de-la-ecologia-en-foro-internacional-ciudad-arbol\/","url":"https:\/\/canal7slp.tv\/2025\/slp-realizara-multiples-acciones-a-favor-de-la-ecologia-en-foro-internacional-ciudad-arbol\/","name":"SLP realizar\u00e1 m\u00faltiples acciones a favor de la ecolog\u00eda en Foro Internacional Ciudad \u00c1rbol - Canal 7 SLP - 2025","isPartOf":{"@id":"https:\/\/canal7slp.tv\/2025\/#website"},"primaryImageOfPage":{"@id":"https:\/\/canal7slp.tv\/2025\/slp-realizara-multiples-acciones-a-favor-de-la-ecologia-en-foro-internacional-ciudad-arbol\/#primaryimage"},"image":{"@id":"https:\/\/canal7slp.tv\/2025\/slp-realizara-multiples-acciones-a-favor-de-la-ecologia-en-foro-internacional-ciudad-arbol\/#primaryimage"},"thumbnailUrl":"https:\/\/canal7slp.tv\/2025\/wp-content\/uploads\/2025\/07\/Poky04ForoInternacional.jpg","datePublished":"2025-07-10T23:25:25+00:00","breadcrumb":{"@id":"https:\/\/canal7slp.tv\/2025\/slp-realizara-multiples-acciones-a-favor-de-la-ecologia-en-foro-internacional-ciudad-arbol\/#breadcrumb"},"inLanguage":"es","potentialAction":[{"@type":"ReadAction","target":["https:\/\/canal7slp.tv\/2025\/slp-realizara-multiples-acciones-a-favor-de-la-ecologia-en-foro-internacional-ciudad-arbol\/"]}]},{"@type":"ImageObject","inLanguage":"es","@id":"https:\/\/canal7slp.tv\/2025\/slp-realizara-multiples-acciones-a-favor-de-la-ecologia-en-foro-internacional-ciudad-arbol\/#primaryimage","url":"https:\/\/canal7slp.tv\/2025\/wp-content\/uploads\/2025\/07\/Poky04ForoInternacional.jpg","contentUrl":"https:\/\/canal7slp.tv\/2025\/wp-content\/uploads\/2025\/07\/Poky04ForoInternacional.jpg","width":1280,"height":720},{"@type":"BreadcrumbList","@id":"https:\/\/canal7slp.tv\/2025\/slp-realizara-multiples-acciones-a-favor-de-la-ecologia-en-foro-internacional-ciudad-arbol\/#breadcrumb","itemListElement":[{"@type":"ListItem","position":1,"name":"Portada","item":"https:\/\/canal7slp.tv\/2025\/"},{"@type":"ListItem","position":2,"name":"SLP realizar\u00e1 m\u00faltiples acciones a favor de la ecolog\u00eda en Foro Internacional Ciudad \u00c1rbol"}]},{"@type":"WebSite","@id":"https:\/\/canal7slp.tv\/2025\/#website","url":"https:\/\/canal7slp.tv\/2025\/","name":"N7 - Noticieros Canal 7","description":"Somos el Medio","publisher":{"@id":"https:\/\/canal7slp.tv\/2025\/#organization"},"potentialAction":[{"@type":"SearchAction","target":{"@type":"EntryPoint","urlTemplate":"https:\/\/canal7slp.tv\/2025\/?s={search_term_string}"},"query-input":{"@type":"PropertyValueSpecification","valueRequired":true,"valueName":"search_term_string"}}],"inLanguage":"es"},{"@type":"Organization","@id":"https:\/\/canal7slp.tv\/2025\/#organization","name":"Noticieros Canal 7","url":"https:\/\/canal7slp.tv\/2025\/","logo":{"@type":"ImageObject","inLanguage":"es","@id":"https:\/\/canal7slp.tv\/2025\/#\/schema\/logo\/image\/","url":"https:\/\/canal7slp.tv\/2025\/wp-content\/uploads\/2021\/01\/logo-noticieros@2x.png","contentUrl":"https:\/\/canal7slp.tv\/2025\/wp-content\/uploads\/2021\/01\/logo-noticieros@2x.png","width":1017,"height":268,"caption":"Noticieros Canal 7"},"image":{"@id":"https:\/\/canal7slp.tv\/2025\/#\/schema\/logo\/image\/"},"sameAs":["https:\/\/www.facebook.com\/noticieroscanal7atencionciudadana\/","https:\/\/x.com\/NOTICIEROS7","https:\/\/www.instagram.com\/canal7_slp","https:\/\/www.youtube.com\/channel\/UCliiYs-gP3JfJeqdPrNdd5A"]},{"@type":"Person","@id":"https:\/\/canal7slp.tv\/2025\/#\/schema\/person\/271e2b60a96e7cc9d9ac296f4d7e414b","name":"Edici\u00f3n Web","image":{"@type":"ImageObject","inLanguage":"es","@id":"https:\/\/secure.gravatar.com\/avatar\/eee448fc3f7164808013b816ba91ac7e43bbe82a70bebac296f8bc6f0addaa1a?s=96&d=mm&r=g","url":"https:\/\/secure.gravatar.com\/avatar\/eee448fc3f7164808013b816ba91ac7e43bbe82a70bebac296f8bc6f0addaa1a?s=96&d=mm&r=g","contentUrl":"https:\/\/secure.gravatar.com\/avatar\/eee448fc3f7164808013b816ba91ac7e43bbe82a70bebac296f8bc6f0addaa1a?s=96&d=mm&r=g","caption":"Edici\u00f3n Web"},"url":"https:\/\/canal7slp.tv\/2025\/author\/edicionweb\/"}]}},"_links":{"self":[{"href":"https:\/\/canal7slp.tv\/2025\/wp-json\/wp\/v2\/posts\/173175","targetHints":{"allow":["GET"]}}],"collection":[{"href":"https:\/\/canal7slp.tv\/2025\/wp-json\/wp\/v2\/posts"}],"about":[{"href":"https:\/\/canal7slp.tv\/2025\/wp-json\/wp\/v2\/types\/post"}],"author":[{"embeddable":true,"href":"https:\/\/canal7slp.tv\/2025\/wp-json\/wp\/v2\/users\/2"}],"replies":[{"embeddable":true,"href":"https:\/\/canal7slp.tv\/2025\/wp-json\/wp\/v2\/comments?post=173175"}],"version-history":[{"count":1,"href":"https:\/\/canal7slp.tv\/2025\/wp-json\/wp\/v2\/posts\/173175\/revisions"}],"predecessor-version":[{"id":173176,"href":"https:\/\/canal7slp.tv\/2025\/wp-json\/wp\/v2\/posts\/173175\/revisions\/173176"}],"wp:featuredmedia":[{"embeddable":true,"href":"https:\/\/canal7slp.tv\/2025\/wp-json\/wp\/v2\/media\/173178"}],"wp:attachment":[{"href":"https:\/\/canal7slp.tv\/2025\/wp-json\/wp\/v2\/media?parent=173175"}],"wp:term":[{"taxonomy":"category","embeddable":true,"href":"https:\/\/canal7slp.tv\/2025\/wp-json\/wp\/v2\/categories?post=173175"},{"taxonomy":"post_tag","embeddable":true,"href":"https:\/\/canal7slp.tv\/2025\/wp-json\/wp\/v2\/tags?post=173175"}],"curies":[{"name":"wp","href":"https:\/\/api.w.org\/{rel}","templated":true}]}}