{"id":172845,"date":"2025-07-07T17:28:10","date_gmt":"2025-07-07T23:28:10","guid":{"rendered":"https:\/\/canal7slp.tv\/2025\/?p=172845"},"modified":"2025-07-07T17:28:10","modified_gmt":"2025-07-07T23:28:10","slug":"militantes-del-morena-en-slp-solicitaron-realizar-eleccion-de-la-presidenta-estatal","status":"publish","type":"post","link":"https:\/\/canal7slp.tv\/2025\/militantes-del-morena-en-slp-solicitaron-realizar-eleccion-de-la-presidenta-estatal\/","title":{"rendered":"Militantes del Morena en SLP solicitaron realizar elecci\u00f3n de la presidenta estatal"},"content":{"rendered":"<p style=\"text-align: justify;\">SLP.- Militantes de Movimiento de Regeneraci\u00f3n Nacional en San Luis Potos\u00ed, indicaron que es necesario que se realice la elecci\u00f3n para seleccionar a la nueva presidencia estatal, toda vez que el mandato de Rita Ozalia Rodr\u00edguez Vel\u00e1zquez est\u00e1 por culminar.<\/p>\n<p style=\"text-align: justify;\">Alfredo Herrera, militante de Morena expuso el proceso que han realizado para esta acci\u00f3n.<\/p>\n<p style=\"text-align: justify;\">\u201cD\u00e9jenme les comento que afortunadamente por ah\u00ed hemos visitado diferentes instancias a nivel nacional como en el caso donde se entrega documentos a la compa\u00f1era presidenta Claudia, se entregan documentos a la compa\u00f1era Rosa Icela, al Tribunal Electoral Federal\u201d.<\/p>\n<p style=\"text-align: justify;\">La finalidad es la renovaci\u00f3n.<\/p>\n<p style=\"text-align: justify;\">\u201cPide el cambio de lo directivo, como ustedes ver\u00e1n pues venimos a entregar este documento en el cual se encuentra totalmente cerrado (\u2026) \u00bfqu\u00e9 pedimos?, pues solamente el cambio de las dirigencias que ya se ha cumplido el reglamento que marca el art\u00edculo 32, 38 y 39\u201d.<\/p>\n<p style=\"text-align: justify;\">Rub\u00e9n \u00c1vila, tambi\u00e9n militante de Morena, enfatiz\u00f3 en las normas que los sustentan.<\/p>\n<p style=\"text-align: justify;\">\u201cEl estatuto marca que debe de ser de tres a\u00f1os que faculta la presidencia para estar en funciones, la presidenta ya el 31 de julio, de este mes cumple tres a\u00f1os Rita Ozalia del partido\u201d.<\/p>\n<p style=\"text-align: justify;\">Se ha informado a m\u00faltiples instancias.<\/p>\n<p style=\"text-align: justify;\">\u201cLo que queremos es que ya haya elecciones, ya fuimos a la Ciudad de M\u00e9xico (\u2026) ya dimos cuenta al Comit\u00e9 Ejecutivo Nacional de Morena (\u2026) ahorita ah\u00ed est\u00e1 el partido, as\u00ed quiere Rita Ozalia que crezca el partido, cerradas las puertas\u201d.<\/p>\n<p>Por: Juan Carlos Contreras<\/p>\n","protected":false},"excerpt":{"rendered":"<p>SLP.- Militantes de Movimiento de Regeneraci\u00f3n Nacional en San Luis Potos\u00ed, indicaron que es necesario que se realice la elecci\u00f3n para seleccionar a la nueva presidencia estatal, toda vez que el mandato de Rita Ozalia Rodr\u00edguez Vel\u00e1zquez est\u00e1 por culminar. Alfredo Herrera, militante de Morena expuso el proceso que han realizado para esta acci\u00f3n. \u201cD\u00e9jenme les comento que afortunadamente por ah\u00ed hemos visitado diferentes instancias a nivel nacional como en el caso donde se entrega documentos a la compa\u00f1era presidenta Claudia, se entregan documentos a la compa\u00f1era Rosa Icela, al Tribunal Electoral Federal\u201d. La finalidad es la renovaci\u00f3n. \u201cPide el [&hellip;]<\/p>\n","protected":false},"author":2,"featured_media":172853,"comment_status":"closed","ping_status":"closed","sticky":false,"template":"","format":"video","meta":{"_monsterinsights_skip_tracking":false,"_monsterinsights_sitenote_active":false,"_monsterinsights_sitenote_note":"","_monsterinsights_sitenote_category":0,"footnotes":""},"categories":[5,45],"tags":[],"class_list":["post-172845","post","type-post","status-publish","format-video","has-post-thumbnail","hentry","category-destacadas","category-localesyregionales","post_format-post-format-video","post--single"],"yoast_head":"<!-- This site is optimized with the Yoast SEO plugin v27.5 - https:\/\/yoast.com\/product\/yoast-seo-wordpress\/ -->\n<title>Militantes del Morena en SLP solicitaron realizar elecci\u00f3n de la presidenta estatal - Canal 7 SLP - 2025<\/title>\n<meta name=\"robots\" content=\"index, follow, max-snippet:-1, max-image-preview:large, max-video-preview:-1\" \/>\n<link rel=\"canonical\" href=\"https:\/\/canal7slp.tv\/2025\/militantes-del-morena-en-slp-solicitaron-realizar-eleccion-de-la-presidenta-estatal\/\" \/>\n<meta property=\"og:locale\" content=\"es_ES\" \/>\n<meta property=\"og:type\" content=\"article\" \/>\n<meta property=\"og:title\" content=\"Militantes del Morena en SLP solicitaron realizar elecci\u00f3n de la presidenta estatal - Canal 7 SLP - 2025\" \/>\n<meta property=\"og:description\" content=\"SLP.- Militantes de Movimiento de Regeneraci\u00f3n Nacional en San Luis Potos\u00ed, indicaron que es necesario que se realice la elecci\u00f3n para seleccionar a la nueva presidencia estatal, toda vez que el mandato de Rita Ozalia Rodr\u00edguez Vel\u00e1zquez est\u00e1 por culminar. Alfredo Herrera, militante de Morena expuso el proceso que han realizado para esta acci\u00f3n. \u201cD\u00e9jenme les comento que afortunadamente por ah\u00ed hemos visitado diferentes instancias a nivel nacional como en el caso donde se entrega documentos a la compa\u00f1era presidenta Claudia, se entregan documentos a la compa\u00f1era Rosa Icela, al Tribunal Electoral Federal\u201d. La finalidad es la renovaci\u00f3n. \u201cPide el [&hellip;]\" \/>\n<meta property=\"og:url\" content=\"https:\/\/canal7slp.tv\/2025\/militantes-del-morena-en-slp-solicitaron-realizar-eleccion-de-la-presidenta-estatal\/\" \/>\n<meta property=\"og:site_name\" content=\"Canal 7 SLP - 2025\" \/>\n<meta property=\"article:publisher\" content=\"https:\/\/www.facebook.com\/noticieroscanal7atencionciudadana\/\" \/>\n<meta property=\"article:published_time\" content=\"2025-07-07T23:28:10+00:00\" \/>\n<meta property=\"og:image\" content=\"https:\/\/canal7slp.tv\/2025\/wp-content\/uploads\/2025\/07\/Poky03MorenaEleccion.jpg\" \/>\n\t<meta property=\"og:image:width\" content=\"1280\" \/>\n\t<meta property=\"og:image:height\" content=\"720\" \/>\n\t<meta property=\"og:image:type\" content=\"image\/jpeg\" \/>\n<meta name=\"author\" content=\"Edici\u00f3n Web\" \/>\n<meta name=\"twitter:card\" content=\"summary_large_image\" \/>\n<meta name=\"twitter:creator\" content=\"@NOTICIEROS7\" \/>\n<meta name=\"twitter:site\" content=\"@NOTICIEROS7\" \/>\n<meta name=\"twitter:label1\" content=\"Escrito por\" \/>\n\t<meta name=\"twitter:data1\" content=\"Edici\u00f3n Web\" \/>\n\t<meta name=\"twitter:label2\" content=\"Tiempo de lectura\" \/>\n\t<meta name=\"twitter:data2\" content=\"2 minutos\" \/>\n<script type=\"application\/ld+json\" class=\"yoast-schema-graph\">{\"@context\":\"https:\\\/\\\/schema.org\",\"@graph\":[{\"@type\":\"Article\",\"@id\":\"https:\\\/\\\/canal7slp.tv\\\/2025\\\/militantes-del-morena-en-slp-solicitaron-realizar-eleccion-de-la-presidenta-estatal\\\/#article\",\"isPartOf\":{\"@id\":\"https:\\\/\\\/canal7slp.tv\\\/2025\\\/militantes-del-morena-en-slp-solicitaron-realizar-eleccion-de-la-presidenta-estatal\\\/\"},\"author\":{\"name\":\"Edici\u00f3n Web\",\"@id\":\"https:\\\/\\\/canal7slp.tv\\\/2025\\\/#\\\/schema\\\/person\\\/271e2b60a96e7cc9d9ac296f4d7e414b\"},\"headline\":\"Militantes del Morena en SLP solicitaron realizar elecci\u00f3n de la presidenta estatal\",\"datePublished\":\"2025-07-07T23:28:10+00:00\",\"mainEntityOfPage\":{\"@id\":\"https:\\\/\\\/canal7slp.tv\\\/2025\\\/militantes-del-morena-en-slp-solicitaron-realizar-eleccion-de-la-presidenta-estatal\\\/\"},\"wordCount\":269,\"publisher\":{\"@id\":\"https:\\\/\\\/canal7slp.tv\\\/2025\\\/#organization\"},\"image\":{\"@id\":\"https:\\\/\\\/canal7slp.tv\\\/2025\\\/militantes-del-morena-en-slp-solicitaron-realizar-eleccion-de-la-presidenta-estatal\\\/#primaryimage\"},\"thumbnailUrl\":\"https:\\\/\\\/canal7slp.tv\\\/2025\\\/wp-content\\\/uploads\\\/2025\\\/07\\\/Poky03MorenaEleccion.jpg\",\"articleSection\":[\"DESTACADAS\",\"LOCALES Y REGIONALES\"],\"inLanguage\":\"es\"},{\"@type\":\"WebPage\",\"@id\":\"https:\\\/\\\/canal7slp.tv\\\/2025\\\/militantes-del-morena-en-slp-solicitaron-realizar-eleccion-de-la-presidenta-estatal\\\/\",\"url\":\"https:\\\/\\\/canal7slp.tv\\\/2025\\\/militantes-del-morena-en-slp-solicitaron-realizar-eleccion-de-la-presidenta-estatal\\\/\",\"name\":\"Militantes del Morena en SLP solicitaron realizar elecci\u00f3n de la presidenta estatal - Canal 7 SLP - 2025\",\"isPartOf\":{\"@id\":\"https:\\\/\\\/canal7slp.tv\\\/2025\\\/#website\"},\"primaryImageOfPage\":{\"@id\":\"https:\\\/\\\/canal7slp.tv\\\/2025\\\/militantes-del-morena-en-slp-solicitaron-realizar-eleccion-de-la-presidenta-estatal\\\/#primaryimage\"},\"image\":{\"@id\":\"https:\\\/\\\/canal7slp.tv\\\/2025\\\/militantes-del-morena-en-slp-solicitaron-realizar-eleccion-de-la-presidenta-estatal\\\/#primaryimage\"},\"thumbnailUrl\":\"https:\\\/\\\/canal7slp.tv\\\/2025\\\/wp-content\\\/uploads\\\/2025\\\/07\\\/Poky03MorenaEleccion.jpg\",\"datePublished\":\"2025-07-07T23:28:10+00:00\",\"breadcrumb\":{\"@id\":\"https:\\\/\\\/canal7slp.tv\\\/2025\\\/militantes-del-morena-en-slp-solicitaron-realizar-eleccion-de-la-presidenta-estatal\\\/#breadcrumb\"},\"inLanguage\":\"es\",\"potentialAction\":[{\"@type\":\"ReadAction\",\"target\":[\"https:\\\/\\\/canal7slp.tv\\\/2025\\\/militantes-del-morena-en-slp-solicitaron-realizar-eleccion-de-la-presidenta-estatal\\\/\"]}]},{\"@type\":\"ImageObject\",\"inLanguage\":\"es\",\"@id\":\"https:\\\/\\\/canal7slp.tv\\\/2025\\\/militantes-del-morena-en-slp-solicitaron-realizar-eleccion-de-la-presidenta-estatal\\\/#primaryimage\",\"url\":\"https:\\\/\\\/canal7slp.tv\\\/2025\\\/wp-content\\\/uploads\\\/2025\\\/07\\\/Poky03MorenaEleccion.jpg\",\"contentUrl\":\"https:\\\/\\\/canal7slp.tv\\\/2025\\\/wp-content\\\/uploads\\\/2025\\\/07\\\/Poky03MorenaEleccion.jpg\",\"width\":1280,\"height\":720},{\"@type\":\"BreadcrumbList\",\"@id\":\"https:\\\/\\\/canal7slp.tv\\\/2025\\\/militantes-del-morena-en-slp-solicitaron-realizar-eleccion-de-la-presidenta-estatal\\\/#breadcrumb\",\"itemListElement\":[{\"@type\":\"ListItem\",\"position\":1,\"name\":\"Portada\",\"item\":\"https:\\\/\\\/canal7slp.tv\\\/2025\\\/\"},{\"@type\":\"ListItem\",\"position\":2,\"name\":\"Militantes del Morena en SLP solicitaron realizar elecci\u00f3n de la presidenta estatal\"}]},{\"@type\":\"WebSite\",\"@id\":\"https:\\\/\\\/canal7slp.tv\\\/2025\\\/#website\",\"url\":\"https:\\\/\\\/canal7slp.tv\\\/2025\\\/\",\"name\":\"N7 - Noticieros Canal 7\",\"description\":\"Somos el Medio\",\"publisher\":{\"@id\":\"https:\\\/\\\/canal7slp.tv\\\/2025\\\/#organization\"},\"potentialAction\":[{\"@type\":\"SearchAction\",\"target\":{\"@type\":\"EntryPoint\",\"urlTemplate\":\"https:\\\/\\\/canal7slp.tv\\\/2025\\\/?s={search_term_string}\"},\"query-input\":{\"@type\":\"PropertyValueSpecification\",\"valueRequired\":true,\"valueName\":\"search_term_string\"}}],\"inLanguage\":\"es\"},{\"@type\":\"Organization\",\"@id\":\"https:\\\/\\\/canal7slp.tv\\\/2025\\\/#organization\",\"name\":\"Noticieros Canal 7\",\"url\":\"https:\\\/\\\/canal7slp.tv\\\/2025\\\/\",\"logo\":{\"@type\":\"ImageObject\",\"inLanguage\":\"es\",\"@id\":\"https:\\\/\\\/canal7slp.tv\\\/2025\\\/#\\\/schema\\\/logo\\\/image\\\/\",\"url\":\"https:\\\/\\\/canal7slp.tv\\\/2025\\\/wp-content\\\/uploads\\\/2021\\\/01\\\/logo-noticieros@2x.png\",\"contentUrl\":\"https:\\\/\\\/canal7slp.tv\\\/2025\\\/wp-content\\\/uploads\\\/2021\\\/01\\\/logo-noticieros@2x.png\",\"width\":1017,\"height\":268,\"caption\":\"Noticieros Canal 7\"},\"image\":{\"@id\":\"https:\\\/\\\/canal7slp.tv\\\/2025\\\/#\\\/schema\\\/logo\\\/image\\\/\"},\"sameAs\":[\"https:\\\/\\\/www.facebook.com\\\/noticieroscanal7atencionciudadana\\\/\",\"https:\\\/\\\/x.com\\\/NOTICIEROS7\",\"https:\\\/\\\/www.instagram.com\\\/canal7_slp\",\"https:\\\/\\\/www.youtube.com\\\/channel\\\/UCliiYs-gP3JfJeqdPrNdd5A\"]},{\"@type\":\"Person\",\"@id\":\"https:\\\/\\\/canal7slp.tv\\\/2025\\\/#\\\/schema\\\/person\\\/271e2b60a96e7cc9d9ac296f4d7e414b\",\"name\":\"Edici\u00f3n Web\",\"image\":{\"@type\":\"ImageObject\",\"inLanguage\":\"es\",\"@id\":\"https:\\\/\\\/secure.gravatar.com\\\/avatar\\\/eee448fc3f7164808013b816ba91ac7e43bbe82a70bebac296f8bc6f0addaa1a?s=96&d=mm&r=g\",\"url\":\"https:\\\/\\\/secure.gravatar.com\\\/avatar\\\/eee448fc3f7164808013b816ba91ac7e43bbe82a70bebac296f8bc6f0addaa1a?s=96&d=mm&r=g\",\"contentUrl\":\"https:\\\/\\\/secure.gravatar.com\\\/avatar\\\/eee448fc3f7164808013b816ba91ac7e43bbe82a70bebac296f8bc6f0addaa1a?s=96&d=mm&r=g\",\"caption\":\"Edici\u00f3n Web\"},\"url\":\"https:\\\/\\\/canal7slp.tv\\\/2025\\\/author\\\/edicionweb\\\/\"}]}<\/script>\n<!-- \/ Yoast SEO plugin. -->","yoast_head_json":{"title":"Militantes del Morena en SLP solicitaron realizar elecci\u00f3n de la presidenta estatal - Canal 7 SLP - 2025","robots":{"index":"index","follow":"follow","max-snippet":"max-snippet:-1","max-image-preview":"max-image-preview:large","max-video-preview":"max-video-preview:-1"},"canonical":"https:\/\/canal7slp.tv\/2025\/militantes-del-morena-en-slp-solicitaron-realizar-eleccion-de-la-presidenta-estatal\/","og_locale":"es_ES","og_type":"article","og_title":"Militantes del Morena en SLP solicitaron realizar elecci\u00f3n de la presidenta estatal - Canal 7 SLP - 2025","og_description":"SLP.- Militantes de Movimiento de Regeneraci\u00f3n Nacional en San Luis Potos\u00ed, indicaron que es necesario que se realice la elecci\u00f3n para seleccionar a la nueva presidencia estatal, toda vez que el mandato de Rita Ozalia Rodr\u00edguez Vel\u00e1zquez est\u00e1 por culminar. Alfredo Herrera, militante de Morena expuso el proceso que han realizado para esta acci\u00f3n. \u201cD\u00e9jenme les comento que afortunadamente por ah\u00ed hemos visitado diferentes instancias a nivel nacional como en el caso donde se entrega documentos a la compa\u00f1era presidenta Claudia, se entregan documentos a la compa\u00f1era Rosa Icela, al Tribunal Electoral Federal\u201d. La finalidad es la renovaci\u00f3n. \u201cPide el [&hellip;]","og_url":"https:\/\/canal7slp.tv\/2025\/militantes-del-morena-en-slp-solicitaron-realizar-eleccion-de-la-presidenta-estatal\/","og_site_name":"Canal 7 SLP - 2025","article_publisher":"https:\/\/www.facebook.com\/noticieroscanal7atencionciudadana\/","article_published_time":"2025-07-07T23:28:10+00:00","og_image":[{"width":1280,"height":720,"url":"https:\/\/canal7slp.tv\/2025\/wp-content\/uploads\/2025\/07\/Poky03MorenaEleccion.jpg","type":"image\/jpeg"}],"author":"Edici\u00f3n Web","twitter_card":"summary_large_image","twitter_creator":"@NOTICIEROS7","twitter_site":"@NOTICIEROS7","twitter_misc":{"Escrito por":"Edici\u00f3n Web","Tiempo de lectura":"2 minutos"},"schema":{"@context":"https:\/\/schema.org","@graph":[{"@type":"Article","@id":"https:\/\/canal7slp.tv\/2025\/militantes-del-morena-en-slp-solicitaron-realizar-eleccion-de-la-presidenta-estatal\/#article","isPartOf":{"@id":"https:\/\/canal7slp.tv\/2025\/militantes-del-morena-en-slp-solicitaron-realizar-eleccion-de-la-presidenta-estatal\/"},"author":{"name":"Edici\u00f3n Web","@id":"https:\/\/canal7slp.tv\/2025\/#\/schema\/person\/271e2b60a96e7cc9d9ac296f4d7e414b"},"headline":"Militantes del Morena en SLP solicitaron realizar elecci\u00f3n de la presidenta estatal","datePublished":"2025-07-07T23:28:10+00:00","mainEntityOfPage":{"@id":"https:\/\/canal7slp.tv\/2025\/militantes-del-morena-en-slp-solicitaron-realizar-eleccion-de-la-presidenta-estatal\/"},"wordCount":269,"publisher":{"@id":"https:\/\/canal7slp.tv\/2025\/#organization"},"image":{"@id":"https:\/\/canal7slp.tv\/2025\/militantes-del-morena-en-slp-solicitaron-realizar-eleccion-de-la-presidenta-estatal\/#primaryimage"},"thumbnailUrl":"https:\/\/canal7slp.tv\/2025\/wp-content\/uploads\/2025\/07\/Poky03MorenaEleccion.jpg","articleSection":["DESTACADAS","LOCALES Y REGIONALES"],"inLanguage":"es"},{"@type":"WebPage","@id":"https:\/\/canal7slp.tv\/2025\/militantes-del-morena-en-slp-solicitaron-realizar-eleccion-de-la-presidenta-estatal\/","url":"https:\/\/canal7slp.tv\/2025\/militantes-del-morena-en-slp-solicitaron-realizar-eleccion-de-la-presidenta-estatal\/","name":"Militantes del Morena en SLP solicitaron realizar elecci\u00f3n de la presidenta estatal - Canal 7 SLP - 2025","isPartOf":{"@id":"https:\/\/canal7slp.tv\/2025\/#website"},"primaryImageOfPage":{"@id":"https:\/\/canal7slp.tv\/2025\/militantes-del-morena-en-slp-solicitaron-realizar-eleccion-de-la-presidenta-estatal\/#primaryimage"},"image":{"@id":"https:\/\/canal7slp.tv\/2025\/militantes-del-morena-en-slp-solicitaron-realizar-eleccion-de-la-presidenta-estatal\/#primaryimage"},"thumbnailUrl":"https:\/\/canal7slp.tv\/2025\/wp-content\/uploads\/2025\/07\/Poky03MorenaEleccion.jpg","datePublished":"2025-07-07T23:28:10+00:00","breadcrumb":{"@id":"https:\/\/canal7slp.tv\/2025\/militantes-del-morena-en-slp-solicitaron-realizar-eleccion-de-la-presidenta-estatal\/#breadcrumb"},"inLanguage":"es","potentialAction":[{"@type":"ReadAction","target":["https:\/\/canal7slp.tv\/2025\/militantes-del-morena-en-slp-solicitaron-realizar-eleccion-de-la-presidenta-estatal\/"]}]},{"@type":"ImageObject","inLanguage":"es","@id":"https:\/\/canal7slp.tv\/2025\/militantes-del-morena-en-slp-solicitaron-realizar-eleccion-de-la-presidenta-estatal\/#primaryimage","url":"https:\/\/canal7slp.tv\/2025\/wp-content\/uploads\/2025\/07\/Poky03MorenaEleccion.jpg","contentUrl":"https:\/\/canal7slp.tv\/2025\/wp-content\/uploads\/2025\/07\/Poky03MorenaEleccion.jpg","width":1280,"height":720},{"@type":"BreadcrumbList","@id":"https:\/\/canal7slp.tv\/2025\/militantes-del-morena-en-slp-solicitaron-realizar-eleccion-de-la-presidenta-estatal\/#breadcrumb","itemListElement":[{"@type":"ListItem","position":1,"name":"Portada","item":"https:\/\/canal7slp.tv\/2025\/"},{"@type":"ListItem","position":2,"name":"Militantes del Morena en SLP solicitaron realizar elecci\u00f3n de la presidenta estatal"}]},{"@type":"WebSite","@id":"https:\/\/canal7slp.tv\/2025\/#website","url":"https:\/\/canal7slp.tv\/2025\/","name":"N7 - Noticieros Canal 7","description":"Somos el Medio","publisher":{"@id":"https:\/\/canal7slp.tv\/2025\/#organization"},"potentialAction":[{"@type":"SearchAction","target":{"@type":"EntryPoint","urlTemplate":"https:\/\/canal7slp.tv\/2025\/?s={search_term_string}"},"query-input":{"@type":"PropertyValueSpecification","valueRequired":true,"valueName":"search_term_string"}}],"inLanguage":"es"},{"@type":"Organization","@id":"https:\/\/canal7slp.tv\/2025\/#organization","name":"Noticieros Canal 7","url":"https:\/\/canal7slp.tv\/2025\/","logo":{"@type":"ImageObject","inLanguage":"es","@id":"https:\/\/canal7slp.tv\/2025\/#\/schema\/logo\/image\/","url":"https:\/\/canal7slp.tv\/2025\/wp-content\/uploads\/2021\/01\/logo-noticieros@2x.png","contentUrl":"https:\/\/canal7slp.tv\/2025\/wp-content\/uploads\/2021\/01\/logo-noticieros@2x.png","width":1017,"height":268,"caption":"Noticieros Canal 7"},"image":{"@id":"https:\/\/canal7slp.tv\/2025\/#\/schema\/logo\/image\/"},"sameAs":["https:\/\/www.facebook.com\/noticieroscanal7atencionciudadana\/","https:\/\/x.com\/NOTICIEROS7","https:\/\/www.instagram.com\/canal7_slp","https:\/\/www.youtube.com\/channel\/UCliiYs-gP3JfJeqdPrNdd5A"]},{"@type":"Person","@id":"https:\/\/canal7slp.tv\/2025\/#\/schema\/person\/271e2b60a96e7cc9d9ac296f4d7e414b","name":"Edici\u00f3n Web","image":{"@type":"ImageObject","inLanguage":"es","@id":"https:\/\/secure.gravatar.com\/avatar\/eee448fc3f7164808013b816ba91ac7e43bbe82a70bebac296f8bc6f0addaa1a?s=96&d=mm&r=g","url":"https:\/\/secure.gravatar.com\/avatar\/eee448fc3f7164808013b816ba91ac7e43bbe82a70bebac296f8bc6f0addaa1a?s=96&d=mm&r=g","contentUrl":"https:\/\/secure.gravatar.com\/avatar\/eee448fc3f7164808013b816ba91ac7e43bbe82a70bebac296f8bc6f0addaa1a?s=96&d=mm&r=g","caption":"Edici\u00f3n Web"},"url":"https:\/\/canal7slp.tv\/2025\/author\/edicionweb\/"}]}},"_links":{"self":[{"href":"https:\/\/canal7slp.tv\/2025\/wp-json\/wp\/v2\/posts\/172845","targetHints":{"allow":["GET"]}}],"collection":[{"href":"https:\/\/canal7slp.tv\/2025\/wp-json\/wp\/v2\/posts"}],"about":[{"href":"https:\/\/canal7slp.tv\/2025\/wp-json\/wp\/v2\/types\/post"}],"author":[{"embeddable":true,"href":"https:\/\/canal7slp.tv\/2025\/wp-json\/wp\/v2\/users\/2"}],"replies":[{"embeddable":true,"href":"https:\/\/canal7slp.tv\/2025\/wp-json\/wp\/v2\/comments?post=172845"}],"version-history":[{"count":2,"href":"https:\/\/canal7slp.tv\/2025\/wp-json\/wp\/v2\/posts\/172845\/revisions"}],"predecessor-version":[{"id":172854,"href":"https:\/\/canal7slp.tv\/2025\/wp-json\/wp\/v2\/posts\/172845\/revisions\/172854"}],"wp:featuredmedia":[{"embeddable":true,"href":"https:\/\/canal7slp.tv\/2025\/wp-json\/wp\/v2\/media\/172853"}],"wp:attachment":[{"href":"https:\/\/canal7slp.tv\/2025\/wp-json\/wp\/v2\/media?parent=172845"}],"wp:term":[{"taxonomy":"category","embeddable":true,"href":"https:\/\/canal7slp.tv\/2025\/wp-json\/wp\/v2\/categories?post=172845"},{"taxonomy":"post_tag","embeddable":true,"href":"https:\/\/canal7slp.tv\/2025\/wp-json\/wp\/v2\/tags?post=172845"}],"curies":[{"name":"wp","href":"https:\/\/api.w.org\/{rel}","templated":true}]}}