{"id":172843,"date":"2025-07-07T18:07:05","date_gmt":"2025-07-08T00:07:05","guid":{"rendered":"https:\/\/canal7slp.tv\/2025\/?p=172843"},"modified":"2025-07-07T18:07:05","modified_gmt":"2025-07-08T00:07:05","slug":"multiples-temas-llegaron-a-acuerdo-entre-claudia-sheinbaum-y-ricardo-gallardo-durante-visita-a-slp","status":"publish","type":"post","link":"https:\/\/canal7slp.tv\/2025\/multiples-temas-llegaron-a-acuerdo-entre-claudia-sheinbaum-y-ricardo-gallardo-durante-visita-a-slp\/","title":{"rendered":"M\u00faltiples temas llegaron a acuerdo entre Claudia Sheinbaum y Ricardo Gallardo durante visita a SLP"},"content":{"rendered":"<p style=\"text-align: justify;\">SLP.- Durante la \u00faltima visita de la presidenta de la Rep\u00fablica Mexicana, Claudia Sheinbaum a San Luis Potos\u00ed se llegaron a una variedad de acuerdos, as\u00ed lo expuso el gobernador Jos\u00e9 Ricardo Gallardo Cardona.<\/p>\n<p style=\"text-align: justify;\">\u201cNos pusimos ya de acuerdo en el tema ya el deslinde total del estado con el tema de los hospitales, ya los va a atender el Gobierno Federal, los va a atender al cien por ciento, les va a dar recurso suficiente, que eso es lo que trabajamos con ella para que se les diera el recurso suficiente\u201d.<\/p>\n<p style=\"text-align: justify;\">La zona Huasteca se ver\u00e1 beneficiada.<\/p>\n<p style=\"text-align: justify;\">\u201cLa remodelaci\u00f3n total del hospital de Ciudad Valles, ya se comprometi\u00f3, lo dijo en el discurso, va a ser una realidad, nos va a ayudar al estado para que nosotros entremos tambi\u00e9n con ellos para arreglar todo el hospital de Ciudad Valles, se va a reconstruir en su totalidad, totalmente nuevo, m\u00e1s de 500 millones se le va a invertir al hospital de Valles\u201d.<\/p>\n<p style=\"text-align: justify;\">Se le present\u00f3 a la presidenta el proyecto de apertura de oficinas en el extranjero.<\/p>\n<p style=\"text-align: justify;\">\u201cYa en pr\u00f3ximos d\u00edas abriendo oficinas en Jap\u00f3n, lo platiqu\u00e9 con la presidenta en la gira, le pareci\u00f3 una excelente idea que tenga el centro del pa\u00eds una oficina que le d\u00e9 servicio no nada m\u00e1s a San Luis Potos\u00ed, le podemos dar servicio a todos los prestadores de servicio de Aguascalientes, del baj\u00edo y esa oficina va a ser 100% potosina\u201d.<\/p>\n<p>Por: Juan Carlos Contreras<\/p>\n","protected":false},"excerpt":{"rendered":"<p>SLP.- Durante la \u00faltima visita de la presidenta de la Rep\u00fablica Mexicana, Claudia Sheinbaum a San Luis Potos\u00ed se llegaron a una variedad de acuerdos, as\u00ed lo expuso el gobernador Jos\u00e9 Ricardo Gallardo Cardona. \u201cNos pusimos ya de acuerdo en el tema ya el deslinde total del estado con el tema de los hospitales, ya los va a atender el Gobierno Federal, los va a atender al cien por ciento, les va a dar recurso suficiente, que eso es lo que trabajamos con ella para que se les diera el recurso suficiente\u201d. La zona Huasteca se ver\u00e1 beneficiada. \u201cLa remodelaci\u00f3n [&hellip;]<\/p>\n","protected":false},"author":2,"featured_media":172859,"comment_status":"closed","ping_status":"closed","sticky":false,"template":"","format":"video","meta":{"_monsterinsights_skip_tracking":false,"_monsterinsights_sitenote_active":false,"_monsterinsights_sitenote_note":"","_monsterinsights_sitenote_category":0,"footnotes":""},"categories":[5,510,45],"tags":[],"class_list":["post-172843","post","type-post","status-publish","format-video","has-post-thumbnail","hentry","category-destacadas","category-gobedoslp","category-localesyregionales","post_format-post-format-video","post--single"],"yoast_head":"<!-- This site is optimized with the Yoast SEO plugin v27.5 - https:\/\/yoast.com\/product\/yoast-seo-wordpress\/ -->\n<title>M\u00faltiples temas llegaron a acuerdo entre Claudia Sheinbaum y Ricardo Gallardo durante visita a SLP - Canal 7 SLP - 2025<\/title>\n<meta name=\"robots\" content=\"index, follow, max-snippet:-1, max-image-preview:large, max-video-preview:-1\" \/>\n<link rel=\"canonical\" href=\"https:\/\/canal7slp.tv\/2025\/multiples-temas-llegaron-a-acuerdo-entre-claudia-sheinbaum-y-ricardo-gallardo-durante-visita-a-slp\/\" \/>\n<meta property=\"og:locale\" content=\"es_ES\" \/>\n<meta property=\"og:type\" content=\"article\" \/>\n<meta property=\"og:title\" content=\"M\u00faltiples temas llegaron a acuerdo entre Claudia Sheinbaum y Ricardo Gallardo durante visita a SLP - Canal 7 SLP - 2025\" \/>\n<meta property=\"og:description\" content=\"SLP.- Durante la \u00faltima visita de la presidenta de la Rep\u00fablica Mexicana, Claudia Sheinbaum a San Luis Potos\u00ed se llegaron a una variedad de acuerdos, as\u00ed lo expuso el gobernador Jos\u00e9 Ricardo Gallardo Cardona. \u201cNos pusimos ya de acuerdo en el tema ya el deslinde total del estado con el tema de los hospitales, ya los va a atender el Gobierno Federal, los va a atender al cien por ciento, les va a dar recurso suficiente, que eso es lo que trabajamos con ella para que se les diera el recurso suficiente\u201d. La zona Huasteca se ver\u00e1 beneficiada. \u201cLa remodelaci\u00f3n [&hellip;]\" \/>\n<meta property=\"og:url\" content=\"https:\/\/canal7slp.tv\/2025\/multiples-temas-llegaron-a-acuerdo-entre-claudia-sheinbaum-y-ricardo-gallardo-durante-visita-a-slp\/\" \/>\n<meta property=\"og:site_name\" content=\"Canal 7 SLP - 2025\" \/>\n<meta property=\"article:publisher\" content=\"https:\/\/www.facebook.com\/noticieroscanal7atencionciudadana\/\" \/>\n<meta property=\"article:published_time\" content=\"2025-07-08T00:07:05+00:00\" \/>\n<meta property=\"og:image\" content=\"https:\/\/canal7slp.tv\/2025\/wp-content\/uploads\/2025\/07\/Poky02GobernadorVisita.jpg\" \/>\n\t<meta property=\"og:image:width\" content=\"1280\" \/>\n\t<meta property=\"og:image:height\" content=\"720\" \/>\n\t<meta property=\"og:image:type\" content=\"image\/jpeg\" \/>\n<meta name=\"author\" content=\"Edici\u00f3n Web\" \/>\n<meta name=\"twitter:card\" content=\"summary_large_image\" \/>\n<meta name=\"twitter:creator\" content=\"@NOTICIEROS7\" \/>\n<meta name=\"twitter:site\" content=\"@NOTICIEROS7\" \/>\n<meta name=\"twitter:label1\" content=\"Escrito por\" \/>\n\t<meta name=\"twitter:data1\" content=\"Edici\u00f3n Web\" \/>\n\t<meta name=\"twitter:label2\" content=\"Tiempo de lectura\" \/>\n\t<meta name=\"twitter:data2\" content=\"2 minutos\" \/>\n<script type=\"application\/ld+json\" class=\"yoast-schema-graph\">{\"@context\":\"https:\\\/\\\/schema.org\",\"@graph\":[{\"@type\":\"Article\",\"@id\":\"https:\\\/\\\/canal7slp.tv\\\/2025\\\/multiples-temas-llegaron-a-acuerdo-entre-claudia-sheinbaum-y-ricardo-gallardo-durante-visita-a-slp\\\/#article\",\"isPartOf\":{\"@id\":\"https:\\\/\\\/canal7slp.tv\\\/2025\\\/multiples-temas-llegaron-a-acuerdo-entre-claudia-sheinbaum-y-ricardo-gallardo-durante-visita-a-slp\\\/\"},\"author\":{\"name\":\"Edici\u00f3n Web\",\"@id\":\"https:\\\/\\\/canal7slp.tv\\\/2025\\\/#\\\/schema\\\/person\\\/271e2b60a96e7cc9d9ac296f4d7e414b\"},\"headline\":\"M\u00faltiples temas llegaron a acuerdo entre Claudia Sheinbaum y Ricardo Gallardo durante visita a SLP\",\"datePublished\":\"2025-07-08T00:07:05+00:00\",\"mainEntityOfPage\":{\"@id\":\"https:\\\/\\\/canal7slp.tv\\\/2025\\\/multiples-temas-llegaron-a-acuerdo-entre-claudia-sheinbaum-y-ricardo-gallardo-durante-visita-a-slp\\\/\"},\"wordCount\":268,\"publisher\":{\"@id\":\"https:\\\/\\\/canal7slp.tv\\\/2025\\\/#organization\"},\"image\":{\"@id\":\"https:\\\/\\\/canal7slp.tv\\\/2025\\\/multiples-temas-llegaron-a-acuerdo-entre-claudia-sheinbaum-y-ricardo-gallardo-durante-visita-a-slp\\\/#primaryimage\"},\"thumbnailUrl\":\"https:\\\/\\\/canal7slp.tv\\\/2025\\\/wp-content\\\/uploads\\\/2025\\\/07\\\/Poky02GobernadorVisita.jpg\",\"articleSection\":[\"DESTACADAS\",\"GOBEDOSLP\",\"LOCALES Y REGIONALES\"],\"inLanguage\":\"es\"},{\"@type\":\"WebPage\",\"@id\":\"https:\\\/\\\/canal7slp.tv\\\/2025\\\/multiples-temas-llegaron-a-acuerdo-entre-claudia-sheinbaum-y-ricardo-gallardo-durante-visita-a-slp\\\/\",\"url\":\"https:\\\/\\\/canal7slp.tv\\\/2025\\\/multiples-temas-llegaron-a-acuerdo-entre-claudia-sheinbaum-y-ricardo-gallardo-durante-visita-a-slp\\\/\",\"name\":\"M\u00faltiples temas llegaron a acuerdo entre Claudia Sheinbaum y Ricardo Gallardo durante visita a SLP - Canal 7 SLP - 2025\",\"isPartOf\":{\"@id\":\"https:\\\/\\\/canal7slp.tv\\\/2025\\\/#website\"},\"primaryImageOfPage\":{\"@id\":\"https:\\\/\\\/canal7slp.tv\\\/2025\\\/multiples-temas-llegaron-a-acuerdo-entre-claudia-sheinbaum-y-ricardo-gallardo-durante-visita-a-slp\\\/#primaryimage\"},\"image\":{\"@id\":\"https:\\\/\\\/canal7slp.tv\\\/2025\\\/multiples-temas-llegaron-a-acuerdo-entre-claudia-sheinbaum-y-ricardo-gallardo-durante-visita-a-slp\\\/#primaryimage\"},\"thumbnailUrl\":\"https:\\\/\\\/canal7slp.tv\\\/2025\\\/wp-content\\\/uploads\\\/2025\\\/07\\\/Poky02GobernadorVisita.jpg\",\"datePublished\":\"2025-07-08T00:07:05+00:00\",\"breadcrumb\":{\"@id\":\"https:\\\/\\\/canal7slp.tv\\\/2025\\\/multiples-temas-llegaron-a-acuerdo-entre-claudia-sheinbaum-y-ricardo-gallardo-durante-visita-a-slp\\\/#breadcrumb\"},\"inLanguage\":\"es\",\"potentialAction\":[{\"@type\":\"ReadAction\",\"target\":[\"https:\\\/\\\/canal7slp.tv\\\/2025\\\/multiples-temas-llegaron-a-acuerdo-entre-claudia-sheinbaum-y-ricardo-gallardo-durante-visita-a-slp\\\/\"]}]},{\"@type\":\"ImageObject\",\"inLanguage\":\"es\",\"@id\":\"https:\\\/\\\/canal7slp.tv\\\/2025\\\/multiples-temas-llegaron-a-acuerdo-entre-claudia-sheinbaum-y-ricardo-gallardo-durante-visita-a-slp\\\/#primaryimage\",\"url\":\"https:\\\/\\\/canal7slp.tv\\\/2025\\\/wp-content\\\/uploads\\\/2025\\\/07\\\/Poky02GobernadorVisita.jpg\",\"contentUrl\":\"https:\\\/\\\/canal7slp.tv\\\/2025\\\/wp-content\\\/uploads\\\/2025\\\/07\\\/Poky02GobernadorVisita.jpg\",\"width\":1280,\"height\":720},{\"@type\":\"BreadcrumbList\",\"@id\":\"https:\\\/\\\/canal7slp.tv\\\/2025\\\/multiples-temas-llegaron-a-acuerdo-entre-claudia-sheinbaum-y-ricardo-gallardo-durante-visita-a-slp\\\/#breadcrumb\",\"itemListElement\":[{\"@type\":\"ListItem\",\"position\":1,\"name\":\"Portada\",\"item\":\"https:\\\/\\\/canal7slp.tv\\\/2025\\\/\"},{\"@type\":\"ListItem\",\"position\":2,\"name\":\"M\u00faltiples temas llegaron a acuerdo entre Claudia Sheinbaum y Ricardo Gallardo durante visita a SLP\"}]},{\"@type\":\"WebSite\",\"@id\":\"https:\\\/\\\/canal7slp.tv\\\/2025\\\/#website\",\"url\":\"https:\\\/\\\/canal7slp.tv\\\/2025\\\/\",\"name\":\"N7 - Noticieros Canal 7\",\"description\":\"Somos el Medio\",\"publisher\":{\"@id\":\"https:\\\/\\\/canal7slp.tv\\\/2025\\\/#organization\"},\"potentialAction\":[{\"@type\":\"SearchAction\",\"target\":{\"@type\":\"EntryPoint\",\"urlTemplate\":\"https:\\\/\\\/canal7slp.tv\\\/2025\\\/?s={search_term_string}\"},\"query-input\":{\"@type\":\"PropertyValueSpecification\",\"valueRequired\":true,\"valueName\":\"search_term_string\"}}],\"inLanguage\":\"es\"},{\"@type\":\"Organization\",\"@id\":\"https:\\\/\\\/canal7slp.tv\\\/2025\\\/#organization\",\"name\":\"Noticieros Canal 7\",\"url\":\"https:\\\/\\\/canal7slp.tv\\\/2025\\\/\",\"logo\":{\"@type\":\"ImageObject\",\"inLanguage\":\"es\",\"@id\":\"https:\\\/\\\/canal7slp.tv\\\/2025\\\/#\\\/schema\\\/logo\\\/image\\\/\",\"url\":\"https:\\\/\\\/canal7slp.tv\\\/2025\\\/wp-content\\\/uploads\\\/2021\\\/01\\\/logo-noticieros@2x.png\",\"contentUrl\":\"https:\\\/\\\/canal7slp.tv\\\/2025\\\/wp-content\\\/uploads\\\/2021\\\/01\\\/logo-noticieros@2x.png\",\"width\":1017,\"height\":268,\"caption\":\"Noticieros Canal 7\"},\"image\":{\"@id\":\"https:\\\/\\\/canal7slp.tv\\\/2025\\\/#\\\/schema\\\/logo\\\/image\\\/\"},\"sameAs\":[\"https:\\\/\\\/www.facebook.com\\\/noticieroscanal7atencionciudadana\\\/\",\"https:\\\/\\\/x.com\\\/NOTICIEROS7\",\"https:\\\/\\\/www.instagram.com\\\/canal7_slp\",\"https:\\\/\\\/www.youtube.com\\\/channel\\\/UCliiYs-gP3JfJeqdPrNdd5A\"]},{\"@type\":\"Person\",\"@id\":\"https:\\\/\\\/canal7slp.tv\\\/2025\\\/#\\\/schema\\\/person\\\/271e2b60a96e7cc9d9ac296f4d7e414b\",\"name\":\"Edici\u00f3n Web\",\"image\":{\"@type\":\"ImageObject\",\"inLanguage\":\"es\",\"@id\":\"https:\\\/\\\/secure.gravatar.com\\\/avatar\\\/eee448fc3f7164808013b816ba91ac7e43bbe82a70bebac296f8bc6f0addaa1a?s=96&d=mm&r=g\",\"url\":\"https:\\\/\\\/secure.gravatar.com\\\/avatar\\\/eee448fc3f7164808013b816ba91ac7e43bbe82a70bebac296f8bc6f0addaa1a?s=96&d=mm&r=g\",\"contentUrl\":\"https:\\\/\\\/secure.gravatar.com\\\/avatar\\\/eee448fc3f7164808013b816ba91ac7e43bbe82a70bebac296f8bc6f0addaa1a?s=96&d=mm&r=g\",\"caption\":\"Edici\u00f3n Web\"},\"url\":\"https:\\\/\\\/canal7slp.tv\\\/2025\\\/author\\\/edicionweb\\\/\"}]}<\/script>\n<!-- \/ Yoast SEO plugin. -->","yoast_head_json":{"title":"M\u00faltiples temas llegaron a acuerdo entre Claudia Sheinbaum y Ricardo Gallardo durante visita a SLP - Canal 7 SLP - 2025","robots":{"index":"index","follow":"follow","max-snippet":"max-snippet:-1","max-image-preview":"max-image-preview:large","max-video-preview":"max-video-preview:-1"},"canonical":"https:\/\/canal7slp.tv\/2025\/multiples-temas-llegaron-a-acuerdo-entre-claudia-sheinbaum-y-ricardo-gallardo-durante-visita-a-slp\/","og_locale":"es_ES","og_type":"article","og_title":"M\u00faltiples temas llegaron a acuerdo entre Claudia Sheinbaum y Ricardo Gallardo durante visita a SLP - Canal 7 SLP - 2025","og_description":"SLP.- Durante la \u00faltima visita de la presidenta de la Rep\u00fablica Mexicana, Claudia Sheinbaum a San Luis Potos\u00ed se llegaron a una variedad de acuerdos, as\u00ed lo expuso el gobernador Jos\u00e9 Ricardo Gallardo Cardona. \u201cNos pusimos ya de acuerdo en el tema ya el deslinde total del estado con el tema de los hospitales, ya los va a atender el Gobierno Federal, los va a atender al cien por ciento, les va a dar recurso suficiente, que eso es lo que trabajamos con ella para que se les diera el recurso suficiente\u201d. La zona Huasteca se ver\u00e1 beneficiada. \u201cLa remodelaci\u00f3n [&hellip;]","og_url":"https:\/\/canal7slp.tv\/2025\/multiples-temas-llegaron-a-acuerdo-entre-claudia-sheinbaum-y-ricardo-gallardo-durante-visita-a-slp\/","og_site_name":"Canal 7 SLP - 2025","article_publisher":"https:\/\/www.facebook.com\/noticieroscanal7atencionciudadana\/","article_published_time":"2025-07-08T00:07:05+00:00","og_image":[{"width":1280,"height":720,"url":"https:\/\/canal7slp.tv\/2025\/wp-content\/uploads\/2025\/07\/Poky02GobernadorVisita.jpg","type":"image\/jpeg"}],"author":"Edici\u00f3n Web","twitter_card":"summary_large_image","twitter_creator":"@NOTICIEROS7","twitter_site":"@NOTICIEROS7","twitter_misc":{"Escrito por":"Edici\u00f3n Web","Tiempo de lectura":"2 minutos"},"schema":{"@context":"https:\/\/schema.org","@graph":[{"@type":"Article","@id":"https:\/\/canal7slp.tv\/2025\/multiples-temas-llegaron-a-acuerdo-entre-claudia-sheinbaum-y-ricardo-gallardo-durante-visita-a-slp\/#article","isPartOf":{"@id":"https:\/\/canal7slp.tv\/2025\/multiples-temas-llegaron-a-acuerdo-entre-claudia-sheinbaum-y-ricardo-gallardo-durante-visita-a-slp\/"},"author":{"name":"Edici\u00f3n Web","@id":"https:\/\/canal7slp.tv\/2025\/#\/schema\/person\/271e2b60a96e7cc9d9ac296f4d7e414b"},"headline":"M\u00faltiples temas llegaron a acuerdo entre Claudia Sheinbaum y Ricardo Gallardo durante visita a SLP","datePublished":"2025-07-08T00:07:05+00:00","mainEntityOfPage":{"@id":"https:\/\/canal7slp.tv\/2025\/multiples-temas-llegaron-a-acuerdo-entre-claudia-sheinbaum-y-ricardo-gallardo-durante-visita-a-slp\/"},"wordCount":268,"publisher":{"@id":"https:\/\/canal7slp.tv\/2025\/#organization"},"image":{"@id":"https:\/\/canal7slp.tv\/2025\/multiples-temas-llegaron-a-acuerdo-entre-claudia-sheinbaum-y-ricardo-gallardo-durante-visita-a-slp\/#primaryimage"},"thumbnailUrl":"https:\/\/canal7slp.tv\/2025\/wp-content\/uploads\/2025\/07\/Poky02GobernadorVisita.jpg","articleSection":["DESTACADAS","GOBEDOSLP","LOCALES Y REGIONALES"],"inLanguage":"es"},{"@type":"WebPage","@id":"https:\/\/canal7slp.tv\/2025\/multiples-temas-llegaron-a-acuerdo-entre-claudia-sheinbaum-y-ricardo-gallardo-durante-visita-a-slp\/","url":"https:\/\/canal7slp.tv\/2025\/multiples-temas-llegaron-a-acuerdo-entre-claudia-sheinbaum-y-ricardo-gallardo-durante-visita-a-slp\/","name":"M\u00faltiples temas llegaron a acuerdo entre Claudia Sheinbaum y Ricardo Gallardo durante visita a SLP - Canal 7 SLP - 2025","isPartOf":{"@id":"https:\/\/canal7slp.tv\/2025\/#website"},"primaryImageOfPage":{"@id":"https:\/\/canal7slp.tv\/2025\/multiples-temas-llegaron-a-acuerdo-entre-claudia-sheinbaum-y-ricardo-gallardo-durante-visita-a-slp\/#primaryimage"},"image":{"@id":"https:\/\/canal7slp.tv\/2025\/multiples-temas-llegaron-a-acuerdo-entre-claudia-sheinbaum-y-ricardo-gallardo-durante-visita-a-slp\/#primaryimage"},"thumbnailUrl":"https:\/\/canal7slp.tv\/2025\/wp-content\/uploads\/2025\/07\/Poky02GobernadorVisita.jpg","datePublished":"2025-07-08T00:07:05+00:00","breadcrumb":{"@id":"https:\/\/canal7slp.tv\/2025\/multiples-temas-llegaron-a-acuerdo-entre-claudia-sheinbaum-y-ricardo-gallardo-durante-visita-a-slp\/#breadcrumb"},"inLanguage":"es","potentialAction":[{"@type":"ReadAction","target":["https:\/\/canal7slp.tv\/2025\/multiples-temas-llegaron-a-acuerdo-entre-claudia-sheinbaum-y-ricardo-gallardo-durante-visita-a-slp\/"]}]},{"@type":"ImageObject","inLanguage":"es","@id":"https:\/\/canal7slp.tv\/2025\/multiples-temas-llegaron-a-acuerdo-entre-claudia-sheinbaum-y-ricardo-gallardo-durante-visita-a-slp\/#primaryimage","url":"https:\/\/canal7slp.tv\/2025\/wp-content\/uploads\/2025\/07\/Poky02GobernadorVisita.jpg","contentUrl":"https:\/\/canal7slp.tv\/2025\/wp-content\/uploads\/2025\/07\/Poky02GobernadorVisita.jpg","width":1280,"height":720},{"@type":"BreadcrumbList","@id":"https:\/\/canal7slp.tv\/2025\/multiples-temas-llegaron-a-acuerdo-entre-claudia-sheinbaum-y-ricardo-gallardo-durante-visita-a-slp\/#breadcrumb","itemListElement":[{"@type":"ListItem","position":1,"name":"Portada","item":"https:\/\/canal7slp.tv\/2025\/"},{"@type":"ListItem","position":2,"name":"M\u00faltiples temas llegaron a acuerdo entre Claudia Sheinbaum y Ricardo Gallardo durante visita a SLP"}]},{"@type":"WebSite","@id":"https:\/\/canal7slp.tv\/2025\/#website","url":"https:\/\/canal7slp.tv\/2025\/","name":"N7 - Noticieros Canal 7","description":"Somos el Medio","publisher":{"@id":"https:\/\/canal7slp.tv\/2025\/#organization"},"potentialAction":[{"@type":"SearchAction","target":{"@type":"EntryPoint","urlTemplate":"https:\/\/canal7slp.tv\/2025\/?s={search_term_string}"},"query-input":{"@type":"PropertyValueSpecification","valueRequired":true,"valueName":"search_term_string"}}],"inLanguage":"es"},{"@type":"Organization","@id":"https:\/\/canal7slp.tv\/2025\/#organization","name":"Noticieros Canal 7","url":"https:\/\/canal7slp.tv\/2025\/","logo":{"@type":"ImageObject","inLanguage":"es","@id":"https:\/\/canal7slp.tv\/2025\/#\/schema\/logo\/image\/","url":"https:\/\/canal7slp.tv\/2025\/wp-content\/uploads\/2021\/01\/logo-noticieros@2x.png","contentUrl":"https:\/\/canal7slp.tv\/2025\/wp-content\/uploads\/2021\/01\/logo-noticieros@2x.png","width":1017,"height":268,"caption":"Noticieros Canal 7"},"image":{"@id":"https:\/\/canal7slp.tv\/2025\/#\/schema\/logo\/image\/"},"sameAs":["https:\/\/www.facebook.com\/noticieroscanal7atencionciudadana\/","https:\/\/x.com\/NOTICIEROS7","https:\/\/www.instagram.com\/canal7_slp","https:\/\/www.youtube.com\/channel\/UCliiYs-gP3JfJeqdPrNdd5A"]},{"@type":"Person","@id":"https:\/\/canal7slp.tv\/2025\/#\/schema\/person\/271e2b60a96e7cc9d9ac296f4d7e414b","name":"Edici\u00f3n Web","image":{"@type":"ImageObject","inLanguage":"es","@id":"https:\/\/secure.gravatar.com\/avatar\/eee448fc3f7164808013b816ba91ac7e43bbe82a70bebac296f8bc6f0addaa1a?s=96&d=mm&r=g","url":"https:\/\/secure.gravatar.com\/avatar\/eee448fc3f7164808013b816ba91ac7e43bbe82a70bebac296f8bc6f0addaa1a?s=96&d=mm&r=g","contentUrl":"https:\/\/secure.gravatar.com\/avatar\/eee448fc3f7164808013b816ba91ac7e43bbe82a70bebac296f8bc6f0addaa1a?s=96&d=mm&r=g","caption":"Edici\u00f3n Web"},"url":"https:\/\/canal7slp.tv\/2025\/author\/edicionweb\/"}]}},"_links":{"self":[{"href":"https:\/\/canal7slp.tv\/2025\/wp-json\/wp\/v2\/posts\/172843","targetHints":{"allow":["GET"]}}],"collection":[{"href":"https:\/\/canal7slp.tv\/2025\/wp-json\/wp\/v2\/posts"}],"about":[{"href":"https:\/\/canal7slp.tv\/2025\/wp-json\/wp\/v2\/types\/post"}],"author":[{"embeddable":true,"href":"https:\/\/canal7slp.tv\/2025\/wp-json\/wp\/v2\/users\/2"}],"replies":[{"embeddable":true,"href":"https:\/\/canal7slp.tv\/2025\/wp-json\/wp\/v2\/comments?post=172843"}],"version-history":[{"count":3,"href":"https:\/\/canal7slp.tv\/2025\/wp-json\/wp\/v2\/posts\/172843\/revisions"}],"predecessor-version":[{"id":172860,"href":"https:\/\/canal7slp.tv\/2025\/wp-json\/wp\/v2\/posts\/172843\/revisions\/172860"}],"wp:featuredmedia":[{"embeddable":true,"href":"https:\/\/canal7slp.tv\/2025\/wp-json\/wp\/v2\/media\/172859"}],"wp:attachment":[{"href":"https:\/\/canal7slp.tv\/2025\/wp-json\/wp\/v2\/media?parent=172843"}],"wp:term":[{"taxonomy":"category","embeddable":true,"href":"https:\/\/canal7slp.tv\/2025\/wp-json\/wp\/v2\/categories?post=172843"},{"taxonomy":"post_tag","embeddable":true,"href":"https:\/\/canal7slp.tv\/2025\/wp-json\/wp\/v2\/tags?post=172843"}],"curies":[{"name":"wp","href":"https:\/\/api.w.org\/{rel}","templated":true}]}}