{"id":172790,"date":"2025-07-07T14:14:43","date_gmt":"2025-07-07T20:14:43","guid":{"rendered":"https:\/\/canal7slp.tv\/2025\/?p=172790"},"modified":"2025-09-11T17:30:14","modified_gmt":"2025-09-11T23:30:14","slug":"atletico-de-san-luis-culmino-pretemporada-ante-racing-de-veracruz","status":"publish","type":"post","link":"https:\/\/canal7slp.tv\/2025\/atletico-de-san-luis-culmino-pretemporada-ante-racing-de-veracruz\/","title":{"rendered":"Atl\u00e9tico de San Luis culmin\u00f3 pretemporada ante Racing de Veracruz"},"content":{"rendered":"<p style=\"text-align: justify;\">SLP.- Atl\u00e9tico de San Luis concluy\u00f3 su preparaci\u00f3n rumbo al torneo Apertura 2025 al imponerse 9-0 ante Racing de Veracruz.<\/p>\n<p style=\"text-align: justify;\">El encuentro se disput\u00f3 a dos tiempos de 45 minutos cada uno. Desde los primeros minutos, el conjunto potosino mostr\u00f3 dominio en el terreno de juego.<\/p>\n<p style=\"text-align: justify;\">Al\u00a0 23\u2019, Galdames abri\u00f3 el marcador con un remate de cabeza dentro del<\/p>\n<p style=\"text-align: justify;\">\u00e1rea tras un buen centro.<\/p>\n<p style=\"text-align: justify;\">Diez minutos m\u00e1s tarde, Sebasti\u00e1n P\u00e9rez Bouquet fue derribado dentro del \u00e1rea y el<\/p>\n<p style=\"text-align: justify;\">\u00e1rbitro marc\u00f3 penal. Galdames fue el encargado de cobrar para firmar su segundo<\/p>\n<p style=\"text-align: justify;\">tanto de la tarde.<\/p>\n<p style=\"text-align: justify;\">Al 35\u2019, Mateo Klimowicz asisti\u00f3 a Yan Philipe, quien defini\u00f3 frente al<\/p>\n<p style=\"text-align: justify;\">arco para colocar el 3-0. Minutos despu\u00e9s, al 43\u2019, Galdames anot\u00f3 su tercer gol tras<\/p>\n<p style=\"text-align: justify;\">una gran jugada colectiva, esta vez con asistencia de Yan Philipe.<\/p>\n<p style=\"text-align: justify;\">Para la segunda mitad, Al 48\u2019, Galdames firm\u00f3 su p\u00f3ker con un disparo desde el borde del \u00e1rea que venci\u00f3 al guardameta rival.<\/p>\n<p style=\"text-align: justify;\">En el minuto 57,\u00a0 Villal filtr\u00f3 un pase preciso para Klimowicz, quien defini\u00f3 con clase para el sexto gol potosino.<\/p>\n<p style=\"text-align: justify;\">Al 66\u2019, Galdames sell\u00f3 su memorable actuaci\u00f3n con su quinto tanto del partido tras una jugada en el \u00e1rea. Tres minutos m\u00e1s tarde, Klimowicz aprovech\u00f3 un error del portero para marcar el octavo.<\/p>\n<p style=\"text-align: justify;\">Finalmente, al minuto 85, Benjam\u00edn Galdames volvi\u00f3 a hacerse presente<\/p>\n<p style=\"text-align: justify;\">en el marcador con un remate dentro del \u00e1rea, firmando as\u00ed su sexto gol personal y el<\/p>\n<p style=\"text-align: justify;\">noveno del equipo.<\/p>\n<p style=\"text-align: justify;\">Con este resultado, Atl\u00e9tico de San Luis cerr\u00f3 su pretemporada y se declara listo para<\/p>\n<p style=\"text-align: justify;\">el debut en el Apertura 2025, que ser\u00e1 el pr\u00f3ximo domingo 13 de julio cuando visite a<\/p>\n<p style=\"text-align: justify;\">Le\u00f3n en la jornada 1 del campeonato.<\/p>\n","protected":false},"excerpt":{"rendered":"<p>SLP.- Atl\u00e9tico de San Luis concluy\u00f3 su preparaci\u00f3n rumbo al torneo Apertura 2025 al imponerse 9-0 ante Racing de Veracruz. El encuentro se disput\u00f3 a dos tiempos de 45 minutos cada uno. Desde los primeros minutos, el conjunto potosino mostr\u00f3 dominio en el terreno de juego. Al\u00a0 23\u2019, Galdames abri\u00f3 el marcador con un remate de cabeza dentro del \u00e1rea tras un buen centro. Diez minutos m\u00e1s tarde, Sebasti\u00e1n P\u00e9rez Bouquet fue derribado dentro del \u00e1rea y el \u00e1rbitro marc\u00f3 penal. Galdames fue el encargado de cobrar para firmar su segundo tanto de la tarde. Al 35\u2019, Mateo Klimowicz asisti\u00f3 [&hellip;]<\/p>\n","protected":false},"author":2,"featured_media":172793,"comment_status":"closed","ping_status":"closed","sticky":false,"template":"","format":"standard","meta":{"_monsterinsights_skip_tracking":false,"_monsterinsights_sitenote_active":false,"_monsterinsights_sitenote_note":"","_monsterinsights_sitenote_category":0,"footnotes":""},"categories":[7,5],"tags":[],"class_list":["post-172790","post","type-post","status-publish","format-standard","has-post-thumbnail","hentry","category-deportes","category-destacadas","post--single"],"yoast_head":"<!-- This site is optimized with the Yoast SEO plugin v27.5 - https:\/\/yoast.com\/product\/yoast-seo-wordpress\/ -->\n<title>Atl\u00e9tico de San Luis culmin\u00f3 pretemporada ante Racing de Veracruz - Canal 7 SLP - 2025<\/title>\n<meta name=\"robots\" content=\"index, follow, max-snippet:-1, max-image-preview:large, max-video-preview:-1\" \/>\n<link rel=\"canonical\" href=\"https:\/\/canal7slp.tv\/2025\/atletico-de-san-luis-culmino-pretemporada-ante-racing-de-veracruz\/\" \/>\n<meta property=\"og:locale\" content=\"es_ES\" \/>\n<meta property=\"og:type\" content=\"article\" \/>\n<meta property=\"og:title\" content=\"Atl\u00e9tico de San Luis culmin\u00f3 pretemporada ante Racing de Veracruz - Canal 7 SLP - 2025\" \/>\n<meta property=\"og:description\" content=\"SLP.- Atl\u00e9tico de San Luis concluy\u00f3 su preparaci\u00f3n rumbo al torneo Apertura 2025 al imponerse 9-0 ante Racing de Veracruz. El encuentro se disput\u00f3 a dos tiempos de 45 minutos cada uno. Desde los primeros minutos, el conjunto potosino mostr\u00f3 dominio en el terreno de juego. Al\u00a0 23\u2019, Galdames abri\u00f3 el marcador con un remate de cabeza dentro del \u00e1rea tras un buen centro. Diez minutos m\u00e1s tarde, Sebasti\u00e1n P\u00e9rez Bouquet fue derribado dentro del \u00e1rea y el \u00e1rbitro marc\u00f3 penal. Galdames fue el encargado de cobrar para firmar su segundo tanto de la tarde. Al 35\u2019, Mateo Klimowicz asisti\u00f3 [&hellip;]\" \/>\n<meta property=\"og:url\" content=\"https:\/\/canal7slp.tv\/2025\/atletico-de-san-luis-culmino-pretemporada-ante-racing-de-veracruz\/\" \/>\n<meta property=\"og:site_name\" content=\"Canal 7 SLP - 2025\" \/>\n<meta property=\"article:publisher\" content=\"https:\/\/www.facebook.com\/noticieroscanal7atencionciudadana\/\" \/>\n<meta property=\"article:published_time\" content=\"2025-07-07T20:14:43+00:00\" \/>\n<meta property=\"article:modified_time\" content=\"2025-09-11T23:30:14+00:00\" \/>\n<meta property=\"og:image\" content=\"https:\/\/canal7slp.tv\/2025\/wp-content\/uploads\/2025\/07\/Froi01Atletico.jpg\" \/>\n\t<meta property=\"og:image:width\" content=\"1280\" \/>\n\t<meta property=\"og:image:height\" content=\"720\" \/>\n\t<meta property=\"og:image:type\" content=\"image\/jpeg\" \/>\n<meta name=\"author\" content=\"Edici\u00f3n Web\" \/>\n<meta name=\"twitter:card\" content=\"summary_large_image\" \/>\n<meta name=\"twitter:creator\" content=\"@NOTICIEROS7\" \/>\n<meta name=\"twitter:site\" content=\"@NOTICIEROS7\" \/>\n<meta name=\"twitter:label1\" content=\"Escrito por\" \/>\n\t<meta name=\"twitter:data1\" content=\"Edici\u00f3n Web\" \/>\n\t<meta name=\"twitter:label2\" content=\"Tiempo de lectura\" \/>\n\t<meta name=\"twitter:data2\" content=\"2 minutos\" \/>\n<script type=\"application\/ld+json\" class=\"yoast-schema-graph\">{\"@context\":\"https:\\\/\\\/schema.org\",\"@graph\":[{\"@type\":\"Article\",\"@id\":\"https:\\\/\\\/canal7slp.tv\\\/2025\\\/atletico-de-san-luis-culmino-pretemporada-ante-racing-de-veracruz\\\/#article\",\"isPartOf\":{\"@id\":\"https:\\\/\\\/canal7slp.tv\\\/2025\\\/atletico-de-san-luis-culmino-pretemporada-ante-racing-de-veracruz\\\/\"},\"author\":{\"name\":\"Edici\u00f3n Web\",\"@id\":\"https:\\\/\\\/canal7slp.tv\\\/2025\\\/#\\\/schema\\\/person\\\/271e2b60a96e7cc9d9ac296f4d7e414b\"},\"headline\":\"Atl\u00e9tico de San Luis culmin\u00f3 pretemporada ante Racing de Veracruz\",\"datePublished\":\"2025-07-07T20:14:43+00:00\",\"dateModified\":\"2025-09-11T23:30:14+00:00\",\"mainEntityOfPage\":{\"@id\":\"https:\\\/\\\/canal7slp.tv\\\/2025\\\/atletico-de-san-luis-culmino-pretemporada-ante-racing-de-veracruz\\\/\"},\"wordCount\":291,\"publisher\":{\"@id\":\"https:\\\/\\\/canal7slp.tv\\\/2025\\\/#organization\"},\"image\":{\"@id\":\"https:\\\/\\\/canal7slp.tv\\\/2025\\\/atletico-de-san-luis-culmino-pretemporada-ante-racing-de-veracruz\\\/#primaryimage\"},\"thumbnailUrl\":\"https:\\\/\\\/canal7slp.tv\\\/2025\\\/wp-content\\\/uploads\\\/2025\\\/07\\\/Froi01Atletico.jpg\",\"articleSection\":[\"DEPORTES\",\"DESTACADAS\"],\"inLanguage\":\"es\"},{\"@type\":\"WebPage\",\"@id\":\"https:\\\/\\\/canal7slp.tv\\\/2025\\\/atletico-de-san-luis-culmino-pretemporada-ante-racing-de-veracruz\\\/\",\"url\":\"https:\\\/\\\/canal7slp.tv\\\/2025\\\/atletico-de-san-luis-culmino-pretemporada-ante-racing-de-veracruz\\\/\",\"name\":\"Atl\u00e9tico de San Luis culmin\u00f3 pretemporada ante Racing de Veracruz - Canal 7 SLP - 2025\",\"isPartOf\":{\"@id\":\"https:\\\/\\\/canal7slp.tv\\\/2025\\\/#website\"},\"primaryImageOfPage\":{\"@id\":\"https:\\\/\\\/canal7slp.tv\\\/2025\\\/atletico-de-san-luis-culmino-pretemporada-ante-racing-de-veracruz\\\/#primaryimage\"},\"image\":{\"@id\":\"https:\\\/\\\/canal7slp.tv\\\/2025\\\/atletico-de-san-luis-culmino-pretemporada-ante-racing-de-veracruz\\\/#primaryimage\"},\"thumbnailUrl\":\"https:\\\/\\\/canal7slp.tv\\\/2025\\\/wp-content\\\/uploads\\\/2025\\\/07\\\/Froi01Atletico.jpg\",\"datePublished\":\"2025-07-07T20:14:43+00:00\",\"dateModified\":\"2025-09-11T23:30:14+00:00\",\"breadcrumb\":{\"@id\":\"https:\\\/\\\/canal7slp.tv\\\/2025\\\/atletico-de-san-luis-culmino-pretemporada-ante-racing-de-veracruz\\\/#breadcrumb\"},\"inLanguage\":\"es\",\"potentialAction\":[{\"@type\":\"ReadAction\",\"target\":[\"https:\\\/\\\/canal7slp.tv\\\/2025\\\/atletico-de-san-luis-culmino-pretemporada-ante-racing-de-veracruz\\\/\"]}]},{\"@type\":\"ImageObject\",\"inLanguage\":\"es\",\"@id\":\"https:\\\/\\\/canal7slp.tv\\\/2025\\\/atletico-de-san-luis-culmino-pretemporada-ante-racing-de-veracruz\\\/#primaryimage\",\"url\":\"https:\\\/\\\/canal7slp.tv\\\/2025\\\/wp-content\\\/uploads\\\/2025\\\/07\\\/Froi01Atletico.jpg\",\"contentUrl\":\"https:\\\/\\\/canal7slp.tv\\\/2025\\\/wp-content\\\/uploads\\\/2025\\\/07\\\/Froi01Atletico.jpg\",\"width\":1280,\"height\":720},{\"@type\":\"BreadcrumbList\",\"@id\":\"https:\\\/\\\/canal7slp.tv\\\/2025\\\/atletico-de-san-luis-culmino-pretemporada-ante-racing-de-veracruz\\\/#breadcrumb\",\"itemListElement\":[{\"@type\":\"ListItem\",\"position\":1,\"name\":\"Portada\",\"item\":\"https:\\\/\\\/canal7slp.tv\\\/2025\\\/\"},{\"@type\":\"ListItem\",\"position\":2,\"name\":\"Atl\u00e9tico de San Luis culmin\u00f3 pretemporada ante Racing de Veracruz\"}]},{\"@type\":\"WebSite\",\"@id\":\"https:\\\/\\\/canal7slp.tv\\\/2025\\\/#website\",\"url\":\"https:\\\/\\\/canal7slp.tv\\\/2025\\\/\",\"name\":\"N7 - Noticieros Canal 7\",\"description\":\"Somos el Medio\",\"publisher\":{\"@id\":\"https:\\\/\\\/canal7slp.tv\\\/2025\\\/#organization\"},\"potentialAction\":[{\"@type\":\"SearchAction\",\"target\":{\"@type\":\"EntryPoint\",\"urlTemplate\":\"https:\\\/\\\/canal7slp.tv\\\/2025\\\/?s={search_term_string}\"},\"query-input\":{\"@type\":\"PropertyValueSpecification\",\"valueRequired\":true,\"valueName\":\"search_term_string\"}}],\"inLanguage\":\"es\"},{\"@type\":\"Organization\",\"@id\":\"https:\\\/\\\/canal7slp.tv\\\/2025\\\/#organization\",\"name\":\"Noticieros Canal 7\",\"url\":\"https:\\\/\\\/canal7slp.tv\\\/2025\\\/\",\"logo\":{\"@type\":\"ImageObject\",\"inLanguage\":\"es\",\"@id\":\"https:\\\/\\\/canal7slp.tv\\\/2025\\\/#\\\/schema\\\/logo\\\/image\\\/\",\"url\":\"https:\\\/\\\/canal7slp.tv\\\/2025\\\/wp-content\\\/uploads\\\/2021\\\/01\\\/logo-noticieros@2x.png\",\"contentUrl\":\"https:\\\/\\\/canal7slp.tv\\\/2025\\\/wp-content\\\/uploads\\\/2021\\\/01\\\/logo-noticieros@2x.png\",\"width\":1017,\"height\":268,\"caption\":\"Noticieros Canal 7\"},\"image\":{\"@id\":\"https:\\\/\\\/canal7slp.tv\\\/2025\\\/#\\\/schema\\\/logo\\\/image\\\/\"},\"sameAs\":[\"https:\\\/\\\/www.facebook.com\\\/noticieroscanal7atencionciudadana\\\/\",\"https:\\\/\\\/x.com\\\/NOTICIEROS7\",\"https:\\\/\\\/www.instagram.com\\\/canal7_slp\",\"https:\\\/\\\/www.youtube.com\\\/channel\\\/UCliiYs-gP3JfJeqdPrNdd5A\"]},{\"@type\":\"Person\",\"@id\":\"https:\\\/\\\/canal7slp.tv\\\/2025\\\/#\\\/schema\\\/person\\\/271e2b60a96e7cc9d9ac296f4d7e414b\",\"name\":\"Edici\u00f3n Web\",\"image\":{\"@type\":\"ImageObject\",\"inLanguage\":\"es\",\"@id\":\"https:\\\/\\\/secure.gravatar.com\\\/avatar\\\/eee448fc3f7164808013b816ba91ac7e43bbe82a70bebac296f8bc6f0addaa1a?s=96&d=mm&r=g\",\"url\":\"https:\\\/\\\/secure.gravatar.com\\\/avatar\\\/eee448fc3f7164808013b816ba91ac7e43bbe82a70bebac296f8bc6f0addaa1a?s=96&d=mm&r=g\",\"contentUrl\":\"https:\\\/\\\/secure.gravatar.com\\\/avatar\\\/eee448fc3f7164808013b816ba91ac7e43bbe82a70bebac296f8bc6f0addaa1a?s=96&d=mm&r=g\",\"caption\":\"Edici\u00f3n Web\"},\"url\":\"https:\\\/\\\/canal7slp.tv\\\/2025\\\/author\\\/edicionweb\\\/\"}]}<\/script>\n<!-- \/ Yoast SEO plugin. -->","yoast_head_json":{"title":"Atl\u00e9tico de San Luis culmin\u00f3 pretemporada ante Racing de Veracruz - Canal 7 SLP - 2025","robots":{"index":"index","follow":"follow","max-snippet":"max-snippet:-1","max-image-preview":"max-image-preview:large","max-video-preview":"max-video-preview:-1"},"canonical":"https:\/\/canal7slp.tv\/2025\/atletico-de-san-luis-culmino-pretemporada-ante-racing-de-veracruz\/","og_locale":"es_ES","og_type":"article","og_title":"Atl\u00e9tico de San Luis culmin\u00f3 pretemporada ante Racing de Veracruz - Canal 7 SLP - 2025","og_description":"SLP.- Atl\u00e9tico de San Luis concluy\u00f3 su preparaci\u00f3n rumbo al torneo Apertura 2025 al imponerse 9-0 ante Racing de Veracruz. El encuentro se disput\u00f3 a dos tiempos de 45 minutos cada uno. Desde los primeros minutos, el conjunto potosino mostr\u00f3 dominio en el terreno de juego. Al\u00a0 23\u2019, Galdames abri\u00f3 el marcador con un remate de cabeza dentro del \u00e1rea tras un buen centro. Diez minutos m\u00e1s tarde, Sebasti\u00e1n P\u00e9rez Bouquet fue derribado dentro del \u00e1rea y el \u00e1rbitro marc\u00f3 penal. Galdames fue el encargado de cobrar para firmar su segundo tanto de la tarde. Al 35\u2019, Mateo Klimowicz asisti\u00f3 [&hellip;]","og_url":"https:\/\/canal7slp.tv\/2025\/atletico-de-san-luis-culmino-pretemporada-ante-racing-de-veracruz\/","og_site_name":"Canal 7 SLP - 2025","article_publisher":"https:\/\/www.facebook.com\/noticieroscanal7atencionciudadana\/","article_published_time":"2025-07-07T20:14:43+00:00","article_modified_time":"2025-09-11T23:30:14+00:00","og_image":[{"width":1280,"height":720,"url":"https:\/\/canal7slp.tv\/2025\/wp-content\/uploads\/2025\/07\/Froi01Atletico.jpg","type":"image\/jpeg"}],"author":"Edici\u00f3n Web","twitter_card":"summary_large_image","twitter_creator":"@NOTICIEROS7","twitter_site":"@NOTICIEROS7","twitter_misc":{"Escrito por":"Edici\u00f3n Web","Tiempo de lectura":"2 minutos"},"schema":{"@context":"https:\/\/schema.org","@graph":[{"@type":"Article","@id":"https:\/\/canal7slp.tv\/2025\/atletico-de-san-luis-culmino-pretemporada-ante-racing-de-veracruz\/#article","isPartOf":{"@id":"https:\/\/canal7slp.tv\/2025\/atletico-de-san-luis-culmino-pretemporada-ante-racing-de-veracruz\/"},"author":{"name":"Edici\u00f3n Web","@id":"https:\/\/canal7slp.tv\/2025\/#\/schema\/person\/271e2b60a96e7cc9d9ac296f4d7e414b"},"headline":"Atl\u00e9tico de San Luis culmin\u00f3 pretemporada ante Racing de Veracruz","datePublished":"2025-07-07T20:14:43+00:00","dateModified":"2025-09-11T23:30:14+00:00","mainEntityOfPage":{"@id":"https:\/\/canal7slp.tv\/2025\/atletico-de-san-luis-culmino-pretemporada-ante-racing-de-veracruz\/"},"wordCount":291,"publisher":{"@id":"https:\/\/canal7slp.tv\/2025\/#organization"},"image":{"@id":"https:\/\/canal7slp.tv\/2025\/atletico-de-san-luis-culmino-pretemporada-ante-racing-de-veracruz\/#primaryimage"},"thumbnailUrl":"https:\/\/canal7slp.tv\/2025\/wp-content\/uploads\/2025\/07\/Froi01Atletico.jpg","articleSection":["DEPORTES","DESTACADAS"],"inLanguage":"es"},{"@type":"WebPage","@id":"https:\/\/canal7slp.tv\/2025\/atletico-de-san-luis-culmino-pretemporada-ante-racing-de-veracruz\/","url":"https:\/\/canal7slp.tv\/2025\/atletico-de-san-luis-culmino-pretemporada-ante-racing-de-veracruz\/","name":"Atl\u00e9tico de San Luis culmin\u00f3 pretemporada ante Racing de Veracruz - Canal 7 SLP - 2025","isPartOf":{"@id":"https:\/\/canal7slp.tv\/2025\/#website"},"primaryImageOfPage":{"@id":"https:\/\/canal7slp.tv\/2025\/atletico-de-san-luis-culmino-pretemporada-ante-racing-de-veracruz\/#primaryimage"},"image":{"@id":"https:\/\/canal7slp.tv\/2025\/atletico-de-san-luis-culmino-pretemporada-ante-racing-de-veracruz\/#primaryimage"},"thumbnailUrl":"https:\/\/canal7slp.tv\/2025\/wp-content\/uploads\/2025\/07\/Froi01Atletico.jpg","datePublished":"2025-07-07T20:14:43+00:00","dateModified":"2025-09-11T23:30:14+00:00","breadcrumb":{"@id":"https:\/\/canal7slp.tv\/2025\/atletico-de-san-luis-culmino-pretemporada-ante-racing-de-veracruz\/#breadcrumb"},"inLanguage":"es","potentialAction":[{"@type":"ReadAction","target":["https:\/\/canal7slp.tv\/2025\/atletico-de-san-luis-culmino-pretemporada-ante-racing-de-veracruz\/"]}]},{"@type":"ImageObject","inLanguage":"es","@id":"https:\/\/canal7slp.tv\/2025\/atletico-de-san-luis-culmino-pretemporada-ante-racing-de-veracruz\/#primaryimage","url":"https:\/\/canal7slp.tv\/2025\/wp-content\/uploads\/2025\/07\/Froi01Atletico.jpg","contentUrl":"https:\/\/canal7slp.tv\/2025\/wp-content\/uploads\/2025\/07\/Froi01Atletico.jpg","width":1280,"height":720},{"@type":"BreadcrumbList","@id":"https:\/\/canal7slp.tv\/2025\/atletico-de-san-luis-culmino-pretemporada-ante-racing-de-veracruz\/#breadcrumb","itemListElement":[{"@type":"ListItem","position":1,"name":"Portada","item":"https:\/\/canal7slp.tv\/2025\/"},{"@type":"ListItem","position":2,"name":"Atl\u00e9tico de San Luis culmin\u00f3 pretemporada ante Racing de Veracruz"}]},{"@type":"WebSite","@id":"https:\/\/canal7slp.tv\/2025\/#website","url":"https:\/\/canal7slp.tv\/2025\/","name":"N7 - Noticieros Canal 7","description":"Somos el Medio","publisher":{"@id":"https:\/\/canal7slp.tv\/2025\/#organization"},"potentialAction":[{"@type":"SearchAction","target":{"@type":"EntryPoint","urlTemplate":"https:\/\/canal7slp.tv\/2025\/?s={search_term_string}"},"query-input":{"@type":"PropertyValueSpecification","valueRequired":true,"valueName":"search_term_string"}}],"inLanguage":"es"},{"@type":"Organization","@id":"https:\/\/canal7slp.tv\/2025\/#organization","name":"Noticieros Canal 7","url":"https:\/\/canal7slp.tv\/2025\/","logo":{"@type":"ImageObject","inLanguage":"es","@id":"https:\/\/canal7slp.tv\/2025\/#\/schema\/logo\/image\/","url":"https:\/\/canal7slp.tv\/2025\/wp-content\/uploads\/2021\/01\/logo-noticieros@2x.png","contentUrl":"https:\/\/canal7slp.tv\/2025\/wp-content\/uploads\/2021\/01\/logo-noticieros@2x.png","width":1017,"height":268,"caption":"Noticieros Canal 7"},"image":{"@id":"https:\/\/canal7slp.tv\/2025\/#\/schema\/logo\/image\/"},"sameAs":["https:\/\/www.facebook.com\/noticieroscanal7atencionciudadana\/","https:\/\/x.com\/NOTICIEROS7","https:\/\/www.instagram.com\/canal7_slp","https:\/\/www.youtube.com\/channel\/UCliiYs-gP3JfJeqdPrNdd5A"]},{"@type":"Person","@id":"https:\/\/canal7slp.tv\/2025\/#\/schema\/person\/271e2b60a96e7cc9d9ac296f4d7e414b","name":"Edici\u00f3n Web","image":{"@type":"ImageObject","inLanguage":"es","@id":"https:\/\/secure.gravatar.com\/avatar\/eee448fc3f7164808013b816ba91ac7e43bbe82a70bebac296f8bc6f0addaa1a?s=96&d=mm&r=g","url":"https:\/\/secure.gravatar.com\/avatar\/eee448fc3f7164808013b816ba91ac7e43bbe82a70bebac296f8bc6f0addaa1a?s=96&d=mm&r=g","contentUrl":"https:\/\/secure.gravatar.com\/avatar\/eee448fc3f7164808013b816ba91ac7e43bbe82a70bebac296f8bc6f0addaa1a?s=96&d=mm&r=g","caption":"Edici\u00f3n Web"},"url":"https:\/\/canal7slp.tv\/2025\/author\/edicionweb\/"}]}},"_links":{"self":[{"href":"https:\/\/canal7slp.tv\/2025\/wp-json\/wp\/v2\/posts\/172790","targetHints":{"allow":["GET"]}}],"collection":[{"href":"https:\/\/canal7slp.tv\/2025\/wp-json\/wp\/v2\/posts"}],"about":[{"href":"https:\/\/canal7slp.tv\/2025\/wp-json\/wp\/v2\/types\/post"}],"author":[{"embeddable":true,"href":"https:\/\/canal7slp.tv\/2025\/wp-json\/wp\/v2\/users\/2"}],"replies":[{"embeddable":true,"href":"https:\/\/canal7slp.tv\/2025\/wp-json\/wp\/v2\/comments?post=172790"}],"version-history":[{"count":2,"href":"https:\/\/canal7slp.tv\/2025\/wp-json\/wp\/v2\/posts\/172790\/revisions"}],"predecessor-version":[{"id":172794,"href":"https:\/\/canal7slp.tv\/2025\/wp-json\/wp\/v2\/posts\/172790\/revisions\/172794"}],"wp:featuredmedia":[{"embeddable":true,"href":"https:\/\/canal7slp.tv\/2025\/wp-json\/wp\/v2\/media\/172793"}],"wp:attachment":[{"href":"https:\/\/canal7slp.tv\/2025\/wp-json\/wp\/v2\/media?parent=172790"}],"wp:term":[{"taxonomy":"category","embeddable":true,"href":"https:\/\/canal7slp.tv\/2025\/wp-json\/wp\/v2\/categories?post=172790"},{"taxonomy":"post_tag","embeddable":true,"href":"https:\/\/canal7slp.tv\/2025\/wp-json\/wp\/v2\/tags?post=172790"}],"curies":[{"name":"wp","href":"https:\/\/api.w.org\/{rel}","templated":true}]}}