{"id":172787,"date":"2025-07-07T14:03:29","date_gmt":"2025-07-07T20:03:29","guid":{"rendered":"https:\/\/canal7slp.tv\/2025\/?p=172787"},"modified":"2025-07-07T15:21:06","modified_gmt":"2025-07-07T21:21:06","slug":"decomisan-mas-de-una-tonelada-de-metanfetamina-oculta-en-carga-de-tomates-en-tijuana","status":"publish","type":"post","link":"https:\/\/canal7slp.tv\/2025\/decomisan-mas-de-una-tonelada-de-metanfetamina-oculta-en-carga-de-tomates-en-tijuana\/","title":{"rendered":"Decomisan m\u00e1s de una tonelada de metanfetamina oculta en carga de tomates en Tijuana"},"content":{"rendered":"<p style=\"text-align: justify;\">\n<p style=\"text-align: justify;\">Tijuana.- Autoridades mexicanas detuvieron en Tijuana, Baja California, a un conductor de tractocami\u00f3n que transportaba mil 140 kilos de metanfetamina ocultos entre cajas de tomate. El hallazgo se logr\u00f3 gracias a un operativo conjunto encabezado por la Secretar\u00eda de Seguridad y Protecci\u00f3n Ciudadana (SSPC), en coordinaci\u00f3n con la Sedena, Guardia Nacional, Marina, la Fiscal\u00eda General de la Rep\u00fablica (FGR) y la Fuerza Estatal de Seguridad Ciudadana de Baja California.<\/p>\n<p style=\"text-align: justify;\">El decomiso tuvo lugar en un puesto de inspecci\u00f3n en la colonia Hacienda, donde los agentes detectaron modificaciones sospechosas en la parte inferior de la caja refrigerada del tractocami\u00f3n. Tras una revisi\u00f3n minuciosa, se localizaron 564 paquetes de metanfetamina, lo que representa uno de los aseguramientos m\u00e1s grandes en la regi\u00f3n.<\/p>\n<p style=\"text-align: justify;\">Seg\u00fan estimaciones oficiales, el cargamento incautado representa una p\u00e9rdida econ\u00f3mica de 308 millones de pesos para la delincuencia organizada.<\/p>\n<p style=\"text-align: justify;\">La acci\u00f3n forma parte de la &#8216;Operaci\u00f3n Frontera Norte&#8217;, impulsada por el Gobierno mexicano en coordinaci\u00f3n con Estados Unidos para combatir el tr\u00e1fico de drogas y evitar la imposici\u00f3n de aranceles. Desde su implementaci\u00f3n, las autoridades han detenido a cuatro mil 619 personas y han confiscado m\u00e1s de 40 toneladas de sustancias il\u00edcitas.<\/p>\n","protected":false},"excerpt":{"rendered":"<p>Tijuana.- Autoridades mexicanas detuvieron en Tijuana, Baja California, a un conductor de tractocami\u00f3n que transportaba mil 140 kilos de metanfetamina ocultos entre cajas de tomate. El hallazgo se logr\u00f3 gracias a un operativo conjunto encabezado por la Secretar\u00eda de Seguridad y Protecci\u00f3n Ciudadana (SSPC), en coordinaci\u00f3n con la Sedena, Guardia Nacional, Marina, la Fiscal\u00eda General de la Rep\u00fablica (FGR) y la Fuerza Estatal de Seguridad Ciudadana de Baja California. El decomiso tuvo lugar en un puesto de inspecci\u00f3n en la colonia Hacienda, donde los agentes detectaron modificaciones sospechosas en la parte inferior de la caja refrigerada del tractocami\u00f3n. Tras una [&hellip;]<\/p>\n","protected":false},"author":2,"featured_media":172788,"comment_status":"closed","ping_status":"closed","sticky":false,"template":"","format":"standard","meta":{"_monsterinsights_skip_tracking":false,"_monsterinsights_sitenote_active":false,"_monsterinsights_sitenote_note":"","_monsterinsights_sitenote_category":0,"footnotes":""},"categories":[46],"tags":[],"class_list":["post-172787","post","type-post","status-publish","format-standard","has-post-thumbnail","hentry","category-nacional","post--single"],"yoast_head":"<!-- This site is optimized with the Yoast SEO plugin v27.4 - https:\/\/yoast.com\/product\/yoast-seo-wordpress\/ -->\n<title>Decomisan m\u00e1s de una tonelada de metanfetamina oculta en carga de tomates en Tijuana - Canal 7 SLP - 2025<\/title>\n<meta name=\"robots\" content=\"index, follow, max-snippet:-1, max-image-preview:large, max-video-preview:-1\" \/>\n<link rel=\"canonical\" href=\"https:\/\/canal7slp.tv\/2025\/decomisan-mas-de-una-tonelada-de-metanfetamina-oculta-en-carga-de-tomates-en-tijuana\/\" \/>\n<meta property=\"og:locale\" content=\"es_ES\" \/>\n<meta property=\"og:type\" content=\"article\" \/>\n<meta property=\"og:title\" content=\"Decomisan m\u00e1s de una tonelada de metanfetamina oculta en carga de tomates en Tijuana - Canal 7 SLP - 2025\" \/>\n<meta property=\"og:description\" content=\"Tijuana.- Autoridades mexicanas detuvieron en Tijuana, Baja California, a un conductor de tractocami\u00f3n que transportaba mil 140 kilos de metanfetamina ocultos entre cajas de tomate. El hallazgo se logr\u00f3 gracias a un operativo conjunto encabezado por la Secretar\u00eda de Seguridad y Protecci\u00f3n Ciudadana (SSPC), en coordinaci\u00f3n con la Sedena, Guardia Nacional, Marina, la Fiscal\u00eda General de la Rep\u00fablica (FGR) y la Fuerza Estatal de Seguridad Ciudadana de Baja California. El decomiso tuvo lugar en un puesto de inspecci\u00f3n en la colonia Hacienda, donde los agentes detectaron modificaciones sospechosas en la parte inferior de la caja refrigerada del tractocami\u00f3n. Tras una [&hellip;]\" \/>\n<meta property=\"og:url\" content=\"https:\/\/canal7slp.tv\/2025\/decomisan-mas-de-una-tonelada-de-metanfetamina-oculta-en-carga-de-tomates-en-tijuana\/\" \/>\n<meta property=\"og:site_name\" content=\"Canal 7 SLP - 2025\" \/>\n<meta property=\"article:publisher\" content=\"https:\/\/www.facebook.com\/noticieroscanal7atencionciudadana\/\" \/>\n<meta property=\"article:published_time\" content=\"2025-07-07T20:03:29+00:00\" \/>\n<meta property=\"article:modified_time\" content=\"2025-07-07T21:21:06+00:00\" \/>\n<meta property=\"og:image\" content=\"https:\/\/canal7slp.tv\/2025\/wp-content\/uploads\/2025\/07\/03-7.jpg\" \/>\n\t<meta property=\"og:image:width\" content=\"596\" \/>\n\t<meta property=\"og:image:height\" content=\"500\" \/>\n\t<meta property=\"og:image:type\" content=\"image\/jpeg\" \/>\n<meta name=\"author\" content=\"Edici\u00f3n Web\" \/>\n<meta name=\"twitter:card\" content=\"summary_large_image\" \/>\n<meta name=\"twitter:creator\" content=\"@NOTICIEROS7\" \/>\n<meta name=\"twitter:site\" content=\"@NOTICIEROS7\" \/>\n<meta name=\"twitter:label1\" content=\"Escrito por\" \/>\n\t<meta name=\"twitter:data1\" content=\"Edici\u00f3n Web\" \/>\n\t<meta name=\"twitter:label2\" content=\"Tiempo de lectura\" \/>\n\t<meta name=\"twitter:data2\" content=\"1 minuto\" \/>\n<script type=\"application\/ld+json\" class=\"yoast-schema-graph\">{\"@context\":\"https:\\\/\\\/schema.org\",\"@graph\":[{\"@type\":\"Article\",\"@id\":\"https:\\\/\\\/canal7slp.tv\\\/2025\\\/decomisan-mas-de-una-tonelada-de-metanfetamina-oculta-en-carga-de-tomates-en-tijuana\\\/#article\",\"isPartOf\":{\"@id\":\"https:\\\/\\\/canal7slp.tv\\\/2025\\\/decomisan-mas-de-una-tonelada-de-metanfetamina-oculta-en-carga-de-tomates-en-tijuana\\\/\"},\"author\":{\"name\":\"Edici\u00f3n Web\",\"@id\":\"https:\\\/\\\/canal7slp.tv\\\/2025\\\/#\\\/schema\\\/person\\\/271e2b60a96e7cc9d9ac296f4d7e414b\"},\"headline\":\"Decomisan m\u00e1s de una tonelada de metanfetamina oculta en carga de tomates en Tijuana\",\"datePublished\":\"2025-07-07T20:03:29+00:00\",\"dateModified\":\"2025-07-07T21:21:06+00:00\",\"mainEntityOfPage\":{\"@id\":\"https:\\\/\\\/canal7slp.tv\\\/2025\\\/decomisan-mas-de-una-tonelada-de-metanfetamina-oculta-en-carga-de-tomates-en-tijuana\\\/\"},\"wordCount\":225,\"publisher\":{\"@id\":\"https:\\\/\\\/canal7slp.tv\\\/2025\\\/#organization\"},\"image\":{\"@id\":\"https:\\\/\\\/canal7slp.tv\\\/2025\\\/decomisan-mas-de-una-tonelada-de-metanfetamina-oculta-en-carga-de-tomates-en-tijuana\\\/#primaryimage\"},\"thumbnailUrl\":\"https:\\\/\\\/canal7slp.tv\\\/2025\\\/wp-content\\\/uploads\\\/2025\\\/07\\\/03-7.jpg\",\"articleSection\":[\"NACIONALES\"],\"inLanguage\":\"es\"},{\"@type\":\"WebPage\",\"@id\":\"https:\\\/\\\/canal7slp.tv\\\/2025\\\/decomisan-mas-de-una-tonelada-de-metanfetamina-oculta-en-carga-de-tomates-en-tijuana\\\/\",\"url\":\"https:\\\/\\\/canal7slp.tv\\\/2025\\\/decomisan-mas-de-una-tonelada-de-metanfetamina-oculta-en-carga-de-tomates-en-tijuana\\\/\",\"name\":\"Decomisan m\u00e1s de una tonelada de metanfetamina oculta en carga de tomates en Tijuana - Canal 7 SLP - 2025\",\"isPartOf\":{\"@id\":\"https:\\\/\\\/canal7slp.tv\\\/2025\\\/#website\"},\"primaryImageOfPage\":{\"@id\":\"https:\\\/\\\/canal7slp.tv\\\/2025\\\/decomisan-mas-de-una-tonelada-de-metanfetamina-oculta-en-carga-de-tomates-en-tijuana\\\/#primaryimage\"},\"image\":{\"@id\":\"https:\\\/\\\/canal7slp.tv\\\/2025\\\/decomisan-mas-de-una-tonelada-de-metanfetamina-oculta-en-carga-de-tomates-en-tijuana\\\/#primaryimage\"},\"thumbnailUrl\":\"https:\\\/\\\/canal7slp.tv\\\/2025\\\/wp-content\\\/uploads\\\/2025\\\/07\\\/03-7.jpg\",\"datePublished\":\"2025-07-07T20:03:29+00:00\",\"dateModified\":\"2025-07-07T21:21:06+00:00\",\"breadcrumb\":{\"@id\":\"https:\\\/\\\/canal7slp.tv\\\/2025\\\/decomisan-mas-de-una-tonelada-de-metanfetamina-oculta-en-carga-de-tomates-en-tijuana\\\/#breadcrumb\"},\"inLanguage\":\"es\",\"potentialAction\":[{\"@type\":\"ReadAction\",\"target\":[\"https:\\\/\\\/canal7slp.tv\\\/2025\\\/decomisan-mas-de-una-tonelada-de-metanfetamina-oculta-en-carga-de-tomates-en-tijuana\\\/\"]}]},{\"@type\":\"ImageObject\",\"inLanguage\":\"es\",\"@id\":\"https:\\\/\\\/canal7slp.tv\\\/2025\\\/decomisan-mas-de-una-tonelada-de-metanfetamina-oculta-en-carga-de-tomates-en-tijuana\\\/#primaryimage\",\"url\":\"https:\\\/\\\/canal7slp.tv\\\/2025\\\/wp-content\\\/uploads\\\/2025\\\/07\\\/03-7.jpg\",\"contentUrl\":\"https:\\\/\\\/canal7slp.tv\\\/2025\\\/wp-content\\\/uploads\\\/2025\\\/07\\\/03-7.jpg\",\"width\":596,\"height\":500},{\"@type\":\"BreadcrumbList\",\"@id\":\"https:\\\/\\\/canal7slp.tv\\\/2025\\\/decomisan-mas-de-una-tonelada-de-metanfetamina-oculta-en-carga-de-tomates-en-tijuana\\\/#breadcrumb\",\"itemListElement\":[{\"@type\":\"ListItem\",\"position\":1,\"name\":\"Portada\",\"item\":\"https:\\\/\\\/canal7slp.tv\\\/2025\\\/\"},{\"@type\":\"ListItem\",\"position\":2,\"name\":\"Decomisan m\u00e1s de una tonelada de metanfetamina oculta en carga de tomates en Tijuana\"}]},{\"@type\":\"WebSite\",\"@id\":\"https:\\\/\\\/canal7slp.tv\\\/2025\\\/#website\",\"url\":\"https:\\\/\\\/canal7slp.tv\\\/2025\\\/\",\"name\":\"N7 - Noticieros Canal 7\",\"description\":\"Somos el Medio\",\"publisher\":{\"@id\":\"https:\\\/\\\/canal7slp.tv\\\/2025\\\/#organization\"},\"potentialAction\":[{\"@type\":\"SearchAction\",\"target\":{\"@type\":\"EntryPoint\",\"urlTemplate\":\"https:\\\/\\\/canal7slp.tv\\\/2025\\\/?s={search_term_string}\"},\"query-input\":{\"@type\":\"PropertyValueSpecification\",\"valueRequired\":true,\"valueName\":\"search_term_string\"}}],\"inLanguage\":\"es\"},{\"@type\":\"Organization\",\"@id\":\"https:\\\/\\\/canal7slp.tv\\\/2025\\\/#organization\",\"name\":\"Noticieros Canal 7\",\"url\":\"https:\\\/\\\/canal7slp.tv\\\/2025\\\/\",\"logo\":{\"@type\":\"ImageObject\",\"inLanguage\":\"es\",\"@id\":\"https:\\\/\\\/canal7slp.tv\\\/2025\\\/#\\\/schema\\\/logo\\\/image\\\/\",\"url\":\"https:\\\/\\\/canal7slp.tv\\\/2025\\\/wp-content\\\/uploads\\\/2021\\\/01\\\/logo-noticieros@2x.png\",\"contentUrl\":\"https:\\\/\\\/canal7slp.tv\\\/2025\\\/wp-content\\\/uploads\\\/2021\\\/01\\\/logo-noticieros@2x.png\",\"width\":1017,\"height\":268,\"caption\":\"Noticieros Canal 7\"},\"image\":{\"@id\":\"https:\\\/\\\/canal7slp.tv\\\/2025\\\/#\\\/schema\\\/logo\\\/image\\\/\"},\"sameAs\":[\"https:\\\/\\\/www.facebook.com\\\/noticieroscanal7atencionciudadana\\\/\",\"https:\\\/\\\/x.com\\\/NOTICIEROS7\",\"https:\\\/\\\/www.instagram.com\\\/canal7_slp\",\"https:\\\/\\\/www.youtube.com\\\/channel\\\/UCliiYs-gP3JfJeqdPrNdd5A\"]},{\"@type\":\"Person\",\"@id\":\"https:\\\/\\\/canal7slp.tv\\\/2025\\\/#\\\/schema\\\/person\\\/271e2b60a96e7cc9d9ac296f4d7e414b\",\"name\":\"Edici\u00f3n Web\",\"image\":{\"@type\":\"ImageObject\",\"inLanguage\":\"es\",\"@id\":\"https:\\\/\\\/secure.gravatar.com\\\/avatar\\\/eee448fc3f7164808013b816ba91ac7e43bbe82a70bebac296f8bc6f0addaa1a?s=96&d=mm&r=g\",\"url\":\"https:\\\/\\\/secure.gravatar.com\\\/avatar\\\/eee448fc3f7164808013b816ba91ac7e43bbe82a70bebac296f8bc6f0addaa1a?s=96&d=mm&r=g\",\"contentUrl\":\"https:\\\/\\\/secure.gravatar.com\\\/avatar\\\/eee448fc3f7164808013b816ba91ac7e43bbe82a70bebac296f8bc6f0addaa1a?s=96&d=mm&r=g\",\"caption\":\"Edici\u00f3n Web\"},\"url\":\"https:\\\/\\\/canal7slp.tv\\\/2025\\\/author\\\/edicionweb\\\/\"}]}<\/script>\n<!-- \/ Yoast SEO plugin. -->","yoast_head_json":{"title":"Decomisan m\u00e1s de una tonelada de metanfetamina oculta en carga de tomates en Tijuana - Canal 7 SLP - 2025","robots":{"index":"index","follow":"follow","max-snippet":"max-snippet:-1","max-image-preview":"max-image-preview:large","max-video-preview":"max-video-preview:-1"},"canonical":"https:\/\/canal7slp.tv\/2025\/decomisan-mas-de-una-tonelada-de-metanfetamina-oculta-en-carga-de-tomates-en-tijuana\/","og_locale":"es_ES","og_type":"article","og_title":"Decomisan m\u00e1s de una tonelada de metanfetamina oculta en carga de tomates en Tijuana - Canal 7 SLP - 2025","og_description":"Tijuana.- Autoridades mexicanas detuvieron en Tijuana, Baja California, a un conductor de tractocami\u00f3n que transportaba mil 140 kilos de metanfetamina ocultos entre cajas de tomate. El hallazgo se logr\u00f3 gracias a un operativo conjunto encabezado por la Secretar\u00eda de Seguridad y Protecci\u00f3n Ciudadana (SSPC), en coordinaci\u00f3n con la Sedena, Guardia Nacional, Marina, la Fiscal\u00eda General de la Rep\u00fablica (FGR) y la Fuerza Estatal de Seguridad Ciudadana de Baja California. El decomiso tuvo lugar en un puesto de inspecci\u00f3n en la colonia Hacienda, donde los agentes detectaron modificaciones sospechosas en la parte inferior de la caja refrigerada del tractocami\u00f3n. Tras una [&hellip;]","og_url":"https:\/\/canal7slp.tv\/2025\/decomisan-mas-de-una-tonelada-de-metanfetamina-oculta-en-carga-de-tomates-en-tijuana\/","og_site_name":"Canal 7 SLP - 2025","article_publisher":"https:\/\/www.facebook.com\/noticieroscanal7atencionciudadana\/","article_published_time":"2025-07-07T20:03:29+00:00","article_modified_time":"2025-07-07T21:21:06+00:00","og_image":[{"width":596,"height":500,"url":"https:\/\/canal7slp.tv\/2025\/wp-content\/uploads\/2025\/07\/03-7.jpg","type":"image\/jpeg"}],"author":"Edici\u00f3n Web","twitter_card":"summary_large_image","twitter_creator":"@NOTICIEROS7","twitter_site":"@NOTICIEROS7","twitter_misc":{"Escrito por":"Edici\u00f3n Web","Tiempo de lectura":"1 minuto"},"schema":{"@context":"https:\/\/schema.org","@graph":[{"@type":"Article","@id":"https:\/\/canal7slp.tv\/2025\/decomisan-mas-de-una-tonelada-de-metanfetamina-oculta-en-carga-de-tomates-en-tijuana\/#article","isPartOf":{"@id":"https:\/\/canal7slp.tv\/2025\/decomisan-mas-de-una-tonelada-de-metanfetamina-oculta-en-carga-de-tomates-en-tijuana\/"},"author":{"name":"Edici\u00f3n Web","@id":"https:\/\/canal7slp.tv\/2025\/#\/schema\/person\/271e2b60a96e7cc9d9ac296f4d7e414b"},"headline":"Decomisan m\u00e1s de una tonelada de metanfetamina oculta en carga de tomates en Tijuana","datePublished":"2025-07-07T20:03:29+00:00","dateModified":"2025-07-07T21:21:06+00:00","mainEntityOfPage":{"@id":"https:\/\/canal7slp.tv\/2025\/decomisan-mas-de-una-tonelada-de-metanfetamina-oculta-en-carga-de-tomates-en-tijuana\/"},"wordCount":225,"publisher":{"@id":"https:\/\/canal7slp.tv\/2025\/#organization"},"image":{"@id":"https:\/\/canal7slp.tv\/2025\/decomisan-mas-de-una-tonelada-de-metanfetamina-oculta-en-carga-de-tomates-en-tijuana\/#primaryimage"},"thumbnailUrl":"https:\/\/canal7slp.tv\/2025\/wp-content\/uploads\/2025\/07\/03-7.jpg","articleSection":["NACIONALES"],"inLanguage":"es"},{"@type":"WebPage","@id":"https:\/\/canal7slp.tv\/2025\/decomisan-mas-de-una-tonelada-de-metanfetamina-oculta-en-carga-de-tomates-en-tijuana\/","url":"https:\/\/canal7slp.tv\/2025\/decomisan-mas-de-una-tonelada-de-metanfetamina-oculta-en-carga-de-tomates-en-tijuana\/","name":"Decomisan m\u00e1s de una tonelada de metanfetamina oculta en carga de tomates en Tijuana - Canal 7 SLP - 2025","isPartOf":{"@id":"https:\/\/canal7slp.tv\/2025\/#website"},"primaryImageOfPage":{"@id":"https:\/\/canal7slp.tv\/2025\/decomisan-mas-de-una-tonelada-de-metanfetamina-oculta-en-carga-de-tomates-en-tijuana\/#primaryimage"},"image":{"@id":"https:\/\/canal7slp.tv\/2025\/decomisan-mas-de-una-tonelada-de-metanfetamina-oculta-en-carga-de-tomates-en-tijuana\/#primaryimage"},"thumbnailUrl":"https:\/\/canal7slp.tv\/2025\/wp-content\/uploads\/2025\/07\/03-7.jpg","datePublished":"2025-07-07T20:03:29+00:00","dateModified":"2025-07-07T21:21:06+00:00","breadcrumb":{"@id":"https:\/\/canal7slp.tv\/2025\/decomisan-mas-de-una-tonelada-de-metanfetamina-oculta-en-carga-de-tomates-en-tijuana\/#breadcrumb"},"inLanguage":"es","potentialAction":[{"@type":"ReadAction","target":["https:\/\/canal7slp.tv\/2025\/decomisan-mas-de-una-tonelada-de-metanfetamina-oculta-en-carga-de-tomates-en-tijuana\/"]}]},{"@type":"ImageObject","inLanguage":"es","@id":"https:\/\/canal7slp.tv\/2025\/decomisan-mas-de-una-tonelada-de-metanfetamina-oculta-en-carga-de-tomates-en-tijuana\/#primaryimage","url":"https:\/\/canal7slp.tv\/2025\/wp-content\/uploads\/2025\/07\/03-7.jpg","contentUrl":"https:\/\/canal7slp.tv\/2025\/wp-content\/uploads\/2025\/07\/03-7.jpg","width":596,"height":500},{"@type":"BreadcrumbList","@id":"https:\/\/canal7slp.tv\/2025\/decomisan-mas-de-una-tonelada-de-metanfetamina-oculta-en-carga-de-tomates-en-tijuana\/#breadcrumb","itemListElement":[{"@type":"ListItem","position":1,"name":"Portada","item":"https:\/\/canal7slp.tv\/2025\/"},{"@type":"ListItem","position":2,"name":"Decomisan m\u00e1s de una tonelada de metanfetamina oculta en carga de tomates en Tijuana"}]},{"@type":"WebSite","@id":"https:\/\/canal7slp.tv\/2025\/#website","url":"https:\/\/canal7slp.tv\/2025\/","name":"N7 - Noticieros Canal 7","description":"Somos el Medio","publisher":{"@id":"https:\/\/canal7slp.tv\/2025\/#organization"},"potentialAction":[{"@type":"SearchAction","target":{"@type":"EntryPoint","urlTemplate":"https:\/\/canal7slp.tv\/2025\/?s={search_term_string}"},"query-input":{"@type":"PropertyValueSpecification","valueRequired":true,"valueName":"search_term_string"}}],"inLanguage":"es"},{"@type":"Organization","@id":"https:\/\/canal7slp.tv\/2025\/#organization","name":"Noticieros Canal 7","url":"https:\/\/canal7slp.tv\/2025\/","logo":{"@type":"ImageObject","inLanguage":"es","@id":"https:\/\/canal7slp.tv\/2025\/#\/schema\/logo\/image\/","url":"https:\/\/canal7slp.tv\/2025\/wp-content\/uploads\/2021\/01\/logo-noticieros@2x.png","contentUrl":"https:\/\/canal7slp.tv\/2025\/wp-content\/uploads\/2021\/01\/logo-noticieros@2x.png","width":1017,"height":268,"caption":"Noticieros Canal 7"},"image":{"@id":"https:\/\/canal7slp.tv\/2025\/#\/schema\/logo\/image\/"},"sameAs":["https:\/\/www.facebook.com\/noticieroscanal7atencionciudadana\/","https:\/\/x.com\/NOTICIEROS7","https:\/\/www.instagram.com\/canal7_slp","https:\/\/www.youtube.com\/channel\/UCliiYs-gP3JfJeqdPrNdd5A"]},{"@type":"Person","@id":"https:\/\/canal7slp.tv\/2025\/#\/schema\/person\/271e2b60a96e7cc9d9ac296f4d7e414b","name":"Edici\u00f3n Web","image":{"@type":"ImageObject","inLanguage":"es","@id":"https:\/\/secure.gravatar.com\/avatar\/eee448fc3f7164808013b816ba91ac7e43bbe82a70bebac296f8bc6f0addaa1a?s=96&d=mm&r=g","url":"https:\/\/secure.gravatar.com\/avatar\/eee448fc3f7164808013b816ba91ac7e43bbe82a70bebac296f8bc6f0addaa1a?s=96&d=mm&r=g","contentUrl":"https:\/\/secure.gravatar.com\/avatar\/eee448fc3f7164808013b816ba91ac7e43bbe82a70bebac296f8bc6f0addaa1a?s=96&d=mm&r=g","caption":"Edici\u00f3n Web"},"url":"https:\/\/canal7slp.tv\/2025\/author\/edicionweb\/"}]}},"_links":{"self":[{"href":"https:\/\/canal7slp.tv\/2025\/wp-json\/wp\/v2\/posts\/172787","targetHints":{"allow":["GET"]}}],"collection":[{"href":"https:\/\/canal7slp.tv\/2025\/wp-json\/wp\/v2\/posts"}],"about":[{"href":"https:\/\/canal7slp.tv\/2025\/wp-json\/wp\/v2\/types\/post"}],"author":[{"embeddable":true,"href":"https:\/\/canal7slp.tv\/2025\/wp-json\/wp\/v2\/users\/2"}],"replies":[{"embeddable":true,"href":"https:\/\/canal7slp.tv\/2025\/wp-json\/wp\/v2\/comments?post=172787"}],"version-history":[{"count":1,"href":"https:\/\/canal7slp.tv\/2025\/wp-json\/wp\/v2\/posts\/172787\/revisions"}],"predecessor-version":[{"id":172789,"href":"https:\/\/canal7slp.tv\/2025\/wp-json\/wp\/v2\/posts\/172787\/revisions\/172789"}],"wp:featuredmedia":[{"embeddable":true,"href":"https:\/\/canal7slp.tv\/2025\/wp-json\/wp\/v2\/media\/172788"}],"wp:attachment":[{"href":"https:\/\/canal7slp.tv\/2025\/wp-json\/wp\/v2\/media?parent=172787"}],"wp:term":[{"taxonomy":"category","embeddable":true,"href":"https:\/\/canal7slp.tv\/2025\/wp-json\/wp\/v2\/categories?post=172787"},{"taxonomy":"post_tag","embeddable":true,"href":"https:\/\/canal7slp.tv\/2025\/wp-json\/wp\/v2\/tags?post=172787"}],"curies":[{"name":"wp","href":"https:\/\/api.w.org\/{rel}","templated":true}]}}