{"id":172779,"date":"2025-07-07T13:22:11","date_gmt":"2025-07-07T19:22:11","guid":{"rendered":"https:\/\/canal7slp.tv\/2025\/?p=172779"},"modified":"2025-07-07T13:22:11","modified_gmt":"2025-07-07T19:22:11","slug":"smn-alerta-por-lluvias-intensas-en-el-sur-y-noroeste-del-pais","status":"publish","type":"post","link":"https:\/\/canal7slp.tv\/2025\/smn-alerta-por-lluvias-intensas-en-el-sur-y-noroeste-del-pais\/","title":{"rendered":"SMN alerta por lluvias intensas en el sur y noroeste del pa\u00eds"},"content":{"rendered":"<p style=\"text-align: justify;\">M\u00e9xico.- Se anticipan lluvias fuertes a muy fuertes en gran parte del territorio mexicano, con lluvias puntuales intensas en regiones espec\u00edficas de Oaxaca y Chiapas.<\/p>\n<p style=\"text-align: justify;\">El monz\u00f3n mexicano generar\u00e1 condiciones propicias para precipitaciones significativas en estados como Sonora, Chihuahua, Durango, Sinaloa y Nayarit, as\u00ed como chubascos en Baja California Sur.<\/p>\n<p style=\"text-align: justify;\">Un canal de baja presi\u00f3n en la Mesa del Norte y la Mesa Central, junto con inestabilidad atmosf\u00e9rica y la entrada de humedad del oc\u00e9ano Pac\u00edfico y el golfo de M\u00e9xico, contribuir\u00e1n a este fen\u00f3meno, al igual que la onda tropical n\u00famero 9 que se desplazar\u00e1 por el sur del pa\u00eds.<\/p>\n<p style=\"text-align: justify;\">Tambi\u00e9n se prev\u00e9 la llegada de una nueva onda tropical a la pen\u00ednsula de Yucat\u00e1n, lo que intensificar\u00e1 las lluvias en el sureste.<\/p>\n<p style=\"text-align: justify;\">Pron\u00f3stico de lluvias:<\/p>\n<ul style=\"text-align: justify;\">\n<li>Lluvias muy fuertes con puntuales intensas (75 a 150 mm):\u00a0Oaxaca (este y noreste) y Chiapas (sur y suroeste).<\/li>\n<li>Lluvias fuertes con puntuales muy fuertes (50 a 75 mm):\u00a0Sonora, Chihuahua, Durango, Sinaloa, Nayarit, Jalisco, Michoac\u00e1n, Estado de M\u00e9xico y Veracruz.<\/li>\n<li>Chubascos con lluvias puntuales fuertes (25 a 50 mm):\u00a0Coahuila, Nuevo Le\u00f3n, Tamaulipas, San Luis Potos\u00ed, Zacatecas, Aguascalientes, Colima, Guerrero, Morelos, Ciudad de M\u00e9xico, Guanajuato, Quer\u00e9taro, Hidalgo, Puebla, Tlaxcala, Tabasco, Campeche, Yucat\u00e1n y Quintana Roo.<\/li>\n<li>Intervalos de chubascos (5 a 25 mm):\u00a0Baja California Sur.<\/li>\n<\/ul>\n<p style=\"text-align: justify;\">Las lluvias pronosticadas podr\u00edan provocar el aumento en los niveles de r\u00edos y arroyos, as\u00ed como deslaves e inundaciones. Se advierte tambi\u00e9n sobre rachas de viento que podr\u00edan causar la ca\u00edda de \u00e1rboles y anuncios publicitarios.<\/p>\n<p style=\"text-align: justify;\">Temperaturas m\u00e1ximas:<\/p>\n<ul style=\"text-align: justify;\">\n<li>Superiores a 45 \u00b0C:\u00a0Baja California (noreste) y Sonora (centro).<\/li>\n<li>De 40 a 45 \u00b0C:\u00a0Baja California Sur, Chihuahua y Sinaloa.<\/li>\n<li>De 35 a 40 \u00b0C:\u00a0Coahuila, Nuevo Le\u00f3n, Michoac\u00e1n, Guerrero, Tabasco, Campeche y Yucat\u00e1n.<\/li>\n<li>De 30 a 35 \u00b0C:\u00a0Durango, Nayarit, Jalisco, Colima, Tamaulipas, Veracruz, Oaxaca, Chiapas y Quintana Roo.<\/li>\n<\/ul>\n<p style=\"text-align: justify;\">Viento y oleaje:<\/p>\n<ul style=\"text-align: justify;\">\n<li>Se prev\u00e9 viento de 20 a 30 km\/h con rachas de 40 a 60 km\/h en varias regiones, y oleaje de 1.5 a 2.5 metros en la costa occidental de la pen\u00ednsula de Baja California.<\/li>\n<\/ul>\n<p style=\"text-align: justify;\">Pron\u00f3stico regional:<\/p>\n<ul style=\"text-align: justify;\">\n<li>Valle de M\u00e9xico:\u00a0Cielo parcialmente nublado por la ma\u00f1ana, con probabilidad de chubascos por la tarde, especialmente en la Ciudad de M\u00e9xico y el Estado de M\u00e9xico.<\/li>\n<li>Pen\u00ednsula de Baja California:\u00a0Cielo despejado en Baja California y medio nublado en Baja California Sur, con ambiente caluroso.<\/li>\n<li>Pac\u00edfico Norte y Centro:\u00a0Cielo nublado con lluvias muy fuertes en Sonora y Sinaloa, y fuertes en Nayarit, Jalisco y Michoac\u00e1n.<\/li>\n<li>Pac\u00edfico Sur:\u00a0Lluvias intensas en Oaxaca y Chiapas, con posibles descargas el\u00e9ctricas.<\/li>\n<li>Golfo de M\u00e9xico:\u00a0Lluvias muy fuertes en Veracruz, con tormentas el\u00e9ctricas.<\/li>\n<li>Pen\u00ednsula de Yucat\u00e1n:\u00a0Lluvias puntuales fuertes en Campeche, Yucat\u00e1n y Quintana Roo.<\/li>\n<li>Mesa del Norte y Central:\u00a0Lluvias muy fuertes en Chihuahua y Durango, con riesgo de inundaciones.<\/li>\n<\/ul>\n<p style=\"text-align: justify;\">Se recomienda a la poblaci\u00f3n mantenerse informada sobre las condiciones meteorol\u00f3gicas y tomar precauciones ante posibles fen\u00f3menos severos.<\/p>\n<p style=\"text-align: justify;\">\n","protected":false},"excerpt":{"rendered":"<p>M\u00e9xico.- Se anticipan lluvias fuertes a muy fuertes en gran parte del territorio mexicano, con lluvias puntuales intensas en regiones espec\u00edficas de Oaxaca y Chiapas. El monz\u00f3n mexicano generar\u00e1 condiciones propicias para precipitaciones significativas en estados como Sonora, Chihuahua, Durango, Sinaloa y Nayarit, as\u00ed como chubascos en Baja California Sur. Un canal de baja presi\u00f3n en la Mesa del Norte y la Mesa Central, junto con inestabilidad atmosf\u00e9rica y la entrada de humedad del oc\u00e9ano Pac\u00edfico y el golfo de M\u00e9xico, contribuir\u00e1n a este fen\u00f3meno, al igual que la onda tropical n\u00famero 9 que se desplazar\u00e1 por el sur del [&hellip;]<\/p>\n","protected":false},"author":2,"featured_media":172780,"comment_status":"closed","ping_status":"closed","sticky":false,"template":"","format":"standard","meta":{"_monsterinsights_skip_tracking":false,"_monsterinsights_sitenote_active":false,"_monsterinsights_sitenote_note":"","_monsterinsights_sitenote_category":0,"footnotes":""},"categories":[2],"tags":[],"class_list":["post-172779","post","type-post","status-publish","format-standard","has-post-thumbnail","hentry","category-clima","post--single"],"yoast_head":"<!-- This site is optimized with the Yoast SEO plugin v27.4 - https:\/\/yoast.com\/product\/yoast-seo-wordpress\/ -->\n<title>SMN alerta por lluvias intensas en el sur y noroeste del pa\u00eds - Canal 7 SLP - 2025<\/title>\n<meta name=\"robots\" content=\"index, follow, max-snippet:-1, max-image-preview:large, max-video-preview:-1\" \/>\n<link rel=\"canonical\" href=\"https:\/\/canal7slp.tv\/2025\/smn-alerta-por-lluvias-intensas-en-el-sur-y-noroeste-del-pais\/\" \/>\n<meta property=\"og:locale\" content=\"es_ES\" \/>\n<meta property=\"og:type\" content=\"article\" \/>\n<meta property=\"og:title\" content=\"SMN alerta por lluvias intensas en el sur y noroeste del pa\u00eds - Canal 7 SLP - 2025\" \/>\n<meta property=\"og:description\" content=\"M\u00e9xico.- Se anticipan lluvias fuertes a muy fuertes en gran parte del territorio mexicano, con lluvias puntuales intensas en regiones espec\u00edficas de Oaxaca y Chiapas. El monz\u00f3n mexicano generar\u00e1 condiciones propicias para precipitaciones significativas en estados como Sonora, Chihuahua, Durango, Sinaloa y Nayarit, as\u00ed como chubascos en Baja California Sur. Un canal de baja presi\u00f3n en la Mesa del Norte y la Mesa Central, junto con inestabilidad atmosf\u00e9rica y la entrada de humedad del oc\u00e9ano Pac\u00edfico y el golfo de M\u00e9xico, contribuir\u00e1n a este fen\u00f3meno, al igual que la onda tropical n\u00famero 9 que se desplazar\u00e1 por el sur del [&hellip;]\" \/>\n<meta property=\"og:url\" content=\"https:\/\/canal7slp.tv\/2025\/smn-alerta-por-lluvias-intensas-en-el-sur-y-noroeste-del-pais\/\" \/>\n<meta property=\"og:site_name\" content=\"Canal 7 SLP - 2025\" \/>\n<meta property=\"article:publisher\" content=\"https:\/\/www.facebook.com\/noticieroscanal7atencionciudadana\/\" \/>\n<meta property=\"article:published_time\" content=\"2025-07-07T19:22:11+00:00\" \/>\n<meta property=\"og:image\" content=\"https:\/\/canal7slp.tv\/2025\/wp-content\/uploads\/2025\/07\/01-6.jpg\" \/>\n\t<meta property=\"og:image:width\" content=\"767\" \/>\n\t<meta property=\"og:image:height\" content=\"410\" \/>\n\t<meta property=\"og:image:type\" content=\"image\/jpeg\" \/>\n<meta name=\"author\" content=\"Edici\u00f3n Web\" \/>\n<meta name=\"twitter:card\" content=\"summary_large_image\" \/>\n<meta name=\"twitter:creator\" content=\"@NOTICIEROS7\" \/>\n<meta name=\"twitter:site\" content=\"@NOTICIEROS7\" \/>\n<meta name=\"twitter:label1\" content=\"Escrito por\" \/>\n\t<meta name=\"twitter:data1\" content=\"Edici\u00f3n Web\" \/>\n\t<meta name=\"twitter:label2\" content=\"Tiempo de lectura\" \/>\n\t<meta name=\"twitter:data2\" content=\"3 minutos\" \/>\n<script type=\"application\/ld+json\" class=\"yoast-schema-graph\">{\"@context\":\"https:\\\/\\\/schema.org\",\"@graph\":[{\"@type\":\"Article\",\"@id\":\"https:\\\/\\\/canal7slp.tv\\\/2025\\\/smn-alerta-por-lluvias-intensas-en-el-sur-y-noroeste-del-pais\\\/#article\",\"isPartOf\":{\"@id\":\"https:\\\/\\\/canal7slp.tv\\\/2025\\\/smn-alerta-por-lluvias-intensas-en-el-sur-y-noroeste-del-pais\\\/\"},\"author\":{\"name\":\"Edici\u00f3n Web\",\"@id\":\"https:\\\/\\\/canal7slp.tv\\\/2025\\\/#\\\/schema\\\/person\\\/271e2b60a96e7cc9d9ac296f4d7e414b\"},\"headline\":\"SMN alerta por lluvias intensas en el sur y noroeste del pa\u00eds\",\"datePublished\":\"2025-07-07T19:22:11+00:00\",\"mainEntityOfPage\":{\"@id\":\"https:\\\/\\\/canal7slp.tv\\\/2025\\\/smn-alerta-por-lluvias-intensas-en-el-sur-y-noroeste-del-pais\\\/\"},\"wordCount\":522,\"publisher\":{\"@id\":\"https:\\\/\\\/canal7slp.tv\\\/2025\\\/#organization\"},\"image\":{\"@id\":\"https:\\\/\\\/canal7slp.tv\\\/2025\\\/smn-alerta-por-lluvias-intensas-en-el-sur-y-noroeste-del-pais\\\/#primaryimage\"},\"thumbnailUrl\":\"https:\\\/\\\/canal7slp.tv\\\/2025\\\/wp-content\\\/uploads\\\/2025\\\/07\\\/01-6.jpg\",\"articleSection\":[\"CLIMA\"],\"inLanguage\":\"es\"},{\"@type\":\"WebPage\",\"@id\":\"https:\\\/\\\/canal7slp.tv\\\/2025\\\/smn-alerta-por-lluvias-intensas-en-el-sur-y-noroeste-del-pais\\\/\",\"url\":\"https:\\\/\\\/canal7slp.tv\\\/2025\\\/smn-alerta-por-lluvias-intensas-en-el-sur-y-noroeste-del-pais\\\/\",\"name\":\"SMN alerta por lluvias intensas en el sur y noroeste del pa\u00eds - Canal 7 SLP - 2025\",\"isPartOf\":{\"@id\":\"https:\\\/\\\/canal7slp.tv\\\/2025\\\/#website\"},\"primaryImageOfPage\":{\"@id\":\"https:\\\/\\\/canal7slp.tv\\\/2025\\\/smn-alerta-por-lluvias-intensas-en-el-sur-y-noroeste-del-pais\\\/#primaryimage\"},\"image\":{\"@id\":\"https:\\\/\\\/canal7slp.tv\\\/2025\\\/smn-alerta-por-lluvias-intensas-en-el-sur-y-noroeste-del-pais\\\/#primaryimage\"},\"thumbnailUrl\":\"https:\\\/\\\/canal7slp.tv\\\/2025\\\/wp-content\\\/uploads\\\/2025\\\/07\\\/01-6.jpg\",\"datePublished\":\"2025-07-07T19:22:11+00:00\",\"breadcrumb\":{\"@id\":\"https:\\\/\\\/canal7slp.tv\\\/2025\\\/smn-alerta-por-lluvias-intensas-en-el-sur-y-noroeste-del-pais\\\/#breadcrumb\"},\"inLanguage\":\"es\",\"potentialAction\":[{\"@type\":\"ReadAction\",\"target\":[\"https:\\\/\\\/canal7slp.tv\\\/2025\\\/smn-alerta-por-lluvias-intensas-en-el-sur-y-noroeste-del-pais\\\/\"]}]},{\"@type\":\"ImageObject\",\"inLanguage\":\"es\",\"@id\":\"https:\\\/\\\/canal7slp.tv\\\/2025\\\/smn-alerta-por-lluvias-intensas-en-el-sur-y-noroeste-del-pais\\\/#primaryimage\",\"url\":\"https:\\\/\\\/canal7slp.tv\\\/2025\\\/wp-content\\\/uploads\\\/2025\\\/07\\\/01-6.jpg\",\"contentUrl\":\"https:\\\/\\\/canal7slp.tv\\\/2025\\\/wp-content\\\/uploads\\\/2025\\\/07\\\/01-6.jpg\",\"width\":767,\"height\":410},{\"@type\":\"BreadcrumbList\",\"@id\":\"https:\\\/\\\/canal7slp.tv\\\/2025\\\/smn-alerta-por-lluvias-intensas-en-el-sur-y-noroeste-del-pais\\\/#breadcrumb\",\"itemListElement\":[{\"@type\":\"ListItem\",\"position\":1,\"name\":\"Portada\",\"item\":\"https:\\\/\\\/canal7slp.tv\\\/2025\\\/\"},{\"@type\":\"ListItem\",\"position\":2,\"name\":\"SMN alerta por lluvias intensas en el sur y noroeste del pa\u00eds\"}]},{\"@type\":\"WebSite\",\"@id\":\"https:\\\/\\\/canal7slp.tv\\\/2025\\\/#website\",\"url\":\"https:\\\/\\\/canal7slp.tv\\\/2025\\\/\",\"name\":\"N7 - Noticieros Canal 7\",\"description\":\"Somos el Medio\",\"publisher\":{\"@id\":\"https:\\\/\\\/canal7slp.tv\\\/2025\\\/#organization\"},\"potentialAction\":[{\"@type\":\"SearchAction\",\"target\":{\"@type\":\"EntryPoint\",\"urlTemplate\":\"https:\\\/\\\/canal7slp.tv\\\/2025\\\/?s={search_term_string}\"},\"query-input\":{\"@type\":\"PropertyValueSpecification\",\"valueRequired\":true,\"valueName\":\"search_term_string\"}}],\"inLanguage\":\"es\"},{\"@type\":\"Organization\",\"@id\":\"https:\\\/\\\/canal7slp.tv\\\/2025\\\/#organization\",\"name\":\"Noticieros Canal 7\",\"url\":\"https:\\\/\\\/canal7slp.tv\\\/2025\\\/\",\"logo\":{\"@type\":\"ImageObject\",\"inLanguage\":\"es\",\"@id\":\"https:\\\/\\\/canal7slp.tv\\\/2025\\\/#\\\/schema\\\/logo\\\/image\\\/\",\"url\":\"https:\\\/\\\/canal7slp.tv\\\/2025\\\/wp-content\\\/uploads\\\/2021\\\/01\\\/logo-noticieros@2x.png\",\"contentUrl\":\"https:\\\/\\\/canal7slp.tv\\\/2025\\\/wp-content\\\/uploads\\\/2021\\\/01\\\/logo-noticieros@2x.png\",\"width\":1017,\"height\":268,\"caption\":\"Noticieros Canal 7\"},\"image\":{\"@id\":\"https:\\\/\\\/canal7slp.tv\\\/2025\\\/#\\\/schema\\\/logo\\\/image\\\/\"},\"sameAs\":[\"https:\\\/\\\/www.facebook.com\\\/noticieroscanal7atencionciudadana\\\/\",\"https:\\\/\\\/x.com\\\/NOTICIEROS7\",\"https:\\\/\\\/www.instagram.com\\\/canal7_slp\",\"https:\\\/\\\/www.youtube.com\\\/channel\\\/UCliiYs-gP3JfJeqdPrNdd5A\"]},{\"@type\":\"Person\",\"@id\":\"https:\\\/\\\/canal7slp.tv\\\/2025\\\/#\\\/schema\\\/person\\\/271e2b60a96e7cc9d9ac296f4d7e414b\",\"name\":\"Edici\u00f3n Web\",\"image\":{\"@type\":\"ImageObject\",\"inLanguage\":\"es\",\"@id\":\"https:\\\/\\\/secure.gravatar.com\\\/avatar\\\/eee448fc3f7164808013b816ba91ac7e43bbe82a70bebac296f8bc6f0addaa1a?s=96&d=mm&r=g\",\"url\":\"https:\\\/\\\/secure.gravatar.com\\\/avatar\\\/eee448fc3f7164808013b816ba91ac7e43bbe82a70bebac296f8bc6f0addaa1a?s=96&d=mm&r=g\",\"contentUrl\":\"https:\\\/\\\/secure.gravatar.com\\\/avatar\\\/eee448fc3f7164808013b816ba91ac7e43bbe82a70bebac296f8bc6f0addaa1a?s=96&d=mm&r=g\",\"caption\":\"Edici\u00f3n Web\"},\"url\":\"https:\\\/\\\/canal7slp.tv\\\/2025\\\/author\\\/edicionweb\\\/\"}]}<\/script>\n<!-- \/ Yoast SEO plugin. -->","yoast_head_json":{"title":"SMN alerta por lluvias intensas en el sur y noroeste del pa\u00eds - Canal 7 SLP - 2025","robots":{"index":"index","follow":"follow","max-snippet":"max-snippet:-1","max-image-preview":"max-image-preview:large","max-video-preview":"max-video-preview:-1"},"canonical":"https:\/\/canal7slp.tv\/2025\/smn-alerta-por-lluvias-intensas-en-el-sur-y-noroeste-del-pais\/","og_locale":"es_ES","og_type":"article","og_title":"SMN alerta por lluvias intensas en el sur y noroeste del pa\u00eds - Canal 7 SLP - 2025","og_description":"M\u00e9xico.- Se anticipan lluvias fuertes a muy fuertes en gran parte del territorio mexicano, con lluvias puntuales intensas en regiones espec\u00edficas de Oaxaca y Chiapas. El monz\u00f3n mexicano generar\u00e1 condiciones propicias para precipitaciones significativas en estados como Sonora, Chihuahua, Durango, Sinaloa y Nayarit, as\u00ed como chubascos en Baja California Sur. Un canal de baja presi\u00f3n en la Mesa del Norte y la Mesa Central, junto con inestabilidad atmosf\u00e9rica y la entrada de humedad del oc\u00e9ano Pac\u00edfico y el golfo de M\u00e9xico, contribuir\u00e1n a este fen\u00f3meno, al igual que la onda tropical n\u00famero 9 que se desplazar\u00e1 por el sur del [&hellip;]","og_url":"https:\/\/canal7slp.tv\/2025\/smn-alerta-por-lluvias-intensas-en-el-sur-y-noroeste-del-pais\/","og_site_name":"Canal 7 SLP - 2025","article_publisher":"https:\/\/www.facebook.com\/noticieroscanal7atencionciudadana\/","article_published_time":"2025-07-07T19:22:11+00:00","og_image":[{"width":767,"height":410,"url":"https:\/\/canal7slp.tv\/2025\/wp-content\/uploads\/2025\/07\/01-6.jpg","type":"image\/jpeg"}],"author":"Edici\u00f3n Web","twitter_card":"summary_large_image","twitter_creator":"@NOTICIEROS7","twitter_site":"@NOTICIEROS7","twitter_misc":{"Escrito por":"Edici\u00f3n Web","Tiempo de lectura":"3 minutos"},"schema":{"@context":"https:\/\/schema.org","@graph":[{"@type":"Article","@id":"https:\/\/canal7slp.tv\/2025\/smn-alerta-por-lluvias-intensas-en-el-sur-y-noroeste-del-pais\/#article","isPartOf":{"@id":"https:\/\/canal7slp.tv\/2025\/smn-alerta-por-lluvias-intensas-en-el-sur-y-noroeste-del-pais\/"},"author":{"name":"Edici\u00f3n Web","@id":"https:\/\/canal7slp.tv\/2025\/#\/schema\/person\/271e2b60a96e7cc9d9ac296f4d7e414b"},"headline":"SMN alerta por lluvias intensas en el sur y noroeste del pa\u00eds","datePublished":"2025-07-07T19:22:11+00:00","mainEntityOfPage":{"@id":"https:\/\/canal7slp.tv\/2025\/smn-alerta-por-lluvias-intensas-en-el-sur-y-noroeste-del-pais\/"},"wordCount":522,"publisher":{"@id":"https:\/\/canal7slp.tv\/2025\/#organization"},"image":{"@id":"https:\/\/canal7slp.tv\/2025\/smn-alerta-por-lluvias-intensas-en-el-sur-y-noroeste-del-pais\/#primaryimage"},"thumbnailUrl":"https:\/\/canal7slp.tv\/2025\/wp-content\/uploads\/2025\/07\/01-6.jpg","articleSection":["CLIMA"],"inLanguage":"es"},{"@type":"WebPage","@id":"https:\/\/canal7slp.tv\/2025\/smn-alerta-por-lluvias-intensas-en-el-sur-y-noroeste-del-pais\/","url":"https:\/\/canal7slp.tv\/2025\/smn-alerta-por-lluvias-intensas-en-el-sur-y-noroeste-del-pais\/","name":"SMN alerta por lluvias intensas en el sur y noroeste del pa\u00eds - Canal 7 SLP - 2025","isPartOf":{"@id":"https:\/\/canal7slp.tv\/2025\/#website"},"primaryImageOfPage":{"@id":"https:\/\/canal7slp.tv\/2025\/smn-alerta-por-lluvias-intensas-en-el-sur-y-noroeste-del-pais\/#primaryimage"},"image":{"@id":"https:\/\/canal7slp.tv\/2025\/smn-alerta-por-lluvias-intensas-en-el-sur-y-noroeste-del-pais\/#primaryimage"},"thumbnailUrl":"https:\/\/canal7slp.tv\/2025\/wp-content\/uploads\/2025\/07\/01-6.jpg","datePublished":"2025-07-07T19:22:11+00:00","breadcrumb":{"@id":"https:\/\/canal7slp.tv\/2025\/smn-alerta-por-lluvias-intensas-en-el-sur-y-noroeste-del-pais\/#breadcrumb"},"inLanguage":"es","potentialAction":[{"@type":"ReadAction","target":["https:\/\/canal7slp.tv\/2025\/smn-alerta-por-lluvias-intensas-en-el-sur-y-noroeste-del-pais\/"]}]},{"@type":"ImageObject","inLanguage":"es","@id":"https:\/\/canal7slp.tv\/2025\/smn-alerta-por-lluvias-intensas-en-el-sur-y-noroeste-del-pais\/#primaryimage","url":"https:\/\/canal7slp.tv\/2025\/wp-content\/uploads\/2025\/07\/01-6.jpg","contentUrl":"https:\/\/canal7slp.tv\/2025\/wp-content\/uploads\/2025\/07\/01-6.jpg","width":767,"height":410},{"@type":"BreadcrumbList","@id":"https:\/\/canal7slp.tv\/2025\/smn-alerta-por-lluvias-intensas-en-el-sur-y-noroeste-del-pais\/#breadcrumb","itemListElement":[{"@type":"ListItem","position":1,"name":"Portada","item":"https:\/\/canal7slp.tv\/2025\/"},{"@type":"ListItem","position":2,"name":"SMN alerta por lluvias intensas en el sur y noroeste del pa\u00eds"}]},{"@type":"WebSite","@id":"https:\/\/canal7slp.tv\/2025\/#website","url":"https:\/\/canal7slp.tv\/2025\/","name":"N7 - Noticieros Canal 7","description":"Somos el Medio","publisher":{"@id":"https:\/\/canal7slp.tv\/2025\/#organization"},"potentialAction":[{"@type":"SearchAction","target":{"@type":"EntryPoint","urlTemplate":"https:\/\/canal7slp.tv\/2025\/?s={search_term_string}"},"query-input":{"@type":"PropertyValueSpecification","valueRequired":true,"valueName":"search_term_string"}}],"inLanguage":"es"},{"@type":"Organization","@id":"https:\/\/canal7slp.tv\/2025\/#organization","name":"Noticieros Canal 7","url":"https:\/\/canal7slp.tv\/2025\/","logo":{"@type":"ImageObject","inLanguage":"es","@id":"https:\/\/canal7slp.tv\/2025\/#\/schema\/logo\/image\/","url":"https:\/\/canal7slp.tv\/2025\/wp-content\/uploads\/2021\/01\/logo-noticieros@2x.png","contentUrl":"https:\/\/canal7slp.tv\/2025\/wp-content\/uploads\/2021\/01\/logo-noticieros@2x.png","width":1017,"height":268,"caption":"Noticieros Canal 7"},"image":{"@id":"https:\/\/canal7slp.tv\/2025\/#\/schema\/logo\/image\/"},"sameAs":["https:\/\/www.facebook.com\/noticieroscanal7atencionciudadana\/","https:\/\/x.com\/NOTICIEROS7","https:\/\/www.instagram.com\/canal7_slp","https:\/\/www.youtube.com\/channel\/UCliiYs-gP3JfJeqdPrNdd5A"]},{"@type":"Person","@id":"https:\/\/canal7slp.tv\/2025\/#\/schema\/person\/271e2b60a96e7cc9d9ac296f4d7e414b","name":"Edici\u00f3n Web","image":{"@type":"ImageObject","inLanguage":"es","@id":"https:\/\/secure.gravatar.com\/avatar\/eee448fc3f7164808013b816ba91ac7e43bbe82a70bebac296f8bc6f0addaa1a?s=96&d=mm&r=g","url":"https:\/\/secure.gravatar.com\/avatar\/eee448fc3f7164808013b816ba91ac7e43bbe82a70bebac296f8bc6f0addaa1a?s=96&d=mm&r=g","contentUrl":"https:\/\/secure.gravatar.com\/avatar\/eee448fc3f7164808013b816ba91ac7e43bbe82a70bebac296f8bc6f0addaa1a?s=96&d=mm&r=g","caption":"Edici\u00f3n Web"},"url":"https:\/\/canal7slp.tv\/2025\/author\/edicionweb\/"}]}},"_links":{"self":[{"href":"https:\/\/canal7slp.tv\/2025\/wp-json\/wp\/v2\/posts\/172779","targetHints":{"allow":["GET"]}}],"collection":[{"href":"https:\/\/canal7slp.tv\/2025\/wp-json\/wp\/v2\/posts"}],"about":[{"href":"https:\/\/canal7slp.tv\/2025\/wp-json\/wp\/v2\/types\/post"}],"author":[{"embeddable":true,"href":"https:\/\/canal7slp.tv\/2025\/wp-json\/wp\/v2\/users\/2"}],"replies":[{"embeddable":true,"href":"https:\/\/canal7slp.tv\/2025\/wp-json\/wp\/v2\/comments?post=172779"}],"version-history":[{"count":1,"href":"https:\/\/canal7slp.tv\/2025\/wp-json\/wp\/v2\/posts\/172779\/revisions"}],"predecessor-version":[{"id":172781,"href":"https:\/\/canal7slp.tv\/2025\/wp-json\/wp\/v2\/posts\/172779\/revisions\/172781"}],"wp:featuredmedia":[{"embeddable":true,"href":"https:\/\/canal7slp.tv\/2025\/wp-json\/wp\/v2\/media\/172780"}],"wp:attachment":[{"href":"https:\/\/canal7slp.tv\/2025\/wp-json\/wp\/v2\/media?parent=172779"}],"wp:term":[{"taxonomy":"category","embeddable":true,"href":"https:\/\/canal7slp.tv\/2025\/wp-json\/wp\/v2\/categories?post=172779"},{"taxonomy":"post_tag","embeddable":true,"href":"https:\/\/canal7slp.tv\/2025\/wp-json\/wp\/v2\/tags?post=172779"}],"curies":[{"name":"wp","href":"https:\/\/api.w.org\/{rel}","templated":true}]}}