{"id":172548,"date":"2025-07-03T16:34:25","date_gmt":"2025-07-03T22:34:25","guid":{"rendered":"https:\/\/canal7slp.tv\/2025\/?p=172548"},"modified":"2025-07-03T16:34:25","modified_gmt":"2025-07-03T22:34:25","slug":"las-clases-se-reactivaron-despues-de-las-mas-recientes-lluvias-en-slp","status":"publish","type":"post","link":"https:\/\/canal7slp.tv\/2025\/las-clases-se-reactivaron-despues-de-las-mas-recientes-lluvias-en-slp\/","title":{"rendered":"Las clases se reactivaron despu\u00e9s de las m\u00e1s recientes lluvias en SLP"},"content":{"rendered":"<p style=\"text-align: justify;\">SLP.- Las clases se han regularizado en los centros educativos de San Luis Potos\u00ed despu\u00e9s de las precipitaciones pluviales que se registraron durante la \u00faltima semana del mes de junio, as\u00ed lo hizo saber el director general del SEER, Mart\u00edn Rodr\u00edguez Ram\u00edrez.<\/p>\n<p style=\"text-align: justify;\">\u201cHasta ahorita las clases se normalizaron con la salvedad de que los directores tienen instrucciones de estar monitoreando el tema del clima para que no exista riesgo primero a los alumnos y tambi\u00e9n a los docentes\u201d.<\/p>\n<p style=\"text-align: justify;\">La zona m\u00e1s afectada fue la parte Huasteca en donde se tard\u00f3 m\u00e1s la reincorporaci\u00f3n a clases.<\/p>\n<p style=\"text-align: justify;\">\u201cEn la parte Huasteca sur y norte hasta el d\u00eda de antier s\u00ed, ya ahorita se normalizaron las clases, el d\u00eda de hoy y ayer (\u2026) en m\u00ednima parte tuvimos un reporte en el municipio de Santa Mar\u00eda del R\u00edo y alguna parte de la zona Media pero fue m\u00ednimo\u201d.<\/p>\n<p style=\"text-align: justify;\">La evaluaci\u00f3n est\u00e1 en curso para conocer cu\u00e1les instituciones tuvieron da\u00f1os f\u00edsicos.<\/p>\n<p style=\"text-align: justify;\">\u201cTuvimos una reuni\u00f3n de evaluaci\u00f3n, estamos haciendo el an\u00e1lisis cuales son las escuelas que tuvieron mayor da\u00f1o tambi\u00e9n, algunas porque ya su infraestructura es antigua\u201d.<\/p>\n<p>Por: Juan Carlos Contreras<\/p>\n","protected":false},"excerpt":{"rendered":"<p>SLP.- Las clases se han regularizado en los centros educativos de San Luis Potos\u00ed despu\u00e9s de las precipitaciones pluviales que se registraron durante la \u00faltima semana del mes de junio, as\u00ed lo hizo saber el director general del SEER, Mart\u00edn Rodr\u00edguez Ram\u00edrez. \u201cHasta ahorita las clases se normalizaron con la salvedad de que los directores tienen instrucciones de estar monitoreando el tema del clima para que no exista riesgo primero a los alumnos y tambi\u00e9n a los docentes\u201d. La zona m\u00e1s afectada fue la parte Huasteca en donde se tard\u00f3 m\u00e1s la reincorporaci\u00f3n a clases. \u201cEn la parte Huasteca sur [&hellip;]<\/p>\n","protected":false},"author":2,"featured_media":172551,"comment_status":"closed","ping_status":"closed","sticky":false,"template":"","format":"video","meta":{"_monsterinsights_skip_tracking":false,"_monsterinsights_sitenote_active":false,"_monsterinsights_sitenote_note":"","_monsterinsights_sitenote_category":0,"footnotes":""},"categories":[5,510,45],"tags":[],"class_list":["post-172548","post","type-post","status-publish","format-video","has-post-thumbnail","hentry","category-destacadas","category-gobedoslp","category-localesyregionales","post_format-post-format-video","post--single"],"yoast_head":"<!-- This site is optimized with the Yoast SEO plugin v27.4 - https:\/\/yoast.com\/product\/yoast-seo-wordpress\/ -->\n<title>Las clases se reactivaron despu\u00e9s de las m\u00e1s recientes lluvias en SLP - Canal 7 SLP - 2025<\/title>\n<meta name=\"robots\" content=\"index, follow, max-snippet:-1, max-image-preview:large, max-video-preview:-1\" \/>\n<link rel=\"canonical\" href=\"https:\/\/canal7slp.tv\/2025\/las-clases-se-reactivaron-despues-de-las-mas-recientes-lluvias-en-slp\/\" \/>\n<meta property=\"og:locale\" content=\"es_ES\" \/>\n<meta property=\"og:type\" content=\"article\" \/>\n<meta property=\"og:title\" content=\"Las clases se reactivaron despu\u00e9s de las m\u00e1s recientes lluvias en SLP - Canal 7 SLP - 2025\" \/>\n<meta property=\"og:description\" content=\"SLP.- Las clases se han regularizado en los centros educativos de San Luis Potos\u00ed despu\u00e9s de las precipitaciones pluviales que se registraron durante la \u00faltima semana del mes de junio, as\u00ed lo hizo saber el director general del SEER, Mart\u00edn Rodr\u00edguez Ram\u00edrez. \u201cHasta ahorita las clases se normalizaron con la salvedad de que los directores tienen instrucciones de estar monitoreando el tema del clima para que no exista riesgo primero a los alumnos y tambi\u00e9n a los docentes\u201d. La zona m\u00e1s afectada fue la parte Huasteca en donde se tard\u00f3 m\u00e1s la reincorporaci\u00f3n a clases. \u201cEn la parte Huasteca sur [&hellip;]\" \/>\n<meta property=\"og:url\" content=\"https:\/\/canal7slp.tv\/2025\/las-clases-se-reactivaron-despues-de-las-mas-recientes-lluvias-en-slp\/\" \/>\n<meta property=\"og:site_name\" content=\"Canal 7 SLP - 2025\" \/>\n<meta property=\"article:publisher\" content=\"https:\/\/www.facebook.com\/noticieroscanal7atencionciudadana\/\" \/>\n<meta property=\"article:published_time\" content=\"2025-07-03T22:34:25+00:00\" \/>\n<meta property=\"og:image\" content=\"https:\/\/canal7slp.tv\/2025\/wp-content\/uploads\/2025\/07\/Poky03SEERLluvias.jpg\" \/>\n\t<meta property=\"og:image:width\" content=\"1280\" \/>\n\t<meta property=\"og:image:height\" content=\"720\" \/>\n\t<meta property=\"og:image:type\" content=\"image\/jpeg\" \/>\n<meta name=\"author\" content=\"Edici\u00f3n Web\" \/>\n<meta name=\"twitter:card\" content=\"summary_large_image\" \/>\n<meta name=\"twitter:creator\" content=\"@NOTICIEROS7\" \/>\n<meta name=\"twitter:site\" content=\"@NOTICIEROS7\" \/>\n<meta name=\"twitter:label1\" content=\"Escrito por\" \/>\n\t<meta name=\"twitter:data1\" content=\"Edici\u00f3n Web\" \/>\n\t<meta name=\"twitter:label2\" content=\"Tiempo de lectura\" \/>\n\t<meta name=\"twitter:data2\" content=\"2 minutos\" \/>\n<script type=\"application\/ld+json\" class=\"yoast-schema-graph\">{\"@context\":\"https:\\\/\\\/schema.org\",\"@graph\":[{\"@type\":\"Article\",\"@id\":\"https:\\\/\\\/canal7slp.tv\\\/2025\\\/las-clases-se-reactivaron-despues-de-las-mas-recientes-lluvias-en-slp\\\/#article\",\"isPartOf\":{\"@id\":\"https:\\\/\\\/canal7slp.tv\\\/2025\\\/las-clases-se-reactivaron-despues-de-las-mas-recientes-lluvias-en-slp\\\/\"},\"author\":{\"name\":\"Edici\u00f3n Web\",\"@id\":\"https:\\\/\\\/canal7slp.tv\\\/2025\\\/#\\\/schema\\\/person\\\/271e2b60a96e7cc9d9ac296f4d7e414b\"},\"headline\":\"Las clases se reactivaron despu\u00e9s de las m\u00e1s recientes lluvias en SLP\",\"datePublished\":\"2025-07-03T22:34:25+00:00\",\"mainEntityOfPage\":{\"@id\":\"https:\\\/\\\/canal7slp.tv\\\/2025\\\/las-clases-se-reactivaron-despues-de-las-mas-recientes-lluvias-en-slp\\\/\"},\"wordCount\":223,\"publisher\":{\"@id\":\"https:\\\/\\\/canal7slp.tv\\\/2025\\\/#organization\"},\"image\":{\"@id\":\"https:\\\/\\\/canal7slp.tv\\\/2025\\\/las-clases-se-reactivaron-despues-de-las-mas-recientes-lluvias-en-slp\\\/#primaryimage\"},\"thumbnailUrl\":\"https:\\\/\\\/canal7slp.tv\\\/2025\\\/wp-content\\\/uploads\\\/2025\\\/07\\\/Poky03SEERLluvias.jpg\",\"articleSection\":[\"DESTACADAS\",\"GOBEDOSLP\",\"LOCALES Y REGIONALES\"],\"inLanguage\":\"es\"},{\"@type\":\"WebPage\",\"@id\":\"https:\\\/\\\/canal7slp.tv\\\/2025\\\/las-clases-se-reactivaron-despues-de-las-mas-recientes-lluvias-en-slp\\\/\",\"url\":\"https:\\\/\\\/canal7slp.tv\\\/2025\\\/las-clases-se-reactivaron-despues-de-las-mas-recientes-lluvias-en-slp\\\/\",\"name\":\"Las clases se reactivaron despu\u00e9s de las m\u00e1s recientes lluvias en SLP - Canal 7 SLP - 2025\",\"isPartOf\":{\"@id\":\"https:\\\/\\\/canal7slp.tv\\\/2025\\\/#website\"},\"primaryImageOfPage\":{\"@id\":\"https:\\\/\\\/canal7slp.tv\\\/2025\\\/las-clases-se-reactivaron-despues-de-las-mas-recientes-lluvias-en-slp\\\/#primaryimage\"},\"image\":{\"@id\":\"https:\\\/\\\/canal7slp.tv\\\/2025\\\/las-clases-se-reactivaron-despues-de-las-mas-recientes-lluvias-en-slp\\\/#primaryimage\"},\"thumbnailUrl\":\"https:\\\/\\\/canal7slp.tv\\\/2025\\\/wp-content\\\/uploads\\\/2025\\\/07\\\/Poky03SEERLluvias.jpg\",\"datePublished\":\"2025-07-03T22:34:25+00:00\",\"breadcrumb\":{\"@id\":\"https:\\\/\\\/canal7slp.tv\\\/2025\\\/las-clases-se-reactivaron-despues-de-las-mas-recientes-lluvias-en-slp\\\/#breadcrumb\"},\"inLanguage\":\"es\",\"potentialAction\":[{\"@type\":\"ReadAction\",\"target\":[\"https:\\\/\\\/canal7slp.tv\\\/2025\\\/las-clases-se-reactivaron-despues-de-las-mas-recientes-lluvias-en-slp\\\/\"]}]},{\"@type\":\"ImageObject\",\"inLanguage\":\"es\",\"@id\":\"https:\\\/\\\/canal7slp.tv\\\/2025\\\/las-clases-se-reactivaron-despues-de-las-mas-recientes-lluvias-en-slp\\\/#primaryimage\",\"url\":\"https:\\\/\\\/canal7slp.tv\\\/2025\\\/wp-content\\\/uploads\\\/2025\\\/07\\\/Poky03SEERLluvias.jpg\",\"contentUrl\":\"https:\\\/\\\/canal7slp.tv\\\/2025\\\/wp-content\\\/uploads\\\/2025\\\/07\\\/Poky03SEERLluvias.jpg\",\"width\":1280,\"height\":720},{\"@type\":\"BreadcrumbList\",\"@id\":\"https:\\\/\\\/canal7slp.tv\\\/2025\\\/las-clases-se-reactivaron-despues-de-las-mas-recientes-lluvias-en-slp\\\/#breadcrumb\",\"itemListElement\":[{\"@type\":\"ListItem\",\"position\":1,\"name\":\"Portada\",\"item\":\"https:\\\/\\\/canal7slp.tv\\\/2025\\\/\"},{\"@type\":\"ListItem\",\"position\":2,\"name\":\"Las clases se reactivaron despu\u00e9s de las m\u00e1s recientes lluvias en SLP\"}]},{\"@type\":\"WebSite\",\"@id\":\"https:\\\/\\\/canal7slp.tv\\\/2025\\\/#website\",\"url\":\"https:\\\/\\\/canal7slp.tv\\\/2025\\\/\",\"name\":\"N7 - Noticieros Canal 7\",\"description\":\"Somos el Medio\",\"publisher\":{\"@id\":\"https:\\\/\\\/canal7slp.tv\\\/2025\\\/#organization\"},\"potentialAction\":[{\"@type\":\"SearchAction\",\"target\":{\"@type\":\"EntryPoint\",\"urlTemplate\":\"https:\\\/\\\/canal7slp.tv\\\/2025\\\/?s={search_term_string}\"},\"query-input\":{\"@type\":\"PropertyValueSpecification\",\"valueRequired\":true,\"valueName\":\"search_term_string\"}}],\"inLanguage\":\"es\"},{\"@type\":\"Organization\",\"@id\":\"https:\\\/\\\/canal7slp.tv\\\/2025\\\/#organization\",\"name\":\"Noticieros Canal 7\",\"url\":\"https:\\\/\\\/canal7slp.tv\\\/2025\\\/\",\"logo\":{\"@type\":\"ImageObject\",\"inLanguage\":\"es\",\"@id\":\"https:\\\/\\\/canal7slp.tv\\\/2025\\\/#\\\/schema\\\/logo\\\/image\\\/\",\"url\":\"https:\\\/\\\/canal7slp.tv\\\/2025\\\/wp-content\\\/uploads\\\/2021\\\/01\\\/logo-noticieros@2x.png\",\"contentUrl\":\"https:\\\/\\\/canal7slp.tv\\\/2025\\\/wp-content\\\/uploads\\\/2021\\\/01\\\/logo-noticieros@2x.png\",\"width\":1017,\"height\":268,\"caption\":\"Noticieros Canal 7\"},\"image\":{\"@id\":\"https:\\\/\\\/canal7slp.tv\\\/2025\\\/#\\\/schema\\\/logo\\\/image\\\/\"},\"sameAs\":[\"https:\\\/\\\/www.facebook.com\\\/noticieroscanal7atencionciudadana\\\/\",\"https:\\\/\\\/x.com\\\/NOTICIEROS7\",\"https:\\\/\\\/www.instagram.com\\\/canal7_slp\",\"https:\\\/\\\/www.youtube.com\\\/channel\\\/UCliiYs-gP3JfJeqdPrNdd5A\"]},{\"@type\":\"Person\",\"@id\":\"https:\\\/\\\/canal7slp.tv\\\/2025\\\/#\\\/schema\\\/person\\\/271e2b60a96e7cc9d9ac296f4d7e414b\",\"name\":\"Edici\u00f3n Web\",\"image\":{\"@type\":\"ImageObject\",\"inLanguage\":\"es\",\"@id\":\"https:\\\/\\\/secure.gravatar.com\\\/avatar\\\/eee448fc3f7164808013b816ba91ac7e43bbe82a70bebac296f8bc6f0addaa1a?s=96&d=mm&r=g\",\"url\":\"https:\\\/\\\/secure.gravatar.com\\\/avatar\\\/eee448fc3f7164808013b816ba91ac7e43bbe82a70bebac296f8bc6f0addaa1a?s=96&d=mm&r=g\",\"contentUrl\":\"https:\\\/\\\/secure.gravatar.com\\\/avatar\\\/eee448fc3f7164808013b816ba91ac7e43bbe82a70bebac296f8bc6f0addaa1a?s=96&d=mm&r=g\",\"caption\":\"Edici\u00f3n Web\"},\"url\":\"https:\\\/\\\/canal7slp.tv\\\/2025\\\/author\\\/edicionweb\\\/\"}]}<\/script>\n<!-- \/ Yoast SEO plugin. -->","yoast_head_json":{"title":"Las clases se reactivaron despu\u00e9s de las m\u00e1s recientes lluvias en SLP - Canal 7 SLP - 2025","robots":{"index":"index","follow":"follow","max-snippet":"max-snippet:-1","max-image-preview":"max-image-preview:large","max-video-preview":"max-video-preview:-1"},"canonical":"https:\/\/canal7slp.tv\/2025\/las-clases-se-reactivaron-despues-de-las-mas-recientes-lluvias-en-slp\/","og_locale":"es_ES","og_type":"article","og_title":"Las clases se reactivaron despu\u00e9s de las m\u00e1s recientes lluvias en SLP - Canal 7 SLP - 2025","og_description":"SLP.- Las clases se han regularizado en los centros educativos de San Luis Potos\u00ed despu\u00e9s de las precipitaciones pluviales que se registraron durante la \u00faltima semana del mes de junio, as\u00ed lo hizo saber el director general del SEER, Mart\u00edn Rodr\u00edguez Ram\u00edrez. \u201cHasta ahorita las clases se normalizaron con la salvedad de que los directores tienen instrucciones de estar monitoreando el tema del clima para que no exista riesgo primero a los alumnos y tambi\u00e9n a los docentes\u201d. La zona m\u00e1s afectada fue la parte Huasteca en donde se tard\u00f3 m\u00e1s la reincorporaci\u00f3n a clases. \u201cEn la parte Huasteca sur [&hellip;]","og_url":"https:\/\/canal7slp.tv\/2025\/las-clases-se-reactivaron-despues-de-las-mas-recientes-lluvias-en-slp\/","og_site_name":"Canal 7 SLP - 2025","article_publisher":"https:\/\/www.facebook.com\/noticieroscanal7atencionciudadana\/","article_published_time":"2025-07-03T22:34:25+00:00","og_image":[{"width":1280,"height":720,"url":"https:\/\/canal7slp.tv\/2025\/wp-content\/uploads\/2025\/07\/Poky03SEERLluvias.jpg","type":"image\/jpeg"}],"author":"Edici\u00f3n Web","twitter_card":"summary_large_image","twitter_creator":"@NOTICIEROS7","twitter_site":"@NOTICIEROS7","twitter_misc":{"Escrito por":"Edici\u00f3n Web","Tiempo de lectura":"2 minutos"},"schema":{"@context":"https:\/\/schema.org","@graph":[{"@type":"Article","@id":"https:\/\/canal7slp.tv\/2025\/las-clases-se-reactivaron-despues-de-las-mas-recientes-lluvias-en-slp\/#article","isPartOf":{"@id":"https:\/\/canal7slp.tv\/2025\/las-clases-se-reactivaron-despues-de-las-mas-recientes-lluvias-en-slp\/"},"author":{"name":"Edici\u00f3n Web","@id":"https:\/\/canal7slp.tv\/2025\/#\/schema\/person\/271e2b60a96e7cc9d9ac296f4d7e414b"},"headline":"Las clases se reactivaron despu\u00e9s de las m\u00e1s recientes lluvias en SLP","datePublished":"2025-07-03T22:34:25+00:00","mainEntityOfPage":{"@id":"https:\/\/canal7slp.tv\/2025\/las-clases-se-reactivaron-despues-de-las-mas-recientes-lluvias-en-slp\/"},"wordCount":223,"publisher":{"@id":"https:\/\/canal7slp.tv\/2025\/#organization"},"image":{"@id":"https:\/\/canal7slp.tv\/2025\/las-clases-se-reactivaron-despues-de-las-mas-recientes-lluvias-en-slp\/#primaryimage"},"thumbnailUrl":"https:\/\/canal7slp.tv\/2025\/wp-content\/uploads\/2025\/07\/Poky03SEERLluvias.jpg","articleSection":["DESTACADAS","GOBEDOSLP","LOCALES Y REGIONALES"],"inLanguage":"es"},{"@type":"WebPage","@id":"https:\/\/canal7slp.tv\/2025\/las-clases-se-reactivaron-despues-de-las-mas-recientes-lluvias-en-slp\/","url":"https:\/\/canal7slp.tv\/2025\/las-clases-se-reactivaron-despues-de-las-mas-recientes-lluvias-en-slp\/","name":"Las clases se reactivaron despu\u00e9s de las m\u00e1s recientes lluvias en SLP - Canal 7 SLP - 2025","isPartOf":{"@id":"https:\/\/canal7slp.tv\/2025\/#website"},"primaryImageOfPage":{"@id":"https:\/\/canal7slp.tv\/2025\/las-clases-se-reactivaron-despues-de-las-mas-recientes-lluvias-en-slp\/#primaryimage"},"image":{"@id":"https:\/\/canal7slp.tv\/2025\/las-clases-se-reactivaron-despues-de-las-mas-recientes-lluvias-en-slp\/#primaryimage"},"thumbnailUrl":"https:\/\/canal7slp.tv\/2025\/wp-content\/uploads\/2025\/07\/Poky03SEERLluvias.jpg","datePublished":"2025-07-03T22:34:25+00:00","breadcrumb":{"@id":"https:\/\/canal7slp.tv\/2025\/las-clases-se-reactivaron-despues-de-las-mas-recientes-lluvias-en-slp\/#breadcrumb"},"inLanguage":"es","potentialAction":[{"@type":"ReadAction","target":["https:\/\/canal7slp.tv\/2025\/las-clases-se-reactivaron-despues-de-las-mas-recientes-lluvias-en-slp\/"]}]},{"@type":"ImageObject","inLanguage":"es","@id":"https:\/\/canal7slp.tv\/2025\/las-clases-se-reactivaron-despues-de-las-mas-recientes-lluvias-en-slp\/#primaryimage","url":"https:\/\/canal7slp.tv\/2025\/wp-content\/uploads\/2025\/07\/Poky03SEERLluvias.jpg","contentUrl":"https:\/\/canal7slp.tv\/2025\/wp-content\/uploads\/2025\/07\/Poky03SEERLluvias.jpg","width":1280,"height":720},{"@type":"BreadcrumbList","@id":"https:\/\/canal7slp.tv\/2025\/las-clases-se-reactivaron-despues-de-las-mas-recientes-lluvias-en-slp\/#breadcrumb","itemListElement":[{"@type":"ListItem","position":1,"name":"Portada","item":"https:\/\/canal7slp.tv\/2025\/"},{"@type":"ListItem","position":2,"name":"Las clases se reactivaron despu\u00e9s de las m\u00e1s recientes lluvias en SLP"}]},{"@type":"WebSite","@id":"https:\/\/canal7slp.tv\/2025\/#website","url":"https:\/\/canal7slp.tv\/2025\/","name":"N7 - Noticieros Canal 7","description":"Somos el Medio","publisher":{"@id":"https:\/\/canal7slp.tv\/2025\/#organization"},"potentialAction":[{"@type":"SearchAction","target":{"@type":"EntryPoint","urlTemplate":"https:\/\/canal7slp.tv\/2025\/?s={search_term_string}"},"query-input":{"@type":"PropertyValueSpecification","valueRequired":true,"valueName":"search_term_string"}}],"inLanguage":"es"},{"@type":"Organization","@id":"https:\/\/canal7slp.tv\/2025\/#organization","name":"Noticieros Canal 7","url":"https:\/\/canal7slp.tv\/2025\/","logo":{"@type":"ImageObject","inLanguage":"es","@id":"https:\/\/canal7slp.tv\/2025\/#\/schema\/logo\/image\/","url":"https:\/\/canal7slp.tv\/2025\/wp-content\/uploads\/2021\/01\/logo-noticieros@2x.png","contentUrl":"https:\/\/canal7slp.tv\/2025\/wp-content\/uploads\/2021\/01\/logo-noticieros@2x.png","width":1017,"height":268,"caption":"Noticieros Canal 7"},"image":{"@id":"https:\/\/canal7slp.tv\/2025\/#\/schema\/logo\/image\/"},"sameAs":["https:\/\/www.facebook.com\/noticieroscanal7atencionciudadana\/","https:\/\/x.com\/NOTICIEROS7","https:\/\/www.instagram.com\/canal7_slp","https:\/\/www.youtube.com\/channel\/UCliiYs-gP3JfJeqdPrNdd5A"]},{"@type":"Person","@id":"https:\/\/canal7slp.tv\/2025\/#\/schema\/person\/271e2b60a96e7cc9d9ac296f4d7e414b","name":"Edici\u00f3n Web","image":{"@type":"ImageObject","inLanguage":"es","@id":"https:\/\/secure.gravatar.com\/avatar\/eee448fc3f7164808013b816ba91ac7e43bbe82a70bebac296f8bc6f0addaa1a?s=96&d=mm&r=g","url":"https:\/\/secure.gravatar.com\/avatar\/eee448fc3f7164808013b816ba91ac7e43bbe82a70bebac296f8bc6f0addaa1a?s=96&d=mm&r=g","contentUrl":"https:\/\/secure.gravatar.com\/avatar\/eee448fc3f7164808013b816ba91ac7e43bbe82a70bebac296f8bc6f0addaa1a?s=96&d=mm&r=g","caption":"Edici\u00f3n Web"},"url":"https:\/\/canal7slp.tv\/2025\/author\/edicionweb\/"}]}},"_links":{"self":[{"href":"https:\/\/canal7slp.tv\/2025\/wp-json\/wp\/v2\/posts\/172548","targetHints":{"allow":["GET"]}}],"collection":[{"href":"https:\/\/canal7slp.tv\/2025\/wp-json\/wp\/v2\/posts"}],"about":[{"href":"https:\/\/canal7slp.tv\/2025\/wp-json\/wp\/v2\/types\/post"}],"author":[{"embeddable":true,"href":"https:\/\/canal7slp.tv\/2025\/wp-json\/wp\/v2\/users\/2"}],"replies":[{"embeddable":true,"href":"https:\/\/canal7slp.tv\/2025\/wp-json\/wp\/v2\/comments?post=172548"}],"version-history":[{"count":1,"href":"https:\/\/canal7slp.tv\/2025\/wp-json\/wp\/v2\/posts\/172548\/revisions"}],"predecessor-version":[{"id":172549,"href":"https:\/\/canal7slp.tv\/2025\/wp-json\/wp\/v2\/posts\/172548\/revisions\/172549"}],"wp:featuredmedia":[{"embeddable":true,"href":"https:\/\/canal7slp.tv\/2025\/wp-json\/wp\/v2\/media\/172551"}],"wp:attachment":[{"href":"https:\/\/canal7slp.tv\/2025\/wp-json\/wp\/v2\/media?parent=172548"}],"wp:term":[{"taxonomy":"category","embeddable":true,"href":"https:\/\/canal7slp.tv\/2025\/wp-json\/wp\/v2\/categories?post=172548"},{"taxonomy":"post_tag","embeddable":true,"href":"https:\/\/canal7slp.tv\/2025\/wp-json\/wp\/v2\/tags?post=172548"}],"curies":[{"name":"wp","href":"https:\/\/api.w.org\/{rel}","templated":true}]}}