{"id":172540,"date":"2025-07-03T16:01:47","date_gmt":"2025-07-03T22:01:47","guid":{"rendered":"https:\/\/canal7slp.tv\/2025\/?p=172540"},"modified":"2025-07-03T16:01:47","modified_gmt":"2025-07-03T22:01:47","slug":"hospital-y-refugio-huellitas-del-agrado-del-alcalde-juan-manuel-navarro","status":"publish","type":"post","link":"https:\/\/canal7slp.tv\/2025\/hospital-y-refugio-huellitas-del-agrado-del-alcalde-juan-manuel-navarro\/","title":{"rendered":"Hospital y Refugio Huellitas del agrado del alcalde Juan Manuel Navarro"},"content":{"rendered":"<p style=\"text-align: justify;\">SGS.- El proyecto \u201cHospital y Refugio Huellitas\u201d destinado para la atenci\u00f3n de animales el cual se realiza por parte del Gobierno del Estado del San Luis Potos\u00ed en el Municipio de Soledad de Graciano S\u00e1nchez es del agrado del edil Juan Manuel Navarro Mu\u00f1iz.<\/p>\n<p style=\"text-align: justify;\">\u201cLa verdad est\u00e1 de primera, la verdad es, unas instalaciones, me qued\u00e9 sorprendido; es una obra de Gobierno del Estado que est\u00e1 en Soledad, est\u00e1 ah\u00ed en la tercera secci\u00f3n de Santo Tom\u00e1s, en la parte de Valencia, Ciudad Real, entonces va a ser de gran ayuda para nosotros\u201d.<\/p>\n<p style=\"text-align: justify;\">Contar\u00e1 con m\u00faltiples \u00e1reas.<\/p>\n<p style=\"text-align: justify;\">\u201cVimos las instalaciones de primera, va a tener quir\u00f3fano, rayos X, estancia, adiestramiento (\u2026) para m\u00e1s de 500 mascotas entre perritos y gatitos, entonces la verdad est\u00e1 impresionante, el gober comentaba eso, de adiestramiento, zona de entrenamiento para las mascotas, incluso estancia (\u2026) est\u00e9tica tambi\u00e9n\u201d.<\/p>\n<p style=\"text-align: justify;\">La obra ten\u00eda un avance de m\u00e1s del 70% por lo que en breve concluir\u00e1.<\/p>\n<p style=\"text-align: justify;\">\u201cOjal\u00e1 y fuera para principios del mes que entra (\u2026) la parte que comentaba tambi\u00e9n el gobernador es, vamos a, es lo que me ofrec\u00eda a Soledad tambi\u00e9n era que hici\u00e9ramos ah\u00ed una bolsa de trabajo con los vecinos de alrededor, ofrecerle trabajo por parte de Gobierno del Estado, ofrecerle chamba a toda la gente que por ah\u00ed vive para que tambi\u00e9n ellos vean alg\u00fan beneficio\u201d.<\/p>\n<p style=\"text-align: justify;\">Asever\u00f3 que la Direcci\u00f3n de Ecolog\u00eda en Soledad se encarga de evitar da\u00f1os contra los animales, por lo que la obra de infraestructura coadyuvar\u00e1 a esta acci\u00f3n.<\/p>\n<p>Por: Juan Carlos Contreras<\/p>\n","protected":false},"excerpt":{"rendered":"<p>SGS.- El proyecto \u201cHospital y Refugio Huellitas\u201d destinado para la atenci\u00f3n de animales el cual se realiza por parte del Gobierno del Estado del San Luis Potos\u00ed en el Municipio de Soledad de Graciano S\u00e1nchez es del agrado del edil Juan Manuel Navarro Mu\u00f1iz. \u201cLa verdad est\u00e1 de primera, la verdad es, unas instalaciones, me qued\u00e9 sorprendido; es una obra de Gobierno del Estado que est\u00e1 en Soledad, est\u00e1 ah\u00ed en la tercera secci\u00f3n de Santo Tom\u00e1s, en la parte de Valencia, Ciudad Real, entonces va a ser de gran ayuda para nosotros\u201d. Contar\u00e1 con m\u00faltiples \u00e1reas. \u201cVimos las instalaciones [&hellip;]<\/p>\n","protected":false},"author":2,"featured_media":172542,"comment_status":"closed","ping_status":"closed","sticky":false,"template":"","format":"video","meta":{"_monsterinsights_skip_tracking":false,"_monsterinsights_sitenote_active":false,"_monsterinsights_sitenote_note":"","_monsterinsights_sitenote_category":0,"footnotes":""},"categories":[512,5,510,45],"tags":[],"class_list":["post-172540","post","type-post","status-publish","format-video","has-post-thumbnail","hentry","category-ayosgs","category-destacadas","category-gobedoslp","category-localesyregionales","post_format-post-format-video","post--single"],"yoast_head":"<!-- This site is optimized with the Yoast SEO plugin v27.4 - https:\/\/yoast.com\/product\/yoast-seo-wordpress\/ -->\n<title>Hospital y Refugio Huellitas del agrado del alcalde Juan Manuel Navarro - Canal 7 SLP - 2025<\/title>\n<meta name=\"robots\" content=\"index, follow, max-snippet:-1, max-image-preview:large, max-video-preview:-1\" \/>\n<link rel=\"canonical\" href=\"https:\/\/canal7slp.tv\/2025\/hospital-y-refugio-huellitas-del-agrado-del-alcalde-juan-manuel-navarro\/\" \/>\n<meta property=\"og:locale\" content=\"es_ES\" \/>\n<meta property=\"og:type\" content=\"article\" \/>\n<meta property=\"og:title\" content=\"Hospital y Refugio Huellitas del agrado del alcalde Juan Manuel Navarro - Canal 7 SLP - 2025\" \/>\n<meta property=\"og:description\" content=\"SGS.- El proyecto \u201cHospital y Refugio Huellitas\u201d destinado para la atenci\u00f3n de animales el cual se realiza por parte del Gobierno del Estado del San Luis Potos\u00ed en el Municipio de Soledad de Graciano S\u00e1nchez es del agrado del edil Juan Manuel Navarro Mu\u00f1iz. \u201cLa verdad est\u00e1 de primera, la verdad es, unas instalaciones, me qued\u00e9 sorprendido; es una obra de Gobierno del Estado que est\u00e1 en Soledad, est\u00e1 ah\u00ed en la tercera secci\u00f3n de Santo Tom\u00e1s, en la parte de Valencia, Ciudad Real, entonces va a ser de gran ayuda para nosotros\u201d. Contar\u00e1 con m\u00faltiples \u00e1reas. \u201cVimos las instalaciones [&hellip;]\" \/>\n<meta property=\"og:url\" content=\"https:\/\/canal7slp.tv\/2025\/hospital-y-refugio-huellitas-del-agrado-del-alcalde-juan-manuel-navarro\/\" \/>\n<meta property=\"og:site_name\" content=\"Canal 7 SLP - 2025\" \/>\n<meta property=\"article:publisher\" content=\"https:\/\/www.facebook.com\/noticieroscanal7atencionciudadana\/\" \/>\n<meta property=\"article:published_time\" content=\"2025-07-03T22:01:47+00:00\" \/>\n<meta property=\"og:image\" content=\"https:\/\/canal7slp.tv\/2025\/wp-content\/uploads\/2025\/07\/Poky01HospitalRegufio.jpg\" \/>\n\t<meta property=\"og:image:width\" content=\"1280\" \/>\n\t<meta property=\"og:image:height\" content=\"720\" \/>\n\t<meta property=\"og:image:type\" content=\"image\/jpeg\" \/>\n<meta name=\"author\" content=\"Edici\u00f3n Web\" \/>\n<meta name=\"twitter:card\" content=\"summary_large_image\" \/>\n<meta name=\"twitter:creator\" content=\"@NOTICIEROS7\" \/>\n<meta name=\"twitter:site\" content=\"@NOTICIEROS7\" \/>\n<meta name=\"twitter:label1\" content=\"Escrito por\" \/>\n\t<meta name=\"twitter:data1\" content=\"Edici\u00f3n Web\" \/>\n\t<meta name=\"twitter:label2\" content=\"Tiempo de lectura\" \/>\n\t<meta name=\"twitter:data2\" content=\"2 minutos\" \/>\n<script type=\"application\/ld+json\" class=\"yoast-schema-graph\">{\"@context\":\"https:\\\/\\\/schema.org\",\"@graph\":[{\"@type\":\"Article\",\"@id\":\"https:\\\/\\\/canal7slp.tv\\\/2025\\\/hospital-y-refugio-huellitas-del-agrado-del-alcalde-juan-manuel-navarro\\\/#article\",\"isPartOf\":{\"@id\":\"https:\\\/\\\/canal7slp.tv\\\/2025\\\/hospital-y-refugio-huellitas-del-agrado-del-alcalde-juan-manuel-navarro\\\/\"},\"author\":{\"name\":\"Edici\u00f3n Web\",\"@id\":\"https:\\\/\\\/canal7slp.tv\\\/2025\\\/#\\\/schema\\\/person\\\/271e2b60a96e7cc9d9ac296f4d7e414b\"},\"headline\":\"Hospital y Refugio Huellitas del agrado del alcalde Juan Manuel Navarro\",\"datePublished\":\"2025-07-03T22:01:47+00:00\",\"mainEntityOfPage\":{\"@id\":\"https:\\\/\\\/canal7slp.tv\\\/2025\\\/hospital-y-refugio-huellitas-del-agrado-del-alcalde-juan-manuel-navarro\\\/\"},\"wordCount\":283,\"publisher\":{\"@id\":\"https:\\\/\\\/canal7slp.tv\\\/2025\\\/#organization\"},\"image\":{\"@id\":\"https:\\\/\\\/canal7slp.tv\\\/2025\\\/hospital-y-refugio-huellitas-del-agrado-del-alcalde-juan-manuel-navarro\\\/#primaryimage\"},\"thumbnailUrl\":\"https:\\\/\\\/canal7slp.tv\\\/2025\\\/wp-content\\\/uploads\\\/2025\\\/07\\\/Poky01HospitalRegufio.jpg\",\"articleSection\":[\"AYOSGS\",\"DESTACADAS\",\"GOBEDOSLP\",\"LOCALES Y REGIONALES\"],\"inLanguage\":\"es\"},{\"@type\":\"WebPage\",\"@id\":\"https:\\\/\\\/canal7slp.tv\\\/2025\\\/hospital-y-refugio-huellitas-del-agrado-del-alcalde-juan-manuel-navarro\\\/\",\"url\":\"https:\\\/\\\/canal7slp.tv\\\/2025\\\/hospital-y-refugio-huellitas-del-agrado-del-alcalde-juan-manuel-navarro\\\/\",\"name\":\"Hospital y Refugio Huellitas del agrado del alcalde Juan Manuel Navarro - Canal 7 SLP - 2025\",\"isPartOf\":{\"@id\":\"https:\\\/\\\/canal7slp.tv\\\/2025\\\/#website\"},\"primaryImageOfPage\":{\"@id\":\"https:\\\/\\\/canal7slp.tv\\\/2025\\\/hospital-y-refugio-huellitas-del-agrado-del-alcalde-juan-manuel-navarro\\\/#primaryimage\"},\"image\":{\"@id\":\"https:\\\/\\\/canal7slp.tv\\\/2025\\\/hospital-y-refugio-huellitas-del-agrado-del-alcalde-juan-manuel-navarro\\\/#primaryimage\"},\"thumbnailUrl\":\"https:\\\/\\\/canal7slp.tv\\\/2025\\\/wp-content\\\/uploads\\\/2025\\\/07\\\/Poky01HospitalRegufio.jpg\",\"datePublished\":\"2025-07-03T22:01:47+00:00\",\"breadcrumb\":{\"@id\":\"https:\\\/\\\/canal7slp.tv\\\/2025\\\/hospital-y-refugio-huellitas-del-agrado-del-alcalde-juan-manuel-navarro\\\/#breadcrumb\"},\"inLanguage\":\"es\",\"potentialAction\":[{\"@type\":\"ReadAction\",\"target\":[\"https:\\\/\\\/canal7slp.tv\\\/2025\\\/hospital-y-refugio-huellitas-del-agrado-del-alcalde-juan-manuel-navarro\\\/\"]}]},{\"@type\":\"ImageObject\",\"inLanguage\":\"es\",\"@id\":\"https:\\\/\\\/canal7slp.tv\\\/2025\\\/hospital-y-refugio-huellitas-del-agrado-del-alcalde-juan-manuel-navarro\\\/#primaryimage\",\"url\":\"https:\\\/\\\/canal7slp.tv\\\/2025\\\/wp-content\\\/uploads\\\/2025\\\/07\\\/Poky01HospitalRegufio.jpg\",\"contentUrl\":\"https:\\\/\\\/canal7slp.tv\\\/2025\\\/wp-content\\\/uploads\\\/2025\\\/07\\\/Poky01HospitalRegufio.jpg\",\"width\":1280,\"height\":720},{\"@type\":\"BreadcrumbList\",\"@id\":\"https:\\\/\\\/canal7slp.tv\\\/2025\\\/hospital-y-refugio-huellitas-del-agrado-del-alcalde-juan-manuel-navarro\\\/#breadcrumb\",\"itemListElement\":[{\"@type\":\"ListItem\",\"position\":1,\"name\":\"Portada\",\"item\":\"https:\\\/\\\/canal7slp.tv\\\/2025\\\/\"},{\"@type\":\"ListItem\",\"position\":2,\"name\":\"Hospital y Refugio Huellitas del agrado del alcalde Juan Manuel Navarro\"}]},{\"@type\":\"WebSite\",\"@id\":\"https:\\\/\\\/canal7slp.tv\\\/2025\\\/#website\",\"url\":\"https:\\\/\\\/canal7slp.tv\\\/2025\\\/\",\"name\":\"N7 - Noticieros Canal 7\",\"description\":\"Somos el Medio\",\"publisher\":{\"@id\":\"https:\\\/\\\/canal7slp.tv\\\/2025\\\/#organization\"},\"potentialAction\":[{\"@type\":\"SearchAction\",\"target\":{\"@type\":\"EntryPoint\",\"urlTemplate\":\"https:\\\/\\\/canal7slp.tv\\\/2025\\\/?s={search_term_string}\"},\"query-input\":{\"@type\":\"PropertyValueSpecification\",\"valueRequired\":true,\"valueName\":\"search_term_string\"}}],\"inLanguage\":\"es\"},{\"@type\":\"Organization\",\"@id\":\"https:\\\/\\\/canal7slp.tv\\\/2025\\\/#organization\",\"name\":\"Noticieros Canal 7\",\"url\":\"https:\\\/\\\/canal7slp.tv\\\/2025\\\/\",\"logo\":{\"@type\":\"ImageObject\",\"inLanguage\":\"es\",\"@id\":\"https:\\\/\\\/canal7slp.tv\\\/2025\\\/#\\\/schema\\\/logo\\\/image\\\/\",\"url\":\"https:\\\/\\\/canal7slp.tv\\\/2025\\\/wp-content\\\/uploads\\\/2021\\\/01\\\/logo-noticieros@2x.png\",\"contentUrl\":\"https:\\\/\\\/canal7slp.tv\\\/2025\\\/wp-content\\\/uploads\\\/2021\\\/01\\\/logo-noticieros@2x.png\",\"width\":1017,\"height\":268,\"caption\":\"Noticieros Canal 7\"},\"image\":{\"@id\":\"https:\\\/\\\/canal7slp.tv\\\/2025\\\/#\\\/schema\\\/logo\\\/image\\\/\"},\"sameAs\":[\"https:\\\/\\\/www.facebook.com\\\/noticieroscanal7atencionciudadana\\\/\",\"https:\\\/\\\/x.com\\\/NOTICIEROS7\",\"https:\\\/\\\/www.instagram.com\\\/canal7_slp\",\"https:\\\/\\\/www.youtube.com\\\/channel\\\/UCliiYs-gP3JfJeqdPrNdd5A\"]},{\"@type\":\"Person\",\"@id\":\"https:\\\/\\\/canal7slp.tv\\\/2025\\\/#\\\/schema\\\/person\\\/271e2b60a96e7cc9d9ac296f4d7e414b\",\"name\":\"Edici\u00f3n Web\",\"image\":{\"@type\":\"ImageObject\",\"inLanguage\":\"es\",\"@id\":\"https:\\\/\\\/secure.gravatar.com\\\/avatar\\\/eee448fc3f7164808013b816ba91ac7e43bbe82a70bebac296f8bc6f0addaa1a?s=96&d=mm&r=g\",\"url\":\"https:\\\/\\\/secure.gravatar.com\\\/avatar\\\/eee448fc3f7164808013b816ba91ac7e43bbe82a70bebac296f8bc6f0addaa1a?s=96&d=mm&r=g\",\"contentUrl\":\"https:\\\/\\\/secure.gravatar.com\\\/avatar\\\/eee448fc3f7164808013b816ba91ac7e43bbe82a70bebac296f8bc6f0addaa1a?s=96&d=mm&r=g\",\"caption\":\"Edici\u00f3n Web\"},\"url\":\"https:\\\/\\\/canal7slp.tv\\\/2025\\\/author\\\/edicionweb\\\/\"}]}<\/script>\n<!-- \/ Yoast SEO plugin. -->","yoast_head_json":{"title":"Hospital y Refugio Huellitas del agrado del alcalde Juan Manuel Navarro - Canal 7 SLP - 2025","robots":{"index":"index","follow":"follow","max-snippet":"max-snippet:-1","max-image-preview":"max-image-preview:large","max-video-preview":"max-video-preview:-1"},"canonical":"https:\/\/canal7slp.tv\/2025\/hospital-y-refugio-huellitas-del-agrado-del-alcalde-juan-manuel-navarro\/","og_locale":"es_ES","og_type":"article","og_title":"Hospital y Refugio Huellitas del agrado del alcalde Juan Manuel Navarro - Canal 7 SLP - 2025","og_description":"SGS.- El proyecto \u201cHospital y Refugio Huellitas\u201d destinado para la atenci\u00f3n de animales el cual se realiza por parte del Gobierno del Estado del San Luis Potos\u00ed en el Municipio de Soledad de Graciano S\u00e1nchez es del agrado del edil Juan Manuel Navarro Mu\u00f1iz. \u201cLa verdad est\u00e1 de primera, la verdad es, unas instalaciones, me qued\u00e9 sorprendido; es una obra de Gobierno del Estado que est\u00e1 en Soledad, est\u00e1 ah\u00ed en la tercera secci\u00f3n de Santo Tom\u00e1s, en la parte de Valencia, Ciudad Real, entonces va a ser de gran ayuda para nosotros\u201d. Contar\u00e1 con m\u00faltiples \u00e1reas. \u201cVimos las instalaciones [&hellip;]","og_url":"https:\/\/canal7slp.tv\/2025\/hospital-y-refugio-huellitas-del-agrado-del-alcalde-juan-manuel-navarro\/","og_site_name":"Canal 7 SLP - 2025","article_publisher":"https:\/\/www.facebook.com\/noticieroscanal7atencionciudadana\/","article_published_time":"2025-07-03T22:01:47+00:00","og_image":[{"width":1280,"height":720,"url":"https:\/\/canal7slp.tv\/2025\/wp-content\/uploads\/2025\/07\/Poky01HospitalRegufio.jpg","type":"image\/jpeg"}],"author":"Edici\u00f3n Web","twitter_card":"summary_large_image","twitter_creator":"@NOTICIEROS7","twitter_site":"@NOTICIEROS7","twitter_misc":{"Escrito por":"Edici\u00f3n Web","Tiempo de lectura":"2 minutos"},"schema":{"@context":"https:\/\/schema.org","@graph":[{"@type":"Article","@id":"https:\/\/canal7slp.tv\/2025\/hospital-y-refugio-huellitas-del-agrado-del-alcalde-juan-manuel-navarro\/#article","isPartOf":{"@id":"https:\/\/canal7slp.tv\/2025\/hospital-y-refugio-huellitas-del-agrado-del-alcalde-juan-manuel-navarro\/"},"author":{"name":"Edici\u00f3n Web","@id":"https:\/\/canal7slp.tv\/2025\/#\/schema\/person\/271e2b60a96e7cc9d9ac296f4d7e414b"},"headline":"Hospital y Refugio Huellitas del agrado del alcalde Juan Manuel Navarro","datePublished":"2025-07-03T22:01:47+00:00","mainEntityOfPage":{"@id":"https:\/\/canal7slp.tv\/2025\/hospital-y-refugio-huellitas-del-agrado-del-alcalde-juan-manuel-navarro\/"},"wordCount":283,"publisher":{"@id":"https:\/\/canal7slp.tv\/2025\/#organization"},"image":{"@id":"https:\/\/canal7slp.tv\/2025\/hospital-y-refugio-huellitas-del-agrado-del-alcalde-juan-manuel-navarro\/#primaryimage"},"thumbnailUrl":"https:\/\/canal7slp.tv\/2025\/wp-content\/uploads\/2025\/07\/Poky01HospitalRegufio.jpg","articleSection":["AYOSGS","DESTACADAS","GOBEDOSLP","LOCALES Y REGIONALES"],"inLanguage":"es"},{"@type":"WebPage","@id":"https:\/\/canal7slp.tv\/2025\/hospital-y-refugio-huellitas-del-agrado-del-alcalde-juan-manuel-navarro\/","url":"https:\/\/canal7slp.tv\/2025\/hospital-y-refugio-huellitas-del-agrado-del-alcalde-juan-manuel-navarro\/","name":"Hospital y Refugio Huellitas del agrado del alcalde Juan Manuel Navarro - Canal 7 SLP - 2025","isPartOf":{"@id":"https:\/\/canal7slp.tv\/2025\/#website"},"primaryImageOfPage":{"@id":"https:\/\/canal7slp.tv\/2025\/hospital-y-refugio-huellitas-del-agrado-del-alcalde-juan-manuel-navarro\/#primaryimage"},"image":{"@id":"https:\/\/canal7slp.tv\/2025\/hospital-y-refugio-huellitas-del-agrado-del-alcalde-juan-manuel-navarro\/#primaryimage"},"thumbnailUrl":"https:\/\/canal7slp.tv\/2025\/wp-content\/uploads\/2025\/07\/Poky01HospitalRegufio.jpg","datePublished":"2025-07-03T22:01:47+00:00","breadcrumb":{"@id":"https:\/\/canal7slp.tv\/2025\/hospital-y-refugio-huellitas-del-agrado-del-alcalde-juan-manuel-navarro\/#breadcrumb"},"inLanguage":"es","potentialAction":[{"@type":"ReadAction","target":["https:\/\/canal7slp.tv\/2025\/hospital-y-refugio-huellitas-del-agrado-del-alcalde-juan-manuel-navarro\/"]}]},{"@type":"ImageObject","inLanguage":"es","@id":"https:\/\/canal7slp.tv\/2025\/hospital-y-refugio-huellitas-del-agrado-del-alcalde-juan-manuel-navarro\/#primaryimage","url":"https:\/\/canal7slp.tv\/2025\/wp-content\/uploads\/2025\/07\/Poky01HospitalRegufio.jpg","contentUrl":"https:\/\/canal7slp.tv\/2025\/wp-content\/uploads\/2025\/07\/Poky01HospitalRegufio.jpg","width":1280,"height":720},{"@type":"BreadcrumbList","@id":"https:\/\/canal7slp.tv\/2025\/hospital-y-refugio-huellitas-del-agrado-del-alcalde-juan-manuel-navarro\/#breadcrumb","itemListElement":[{"@type":"ListItem","position":1,"name":"Portada","item":"https:\/\/canal7slp.tv\/2025\/"},{"@type":"ListItem","position":2,"name":"Hospital y Refugio Huellitas del agrado del alcalde Juan Manuel Navarro"}]},{"@type":"WebSite","@id":"https:\/\/canal7slp.tv\/2025\/#website","url":"https:\/\/canal7slp.tv\/2025\/","name":"N7 - Noticieros Canal 7","description":"Somos el Medio","publisher":{"@id":"https:\/\/canal7slp.tv\/2025\/#organization"},"potentialAction":[{"@type":"SearchAction","target":{"@type":"EntryPoint","urlTemplate":"https:\/\/canal7slp.tv\/2025\/?s={search_term_string}"},"query-input":{"@type":"PropertyValueSpecification","valueRequired":true,"valueName":"search_term_string"}}],"inLanguage":"es"},{"@type":"Organization","@id":"https:\/\/canal7slp.tv\/2025\/#organization","name":"Noticieros Canal 7","url":"https:\/\/canal7slp.tv\/2025\/","logo":{"@type":"ImageObject","inLanguage":"es","@id":"https:\/\/canal7slp.tv\/2025\/#\/schema\/logo\/image\/","url":"https:\/\/canal7slp.tv\/2025\/wp-content\/uploads\/2021\/01\/logo-noticieros@2x.png","contentUrl":"https:\/\/canal7slp.tv\/2025\/wp-content\/uploads\/2021\/01\/logo-noticieros@2x.png","width":1017,"height":268,"caption":"Noticieros Canal 7"},"image":{"@id":"https:\/\/canal7slp.tv\/2025\/#\/schema\/logo\/image\/"},"sameAs":["https:\/\/www.facebook.com\/noticieroscanal7atencionciudadana\/","https:\/\/x.com\/NOTICIEROS7","https:\/\/www.instagram.com\/canal7_slp","https:\/\/www.youtube.com\/channel\/UCliiYs-gP3JfJeqdPrNdd5A"]},{"@type":"Person","@id":"https:\/\/canal7slp.tv\/2025\/#\/schema\/person\/271e2b60a96e7cc9d9ac296f4d7e414b","name":"Edici\u00f3n Web","image":{"@type":"ImageObject","inLanguage":"es","@id":"https:\/\/secure.gravatar.com\/avatar\/eee448fc3f7164808013b816ba91ac7e43bbe82a70bebac296f8bc6f0addaa1a?s=96&d=mm&r=g","url":"https:\/\/secure.gravatar.com\/avatar\/eee448fc3f7164808013b816ba91ac7e43bbe82a70bebac296f8bc6f0addaa1a?s=96&d=mm&r=g","contentUrl":"https:\/\/secure.gravatar.com\/avatar\/eee448fc3f7164808013b816ba91ac7e43bbe82a70bebac296f8bc6f0addaa1a?s=96&d=mm&r=g","caption":"Edici\u00f3n Web"},"url":"https:\/\/canal7slp.tv\/2025\/author\/edicionweb\/"}]}},"_links":{"self":[{"href":"https:\/\/canal7slp.tv\/2025\/wp-json\/wp\/v2\/posts\/172540","targetHints":{"allow":["GET"]}}],"collection":[{"href":"https:\/\/canal7slp.tv\/2025\/wp-json\/wp\/v2\/posts"}],"about":[{"href":"https:\/\/canal7slp.tv\/2025\/wp-json\/wp\/v2\/types\/post"}],"author":[{"embeddable":true,"href":"https:\/\/canal7slp.tv\/2025\/wp-json\/wp\/v2\/users\/2"}],"replies":[{"embeddable":true,"href":"https:\/\/canal7slp.tv\/2025\/wp-json\/wp\/v2\/comments?post=172540"}],"version-history":[{"count":1,"href":"https:\/\/canal7slp.tv\/2025\/wp-json\/wp\/v2\/posts\/172540\/revisions"}],"predecessor-version":[{"id":172543,"href":"https:\/\/canal7slp.tv\/2025\/wp-json\/wp\/v2\/posts\/172540\/revisions\/172543"}],"wp:featuredmedia":[{"embeddable":true,"href":"https:\/\/canal7slp.tv\/2025\/wp-json\/wp\/v2\/media\/172542"}],"wp:attachment":[{"href":"https:\/\/canal7slp.tv\/2025\/wp-json\/wp\/v2\/media?parent=172540"}],"wp:term":[{"taxonomy":"category","embeddable":true,"href":"https:\/\/canal7slp.tv\/2025\/wp-json\/wp\/v2\/categories?post=172540"},{"taxonomy":"post_tag","embeddable":true,"href":"https:\/\/canal7slp.tv\/2025\/wp-json\/wp\/v2\/tags?post=172540"}],"curies":[{"name":"wp","href":"https:\/\/api.w.org\/{rel}","templated":true}]}}