{"id":172531,"date":"2025-07-03T15:45:18","date_gmt":"2025-07-03T21:45:18","guid":{"rendered":"https:\/\/canal7slp.tv\/2025\/?p=172531"},"modified":"2025-07-03T15:45:18","modified_gmt":"2025-07-03T21:45:18","slug":"cuestionan-designacion-de-madian-menchaca-como-jueza-federal-en-jalisco","status":"publish","type":"post","link":"https:\/\/canal7slp.tv\/2025\/cuestionan-designacion-de-madian-menchaca-como-jueza-federal-en-jalisco\/","title":{"rendered":"Cuestionan designaci\u00f3n de Madi\u00e1n Menchaca como Jueza Federal en Jalisco"},"content":{"rendered":"<ul>\n<li style=\"text-align: justify;\">V\u00ednculos con La Luz del Mundo y el partido Morena generan controversia en su elecci\u00f3n.<\/li>\n<\/ul>\n<p style=\"text-align: justify;\">Jalisco.- Madi\u00e1n Sina\u00ed Menchaca Sierra recibi\u00f3 su constancia de mayor\u00eda como jueza de Distrito en materia administrativa para el Tercer Circuito en Jalisco, tras ser propuesta por el Comit\u00e9 del Poder Legislativo Federal.<\/p>\n<p style=\"text-align: justify;\">Sin embargo, su nombramiento ha despertado fuertes cr\u00edticas de organizaciones de derechos humanos y civiles.<\/p>\n<p style=\"text-align: justify;\">El colectivo Defensorxs calific\u00f3 su designaci\u00f3n como \u201caltamente riesgosa\u201d, se\u00f1alando que Menchaca fue detenida en mayo de 2024 en Tlaquepaque por el delito de lesiones culposas en un accidente vehicular.<\/p>\n<p style=\"text-align: justify;\">Tambi\u00e9n advirtieron sobre sus v\u00ednculos con personas condenadas por corrupci\u00f3n y delitos sexuales relacionados con la iglesia La Luz del Mundo, liderada por su padre, Naas\u00f3n Joaqu\u00edn Garc\u00eda, condenado en Estados Unidos por abuso sexual.<\/p>\n<p style=\"text-align: justify;\">Cabe se\u00f1alar, que Menchaca Sierra cuenta con estudios en Derecho y cursa una maestr\u00eda en Derecho Fiscal. Posee un diplomado en juicio contencioso administrativo, aunque carece de experiencia en el Poder Judicial, lo que ha generado dudas sobre su idoneidad para el cargo.<\/p>\n<p style=\"text-align: justify;\">Asimismo, su familia mantiene fuertes conexiones pol\u00edticas y religiosas. Su padre, Nicol\u00e1s Menchaca, asumi\u00f3 el liderazgo de La Luz del Mundo tras la condena de Naas\u00f3n Joaqu\u00edn.<\/p>\n<p style=\"text-align: justify;\">Por otro lado, su hermano, Adin Menchaca, fue regidor en Tlajomulco por la coalici\u00f3n Morena-PT-PVEM, y ella misma trabaj\u00f3 como asesora parlamentaria en el Congreso de Jalisco para la bancada de Morena durante la LXIII Legislatura.<\/p>\n<p style=\"text-align: justify;\">Debido a esto, Colectivos han exigido una revisi\u00f3n del proceso de selecci\u00f3n para garantizar que los nombramientos judiciales est\u00e9n libres de conflictos de inter\u00e9s, v\u00ednculos partidistas o religiosos, y que se priorice la trayectoria profesional y la \u00e9tica de los aspirantes.<\/p>\n<p style=\"text-align: justify;\">\n","protected":false},"excerpt":{"rendered":"<p>V\u00ednculos con La Luz del Mundo y el partido Morena generan controversia en su elecci\u00f3n. Jalisco.- Madi\u00e1n Sina\u00ed Menchaca Sierra recibi\u00f3 su constancia de mayor\u00eda como jueza de Distrito en materia administrativa para el Tercer Circuito en Jalisco, tras ser propuesta por el Comit\u00e9 del Poder Legislativo Federal. Sin embargo, su nombramiento ha despertado fuertes cr\u00edticas de organizaciones de derechos humanos y civiles. El colectivo Defensorxs calific\u00f3 su designaci\u00f3n como \u201caltamente riesgosa\u201d, se\u00f1alando que Menchaca fue detenida en mayo de 2024 en Tlaquepaque por el delito de lesiones culposas en un accidente vehicular. Tambi\u00e9n advirtieron sobre sus v\u00ednculos con personas [&hellip;]<\/p>\n","protected":false},"author":2,"featured_media":172532,"comment_status":"closed","ping_status":"closed","sticky":false,"template":"","format":"standard","meta":{"_monsterinsights_skip_tracking":false,"_monsterinsights_sitenote_active":false,"_monsterinsights_sitenote_note":"","_monsterinsights_sitenote_category":0,"footnotes":""},"categories":[46],"tags":[],"class_list":["post-172531","post","type-post","status-publish","format-standard","has-post-thumbnail","hentry","category-nacional","post--single"],"yoast_head":"<!-- This site is optimized with the Yoast SEO plugin v27.4 - https:\/\/yoast.com\/product\/yoast-seo-wordpress\/ -->\n<title>Cuestionan designaci\u00f3n de Madi\u00e1n Menchaca como Jueza Federal en Jalisco - Canal 7 SLP - 2025<\/title>\n<meta name=\"robots\" content=\"index, follow, max-snippet:-1, max-image-preview:large, max-video-preview:-1\" \/>\n<link rel=\"canonical\" href=\"https:\/\/canal7slp.tv\/2025\/cuestionan-designacion-de-madian-menchaca-como-jueza-federal-en-jalisco\/\" \/>\n<meta property=\"og:locale\" content=\"es_ES\" \/>\n<meta property=\"og:type\" content=\"article\" \/>\n<meta property=\"og:title\" content=\"Cuestionan designaci\u00f3n de Madi\u00e1n Menchaca como Jueza Federal en Jalisco - Canal 7 SLP - 2025\" \/>\n<meta property=\"og:description\" content=\"V\u00ednculos con La Luz del Mundo y el partido Morena generan controversia en su elecci\u00f3n. Jalisco.- Madi\u00e1n Sina\u00ed Menchaca Sierra recibi\u00f3 su constancia de mayor\u00eda como jueza de Distrito en materia administrativa para el Tercer Circuito en Jalisco, tras ser propuesta por el Comit\u00e9 del Poder Legislativo Federal. Sin embargo, su nombramiento ha despertado fuertes cr\u00edticas de organizaciones de derechos humanos y civiles. El colectivo Defensorxs calific\u00f3 su designaci\u00f3n como \u201caltamente riesgosa\u201d, se\u00f1alando que Menchaca fue detenida en mayo de 2024 en Tlaquepaque por el delito de lesiones culposas en un accidente vehicular. Tambi\u00e9n advirtieron sobre sus v\u00ednculos con personas [&hellip;]\" \/>\n<meta property=\"og:url\" content=\"https:\/\/canal7slp.tv\/2025\/cuestionan-designacion-de-madian-menchaca-como-jueza-federal-en-jalisco\/\" \/>\n<meta property=\"og:site_name\" content=\"Canal 7 SLP - 2025\" \/>\n<meta property=\"article:publisher\" content=\"https:\/\/www.facebook.com\/noticieroscanal7atencionciudadana\/\" \/>\n<meta property=\"article:published_time\" content=\"2025-07-03T21:45:18+00:00\" \/>\n<meta property=\"og:image\" content=\"https:\/\/canal7slp.tv\/2025\/wp-content\/uploads\/2025\/07\/10-2.jpg\" \/>\n\t<meta property=\"og:image:width\" content=\"952\" \/>\n\t<meta property=\"og:image:height\" content=\"500\" \/>\n\t<meta property=\"og:image:type\" content=\"image\/jpeg\" \/>\n<meta name=\"author\" content=\"Edici\u00f3n Web\" \/>\n<meta name=\"twitter:card\" content=\"summary_large_image\" \/>\n<meta name=\"twitter:creator\" content=\"@NOTICIEROS7\" \/>\n<meta name=\"twitter:site\" content=\"@NOTICIEROS7\" \/>\n<meta name=\"twitter:label1\" content=\"Escrito por\" \/>\n\t<meta name=\"twitter:data1\" content=\"Edici\u00f3n Web\" \/>\n\t<meta name=\"twitter:label2\" content=\"Tiempo de lectura\" \/>\n\t<meta name=\"twitter:data2\" content=\"2 minutos\" \/>\n<script type=\"application\/ld+json\" class=\"yoast-schema-graph\">{\"@context\":\"https:\\\/\\\/schema.org\",\"@graph\":[{\"@type\":\"Article\",\"@id\":\"https:\\\/\\\/canal7slp.tv\\\/2025\\\/cuestionan-designacion-de-madian-menchaca-como-jueza-federal-en-jalisco\\\/#article\",\"isPartOf\":{\"@id\":\"https:\\\/\\\/canal7slp.tv\\\/2025\\\/cuestionan-designacion-de-madian-menchaca-como-jueza-federal-en-jalisco\\\/\"},\"author\":{\"name\":\"Edici\u00f3n Web\",\"@id\":\"https:\\\/\\\/canal7slp.tv\\\/2025\\\/#\\\/schema\\\/person\\\/271e2b60a96e7cc9d9ac296f4d7e414b\"},\"headline\":\"Cuestionan designaci\u00f3n de Madi\u00e1n Menchaca como Jueza Federal en Jalisco\",\"datePublished\":\"2025-07-03T21:45:18+00:00\",\"mainEntityOfPage\":{\"@id\":\"https:\\\/\\\/canal7slp.tv\\\/2025\\\/cuestionan-designacion-de-madian-menchaca-como-jueza-federal-en-jalisco\\\/\"},\"wordCount\":312,\"publisher\":{\"@id\":\"https:\\\/\\\/canal7slp.tv\\\/2025\\\/#organization\"},\"image\":{\"@id\":\"https:\\\/\\\/canal7slp.tv\\\/2025\\\/cuestionan-designacion-de-madian-menchaca-como-jueza-federal-en-jalisco\\\/#primaryimage\"},\"thumbnailUrl\":\"https:\\\/\\\/canal7slp.tv\\\/2025\\\/wp-content\\\/uploads\\\/2025\\\/07\\\/10-2.jpg\",\"articleSection\":[\"NACIONALES\"],\"inLanguage\":\"es\"},{\"@type\":\"WebPage\",\"@id\":\"https:\\\/\\\/canal7slp.tv\\\/2025\\\/cuestionan-designacion-de-madian-menchaca-como-jueza-federal-en-jalisco\\\/\",\"url\":\"https:\\\/\\\/canal7slp.tv\\\/2025\\\/cuestionan-designacion-de-madian-menchaca-como-jueza-federal-en-jalisco\\\/\",\"name\":\"Cuestionan designaci\u00f3n de Madi\u00e1n Menchaca como Jueza Federal en Jalisco - Canal 7 SLP - 2025\",\"isPartOf\":{\"@id\":\"https:\\\/\\\/canal7slp.tv\\\/2025\\\/#website\"},\"primaryImageOfPage\":{\"@id\":\"https:\\\/\\\/canal7slp.tv\\\/2025\\\/cuestionan-designacion-de-madian-menchaca-como-jueza-federal-en-jalisco\\\/#primaryimage\"},\"image\":{\"@id\":\"https:\\\/\\\/canal7slp.tv\\\/2025\\\/cuestionan-designacion-de-madian-menchaca-como-jueza-federal-en-jalisco\\\/#primaryimage\"},\"thumbnailUrl\":\"https:\\\/\\\/canal7slp.tv\\\/2025\\\/wp-content\\\/uploads\\\/2025\\\/07\\\/10-2.jpg\",\"datePublished\":\"2025-07-03T21:45:18+00:00\",\"breadcrumb\":{\"@id\":\"https:\\\/\\\/canal7slp.tv\\\/2025\\\/cuestionan-designacion-de-madian-menchaca-como-jueza-federal-en-jalisco\\\/#breadcrumb\"},\"inLanguage\":\"es\",\"potentialAction\":[{\"@type\":\"ReadAction\",\"target\":[\"https:\\\/\\\/canal7slp.tv\\\/2025\\\/cuestionan-designacion-de-madian-menchaca-como-jueza-federal-en-jalisco\\\/\"]}]},{\"@type\":\"ImageObject\",\"inLanguage\":\"es\",\"@id\":\"https:\\\/\\\/canal7slp.tv\\\/2025\\\/cuestionan-designacion-de-madian-menchaca-como-jueza-federal-en-jalisco\\\/#primaryimage\",\"url\":\"https:\\\/\\\/canal7slp.tv\\\/2025\\\/wp-content\\\/uploads\\\/2025\\\/07\\\/10-2.jpg\",\"contentUrl\":\"https:\\\/\\\/canal7slp.tv\\\/2025\\\/wp-content\\\/uploads\\\/2025\\\/07\\\/10-2.jpg\",\"width\":952,\"height\":500},{\"@type\":\"BreadcrumbList\",\"@id\":\"https:\\\/\\\/canal7slp.tv\\\/2025\\\/cuestionan-designacion-de-madian-menchaca-como-jueza-federal-en-jalisco\\\/#breadcrumb\",\"itemListElement\":[{\"@type\":\"ListItem\",\"position\":1,\"name\":\"Portada\",\"item\":\"https:\\\/\\\/canal7slp.tv\\\/2025\\\/\"},{\"@type\":\"ListItem\",\"position\":2,\"name\":\"Cuestionan designaci\u00f3n de Madi\u00e1n Menchaca como Jueza Federal en Jalisco\"}]},{\"@type\":\"WebSite\",\"@id\":\"https:\\\/\\\/canal7slp.tv\\\/2025\\\/#website\",\"url\":\"https:\\\/\\\/canal7slp.tv\\\/2025\\\/\",\"name\":\"N7 - Noticieros Canal 7\",\"description\":\"Somos el Medio\",\"publisher\":{\"@id\":\"https:\\\/\\\/canal7slp.tv\\\/2025\\\/#organization\"},\"potentialAction\":[{\"@type\":\"SearchAction\",\"target\":{\"@type\":\"EntryPoint\",\"urlTemplate\":\"https:\\\/\\\/canal7slp.tv\\\/2025\\\/?s={search_term_string}\"},\"query-input\":{\"@type\":\"PropertyValueSpecification\",\"valueRequired\":true,\"valueName\":\"search_term_string\"}}],\"inLanguage\":\"es\"},{\"@type\":\"Organization\",\"@id\":\"https:\\\/\\\/canal7slp.tv\\\/2025\\\/#organization\",\"name\":\"Noticieros Canal 7\",\"url\":\"https:\\\/\\\/canal7slp.tv\\\/2025\\\/\",\"logo\":{\"@type\":\"ImageObject\",\"inLanguage\":\"es\",\"@id\":\"https:\\\/\\\/canal7slp.tv\\\/2025\\\/#\\\/schema\\\/logo\\\/image\\\/\",\"url\":\"https:\\\/\\\/canal7slp.tv\\\/2025\\\/wp-content\\\/uploads\\\/2021\\\/01\\\/logo-noticieros@2x.png\",\"contentUrl\":\"https:\\\/\\\/canal7slp.tv\\\/2025\\\/wp-content\\\/uploads\\\/2021\\\/01\\\/logo-noticieros@2x.png\",\"width\":1017,\"height\":268,\"caption\":\"Noticieros Canal 7\"},\"image\":{\"@id\":\"https:\\\/\\\/canal7slp.tv\\\/2025\\\/#\\\/schema\\\/logo\\\/image\\\/\"},\"sameAs\":[\"https:\\\/\\\/www.facebook.com\\\/noticieroscanal7atencionciudadana\\\/\",\"https:\\\/\\\/x.com\\\/NOTICIEROS7\",\"https:\\\/\\\/www.instagram.com\\\/canal7_slp\",\"https:\\\/\\\/www.youtube.com\\\/channel\\\/UCliiYs-gP3JfJeqdPrNdd5A\"]},{\"@type\":\"Person\",\"@id\":\"https:\\\/\\\/canal7slp.tv\\\/2025\\\/#\\\/schema\\\/person\\\/271e2b60a96e7cc9d9ac296f4d7e414b\",\"name\":\"Edici\u00f3n Web\",\"image\":{\"@type\":\"ImageObject\",\"inLanguage\":\"es\",\"@id\":\"https:\\\/\\\/secure.gravatar.com\\\/avatar\\\/eee448fc3f7164808013b816ba91ac7e43bbe82a70bebac296f8bc6f0addaa1a?s=96&d=mm&r=g\",\"url\":\"https:\\\/\\\/secure.gravatar.com\\\/avatar\\\/eee448fc3f7164808013b816ba91ac7e43bbe82a70bebac296f8bc6f0addaa1a?s=96&d=mm&r=g\",\"contentUrl\":\"https:\\\/\\\/secure.gravatar.com\\\/avatar\\\/eee448fc3f7164808013b816ba91ac7e43bbe82a70bebac296f8bc6f0addaa1a?s=96&d=mm&r=g\",\"caption\":\"Edici\u00f3n Web\"},\"url\":\"https:\\\/\\\/canal7slp.tv\\\/2025\\\/author\\\/edicionweb\\\/\"}]}<\/script>\n<!-- \/ Yoast SEO plugin. -->","yoast_head_json":{"title":"Cuestionan designaci\u00f3n de Madi\u00e1n Menchaca como Jueza Federal en Jalisco - Canal 7 SLP - 2025","robots":{"index":"index","follow":"follow","max-snippet":"max-snippet:-1","max-image-preview":"max-image-preview:large","max-video-preview":"max-video-preview:-1"},"canonical":"https:\/\/canal7slp.tv\/2025\/cuestionan-designacion-de-madian-menchaca-como-jueza-federal-en-jalisco\/","og_locale":"es_ES","og_type":"article","og_title":"Cuestionan designaci\u00f3n de Madi\u00e1n Menchaca como Jueza Federal en Jalisco - Canal 7 SLP - 2025","og_description":"V\u00ednculos con La Luz del Mundo y el partido Morena generan controversia en su elecci\u00f3n. Jalisco.- Madi\u00e1n Sina\u00ed Menchaca Sierra recibi\u00f3 su constancia de mayor\u00eda como jueza de Distrito en materia administrativa para el Tercer Circuito en Jalisco, tras ser propuesta por el Comit\u00e9 del Poder Legislativo Federal. Sin embargo, su nombramiento ha despertado fuertes cr\u00edticas de organizaciones de derechos humanos y civiles. El colectivo Defensorxs calific\u00f3 su designaci\u00f3n como \u201caltamente riesgosa\u201d, se\u00f1alando que Menchaca fue detenida en mayo de 2024 en Tlaquepaque por el delito de lesiones culposas en un accidente vehicular. Tambi\u00e9n advirtieron sobre sus v\u00ednculos con personas [&hellip;]","og_url":"https:\/\/canal7slp.tv\/2025\/cuestionan-designacion-de-madian-menchaca-como-jueza-federal-en-jalisco\/","og_site_name":"Canal 7 SLP - 2025","article_publisher":"https:\/\/www.facebook.com\/noticieroscanal7atencionciudadana\/","article_published_time":"2025-07-03T21:45:18+00:00","og_image":[{"width":952,"height":500,"url":"https:\/\/canal7slp.tv\/2025\/wp-content\/uploads\/2025\/07\/10-2.jpg","type":"image\/jpeg"}],"author":"Edici\u00f3n Web","twitter_card":"summary_large_image","twitter_creator":"@NOTICIEROS7","twitter_site":"@NOTICIEROS7","twitter_misc":{"Escrito por":"Edici\u00f3n Web","Tiempo de lectura":"2 minutos"},"schema":{"@context":"https:\/\/schema.org","@graph":[{"@type":"Article","@id":"https:\/\/canal7slp.tv\/2025\/cuestionan-designacion-de-madian-menchaca-como-jueza-federal-en-jalisco\/#article","isPartOf":{"@id":"https:\/\/canal7slp.tv\/2025\/cuestionan-designacion-de-madian-menchaca-como-jueza-federal-en-jalisco\/"},"author":{"name":"Edici\u00f3n Web","@id":"https:\/\/canal7slp.tv\/2025\/#\/schema\/person\/271e2b60a96e7cc9d9ac296f4d7e414b"},"headline":"Cuestionan designaci\u00f3n de Madi\u00e1n Menchaca como Jueza Federal en Jalisco","datePublished":"2025-07-03T21:45:18+00:00","mainEntityOfPage":{"@id":"https:\/\/canal7slp.tv\/2025\/cuestionan-designacion-de-madian-menchaca-como-jueza-federal-en-jalisco\/"},"wordCount":312,"publisher":{"@id":"https:\/\/canal7slp.tv\/2025\/#organization"},"image":{"@id":"https:\/\/canal7slp.tv\/2025\/cuestionan-designacion-de-madian-menchaca-como-jueza-federal-en-jalisco\/#primaryimage"},"thumbnailUrl":"https:\/\/canal7slp.tv\/2025\/wp-content\/uploads\/2025\/07\/10-2.jpg","articleSection":["NACIONALES"],"inLanguage":"es"},{"@type":"WebPage","@id":"https:\/\/canal7slp.tv\/2025\/cuestionan-designacion-de-madian-menchaca-como-jueza-federal-en-jalisco\/","url":"https:\/\/canal7slp.tv\/2025\/cuestionan-designacion-de-madian-menchaca-como-jueza-federal-en-jalisco\/","name":"Cuestionan designaci\u00f3n de Madi\u00e1n Menchaca como Jueza Federal en Jalisco - Canal 7 SLP - 2025","isPartOf":{"@id":"https:\/\/canal7slp.tv\/2025\/#website"},"primaryImageOfPage":{"@id":"https:\/\/canal7slp.tv\/2025\/cuestionan-designacion-de-madian-menchaca-como-jueza-federal-en-jalisco\/#primaryimage"},"image":{"@id":"https:\/\/canal7slp.tv\/2025\/cuestionan-designacion-de-madian-menchaca-como-jueza-federal-en-jalisco\/#primaryimage"},"thumbnailUrl":"https:\/\/canal7slp.tv\/2025\/wp-content\/uploads\/2025\/07\/10-2.jpg","datePublished":"2025-07-03T21:45:18+00:00","breadcrumb":{"@id":"https:\/\/canal7slp.tv\/2025\/cuestionan-designacion-de-madian-menchaca-como-jueza-federal-en-jalisco\/#breadcrumb"},"inLanguage":"es","potentialAction":[{"@type":"ReadAction","target":["https:\/\/canal7slp.tv\/2025\/cuestionan-designacion-de-madian-menchaca-como-jueza-federal-en-jalisco\/"]}]},{"@type":"ImageObject","inLanguage":"es","@id":"https:\/\/canal7slp.tv\/2025\/cuestionan-designacion-de-madian-menchaca-como-jueza-federal-en-jalisco\/#primaryimage","url":"https:\/\/canal7slp.tv\/2025\/wp-content\/uploads\/2025\/07\/10-2.jpg","contentUrl":"https:\/\/canal7slp.tv\/2025\/wp-content\/uploads\/2025\/07\/10-2.jpg","width":952,"height":500},{"@type":"BreadcrumbList","@id":"https:\/\/canal7slp.tv\/2025\/cuestionan-designacion-de-madian-menchaca-como-jueza-federal-en-jalisco\/#breadcrumb","itemListElement":[{"@type":"ListItem","position":1,"name":"Portada","item":"https:\/\/canal7slp.tv\/2025\/"},{"@type":"ListItem","position":2,"name":"Cuestionan designaci\u00f3n de Madi\u00e1n Menchaca como Jueza Federal en Jalisco"}]},{"@type":"WebSite","@id":"https:\/\/canal7slp.tv\/2025\/#website","url":"https:\/\/canal7slp.tv\/2025\/","name":"N7 - Noticieros Canal 7","description":"Somos el Medio","publisher":{"@id":"https:\/\/canal7slp.tv\/2025\/#organization"},"potentialAction":[{"@type":"SearchAction","target":{"@type":"EntryPoint","urlTemplate":"https:\/\/canal7slp.tv\/2025\/?s={search_term_string}"},"query-input":{"@type":"PropertyValueSpecification","valueRequired":true,"valueName":"search_term_string"}}],"inLanguage":"es"},{"@type":"Organization","@id":"https:\/\/canal7slp.tv\/2025\/#organization","name":"Noticieros Canal 7","url":"https:\/\/canal7slp.tv\/2025\/","logo":{"@type":"ImageObject","inLanguage":"es","@id":"https:\/\/canal7slp.tv\/2025\/#\/schema\/logo\/image\/","url":"https:\/\/canal7slp.tv\/2025\/wp-content\/uploads\/2021\/01\/logo-noticieros@2x.png","contentUrl":"https:\/\/canal7slp.tv\/2025\/wp-content\/uploads\/2021\/01\/logo-noticieros@2x.png","width":1017,"height":268,"caption":"Noticieros Canal 7"},"image":{"@id":"https:\/\/canal7slp.tv\/2025\/#\/schema\/logo\/image\/"},"sameAs":["https:\/\/www.facebook.com\/noticieroscanal7atencionciudadana\/","https:\/\/x.com\/NOTICIEROS7","https:\/\/www.instagram.com\/canal7_slp","https:\/\/www.youtube.com\/channel\/UCliiYs-gP3JfJeqdPrNdd5A"]},{"@type":"Person","@id":"https:\/\/canal7slp.tv\/2025\/#\/schema\/person\/271e2b60a96e7cc9d9ac296f4d7e414b","name":"Edici\u00f3n Web","image":{"@type":"ImageObject","inLanguage":"es","@id":"https:\/\/secure.gravatar.com\/avatar\/eee448fc3f7164808013b816ba91ac7e43bbe82a70bebac296f8bc6f0addaa1a?s=96&d=mm&r=g","url":"https:\/\/secure.gravatar.com\/avatar\/eee448fc3f7164808013b816ba91ac7e43bbe82a70bebac296f8bc6f0addaa1a?s=96&d=mm&r=g","contentUrl":"https:\/\/secure.gravatar.com\/avatar\/eee448fc3f7164808013b816ba91ac7e43bbe82a70bebac296f8bc6f0addaa1a?s=96&d=mm&r=g","caption":"Edici\u00f3n Web"},"url":"https:\/\/canal7slp.tv\/2025\/author\/edicionweb\/"}]}},"_links":{"self":[{"href":"https:\/\/canal7slp.tv\/2025\/wp-json\/wp\/v2\/posts\/172531","targetHints":{"allow":["GET"]}}],"collection":[{"href":"https:\/\/canal7slp.tv\/2025\/wp-json\/wp\/v2\/posts"}],"about":[{"href":"https:\/\/canal7slp.tv\/2025\/wp-json\/wp\/v2\/types\/post"}],"author":[{"embeddable":true,"href":"https:\/\/canal7slp.tv\/2025\/wp-json\/wp\/v2\/users\/2"}],"replies":[{"embeddable":true,"href":"https:\/\/canal7slp.tv\/2025\/wp-json\/wp\/v2\/comments?post=172531"}],"version-history":[{"count":1,"href":"https:\/\/canal7slp.tv\/2025\/wp-json\/wp\/v2\/posts\/172531\/revisions"}],"predecessor-version":[{"id":172533,"href":"https:\/\/canal7slp.tv\/2025\/wp-json\/wp\/v2\/posts\/172531\/revisions\/172533"}],"wp:featuredmedia":[{"embeddable":true,"href":"https:\/\/canal7slp.tv\/2025\/wp-json\/wp\/v2\/media\/172532"}],"wp:attachment":[{"href":"https:\/\/canal7slp.tv\/2025\/wp-json\/wp\/v2\/media?parent=172531"}],"wp:term":[{"taxonomy":"category","embeddable":true,"href":"https:\/\/canal7slp.tv\/2025\/wp-json\/wp\/v2\/categories?post=172531"},{"taxonomy":"post_tag","embeddable":true,"href":"https:\/\/canal7slp.tv\/2025\/wp-json\/wp\/v2\/tags?post=172531"}],"curies":[{"name":"wp","href":"https:\/\/api.w.org\/{rel}","templated":true}]}}