{"id":172528,"date":"2025-07-03T15:30:38","date_gmt":"2025-07-03T21:30:38","guid":{"rendered":"https:\/\/canal7slp.tv\/2025\/?p=172528"},"modified":"2025-07-03T15:30:38","modified_gmt":"2025-07-03T21:30:38","slug":"fgr-confirma-orden-de-aprehension-contra-julio-cesar-chavez-jr-y-proceso-deportacion-desde-eua","status":"publish","type":"post","link":"https:\/\/canal7slp.tv\/2025\/fgr-confirma-orden-de-aprehension-contra-julio-cesar-chavez-jr-y-proceso-deportacion-desde-eua\/","title":{"rendered":"FGR confirma orden de aprehensi\u00f3n contra Julio C\u00e9sar Ch\u00e1vez Jr. y proceso deportaci\u00f3n desde EUA"},"content":{"rendered":"<p style=\"text-align: justify;\">M\u00e9xico.- La Fiscal\u00eda General de la Rep\u00fablica (FGR) confirm\u00f3 que el boxeador Julio C\u00e9sar Ch\u00e1vez Jr. fue detenido en California por autoridades de Estados Unidos, y que enfrenta una orden de aprehensi\u00f3n vigente en M\u00e9xico por delitos de delincuencia organizada y tr\u00e1fico de armas, emitida desde marzo de 2023.<\/p>\n<p style=\"text-align: justify;\">En un comunicado difundido el 3 de julio, la FGR inform\u00f3 que ya comenz\u00f3 el proceso de deportaci\u00f3n del deportista, quien fue arrestado en Studio City, Los \u00c1ngeles, dos d\u00edas despu\u00e9s de su pelea contra el influencer Jake Paul.<\/p>\n<p style=\"text-align: justify;\">El Departamento de Seguridad Nacional (DHS) estadounidense notific\u00f3 a las autoridades mexicanas sobre su detenci\u00f3n e inici\u00f3 el tr\u00e1mite para su entrega.<\/p>\n<p style=\"text-align: justify;\">La subsecretaria Tricia McLaughlin se\u00f1al\u00f3 que Ch\u00e1vez Jr. est\u00e1 presuntamente vinculado al C\u00e1rtel de Sinaloa, organizaci\u00f3n considerada como grupo terrorista extranjero por la administraci\u00f3n de Donald Trump.<\/p>\n","protected":false},"excerpt":{"rendered":"<p>M\u00e9xico.- La Fiscal\u00eda General de la Rep\u00fablica (FGR) confirm\u00f3 que el boxeador Julio C\u00e9sar Ch\u00e1vez Jr. fue detenido en California por autoridades de Estados Unidos, y que enfrenta una orden de aprehensi\u00f3n vigente en M\u00e9xico por delitos de delincuencia organizada y tr\u00e1fico de armas, emitida desde marzo de 2023. En un comunicado difundido el 3 de julio, la FGR inform\u00f3 que ya comenz\u00f3 el proceso de deportaci\u00f3n del deportista, quien fue arrestado en Studio City, Los \u00c1ngeles, dos d\u00edas despu\u00e9s de su pelea contra el influencer Jake Paul. El Departamento de Seguridad Nacional (DHS) estadounidense notific\u00f3 a las autoridades mexicanas [&hellip;]<\/p>\n","protected":false},"author":2,"featured_media":172529,"comment_status":"closed","ping_status":"closed","sticky":false,"template":"","format":"standard","meta":{"_monsterinsights_skip_tracking":false,"_monsterinsights_sitenote_active":false,"_monsterinsights_sitenote_note":"","_monsterinsights_sitenote_category":0,"footnotes":""},"categories":[46],"tags":[],"class_list":["post-172528","post","type-post","status-publish","format-standard","has-post-thumbnail","hentry","category-nacional","post--single"],"yoast_head":"<!-- This site is optimized with the Yoast SEO plugin v27.4 - https:\/\/yoast.com\/product\/yoast-seo-wordpress\/ -->\n<title>FGR confirma orden de aprehensi\u00f3n contra Julio C\u00e9sar Ch\u00e1vez Jr. y proceso deportaci\u00f3n desde EUA - Canal 7 SLP - 2025<\/title>\n<meta name=\"robots\" content=\"index, follow, max-snippet:-1, max-image-preview:large, max-video-preview:-1\" \/>\n<link rel=\"canonical\" href=\"https:\/\/canal7slp.tv\/2025\/fgr-confirma-orden-de-aprehension-contra-julio-cesar-chavez-jr-y-proceso-deportacion-desde-eua\/\" \/>\n<meta property=\"og:locale\" content=\"es_ES\" \/>\n<meta property=\"og:type\" content=\"article\" \/>\n<meta property=\"og:title\" content=\"FGR confirma orden de aprehensi\u00f3n contra Julio C\u00e9sar Ch\u00e1vez Jr. y proceso deportaci\u00f3n desde EUA - Canal 7 SLP - 2025\" \/>\n<meta property=\"og:description\" content=\"M\u00e9xico.- La Fiscal\u00eda General de la Rep\u00fablica (FGR) confirm\u00f3 que el boxeador Julio C\u00e9sar Ch\u00e1vez Jr. fue detenido en California por autoridades de Estados Unidos, y que enfrenta una orden de aprehensi\u00f3n vigente en M\u00e9xico por delitos de delincuencia organizada y tr\u00e1fico de armas, emitida desde marzo de 2023. En un comunicado difundido el 3 de julio, la FGR inform\u00f3 que ya comenz\u00f3 el proceso de deportaci\u00f3n del deportista, quien fue arrestado en Studio City, Los \u00c1ngeles, dos d\u00edas despu\u00e9s de su pelea contra el influencer Jake Paul. El Departamento de Seguridad Nacional (DHS) estadounidense notific\u00f3 a las autoridades mexicanas [&hellip;]\" \/>\n<meta property=\"og:url\" content=\"https:\/\/canal7slp.tv\/2025\/fgr-confirma-orden-de-aprehension-contra-julio-cesar-chavez-jr-y-proceso-deportacion-desde-eua\/\" \/>\n<meta property=\"og:site_name\" content=\"Canal 7 SLP - 2025\" \/>\n<meta property=\"article:publisher\" content=\"https:\/\/www.facebook.com\/noticieroscanal7atencionciudadana\/\" \/>\n<meta property=\"article:published_time\" content=\"2025-07-03T21:30:38+00:00\" \/>\n<meta property=\"og:image\" content=\"https:\/\/canal7slp.tv\/2025\/wp-content\/uploads\/2025\/07\/09-2.jpg\" \/>\n\t<meta property=\"og:image:width\" content=\"716\" \/>\n\t<meta property=\"og:image:height\" content=\"410\" \/>\n\t<meta property=\"og:image:type\" content=\"image\/jpeg\" \/>\n<meta name=\"author\" content=\"Edici\u00f3n Web\" \/>\n<meta name=\"twitter:card\" content=\"summary_large_image\" \/>\n<meta name=\"twitter:creator\" content=\"@NOTICIEROS7\" \/>\n<meta name=\"twitter:site\" content=\"@NOTICIEROS7\" \/>\n<meta name=\"twitter:label1\" content=\"Escrito por\" \/>\n\t<meta name=\"twitter:data1\" content=\"Edici\u00f3n Web\" \/>\n\t<meta name=\"twitter:label2\" content=\"Tiempo de lectura\" \/>\n\t<meta name=\"twitter:data2\" content=\"1 minuto\" \/>\n<script type=\"application\/ld+json\" class=\"yoast-schema-graph\">{\"@context\":\"https:\\\/\\\/schema.org\",\"@graph\":[{\"@type\":\"Article\",\"@id\":\"https:\\\/\\\/canal7slp.tv\\\/2025\\\/fgr-confirma-orden-de-aprehension-contra-julio-cesar-chavez-jr-y-proceso-deportacion-desde-eua\\\/#article\",\"isPartOf\":{\"@id\":\"https:\\\/\\\/canal7slp.tv\\\/2025\\\/fgr-confirma-orden-de-aprehension-contra-julio-cesar-chavez-jr-y-proceso-deportacion-desde-eua\\\/\"},\"author\":{\"name\":\"Edici\u00f3n Web\",\"@id\":\"https:\\\/\\\/canal7slp.tv\\\/2025\\\/#\\\/schema\\\/person\\\/271e2b60a96e7cc9d9ac296f4d7e414b\"},\"headline\":\"FGR confirma orden de aprehensi\u00f3n contra Julio C\u00e9sar Ch\u00e1vez Jr. y proceso deportaci\u00f3n desde EUA\",\"datePublished\":\"2025-07-03T21:30:38+00:00\",\"mainEntityOfPage\":{\"@id\":\"https:\\\/\\\/canal7slp.tv\\\/2025\\\/fgr-confirma-orden-de-aprehension-contra-julio-cesar-chavez-jr-y-proceso-deportacion-desde-eua\\\/\"},\"wordCount\":173,\"publisher\":{\"@id\":\"https:\\\/\\\/canal7slp.tv\\\/2025\\\/#organization\"},\"image\":{\"@id\":\"https:\\\/\\\/canal7slp.tv\\\/2025\\\/fgr-confirma-orden-de-aprehension-contra-julio-cesar-chavez-jr-y-proceso-deportacion-desde-eua\\\/#primaryimage\"},\"thumbnailUrl\":\"https:\\\/\\\/canal7slp.tv\\\/2025\\\/wp-content\\\/uploads\\\/2025\\\/07\\\/09-2.jpg\",\"articleSection\":[\"NACIONALES\"],\"inLanguage\":\"es\"},{\"@type\":\"WebPage\",\"@id\":\"https:\\\/\\\/canal7slp.tv\\\/2025\\\/fgr-confirma-orden-de-aprehension-contra-julio-cesar-chavez-jr-y-proceso-deportacion-desde-eua\\\/\",\"url\":\"https:\\\/\\\/canal7slp.tv\\\/2025\\\/fgr-confirma-orden-de-aprehension-contra-julio-cesar-chavez-jr-y-proceso-deportacion-desde-eua\\\/\",\"name\":\"FGR confirma orden de aprehensi\u00f3n contra Julio C\u00e9sar Ch\u00e1vez Jr. y proceso deportaci\u00f3n desde EUA - Canal 7 SLP - 2025\",\"isPartOf\":{\"@id\":\"https:\\\/\\\/canal7slp.tv\\\/2025\\\/#website\"},\"primaryImageOfPage\":{\"@id\":\"https:\\\/\\\/canal7slp.tv\\\/2025\\\/fgr-confirma-orden-de-aprehension-contra-julio-cesar-chavez-jr-y-proceso-deportacion-desde-eua\\\/#primaryimage\"},\"image\":{\"@id\":\"https:\\\/\\\/canal7slp.tv\\\/2025\\\/fgr-confirma-orden-de-aprehension-contra-julio-cesar-chavez-jr-y-proceso-deportacion-desde-eua\\\/#primaryimage\"},\"thumbnailUrl\":\"https:\\\/\\\/canal7slp.tv\\\/2025\\\/wp-content\\\/uploads\\\/2025\\\/07\\\/09-2.jpg\",\"datePublished\":\"2025-07-03T21:30:38+00:00\",\"breadcrumb\":{\"@id\":\"https:\\\/\\\/canal7slp.tv\\\/2025\\\/fgr-confirma-orden-de-aprehension-contra-julio-cesar-chavez-jr-y-proceso-deportacion-desde-eua\\\/#breadcrumb\"},\"inLanguage\":\"es\",\"potentialAction\":[{\"@type\":\"ReadAction\",\"target\":[\"https:\\\/\\\/canal7slp.tv\\\/2025\\\/fgr-confirma-orden-de-aprehension-contra-julio-cesar-chavez-jr-y-proceso-deportacion-desde-eua\\\/\"]}]},{\"@type\":\"ImageObject\",\"inLanguage\":\"es\",\"@id\":\"https:\\\/\\\/canal7slp.tv\\\/2025\\\/fgr-confirma-orden-de-aprehension-contra-julio-cesar-chavez-jr-y-proceso-deportacion-desde-eua\\\/#primaryimage\",\"url\":\"https:\\\/\\\/canal7slp.tv\\\/2025\\\/wp-content\\\/uploads\\\/2025\\\/07\\\/09-2.jpg\",\"contentUrl\":\"https:\\\/\\\/canal7slp.tv\\\/2025\\\/wp-content\\\/uploads\\\/2025\\\/07\\\/09-2.jpg\",\"width\":716,\"height\":410},{\"@type\":\"BreadcrumbList\",\"@id\":\"https:\\\/\\\/canal7slp.tv\\\/2025\\\/fgr-confirma-orden-de-aprehension-contra-julio-cesar-chavez-jr-y-proceso-deportacion-desde-eua\\\/#breadcrumb\",\"itemListElement\":[{\"@type\":\"ListItem\",\"position\":1,\"name\":\"Portada\",\"item\":\"https:\\\/\\\/canal7slp.tv\\\/2025\\\/\"},{\"@type\":\"ListItem\",\"position\":2,\"name\":\"FGR confirma orden de aprehensi\u00f3n contra Julio C\u00e9sar Ch\u00e1vez Jr. y proceso deportaci\u00f3n desde EUA\"}]},{\"@type\":\"WebSite\",\"@id\":\"https:\\\/\\\/canal7slp.tv\\\/2025\\\/#website\",\"url\":\"https:\\\/\\\/canal7slp.tv\\\/2025\\\/\",\"name\":\"N7 - Noticieros Canal 7\",\"description\":\"Somos el Medio\",\"publisher\":{\"@id\":\"https:\\\/\\\/canal7slp.tv\\\/2025\\\/#organization\"},\"potentialAction\":[{\"@type\":\"SearchAction\",\"target\":{\"@type\":\"EntryPoint\",\"urlTemplate\":\"https:\\\/\\\/canal7slp.tv\\\/2025\\\/?s={search_term_string}\"},\"query-input\":{\"@type\":\"PropertyValueSpecification\",\"valueRequired\":true,\"valueName\":\"search_term_string\"}}],\"inLanguage\":\"es\"},{\"@type\":\"Organization\",\"@id\":\"https:\\\/\\\/canal7slp.tv\\\/2025\\\/#organization\",\"name\":\"Noticieros Canal 7\",\"url\":\"https:\\\/\\\/canal7slp.tv\\\/2025\\\/\",\"logo\":{\"@type\":\"ImageObject\",\"inLanguage\":\"es\",\"@id\":\"https:\\\/\\\/canal7slp.tv\\\/2025\\\/#\\\/schema\\\/logo\\\/image\\\/\",\"url\":\"https:\\\/\\\/canal7slp.tv\\\/2025\\\/wp-content\\\/uploads\\\/2021\\\/01\\\/logo-noticieros@2x.png\",\"contentUrl\":\"https:\\\/\\\/canal7slp.tv\\\/2025\\\/wp-content\\\/uploads\\\/2021\\\/01\\\/logo-noticieros@2x.png\",\"width\":1017,\"height\":268,\"caption\":\"Noticieros Canal 7\"},\"image\":{\"@id\":\"https:\\\/\\\/canal7slp.tv\\\/2025\\\/#\\\/schema\\\/logo\\\/image\\\/\"},\"sameAs\":[\"https:\\\/\\\/www.facebook.com\\\/noticieroscanal7atencionciudadana\\\/\",\"https:\\\/\\\/x.com\\\/NOTICIEROS7\",\"https:\\\/\\\/www.instagram.com\\\/canal7_slp\",\"https:\\\/\\\/www.youtube.com\\\/channel\\\/UCliiYs-gP3JfJeqdPrNdd5A\"]},{\"@type\":\"Person\",\"@id\":\"https:\\\/\\\/canal7slp.tv\\\/2025\\\/#\\\/schema\\\/person\\\/271e2b60a96e7cc9d9ac296f4d7e414b\",\"name\":\"Edici\u00f3n Web\",\"image\":{\"@type\":\"ImageObject\",\"inLanguage\":\"es\",\"@id\":\"https:\\\/\\\/secure.gravatar.com\\\/avatar\\\/eee448fc3f7164808013b816ba91ac7e43bbe82a70bebac296f8bc6f0addaa1a?s=96&d=mm&r=g\",\"url\":\"https:\\\/\\\/secure.gravatar.com\\\/avatar\\\/eee448fc3f7164808013b816ba91ac7e43bbe82a70bebac296f8bc6f0addaa1a?s=96&d=mm&r=g\",\"contentUrl\":\"https:\\\/\\\/secure.gravatar.com\\\/avatar\\\/eee448fc3f7164808013b816ba91ac7e43bbe82a70bebac296f8bc6f0addaa1a?s=96&d=mm&r=g\",\"caption\":\"Edici\u00f3n Web\"},\"url\":\"https:\\\/\\\/canal7slp.tv\\\/2025\\\/author\\\/edicionweb\\\/\"}]}<\/script>\n<!-- \/ Yoast SEO plugin. -->","yoast_head_json":{"title":"FGR confirma orden de aprehensi\u00f3n contra Julio C\u00e9sar Ch\u00e1vez Jr. y proceso deportaci\u00f3n desde EUA - Canal 7 SLP - 2025","robots":{"index":"index","follow":"follow","max-snippet":"max-snippet:-1","max-image-preview":"max-image-preview:large","max-video-preview":"max-video-preview:-1"},"canonical":"https:\/\/canal7slp.tv\/2025\/fgr-confirma-orden-de-aprehension-contra-julio-cesar-chavez-jr-y-proceso-deportacion-desde-eua\/","og_locale":"es_ES","og_type":"article","og_title":"FGR confirma orden de aprehensi\u00f3n contra Julio C\u00e9sar Ch\u00e1vez Jr. y proceso deportaci\u00f3n desde EUA - Canal 7 SLP - 2025","og_description":"M\u00e9xico.- La Fiscal\u00eda General de la Rep\u00fablica (FGR) confirm\u00f3 que el boxeador Julio C\u00e9sar Ch\u00e1vez Jr. fue detenido en California por autoridades de Estados Unidos, y que enfrenta una orden de aprehensi\u00f3n vigente en M\u00e9xico por delitos de delincuencia organizada y tr\u00e1fico de armas, emitida desde marzo de 2023. En un comunicado difundido el 3 de julio, la FGR inform\u00f3 que ya comenz\u00f3 el proceso de deportaci\u00f3n del deportista, quien fue arrestado en Studio City, Los \u00c1ngeles, dos d\u00edas despu\u00e9s de su pelea contra el influencer Jake Paul. El Departamento de Seguridad Nacional (DHS) estadounidense notific\u00f3 a las autoridades mexicanas [&hellip;]","og_url":"https:\/\/canal7slp.tv\/2025\/fgr-confirma-orden-de-aprehension-contra-julio-cesar-chavez-jr-y-proceso-deportacion-desde-eua\/","og_site_name":"Canal 7 SLP - 2025","article_publisher":"https:\/\/www.facebook.com\/noticieroscanal7atencionciudadana\/","article_published_time":"2025-07-03T21:30:38+00:00","og_image":[{"width":716,"height":410,"url":"https:\/\/canal7slp.tv\/2025\/wp-content\/uploads\/2025\/07\/09-2.jpg","type":"image\/jpeg"}],"author":"Edici\u00f3n Web","twitter_card":"summary_large_image","twitter_creator":"@NOTICIEROS7","twitter_site":"@NOTICIEROS7","twitter_misc":{"Escrito por":"Edici\u00f3n Web","Tiempo de lectura":"1 minuto"},"schema":{"@context":"https:\/\/schema.org","@graph":[{"@type":"Article","@id":"https:\/\/canal7slp.tv\/2025\/fgr-confirma-orden-de-aprehension-contra-julio-cesar-chavez-jr-y-proceso-deportacion-desde-eua\/#article","isPartOf":{"@id":"https:\/\/canal7slp.tv\/2025\/fgr-confirma-orden-de-aprehension-contra-julio-cesar-chavez-jr-y-proceso-deportacion-desde-eua\/"},"author":{"name":"Edici\u00f3n Web","@id":"https:\/\/canal7slp.tv\/2025\/#\/schema\/person\/271e2b60a96e7cc9d9ac296f4d7e414b"},"headline":"FGR confirma orden de aprehensi\u00f3n contra Julio C\u00e9sar Ch\u00e1vez Jr. y proceso deportaci\u00f3n desde EUA","datePublished":"2025-07-03T21:30:38+00:00","mainEntityOfPage":{"@id":"https:\/\/canal7slp.tv\/2025\/fgr-confirma-orden-de-aprehension-contra-julio-cesar-chavez-jr-y-proceso-deportacion-desde-eua\/"},"wordCount":173,"publisher":{"@id":"https:\/\/canal7slp.tv\/2025\/#organization"},"image":{"@id":"https:\/\/canal7slp.tv\/2025\/fgr-confirma-orden-de-aprehension-contra-julio-cesar-chavez-jr-y-proceso-deportacion-desde-eua\/#primaryimage"},"thumbnailUrl":"https:\/\/canal7slp.tv\/2025\/wp-content\/uploads\/2025\/07\/09-2.jpg","articleSection":["NACIONALES"],"inLanguage":"es"},{"@type":"WebPage","@id":"https:\/\/canal7slp.tv\/2025\/fgr-confirma-orden-de-aprehension-contra-julio-cesar-chavez-jr-y-proceso-deportacion-desde-eua\/","url":"https:\/\/canal7slp.tv\/2025\/fgr-confirma-orden-de-aprehension-contra-julio-cesar-chavez-jr-y-proceso-deportacion-desde-eua\/","name":"FGR confirma orden de aprehensi\u00f3n contra Julio C\u00e9sar Ch\u00e1vez Jr. y proceso deportaci\u00f3n desde EUA - Canal 7 SLP - 2025","isPartOf":{"@id":"https:\/\/canal7slp.tv\/2025\/#website"},"primaryImageOfPage":{"@id":"https:\/\/canal7slp.tv\/2025\/fgr-confirma-orden-de-aprehension-contra-julio-cesar-chavez-jr-y-proceso-deportacion-desde-eua\/#primaryimage"},"image":{"@id":"https:\/\/canal7slp.tv\/2025\/fgr-confirma-orden-de-aprehension-contra-julio-cesar-chavez-jr-y-proceso-deportacion-desde-eua\/#primaryimage"},"thumbnailUrl":"https:\/\/canal7slp.tv\/2025\/wp-content\/uploads\/2025\/07\/09-2.jpg","datePublished":"2025-07-03T21:30:38+00:00","breadcrumb":{"@id":"https:\/\/canal7slp.tv\/2025\/fgr-confirma-orden-de-aprehension-contra-julio-cesar-chavez-jr-y-proceso-deportacion-desde-eua\/#breadcrumb"},"inLanguage":"es","potentialAction":[{"@type":"ReadAction","target":["https:\/\/canal7slp.tv\/2025\/fgr-confirma-orden-de-aprehension-contra-julio-cesar-chavez-jr-y-proceso-deportacion-desde-eua\/"]}]},{"@type":"ImageObject","inLanguage":"es","@id":"https:\/\/canal7slp.tv\/2025\/fgr-confirma-orden-de-aprehension-contra-julio-cesar-chavez-jr-y-proceso-deportacion-desde-eua\/#primaryimage","url":"https:\/\/canal7slp.tv\/2025\/wp-content\/uploads\/2025\/07\/09-2.jpg","contentUrl":"https:\/\/canal7slp.tv\/2025\/wp-content\/uploads\/2025\/07\/09-2.jpg","width":716,"height":410},{"@type":"BreadcrumbList","@id":"https:\/\/canal7slp.tv\/2025\/fgr-confirma-orden-de-aprehension-contra-julio-cesar-chavez-jr-y-proceso-deportacion-desde-eua\/#breadcrumb","itemListElement":[{"@type":"ListItem","position":1,"name":"Portada","item":"https:\/\/canal7slp.tv\/2025\/"},{"@type":"ListItem","position":2,"name":"FGR confirma orden de aprehensi\u00f3n contra Julio C\u00e9sar Ch\u00e1vez Jr. y proceso deportaci\u00f3n desde EUA"}]},{"@type":"WebSite","@id":"https:\/\/canal7slp.tv\/2025\/#website","url":"https:\/\/canal7slp.tv\/2025\/","name":"N7 - Noticieros Canal 7","description":"Somos el Medio","publisher":{"@id":"https:\/\/canal7slp.tv\/2025\/#organization"},"potentialAction":[{"@type":"SearchAction","target":{"@type":"EntryPoint","urlTemplate":"https:\/\/canal7slp.tv\/2025\/?s={search_term_string}"},"query-input":{"@type":"PropertyValueSpecification","valueRequired":true,"valueName":"search_term_string"}}],"inLanguage":"es"},{"@type":"Organization","@id":"https:\/\/canal7slp.tv\/2025\/#organization","name":"Noticieros Canal 7","url":"https:\/\/canal7slp.tv\/2025\/","logo":{"@type":"ImageObject","inLanguage":"es","@id":"https:\/\/canal7slp.tv\/2025\/#\/schema\/logo\/image\/","url":"https:\/\/canal7slp.tv\/2025\/wp-content\/uploads\/2021\/01\/logo-noticieros@2x.png","contentUrl":"https:\/\/canal7slp.tv\/2025\/wp-content\/uploads\/2021\/01\/logo-noticieros@2x.png","width":1017,"height":268,"caption":"Noticieros Canal 7"},"image":{"@id":"https:\/\/canal7slp.tv\/2025\/#\/schema\/logo\/image\/"},"sameAs":["https:\/\/www.facebook.com\/noticieroscanal7atencionciudadana\/","https:\/\/x.com\/NOTICIEROS7","https:\/\/www.instagram.com\/canal7_slp","https:\/\/www.youtube.com\/channel\/UCliiYs-gP3JfJeqdPrNdd5A"]},{"@type":"Person","@id":"https:\/\/canal7slp.tv\/2025\/#\/schema\/person\/271e2b60a96e7cc9d9ac296f4d7e414b","name":"Edici\u00f3n Web","image":{"@type":"ImageObject","inLanguage":"es","@id":"https:\/\/secure.gravatar.com\/avatar\/eee448fc3f7164808013b816ba91ac7e43bbe82a70bebac296f8bc6f0addaa1a?s=96&d=mm&r=g","url":"https:\/\/secure.gravatar.com\/avatar\/eee448fc3f7164808013b816ba91ac7e43bbe82a70bebac296f8bc6f0addaa1a?s=96&d=mm&r=g","contentUrl":"https:\/\/secure.gravatar.com\/avatar\/eee448fc3f7164808013b816ba91ac7e43bbe82a70bebac296f8bc6f0addaa1a?s=96&d=mm&r=g","caption":"Edici\u00f3n Web"},"url":"https:\/\/canal7slp.tv\/2025\/author\/edicionweb\/"}]}},"_links":{"self":[{"href":"https:\/\/canal7slp.tv\/2025\/wp-json\/wp\/v2\/posts\/172528","targetHints":{"allow":["GET"]}}],"collection":[{"href":"https:\/\/canal7slp.tv\/2025\/wp-json\/wp\/v2\/posts"}],"about":[{"href":"https:\/\/canal7slp.tv\/2025\/wp-json\/wp\/v2\/types\/post"}],"author":[{"embeddable":true,"href":"https:\/\/canal7slp.tv\/2025\/wp-json\/wp\/v2\/users\/2"}],"replies":[{"embeddable":true,"href":"https:\/\/canal7slp.tv\/2025\/wp-json\/wp\/v2\/comments?post=172528"}],"version-history":[{"count":1,"href":"https:\/\/canal7slp.tv\/2025\/wp-json\/wp\/v2\/posts\/172528\/revisions"}],"predecessor-version":[{"id":172530,"href":"https:\/\/canal7slp.tv\/2025\/wp-json\/wp\/v2\/posts\/172528\/revisions\/172530"}],"wp:featuredmedia":[{"embeddable":true,"href":"https:\/\/canal7slp.tv\/2025\/wp-json\/wp\/v2\/media\/172529"}],"wp:attachment":[{"href":"https:\/\/canal7slp.tv\/2025\/wp-json\/wp\/v2\/media?parent=172528"}],"wp:term":[{"taxonomy":"category","embeddable":true,"href":"https:\/\/canal7slp.tv\/2025\/wp-json\/wp\/v2\/categories?post=172528"},{"taxonomy":"post_tag","embeddable":true,"href":"https:\/\/canal7slp.tv\/2025\/wp-json\/wp\/v2\/tags?post=172528"}],"curies":[{"name":"wp","href":"https:\/\/api.w.org\/{rel}","templated":true}]}}