{"id":172078,"date":"2025-06-29T11:17:42","date_gmt":"2025-06-29T17:17:42","guid":{"rendered":"https:\/\/canal7slp.tv\/2025\/?p=172078"},"modified":"2025-06-29T11:17:42","modified_gmt":"2025-06-29T17:17:42","slug":"trump-ordena-cortar-fondos-federales-a-ong-vinculadas-con-disturbios","status":"publish","type":"post","link":"https:\/\/canal7slp.tv\/2025\/trump-ordena-cortar-fondos-federales-a-ong-vinculadas-con-disturbios\/","title":{"rendered":"Trump ordena cortar fondos federales a ONG vinculadas con disturbios"},"content":{"rendered":"<p style=\"text-align: justify;\">\n<ul style=\"text-align: justify;\">\n<li>CHIRLA bajo investigaci\u00f3n.<\/li>\n<\/ul>\n<p style=\"text-align: justify;\">EUA.- El presidente de Estados Unidos, Donald Trump, anunci\u00f3 este viernes la suspensi\u00f3n de fondos federales a organizaciones no gubernamentales (ONG) que, seg\u00fan su gobierno, han estado implicadas en disturbios recientes. La medida se implementar\u00e1 independientemente del avance de una resoluci\u00f3n similar en el Congreso.<\/p>\n<p style=\"text-align: justify;\">Trump afirm\u00f3 que algunas ONG usan fondos p\u00fablicos para fomentar protestas y disturbios, y posteriormente solicitan m\u00e1s recursos para la reconstrucci\u00f3n de las zonas afectadas. Aunque no mencion\u00f3 nombres espec\u00edficos, su declaraci\u00f3n coincide con el avance de una propuesta presentada por el representante de California, Kevin Kiley, que busca prohibir el financiamiento federal y los beneficios fiscales a ONG vinculadas con actos que \u00e9l califica como \u201cdisturbios ilegales\u201d.<\/p>\n<p style=\"text-align: justify;\">La propuesta tambi\u00e9n contempla aumentar las penas por agresiones contra agentes federales y por obstrucci\u00f3n de operaciones migratorias. Actualmente, la pena por agresi\u00f3n simple a un agente federal es de un a\u00f1o de prisi\u00f3n y no contempla sanciones econ\u00f3micas.<\/p>\n<p style=\"text-align: justify;\">En este contexto, Kiley se\u00f1al\u00f3 directamente a la Coalici\u00f3n por los Derechos Humanos de los Inmigrantes de Los \u00c1ngeles (CHIRLA), acus\u00e1ndola de informar sobre redadas del Servicio de Inmigraci\u00f3n y Control de Aduanas (ICE) y de estar vinculada con las protestas en Los \u00c1ngeles. Afirm\u00f3 adem\u00e1s que la organizaci\u00f3n recibi\u00f3 34 millones de d\u00f3lares en fondos estatales.<\/p>\n<p style=\"text-align: justify;\">Por su parte, CHIRLA neg\u00f3 cualquier implicaci\u00f3n en actos violentos o disturbios. Sin embargo, la organizaci\u00f3n est\u00e1 siendo investigada por el Comit\u00e9 Judicial de la C\u00e1mara de Representantes, controlado por los republicanos, para determinar si utiliz\u00f3 recursos federales entregados durante la administraci\u00f3n del presidente dem\u00f3crata Joe Biden para promover acciones en contra de operativos migratorios.<\/p>\n<p style=\"text-align: justify;\">\n","protected":false},"excerpt":{"rendered":"<p>CHIRLA bajo investigaci\u00f3n. EUA.- El presidente de Estados Unidos, Donald Trump, anunci\u00f3 este viernes la suspensi\u00f3n de fondos federales a organizaciones no gubernamentales (ONG) que, seg\u00fan su gobierno, han estado implicadas en disturbios recientes. La medida se implementar\u00e1 independientemente del avance de una resoluci\u00f3n similar en el Congreso. Trump afirm\u00f3 que algunas ONG usan fondos p\u00fablicos para fomentar protestas y disturbios, y posteriormente solicitan m\u00e1s recursos para la reconstrucci\u00f3n de las zonas afectadas. Aunque no mencion\u00f3 nombres espec\u00edficos, su declaraci\u00f3n coincide con el avance de una propuesta presentada por el representante de California, Kevin Kiley, que busca prohibir el financiamiento [&hellip;]<\/p>\n","protected":false},"author":2,"featured_media":172079,"comment_status":"closed","ping_status":"closed","sticky":false,"template":"","format":"standard","meta":{"_monsterinsights_skip_tracking":false,"_monsterinsights_sitenote_active":false,"_monsterinsights_sitenote_note":"","_monsterinsights_sitenote_category":0,"footnotes":""},"categories":[44],"tags":[],"class_list":["post-172078","post","type-post","status-publish","format-standard","has-post-thumbnail","hentry","category-internacional","post--single"],"yoast_head":"<!-- This site is optimized with the Yoast SEO plugin v27.5 - https:\/\/yoast.com\/product\/yoast-seo-wordpress\/ -->\n<title>Trump ordena cortar fondos federales a ONG vinculadas con disturbios - Canal 7 SLP - 2025<\/title>\n<meta name=\"robots\" content=\"index, follow, max-snippet:-1, max-image-preview:large, max-video-preview:-1\" \/>\n<link rel=\"canonical\" href=\"https:\/\/canal7slp.tv\/2025\/trump-ordena-cortar-fondos-federales-a-ong-vinculadas-con-disturbios\/\" \/>\n<meta property=\"og:locale\" content=\"es_ES\" \/>\n<meta property=\"og:type\" content=\"article\" \/>\n<meta property=\"og:title\" content=\"Trump ordena cortar fondos federales a ONG vinculadas con disturbios - Canal 7 SLP - 2025\" \/>\n<meta property=\"og:description\" content=\"CHIRLA bajo investigaci\u00f3n. EUA.- El presidente de Estados Unidos, Donald Trump, anunci\u00f3 este viernes la suspensi\u00f3n de fondos federales a organizaciones no gubernamentales (ONG) que, seg\u00fan su gobierno, han estado implicadas en disturbios recientes. La medida se implementar\u00e1 independientemente del avance de una resoluci\u00f3n similar en el Congreso. Trump afirm\u00f3 que algunas ONG usan fondos p\u00fablicos para fomentar protestas y disturbios, y posteriormente solicitan m\u00e1s recursos para la reconstrucci\u00f3n de las zonas afectadas. Aunque no mencion\u00f3 nombres espec\u00edficos, su declaraci\u00f3n coincide con el avance de una propuesta presentada por el representante de California, Kevin Kiley, que busca prohibir el financiamiento [&hellip;]\" \/>\n<meta property=\"og:url\" content=\"https:\/\/canal7slp.tv\/2025\/trump-ordena-cortar-fondos-federales-a-ong-vinculadas-con-disturbios\/\" \/>\n<meta property=\"og:site_name\" content=\"Canal 7 SLP - 2025\" \/>\n<meta property=\"article:publisher\" content=\"https:\/\/www.facebook.com\/noticieroscanal7atencionciudadana\/\" \/>\n<meta property=\"article:published_time\" content=\"2025-06-29T17:17:42+00:00\" \/>\n<meta property=\"og:image\" content=\"https:\/\/canal7slp.tv\/2025\/wp-content\/uploads\/2025\/06\/08-28.jpg\" \/>\n\t<meta property=\"og:image:width\" content=\"813\" \/>\n\t<meta property=\"og:image:height\" content=\"500\" \/>\n\t<meta property=\"og:image:type\" content=\"image\/jpeg\" \/>\n<meta name=\"author\" content=\"Edici\u00f3n Web\" \/>\n<meta name=\"twitter:card\" content=\"summary_large_image\" \/>\n<meta name=\"twitter:creator\" content=\"@NOTICIEROS7\" \/>\n<meta name=\"twitter:site\" content=\"@NOTICIEROS7\" \/>\n<meta name=\"twitter:label1\" content=\"Escrito por\" \/>\n\t<meta name=\"twitter:data1\" content=\"Edici\u00f3n Web\" \/>\n\t<meta name=\"twitter:label2\" content=\"Tiempo de lectura\" \/>\n\t<meta name=\"twitter:data2\" content=\"2 minutos\" \/>\n<script type=\"application\/ld+json\" class=\"yoast-schema-graph\">{\"@context\":\"https:\\\/\\\/schema.org\",\"@graph\":[{\"@type\":\"Article\",\"@id\":\"https:\\\/\\\/canal7slp.tv\\\/2025\\\/trump-ordena-cortar-fondos-federales-a-ong-vinculadas-con-disturbios\\\/#article\",\"isPartOf\":{\"@id\":\"https:\\\/\\\/canal7slp.tv\\\/2025\\\/trump-ordena-cortar-fondos-federales-a-ong-vinculadas-con-disturbios\\\/\"},\"author\":{\"name\":\"Edici\u00f3n Web\",\"@id\":\"https:\\\/\\\/canal7slp.tv\\\/2025\\\/#\\\/schema\\\/person\\\/271e2b60a96e7cc9d9ac296f4d7e414b\"},\"headline\":\"Trump ordena cortar fondos federales a ONG vinculadas con disturbios\",\"datePublished\":\"2025-06-29T17:17:42+00:00\",\"mainEntityOfPage\":{\"@id\":\"https:\\\/\\\/canal7slp.tv\\\/2025\\\/trump-ordena-cortar-fondos-federales-a-ong-vinculadas-con-disturbios\\\/\"},\"wordCount\":304,\"publisher\":{\"@id\":\"https:\\\/\\\/canal7slp.tv\\\/2025\\\/#organization\"},\"image\":{\"@id\":\"https:\\\/\\\/canal7slp.tv\\\/2025\\\/trump-ordena-cortar-fondos-federales-a-ong-vinculadas-con-disturbios\\\/#primaryimage\"},\"thumbnailUrl\":\"https:\\\/\\\/canal7slp.tv\\\/2025\\\/wp-content\\\/uploads\\\/2025\\\/06\\\/08-28.jpg\",\"articleSection\":[\"INTERNACIONALES\"],\"inLanguage\":\"es\"},{\"@type\":\"WebPage\",\"@id\":\"https:\\\/\\\/canal7slp.tv\\\/2025\\\/trump-ordena-cortar-fondos-federales-a-ong-vinculadas-con-disturbios\\\/\",\"url\":\"https:\\\/\\\/canal7slp.tv\\\/2025\\\/trump-ordena-cortar-fondos-federales-a-ong-vinculadas-con-disturbios\\\/\",\"name\":\"Trump ordena cortar fondos federales a ONG vinculadas con disturbios - Canal 7 SLP - 2025\",\"isPartOf\":{\"@id\":\"https:\\\/\\\/canal7slp.tv\\\/2025\\\/#website\"},\"primaryImageOfPage\":{\"@id\":\"https:\\\/\\\/canal7slp.tv\\\/2025\\\/trump-ordena-cortar-fondos-federales-a-ong-vinculadas-con-disturbios\\\/#primaryimage\"},\"image\":{\"@id\":\"https:\\\/\\\/canal7slp.tv\\\/2025\\\/trump-ordena-cortar-fondos-federales-a-ong-vinculadas-con-disturbios\\\/#primaryimage\"},\"thumbnailUrl\":\"https:\\\/\\\/canal7slp.tv\\\/2025\\\/wp-content\\\/uploads\\\/2025\\\/06\\\/08-28.jpg\",\"datePublished\":\"2025-06-29T17:17:42+00:00\",\"breadcrumb\":{\"@id\":\"https:\\\/\\\/canal7slp.tv\\\/2025\\\/trump-ordena-cortar-fondos-federales-a-ong-vinculadas-con-disturbios\\\/#breadcrumb\"},\"inLanguage\":\"es\",\"potentialAction\":[{\"@type\":\"ReadAction\",\"target\":[\"https:\\\/\\\/canal7slp.tv\\\/2025\\\/trump-ordena-cortar-fondos-federales-a-ong-vinculadas-con-disturbios\\\/\"]}]},{\"@type\":\"ImageObject\",\"inLanguage\":\"es\",\"@id\":\"https:\\\/\\\/canal7slp.tv\\\/2025\\\/trump-ordena-cortar-fondos-federales-a-ong-vinculadas-con-disturbios\\\/#primaryimage\",\"url\":\"https:\\\/\\\/canal7slp.tv\\\/2025\\\/wp-content\\\/uploads\\\/2025\\\/06\\\/08-28.jpg\",\"contentUrl\":\"https:\\\/\\\/canal7slp.tv\\\/2025\\\/wp-content\\\/uploads\\\/2025\\\/06\\\/08-28.jpg\",\"width\":813,\"height\":500},{\"@type\":\"BreadcrumbList\",\"@id\":\"https:\\\/\\\/canal7slp.tv\\\/2025\\\/trump-ordena-cortar-fondos-federales-a-ong-vinculadas-con-disturbios\\\/#breadcrumb\",\"itemListElement\":[{\"@type\":\"ListItem\",\"position\":1,\"name\":\"Portada\",\"item\":\"https:\\\/\\\/canal7slp.tv\\\/2025\\\/\"},{\"@type\":\"ListItem\",\"position\":2,\"name\":\"Trump ordena cortar fondos federales a ONG vinculadas con disturbios\"}]},{\"@type\":\"WebSite\",\"@id\":\"https:\\\/\\\/canal7slp.tv\\\/2025\\\/#website\",\"url\":\"https:\\\/\\\/canal7slp.tv\\\/2025\\\/\",\"name\":\"N7 - Noticieros Canal 7\",\"description\":\"Somos el Medio\",\"publisher\":{\"@id\":\"https:\\\/\\\/canal7slp.tv\\\/2025\\\/#organization\"},\"potentialAction\":[{\"@type\":\"SearchAction\",\"target\":{\"@type\":\"EntryPoint\",\"urlTemplate\":\"https:\\\/\\\/canal7slp.tv\\\/2025\\\/?s={search_term_string}\"},\"query-input\":{\"@type\":\"PropertyValueSpecification\",\"valueRequired\":true,\"valueName\":\"search_term_string\"}}],\"inLanguage\":\"es\"},{\"@type\":\"Organization\",\"@id\":\"https:\\\/\\\/canal7slp.tv\\\/2025\\\/#organization\",\"name\":\"Noticieros Canal 7\",\"url\":\"https:\\\/\\\/canal7slp.tv\\\/2025\\\/\",\"logo\":{\"@type\":\"ImageObject\",\"inLanguage\":\"es\",\"@id\":\"https:\\\/\\\/canal7slp.tv\\\/2025\\\/#\\\/schema\\\/logo\\\/image\\\/\",\"url\":\"https:\\\/\\\/canal7slp.tv\\\/2025\\\/wp-content\\\/uploads\\\/2021\\\/01\\\/logo-noticieros@2x.png\",\"contentUrl\":\"https:\\\/\\\/canal7slp.tv\\\/2025\\\/wp-content\\\/uploads\\\/2021\\\/01\\\/logo-noticieros@2x.png\",\"width\":1017,\"height\":268,\"caption\":\"Noticieros Canal 7\"},\"image\":{\"@id\":\"https:\\\/\\\/canal7slp.tv\\\/2025\\\/#\\\/schema\\\/logo\\\/image\\\/\"},\"sameAs\":[\"https:\\\/\\\/www.facebook.com\\\/noticieroscanal7atencionciudadana\\\/\",\"https:\\\/\\\/x.com\\\/NOTICIEROS7\",\"https:\\\/\\\/www.instagram.com\\\/canal7_slp\",\"https:\\\/\\\/www.youtube.com\\\/channel\\\/UCliiYs-gP3JfJeqdPrNdd5A\"]},{\"@type\":\"Person\",\"@id\":\"https:\\\/\\\/canal7slp.tv\\\/2025\\\/#\\\/schema\\\/person\\\/271e2b60a96e7cc9d9ac296f4d7e414b\",\"name\":\"Edici\u00f3n Web\",\"image\":{\"@type\":\"ImageObject\",\"inLanguage\":\"es\",\"@id\":\"https:\\\/\\\/secure.gravatar.com\\\/avatar\\\/eee448fc3f7164808013b816ba91ac7e43bbe82a70bebac296f8bc6f0addaa1a?s=96&d=mm&r=g\",\"url\":\"https:\\\/\\\/secure.gravatar.com\\\/avatar\\\/eee448fc3f7164808013b816ba91ac7e43bbe82a70bebac296f8bc6f0addaa1a?s=96&d=mm&r=g\",\"contentUrl\":\"https:\\\/\\\/secure.gravatar.com\\\/avatar\\\/eee448fc3f7164808013b816ba91ac7e43bbe82a70bebac296f8bc6f0addaa1a?s=96&d=mm&r=g\",\"caption\":\"Edici\u00f3n Web\"},\"url\":\"https:\\\/\\\/canal7slp.tv\\\/2025\\\/author\\\/edicionweb\\\/\"}]}<\/script>\n<!-- \/ Yoast SEO plugin. -->","yoast_head_json":{"title":"Trump ordena cortar fondos federales a ONG vinculadas con disturbios - Canal 7 SLP - 2025","robots":{"index":"index","follow":"follow","max-snippet":"max-snippet:-1","max-image-preview":"max-image-preview:large","max-video-preview":"max-video-preview:-1"},"canonical":"https:\/\/canal7slp.tv\/2025\/trump-ordena-cortar-fondos-federales-a-ong-vinculadas-con-disturbios\/","og_locale":"es_ES","og_type":"article","og_title":"Trump ordena cortar fondos federales a ONG vinculadas con disturbios - Canal 7 SLP - 2025","og_description":"CHIRLA bajo investigaci\u00f3n. EUA.- El presidente de Estados Unidos, Donald Trump, anunci\u00f3 este viernes la suspensi\u00f3n de fondos federales a organizaciones no gubernamentales (ONG) que, seg\u00fan su gobierno, han estado implicadas en disturbios recientes. La medida se implementar\u00e1 independientemente del avance de una resoluci\u00f3n similar en el Congreso. Trump afirm\u00f3 que algunas ONG usan fondos p\u00fablicos para fomentar protestas y disturbios, y posteriormente solicitan m\u00e1s recursos para la reconstrucci\u00f3n de las zonas afectadas. Aunque no mencion\u00f3 nombres espec\u00edficos, su declaraci\u00f3n coincide con el avance de una propuesta presentada por el representante de California, Kevin Kiley, que busca prohibir el financiamiento [&hellip;]","og_url":"https:\/\/canal7slp.tv\/2025\/trump-ordena-cortar-fondos-federales-a-ong-vinculadas-con-disturbios\/","og_site_name":"Canal 7 SLP - 2025","article_publisher":"https:\/\/www.facebook.com\/noticieroscanal7atencionciudadana\/","article_published_time":"2025-06-29T17:17:42+00:00","og_image":[{"width":813,"height":500,"url":"https:\/\/canal7slp.tv\/2025\/wp-content\/uploads\/2025\/06\/08-28.jpg","type":"image\/jpeg"}],"author":"Edici\u00f3n Web","twitter_card":"summary_large_image","twitter_creator":"@NOTICIEROS7","twitter_site":"@NOTICIEROS7","twitter_misc":{"Escrito por":"Edici\u00f3n Web","Tiempo de lectura":"2 minutos"},"schema":{"@context":"https:\/\/schema.org","@graph":[{"@type":"Article","@id":"https:\/\/canal7slp.tv\/2025\/trump-ordena-cortar-fondos-federales-a-ong-vinculadas-con-disturbios\/#article","isPartOf":{"@id":"https:\/\/canal7slp.tv\/2025\/trump-ordena-cortar-fondos-federales-a-ong-vinculadas-con-disturbios\/"},"author":{"name":"Edici\u00f3n Web","@id":"https:\/\/canal7slp.tv\/2025\/#\/schema\/person\/271e2b60a96e7cc9d9ac296f4d7e414b"},"headline":"Trump ordena cortar fondos federales a ONG vinculadas con disturbios","datePublished":"2025-06-29T17:17:42+00:00","mainEntityOfPage":{"@id":"https:\/\/canal7slp.tv\/2025\/trump-ordena-cortar-fondos-federales-a-ong-vinculadas-con-disturbios\/"},"wordCount":304,"publisher":{"@id":"https:\/\/canal7slp.tv\/2025\/#organization"},"image":{"@id":"https:\/\/canal7slp.tv\/2025\/trump-ordena-cortar-fondos-federales-a-ong-vinculadas-con-disturbios\/#primaryimage"},"thumbnailUrl":"https:\/\/canal7slp.tv\/2025\/wp-content\/uploads\/2025\/06\/08-28.jpg","articleSection":["INTERNACIONALES"],"inLanguage":"es"},{"@type":"WebPage","@id":"https:\/\/canal7slp.tv\/2025\/trump-ordena-cortar-fondos-federales-a-ong-vinculadas-con-disturbios\/","url":"https:\/\/canal7slp.tv\/2025\/trump-ordena-cortar-fondos-federales-a-ong-vinculadas-con-disturbios\/","name":"Trump ordena cortar fondos federales a ONG vinculadas con disturbios - Canal 7 SLP - 2025","isPartOf":{"@id":"https:\/\/canal7slp.tv\/2025\/#website"},"primaryImageOfPage":{"@id":"https:\/\/canal7slp.tv\/2025\/trump-ordena-cortar-fondos-federales-a-ong-vinculadas-con-disturbios\/#primaryimage"},"image":{"@id":"https:\/\/canal7slp.tv\/2025\/trump-ordena-cortar-fondos-federales-a-ong-vinculadas-con-disturbios\/#primaryimage"},"thumbnailUrl":"https:\/\/canal7slp.tv\/2025\/wp-content\/uploads\/2025\/06\/08-28.jpg","datePublished":"2025-06-29T17:17:42+00:00","breadcrumb":{"@id":"https:\/\/canal7slp.tv\/2025\/trump-ordena-cortar-fondos-federales-a-ong-vinculadas-con-disturbios\/#breadcrumb"},"inLanguage":"es","potentialAction":[{"@type":"ReadAction","target":["https:\/\/canal7slp.tv\/2025\/trump-ordena-cortar-fondos-federales-a-ong-vinculadas-con-disturbios\/"]}]},{"@type":"ImageObject","inLanguage":"es","@id":"https:\/\/canal7slp.tv\/2025\/trump-ordena-cortar-fondos-federales-a-ong-vinculadas-con-disturbios\/#primaryimage","url":"https:\/\/canal7slp.tv\/2025\/wp-content\/uploads\/2025\/06\/08-28.jpg","contentUrl":"https:\/\/canal7slp.tv\/2025\/wp-content\/uploads\/2025\/06\/08-28.jpg","width":813,"height":500},{"@type":"BreadcrumbList","@id":"https:\/\/canal7slp.tv\/2025\/trump-ordena-cortar-fondos-federales-a-ong-vinculadas-con-disturbios\/#breadcrumb","itemListElement":[{"@type":"ListItem","position":1,"name":"Portada","item":"https:\/\/canal7slp.tv\/2025\/"},{"@type":"ListItem","position":2,"name":"Trump ordena cortar fondos federales a ONG vinculadas con disturbios"}]},{"@type":"WebSite","@id":"https:\/\/canal7slp.tv\/2025\/#website","url":"https:\/\/canal7slp.tv\/2025\/","name":"N7 - Noticieros Canal 7","description":"Somos el Medio","publisher":{"@id":"https:\/\/canal7slp.tv\/2025\/#organization"},"potentialAction":[{"@type":"SearchAction","target":{"@type":"EntryPoint","urlTemplate":"https:\/\/canal7slp.tv\/2025\/?s={search_term_string}"},"query-input":{"@type":"PropertyValueSpecification","valueRequired":true,"valueName":"search_term_string"}}],"inLanguage":"es"},{"@type":"Organization","@id":"https:\/\/canal7slp.tv\/2025\/#organization","name":"Noticieros Canal 7","url":"https:\/\/canal7slp.tv\/2025\/","logo":{"@type":"ImageObject","inLanguage":"es","@id":"https:\/\/canal7slp.tv\/2025\/#\/schema\/logo\/image\/","url":"https:\/\/canal7slp.tv\/2025\/wp-content\/uploads\/2021\/01\/logo-noticieros@2x.png","contentUrl":"https:\/\/canal7slp.tv\/2025\/wp-content\/uploads\/2021\/01\/logo-noticieros@2x.png","width":1017,"height":268,"caption":"Noticieros Canal 7"},"image":{"@id":"https:\/\/canal7slp.tv\/2025\/#\/schema\/logo\/image\/"},"sameAs":["https:\/\/www.facebook.com\/noticieroscanal7atencionciudadana\/","https:\/\/x.com\/NOTICIEROS7","https:\/\/www.instagram.com\/canal7_slp","https:\/\/www.youtube.com\/channel\/UCliiYs-gP3JfJeqdPrNdd5A"]},{"@type":"Person","@id":"https:\/\/canal7slp.tv\/2025\/#\/schema\/person\/271e2b60a96e7cc9d9ac296f4d7e414b","name":"Edici\u00f3n Web","image":{"@type":"ImageObject","inLanguage":"es","@id":"https:\/\/secure.gravatar.com\/avatar\/eee448fc3f7164808013b816ba91ac7e43bbe82a70bebac296f8bc6f0addaa1a?s=96&d=mm&r=g","url":"https:\/\/secure.gravatar.com\/avatar\/eee448fc3f7164808013b816ba91ac7e43bbe82a70bebac296f8bc6f0addaa1a?s=96&d=mm&r=g","contentUrl":"https:\/\/secure.gravatar.com\/avatar\/eee448fc3f7164808013b816ba91ac7e43bbe82a70bebac296f8bc6f0addaa1a?s=96&d=mm&r=g","caption":"Edici\u00f3n Web"},"url":"https:\/\/canal7slp.tv\/2025\/author\/edicionweb\/"}]}},"_links":{"self":[{"href":"https:\/\/canal7slp.tv\/2025\/wp-json\/wp\/v2\/posts\/172078","targetHints":{"allow":["GET"]}}],"collection":[{"href":"https:\/\/canal7slp.tv\/2025\/wp-json\/wp\/v2\/posts"}],"about":[{"href":"https:\/\/canal7slp.tv\/2025\/wp-json\/wp\/v2\/types\/post"}],"author":[{"embeddable":true,"href":"https:\/\/canal7slp.tv\/2025\/wp-json\/wp\/v2\/users\/2"}],"replies":[{"embeddable":true,"href":"https:\/\/canal7slp.tv\/2025\/wp-json\/wp\/v2\/comments?post=172078"}],"version-history":[{"count":1,"href":"https:\/\/canal7slp.tv\/2025\/wp-json\/wp\/v2\/posts\/172078\/revisions"}],"predecessor-version":[{"id":172080,"href":"https:\/\/canal7slp.tv\/2025\/wp-json\/wp\/v2\/posts\/172078\/revisions\/172080"}],"wp:featuredmedia":[{"embeddable":true,"href":"https:\/\/canal7slp.tv\/2025\/wp-json\/wp\/v2\/media\/172079"}],"wp:attachment":[{"href":"https:\/\/canal7slp.tv\/2025\/wp-json\/wp\/v2\/media?parent=172078"}],"wp:term":[{"taxonomy":"category","embeddable":true,"href":"https:\/\/canal7slp.tv\/2025\/wp-json\/wp\/v2\/categories?post=172078"},{"taxonomy":"post_tag","embeddable":true,"href":"https:\/\/canal7slp.tv\/2025\/wp-json\/wp\/v2\/tags?post=172078"}],"curies":[{"name":"wp","href":"https:\/\/api.w.org\/{rel}","templated":true}]}}