{"id":172075,"date":"2025-06-29T11:07:07","date_gmt":"2025-06-29T17:07:07","guid":{"rendered":"https:\/\/canal7slp.tv\/2025\/?p=172075"},"modified":"2025-06-29T11:07:07","modified_gmt":"2025-06-29T17:07:07","slug":"tribunal-de-jerusalen-suspende-audiencias-del-juicio-de-netanyahu","status":"publish","type":"post","link":"https:\/\/canal7slp.tv\/2025\/tribunal-de-jerusalen-suspende-audiencias-del-juicio-de-netanyahu\/","title":{"rendered":"Tribunal de Jerusal\u00e9n suspende audiencias del juicio de Netanyahu"},"content":{"rendered":"<p style=\"text-align: justify;\">\n<p style=\"text-align: justify;\">Jerusal\u00e9n.- El Tribunal de Distrito de Jerusal\u00e9n suspendi\u00f3 las audiencias del juicio por corrupci\u00f3n contra el primer ministro israel\u00ed Benjam\u00edn Netanyahu, tras reconsiderar una solicitud previamente rechazada. La decisi\u00f3n se tom\u00f3 luego de una sesi\u00f3n a puerta cerrada en la que altos mandos del Mosad y de la inteligencia militar israel\u00ed respaldaron el aplazamiento, argumentando razones de seguridad nacional.<\/p>\n<p style=\"text-align: justify;\">Netanyahu hab\u00eda solicitado la suspensi\u00f3n para enfocarse en asuntos cr\u00edticos de defensa y diplomacia, especialmente en relaci\u00f3n con la situaci\u00f3n en Gaza y otras tensiones regionales. Aunque la Fiscal\u00eda General se hab\u00eda opuesto, alegando que no exist\u00eda justificaci\u00f3n suficiente y que el tribunal pronto entrar\u00eda en receso de verano, los jueces decidieron cancelar las sesiones de esta semana tras evaluar la informaci\u00f3n confidencial presentada por los jefes de inteligencia.<\/p>\n<p style=\"text-align: justify;\">La reconsideraci\u00f3n del tribunal coincidi\u00f3 con una publicaci\u00f3n en redes sociales del expresidente estadounidense Donald Trump, quien calific\u00f3 el proceso legal contra Netanyahu como una \u201ccaza de brujas\u201d y pidi\u00f3 su cancelaci\u00f3n o indulto. Aunque no fue un factor oficial en la decisi\u00f3n judicial, el respaldo pol\u00edtico de Trump a\u00f1adi\u00f3 presi\u00f3n p\u00fablica al proceso.<\/p>\n<p style=\"text-align: justify;\">Netanyahu es el primer primer ministro en funciones de Israel que enfrenta cargos penales. Est\u00e1 acusado de soborno, fraude y abuso de confianza, en relaci\u00f3n con acuerdos con magnates de los medios de comunicaci\u00f3n a cambio de cobertura favorable y otros beneficios personales y pol\u00edticos.<\/p>\n<p style=\"text-align: justify;\">\n<p style=\"text-align: justify;\">\n","protected":false},"excerpt":{"rendered":"<p>Jerusal\u00e9n.- El Tribunal de Distrito de Jerusal\u00e9n suspendi\u00f3 las audiencias del juicio por corrupci\u00f3n contra el primer ministro israel\u00ed Benjam\u00edn Netanyahu, tras reconsiderar una solicitud previamente rechazada. La decisi\u00f3n se tom\u00f3 luego de una sesi\u00f3n a puerta cerrada en la que altos mandos del Mosad y de la inteligencia militar israel\u00ed respaldaron el aplazamiento, argumentando razones de seguridad nacional. Netanyahu hab\u00eda solicitado la suspensi\u00f3n para enfocarse en asuntos cr\u00edticos de defensa y diplomacia, especialmente en relaci\u00f3n con la situaci\u00f3n en Gaza y otras tensiones regionales. Aunque la Fiscal\u00eda General se hab\u00eda opuesto, alegando que no exist\u00eda justificaci\u00f3n suficiente y que [&hellip;]<\/p>\n","protected":false},"author":2,"featured_media":172076,"comment_status":"closed","ping_status":"closed","sticky":false,"template":"","format":"standard","meta":{"_monsterinsights_skip_tracking":false,"_monsterinsights_sitenote_active":false,"_monsterinsights_sitenote_note":"","_monsterinsights_sitenote_category":0,"footnotes":""},"categories":[46],"tags":[],"class_list":["post-172075","post","type-post","status-publish","format-standard","has-post-thumbnail","hentry","category-nacional","post--single"],"yoast_head":"<!-- This site is optimized with the Yoast SEO plugin v27.5 - https:\/\/yoast.com\/product\/yoast-seo-wordpress\/ -->\n<title>Tribunal de Jerusal\u00e9n suspende audiencias del juicio de Netanyahu - Canal 7 SLP - 2025<\/title>\n<meta name=\"robots\" content=\"index, follow, max-snippet:-1, max-image-preview:large, max-video-preview:-1\" \/>\n<link rel=\"canonical\" href=\"https:\/\/canal7slp.tv\/2025\/tribunal-de-jerusalen-suspende-audiencias-del-juicio-de-netanyahu\/\" \/>\n<meta property=\"og:locale\" content=\"es_ES\" \/>\n<meta property=\"og:type\" content=\"article\" \/>\n<meta property=\"og:title\" content=\"Tribunal de Jerusal\u00e9n suspende audiencias del juicio de Netanyahu - Canal 7 SLP - 2025\" \/>\n<meta property=\"og:description\" content=\"Jerusal\u00e9n.- El Tribunal de Distrito de Jerusal\u00e9n suspendi\u00f3 las audiencias del juicio por corrupci\u00f3n contra el primer ministro israel\u00ed Benjam\u00edn Netanyahu, tras reconsiderar una solicitud previamente rechazada. La decisi\u00f3n se tom\u00f3 luego de una sesi\u00f3n a puerta cerrada en la que altos mandos del Mosad y de la inteligencia militar israel\u00ed respaldaron el aplazamiento, argumentando razones de seguridad nacional. Netanyahu hab\u00eda solicitado la suspensi\u00f3n para enfocarse en asuntos cr\u00edticos de defensa y diplomacia, especialmente en relaci\u00f3n con la situaci\u00f3n en Gaza y otras tensiones regionales. Aunque la Fiscal\u00eda General se hab\u00eda opuesto, alegando que no exist\u00eda justificaci\u00f3n suficiente y que [&hellip;]\" \/>\n<meta property=\"og:url\" content=\"https:\/\/canal7slp.tv\/2025\/tribunal-de-jerusalen-suspende-audiencias-del-juicio-de-netanyahu\/\" \/>\n<meta property=\"og:site_name\" content=\"Canal 7 SLP - 2025\" \/>\n<meta property=\"article:publisher\" content=\"https:\/\/www.facebook.com\/noticieroscanal7atencionciudadana\/\" \/>\n<meta property=\"article:published_time\" content=\"2025-06-29T17:07:07+00:00\" \/>\n<meta property=\"og:image\" content=\"https:\/\/canal7slp.tv\/2025\/wp-content\/uploads\/2025\/06\/07-28.jpg\" \/>\n\t<meta property=\"og:image:width\" content=\"749\" \/>\n\t<meta property=\"og:image:height\" content=\"500\" \/>\n\t<meta property=\"og:image:type\" content=\"image\/jpeg\" \/>\n<meta name=\"author\" content=\"Edici\u00f3n Web\" \/>\n<meta name=\"twitter:card\" content=\"summary_large_image\" \/>\n<meta name=\"twitter:creator\" content=\"@NOTICIEROS7\" \/>\n<meta name=\"twitter:site\" content=\"@NOTICIEROS7\" \/>\n<meta name=\"twitter:label1\" content=\"Escrito por\" \/>\n\t<meta name=\"twitter:data1\" content=\"Edici\u00f3n Web\" \/>\n\t<meta name=\"twitter:label2\" content=\"Tiempo de lectura\" \/>\n\t<meta name=\"twitter:data2\" content=\"2 minutos\" \/>\n<script type=\"application\/ld+json\" class=\"yoast-schema-graph\">{\"@context\":\"https:\\\/\\\/schema.org\",\"@graph\":[{\"@type\":\"Article\",\"@id\":\"https:\\\/\\\/canal7slp.tv\\\/2025\\\/tribunal-de-jerusalen-suspende-audiencias-del-juicio-de-netanyahu\\\/#article\",\"isPartOf\":{\"@id\":\"https:\\\/\\\/canal7slp.tv\\\/2025\\\/tribunal-de-jerusalen-suspende-audiencias-del-juicio-de-netanyahu\\\/\"},\"author\":{\"name\":\"Edici\u00f3n Web\",\"@id\":\"https:\\\/\\\/canal7slp.tv\\\/2025\\\/#\\\/schema\\\/person\\\/271e2b60a96e7cc9d9ac296f4d7e414b\"},\"headline\":\"Tribunal de Jerusal\u00e9n suspende audiencias del juicio de Netanyahu\",\"datePublished\":\"2025-06-29T17:07:07+00:00\",\"mainEntityOfPage\":{\"@id\":\"https:\\\/\\\/canal7slp.tv\\\/2025\\\/tribunal-de-jerusalen-suspende-audiencias-del-juicio-de-netanyahu\\\/\"},\"wordCount\":266,\"publisher\":{\"@id\":\"https:\\\/\\\/canal7slp.tv\\\/2025\\\/#organization\"},\"image\":{\"@id\":\"https:\\\/\\\/canal7slp.tv\\\/2025\\\/tribunal-de-jerusalen-suspende-audiencias-del-juicio-de-netanyahu\\\/#primaryimage\"},\"thumbnailUrl\":\"https:\\\/\\\/canal7slp.tv\\\/2025\\\/wp-content\\\/uploads\\\/2025\\\/06\\\/07-28.jpg\",\"articleSection\":[\"NACIONALES\"],\"inLanguage\":\"es\"},{\"@type\":\"WebPage\",\"@id\":\"https:\\\/\\\/canal7slp.tv\\\/2025\\\/tribunal-de-jerusalen-suspende-audiencias-del-juicio-de-netanyahu\\\/\",\"url\":\"https:\\\/\\\/canal7slp.tv\\\/2025\\\/tribunal-de-jerusalen-suspende-audiencias-del-juicio-de-netanyahu\\\/\",\"name\":\"Tribunal de Jerusal\u00e9n suspende audiencias del juicio de Netanyahu - Canal 7 SLP - 2025\",\"isPartOf\":{\"@id\":\"https:\\\/\\\/canal7slp.tv\\\/2025\\\/#website\"},\"primaryImageOfPage\":{\"@id\":\"https:\\\/\\\/canal7slp.tv\\\/2025\\\/tribunal-de-jerusalen-suspende-audiencias-del-juicio-de-netanyahu\\\/#primaryimage\"},\"image\":{\"@id\":\"https:\\\/\\\/canal7slp.tv\\\/2025\\\/tribunal-de-jerusalen-suspende-audiencias-del-juicio-de-netanyahu\\\/#primaryimage\"},\"thumbnailUrl\":\"https:\\\/\\\/canal7slp.tv\\\/2025\\\/wp-content\\\/uploads\\\/2025\\\/06\\\/07-28.jpg\",\"datePublished\":\"2025-06-29T17:07:07+00:00\",\"breadcrumb\":{\"@id\":\"https:\\\/\\\/canal7slp.tv\\\/2025\\\/tribunal-de-jerusalen-suspende-audiencias-del-juicio-de-netanyahu\\\/#breadcrumb\"},\"inLanguage\":\"es\",\"potentialAction\":[{\"@type\":\"ReadAction\",\"target\":[\"https:\\\/\\\/canal7slp.tv\\\/2025\\\/tribunal-de-jerusalen-suspende-audiencias-del-juicio-de-netanyahu\\\/\"]}]},{\"@type\":\"ImageObject\",\"inLanguage\":\"es\",\"@id\":\"https:\\\/\\\/canal7slp.tv\\\/2025\\\/tribunal-de-jerusalen-suspende-audiencias-del-juicio-de-netanyahu\\\/#primaryimage\",\"url\":\"https:\\\/\\\/canal7slp.tv\\\/2025\\\/wp-content\\\/uploads\\\/2025\\\/06\\\/07-28.jpg\",\"contentUrl\":\"https:\\\/\\\/canal7slp.tv\\\/2025\\\/wp-content\\\/uploads\\\/2025\\\/06\\\/07-28.jpg\",\"width\":749,\"height\":500},{\"@type\":\"BreadcrumbList\",\"@id\":\"https:\\\/\\\/canal7slp.tv\\\/2025\\\/tribunal-de-jerusalen-suspende-audiencias-del-juicio-de-netanyahu\\\/#breadcrumb\",\"itemListElement\":[{\"@type\":\"ListItem\",\"position\":1,\"name\":\"Portada\",\"item\":\"https:\\\/\\\/canal7slp.tv\\\/2025\\\/\"},{\"@type\":\"ListItem\",\"position\":2,\"name\":\"Tribunal de Jerusal\u00e9n suspende audiencias del juicio de Netanyahu\"}]},{\"@type\":\"WebSite\",\"@id\":\"https:\\\/\\\/canal7slp.tv\\\/2025\\\/#website\",\"url\":\"https:\\\/\\\/canal7slp.tv\\\/2025\\\/\",\"name\":\"N7 - Noticieros Canal 7\",\"description\":\"Somos el Medio\",\"publisher\":{\"@id\":\"https:\\\/\\\/canal7slp.tv\\\/2025\\\/#organization\"},\"potentialAction\":[{\"@type\":\"SearchAction\",\"target\":{\"@type\":\"EntryPoint\",\"urlTemplate\":\"https:\\\/\\\/canal7slp.tv\\\/2025\\\/?s={search_term_string}\"},\"query-input\":{\"@type\":\"PropertyValueSpecification\",\"valueRequired\":true,\"valueName\":\"search_term_string\"}}],\"inLanguage\":\"es\"},{\"@type\":\"Organization\",\"@id\":\"https:\\\/\\\/canal7slp.tv\\\/2025\\\/#organization\",\"name\":\"Noticieros Canal 7\",\"url\":\"https:\\\/\\\/canal7slp.tv\\\/2025\\\/\",\"logo\":{\"@type\":\"ImageObject\",\"inLanguage\":\"es\",\"@id\":\"https:\\\/\\\/canal7slp.tv\\\/2025\\\/#\\\/schema\\\/logo\\\/image\\\/\",\"url\":\"https:\\\/\\\/canal7slp.tv\\\/2025\\\/wp-content\\\/uploads\\\/2021\\\/01\\\/logo-noticieros@2x.png\",\"contentUrl\":\"https:\\\/\\\/canal7slp.tv\\\/2025\\\/wp-content\\\/uploads\\\/2021\\\/01\\\/logo-noticieros@2x.png\",\"width\":1017,\"height\":268,\"caption\":\"Noticieros Canal 7\"},\"image\":{\"@id\":\"https:\\\/\\\/canal7slp.tv\\\/2025\\\/#\\\/schema\\\/logo\\\/image\\\/\"},\"sameAs\":[\"https:\\\/\\\/www.facebook.com\\\/noticieroscanal7atencionciudadana\\\/\",\"https:\\\/\\\/x.com\\\/NOTICIEROS7\",\"https:\\\/\\\/www.instagram.com\\\/canal7_slp\",\"https:\\\/\\\/www.youtube.com\\\/channel\\\/UCliiYs-gP3JfJeqdPrNdd5A\"]},{\"@type\":\"Person\",\"@id\":\"https:\\\/\\\/canal7slp.tv\\\/2025\\\/#\\\/schema\\\/person\\\/271e2b60a96e7cc9d9ac296f4d7e414b\",\"name\":\"Edici\u00f3n Web\",\"image\":{\"@type\":\"ImageObject\",\"inLanguage\":\"es\",\"@id\":\"https:\\\/\\\/secure.gravatar.com\\\/avatar\\\/eee448fc3f7164808013b816ba91ac7e43bbe82a70bebac296f8bc6f0addaa1a?s=96&d=mm&r=g\",\"url\":\"https:\\\/\\\/secure.gravatar.com\\\/avatar\\\/eee448fc3f7164808013b816ba91ac7e43bbe82a70bebac296f8bc6f0addaa1a?s=96&d=mm&r=g\",\"contentUrl\":\"https:\\\/\\\/secure.gravatar.com\\\/avatar\\\/eee448fc3f7164808013b816ba91ac7e43bbe82a70bebac296f8bc6f0addaa1a?s=96&d=mm&r=g\",\"caption\":\"Edici\u00f3n Web\"},\"url\":\"https:\\\/\\\/canal7slp.tv\\\/2025\\\/author\\\/edicionweb\\\/\"}]}<\/script>\n<!-- \/ Yoast SEO plugin. -->","yoast_head_json":{"title":"Tribunal de Jerusal\u00e9n suspende audiencias del juicio de Netanyahu - Canal 7 SLP - 2025","robots":{"index":"index","follow":"follow","max-snippet":"max-snippet:-1","max-image-preview":"max-image-preview:large","max-video-preview":"max-video-preview:-1"},"canonical":"https:\/\/canal7slp.tv\/2025\/tribunal-de-jerusalen-suspende-audiencias-del-juicio-de-netanyahu\/","og_locale":"es_ES","og_type":"article","og_title":"Tribunal de Jerusal\u00e9n suspende audiencias del juicio de Netanyahu - Canal 7 SLP - 2025","og_description":"Jerusal\u00e9n.- El Tribunal de Distrito de Jerusal\u00e9n suspendi\u00f3 las audiencias del juicio por corrupci\u00f3n contra el primer ministro israel\u00ed Benjam\u00edn Netanyahu, tras reconsiderar una solicitud previamente rechazada. La decisi\u00f3n se tom\u00f3 luego de una sesi\u00f3n a puerta cerrada en la que altos mandos del Mosad y de la inteligencia militar israel\u00ed respaldaron el aplazamiento, argumentando razones de seguridad nacional. Netanyahu hab\u00eda solicitado la suspensi\u00f3n para enfocarse en asuntos cr\u00edticos de defensa y diplomacia, especialmente en relaci\u00f3n con la situaci\u00f3n en Gaza y otras tensiones regionales. Aunque la Fiscal\u00eda General se hab\u00eda opuesto, alegando que no exist\u00eda justificaci\u00f3n suficiente y que [&hellip;]","og_url":"https:\/\/canal7slp.tv\/2025\/tribunal-de-jerusalen-suspende-audiencias-del-juicio-de-netanyahu\/","og_site_name":"Canal 7 SLP - 2025","article_publisher":"https:\/\/www.facebook.com\/noticieroscanal7atencionciudadana\/","article_published_time":"2025-06-29T17:07:07+00:00","og_image":[{"width":749,"height":500,"url":"https:\/\/canal7slp.tv\/2025\/wp-content\/uploads\/2025\/06\/07-28.jpg","type":"image\/jpeg"}],"author":"Edici\u00f3n Web","twitter_card":"summary_large_image","twitter_creator":"@NOTICIEROS7","twitter_site":"@NOTICIEROS7","twitter_misc":{"Escrito por":"Edici\u00f3n Web","Tiempo de lectura":"2 minutos"},"schema":{"@context":"https:\/\/schema.org","@graph":[{"@type":"Article","@id":"https:\/\/canal7slp.tv\/2025\/tribunal-de-jerusalen-suspende-audiencias-del-juicio-de-netanyahu\/#article","isPartOf":{"@id":"https:\/\/canal7slp.tv\/2025\/tribunal-de-jerusalen-suspende-audiencias-del-juicio-de-netanyahu\/"},"author":{"name":"Edici\u00f3n Web","@id":"https:\/\/canal7slp.tv\/2025\/#\/schema\/person\/271e2b60a96e7cc9d9ac296f4d7e414b"},"headline":"Tribunal de Jerusal\u00e9n suspende audiencias del juicio de Netanyahu","datePublished":"2025-06-29T17:07:07+00:00","mainEntityOfPage":{"@id":"https:\/\/canal7slp.tv\/2025\/tribunal-de-jerusalen-suspende-audiencias-del-juicio-de-netanyahu\/"},"wordCount":266,"publisher":{"@id":"https:\/\/canal7slp.tv\/2025\/#organization"},"image":{"@id":"https:\/\/canal7slp.tv\/2025\/tribunal-de-jerusalen-suspende-audiencias-del-juicio-de-netanyahu\/#primaryimage"},"thumbnailUrl":"https:\/\/canal7slp.tv\/2025\/wp-content\/uploads\/2025\/06\/07-28.jpg","articleSection":["NACIONALES"],"inLanguage":"es"},{"@type":"WebPage","@id":"https:\/\/canal7slp.tv\/2025\/tribunal-de-jerusalen-suspende-audiencias-del-juicio-de-netanyahu\/","url":"https:\/\/canal7slp.tv\/2025\/tribunal-de-jerusalen-suspende-audiencias-del-juicio-de-netanyahu\/","name":"Tribunal de Jerusal\u00e9n suspende audiencias del juicio de Netanyahu - Canal 7 SLP - 2025","isPartOf":{"@id":"https:\/\/canal7slp.tv\/2025\/#website"},"primaryImageOfPage":{"@id":"https:\/\/canal7slp.tv\/2025\/tribunal-de-jerusalen-suspende-audiencias-del-juicio-de-netanyahu\/#primaryimage"},"image":{"@id":"https:\/\/canal7slp.tv\/2025\/tribunal-de-jerusalen-suspende-audiencias-del-juicio-de-netanyahu\/#primaryimage"},"thumbnailUrl":"https:\/\/canal7slp.tv\/2025\/wp-content\/uploads\/2025\/06\/07-28.jpg","datePublished":"2025-06-29T17:07:07+00:00","breadcrumb":{"@id":"https:\/\/canal7slp.tv\/2025\/tribunal-de-jerusalen-suspende-audiencias-del-juicio-de-netanyahu\/#breadcrumb"},"inLanguage":"es","potentialAction":[{"@type":"ReadAction","target":["https:\/\/canal7slp.tv\/2025\/tribunal-de-jerusalen-suspende-audiencias-del-juicio-de-netanyahu\/"]}]},{"@type":"ImageObject","inLanguage":"es","@id":"https:\/\/canal7slp.tv\/2025\/tribunal-de-jerusalen-suspende-audiencias-del-juicio-de-netanyahu\/#primaryimage","url":"https:\/\/canal7slp.tv\/2025\/wp-content\/uploads\/2025\/06\/07-28.jpg","contentUrl":"https:\/\/canal7slp.tv\/2025\/wp-content\/uploads\/2025\/06\/07-28.jpg","width":749,"height":500},{"@type":"BreadcrumbList","@id":"https:\/\/canal7slp.tv\/2025\/tribunal-de-jerusalen-suspende-audiencias-del-juicio-de-netanyahu\/#breadcrumb","itemListElement":[{"@type":"ListItem","position":1,"name":"Portada","item":"https:\/\/canal7slp.tv\/2025\/"},{"@type":"ListItem","position":2,"name":"Tribunal de Jerusal\u00e9n suspende audiencias del juicio de Netanyahu"}]},{"@type":"WebSite","@id":"https:\/\/canal7slp.tv\/2025\/#website","url":"https:\/\/canal7slp.tv\/2025\/","name":"N7 - Noticieros Canal 7","description":"Somos el Medio","publisher":{"@id":"https:\/\/canal7slp.tv\/2025\/#organization"},"potentialAction":[{"@type":"SearchAction","target":{"@type":"EntryPoint","urlTemplate":"https:\/\/canal7slp.tv\/2025\/?s={search_term_string}"},"query-input":{"@type":"PropertyValueSpecification","valueRequired":true,"valueName":"search_term_string"}}],"inLanguage":"es"},{"@type":"Organization","@id":"https:\/\/canal7slp.tv\/2025\/#organization","name":"Noticieros Canal 7","url":"https:\/\/canal7slp.tv\/2025\/","logo":{"@type":"ImageObject","inLanguage":"es","@id":"https:\/\/canal7slp.tv\/2025\/#\/schema\/logo\/image\/","url":"https:\/\/canal7slp.tv\/2025\/wp-content\/uploads\/2021\/01\/logo-noticieros@2x.png","contentUrl":"https:\/\/canal7slp.tv\/2025\/wp-content\/uploads\/2021\/01\/logo-noticieros@2x.png","width":1017,"height":268,"caption":"Noticieros Canal 7"},"image":{"@id":"https:\/\/canal7slp.tv\/2025\/#\/schema\/logo\/image\/"},"sameAs":["https:\/\/www.facebook.com\/noticieroscanal7atencionciudadana\/","https:\/\/x.com\/NOTICIEROS7","https:\/\/www.instagram.com\/canal7_slp","https:\/\/www.youtube.com\/channel\/UCliiYs-gP3JfJeqdPrNdd5A"]},{"@type":"Person","@id":"https:\/\/canal7slp.tv\/2025\/#\/schema\/person\/271e2b60a96e7cc9d9ac296f4d7e414b","name":"Edici\u00f3n Web","image":{"@type":"ImageObject","inLanguage":"es","@id":"https:\/\/secure.gravatar.com\/avatar\/eee448fc3f7164808013b816ba91ac7e43bbe82a70bebac296f8bc6f0addaa1a?s=96&d=mm&r=g","url":"https:\/\/secure.gravatar.com\/avatar\/eee448fc3f7164808013b816ba91ac7e43bbe82a70bebac296f8bc6f0addaa1a?s=96&d=mm&r=g","contentUrl":"https:\/\/secure.gravatar.com\/avatar\/eee448fc3f7164808013b816ba91ac7e43bbe82a70bebac296f8bc6f0addaa1a?s=96&d=mm&r=g","caption":"Edici\u00f3n Web"},"url":"https:\/\/canal7slp.tv\/2025\/author\/edicionweb\/"}]}},"_links":{"self":[{"href":"https:\/\/canal7slp.tv\/2025\/wp-json\/wp\/v2\/posts\/172075","targetHints":{"allow":["GET"]}}],"collection":[{"href":"https:\/\/canal7slp.tv\/2025\/wp-json\/wp\/v2\/posts"}],"about":[{"href":"https:\/\/canal7slp.tv\/2025\/wp-json\/wp\/v2\/types\/post"}],"author":[{"embeddable":true,"href":"https:\/\/canal7slp.tv\/2025\/wp-json\/wp\/v2\/users\/2"}],"replies":[{"embeddable":true,"href":"https:\/\/canal7slp.tv\/2025\/wp-json\/wp\/v2\/comments?post=172075"}],"version-history":[{"count":1,"href":"https:\/\/canal7slp.tv\/2025\/wp-json\/wp\/v2\/posts\/172075\/revisions"}],"predecessor-version":[{"id":172077,"href":"https:\/\/canal7slp.tv\/2025\/wp-json\/wp\/v2\/posts\/172075\/revisions\/172077"}],"wp:featuredmedia":[{"embeddable":true,"href":"https:\/\/canal7slp.tv\/2025\/wp-json\/wp\/v2\/media\/172076"}],"wp:attachment":[{"href":"https:\/\/canal7slp.tv\/2025\/wp-json\/wp\/v2\/media?parent=172075"}],"wp:term":[{"taxonomy":"category","embeddable":true,"href":"https:\/\/canal7slp.tv\/2025\/wp-json\/wp\/v2\/categories?post=172075"},{"taxonomy":"post_tag","embeddable":true,"href":"https:\/\/canal7slp.tv\/2025\/wp-json\/wp\/v2\/tags?post=172075"}],"curies":[{"name":"wp","href":"https:\/\/api.w.org\/{rel}","templated":true}]}}