{"id":172059,"date":"2025-06-29T08:51:36","date_gmt":"2025-06-29T14:51:36","guid":{"rendered":"https:\/\/canal7slp.tv\/2025\/?p=172059"},"modified":"2025-06-29T08:51:36","modified_gmt":"2025-06-29T14:51:36","slug":"senado-aprueba-nueva-ley-de-telecomunicaciones","status":"publish","type":"post","link":"https:\/\/canal7slp.tv\/2025\/senado-aprueba-nueva-ley-de-telecomunicaciones\/","title":{"rendered":"Senado aprueba nueva Ley de Telecomunicaciones"},"content":{"rendered":"<p style=\"text-align: justify;\">\n<ul style=\"text-align: justify;\">\n<li>Desaparece el IFT.<\/li>\n<\/ul>\n<p style=\"text-align: justify;\">M\u00e9xico.- Con 77 votos a favor y 30 en contra, el Senado de la Rep\u00fablica aprob\u00f3 la nueva Ley de Telecomunicaciones y Radiodifusi\u00f3n, que sustituye al Instituto Federal de Telecomunicaciones (IFT) con la creaci\u00f3n de la Agencia de Transformaci\u00f3n Digital y Telecomunicaciones (ATDT), marcando un cambio estructural en la regulaci\u00f3n del sector.<\/p>\n<p style=\"text-align: justify;\">Entre los puntos m\u00e1s controvertidos se encuentra la geolocalizaci\u00f3n en tiempo real de dispositivos m\u00f3viles sin necesidad de orden judicial, una medida que, seg\u00fan especialistas, podr\u00eda facilitar vigilancia gubernamental sin control adecuado, afectando derechos fundamentales como la privacidad.<\/p>\n<p style=\"text-align: justify;\">Aunque se elimin\u00f3 el pol\u00e9mico art\u00edculo 109, que permit\u00eda el bloqueo temporal de plataformas digitales, la oposici\u00f3n \u2014principalmente del PAN y PRI\u2014 mantuvo su rechazo al proyecto, argumentando riesgos para la libertad de expresi\u00f3n y los contrapesos democr\u00e1ticos.<\/p>\n<p style=\"text-align: justify;\">La nueva legislaci\u00f3n otorga a la Secretar\u00eda de Gobernaci\u00f3n la facultad de suspender la difusi\u00f3n de publicidad extranjera, exceptuando contenidos culturales, tur\u00edsticos o deportivos, lo que tambi\u00e9n ha despertado cr\u00edticas por posibles restricciones indirectas a medios de comunicaci\u00f3n y contenidos internacionales.<\/p>\n<p style=\"text-align: justify;\">Asimismo, se establece la Comisi\u00f3n Reguladora de Telecomunicaciones (CRT), con independencia t\u00e9cnica y operativa, pero bajo un esquema de centralizaci\u00f3n en el Poder Ejecutivo, lo que ha generado preocupaci\u00f3n por el debilitamiento de \u00f3rganos aut\u00f3nomos.<\/p>\n<p style=\"text-align: justify;\">Los legisladores de Morena y sus aliados defendieron la reforma, asegurando que busca ampliar la cobertura, mejorar la calidad del servicio y garantizar los derechos de las audiencias, adem\u00e1s de haber sido resultado de un proceso de consulta con expertos y organizaciones civiles.<\/p>\n<p style=\"text-align: justify;\">El dictamen fue enviado a la C\u00e1mara de Diputados para su discusi\u00f3n y votaci\u00f3n. Se prev\u00e9 que en las pr\u00f3ximas sesiones tambi\u00e9n se avance en reformas relacionadas con seguridad p\u00fablica y tecnolog\u00eda.<\/p>\n","protected":false},"excerpt":{"rendered":"<p>Desaparece el IFT. M\u00e9xico.- Con 77 votos a favor y 30 en contra, el Senado de la Rep\u00fablica aprob\u00f3 la nueva Ley de Telecomunicaciones y Radiodifusi\u00f3n, que sustituye al Instituto Federal de Telecomunicaciones (IFT) con la creaci\u00f3n de la Agencia de Transformaci\u00f3n Digital y Telecomunicaciones (ATDT), marcando un cambio estructural en la regulaci\u00f3n del sector. Entre los puntos m\u00e1s controvertidos se encuentra la geolocalizaci\u00f3n en tiempo real de dispositivos m\u00f3viles sin necesidad de orden judicial, una medida que, seg\u00fan especialistas, podr\u00eda facilitar vigilancia gubernamental sin control adecuado, afectando derechos fundamentales como la privacidad. Aunque se elimin\u00f3 el pol\u00e9mico art\u00edculo 109, [&hellip;]<\/p>\n","protected":false},"author":2,"featured_media":172060,"comment_status":"closed","ping_status":"closed","sticky":false,"template":"","format":"standard","meta":{"_monsterinsights_skip_tracking":false,"_monsterinsights_sitenote_active":false,"_monsterinsights_sitenote_note":"","_monsterinsights_sitenote_category":0,"footnotes":""},"categories":[46],"tags":[],"class_list":["post-172059","post","type-post","status-publish","format-standard","has-post-thumbnail","hentry","category-nacional","post--single"],"yoast_head":"<!-- This site is optimized with the Yoast SEO plugin v27.5 - https:\/\/yoast.com\/product\/yoast-seo-wordpress\/ -->\n<title>Senado aprueba nueva Ley de Telecomunicaciones - Canal 7 SLP - 2025<\/title>\n<meta name=\"robots\" content=\"index, follow, max-snippet:-1, max-image-preview:large, max-video-preview:-1\" \/>\n<link rel=\"canonical\" href=\"https:\/\/canal7slp.tv\/2025\/senado-aprueba-nueva-ley-de-telecomunicaciones\/\" \/>\n<meta property=\"og:locale\" content=\"es_ES\" \/>\n<meta property=\"og:type\" content=\"article\" \/>\n<meta property=\"og:title\" content=\"Senado aprueba nueva Ley de Telecomunicaciones - Canal 7 SLP - 2025\" \/>\n<meta property=\"og:description\" content=\"Desaparece el IFT. M\u00e9xico.- Con 77 votos a favor y 30 en contra, el Senado de la Rep\u00fablica aprob\u00f3 la nueva Ley de Telecomunicaciones y Radiodifusi\u00f3n, que sustituye al Instituto Federal de Telecomunicaciones (IFT) con la creaci\u00f3n de la Agencia de Transformaci\u00f3n Digital y Telecomunicaciones (ATDT), marcando un cambio estructural en la regulaci\u00f3n del sector. Entre los puntos m\u00e1s controvertidos se encuentra la geolocalizaci\u00f3n en tiempo real de dispositivos m\u00f3viles sin necesidad de orden judicial, una medida que, seg\u00fan especialistas, podr\u00eda facilitar vigilancia gubernamental sin control adecuado, afectando derechos fundamentales como la privacidad. Aunque se elimin\u00f3 el pol\u00e9mico art\u00edculo 109, [&hellip;]\" \/>\n<meta property=\"og:url\" content=\"https:\/\/canal7slp.tv\/2025\/senado-aprueba-nueva-ley-de-telecomunicaciones\/\" \/>\n<meta property=\"og:site_name\" content=\"Canal 7 SLP - 2025\" \/>\n<meta property=\"article:publisher\" content=\"https:\/\/www.facebook.com\/noticieroscanal7atencionciudadana\/\" \/>\n<meta property=\"article:published_time\" content=\"2025-06-29T14:51:36+00:00\" \/>\n<meta property=\"og:image\" content=\"https:\/\/canal7slp.tv\/2025\/wp-content\/uploads\/2025\/06\/02-27.jpg\" \/>\n\t<meta property=\"og:image:width\" content=\"888\" \/>\n\t<meta property=\"og:image:height\" content=\"500\" \/>\n\t<meta property=\"og:image:type\" content=\"image\/jpeg\" \/>\n<meta name=\"author\" content=\"Edici\u00f3n Web\" \/>\n<meta name=\"twitter:card\" content=\"summary_large_image\" \/>\n<meta name=\"twitter:creator\" content=\"@NOTICIEROS7\" \/>\n<meta name=\"twitter:site\" content=\"@NOTICIEROS7\" \/>\n<meta name=\"twitter:label1\" content=\"Escrito por\" \/>\n\t<meta name=\"twitter:data1\" content=\"Edici\u00f3n Web\" \/>\n\t<meta name=\"twitter:label2\" content=\"Tiempo de lectura\" \/>\n\t<meta name=\"twitter:data2\" content=\"2 minutos\" \/>\n<script type=\"application\/ld+json\" class=\"yoast-schema-graph\">{\"@context\":\"https:\\\/\\\/schema.org\",\"@graph\":[{\"@type\":\"Article\",\"@id\":\"https:\\\/\\\/canal7slp.tv\\\/2025\\\/senado-aprueba-nueva-ley-de-telecomunicaciones\\\/#article\",\"isPartOf\":{\"@id\":\"https:\\\/\\\/canal7slp.tv\\\/2025\\\/senado-aprueba-nueva-ley-de-telecomunicaciones\\\/\"},\"author\":{\"name\":\"Edici\u00f3n Web\",\"@id\":\"https:\\\/\\\/canal7slp.tv\\\/2025\\\/#\\\/schema\\\/person\\\/271e2b60a96e7cc9d9ac296f4d7e414b\"},\"headline\":\"Senado aprueba nueva Ley de Telecomunicaciones\",\"datePublished\":\"2025-06-29T14:51:36+00:00\",\"mainEntityOfPage\":{\"@id\":\"https:\\\/\\\/canal7slp.tv\\\/2025\\\/senado-aprueba-nueva-ley-de-telecomunicaciones\\\/\"},\"wordCount\":324,\"publisher\":{\"@id\":\"https:\\\/\\\/canal7slp.tv\\\/2025\\\/#organization\"},\"image\":{\"@id\":\"https:\\\/\\\/canal7slp.tv\\\/2025\\\/senado-aprueba-nueva-ley-de-telecomunicaciones\\\/#primaryimage\"},\"thumbnailUrl\":\"https:\\\/\\\/canal7slp.tv\\\/2025\\\/wp-content\\\/uploads\\\/2025\\\/06\\\/02-27.jpg\",\"articleSection\":[\"NACIONALES\"],\"inLanguage\":\"es\"},{\"@type\":\"WebPage\",\"@id\":\"https:\\\/\\\/canal7slp.tv\\\/2025\\\/senado-aprueba-nueva-ley-de-telecomunicaciones\\\/\",\"url\":\"https:\\\/\\\/canal7slp.tv\\\/2025\\\/senado-aprueba-nueva-ley-de-telecomunicaciones\\\/\",\"name\":\"Senado aprueba nueva Ley de Telecomunicaciones - Canal 7 SLP - 2025\",\"isPartOf\":{\"@id\":\"https:\\\/\\\/canal7slp.tv\\\/2025\\\/#website\"},\"primaryImageOfPage\":{\"@id\":\"https:\\\/\\\/canal7slp.tv\\\/2025\\\/senado-aprueba-nueva-ley-de-telecomunicaciones\\\/#primaryimage\"},\"image\":{\"@id\":\"https:\\\/\\\/canal7slp.tv\\\/2025\\\/senado-aprueba-nueva-ley-de-telecomunicaciones\\\/#primaryimage\"},\"thumbnailUrl\":\"https:\\\/\\\/canal7slp.tv\\\/2025\\\/wp-content\\\/uploads\\\/2025\\\/06\\\/02-27.jpg\",\"datePublished\":\"2025-06-29T14:51:36+00:00\",\"breadcrumb\":{\"@id\":\"https:\\\/\\\/canal7slp.tv\\\/2025\\\/senado-aprueba-nueva-ley-de-telecomunicaciones\\\/#breadcrumb\"},\"inLanguage\":\"es\",\"potentialAction\":[{\"@type\":\"ReadAction\",\"target\":[\"https:\\\/\\\/canal7slp.tv\\\/2025\\\/senado-aprueba-nueva-ley-de-telecomunicaciones\\\/\"]}]},{\"@type\":\"ImageObject\",\"inLanguage\":\"es\",\"@id\":\"https:\\\/\\\/canal7slp.tv\\\/2025\\\/senado-aprueba-nueva-ley-de-telecomunicaciones\\\/#primaryimage\",\"url\":\"https:\\\/\\\/canal7slp.tv\\\/2025\\\/wp-content\\\/uploads\\\/2025\\\/06\\\/02-27.jpg\",\"contentUrl\":\"https:\\\/\\\/canal7slp.tv\\\/2025\\\/wp-content\\\/uploads\\\/2025\\\/06\\\/02-27.jpg\",\"width\":888,\"height\":500},{\"@type\":\"BreadcrumbList\",\"@id\":\"https:\\\/\\\/canal7slp.tv\\\/2025\\\/senado-aprueba-nueva-ley-de-telecomunicaciones\\\/#breadcrumb\",\"itemListElement\":[{\"@type\":\"ListItem\",\"position\":1,\"name\":\"Portada\",\"item\":\"https:\\\/\\\/canal7slp.tv\\\/2025\\\/\"},{\"@type\":\"ListItem\",\"position\":2,\"name\":\"Senado aprueba nueva Ley de Telecomunicaciones\"}]},{\"@type\":\"WebSite\",\"@id\":\"https:\\\/\\\/canal7slp.tv\\\/2025\\\/#website\",\"url\":\"https:\\\/\\\/canal7slp.tv\\\/2025\\\/\",\"name\":\"N7 - Noticieros Canal 7\",\"description\":\"Somos el Medio\",\"publisher\":{\"@id\":\"https:\\\/\\\/canal7slp.tv\\\/2025\\\/#organization\"},\"potentialAction\":[{\"@type\":\"SearchAction\",\"target\":{\"@type\":\"EntryPoint\",\"urlTemplate\":\"https:\\\/\\\/canal7slp.tv\\\/2025\\\/?s={search_term_string}\"},\"query-input\":{\"@type\":\"PropertyValueSpecification\",\"valueRequired\":true,\"valueName\":\"search_term_string\"}}],\"inLanguage\":\"es\"},{\"@type\":\"Organization\",\"@id\":\"https:\\\/\\\/canal7slp.tv\\\/2025\\\/#organization\",\"name\":\"Noticieros Canal 7\",\"url\":\"https:\\\/\\\/canal7slp.tv\\\/2025\\\/\",\"logo\":{\"@type\":\"ImageObject\",\"inLanguage\":\"es\",\"@id\":\"https:\\\/\\\/canal7slp.tv\\\/2025\\\/#\\\/schema\\\/logo\\\/image\\\/\",\"url\":\"https:\\\/\\\/canal7slp.tv\\\/2025\\\/wp-content\\\/uploads\\\/2021\\\/01\\\/logo-noticieros@2x.png\",\"contentUrl\":\"https:\\\/\\\/canal7slp.tv\\\/2025\\\/wp-content\\\/uploads\\\/2021\\\/01\\\/logo-noticieros@2x.png\",\"width\":1017,\"height\":268,\"caption\":\"Noticieros Canal 7\"},\"image\":{\"@id\":\"https:\\\/\\\/canal7slp.tv\\\/2025\\\/#\\\/schema\\\/logo\\\/image\\\/\"},\"sameAs\":[\"https:\\\/\\\/www.facebook.com\\\/noticieroscanal7atencionciudadana\\\/\",\"https:\\\/\\\/x.com\\\/NOTICIEROS7\",\"https:\\\/\\\/www.instagram.com\\\/canal7_slp\",\"https:\\\/\\\/www.youtube.com\\\/channel\\\/UCliiYs-gP3JfJeqdPrNdd5A\"]},{\"@type\":\"Person\",\"@id\":\"https:\\\/\\\/canal7slp.tv\\\/2025\\\/#\\\/schema\\\/person\\\/271e2b60a96e7cc9d9ac296f4d7e414b\",\"name\":\"Edici\u00f3n Web\",\"image\":{\"@type\":\"ImageObject\",\"inLanguage\":\"es\",\"@id\":\"https:\\\/\\\/secure.gravatar.com\\\/avatar\\\/eee448fc3f7164808013b816ba91ac7e43bbe82a70bebac296f8bc6f0addaa1a?s=96&d=mm&r=g\",\"url\":\"https:\\\/\\\/secure.gravatar.com\\\/avatar\\\/eee448fc3f7164808013b816ba91ac7e43bbe82a70bebac296f8bc6f0addaa1a?s=96&d=mm&r=g\",\"contentUrl\":\"https:\\\/\\\/secure.gravatar.com\\\/avatar\\\/eee448fc3f7164808013b816ba91ac7e43bbe82a70bebac296f8bc6f0addaa1a?s=96&d=mm&r=g\",\"caption\":\"Edici\u00f3n Web\"},\"url\":\"https:\\\/\\\/canal7slp.tv\\\/2025\\\/author\\\/edicionweb\\\/\"}]}<\/script>\n<!-- \/ Yoast SEO plugin. -->","yoast_head_json":{"title":"Senado aprueba nueva Ley de Telecomunicaciones - Canal 7 SLP - 2025","robots":{"index":"index","follow":"follow","max-snippet":"max-snippet:-1","max-image-preview":"max-image-preview:large","max-video-preview":"max-video-preview:-1"},"canonical":"https:\/\/canal7slp.tv\/2025\/senado-aprueba-nueva-ley-de-telecomunicaciones\/","og_locale":"es_ES","og_type":"article","og_title":"Senado aprueba nueva Ley de Telecomunicaciones - Canal 7 SLP - 2025","og_description":"Desaparece el IFT. M\u00e9xico.- Con 77 votos a favor y 30 en contra, el Senado de la Rep\u00fablica aprob\u00f3 la nueva Ley de Telecomunicaciones y Radiodifusi\u00f3n, que sustituye al Instituto Federal de Telecomunicaciones (IFT) con la creaci\u00f3n de la Agencia de Transformaci\u00f3n Digital y Telecomunicaciones (ATDT), marcando un cambio estructural en la regulaci\u00f3n del sector. Entre los puntos m\u00e1s controvertidos se encuentra la geolocalizaci\u00f3n en tiempo real de dispositivos m\u00f3viles sin necesidad de orden judicial, una medida que, seg\u00fan especialistas, podr\u00eda facilitar vigilancia gubernamental sin control adecuado, afectando derechos fundamentales como la privacidad. Aunque se elimin\u00f3 el pol\u00e9mico art\u00edculo 109, [&hellip;]","og_url":"https:\/\/canal7slp.tv\/2025\/senado-aprueba-nueva-ley-de-telecomunicaciones\/","og_site_name":"Canal 7 SLP - 2025","article_publisher":"https:\/\/www.facebook.com\/noticieroscanal7atencionciudadana\/","article_published_time":"2025-06-29T14:51:36+00:00","og_image":[{"width":888,"height":500,"url":"https:\/\/canal7slp.tv\/2025\/wp-content\/uploads\/2025\/06\/02-27.jpg","type":"image\/jpeg"}],"author":"Edici\u00f3n Web","twitter_card":"summary_large_image","twitter_creator":"@NOTICIEROS7","twitter_site":"@NOTICIEROS7","twitter_misc":{"Escrito por":"Edici\u00f3n Web","Tiempo de lectura":"2 minutos"},"schema":{"@context":"https:\/\/schema.org","@graph":[{"@type":"Article","@id":"https:\/\/canal7slp.tv\/2025\/senado-aprueba-nueva-ley-de-telecomunicaciones\/#article","isPartOf":{"@id":"https:\/\/canal7slp.tv\/2025\/senado-aprueba-nueva-ley-de-telecomunicaciones\/"},"author":{"name":"Edici\u00f3n Web","@id":"https:\/\/canal7slp.tv\/2025\/#\/schema\/person\/271e2b60a96e7cc9d9ac296f4d7e414b"},"headline":"Senado aprueba nueva Ley de Telecomunicaciones","datePublished":"2025-06-29T14:51:36+00:00","mainEntityOfPage":{"@id":"https:\/\/canal7slp.tv\/2025\/senado-aprueba-nueva-ley-de-telecomunicaciones\/"},"wordCount":324,"publisher":{"@id":"https:\/\/canal7slp.tv\/2025\/#organization"},"image":{"@id":"https:\/\/canal7slp.tv\/2025\/senado-aprueba-nueva-ley-de-telecomunicaciones\/#primaryimage"},"thumbnailUrl":"https:\/\/canal7slp.tv\/2025\/wp-content\/uploads\/2025\/06\/02-27.jpg","articleSection":["NACIONALES"],"inLanguage":"es"},{"@type":"WebPage","@id":"https:\/\/canal7slp.tv\/2025\/senado-aprueba-nueva-ley-de-telecomunicaciones\/","url":"https:\/\/canal7slp.tv\/2025\/senado-aprueba-nueva-ley-de-telecomunicaciones\/","name":"Senado aprueba nueva Ley de Telecomunicaciones - Canal 7 SLP - 2025","isPartOf":{"@id":"https:\/\/canal7slp.tv\/2025\/#website"},"primaryImageOfPage":{"@id":"https:\/\/canal7slp.tv\/2025\/senado-aprueba-nueva-ley-de-telecomunicaciones\/#primaryimage"},"image":{"@id":"https:\/\/canal7slp.tv\/2025\/senado-aprueba-nueva-ley-de-telecomunicaciones\/#primaryimage"},"thumbnailUrl":"https:\/\/canal7slp.tv\/2025\/wp-content\/uploads\/2025\/06\/02-27.jpg","datePublished":"2025-06-29T14:51:36+00:00","breadcrumb":{"@id":"https:\/\/canal7slp.tv\/2025\/senado-aprueba-nueva-ley-de-telecomunicaciones\/#breadcrumb"},"inLanguage":"es","potentialAction":[{"@type":"ReadAction","target":["https:\/\/canal7slp.tv\/2025\/senado-aprueba-nueva-ley-de-telecomunicaciones\/"]}]},{"@type":"ImageObject","inLanguage":"es","@id":"https:\/\/canal7slp.tv\/2025\/senado-aprueba-nueva-ley-de-telecomunicaciones\/#primaryimage","url":"https:\/\/canal7slp.tv\/2025\/wp-content\/uploads\/2025\/06\/02-27.jpg","contentUrl":"https:\/\/canal7slp.tv\/2025\/wp-content\/uploads\/2025\/06\/02-27.jpg","width":888,"height":500},{"@type":"BreadcrumbList","@id":"https:\/\/canal7slp.tv\/2025\/senado-aprueba-nueva-ley-de-telecomunicaciones\/#breadcrumb","itemListElement":[{"@type":"ListItem","position":1,"name":"Portada","item":"https:\/\/canal7slp.tv\/2025\/"},{"@type":"ListItem","position":2,"name":"Senado aprueba nueva Ley de Telecomunicaciones"}]},{"@type":"WebSite","@id":"https:\/\/canal7slp.tv\/2025\/#website","url":"https:\/\/canal7slp.tv\/2025\/","name":"N7 - Noticieros Canal 7","description":"Somos el Medio","publisher":{"@id":"https:\/\/canal7slp.tv\/2025\/#organization"},"potentialAction":[{"@type":"SearchAction","target":{"@type":"EntryPoint","urlTemplate":"https:\/\/canal7slp.tv\/2025\/?s={search_term_string}"},"query-input":{"@type":"PropertyValueSpecification","valueRequired":true,"valueName":"search_term_string"}}],"inLanguage":"es"},{"@type":"Organization","@id":"https:\/\/canal7slp.tv\/2025\/#organization","name":"Noticieros Canal 7","url":"https:\/\/canal7slp.tv\/2025\/","logo":{"@type":"ImageObject","inLanguage":"es","@id":"https:\/\/canal7slp.tv\/2025\/#\/schema\/logo\/image\/","url":"https:\/\/canal7slp.tv\/2025\/wp-content\/uploads\/2021\/01\/logo-noticieros@2x.png","contentUrl":"https:\/\/canal7slp.tv\/2025\/wp-content\/uploads\/2021\/01\/logo-noticieros@2x.png","width":1017,"height":268,"caption":"Noticieros Canal 7"},"image":{"@id":"https:\/\/canal7slp.tv\/2025\/#\/schema\/logo\/image\/"},"sameAs":["https:\/\/www.facebook.com\/noticieroscanal7atencionciudadana\/","https:\/\/x.com\/NOTICIEROS7","https:\/\/www.instagram.com\/canal7_slp","https:\/\/www.youtube.com\/channel\/UCliiYs-gP3JfJeqdPrNdd5A"]},{"@type":"Person","@id":"https:\/\/canal7slp.tv\/2025\/#\/schema\/person\/271e2b60a96e7cc9d9ac296f4d7e414b","name":"Edici\u00f3n Web","image":{"@type":"ImageObject","inLanguage":"es","@id":"https:\/\/secure.gravatar.com\/avatar\/eee448fc3f7164808013b816ba91ac7e43bbe82a70bebac296f8bc6f0addaa1a?s=96&d=mm&r=g","url":"https:\/\/secure.gravatar.com\/avatar\/eee448fc3f7164808013b816ba91ac7e43bbe82a70bebac296f8bc6f0addaa1a?s=96&d=mm&r=g","contentUrl":"https:\/\/secure.gravatar.com\/avatar\/eee448fc3f7164808013b816ba91ac7e43bbe82a70bebac296f8bc6f0addaa1a?s=96&d=mm&r=g","caption":"Edici\u00f3n Web"},"url":"https:\/\/canal7slp.tv\/2025\/author\/edicionweb\/"}]}},"_links":{"self":[{"href":"https:\/\/canal7slp.tv\/2025\/wp-json\/wp\/v2\/posts\/172059","targetHints":{"allow":["GET"]}}],"collection":[{"href":"https:\/\/canal7slp.tv\/2025\/wp-json\/wp\/v2\/posts"}],"about":[{"href":"https:\/\/canal7slp.tv\/2025\/wp-json\/wp\/v2\/types\/post"}],"author":[{"embeddable":true,"href":"https:\/\/canal7slp.tv\/2025\/wp-json\/wp\/v2\/users\/2"}],"replies":[{"embeddable":true,"href":"https:\/\/canal7slp.tv\/2025\/wp-json\/wp\/v2\/comments?post=172059"}],"version-history":[{"count":1,"href":"https:\/\/canal7slp.tv\/2025\/wp-json\/wp\/v2\/posts\/172059\/revisions"}],"predecessor-version":[{"id":172061,"href":"https:\/\/canal7slp.tv\/2025\/wp-json\/wp\/v2\/posts\/172059\/revisions\/172061"}],"wp:featuredmedia":[{"embeddable":true,"href":"https:\/\/canal7slp.tv\/2025\/wp-json\/wp\/v2\/media\/172060"}],"wp:attachment":[{"href":"https:\/\/canal7slp.tv\/2025\/wp-json\/wp\/v2\/media?parent=172059"}],"wp:term":[{"taxonomy":"category","embeddable":true,"href":"https:\/\/canal7slp.tv\/2025\/wp-json\/wp\/v2\/categories?post=172059"},{"taxonomy":"post_tag","embeddable":true,"href":"https:\/\/canal7slp.tv\/2025\/wp-json\/wp\/v2\/tags?post=172059"}],"curies":[{"name":"wp","href":"https:\/\/api.w.org\/{rel}","templated":true}]}}