{"id":172056,"date":"2025-06-29T08:28:48","date_gmt":"2025-06-29T14:28:48","guid":{"rendered":"https:\/\/canal7slp.tv\/2025\/?p=172056"},"modified":"2025-07-02T15:52:57","modified_gmt":"2025-07-02T21:52:57","slug":"dos-depresiones-tropicales-provocaran-lluvias-torrenciales-y-oleaje-elevado-en-el-golfo-y-pacifico","status":"publish","type":"post","link":"https:\/\/canal7slp.tv\/2025\/dos-depresiones-tropicales-provocaran-lluvias-torrenciales-y-oleaje-elevado-en-el-golfo-y-pacifico\/","title":{"rendered":"Dos depresiones tropicales provocar\u00e1n lluvias torrenciales y oleaje elevado en el Golfo y Pac\u00edfico"},"content":{"rendered":"<p style=\"text-align: justify;\">\n<p style=\"text-align: justify;\">M\u00e9xico.- Se prev\u00e9 que la depresi\u00f3n tropical Dos se intensifique a tormenta tropical en el suroeste del Golfo de M\u00e9xico, generando condiciones para lluvias fuertes a intensas en el noreste, oriente y sureste de M\u00e9xico. Se anticipan lluvias puntuales torrenciales en Tamaulipas (centro y sur), Puebla (norte y este) y Veracruz (centro y norte). Adem\u00e1s, se esperan vientos de 50 a 60 km\/h con rachas de 70 a 90 km\/h, as\u00ed como oleaje de 3 a 4 metros de altura en las costas de Tamaulipas y Veracruz.<\/p>\n<p style=\"text-align: justify;\">Simult\u00e1neamente, la depresi\u00f3n tropical Seis-E se desplazar\u00e1 al sur de Oaxaca y Guerrero, provocando lluvias muy fuertes a intensas en el occidente y sur del pa\u00eds, con lluvias puntuales intensas en Guerrero y Oaxaca, adem\u00e1s de rachas de viento de 60 a 80 km\/h y oleaje similar en las costas de ambas entidades.<\/p>\n<p style=\"text-align: justify;\">Canales de baja presi\u00f3n en el interior del pa\u00eds, junto con una circulaci\u00f3n cicl\u00f3nica en niveles altos, contribuir\u00e1n a la formaci\u00f3n de chubascos y lluvias fuertes a muy fuertes en el norte, centro y occidente de M\u00e9xico, con lluvias puntuales intensas en el Estado de M\u00e9xico, Morelos y Chiapas.<\/p>\n<p style=\"text-align: justify;\">Pron\u00f3stico de lluvias:<\/p>\n<ul style=\"text-align: justify;\">\n<li>Lluvias intensas con puntuales torrenciales (150 a 250 mm): Tamaulipas, Puebla y Veracruz.<\/li>\n<li>Lluvias muy fuertes con puntuales intensas (75 a 150 mm): San Luis Potos\u00ed, Hidalgo, Guerrero, Oaxaca, Chiapas, Michoac\u00e1n, Estado de M\u00e9xico, Morelos y Tabasco.<\/li>\n<li>Lluvias fuertes con puntuales muy fuertes (50 a 75 mm): Nayarit, Jalisco, Colima, Quer\u00e9taro y Tlaxcala.<\/li>\n<li>Chubascos con lluvias puntuales fuertes (25 a 50 mm): Chihuahua, Durango, Sinaloa y Ciudad de M\u00e9xico.<\/li>\n<li>Intervalos de chubascos (5 a 25 mm): Sonora, Coahuila, Nuevo Le\u00f3n, Zacatecas, Guanajuato, Campeche, Yucat\u00e1n y Quintana Roo.<\/li>\n<li>Lluvias aisladas (0.1 a 5 mm): Baja California Sur y Aguascalientes.<\/li>\n<\/ul>\n<p style=\"text-align: justify;\">Las lluvias podr\u00edan incrementar los niveles de r\u00edos y arroyos, generando encharcamientos, deslaves e inundaciones. Las rachas de viento pueden causar la ca\u00edda de \u00e1rboles y anuncios publicitarios.<\/p>\n<p style=\"text-align: justify;\">Pron\u00f3stico de temperaturas m\u00e1ximas:<\/p>\n<ul style=\"text-align: justify;\">\n<li>Temperaturas superiores a 45 \u00b0C: Baja California, Sonora y Sinaloa.<\/li>\n<li>Temperaturas de 40 a 45 \u00b0C: Baja California Sur, Chihuahua y Durango.<\/li>\n<li>Temperaturas de 35 a 40 \u00b0C: Coahuila, Nuevo Le\u00f3n, Tamaulipas, Nayarit y Campeche.<\/li>\n<li>Temperaturas de 30 a 35 \u00b0C: Zacatecas, Jalisco, Colima, Michoac\u00e1n, Guerrero, Oaxaca, Chiapas, Tabasco, Yucat\u00e1n y Quintana Roo.<\/li>\n<\/ul>\n<p style=\"text-align: justify;\">Pron\u00f3stico de viento y oleaje:<\/p>\n<ul style=\"text-align: justify;\">\n<li>Viento de 50 a 60 km\/h con rachas de 70 a 90 km\/h: Costas de Tamaulipas y Veracruz.<\/li>\n<li>Viento de 40 a 50 km\/h con rachas de 60 a 80 km\/h: Costas de Oaxaca y Guerrero.<\/li>\n<li>Oleaje de 3 a 4 metros de altura: Costas de Tamaulipas, Veracruz, Oaxaca y Guerrero.<\/li>\n<\/ul>\n<p style=\"text-align: justify;\">Pron\u00f3stico regional:<\/p>\n<ul style=\"text-align: justify;\">\n<li>Valle de M\u00e9xico: Cielo medio nublado a nublado, con lluvias aisladas y ambiente fresco por la ma\u00f1ana. Se esperan chubascos por la tarde, con temperaturas de 13 a 23 \u00b0C.<\/li>\n<li>Pen\u00ednsula de Baja California: Cielo despejado en Baja California, con ambiente templado y caluroso durante el d\u00eda.<\/li>\n<li>Pac\u00edfico Norte: Cielo medio nublado, con lluvias puntuales en Sinaloa y chubascos en Sonora.<\/li>\n<li>Pac\u00edfico Centro: Cielo medio nublado, con lluvias puntuales intensas en Michoac\u00e1n y muy fuertes en Nayarit, Jalisco y Colima.<\/li>\n<li>Pac\u00edfico Sur: Cielo nublado con lluvias puntuales intensas en Guerrero, Oaxaca y Chiapas.<\/li>\n<li>Golfo de M\u00e9xico: Cielo nublado, con lluvias torrenciales en Tamaulipas y Veracruz.<\/li>\n<li>Pen\u00ednsula de Yucat\u00e1n: Cielo nublado, con chubascos y ambiente c\u00e1lido.<\/li>\n<li>Mesa del Norte: Cielo medio nublado, con lluvias intensas en San Luis Potos\u00ed y fuertes en Chihuahua y Durango.<\/li>\n<li>Mesa Central: Cielo medio nublado, con lluvias torrenciales en Puebla y fuertes en Hidalgo y Morelos.<\/li>\n<\/ul>\n<p style=\"text-align: justify;\">\n","protected":false},"excerpt":{"rendered":"<p>M\u00e9xico.- Se prev\u00e9 que la depresi\u00f3n tropical Dos se intensifique a tormenta tropical en el suroeste del Golfo de M\u00e9xico, generando condiciones para lluvias fuertes a intensas en el noreste, oriente y sureste de M\u00e9xico. Se anticipan lluvias puntuales torrenciales en Tamaulipas (centro y sur), Puebla (norte y este) y Veracruz (centro y norte). Adem\u00e1s, se esperan vientos de 50 a 60 km\/h con rachas de 70 a 90 km\/h, as\u00ed como oleaje de 3 a 4 metros de altura en las costas de Tamaulipas y Veracruz. Simult\u00e1neamente, la depresi\u00f3n tropical Seis-E se desplazar\u00e1 al sur de Oaxaca y Guerrero, [&hellip;]<\/p>\n","protected":false},"author":2,"featured_media":172057,"comment_status":"closed","ping_status":"closed","sticky":false,"template":"","format":"standard","meta":{"_monsterinsights_skip_tracking":false,"_monsterinsights_sitenote_active":false,"_monsterinsights_sitenote_note":"","_monsterinsights_sitenote_category":0,"footnotes":""},"categories":[2],"tags":[],"class_list":["post-172056","post","type-post","status-publish","format-standard","has-post-thumbnail","hentry","category-clima","post--single"],"yoast_head":"<!-- This site is optimized with the Yoast SEO plugin v27.5 - https:\/\/yoast.com\/product\/yoast-seo-wordpress\/ -->\n<title>Dos depresiones tropicales provocar\u00e1n lluvias torrenciales y oleaje elevado en el Golfo y Pac\u00edfico - Canal 7 SLP - 2025<\/title>\n<meta name=\"robots\" content=\"index, follow, max-snippet:-1, max-image-preview:large, max-video-preview:-1\" \/>\n<link rel=\"canonical\" href=\"https:\/\/canal7slp.tv\/2025\/dos-depresiones-tropicales-provocaran-lluvias-torrenciales-y-oleaje-elevado-en-el-golfo-y-pacifico\/\" \/>\n<meta property=\"og:locale\" content=\"es_ES\" \/>\n<meta property=\"og:type\" content=\"article\" \/>\n<meta property=\"og:title\" content=\"Dos depresiones tropicales provocar\u00e1n lluvias torrenciales y oleaje elevado en el Golfo y Pac\u00edfico - Canal 7 SLP - 2025\" \/>\n<meta property=\"og:description\" content=\"M\u00e9xico.- Se prev\u00e9 que la depresi\u00f3n tropical Dos se intensifique a tormenta tropical en el suroeste del Golfo de M\u00e9xico, generando condiciones para lluvias fuertes a intensas en el noreste, oriente y sureste de M\u00e9xico. Se anticipan lluvias puntuales torrenciales en Tamaulipas (centro y sur), Puebla (norte y este) y Veracruz (centro y norte). Adem\u00e1s, se esperan vientos de 50 a 60 km\/h con rachas de 70 a 90 km\/h, as\u00ed como oleaje de 3 a 4 metros de altura en las costas de Tamaulipas y Veracruz. Simult\u00e1neamente, la depresi\u00f3n tropical Seis-E se desplazar\u00e1 al sur de Oaxaca y Guerrero, [&hellip;]\" \/>\n<meta property=\"og:url\" content=\"https:\/\/canal7slp.tv\/2025\/dos-depresiones-tropicales-provocaran-lluvias-torrenciales-y-oleaje-elevado-en-el-golfo-y-pacifico\/\" \/>\n<meta property=\"og:site_name\" content=\"Canal 7 SLP - 2025\" \/>\n<meta property=\"article:publisher\" content=\"https:\/\/www.facebook.com\/noticieroscanal7atencionciudadana\/\" \/>\n<meta property=\"article:published_time\" content=\"2025-06-29T14:28:48+00:00\" \/>\n<meta property=\"article:modified_time\" content=\"2025-07-02T21:52:57+00:00\" \/>\n<meta property=\"og:image\" content=\"https:\/\/canal7slp.tv\/2025\/wp-content\/uploads\/2025\/06\/01-28.jpg\" \/>\n\t<meta property=\"og:image:width\" content=\"780\" \/>\n\t<meta property=\"og:image:height\" content=\"500\" \/>\n\t<meta property=\"og:image:type\" content=\"image\/jpeg\" \/>\n<meta name=\"author\" content=\"Edici\u00f3n Web\" \/>\n<meta name=\"twitter:card\" content=\"summary_large_image\" \/>\n<meta name=\"twitter:creator\" content=\"@NOTICIEROS7\" \/>\n<meta name=\"twitter:site\" content=\"@NOTICIEROS7\" \/>\n<meta name=\"twitter:label1\" content=\"Escrito por\" \/>\n\t<meta name=\"twitter:data1\" content=\"Edici\u00f3n Web\" \/>\n\t<meta name=\"twitter:label2\" content=\"Tiempo de lectura\" \/>\n\t<meta name=\"twitter:data2\" content=\"3 minutos\" \/>\n<script type=\"application\/ld+json\" class=\"yoast-schema-graph\">{\"@context\":\"https:\\\/\\\/schema.org\",\"@graph\":[{\"@type\":\"Article\",\"@id\":\"https:\\\/\\\/canal7slp.tv\\\/2025\\\/dos-depresiones-tropicales-provocaran-lluvias-torrenciales-y-oleaje-elevado-en-el-golfo-y-pacifico\\\/#article\",\"isPartOf\":{\"@id\":\"https:\\\/\\\/canal7slp.tv\\\/2025\\\/dos-depresiones-tropicales-provocaran-lluvias-torrenciales-y-oleaje-elevado-en-el-golfo-y-pacifico\\\/\"},\"author\":{\"name\":\"Edici\u00f3n Web\",\"@id\":\"https:\\\/\\\/canal7slp.tv\\\/2025\\\/#\\\/schema\\\/person\\\/271e2b60a96e7cc9d9ac296f4d7e414b\"},\"headline\":\"Dos depresiones tropicales provocar\u00e1n lluvias torrenciales y oleaje elevado en el Golfo y Pac\u00edfico\",\"datePublished\":\"2025-06-29T14:28:48+00:00\",\"dateModified\":\"2025-07-02T21:52:57+00:00\",\"mainEntityOfPage\":{\"@id\":\"https:\\\/\\\/canal7slp.tv\\\/2025\\\/dos-depresiones-tropicales-provocaran-lluvias-torrenciales-y-oleaje-elevado-en-el-golfo-y-pacifico\\\/\"},\"wordCount\":614,\"publisher\":{\"@id\":\"https:\\\/\\\/canal7slp.tv\\\/2025\\\/#organization\"},\"image\":{\"@id\":\"https:\\\/\\\/canal7slp.tv\\\/2025\\\/dos-depresiones-tropicales-provocaran-lluvias-torrenciales-y-oleaje-elevado-en-el-golfo-y-pacifico\\\/#primaryimage\"},\"thumbnailUrl\":\"https:\\\/\\\/canal7slp.tv\\\/2025\\\/wp-content\\\/uploads\\\/2025\\\/06\\\/01-28.jpg\",\"articleSection\":[\"CLIMA\"],\"inLanguage\":\"es\"},{\"@type\":\"WebPage\",\"@id\":\"https:\\\/\\\/canal7slp.tv\\\/2025\\\/dos-depresiones-tropicales-provocaran-lluvias-torrenciales-y-oleaje-elevado-en-el-golfo-y-pacifico\\\/\",\"url\":\"https:\\\/\\\/canal7slp.tv\\\/2025\\\/dos-depresiones-tropicales-provocaran-lluvias-torrenciales-y-oleaje-elevado-en-el-golfo-y-pacifico\\\/\",\"name\":\"Dos depresiones tropicales provocar\u00e1n lluvias torrenciales y oleaje elevado en el Golfo y Pac\u00edfico - Canal 7 SLP - 2025\",\"isPartOf\":{\"@id\":\"https:\\\/\\\/canal7slp.tv\\\/2025\\\/#website\"},\"primaryImageOfPage\":{\"@id\":\"https:\\\/\\\/canal7slp.tv\\\/2025\\\/dos-depresiones-tropicales-provocaran-lluvias-torrenciales-y-oleaje-elevado-en-el-golfo-y-pacifico\\\/#primaryimage\"},\"image\":{\"@id\":\"https:\\\/\\\/canal7slp.tv\\\/2025\\\/dos-depresiones-tropicales-provocaran-lluvias-torrenciales-y-oleaje-elevado-en-el-golfo-y-pacifico\\\/#primaryimage\"},\"thumbnailUrl\":\"https:\\\/\\\/canal7slp.tv\\\/2025\\\/wp-content\\\/uploads\\\/2025\\\/06\\\/01-28.jpg\",\"datePublished\":\"2025-06-29T14:28:48+00:00\",\"dateModified\":\"2025-07-02T21:52:57+00:00\",\"breadcrumb\":{\"@id\":\"https:\\\/\\\/canal7slp.tv\\\/2025\\\/dos-depresiones-tropicales-provocaran-lluvias-torrenciales-y-oleaje-elevado-en-el-golfo-y-pacifico\\\/#breadcrumb\"},\"inLanguage\":\"es\",\"potentialAction\":[{\"@type\":\"ReadAction\",\"target\":[\"https:\\\/\\\/canal7slp.tv\\\/2025\\\/dos-depresiones-tropicales-provocaran-lluvias-torrenciales-y-oleaje-elevado-en-el-golfo-y-pacifico\\\/\"]}]},{\"@type\":\"ImageObject\",\"inLanguage\":\"es\",\"@id\":\"https:\\\/\\\/canal7slp.tv\\\/2025\\\/dos-depresiones-tropicales-provocaran-lluvias-torrenciales-y-oleaje-elevado-en-el-golfo-y-pacifico\\\/#primaryimage\",\"url\":\"https:\\\/\\\/canal7slp.tv\\\/2025\\\/wp-content\\\/uploads\\\/2025\\\/06\\\/01-28.jpg\",\"contentUrl\":\"https:\\\/\\\/canal7slp.tv\\\/2025\\\/wp-content\\\/uploads\\\/2025\\\/06\\\/01-28.jpg\",\"width\":780,\"height\":500},{\"@type\":\"BreadcrumbList\",\"@id\":\"https:\\\/\\\/canal7slp.tv\\\/2025\\\/dos-depresiones-tropicales-provocaran-lluvias-torrenciales-y-oleaje-elevado-en-el-golfo-y-pacifico\\\/#breadcrumb\",\"itemListElement\":[{\"@type\":\"ListItem\",\"position\":1,\"name\":\"Portada\",\"item\":\"https:\\\/\\\/canal7slp.tv\\\/2025\\\/\"},{\"@type\":\"ListItem\",\"position\":2,\"name\":\"Dos depresiones tropicales provocar\u00e1n lluvias torrenciales y oleaje elevado en el Golfo y Pac\u00edfico\"}]},{\"@type\":\"WebSite\",\"@id\":\"https:\\\/\\\/canal7slp.tv\\\/2025\\\/#website\",\"url\":\"https:\\\/\\\/canal7slp.tv\\\/2025\\\/\",\"name\":\"N7 - Noticieros Canal 7\",\"description\":\"Somos el Medio\",\"publisher\":{\"@id\":\"https:\\\/\\\/canal7slp.tv\\\/2025\\\/#organization\"},\"potentialAction\":[{\"@type\":\"SearchAction\",\"target\":{\"@type\":\"EntryPoint\",\"urlTemplate\":\"https:\\\/\\\/canal7slp.tv\\\/2025\\\/?s={search_term_string}\"},\"query-input\":{\"@type\":\"PropertyValueSpecification\",\"valueRequired\":true,\"valueName\":\"search_term_string\"}}],\"inLanguage\":\"es\"},{\"@type\":\"Organization\",\"@id\":\"https:\\\/\\\/canal7slp.tv\\\/2025\\\/#organization\",\"name\":\"Noticieros Canal 7\",\"url\":\"https:\\\/\\\/canal7slp.tv\\\/2025\\\/\",\"logo\":{\"@type\":\"ImageObject\",\"inLanguage\":\"es\",\"@id\":\"https:\\\/\\\/canal7slp.tv\\\/2025\\\/#\\\/schema\\\/logo\\\/image\\\/\",\"url\":\"https:\\\/\\\/canal7slp.tv\\\/2025\\\/wp-content\\\/uploads\\\/2021\\\/01\\\/logo-noticieros@2x.png\",\"contentUrl\":\"https:\\\/\\\/canal7slp.tv\\\/2025\\\/wp-content\\\/uploads\\\/2021\\\/01\\\/logo-noticieros@2x.png\",\"width\":1017,\"height\":268,\"caption\":\"Noticieros Canal 7\"},\"image\":{\"@id\":\"https:\\\/\\\/canal7slp.tv\\\/2025\\\/#\\\/schema\\\/logo\\\/image\\\/\"},\"sameAs\":[\"https:\\\/\\\/www.facebook.com\\\/noticieroscanal7atencionciudadana\\\/\",\"https:\\\/\\\/x.com\\\/NOTICIEROS7\",\"https:\\\/\\\/www.instagram.com\\\/canal7_slp\",\"https:\\\/\\\/www.youtube.com\\\/channel\\\/UCliiYs-gP3JfJeqdPrNdd5A\"]},{\"@type\":\"Person\",\"@id\":\"https:\\\/\\\/canal7slp.tv\\\/2025\\\/#\\\/schema\\\/person\\\/271e2b60a96e7cc9d9ac296f4d7e414b\",\"name\":\"Edici\u00f3n Web\",\"image\":{\"@type\":\"ImageObject\",\"inLanguage\":\"es\",\"@id\":\"https:\\\/\\\/secure.gravatar.com\\\/avatar\\\/eee448fc3f7164808013b816ba91ac7e43bbe82a70bebac296f8bc6f0addaa1a?s=96&d=mm&r=g\",\"url\":\"https:\\\/\\\/secure.gravatar.com\\\/avatar\\\/eee448fc3f7164808013b816ba91ac7e43bbe82a70bebac296f8bc6f0addaa1a?s=96&d=mm&r=g\",\"contentUrl\":\"https:\\\/\\\/secure.gravatar.com\\\/avatar\\\/eee448fc3f7164808013b816ba91ac7e43bbe82a70bebac296f8bc6f0addaa1a?s=96&d=mm&r=g\",\"caption\":\"Edici\u00f3n Web\"},\"url\":\"https:\\\/\\\/canal7slp.tv\\\/2025\\\/author\\\/edicionweb\\\/\"}]}<\/script>\n<!-- \/ Yoast SEO plugin. -->","yoast_head_json":{"title":"Dos depresiones tropicales provocar\u00e1n lluvias torrenciales y oleaje elevado en el Golfo y Pac\u00edfico - Canal 7 SLP - 2025","robots":{"index":"index","follow":"follow","max-snippet":"max-snippet:-1","max-image-preview":"max-image-preview:large","max-video-preview":"max-video-preview:-1"},"canonical":"https:\/\/canal7slp.tv\/2025\/dos-depresiones-tropicales-provocaran-lluvias-torrenciales-y-oleaje-elevado-en-el-golfo-y-pacifico\/","og_locale":"es_ES","og_type":"article","og_title":"Dos depresiones tropicales provocar\u00e1n lluvias torrenciales y oleaje elevado en el Golfo y Pac\u00edfico - Canal 7 SLP - 2025","og_description":"M\u00e9xico.- Se prev\u00e9 que la depresi\u00f3n tropical Dos se intensifique a tormenta tropical en el suroeste del Golfo de M\u00e9xico, generando condiciones para lluvias fuertes a intensas en el noreste, oriente y sureste de M\u00e9xico. Se anticipan lluvias puntuales torrenciales en Tamaulipas (centro y sur), Puebla (norte y este) y Veracruz (centro y norte). Adem\u00e1s, se esperan vientos de 50 a 60 km\/h con rachas de 70 a 90 km\/h, as\u00ed como oleaje de 3 a 4 metros de altura en las costas de Tamaulipas y Veracruz. Simult\u00e1neamente, la depresi\u00f3n tropical Seis-E se desplazar\u00e1 al sur de Oaxaca y Guerrero, [&hellip;]","og_url":"https:\/\/canal7slp.tv\/2025\/dos-depresiones-tropicales-provocaran-lluvias-torrenciales-y-oleaje-elevado-en-el-golfo-y-pacifico\/","og_site_name":"Canal 7 SLP - 2025","article_publisher":"https:\/\/www.facebook.com\/noticieroscanal7atencionciudadana\/","article_published_time":"2025-06-29T14:28:48+00:00","article_modified_time":"2025-07-02T21:52:57+00:00","og_image":[{"width":780,"height":500,"url":"https:\/\/canal7slp.tv\/2025\/wp-content\/uploads\/2025\/06\/01-28.jpg","type":"image\/jpeg"}],"author":"Edici\u00f3n Web","twitter_card":"summary_large_image","twitter_creator":"@NOTICIEROS7","twitter_site":"@NOTICIEROS7","twitter_misc":{"Escrito por":"Edici\u00f3n Web","Tiempo de lectura":"3 minutos"},"schema":{"@context":"https:\/\/schema.org","@graph":[{"@type":"Article","@id":"https:\/\/canal7slp.tv\/2025\/dos-depresiones-tropicales-provocaran-lluvias-torrenciales-y-oleaje-elevado-en-el-golfo-y-pacifico\/#article","isPartOf":{"@id":"https:\/\/canal7slp.tv\/2025\/dos-depresiones-tropicales-provocaran-lluvias-torrenciales-y-oleaje-elevado-en-el-golfo-y-pacifico\/"},"author":{"name":"Edici\u00f3n Web","@id":"https:\/\/canal7slp.tv\/2025\/#\/schema\/person\/271e2b60a96e7cc9d9ac296f4d7e414b"},"headline":"Dos depresiones tropicales provocar\u00e1n lluvias torrenciales y oleaje elevado en el Golfo y Pac\u00edfico","datePublished":"2025-06-29T14:28:48+00:00","dateModified":"2025-07-02T21:52:57+00:00","mainEntityOfPage":{"@id":"https:\/\/canal7slp.tv\/2025\/dos-depresiones-tropicales-provocaran-lluvias-torrenciales-y-oleaje-elevado-en-el-golfo-y-pacifico\/"},"wordCount":614,"publisher":{"@id":"https:\/\/canal7slp.tv\/2025\/#organization"},"image":{"@id":"https:\/\/canal7slp.tv\/2025\/dos-depresiones-tropicales-provocaran-lluvias-torrenciales-y-oleaje-elevado-en-el-golfo-y-pacifico\/#primaryimage"},"thumbnailUrl":"https:\/\/canal7slp.tv\/2025\/wp-content\/uploads\/2025\/06\/01-28.jpg","articleSection":["CLIMA"],"inLanguage":"es"},{"@type":"WebPage","@id":"https:\/\/canal7slp.tv\/2025\/dos-depresiones-tropicales-provocaran-lluvias-torrenciales-y-oleaje-elevado-en-el-golfo-y-pacifico\/","url":"https:\/\/canal7slp.tv\/2025\/dos-depresiones-tropicales-provocaran-lluvias-torrenciales-y-oleaje-elevado-en-el-golfo-y-pacifico\/","name":"Dos depresiones tropicales provocar\u00e1n lluvias torrenciales y oleaje elevado en el Golfo y Pac\u00edfico - Canal 7 SLP - 2025","isPartOf":{"@id":"https:\/\/canal7slp.tv\/2025\/#website"},"primaryImageOfPage":{"@id":"https:\/\/canal7slp.tv\/2025\/dos-depresiones-tropicales-provocaran-lluvias-torrenciales-y-oleaje-elevado-en-el-golfo-y-pacifico\/#primaryimage"},"image":{"@id":"https:\/\/canal7slp.tv\/2025\/dos-depresiones-tropicales-provocaran-lluvias-torrenciales-y-oleaje-elevado-en-el-golfo-y-pacifico\/#primaryimage"},"thumbnailUrl":"https:\/\/canal7slp.tv\/2025\/wp-content\/uploads\/2025\/06\/01-28.jpg","datePublished":"2025-06-29T14:28:48+00:00","dateModified":"2025-07-02T21:52:57+00:00","breadcrumb":{"@id":"https:\/\/canal7slp.tv\/2025\/dos-depresiones-tropicales-provocaran-lluvias-torrenciales-y-oleaje-elevado-en-el-golfo-y-pacifico\/#breadcrumb"},"inLanguage":"es","potentialAction":[{"@type":"ReadAction","target":["https:\/\/canal7slp.tv\/2025\/dos-depresiones-tropicales-provocaran-lluvias-torrenciales-y-oleaje-elevado-en-el-golfo-y-pacifico\/"]}]},{"@type":"ImageObject","inLanguage":"es","@id":"https:\/\/canal7slp.tv\/2025\/dos-depresiones-tropicales-provocaran-lluvias-torrenciales-y-oleaje-elevado-en-el-golfo-y-pacifico\/#primaryimage","url":"https:\/\/canal7slp.tv\/2025\/wp-content\/uploads\/2025\/06\/01-28.jpg","contentUrl":"https:\/\/canal7slp.tv\/2025\/wp-content\/uploads\/2025\/06\/01-28.jpg","width":780,"height":500},{"@type":"BreadcrumbList","@id":"https:\/\/canal7slp.tv\/2025\/dos-depresiones-tropicales-provocaran-lluvias-torrenciales-y-oleaje-elevado-en-el-golfo-y-pacifico\/#breadcrumb","itemListElement":[{"@type":"ListItem","position":1,"name":"Portada","item":"https:\/\/canal7slp.tv\/2025\/"},{"@type":"ListItem","position":2,"name":"Dos depresiones tropicales provocar\u00e1n lluvias torrenciales y oleaje elevado en el Golfo y Pac\u00edfico"}]},{"@type":"WebSite","@id":"https:\/\/canal7slp.tv\/2025\/#website","url":"https:\/\/canal7slp.tv\/2025\/","name":"N7 - Noticieros Canal 7","description":"Somos el Medio","publisher":{"@id":"https:\/\/canal7slp.tv\/2025\/#organization"},"potentialAction":[{"@type":"SearchAction","target":{"@type":"EntryPoint","urlTemplate":"https:\/\/canal7slp.tv\/2025\/?s={search_term_string}"},"query-input":{"@type":"PropertyValueSpecification","valueRequired":true,"valueName":"search_term_string"}}],"inLanguage":"es"},{"@type":"Organization","@id":"https:\/\/canal7slp.tv\/2025\/#organization","name":"Noticieros Canal 7","url":"https:\/\/canal7slp.tv\/2025\/","logo":{"@type":"ImageObject","inLanguage":"es","@id":"https:\/\/canal7slp.tv\/2025\/#\/schema\/logo\/image\/","url":"https:\/\/canal7slp.tv\/2025\/wp-content\/uploads\/2021\/01\/logo-noticieros@2x.png","contentUrl":"https:\/\/canal7slp.tv\/2025\/wp-content\/uploads\/2021\/01\/logo-noticieros@2x.png","width":1017,"height":268,"caption":"Noticieros Canal 7"},"image":{"@id":"https:\/\/canal7slp.tv\/2025\/#\/schema\/logo\/image\/"},"sameAs":["https:\/\/www.facebook.com\/noticieroscanal7atencionciudadana\/","https:\/\/x.com\/NOTICIEROS7","https:\/\/www.instagram.com\/canal7_slp","https:\/\/www.youtube.com\/channel\/UCliiYs-gP3JfJeqdPrNdd5A"]},{"@type":"Person","@id":"https:\/\/canal7slp.tv\/2025\/#\/schema\/person\/271e2b60a96e7cc9d9ac296f4d7e414b","name":"Edici\u00f3n Web","image":{"@type":"ImageObject","inLanguage":"es","@id":"https:\/\/secure.gravatar.com\/avatar\/eee448fc3f7164808013b816ba91ac7e43bbe82a70bebac296f8bc6f0addaa1a?s=96&d=mm&r=g","url":"https:\/\/secure.gravatar.com\/avatar\/eee448fc3f7164808013b816ba91ac7e43bbe82a70bebac296f8bc6f0addaa1a?s=96&d=mm&r=g","contentUrl":"https:\/\/secure.gravatar.com\/avatar\/eee448fc3f7164808013b816ba91ac7e43bbe82a70bebac296f8bc6f0addaa1a?s=96&d=mm&r=g","caption":"Edici\u00f3n Web"},"url":"https:\/\/canal7slp.tv\/2025\/author\/edicionweb\/"}]}},"_links":{"self":[{"href":"https:\/\/canal7slp.tv\/2025\/wp-json\/wp\/v2\/posts\/172056","targetHints":{"allow":["GET"]}}],"collection":[{"href":"https:\/\/canal7slp.tv\/2025\/wp-json\/wp\/v2\/posts"}],"about":[{"href":"https:\/\/canal7slp.tv\/2025\/wp-json\/wp\/v2\/types\/post"}],"author":[{"embeddable":true,"href":"https:\/\/canal7slp.tv\/2025\/wp-json\/wp\/v2\/users\/2"}],"replies":[{"embeddable":true,"href":"https:\/\/canal7slp.tv\/2025\/wp-json\/wp\/v2\/comments?post=172056"}],"version-history":[{"count":1,"href":"https:\/\/canal7slp.tv\/2025\/wp-json\/wp\/v2\/posts\/172056\/revisions"}],"predecessor-version":[{"id":172058,"href":"https:\/\/canal7slp.tv\/2025\/wp-json\/wp\/v2\/posts\/172056\/revisions\/172058"}],"wp:featuredmedia":[{"embeddable":true,"href":"https:\/\/canal7slp.tv\/2025\/wp-json\/wp\/v2\/media\/172057"}],"wp:attachment":[{"href":"https:\/\/canal7slp.tv\/2025\/wp-json\/wp\/v2\/media?parent=172056"}],"wp:term":[{"taxonomy":"category","embeddable":true,"href":"https:\/\/canal7slp.tv\/2025\/wp-json\/wp\/v2\/categories?post=172056"},{"taxonomy":"post_tag","embeddable":true,"href":"https:\/\/canal7slp.tv\/2025\/wp-json\/wp\/v2\/tags?post=172056"}],"curies":[{"name":"wp","href":"https:\/\/api.w.org\/{rel}","templated":true}]}}