{"id":172016,"date":"2025-06-28T10:59:31","date_gmt":"2025-06-28T16:59:31","guid":{"rendered":"https:\/\/canal7slp.tv\/2025\/?p=172016"},"modified":"2025-06-28T10:59:31","modified_gmt":"2025-06-28T16:59:31","slug":"oms-no-descarta-hipotesis-de-fuga-de-laboratorio-como-origen-del-covid-19","status":"publish","type":"post","link":"https:\/\/canal7slp.tv\/2025\/oms-no-descarta-hipotesis-de-fuga-de-laboratorio-como-origen-del-covid-19\/","title":{"rendered":"OMS no descarta hip\u00f3tesis de fuga de laboratorio como origen del COVID-19"},"content":{"rendered":"<p style=\"text-align: justify;\">Ginebra.- El director general de la Organizaci\u00f3n Mundial de la Salud (OMS), Tedros Adhanom Ghebreyesus, declar\u00f3 este viernes que la posibilidad de que el virus de la COVID-19 se originara por una fuga en un laboratorio sigue siendo una hip\u00f3tesis v\u00e1lida.<\/p>\n<p style=\"text-align: justify;\">Esta afirmaci\u00f3n fue realizada durante la presentaci\u00f3n del informe de un grupo de expertos que investiga los or\u00edgenes de la pandemia desde 2021.<\/p>\n<p style=\"text-align: justify;\">Tedros destac\u00f3 que, entre las cuatro hip\u00f3tesis evaluadas, se considera tanto la transmisi\u00f3n zoon\u00f3tica (de animales a humanos) como la fuga de laboratorio.<\/p>\n<p style=\"text-align: justify;\">En su declaraci\u00f3n, subray\u00f3 que la falta de informaci\u00f3n suficiente por parte de China y otros pa\u00edses ha obstaculizado el avance de las investigaciones.<\/p>\n<p style=\"text-align: justify;\">El director de la OMS reiter\u00f3 la importancia de que China y cualquier otro pa\u00eds que posea informaci\u00f3n relevante sobre los or\u00edgenes del COVID-19 la comparta, con el objetivo de proteger al mundo frente a posibles futuras epidemias.<\/p>\n","protected":false},"excerpt":{"rendered":"<p>Ginebra.- El director general de la Organizaci\u00f3n Mundial de la Salud (OMS), Tedros Adhanom Ghebreyesus, declar\u00f3 este viernes que la posibilidad de que el virus de la COVID-19 se originara por una fuga en un laboratorio sigue siendo una hip\u00f3tesis v\u00e1lida. Esta afirmaci\u00f3n fue realizada durante la presentaci\u00f3n del informe de un grupo de expertos que investiga los or\u00edgenes de la pandemia desde 2021. Tedros destac\u00f3 que, entre las cuatro hip\u00f3tesis evaluadas, se considera tanto la transmisi\u00f3n zoon\u00f3tica (de animales a humanos) como la fuga de laboratorio. En su declaraci\u00f3n, subray\u00f3 que la falta de informaci\u00f3n suficiente por parte de [&hellip;]<\/p>\n","protected":false},"author":2,"featured_media":172017,"comment_status":"closed","ping_status":"closed","sticky":false,"template":"","format":"standard","meta":{"_monsterinsights_skip_tracking":false,"_monsterinsights_sitenote_active":false,"_monsterinsights_sitenote_note":"","_monsterinsights_sitenote_category":0,"footnotes":""},"categories":[4,44],"tags":[],"class_list":["post-172016","post","type-post","status-publish","format-standard","has-post-thumbnail","hentry","category-covid-19","category-internacional","post--single"],"yoast_head":"<!-- This site is optimized with the Yoast SEO plugin v27.5 - https:\/\/yoast.com\/product\/yoast-seo-wordpress\/ -->\n<title>OMS no descarta hip\u00f3tesis de fuga de laboratorio como origen del COVID-19 - Canal 7 SLP - 2025<\/title>\n<meta name=\"robots\" content=\"index, follow, max-snippet:-1, max-image-preview:large, max-video-preview:-1\" \/>\n<link rel=\"canonical\" href=\"https:\/\/canal7slp.tv\/2025\/oms-no-descarta-hipotesis-de-fuga-de-laboratorio-como-origen-del-covid-19\/\" \/>\n<meta property=\"og:locale\" content=\"es_ES\" \/>\n<meta property=\"og:type\" content=\"article\" \/>\n<meta property=\"og:title\" content=\"OMS no descarta hip\u00f3tesis de fuga de laboratorio como origen del COVID-19 - Canal 7 SLP - 2025\" \/>\n<meta property=\"og:description\" content=\"Ginebra.- El director general de la Organizaci\u00f3n Mundial de la Salud (OMS), Tedros Adhanom Ghebreyesus, declar\u00f3 este viernes que la posibilidad de que el virus de la COVID-19 se originara por una fuga en un laboratorio sigue siendo una hip\u00f3tesis v\u00e1lida. Esta afirmaci\u00f3n fue realizada durante la presentaci\u00f3n del informe de un grupo de expertos que investiga los or\u00edgenes de la pandemia desde 2021. Tedros destac\u00f3 que, entre las cuatro hip\u00f3tesis evaluadas, se considera tanto la transmisi\u00f3n zoon\u00f3tica (de animales a humanos) como la fuga de laboratorio. En su declaraci\u00f3n, subray\u00f3 que la falta de informaci\u00f3n suficiente por parte de [&hellip;]\" \/>\n<meta property=\"og:url\" content=\"https:\/\/canal7slp.tv\/2025\/oms-no-descarta-hipotesis-de-fuga-de-laboratorio-como-origen-del-covid-19\/\" \/>\n<meta property=\"og:site_name\" content=\"Canal 7 SLP - 2025\" \/>\n<meta property=\"article:publisher\" content=\"https:\/\/www.facebook.com\/noticieroscanal7atencionciudadana\/\" \/>\n<meta property=\"article:published_time\" content=\"2025-06-28T16:59:31+00:00\" \/>\n<meta property=\"og:image\" content=\"https:\/\/canal7slp.tv\/2025\/wp-content\/uploads\/2025\/06\/05-27.jpg\" \/>\n\t<meta property=\"og:image:width\" content=\"888\" \/>\n\t<meta property=\"og:image:height\" content=\"500\" \/>\n\t<meta property=\"og:image:type\" content=\"image\/jpeg\" \/>\n<meta name=\"author\" content=\"Edici\u00f3n Web\" \/>\n<meta name=\"twitter:card\" content=\"summary_large_image\" \/>\n<meta name=\"twitter:creator\" content=\"@NOTICIEROS7\" \/>\n<meta name=\"twitter:site\" content=\"@NOTICIEROS7\" \/>\n<meta name=\"twitter:label1\" content=\"Escrito por\" \/>\n\t<meta name=\"twitter:data1\" content=\"Edici\u00f3n Web\" \/>\n\t<meta name=\"twitter:label2\" content=\"Tiempo de lectura\" \/>\n\t<meta name=\"twitter:data2\" content=\"1 minuto\" \/>\n<script type=\"application\/ld+json\" class=\"yoast-schema-graph\">{\"@context\":\"https:\\\/\\\/schema.org\",\"@graph\":[{\"@type\":\"Article\",\"@id\":\"https:\\\/\\\/canal7slp.tv\\\/2025\\\/oms-no-descarta-hipotesis-de-fuga-de-laboratorio-como-origen-del-covid-19\\\/#article\",\"isPartOf\":{\"@id\":\"https:\\\/\\\/canal7slp.tv\\\/2025\\\/oms-no-descarta-hipotesis-de-fuga-de-laboratorio-como-origen-del-covid-19\\\/\"},\"author\":{\"name\":\"Edici\u00f3n Web\",\"@id\":\"https:\\\/\\\/canal7slp.tv\\\/2025\\\/#\\\/schema\\\/person\\\/271e2b60a96e7cc9d9ac296f4d7e414b\"},\"headline\":\"OMS no descarta hip\u00f3tesis de fuga de laboratorio como origen del COVID-19\",\"datePublished\":\"2025-06-28T16:59:31+00:00\",\"mainEntityOfPage\":{\"@id\":\"https:\\\/\\\/canal7slp.tv\\\/2025\\\/oms-no-descarta-hipotesis-de-fuga-de-laboratorio-como-origen-del-covid-19\\\/\"},\"wordCount\":177,\"publisher\":{\"@id\":\"https:\\\/\\\/canal7slp.tv\\\/2025\\\/#organization\"},\"image\":{\"@id\":\"https:\\\/\\\/canal7slp.tv\\\/2025\\\/oms-no-descarta-hipotesis-de-fuga-de-laboratorio-como-origen-del-covid-19\\\/#primaryimage\"},\"thumbnailUrl\":\"https:\\\/\\\/canal7slp.tv\\\/2025\\\/wp-content\\\/uploads\\\/2025\\\/06\\\/05-27.jpg\",\"articleSection\":[\"COVID-19\",\"INTERNACIONALES\"],\"inLanguage\":\"es\"},{\"@type\":\"WebPage\",\"@id\":\"https:\\\/\\\/canal7slp.tv\\\/2025\\\/oms-no-descarta-hipotesis-de-fuga-de-laboratorio-como-origen-del-covid-19\\\/\",\"url\":\"https:\\\/\\\/canal7slp.tv\\\/2025\\\/oms-no-descarta-hipotesis-de-fuga-de-laboratorio-como-origen-del-covid-19\\\/\",\"name\":\"OMS no descarta hip\u00f3tesis de fuga de laboratorio como origen del COVID-19 - Canal 7 SLP - 2025\",\"isPartOf\":{\"@id\":\"https:\\\/\\\/canal7slp.tv\\\/2025\\\/#website\"},\"primaryImageOfPage\":{\"@id\":\"https:\\\/\\\/canal7slp.tv\\\/2025\\\/oms-no-descarta-hipotesis-de-fuga-de-laboratorio-como-origen-del-covid-19\\\/#primaryimage\"},\"image\":{\"@id\":\"https:\\\/\\\/canal7slp.tv\\\/2025\\\/oms-no-descarta-hipotesis-de-fuga-de-laboratorio-como-origen-del-covid-19\\\/#primaryimage\"},\"thumbnailUrl\":\"https:\\\/\\\/canal7slp.tv\\\/2025\\\/wp-content\\\/uploads\\\/2025\\\/06\\\/05-27.jpg\",\"datePublished\":\"2025-06-28T16:59:31+00:00\",\"breadcrumb\":{\"@id\":\"https:\\\/\\\/canal7slp.tv\\\/2025\\\/oms-no-descarta-hipotesis-de-fuga-de-laboratorio-como-origen-del-covid-19\\\/#breadcrumb\"},\"inLanguage\":\"es\",\"potentialAction\":[{\"@type\":\"ReadAction\",\"target\":[\"https:\\\/\\\/canal7slp.tv\\\/2025\\\/oms-no-descarta-hipotesis-de-fuga-de-laboratorio-como-origen-del-covid-19\\\/\"]}]},{\"@type\":\"ImageObject\",\"inLanguage\":\"es\",\"@id\":\"https:\\\/\\\/canal7slp.tv\\\/2025\\\/oms-no-descarta-hipotesis-de-fuga-de-laboratorio-como-origen-del-covid-19\\\/#primaryimage\",\"url\":\"https:\\\/\\\/canal7slp.tv\\\/2025\\\/wp-content\\\/uploads\\\/2025\\\/06\\\/05-27.jpg\",\"contentUrl\":\"https:\\\/\\\/canal7slp.tv\\\/2025\\\/wp-content\\\/uploads\\\/2025\\\/06\\\/05-27.jpg\",\"width\":888,\"height\":500},{\"@type\":\"BreadcrumbList\",\"@id\":\"https:\\\/\\\/canal7slp.tv\\\/2025\\\/oms-no-descarta-hipotesis-de-fuga-de-laboratorio-como-origen-del-covid-19\\\/#breadcrumb\",\"itemListElement\":[{\"@type\":\"ListItem\",\"position\":1,\"name\":\"Portada\",\"item\":\"https:\\\/\\\/canal7slp.tv\\\/2025\\\/\"},{\"@type\":\"ListItem\",\"position\":2,\"name\":\"OMS no descarta hip\u00f3tesis de fuga de laboratorio como origen del COVID-19\"}]},{\"@type\":\"WebSite\",\"@id\":\"https:\\\/\\\/canal7slp.tv\\\/2025\\\/#website\",\"url\":\"https:\\\/\\\/canal7slp.tv\\\/2025\\\/\",\"name\":\"N7 - Noticieros Canal 7\",\"description\":\"Somos el Medio\",\"publisher\":{\"@id\":\"https:\\\/\\\/canal7slp.tv\\\/2025\\\/#organization\"},\"potentialAction\":[{\"@type\":\"SearchAction\",\"target\":{\"@type\":\"EntryPoint\",\"urlTemplate\":\"https:\\\/\\\/canal7slp.tv\\\/2025\\\/?s={search_term_string}\"},\"query-input\":{\"@type\":\"PropertyValueSpecification\",\"valueRequired\":true,\"valueName\":\"search_term_string\"}}],\"inLanguage\":\"es\"},{\"@type\":\"Organization\",\"@id\":\"https:\\\/\\\/canal7slp.tv\\\/2025\\\/#organization\",\"name\":\"Noticieros Canal 7\",\"url\":\"https:\\\/\\\/canal7slp.tv\\\/2025\\\/\",\"logo\":{\"@type\":\"ImageObject\",\"inLanguage\":\"es\",\"@id\":\"https:\\\/\\\/canal7slp.tv\\\/2025\\\/#\\\/schema\\\/logo\\\/image\\\/\",\"url\":\"https:\\\/\\\/canal7slp.tv\\\/2025\\\/wp-content\\\/uploads\\\/2021\\\/01\\\/logo-noticieros@2x.png\",\"contentUrl\":\"https:\\\/\\\/canal7slp.tv\\\/2025\\\/wp-content\\\/uploads\\\/2021\\\/01\\\/logo-noticieros@2x.png\",\"width\":1017,\"height\":268,\"caption\":\"Noticieros Canal 7\"},\"image\":{\"@id\":\"https:\\\/\\\/canal7slp.tv\\\/2025\\\/#\\\/schema\\\/logo\\\/image\\\/\"},\"sameAs\":[\"https:\\\/\\\/www.facebook.com\\\/noticieroscanal7atencionciudadana\\\/\",\"https:\\\/\\\/x.com\\\/NOTICIEROS7\",\"https:\\\/\\\/www.instagram.com\\\/canal7_slp\",\"https:\\\/\\\/www.youtube.com\\\/channel\\\/UCliiYs-gP3JfJeqdPrNdd5A\"]},{\"@type\":\"Person\",\"@id\":\"https:\\\/\\\/canal7slp.tv\\\/2025\\\/#\\\/schema\\\/person\\\/271e2b60a96e7cc9d9ac296f4d7e414b\",\"name\":\"Edici\u00f3n Web\",\"image\":{\"@type\":\"ImageObject\",\"inLanguage\":\"es\",\"@id\":\"https:\\\/\\\/secure.gravatar.com\\\/avatar\\\/eee448fc3f7164808013b816ba91ac7e43bbe82a70bebac296f8bc6f0addaa1a?s=96&d=mm&r=g\",\"url\":\"https:\\\/\\\/secure.gravatar.com\\\/avatar\\\/eee448fc3f7164808013b816ba91ac7e43bbe82a70bebac296f8bc6f0addaa1a?s=96&d=mm&r=g\",\"contentUrl\":\"https:\\\/\\\/secure.gravatar.com\\\/avatar\\\/eee448fc3f7164808013b816ba91ac7e43bbe82a70bebac296f8bc6f0addaa1a?s=96&d=mm&r=g\",\"caption\":\"Edici\u00f3n Web\"},\"url\":\"https:\\\/\\\/canal7slp.tv\\\/2025\\\/author\\\/edicionweb\\\/\"}]}<\/script>\n<!-- \/ Yoast SEO plugin. -->","yoast_head_json":{"title":"OMS no descarta hip\u00f3tesis de fuga de laboratorio como origen del COVID-19 - Canal 7 SLP - 2025","robots":{"index":"index","follow":"follow","max-snippet":"max-snippet:-1","max-image-preview":"max-image-preview:large","max-video-preview":"max-video-preview:-1"},"canonical":"https:\/\/canal7slp.tv\/2025\/oms-no-descarta-hipotesis-de-fuga-de-laboratorio-como-origen-del-covid-19\/","og_locale":"es_ES","og_type":"article","og_title":"OMS no descarta hip\u00f3tesis de fuga de laboratorio como origen del COVID-19 - Canal 7 SLP - 2025","og_description":"Ginebra.- El director general de la Organizaci\u00f3n Mundial de la Salud (OMS), Tedros Adhanom Ghebreyesus, declar\u00f3 este viernes que la posibilidad de que el virus de la COVID-19 se originara por una fuga en un laboratorio sigue siendo una hip\u00f3tesis v\u00e1lida. Esta afirmaci\u00f3n fue realizada durante la presentaci\u00f3n del informe de un grupo de expertos que investiga los or\u00edgenes de la pandemia desde 2021. Tedros destac\u00f3 que, entre las cuatro hip\u00f3tesis evaluadas, se considera tanto la transmisi\u00f3n zoon\u00f3tica (de animales a humanos) como la fuga de laboratorio. En su declaraci\u00f3n, subray\u00f3 que la falta de informaci\u00f3n suficiente por parte de [&hellip;]","og_url":"https:\/\/canal7slp.tv\/2025\/oms-no-descarta-hipotesis-de-fuga-de-laboratorio-como-origen-del-covid-19\/","og_site_name":"Canal 7 SLP - 2025","article_publisher":"https:\/\/www.facebook.com\/noticieroscanal7atencionciudadana\/","article_published_time":"2025-06-28T16:59:31+00:00","og_image":[{"width":888,"height":500,"url":"https:\/\/canal7slp.tv\/2025\/wp-content\/uploads\/2025\/06\/05-27.jpg","type":"image\/jpeg"}],"author":"Edici\u00f3n Web","twitter_card":"summary_large_image","twitter_creator":"@NOTICIEROS7","twitter_site":"@NOTICIEROS7","twitter_misc":{"Escrito por":"Edici\u00f3n Web","Tiempo de lectura":"1 minuto"},"schema":{"@context":"https:\/\/schema.org","@graph":[{"@type":"Article","@id":"https:\/\/canal7slp.tv\/2025\/oms-no-descarta-hipotesis-de-fuga-de-laboratorio-como-origen-del-covid-19\/#article","isPartOf":{"@id":"https:\/\/canal7slp.tv\/2025\/oms-no-descarta-hipotesis-de-fuga-de-laboratorio-como-origen-del-covid-19\/"},"author":{"name":"Edici\u00f3n Web","@id":"https:\/\/canal7slp.tv\/2025\/#\/schema\/person\/271e2b60a96e7cc9d9ac296f4d7e414b"},"headline":"OMS no descarta hip\u00f3tesis de fuga de laboratorio como origen del COVID-19","datePublished":"2025-06-28T16:59:31+00:00","mainEntityOfPage":{"@id":"https:\/\/canal7slp.tv\/2025\/oms-no-descarta-hipotesis-de-fuga-de-laboratorio-como-origen-del-covid-19\/"},"wordCount":177,"publisher":{"@id":"https:\/\/canal7slp.tv\/2025\/#organization"},"image":{"@id":"https:\/\/canal7slp.tv\/2025\/oms-no-descarta-hipotesis-de-fuga-de-laboratorio-como-origen-del-covid-19\/#primaryimage"},"thumbnailUrl":"https:\/\/canal7slp.tv\/2025\/wp-content\/uploads\/2025\/06\/05-27.jpg","articleSection":["COVID-19","INTERNACIONALES"],"inLanguage":"es"},{"@type":"WebPage","@id":"https:\/\/canal7slp.tv\/2025\/oms-no-descarta-hipotesis-de-fuga-de-laboratorio-como-origen-del-covid-19\/","url":"https:\/\/canal7slp.tv\/2025\/oms-no-descarta-hipotesis-de-fuga-de-laboratorio-como-origen-del-covid-19\/","name":"OMS no descarta hip\u00f3tesis de fuga de laboratorio como origen del COVID-19 - Canal 7 SLP - 2025","isPartOf":{"@id":"https:\/\/canal7slp.tv\/2025\/#website"},"primaryImageOfPage":{"@id":"https:\/\/canal7slp.tv\/2025\/oms-no-descarta-hipotesis-de-fuga-de-laboratorio-como-origen-del-covid-19\/#primaryimage"},"image":{"@id":"https:\/\/canal7slp.tv\/2025\/oms-no-descarta-hipotesis-de-fuga-de-laboratorio-como-origen-del-covid-19\/#primaryimage"},"thumbnailUrl":"https:\/\/canal7slp.tv\/2025\/wp-content\/uploads\/2025\/06\/05-27.jpg","datePublished":"2025-06-28T16:59:31+00:00","breadcrumb":{"@id":"https:\/\/canal7slp.tv\/2025\/oms-no-descarta-hipotesis-de-fuga-de-laboratorio-como-origen-del-covid-19\/#breadcrumb"},"inLanguage":"es","potentialAction":[{"@type":"ReadAction","target":["https:\/\/canal7slp.tv\/2025\/oms-no-descarta-hipotesis-de-fuga-de-laboratorio-como-origen-del-covid-19\/"]}]},{"@type":"ImageObject","inLanguage":"es","@id":"https:\/\/canal7slp.tv\/2025\/oms-no-descarta-hipotesis-de-fuga-de-laboratorio-como-origen-del-covid-19\/#primaryimage","url":"https:\/\/canal7slp.tv\/2025\/wp-content\/uploads\/2025\/06\/05-27.jpg","contentUrl":"https:\/\/canal7slp.tv\/2025\/wp-content\/uploads\/2025\/06\/05-27.jpg","width":888,"height":500},{"@type":"BreadcrumbList","@id":"https:\/\/canal7slp.tv\/2025\/oms-no-descarta-hipotesis-de-fuga-de-laboratorio-como-origen-del-covid-19\/#breadcrumb","itemListElement":[{"@type":"ListItem","position":1,"name":"Portada","item":"https:\/\/canal7slp.tv\/2025\/"},{"@type":"ListItem","position":2,"name":"OMS no descarta hip\u00f3tesis de fuga de laboratorio como origen del COVID-19"}]},{"@type":"WebSite","@id":"https:\/\/canal7slp.tv\/2025\/#website","url":"https:\/\/canal7slp.tv\/2025\/","name":"N7 - Noticieros Canal 7","description":"Somos el Medio","publisher":{"@id":"https:\/\/canal7slp.tv\/2025\/#organization"},"potentialAction":[{"@type":"SearchAction","target":{"@type":"EntryPoint","urlTemplate":"https:\/\/canal7slp.tv\/2025\/?s={search_term_string}"},"query-input":{"@type":"PropertyValueSpecification","valueRequired":true,"valueName":"search_term_string"}}],"inLanguage":"es"},{"@type":"Organization","@id":"https:\/\/canal7slp.tv\/2025\/#organization","name":"Noticieros Canal 7","url":"https:\/\/canal7slp.tv\/2025\/","logo":{"@type":"ImageObject","inLanguage":"es","@id":"https:\/\/canal7slp.tv\/2025\/#\/schema\/logo\/image\/","url":"https:\/\/canal7slp.tv\/2025\/wp-content\/uploads\/2021\/01\/logo-noticieros@2x.png","contentUrl":"https:\/\/canal7slp.tv\/2025\/wp-content\/uploads\/2021\/01\/logo-noticieros@2x.png","width":1017,"height":268,"caption":"Noticieros Canal 7"},"image":{"@id":"https:\/\/canal7slp.tv\/2025\/#\/schema\/logo\/image\/"},"sameAs":["https:\/\/www.facebook.com\/noticieroscanal7atencionciudadana\/","https:\/\/x.com\/NOTICIEROS7","https:\/\/www.instagram.com\/canal7_slp","https:\/\/www.youtube.com\/channel\/UCliiYs-gP3JfJeqdPrNdd5A"]},{"@type":"Person","@id":"https:\/\/canal7slp.tv\/2025\/#\/schema\/person\/271e2b60a96e7cc9d9ac296f4d7e414b","name":"Edici\u00f3n Web","image":{"@type":"ImageObject","inLanguage":"es","@id":"https:\/\/secure.gravatar.com\/avatar\/eee448fc3f7164808013b816ba91ac7e43bbe82a70bebac296f8bc6f0addaa1a?s=96&d=mm&r=g","url":"https:\/\/secure.gravatar.com\/avatar\/eee448fc3f7164808013b816ba91ac7e43bbe82a70bebac296f8bc6f0addaa1a?s=96&d=mm&r=g","contentUrl":"https:\/\/secure.gravatar.com\/avatar\/eee448fc3f7164808013b816ba91ac7e43bbe82a70bebac296f8bc6f0addaa1a?s=96&d=mm&r=g","caption":"Edici\u00f3n Web"},"url":"https:\/\/canal7slp.tv\/2025\/author\/edicionweb\/"}]}},"_links":{"self":[{"href":"https:\/\/canal7slp.tv\/2025\/wp-json\/wp\/v2\/posts\/172016","targetHints":{"allow":["GET"]}}],"collection":[{"href":"https:\/\/canal7slp.tv\/2025\/wp-json\/wp\/v2\/posts"}],"about":[{"href":"https:\/\/canal7slp.tv\/2025\/wp-json\/wp\/v2\/types\/post"}],"author":[{"embeddable":true,"href":"https:\/\/canal7slp.tv\/2025\/wp-json\/wp\/v2\/users\/2"}],"replies":[{"embeddable":true,"href":"https:\/\/canal7slp.tv\/2025\/wp-json\/wp\/v2\/comments?post=172016"}],"version-history":[{"count":1,"href":"https:\/\/canal7slp.tv\/2025\/wp-json\/wp\/v2\/posts\/172016\/revisions"}],"predecessor-version":[{"id":172018,"href":"https:\/\/canal7slp.tv\/2025\/wp-json\/wp\/v2\/posts\/172016\/revisions\/172018"}],"wp:featuredmedia":[{"embeddable":true,"href":"https:\/\/canal7slp.tv\/2025\/wp-json\/wp\/v2\/media\/172017"}],"wp:attachment":[{"href":"https:\/\/canal7slp.tv\/2025\/wp-json\/wp\/v2\/media?parent=172016"}],"wp:term":[{"taxonomy":"category","embeddable":true,"href":"https:\/\/canal7slp.tv\/2025\/wp-json\/wp\/v2\/categories?post=172016"},{"taxonomy":"post_tag","embeddable":true,"href":"https:\/\/canal7slp.tv\/2025\/wp-json\/wp\/v2\/tags?post=172016"}],"curies":[{"name":"wp","href":"https:\/\/api.w.org\/{rel}","templated":true}]}}