{"id":172001,"date":"2025-06-28T10:19:22","date_gmt":"2025-06-28T16:19:22","guid":{"rendered":"https:\/\/canal7slp.tv\/2025\/?p=172001"},"modified":"2025-06-28T10:26:49","modified_gmt":"2025-06-28T16:26:49","slug":"tormentas-y-calor-extremo-azotaran-gran-parte-del-pais","status":"publish","type":"post","link":"https:\/\/canal7slp.tv\/2025\/tormentas-y-calor-extremo-azotaran-gran-parte-del-pais\/","title":{"rendered":"Tormentas y calor extremo azotar\u00e1n gran parte del pa\u00eds"},"content":{"rendered":"<p style=\"text-align: justify;\">M\u00e9xico.- Se prev\u00e9n lluvias puntuales intensas en el sur, oriente y sureste de M\u00e9xico, con lluvias muy fuertes en Campeche, Puebla, Morelos, Estado de M\u00e9xico y otras entidades del occidente del pa\u00eds.<\/p>\n<p style=\"text-align: justify;\">Una zona de baja presi\u00f3n en el suroeste del Golfo de M\u00e9xico generar\u00e1 lluvias intensas en el oeste, centro y sur de Tabasco, as\u00ed como en el sur de Veracruz. Otra zona de baja presi\u00f3n al sur de Oaxaca provocar\u00e1 lluvias intensas en el norte, este y sur de Chiapas, y en el norte y costa de Oaxaca.<\/p>\n<p style=\"text-align: justify;\">La onda tropical n\u00fam. 7 afectar\u00e1 la pen\u00ednsula de Yucat\u00e1n, resultando en lluvias muy fuertes en Campeche y fuertes en Quintana Roo y Yucat\u00e1n.<\/p>\n<p style=\"text-align: justify;\">El ingreso de aire h\u00famedo del oc\u00e9ano Pac\u00edfico causar\u00e1 lluvias muy fuertes en Michoac\u00e1n, Colima y Jalisco, y fuertes en Nayarit y Sinaloa.<\/p>\n<p style=\"text-align: justify;\">Adem\u00e1s, se anticipan lluvias muy fuertes en Puebla, Morelos y el Estado de M\u00e9xico, y fuertes en Tlaxcala, Ciudad de M\u00e9xico, Tamaulipas, San Luis Potos\u00ed, Nuevo Le\u00f3n, Durango y Chihuahua, con descargas el\u00e9ctricas y posible granizo en varias regiones.<\/p>\n<p style=\"text-align: justify;\">Se espera un ambiente c\u00e1lido a caluroso en gran parte del pa\u00eds, con temperaturas extremadamente calurosas superiores a 45 \u00b0C en Sonora y Baja California.<\/p>\n<p style=\"text-align: justify;\">Pron\u00f3stico de lluvias:<\/p>\n<ul>\n<li style=\"text-align: justify;\">Lluvias muy fuertes (75 a 150 mm):\u00a0Veracruz (sur), Tabasco (oeste, centro y sur), Guerrero (centro, costa y este), Oaxaca (norte y costa), Chiapas (norte, este y sur).<\/li>\n<li style=\"text-align: justify;\">Lluvias fuertes (50 a 75 mm):\u00a0Jalisco, Colima, Michoac\u00e1n, Estado de M\u00e9xico, Morelos, Puebla y Campeche.<\/li>\n<li style=\"text-align: justify;\">Chubascos (25 a 50 mm):\u00a0Sinaloa, Chihuahua, Durango, Nuevo Le\u00f3n, San Luis Potos\u00ed, Tamaulipas, Nayarit, Hidalgo, Tlaxcala, Ciudad de M\u00e9xico, Yucat\u00e1n y Quintana Roo.<\/li>\n<li style=\"text-align: justify;\">Intervalos de chubascos (5 a 25 mm):\u00a0Sonora, Coahuila, Zacatecas, Guanajuato y Quer\u00e9taro.<\/li>\n<li style=\"text-align: justify;\">Lluvias aisladas (0.1 a 5 mm):\u00a0Baja California Sur y Aguascalientes.<\/li>\n<\/ul>\n<p style=\"text-align: justify;\">Pron\u00f3stico de temperaturas m\u00e1ximas:<\/p>\n<ul>\n<li style=\"text-align: justify;\">Superiores a 45 \u00b0C:\u00a0Baja California (noreste) y Sonora (centro).<\/li>\n<li style=\"text-align: justify;\">De 40 a 45 \u00b0C:\u00a0Baja California Sur, Sinaloa, Chihuahua, Durango y Michoac\u00e1n.<\/li>\n<li style=\"text-align: justify;\">De 35 a 40 \u00b0C:\u00a0Coahuila, Nuevo Le\u00f3n, Tamaulipas, Nayarit, Guerrero, Oaxaca, Campeche, Yucat\u00e1n y Quintana Roo.<\/li>\n<li style=\"text-align: justify;\">De 30 a 35 \u00b0C:\u00a0Zacatecas, Jalisco, Colima, Hidalgo, Puebla, Morelos, Chiapas, Veracruz y Tabasco.<\/li>\n<\/ul>\n<p style=\"text-align: justify;\">Pron\u00f3stico de viento y oleaje:<\/p>\n<ul>\n<li style=\"text-align: justify;\">Viento de 30 a 40 km\/h con rachas de 50 a 70 km\/h:\u00a0Costas de Oaxaca.<\/li>\n<li style=\"text-align: justify;\">Oleaje de 1.5 a 2.5 metros:\u00a0Costas de Oaxaca y Chiapas.<\/li>\n<\/ul>\n<p style=\"text-align: justify;\">Pron\u00f3stico por regiones:<\/p>\n<ul>\n<li style=\"text-align: justify;\">Valle de M\u00e9xico:\u00a0Cielo nublado con probabilidad de chubascos y lluvias fuertes, temperaturas m\u00ednimas de 12 a 14 \u00b0C y m\u00e1ximas de 20 a 22 \u00b0C.<\/li>\n<li style=\"text-align: justify;\">Pen\u00ednsula de Baja California:\u00a0Cielo despejado y ambiente caluroso, con probabilidad de lluvias aisladas en Baja California Sur.<\/li>\n<li style=\"text-align: justify;\">Pac\u00edfico Norte:\u00a0Cielo medio nublado, con lluvias puntuales fuertes en Sinaloa y chubascos en Sonora.<\/li>\n<li style=\"text-align: justify;\">Pac\u00edfico Centro y Sur:\u00a0Cielo nublado con lluvias muy fuertes en Jalisco, Colima, Michoac\u00e1n y Chiapas, acompa\u00f1adas de descargas el\u00e9ctricas.<\/li>\n<li style=\"text-align: justify;\">Golfo de M\u00e9xico:\u00a0Cielo nublado con lluvias intensas en Veracruz y Tabasco.<\/li>\n<li style=\"text-align: justify;\">Pen\u00ednsula de Yucat\u00e1n:\u00a0Cielo nublado y lluvias muy fuertes en Campeche.<\/li>\n<li style=\"text-align: justify;\">Mesa del Norte y Central:\u00a0Cielo medio nublado con lluvias puntuales fuertes y ambiente c\u00e1lido.<\/li>\n<\/ul>\n<p style=\"text-align: justify;\">Se advierte que las lluvias podr\u00edan causar inundaciones, deslaves y reducci\u00f3n de visibilidad en carreteras. Las rachas de viento podr\u00edan ocasionar da\u00f1os en \u00e1rboles y estructuras.<\/p>\n","protected":false},"excerpt":{"rendered":"<p>M\u00e9xico.- Se prev\u00e9n lluvias puntuales intensas en el sur, oriente y sureste de M\u00e9xico, con lluvias muy fuertes en Campeche, Puebla, Morelos, Estado de M\u00e9xico y otras entidades del occidente del pa\u00eds. Una zona de baja presi\u00f3n en el suroeste del Golfo de M\u00e9xico generar\u00e1 lluvias intensas en el oeste, centro y sur de Tabasco, as\u00ed como en el sur de Veracruz. Otra zona de baja presi\u00f3n al sur de Oaxaca provocar\u00e1 lluvias intensas en el norte, este y sur de Chiapas, y en el norte y costa de Oaxaca. La onda tropical n\u00fam. 7 afectar\u00e1 la pen\u00ednsula de Yucat\u00e1n, [&hellip;]<\/p>\n","protected":false},"author":2,"featured_media":172002,"comment_status":"closed","ping_status":"closed","sticky":false,"template":"","format":"standard","meta":{"_monsterinsights_skip_tracking":false,"_monsterinsights_sitenote_active":false,"_monsterinsights_sitenote_note":"","_monsterinsights_sitenote_category":0,"footnotes":""},"categories":[2],"tags":[],"class_list":["post-172001","post","type-post","status-publish","format-standard","has-post-thumbnail","hentry","category-clima","post--single"],"yoast_head":"<!-- This site is optimized with the Yoast SEO plugin v27.4 - https:\/\/yoast.com\/product\/yoast-seo-wordpress\/ -->\n<title>Tormentas y calor extremo azotar\u00e1n gran parte del pa\u00eds - Canal 7 SLP - 2025<\/title>\n<meta name=\"robots\" content=\"index, follow, max-snippet:-1, max-image-preview:large, max-video-preview:-1\" \/>\n<link rel=\"canonical\" href=\"https:\/\/canal7slp.tv\/2025\/tormentas-y-calor-extremo-azotaran-gran-parte-del-pais\/\" \/>\n<meta property=\"og:locale\" content=\"es_ES\" \/>\n<meta property=\"og:type\" content=\"article\" \/>\n<meta property=\"og:title\" content=\"Tormentas y calor extremo azotar\u00e1n gran parte del pa\u00eds - Canal 7 SLP - 2025\" \/>\n<meta property=\"og:description\" content=\"M\u00e9xico.- Se prev\u00e9n lluvias puntuales intensas en el sur, oriente y sureste de M\u00e9xico, con lluvias muy fuertes en Campeche, Puebla, Morelos, Estado de M\u00e9xico y otras entidades del occidente del pa\u00eds. Una zona de baja presi\u00f3n en el suroeste del Golfo de M\u00e9xico generar\u00e1 lluvias intensas en el oeste, centro y sur de Tabasco, as\u00ed como en el sur de Veracruz. Otra zona de baja presi\u00f3n al sur de Oaxaca provocar\u00e1 lluvias intensas en el norte, este y sur de Chiapas, y en el norte y costa de Oaxaca. La onda tropical n\u00fam. 7 afectar\u00e1 la pen\u00ednsula de Yucat\u00e1n, [&hellip;]\" \/>\n<meta property=\"og:url\" content=\"https:\/\/canal7slp.tv\/2025\/tormentas-y-calor-extremo-azotaran-gran-parte-del-pais\/\" \/>\n<meta property=\"og:site_name\" content=\"Canal 7 SLP - 2025\" \/>\n<meta property=\"article:publisher\" content=\"https:\/\/www.facebook.com\/noticieroscanal7atencionciudadana\/\" \/>\n<meta property=\"article:published_time\" content=\"2025-06-28T16:19:22+00:00\" \/>\n<meta property=\"article:modified_time\" content=\"2025-06-28T16:26:49+00:00\" \/>\n<meta property=\"og:image\" content=\"https:\/\/canal7slp.tv\/2025\/wp-content\/uploads\/2025\/06\/01-27.jpg\" \/>\n\t<meta property=\"og:image:width\" content=\"878\" \/>\n\t<meta property=\"og:image:height\" content=\"500\" \/>\n\t<meta property=\"og:image:type\" content=\"image\/jpeg\" \/>\n<meta name=\"author\" content=\"Edici\u00f3n Web\" \/>\n<meta name=\"twitter:card\" content=\"summary_large_image\" \/>\n<meta name=\"twitter:creator\" content=\"@NOTICIEROS7\" \/>\n<meta name=\"twitter:site\" content=\"@NOTICIEROS7\" \/>\n<meta name=\"twitter:label1\" content=\"Escrito por\" \/>\n\t<meta name=\"twitter:data1\" content=\"Edici\u00f3n Web\" \/>\n\t<meta name=\"twitter:label2\" content=\"Tiempo de lectura\" \/>\n\t<meta name=\"twitter:data2\" content=\"3 minutos\" \/>\n<script type=\"application\/ld+json\" class=\"yoast-schema-graph\">{\"@context\":\"https:\\\/\\\/schema.org\",\"@graph\":[{\"@type\":\"Article\",\"@id\":\"https:\\\/\\\/canal7slp.tv\\\/2025\\\/tormentas-y-calor-extremo-azotaran-gran-parte-del-pais\\\/#article\",\"isPartOf\":{\"@id\":\"https:\\\/\\\/canal7slp.tv\\\/2025\\\/tormentas-y-calor-extremo-azotaran-gran-parte-del-pais\\\/\"},\"author\":{\"name\":\"Edici\u00f3n Web\",\"@id\":\"https:\\\/\\\/canal7slp.tv\\\/2025\\\/#\\\/schema\\\/person\\\/271e2b60a96e7cc9d9ac296f4d7e414b\"},\"headline\":\"Tormentas y calor extremo azotar\u00e1n gran parte del pa\u00eds\",\"datePublished\":\"2025-06-28T16:19:22+00:00\",\"dateModified\":\"2025-06-28T16:26:49+00:00\",\"mainEntityOfPage\":{\"@id\":\"https:\\\/\\\/canal7slp.tv\\\/2025\\\/tormentas-y-calor-extremo-azotaran-gran-parte-del-pais\\\/\"},\"wordCount\":572,\"publisher\":{\"@id\":\"https:\\\/\\\/canal7slp.tv\\\/2025\\\/#organization\"},\"image\":{\"@id\":\"https:\\\/\\\/canal7slp.tv\\\/2025\\\/tormentas-y-calor-extremo-azotaran-gran-parte-del-pais\\\/#primaryimage\"},\"thumbnailUrl\":\"https:\\\/\\\/canal7slp.tv\\\/2025\\\/wp-content\\\/uploads\\\/2025\\\/06\\\/01-27.jpg\",\"articleSection\":[\"CLIMA\"],\"inLanguage\":\"es\"},{\"@type\":\"WebPage\",\"@id\":\"https:\\\/\\\/canal7slp.tv\\\/2025\\\/tormentas-y-calor-extremo-azotaran-gran-parte-del-pais\\\/\",\"url\":\"https:\\\/\\\/canal7slp.tv\\\/2025\\\/tormentas-y-calor-extremo-azotaran-gran-parte-del-pais\\\/\",\"name\":\"Tormentas y calor extremo azotar\u00e1n gran parte del pa\u00eds - Canal 7 SLP - 2025\",\"isPartOf\":{\"@id\":\"https:\\\/\\\/canal7slp.tv\\\/2025\\\/#website\"},\"primaryImageOfPage\":{\"@id\":\"https:\\\/\\\/canal7slp.tv\\\/2025\\\/tormentas-y-calor-extremo-azotaran-gran-parte-del-pais\\\/#primaryimage\"},\"image\":{\"@id\":\"https:\\\/\\\/canal7slp.tv\\\/2025\\\/tormentas-y-calor-extremo-azotaran-gran-parte-del-pais\\\/#primaryimage\"},\"thumbnailUrl\":\"https:\\\/\\\/canal7slp.tv\\\/2025\\\/wp-content\\\/uploads\\\/2025\\\/06\\\/01-27.jpg\",\"datePublished\":\"2025-06-28T16:19:22+00:00\",\"dateModified\":\"2025-06-28T16:26:49+00:00\",\"breadcrumb\":{\"@id\":\"https:\\\/\\\/canal7slp.tv\\\/2025\\\/tormentas-y-calor-extremo-azotaran-gran-parte-del-pais\\\/#breadcrumb\"},\"inLanguage\":\"es\",\"potentialAction\":[{\"@type\":\"ReadAction\",\"target\":[\"https:\\\/\\\/canal7slp.tv\\\/2025\\\/tormentas-y-calor-extremo-azotaran-gran-parte-del-pais\\\/\"]}]},{\"@type\":\"ImageObject\",\"inLanguage\":\"es\",\"@id\":\"https:\\\/\\\/canal7slp.tv\\\/2025\\\/tormentas-y-calor-extremo-azotaran-gran-parte-del-pais\\\/#primaryimage\",\"url\":\"https:\\\/\\\/canal7slp.tv\\\/2025\\\/wp-content\\\/uploads\\\/2025\\\/06\\\/01-27.jpg\",\"contentUrl\":\"https:\\\/\\\/canal7slp.tv\\\/2025\\\/wp-content\\\/uploads\\\/2025\\\/06\\\/01-27.jpg\",\"width\":878,\"height\":500},{\"@type\":\"BreadcrumbList\",\"@id\":\"https:\\\/\\\/canal7slp.tv\\\/2025\\\/tormentas-y-calor-extremo-azotaran-gran-parte-del-pais\\\/#breadcrumb\",\"itemListElement\":[{\"@type\":\"ListItem\",\"position\":1,\"name\":\"Portada\",\"item\":\"https:\\\/\\\/canal7slp.tv\\\/2025\\\/\"},{\"@type\":\"ListItem\",\"position\":2,\"name\":\"Tormentas y calor extremo azotar\u00e1n gran parte del pa\u00eds\"}]},{\"@type\":\"WebSite\",\"@id\":\"https:\\\/\\\/canal7slp.tv\\\/2025\\\/#website\",\"url\":\"https:\\\/\\\/canal7slp.tv\\\/2025\\\/\",\"name\":\"N7 - Noticieros Canal 7\",\"description\":\"Somos el Medio\",\"publisher\":{\"@id\":\"https:\\\/\\\/canal7slp.tv\\\/2025\\\/#organization\"},\"potentialAction\":[{\"@type\":\"SearchAction\",\"target\":{\"@type\":\"EntryPoint\",\"urlTemplate\":\"https:\\\/\\\/canal7slp.tv\\\/2025\\\/?s={search_term_string}\"},\"query-input\":{\"@type\":\"PropertyValueSpecification\",\"valueRequired\":true,\"valueName\":\"search_term_string\"}}],\"inLanguage\":\"es\"},{\"@type\":\"Organization\",\"@id\":\"https:\\\/\\\/canal7slp.tv\\\/2025\\\/#organization\",\"name\":\"Noticieros Canal 7\",\"url\":\"https:\\\/\\\/canal7slp.tv\\\/2025\\\/\",\"logo\":{\"@type\":\"ImageObject\",\"inLanguage\":\"es\",\"@id\":\"https:\\\/\\\/canal7slp.tv\\\/2025\\\/#\\\/schema\\\/logo\\\/image\\\/\",\"url\":\"https:\\\/\\\/canal7slp.tv\\\/2025\\\/wp-content\\\/uploads\\\/2021\\\/01\\\/logo-noticieros@2x.png\",\"contentUrl\":\"https:\\\/\\\/canal7slp.tv\\\/2025\\\/wp-content\\\/uploads\\\/2021\\\/01\\\/logo-noticieros@2x.png\",\"width\":1017,\"height\":268,\"caption\":\"Noticieros Canal 7\"},\"image\":{\"@id\":\"https:\\\/\\\/canal7slp.tv\\\/2025\\\/#\\\/schema\\\/logo\\\/image\\\/\"},\"sameAs\":[\"https:\\\/\\\/www.facebook.com\\\/noticieroscanal7atencionciudadana\\\/\",\"https:\\\/\\\/x.com\\\/NOTICIEROS7\",\"https:\\\/\\\/www.instagram.com\\\/canal7_slp\",\"https:\\\/\\\/www.youtube.com\\\/channel\\\/UCliiYs-gP3JfJeqdPrNdd5A\"]},{\"@type\":\"Person\",\"@id\":\"https:\\\/\\\/canal7slp.tv\\\/2025\\\/#\\\/schema\\\/person\\\/271e2b60a96e7cc9d9ac296f4d7e414b\",\"name\":\"Edici\u00f3n Web\",\"image\":{\"@type\":\"ImageObject\",\"inLanguage\":\"es\",\"@id\":\"https:\\\/\\\/secure.gravatar.com\\\/avatar\\\/eee448fc3f7164808013b816ba91ac7e43bbe82a70bebac296f8bc6f0addaa1a?s=96&d=mm&r=g\",\"url\":\"https:\\\/\\\/secure.gravatar.com\\\/avatar\\\/eee448fc3f7164808013b816ba91ac7e43bbe82a70bebac296f8bc6f0addaa1a?s=96&d=mm&r=g\",\"contentUrl\":\"https:\\\/\\\/secure.gravatar.com\\\/avatar\\\/eee448fc3f7164808013b816ba91ac7e43bbe82a70bebac296f8bc6f0addaa1a?s=96&d=mm&r=g\",\"caption\":\"Edici\u00f3n Web\"},\"url\":\"https:\\\/\\\/canal7slp.tv\\\/2025\\\/author\\\/edicionweb\\\/\"}]}<\/script>\n<!-- \/ Yoast SEO plugin. -->","yoast_head_json":{"title":"Tormentas y calor extremo azotar\u00e1n gran parte del pa\u00eds - Canal 7 SLP - 2025","robots":{"index":"index","follow":"follow","max-snippet":"max-snippet:-1","max-image-preview":"max-image-preview:large","max-video-preview":"max-video-preview:-1"},"canonical":"https:\/\/canal7slp.tv\/2025\/tormentas-y-calor-extremo-azotaran-gran-parte-del-pais\/","og_locale":"es_ES","og_type":"article","og_title":"Tormentas y calor extremo azotar\u00e1n gran parte del pa\u00eds - Canal 7 SLP - 2025","og_description":"M\u00e9xico.- Se prev\u00e9n lluvias puntuales intensas en el sur, oriente y sureste de M\u00e9xico, con lluvias muy fuertes en Campeche, Puebla, Morelos, Estado de M\u00e9xico y otras entidades del occidente del pa\u00eds. Una zona de baja presi\u00f3n en el suroeste del Golfo de M\u00e9xico generar\u00e1 lluvias intensas en el oeste, centro y sur de Tabasco, as\u00ed como en el sur de Veracruz. Otra zona de baja presi\u00f3n al sur de Oaxaca provocar\u00e1 lluvias intensas en el norte, este y sur de Chiapas, y en el norte y costa de Oaxaca. La onda tropical n\u00fam. 7 afectar\u00e1 la pen\u00ednsula de Yucat\u00e1n, [&hellip;]","og_url":"https:\/\/canal7slp.tv\/2025\/tormentas-y-calor-extremo-azotaran-gran-parte-del-pais\/","og_site_name":"Canal 7 SLP - 2025","article_publisher":"https:\/\/www.facebook.com\/noticieroscanal7atencionciudadana\/","article_published_time":"2025-06-28T16:19:22+00:00","article_modified_time":"2025-06-28T16:26:49+00:00","og_image":[{"width":878,"height":500,"url":"https:\/\/canal7slp.tv\/2025\/wp-content\/uploads\/2025\/06\/01-27.jpg","type":"image\/jpeg"}],"author":"Edici\u00f3n Web","twitter_card":"summary_large_image","twitter_creator":"@NOTICIEROS7","twitter_site":"@NOTICIEROS7","twitter_misc":{"Escrito por":"Edici\u00f3n Web","Tiempo de lectura":"3 minutos"},"schema":{"@context":"https:\/\/schema.org","@graph":[{"@type":"Article","@id":"https:\/\/canal7slp.tv\/2025\/tormentas-y-calor-extremo-azotaran-gran-parte-del-pais\/#article","isPartOf":{"@id":"https:\/\/canal7slp.tv\/2025\/tormentas-y-calor-extremo-azotaran-gran-parte-del-pais\/"},"author":{"name":"Edici\u00f3n Web","@id":"https:\/\/canal7slp.tv\/2025\/#\/schema\/person\/271e2b60a96e7cc9d9ac296f4d7e414b"},"headline":"Tormentas y calor extremo azotar\u00e1n gran parte del pa\u00eds","datePublished":"2025-06-28T16:19:22+00:00","dateModified":"2025-06-28T16:26:49+00:00","mainEntityOfPage":{"@id":"https:\/\/canal7slp.tv\/2025\/tormentas-y-calor-extremo-azotaran-gran-parte-del-pais\/"},"wordCount":572,"publisher":{"@id":"https:\/\/canal7slp.tv\/2025\/#organization"},"image":{"@id":"https:\/\/canal7slp.tv\/2025\/tormentas-y-calor-extremo-azotaran-gran-parte-del-pais\/#primaryimage"},"thumbnailUrl":"https:\/\/canal7slp.tv\/2025\/wp-content\/uploads\/2025\/06\/01-27.jpg","articleSection":["CLIMA"],"inLanguage":"es"},{"@type":"WebPage","@id":"https:\/\/canal7slp.tv\/2025\/tormentas-y-calor-extremo-azotaran-gran-parte-del-pais\/","url":"https:\/\/canal7slp.tv\/2025\/tormentas-y-calor-extremo-azotaran-gran-parte-del-pais\/","name":"Tormentas y calor extremo azotar\u00e1n gran parte del pa\u00eds - Canal 7 SLP - 2025","isPartOf":{"@id":"https:\/\/canal7slp.tv\/2025\/#website"},"primaryImageOfPage":{"@id":"https:\/\/canal7slp.tv\/2025\/tormentas-y-calor-extremo-azotaran-gran-parte-del-pais\/#primaryimage"},"image":{"@id":"https:\/\/canal7slp.tv\/2025\/tormentas-y-calor-extremo-azotaran-gran-parte-del-pais\/#primaryimage"},"thumbnailUrl":"https:\/\/canal7slp.tv\/2025\/wp-content\/uploads\/2025\/06\/01-27.jpg","datePublished":"2025-06-28T16:19:22+00:00","dateModified":"2025-06-28T16:26:49+00:00","breadcrumb":{"@id":"https:\/\/canal7slp.tv\/2025\/tormentas-y-calor-extremo-azotaran-gran-parte-del-pais\/#breadcrumb"},"inLanguage":"es","potentialAction":[{"@type":"ReadAction","target":["https:\/\/canal7slp.tv\/2025\/tormentas-y-calor-extremo-azotaran-gran-parte-del-pais\/"]}]},{"@type":"ImageObject","inLanguage":"es","@id":"https:\/\/canal7slp.tv\/2025\/tormentas-y-calor-extremo-azotaran-gran-parte-del-pais\/#primaryimage","url":"https:\/\/canal7slp.tv\/2025\/wp-content\/uploads\/2025\/06\/01-27.jpg","contentUrl":"https:\/\/canal7slp.tv\/2025\/wp-content\/uploads\/2025\/06\/01-27.jpg","width":878,"height":500},{"@type":"BreadcrumbList","@id":"https:\/\/canal7slp.tv\/2025\/tormentas-y-calor-extremo-azotaran-gran-parte-del-pais\/#breadcrumb","itemListElement":[{"@type":"ListItem","position":1,"name":"Portada","item":"https:\/\/canal7slp.tv\/2025\/"},{"@type":"ListItem","position":2,"name":"Tormentas y calor extremo azotar\u00e1n gran parte del pa\u00eds"}]},{"@type":"WebSite","@id":"https:\/\/canal7slp.tv\/2025\/#website","url":"https:\/\/canal7slp.tv\/2025\/","name":"N7 - Noticieros Canal 7","description":"Somos el Medio","publisher":{"@id":"https:\/\/canal7slp.tv\/2025\/#organization"},"potentialAction":[{"@type":"SearchAction","target":{"@type":"EntryPoint","urlTemplate":"https:\/\/canal7slp.tv\/2025\/?s={search_term_string}"},"query-input":{"@type":"PropertyValueSpecification","valueRequired":true,"valueName":"search_term_string"}}],"inLanguage":"es"},{"@type":"Organization","@id":"https:\/\/canal7slp.tv\/2025\/#organization","name":"Noticieros Canal 7","url":"https:\/\/canal7slp.tv\/2025\/","logo":{"@type":"ImageObject","inLanguage":"es","@id":"https:\/\/canal7slp.tv\/2025\/#\/schema\/logo\/image\/","url":"https:\/\/canal7slp.tv\/2025\/wp-content\/uploads\/2021\/01\/logo-noticieros@2x.png","contentUrl":"https:\/\/canal7slp.tv\/2025\/wp-content\/uploads\/2021\/01\/logo-noticieros@2x.png","width":1017,"height":268,"caption":"Noticieros Canal 7"},"image":{"@id":"https:\/\/canal7slp.tv\/2025\/#\/schema\/logo\/image\/"},"sameAs":["https:\/\/www.facebook.com\/noticieroscanal7atencionciudadana\/","https:\/\/x.com\/NOTICIEROS7","https:\/\/www.instagram.com\/canal7_slp","https:\/\/www.youtube.com\/channel\/UCliiYs-gP3JfJeqdPrNdd5A"]},{"@type":"Person","@id":"https:\/\/canal7slp.tv\/2025\/#\/schema\/person\/271e2b60a96e7cc9d9ac296f4d7e414b","name":"Edici\u00f3n Web","image":{"@type":"ImageObject","inLanguage":"es","@id":"https:\/\/secure.gravatar.com\/avatar\/eee448fc3f7164808013b816ba91ac7e43bbe82a70bebac296f8bc6f0addaa1a?s=96&d=mm&r=g","url":"https:\/\/secure.gravatar.com\/avatar\/eee448fc3f7164808013b816ba91ac7e43bbe82a70bebac296f8bc6f0addaa1a?s=96&d=mm&r=g","contentUrl":"https:\/\/secure.gravatar.com\/avatar\/eee448fc3f7164808013b816ba91ac7e43bbe82a70bebac296f8bc6f0addaa1a?s=96&d=mm&r=g","caption":"Edici\u00f3n Web"},"url":"https:\/\/canal7slp.tv\/2025\/author\/edicionweb\/"}]}},"_links":{"self":[{"href":"https:\/\/canal7slp.tv\/2025\/wp-json\/wp\/v2\/posts\/172001","targetHints":{"allow":["GET"]}}],"collection":[{"href":"https:\/\/canal7slp.tv\/2025\/wp-json\/wp\/v2\/posts"}],"about":[{"href":"https:\/\/canal7slp.tv\/2025\/wp-json\/wp\/v2\/types\/post"}],"author":[{"embeddable":true,"href":"https:\/\/canal7slp.tv\/2025\/wp-json\/wp\/v2\/users\/2"}],"replies":[{"embeddable":true,"href":"https:\/\/canal7slp.tv\/2025\/wp-json\/wp\/v2\/comments?post=172001"}],"version-history":[{"count":4,"href":"https:\/\/canal7slp.tv\/2025\/wp-json\/wp\/v2\/posts\/172001\/revisions"}],"predecessor-version":[{"id":172006,"href":"https:\/\/canal7slp.tv\/2025\/wp-json\/wp\/v2\/posts\/172001\/revisions\/172006"}],"wp:featuredmedia":[{"embeddable":true,"href":"https:\/\/canal7slp.tv\/2025\/wp-json\/wp\/v2\/media\/172002"}],"wp:attachment":[{"href":"https:\/\/canal7slp.tv\/2025\/wp-json\/wp\/v2\/media?parent=172001"}],"wp:term":[{"taxonomy":"category","embeddable":true,"href":"https:\/\/canal7slp.tv\/2025\/wp-json\/wp\/v2\/categories?post=172001"},{"taxonomy":"post_tag","embeddable":true,"href":"https:\/\/canal7slp.tv\/2025\/wp-json\/wp\/v2\/tags?post=172001"}],"curies":[{"name":"wp","href":"https:\/\/api.w.org\/{rel}","templated":true}]}}