{"id":171989,"date":"2025-06-27T19:29:14","date_gmt":"2025-06-28T01:29:14","guid":{"rendered":"https:\/\/canal7slp.tv\/2025\/?p=171989"},"modified":"2025-12-10T08:48:52","modified_gmt":"2025-12-10T14:48:52","slug":"ordena-el-papa-leon-xiv-a-tres-nuevos-sacerdotes-potosinos","status":"publish","type":"post","link":"https:\/\/canal7slp.tv\/2025\/ordena-el-papa-leon-xiv-a-tres-nuevos-sacerdotes-potosinos\/","title":{"rendered":"Ordena el Papa Le\u00f3n XIV a tres nuevos sacerdotes potosinos"},"content":{"rendered":"<p style=\"text-align: justify;\">SLP.- En el marco de la celebraci\u00f3n del Jubileo de los Sacerdotes 2025 y la Solemnidad del Sagrado Coraz\u00f3n fueron ordenados 32 nuevos sacerdotes para la Iglesia Universal, tres de ellos de San Luis Potos\u00ed.<\/p>\n<p style=\"text-align: justify;\">Se trata de Israel S\u00e1nchez Ram\u00edrez, de la capital del estado, Pedro Pablo Ruiz Baltazar, originario de San Ciro de Acosta y Jiergue Stanley Augustin, nacido en Hait\u00ed pero residente de San Luis Potos\u00ed desde hace m\u00e1s de 10 a\u00f1os, quienes fueron ordenados por el Papa Le\u00f3n XIV en Roma.<\/p>\n<p style=\"text-align: justify;\">La Arquidi\u00f3cesis de San Luis Potos\u00ed celebr\u00f3 este acontecimiento como un hecho hist\u00f3rico pues no es com\u00fan que sacerdotes locales, sean ordenados directamente por el Sumo Pont\u00edfice.<\/p>\n<p style=\"text-align: justify;\">Durante el rito pontificio los nuevos sacerdotes fueron presentados ante la comunidad cristiana pronunciando su compromiso de fe y obediencia, recibiendo la imposici\u00f3n de manos, la unci\u00f3n con crisma y los s\u00edmbolos caracter\u00edsticos del sacerdocio cat\u00f3lico: la estola, la casulla, el c\u00e1liz y la patena.<\/p>\n<p>Por: Claudio Ibarra<\/p>\n","protected":false},"excerpt":{"rendered":"<p>SLP.- En el marco de la celebraci\u00f3n del Jubileo de los Sacerdotes 2025 y la Solemnidad del Sagrado Coraz\u00f3n fueron ordenados 32 nuevos sacerdotes para la Iglesia Universal, tres de ellos de San Luis Potos\u00ed. Se trata de Israel S\u00e1nchez Ram\u00edrez, de la capital del estado, Pedro Pablo Ruiz Baltazar, originario de San Ciro de Acosta y Jiergue Stanley Augustin, nacido en Hait\u00ed pero residente de San Luis Potos\u00ed desde hace m\u00e1s de 10 a\u00f1os, quienes fueron ordenados por el Papa Le\u00f3n XIV en Roma. La Arquidi\u00f3cesis de San Luis Potos\u00ed celebr\u00f3 este acontecimiento como un hecho hist\u00f3rico pues no [&hellip;]<\/p>\n","protected":false},"author":2,"featured_media":171991,"comment_status":"closed","ping_status":"closed","sticky":false,"template":"","format":"video","meta":{"_monsterinsights_skip_tracking":false,"_monsterinsights_sitenote_active":false,"_monsterinsights_sitenote_note":"","_monsterinsights_sitenote_category":0,"footnotes":""},"categories":[5,519,45],"tags":[],"class_list":["post-171989","post","type-post","status-publish","format-video","has-post-thumbnail","hentry","category-destacadas","category-iglesia","category-localesyregionales","post_format-post-format-video","post--single"],"yoast_head":"<!-- This site is optimized with the Yoast SEO plugin v27.4 - https:\/\/yoast.com\/product\/yoast-seo-wordpress\/ -->\n<title>Ordena el Papa Le\u00f3n XIV a tres nuevos sacerdotes potosinos - Canal 7 SLP - 2025<\/title>\n<meta name=\"robots\" content=\"index, follow, max-snippet:-1, max-image-preview:large, max-video-preview:-1\" \/>\n<link rel=\"canonical\" href=\"https:\/\/canal7slp.tv\/2025\/ordena-el-papa-leon-xiv-a-tres-nuevos-sacerdotes-potosinos\/\" \/>\n<meta property=\"og:locale\" content=\"es_ES\" \/>\n<meta property=\"og:type\" content=\"article\" \/>\n<meta property=\"og:title\" content=\"Ordena el Papa Le\u00f3n XIV a tres nuevos sacerdotes potosinos - Canal 7 SLP - 2025\" \/>\n<meta property=\"og:description\" content=\"SLP.- En el marco de la celebraci\u00f3n del Jubileo de los Sacerdotes 2025 y la Solemnidad del Sagrado Coraz\u00f3n fueron ordenados 32 nuevos sacerdotes para la Iglesia Universal, tres de ellos de San Luis Potos\u00ed. Se trata de Israel S\u00e1nchez Ram\u00edrez, de la capital del estado, Pedro Pablo Ruiz Baltazar, originario de San Ciro de Acosta y Jiergue Stanley Augustin, nacido en Hait\u00ed pero residente de San Luis Potos\u00ed desde hace m\u00e1s de 10 a\u00f1os, quienes fueron ordenados por el Papa Le\u00f3n XIV en Roma. La Arquidi\u00f3cesis de San Luis Potos\u00ed celebr\u00f3 este acontecimiento como un hecho hist\u00f3rico pues no [&hellip;]\" \/>\n<meta property=\"og:url\" content=\"https:\/\/canal7slp.tv\/2025\/ordena-el-papa-leon-xiv-a-tres-nuevos-sacerdotes-potosinos\/\" \/>\n<meta property=\"og:site_name\" content=\"Canal 7 SLP - 2025\" \/>\n<meta property=\"article:publisher\" content=\"https:\/\/www.facebook.com\/noticieroscanal7atencionciudadana\/\" \/>\n<meta property=\"article:published_time\" content=\"2025-06-28T01:29:14+00:00\" \/>\n<meta property=\"article:modified_time\" content=\"2025-12-10T14:48:52+00:00\" \/>\n<meta property=\"og:image\" content=\"https:\/\/canal7slp.tv\/2025\/wp-content\/uploads\/2025\/06\/Claudio03Sacerdotes.jpg\" \/>\n\t<meta property=\"og:image:width\" content=\"1280\" \/>\n\t<meta property=\"og:image:height\" content=\"720\" \/>\n\t<meta property=\"og:image:type\" content=\"image\/jpeg\" \/>\n<meta name=\"author\" content=\"Edici\u00f3n Web\" \/>\n<meta name=\"twitter:card\" content=\"summary_large_image\" \/>\n<meta name=\"twitter:creator\" content=\"@NOTICIEROS7\" \/>\n<meta name=\"twitter:site\" content=\"@NOTICIEROS7\" \/>\n<meta name=\"twitter:label1\" content=\"Escrito por\" \/>\n\t<meta name=\"twitter:data1\" content=\"Edici\u00f3n Web\" \/>\n\t<meta name=\"twitter:label2\" content=\"Tiempo de lectura\" \/>\n\t<meta name=\"twitter:data2\" content=\"1 minuto\" \/>\n<script type=\"application\/ld+json\" class=\"yoast-schema-graph\">{\"@context\":\"https:\\\/\\\/schema.org\",\"@graph\":[{\"@type\":\"Article\",\"@id\":\"https:\\\/\\\/canal7slp.tv\\\/2025\\\/ordena-el-papa-leon-xiv-a-tres-nuevos-sacerdotes-potosinos\\\/#article\",\"isPartOf\":{\"@id\":\"https:\\\/\\\/canal7slp.tv\\\/2025\\\/ordena-el-papa-leon-xiv-a-tres-nuevos-sacerdotes-potosinos\\\/\"},\"author\":{\"name\":\"Edici\u00f3n Web\",\"@id\":\"https:\\\/\\\/canal7slp.tv\\\/2025\\\/#\\\/schema\\\/person\\\/271e2b60a96e7cc9d9ac296f4d7e414b\"},\"headline\":\"Ordena el Papa Le\u00f3n XIV a tres nuevos sacerdotes potosinos\",\"datePublished\":\"2025-06-28T01:29:14+00:00\",\"dateModified\":\"2025-12-10T14:48:52+00:00\",\"mainEntityOfPage\":{\"@id\":\"https:\\\/\\\/canal7slp.tv\\\/2025\\\/ordena-el-papa-leon-xiv-a-tres-nuevos-sacerdotes-potosinos\\\/\"},\"wordCount\":186,\"publisher\":{\"@id\":\"https:\\\/\\\/canal7slp.tv\\\/2025\\\/#organization\"},\"image\":{\"@id\":\"https:\\\/\\\/canal7slp.tv\\\/2025\\\/ordena-el-papa-leon-xiv-a-tres-nuevos-sacerdotes-potosinos\\\/#primaryimage\"},\"thumbnailUrl\":\"https:\\\/\\\/canal7slp.tv\\\/2025\\\/wp-content\\\/uploads\\\/2025\\\/06\\\/Claudio03Sacerdotes.jpg\",\"articleSection\":[\"DESTACADAS\",\"Iglesia\",\"LOCALES Y REGIONALES\"],\"inLanguage\":\"es\"},{\"@type\":\"WebPage\",\"@id\":\"https:\\\/\\\/canal7slp.tv\\\/2025\\\/ordena-el-papa-leon-xiv-a-tres-nuevos-sacerdotes-potosinos\\\/\",\"url\":\"https:\\\/\\\/canal7slp.tv\\\/2025\\\/ordena-el-papa-leon-xiv-a-tres-nuevos-sacerdotes-potosinos\\\/\",\"name\":\"Ordena el Papa Le\u00f3n XIV a tres nuevos sacerdotes potosinos - Canal 7 SLP - 2025\",\"isPartOf\":{\"@id\":\"https:\\\/\\\/canal7slp.tv\\\/2025\\\/#website\"},\"primaryImageOfPage\":{\"@id\":\"https:\\\/\\\/canal7slp.tv\\\/2025\\\/ordena-el-papa-leon-xiv-a-tres-nuevos-sacerdotes-potosinos\\\/#primaryimage\"},\"image\":{\"@id\":\"https:\\\/\\\/canal7slp.tv\\\/2025\\\/ordena-el-papa-leon-xiv-a-tres-nuevos-sacerdotes-potosinos\\\/#primaryimage\"},\"thumbnailUrl\":\"https:\\\/\\\/canal7slp.tv\\\/2025\\\/wp-content\\\/uploads\\\/2025\\\/06\\\/Claudio03Sacerdotes.jpg\",\"datePublished\":\"2025-06-28T01:29:14+00:00\",\"dateModified\":\"2025-12-10T14:48:52+00:00\",\"breadcrumb\":{\"@id\":\"https:\\\/\\\/canal7slp.tv\\\/2025\\\/ordena-el-papa-leon-xiv-a-tres-nuevos-sacerdotes-potosinos\\\/#breadcrumb\"},\"inLanguage\":\"es\",\"potentialAction\":[{\"@type\":\"ReadAction\",\"target\":[\"https:\\\/\\\/canal7slp.tv\\\/2025\\\/ordena-el-papa-leon-xiv-a-tres-nuevos-sacerdotes-potosinos\\\/\"]}]},{\"@type\":\"ImageObject\",\"inLanguage\":\"es\",\"@id\":\"https:\\\/\\\/canal7slp.tv\\\/2025\\\/ordena-el-papa-leon-xiv-a-tres-nuevos-sacerdotes-potosinos\\\/#primaryimage\",\"url\":\"https:\\\/\\\/canal7slp.tv\\\/2025\\\/wp-content\\\/uploads\\\/2025\\\/06\\\/Claudio03Sacerdotes.jpg\",\"contentUrl\":\"https:\\\/\\\/canal7slp.tv\\\/2025\\\/wp-content\\\/uploads\\\/2025\\\/06\\\/Claudio03Sacerdotes.jpg\",\"width\":1280,\"height\":720},{\"@type\":\"BreadcrumbList\",\"@id\":\"https:\\\/\\\/canal7slp.tv\\\/2025\\\/ordena-el-papa-leon-xiv-a-tres-nuevos-sacerdotes-potosinos\\\/#breadcrumb\",\"itemListElement\":[{\"@type\":\"ListItem\",\"position\":1,\"name\":\"Portada\",\"item\":\"https:\\\/\\\/canal7slp.tv\\\/2025\\\/\"},{\"@type\":\"ListItem\",\"position\":2,\"name\":\"Ordena el Papa Le\u00f3n XIV a tres nuevos sacerdotes potosinos\"}]},{\"@type\":\"WebSite\",\"@id\":\"https:\\\/\\\/canal7slp.tv\\\/2025\\\/#website\",\"url\":\"https:\\\/\\\/canal7slp.tv\\\/2025\\\/\",\"name\":\"N7 - Noticieros Canal 7\",\"description\":\"Somos el Medio\",\"publisher\":{\"@id\":\"https:\\\/\\\/canal7slp.tv\\\/2025\\\/#organization\"},\"potentialAction\":[{\"@type\":\"SearchAction\",\"target\":{\"@type\":\"EntryPoint\",\"urlTemplate\":\"https:\\\/\\\/canal7slp.tv\\\/2025\\\/?s={search_term_string}\"},\"query-input\":{\"@type\":\"PropertyValueSpecification\",\"valueRequired\":true,\"valueName\":\"search_term_string\"}}],\"inLanguage\":\"es\"},{\"@type\":\"Organization\",\"@id\":\"https:\\\/\\\/canal7slp.tv\\\/2025\\\/#organization\",\"name\":\"Noticieros Canal 7\",\"url\":\"https:\\\/\\\/canal7slp.tv\\\/2025\\\/\",\"logo\":{\"@type\":\"ImageObject\",\"inLanguage\":\"es\",\"@id\":\"https:\\\/\\\/canal7slp.tv\\\/2025\\\/#\\\/schema\\\/logo\\\/image\\\/\",\"url\":\"https:\\\/\\\/canal7slp.tv\\\/2025\\\/wp-content\\\/uploads\\\/2021\\\/01\\\/logo-noticieros@2x.png\",\"contentUrl\":\"https:\\\/\\\/canal7slp.tv\\\/2025\\\/wp-content\\\/uploads\\\/2021\\\/01\\\/logo-noticieros@2x.png\",\"width\":1017,\"height\":268,\"caption\":\"Noticieros Canal 7\"},\"image\":{\"@id\":\"https:\\\/\\\/canal7slp.tv\\\/2025\\\/#\\\/schema\\\/logo\\\/image\\\/\"},\"sameAs\":[\"https:\\\/\\\/www.facebook.com\\\/noticieroscanal7atencionciudadana\\\/\",\"https:\\\/\\\/x.com\\\/NOTICIEROS7\",\"https:\\\/\\\/www.instagram.com\\\/canal7_slp\",\"https:\\\/\\\/www.youtube.com\\\/channel\\\/UCliiYs-gP3JfJeqdPrNdd5A\"]},{\"@type\":\"Person\",\"@id\":\"https:\\\/\\\/canal7slp.tv\\\/2025\\\/#\\\/schema\\\/person\\\/271e2b60a96e7cc9d9ac296f4d7e414b\",\"name\":\"Edici\u00f3n Web\",\"image\":{\"@type\":\"ImageObject\",\"inLanguage\":\"es\",\"@id\":\"https:\\\/\\\/secure.gravatar.com\\\/avatar\\\/eee448fc3f7164808013b816ba91ac7e43bbe82a70bebac296f8bc6f0addaa1a?s=96&d=mm&r=g\",\"url\":\"https:\\\/\\\/secure.gravatar.com\\\/avatar\\\/eee448fc3f7164808013b816ba91ac7e43bbe82a70bebac296f8bc6f0addaa1a?s=96&d=mm&r=g\",\"contentUrl\":\"https:\\\/\\\/secure.gravatar.com\\\/avatar\\\/eee448fc3f7164808013b816ba91ac7e43bbe82a70bebac296f8bc6f0addaa1a?s=96&d=mm&r=g\",\"caption\":\"Edici\u00f3n Web\"},\"url\":\"https:\\\/\\\/canal7slp.tv\\\/2025\\\/author\\\/edicionweb\\\/\"}]}<\/script>\n<!-- \/ Yoast SEO plugin. -->","yoast_head_json":{"title":"Ordena el Papa Le\u00f3n XIV a tres nuevos sacerdotes potosinos - Canal 7 SLP - 2025","robots":{"index":"index","follow":"follow","max-snippet":"max-snippet:-1","max-image-preview":"max-image-preview:large","max-video-preview":"max-video-preview:-1"},"canonical":"https:\/\/canal7slp.tv\/2025\/ordena-el-papa-leon-xiv-a-tres-nuevos-sacerdotes-potosinos\/","og_locale":"es_ES","og_type":"article","og_title":"Ordena el Papa Le\u00f3n XIV a tres nuevos sacerdotes potosinos - Canal 7 SLP - 2025","og_description":"SLP.- En el marco de la celebraci\u00f3n del Jubileo de los Sacerdotes 2025 y la Solemnidad del Sagrado Coraz\u00f3n fueron ordenados 32 nuevos sacerdotes para la Iglesia Universal, tres de ellos de San Luis Potos\u00ed. Se trata de Israel S\u00e1nchez Ram\u00edrez, de la capital del estado, Pedro Pablo Ruiz Baltazar, originario de San Ciro de Acosta y Jiergue Stanley Augustin, nacido en Hait\u00ed pero residente de San Luis Potos\u00ed desde hace m\u00e1s de 10 a\u00f1os, quienes fueron ordenados por el Papa Le\u00f3n XIV en Roma. La Arquidi\u00f3cesis de San Luis Potos\u00ed celebr\u00f3 este acontecimiento como un hecho hist\u00f3rico pues no [&hellip;]","og_url":"https:\/\/canal7slp.tv\/2025\/ordena-el-papa-leon-xiv-a-tres-nuevos-sacerdotes-potosinos\/","og_site_name":"Canal 7 SLP - 2025","article_publisher":"https:\/\/www.facebook.com\/noticieroscanal7atencionciudadana\/","article_published_time":"2025-06-28T01:29:14+00:00","article_modified_time":"2025-12-10T14:48:52+00:00","og_image":[{"width":1280,"height":720,"url":"https:\/\/canal7slp.tv\/2025\/wp-content\/uploads\/2025\/06\/Claudio03Sacerdotes.jpg","type":"image\/jpeg"}],"author":"Edici\u00f3n Web","twitter_card":"summary_large_image","twitter_creator":"@NOTICIEROS7","twitter_site":"@NOTICIEROS7","twitter_misc":{"Escrito por":"Edici\u00f3n Web","Tiempo de lectura":"1 minuto"},"schema":{"@context":"https:\/\/schema.org","@graph":[{"@type":"Article","@id":"https:\/\/canal7slp.tv\/2025\/ordena-el-papa-leon-xiv-a-tres-nuevos-sacerdotes-potosinos\/#article","isPartOf":{"@id":"https:\/\/canal7slp.tv\/2025\/ordena-el-papa-leon-xiv-a-tres-nuevos-sacerdotes-potosinos\/"},"author":{"name":"Edici\u00f3n Web","@id":"https:\/\/canal7slp.tv\/2025\/#\/schema\/person\/271e2b60a96e7cc9d9ac296f4d7e414b"},"headline":"Ordena el Papa Le\u00f3n XIV a tres nuevos sacerdotes potosinos","datePublished":"2025-06-28T01:29:14+00:00","dateModified":"2025-12-10T14:48:52+00:00","mainEntityOfPage":{"@id":"https:\/\/canal7slp.tv\/2025\/ordena-el-papa-leon-xiv-a-tres-nuevos-sacerdotes-potosinos\/"},"wordCount":186,"publisher":{"@id":"https:\/\/canal7slp.tv\/2025\/#organization"},"image":{"@id":"https:\/\/canal7slp.tv\/2025\/ordena-el-papa-leon-xiv-a-tres-nuevos-sacerdotes-potosinos\/#primaryimage"},"thumbnailUrl":"https:\/\/canal7slp.tv\/2025\/wp-content\/uploads\/2025\/06\/Claudio03Sacerdotes.jpg","articleSection":["DESTACADAS","Iglesia","LOCALES Y REGIONALES"],"inLanguage":"es"},{"@type":"WebPage","@id":"https:\/\/canal7slp.tv\/2025\/ordena-el-papa-leon-xiv-a-tres-nuevos-sacerdotes-potosinos\/","url":"https:\/\/canal7slp.tv\/2025\/ordena-el-papa-leon-xiv-a-tres-nuevos-sacerdotes-potosinos\/","name":"Ordena el Papa Le\u00f3n XIV a tres nuevos sacerdotes potosinos - Canal 7 SLP - 2025","isPartOf":{"@id":"https:\/\/canal7slp.tv\/2025\/#website"},"primaryImageOfPage":{"@id":"https:\/\/canal7slp.tv\/2025\/ordena-el-papa-leon-xiv-a-tres-nuevos-sacerdotes-potosinos\/#primaryimage"},"image":{"@id":"https:\/\/canal7slp.tv\/2025\/ordena-el-papa-leon-xiv-a-tres-nuevos-sacerdotes-potosinos\/#primaryimage"},"thumbnailUrl":"https:\/\/canal7slp.tv\/2025\/wp-content\/uploads\/2025\/06\/Claudio03Sacerdotes.jpg","datePublished":"2025-06-28T01:29:14+00:00","dateModified":"2025-12-10T14:48:52+00:00","breadcrumb":{"@id":"https:\/\/canal7slp.tv\/2025\/ordena-el-papa-leon-xiv-a-tres-nuevos-sacerdotes-potosinos\/#breadcrumb"},"inLanguage":"es","potentialAction":[{"@type":"ReadAction","target":["https:\/\/canal7slp.tv\/2025\/ordena-el-papa-leon-xiv-a-tres-nuevos-sacerdotes-potosinos\/"]}]},{"@type":"ImageObject","inLanguage":"es","@id":"https:\/\/canal7slp.tv\/2025\/ordena-el-papa-leon-xiv-a-tres-nuevos-sacerdotes-potosinos\/#primaryimage","url":"https:\/\/canal7slp.tv\/2025\/wp-content\/uploads\/2025\/06\/Claudio03Sacerdotes.jpg","contentUrl":"https:\/\/canal7slp.tv\/2025\/wp-content\/uploads\/2025\/06\/Claudio03Sacerdotes.jpg","width":1280,"height":720},{"@type":"BreadcrumbList","@id":"https:\/\/canal7slp.tv\/2025\/ordena-el-papa-leon-xiv-a-tres-nuevos-sacerdotes-potosinos\/#breadcrumb","itemListElement":[{"@type":"ListItem","position":1,"name":"Portada","item":"https:\/\/canal7slp.tv\/2025\/"},{"@type":"ListItem","position":2,"name":"Ordena el Papa Le\u00f3n XIV a tres nuevos sacerdotes potosinos"}]},{"@type":"WebSite","@id":"https:\/\/canal7slp.tv\/2025\/#website","url":"https:\/\/canal7slp.tv\/2025\/","name":"N7 - Noticieros Canal 7","description":"Somos el Medio","publisher":{"@id":"https:\/\/canal7slp.tv\/2025\/#organization"},"potentialAction":[{"@type":"SearchAction","target":{"@type":"EntryPoint","urlTemplate":"https:\/\/canal7slp.tv\/2025\/?s={search_term_string}"},"query-input":{"@type":"PropertyValueSpecification","valueRequired":true,"valueName":"search_term_string"}}],"inLanguage":"es"},{"@type":"Organization","@id":"https:\/\/canal7slp.tv\/2025\/#organization","name":"Noticieros Canal 7","url":"https:\/\/canal7slp.tv\/2025\/","logo":{"@type":"ImageObject","inLanguage":"es","@id":"https:\/\/canal7slp.tv\/2025\/#\/schema\/logo\/image\/","url":"https:\/\/canal7slp.tv\/2025\/wp-content\/uploads\/2021\/01\/logo-noticieros@2x.png","contentUrl":"https:\/\/canal7slp.tv\/2025\/wp-content\/uploads\/2021\/01\/logo-noticieros@2x.png","width":1017,"height":268,"caption":"Noticieros Canal 7"},"image":{"@id":"https:\/\/canal7slp.tv\/2025\/#\/schema\/logo\/image\/"},"sameAs":["https:\/\/www.facebook.com\/noticieroscanal7atencionciudadana\/","https:\/\/x.com\/NOTICIEROS7","https:\/\/www.instagram.com\/canal7_slp","https:\/\/www.youtube.com\/channel\/UCliiYs-gP3JfJeqdPrNdd5A"]},{"@type":"Person","@id":"https:\/\/canal7slp.tv\/2025\/#\/schema\/person\/271e2b60a96e7cc9d9ac296f4d7e414b","name":"Edici\u00f3n Web","image":{"@type":"ImageObject","inLanguage":"es","@id":"https:\/\/secure.gravatar.com\/avatar\/eee448fc3f7164808013b816ba91ac7e43bbe82a70bebac296f8bc6f0addaa1a?s=96&d=mm&r=g","url":"https:\/\/secure.gravatar.com\/avatar\/eee448fc3f7164808013b816ba91ac7e43bbe82a70bebac296f8bc6f0addaa1a?s=96&d=mm&r=g","contentUrl":"https:\/\/secure.gravatar.com\/avatar\/eee448fc3f7164808013b816ba91ac7e43bbe82a70bebac296f8bc6f0addaa1a?s=96&d=mm&r=g","caption":"Edici\u00f3n Web"},"url":"https:\/\/canal7slp.tv\/2025\/author\/edicionweb\/"}]}},"_links":{"self":[{"href":"https:\/\/canal7slp.tv\/2025\/wp-json\/wp\/v2\/posts\/171989","targetHints":{"allow":["GET"]}}],"collection":[{"href":"https:\/\/canal7slp.tv\/2025\/wp-json\/wp\/v2\/posts"}],"about":[{"href":"https:\/\/canal7slp.tv\/2025\/wp-json\/wp\/v2\/types\/post"}],"author":[{"embeddable":true,"href":"https:\/\/canal7slp.tv\/2025\/wp-json\/wp\/v2\/users\/2"}],"replies":[{"embeddable":true,"href":"https:\/\/canal7slp.tv\/2025\/wp-json\/wp\/v2\/comments?post=171989"}],"version-history":[{"count":1,"href":"https:\/\/canal7slp.tv\/2025\/wp-json\/wp\/v2\/posts\/171989\/revisions"}],"predecessor-version":[{"id":171992,"href":"https:\/\/canal7slp.tv\/2025\/wp-json\/wp\/v2\/posts\/171989\/revisions\/171992"}],"wp:featuredmedia":[{"embeddable":true,"href":"https:\/\/canal7slp.tv\/2025\/wp-json\/wp\/v2\/media\/171991"}],"wp:attachment":[{"href":"https:\/\/canal7slp.tv\/2025\/wp-json\/wp\/v2\/media?parent=171989"}],"wp:term":[{"taxonomy":"category","embeddable":true,"href":"https:\/\/canal7slp.tv\/2025\/wp-json\/wp\/v2\/categories?post=171989"},{"taxonomy":"post_tag","embeddable":true,"href":"https:\/\/canal7slp.tv\/2025\/wp-json\/wp\/v2\/tags?post=171989"}],"curies":[{"name":"wp","href":"https:\/\/api.w.org\/{rel}","templated":true}]}}