{"id":171981,"date":"2025-06-27T19:10:58","date_gmt":"2025-06-28T01:10:58","guid":{"rendered":"https:\/\/canal7slp.tv\/2025\/?p=171981"},"modified":"2025-06-27T19:10:58","modified_gmt":"2025-06-28T01:10:58","slug":"aprueba-consejo-directivo-universitario-mas-espacios-para-el-ciclo-escolar-2025-2026","status":"publish","type":"post","link":"https:\/\/canal7slp.tv\/2025\/aprueba-consejo-directivo-universitario-mas-espacios-para-el-ciclo-escolar-2025-2026\/","title":{"rendered":"Aprueba Consejo Directivo Universitario m\u00e1s espacios para el Ciclo Escolar 2025-2026"},"content":{"rendered":"<p style=\"text-align: justify;\">SLP.- En sesi\u00f3n ordinaria el pleno del Consejo Directivo Universitario aprob\u00f3 por casi 100 lugares m\u00e1s respecto al ciclo anterior, la capacidad de nuevo ingreso para el ciclo escolar 2025-2026, al establecer en 7 mil 755 el n\u00famero de espacios de manera definitiva.<\/p>\n<p style=\"text-align: justify;\">Asimismo, por quinto a\u00f1o consecutivo se aprob\u00f3 tambi\u00e9n no incrementar las cuotas de pago de los estudiantes, en una solicitud hecha por la Comisi\u00f3n de Hacienda y de rector\u00eda.<\/p>\n<p style=\"text-align: justify;\">En esta misma sesi\u00f3n, las y los consejeros aprobaron la expedici\u00f3n de 34 diplomas de especialidad, 14 t\u00edtulos de grado de maestr\u00eda y 10 t\u00edtulos de grado de doctorado.<\/p>\n<p style=\"text-align: justify;\">Adem\u00e1s, se presentaron 6 dict\u00e1menes de jubilaci\u00f3n y uno de vejez por la Comisi\u00f3n Institucional de Pensiones.<\/p>\n<p style=\"text-align: justify;\">Por: Claudio Ibarra<\/p>\n","protected":false},"excerpt":{"rendered":"<p>SLP.- En sesi\u00f3n ordinaria el pleno del Consejo Directivo Universitario aprob\u00f3 por casi 100 lugares m\u00e1s respecto al ciclo anterior, la capacidad de nuevo ingreso para el ciclo escolar 2025-2026, al establecer en 7 mil 755 el n\u00famero de espacios de manera definitiva. Asimismo, por quinto a\u00f1o consecutivo se aprob\u00f3 tambi\u00e9n no incrementar las cuotas de pago de los estudiantes, en una solicitud hecha por la Comisi\u00f3n de Hacienda y de rector\u00eda. En esta misma sesi\u00f3n, las y los consejeros aprobaron la expedici\u00f3n de 34 diplomas de especialidad, 14 t\u00edtulos de grado de maestr\u00eda y 10 t\u00edtulos de grado de [&hellip;]<\/p>\n","protected":false},"author":2,"featured_media":171983,"comment_status":"closed","ping_status":"closed","sticky":false,"template":"","format":"video","meta":{"_monsterinsights_skip_tracking":false,"_monsterinsights_sitenote_active":false,"_monsterinsights_sitenote_note":"","_monsterinsights_sitenote_category":0,"footnotes":""},"categories":[5,45],"tags":[],"class_list":["post-171981","post","type-post","status-publish","format-video","has-post-thumbnail","hentry","category-destacadas","category-localesyregionales","post_format-post-format-video","post--single"],"yoast_head":"<!-- This site is optimized with the Yoast SEO plugin v27.4 - https:\/\/yoast.com\/product\/yoast-seo-wordpress\/ -->\n<title>Aprueba Consejo Directivo Universitario m\u00e1s espacios para el Ciclo Escolar 2025-2026 - Canal 7 SLP - 2025<\/title>\n<meta name=\"robots\" content=\"index, follow, max-snippet:-1, max-image-preview:large, max-video-preview:-1\" \/>\n<link rel=\"canonical\" href=\"https:\/\/canal7slp.tv\/2025\/aprueba-consejo-directivo-universitario-mas-espacios-para-el-ciclo-escolar-2025-2026\/\" \/>\n<meta property=\"og:locale\" content=\"es_ES\" \/>\n<meta property=\"og:type\" content=\"article\" \/>\n<meta property=\"og:title\" content=\"Aprueba Consejo Directivo Universitario m\u00e1s espacios para el Ciclo Escolar 2025-2026 - Canal 7 SLP - 2025\" \/>\n<meta property=\"og:description\" content=\"SLP.- En sesi\u00f3n ordinaria el pleno del Consejo Directivo Universitario aprob\u00f3 por casi 100 lugares m\u00e1s respecto al ciclo anterior, la capacidad de nuevo ingreso para el ciclo escolar 2025-2026, al establecer en 7 mil 755 el n\u00famero de espacios de manera definitiva. Asimismo, por quinto a\u00f1o consecutivo se aprob\u00f3 tambi\u00e9n no incrementar las cuotas de pago de los estudiantes, en una solicitud hecha por la Comisi\u00f3n de Hacienda y de rector\u00eda. En esta misma sesi\u00f3n, las y los consejeros aprobaron la expedici\u00f3n de 34 diplomas de especialidad, 14 t\u00edtulos de grado de maestr\u00eda y 10 t\u00edtulos de grado de [&hellip;]\" \/>\n<meta property=\"og:url\" content=\"https:\/\/canal7slp.tv\/2025\/aprueba-consejo-directivo-universitario-mas-espacios-para-el-ciclo-escolar-2025-2026\/\" \/>\n<meta property=\"og:site_name\" content=\"Canal 7 SLP - 2025\" \/>\n<meta property=\"article:publisher\" content=\"https:\/\/www.facebook.com\/noticieroscanal7atencionciudadana\/\" \/>\n<meta property=\"article:published_time\" content=\"2025-06-28T01:10:58+00:00\" \/>\n<meta property=\"og:image\" content=\"https:\/\/canal7slp.tv\/2025\/wp-content\/uploads\/2025\/06\/Claudio01Capacidad.jpg\" \/>\n\t<meta property=\"og:image:width\" content=\"1280\" \/>\n\t<meta property=\"og:image:height\" content=\"720\" \/>\n\t<meta property=\"og:image:type\" content=\"image\/jpeg\" \/>\n<meta name=\"author\" content=\"Edici\u00f3n Web\" \/>\n<meta name=\"twitter:card\" content=\"summary_large_image\" \/>\n<meta name=\"twitter:creator\" content=\"@NOTICIEROS7\" \/>\n<meta name=\"twitter:site\" content=\"@NOTICIEROS7\" \/>\n<meta name=\"twitter:label1\" content=\"Escrito por\" \/>\n\t<meta name=\"twitter:data1\" content=\"Edici\u00f3n Web\" \/>\n\t<meta name=\"twitter:label2\" content=\"Tiempo de lectura\" \/>\n\t<meta name=\"twitter:data2\" content=\"1 minuto\" \/>\n<script type=\"application\/ld+json\" class=\"yoast-schema-graph\">{\"@context\":\"https:\\\/\\\/schema.org\",\"@graph\":[{\"@type\":\"Article\",\"@id\":\"https:\\\/\\\/canal7slp.tv\\\/2025\\\/aprueba-consejo-directivo-universitario-mas-espacios-para-el-ciclo-escolar-2025-2026\\\/#article\",\"isPartOf\":{\"@id\":\"https:\\\/\\\/canal7slp.tv\\\/2025\\\/aprueba-consejo-directivo-universitario-mas-espacios-para-el-ciclo-escolar-2025-2026\\\/\"},\"author\":{\"name\":\"Edici\u00f3n Web\",\"@id\":\"https:\\\/\\\/canal7slp.tv\\\/2025\\\/#\\\/schema\\\/person\\\/271e2b60a96e7cc9d9ac296f4d7e414b\"},\"headline\":\"Aprueba Consejo Directivo Universitario m\u00e1s espacios para el Ciclo Escolar 2025-2026\",\"datePublished\":\"2025-06-28T01:10:58+00:00\",\"mainEntityOfPage\":{\"@id\":\"https:\\\/\\\/canal7slp.tv\\\/2025\\\/aprueba-consejo-directivo-universitario-mas-espacios-para-el-ciclo-escolar-2025-2026\\\/\"},\"wordCount\":143,\"publisher\":{\"@id\":\"https:\\\/\\\/canal7slp.tv\\\/2025\\\/#organization\"},\"image\":{\"@id\":\"https:\\\/\\\/canal7slp.tv\\\/2025\\\/aprueba-consejo-directivo-universitario-mas-espacios-para-el-ciclo-escolar-2025-2026\\\/#primaryimage\"},\"thumbnailUrl\":\"https:\\\/\\\/canal7slp.tv\\\/2025\\\/wp-content\\\/uploads\\\/2025\\\/06\\\/Claudio01Capacidad.jpg\",\"articleSection\":[\"DESTACADAS\",\"LOCALES Y REGIONALES\"],\"inLanguage\":\"es\"},{\"@type\":\"WebPage\",\"@id\":\"https:\\\/\\\/canal7slp.tv\\\/2025\\\/aprueba-consejo-directivo-universitario-mas-espacios-para-el-ciclo-escolar-2025-2026\\\/\",\"url\":\"https:\\\/\\\/canal7slp.tv\\\/2025\\\/aprueba-consejo-directivo-universitario-mas-espacios-para-el-ciclo-escolar-2025-2026\\\/\",\"name\":\"Aprueba Consejo Directivo Universitario m\u00e1s espacios para el Ciclo Escolar 2025-2026 - Canal 7 SLP - 2025\",\"isPartOf\":{\"@id\":\"https:\\\/\\\/canal7slp.tv\\\/2025\\\/#website\"},\"primaryImageOfPage\":{\"@id\":\"https:\\\/\\\/canal7slp.tv\\\/2025\\\/aprueba-consejo-directivo-universitario-mas-espacios-para-el-ciclo-escolar-2025-2026\\\/#primaryimage\"},\"image\":{\"@id\":\"https:\\\/\\\/canal7slp.tv\\\/2025\\\/aprueba-consejo-directivo-universitario-mas-espacios-para-el-ciclo-escolar-2025-2026\\\/#primaryimage\"},\"thumbnailUrl\":\"https:\\\/\\\/canal7slp.tv\\\/2025\\\/wp-content\\\/uploads\\\/2025\\\/06\\\/Claudio01Capacidad.jpg\",\"datePublished\":\"2025-06-28T01:10:58+00:00\",\"breadcrumb\":{\"@id\":\"https:\\\/\\\/canal7slp.tv\\\/2025\\\/aprueba-consejo-directivo-universitario-mas-espacios-para-el-ciclo-escolar-2025-2026\\\/#breadcrumb\"},\"inLanguage\":\"es\",\"potentialAction\":[{\"@type\":\"ReadAction\",\"target\":[\"https:\\\/\\\/canal7slp.tv\\\/2025\\\/aprueba-consejo-directivo-universitario-mas-espacios-para-el-ciclo-escolar-2025-2026\\\/\"]}]},{\"@type\":\"ImageObject\",\"inLanguage\":\"es\",\"@id\":\"https:\\\/\\\/canal7slp.tv\\\/2025\\\/aprueba-consejo-directivo-universitario-mas-espacios-para-el-ciclo-escolar-2025-2026\\\/#primaryimage\",\"url\":\"https:\\\/\\\/canal7slp.tv\\\/2025\\\/wp-content\\\/uploads\\\/2025\\\/06\\\/Claudio01Capacidad.jpg\",\"contentUrl\":\"https:\\\/\\\/canal7slp.tv\\\/2025\\\/wp-content\\\/uploads\\\/2025\\\/06\\\/Claudio01Capacidad.jpg\",\"width\":1280,\"height\":720},{\"@type\":\"BreadcrumbList\",\"@id\":\"https:\\\/\\\/canal7slp.tv\\\/2025\\\/aprueba-consejo-directivo-universitario-mas-espacios-para-el-ciclo-escolar-2025-2026\\\/#breadcrumb\",\"itemListElement\":[{\"@type\":\"ListItem\",\"position\":1,\"name\":\"Portada\",\"item\":\"https:\\\/\\\/canal7slp.tv\\\/2025\\\/\"},{\"@type\":\"ListItem\",\"position\":2,\"name\":\"Aprueba Consejo Directivo Universitario m\u00e1s espacios para el Ciclo Escolar 2025-2026\"}]},{\"@type\":\"WebSite\",\"@id\":\"https:\\\/\\\/canal7slp.tv\\\/2025\\\/#website\",\"url\":\"https:\\\/\\\/canal7slp.tv\\\/2025\\\/\",\"name\":\"N7 - Noticieros Canal 7\",\"description\":\"Somos el Medio\",\"publisher\":{\"@id\":\"https:\\\/\\\/canal7slp.tv\\\/2025\\\/#organization\"},\"potentialAction\":[{\"@type\":\"SearchAction\",\"target\":{\"@type\":\"EntryPoint\",\"urlTemplate\":\"https:\\\/\\\/canal7slp.tv\\\/2025\\\/?s={search_term_string}\"},\"query-input\":{\"@type\":\"PropertyValueSpecification\",\"valueRequired\":true,\"valueName\":\"search_term_string\"}}],\"inLanguage\":\"es\"},{\"@type\":\"Organization\",\"@id\":\"https:\\\/\\\/canal7slp.tv\\\/2025\\\/#organization\",\"name\":\"Noticieros Canal 7\",\"url\":\"https:\\\/\\\/canal7slp.tv\\\/2025\\\/\",\"logo\":{\"@type\":\"ImageObject\",\"inLanguage\":\"es\",\"@id\":\"https:\\\/\\\/canal7slp.tv\\\/2025\\\/#\\\/schema\\\/logo\\\/image\\\/\",\"url\":\"https:\\\/\\\/canal7slp.tv\\\/2025\\\/wp-content\\\/uploads\\\/2021\\\/01\\\/logo-noticieros@2x.png\",\"contentUrl\":\"https:\\\/\\\/canal7slp.tv\\\/2025\\\/wp-content\\\/uploads\\\/2021\\\/01\\\/logo-noticieros@2x.png\",\"width\":1017,\"height\":268,\"caption\":\"Noticieros Canal 7\"},\"image\":{\"@id\":\"https:\\\/\\\/canal7slp.tv\\\/2025\\\/#\\\/schema\\\/logo\\\/image\\\/\"},\"sameAs\":[\"https:\\\/\\\/www.facebook.com\\\/noticieroscanal7atencionciudadana\\\/\",\"https:\\\/\\\/x.com\\\/NOTICIEROS7\",\"https:\\\/\\\/www.instagram.com\\\/canal7_slp\",\"https:\\\/\\\/www.youtube.com\\\/channel\\\/UCliiYs-gP3JfJeqdPrNdd5A\"]},{\"@type\":\"Person\",\"@id\":\"https:\\\/\\\/canal7slp.tv\\\/2025\\\/#\\\/schema\\\/person\\\/271e2b60a96e7cc9d9ac296f4d7e414b\",\"name\":\"Edici\u00f3n Web\",\"image\":{\"@type\":\"ImageObject\",\"inLanguage\":\"es\",\"@id\":\"https:\\\/\\\/secure.gravatar.com\\\/avatar\\\/eee448fc3f7164808013b816ba91ac7e43bbe82a70bebac296f8bc6f0addaa1a?s=96&d=mm&r=g\",\"url\":\"https:\\\/\\\/secure.gravatar.com\\\/avatar\\\/eee448fc3f7164808013b816ba91ac7e43bbe82a70bebac296f8bc6f0addaa1a?s=96&d=mm&r=g\",\"contentUrl\":\"https:\\\/\\\/secure.gravatar.com\\\/avatar\\\/eee448fc3f7164808013b816ba91ac7e43bbe82a70bebac296f8bc6f0addaa1a?s=96&d=mm&r=g\",\"caption\":\"Edici\u00f3n Web\"},\"url\":\"https:\\\/\\\/canal7slp.tv\\\/2025\\\/author\\\/edicionweb\\\/\"}]}<\/script>\n<!-- \/ Yoast SEO plugin. -->","yoast_head_json":{"title":"Aprueba Consejo Directivo Universitario m\u00e1s espacios para el Ciclo Escolar 2025-2026 - Canal 7 SLP - 2025","robots":{"index":"index","follow":"follow","max-snippet":"max-snippet:-1","max-image-preview":"max-image-preview:large","max-video-preview":"max-video-preview:-1"},"canonical":"https:\/\/canal7slp.tv\/2025\/aprueba-consejo-directivo-universitario-mas-espacios-para-el-ciclo-escolar-2025-2026\/","og_locale":"es_ES","og_type":"article","og_title":"Aprueba Consejo Directivo Universitario m\u00e1s espacios para el Ciclo Escolar 2025-2026 - Canal 7 SLP - 2025","og_description":"SLP.- En sesi\u00f3n ordinaria el pleno del Consejo Directivo Universitario aprob\u00f3 por casi 100 lugares m\u00e1s respecto al ciclo anterior, la capacidad de nuevo ingreso para el ciclo escolar 2025-2026, al establecer en 7 mil 755 el n\u00famero de espacios de manera definitiva. Asimismo, por quinto a\u00f1o consecutivo se aprob\u00f3 tambi\u00e9n no incrementar las cuotas de pago de los estudiantes, en una solicitud hecha por la Comisi\u00f3n de Hacienda y de rector\u00eda. En esta misma sesi\u00f3n, las y los consejeros aprobaron la expedici\u00f3n de 34 diplomas de especialidad, 14 t\u00edtulos de grado de maestr\u00eda y 10 t\u00edtulos de grado de [&hellip;]","og_url":"https:\/\/canal7slp.tv\/2025\/aprueba-consejo-directivo-universitario-mas-espacios-para-el-ciclo-escolar-2025-2026\/","og_site_name":"Canal 7 SLP - 2025","article_publisher":"https:\/\/www.facebook.com\/noticieroscanal7atencionciudadana\/","article_published_time":"2025-06-28T01:10:58+00:00","og_image":[{"width":1280,"height":720,"url":"https:\/\/canal7slp.tv\/2025\/wp-content\/uploads\/2025\/06\/Claudio01Capacidad.jpg","type":"image\/jpeg"}],"author":"Edici\u00f3n Web","twitter_card":"summary_large_image","twitter_creator":"@NOTICIEROS7","twitter_site":"@NOTICIEROS7","twitter_misc":{"Escrito por":"Edici\u00f3n Web","Tiempo de lectura":"1 minuto"},"schema":{"@context":"https:\/\/schema.org","@graph":[{"@type":"Article","@id":"https:\/\/canal7slp.tv\/2025\/aprueba-consejo-directivo-universitario-mas-espacios-para-el-ciclo-escolar-2025-2026\/#article","isPartOf":{"@id":"https:\/\/canal7slp.tv\/2025\/aprueba-consejo-directivo-universitario-mas-espacios-para-el-ciclo-escolar-2025-2026\/"},"author":{"name":"Edici\u00f3n Web","@id":"https:\/\/canal7slp.tv\/2025\/#\/schema\/person\/271e2b60a96e7cc9d9ac296f4d7e414b"},"headline":"Aprueba Consejo Directivo Universitario m\u00e1s espacios para el Ciclo Escolar 2025-2026","datePublished":"2025-06-28T01:10:58+00:00","mainEntityOfPage":{"@id":"https:\/\/canal7slp.tv\/2025\/aprueba-consejo-directivo-universitario-mas-espacios-para-el-ciclo-escolar-2025-2026\/"},"wordCount":143,"publisher":{"@id":"https:\/\/canal7slp.tv\/2025\/#organization"},"image":{"@id":"https:\/\/canal7slp.tv\/2025\/aprueba-consejo-directivo-universitario-mas-espacios-para-el-ciclo-escolar-2025-2026\/#primaryimage"},"thumbnailUrl":"https:\/\/canal7slp.tv\/2025\/wp-content\/uploads\/2025\/06\/Claudio01Capacidad.jpg","articleSection":["DESTACADAS","LOCALES Y REGIONALES"],"inLanguage":"es"},{"@type":"WebPage","@id":"https:\/\/canal7slp.tv\/2025\/aprueba-consejo-directivo-universitario-mas-espacios-para-el-ciclo-escolar-2025-2026\/","url":"https:\/\/canal7slp.tv\/2025\/aprueba-consejo-directivo-universitario-mas-espacios-para-el-ciclo-escolar-2025-2026\/","name":"Aprueba Consejo Directivo Universitario m\u00e1s espacios para el Ciclo Escolar 2025-2026 - Canal 7 SLP - 2025","isPartOf":{"@id":"https:\/\/canal7slp.tv\/2025\/#website"},"primaryImageOfPage":{"@id":"https:\/\/canal7slp.tv\/2025\/aprueba-consejo-directivo-universitario-mas-espacios-para-el-ciclo-escolar-2025-2026\/#primaryimage"},"image":{"@id":"https:\/\/canal7slp.tv\/2025\/aprueba-consejo-directivo-universitario-mas-espacios-para-el-ciclo-escolar-2025-2026\/#primaryimage"},"thumbnailUrl":"https:\/\/canal7slp.tv\/2025\/wp-content\/uploads\/2025\/06\/Claudio01Capacidad.jpg","datePublished":"2025-06-28T01:10:58+00:00","breadcrumb":{"@id":"https:\/\/canal7slp.tv\/2025\/aprueba-consejo-directivo-universitario-mas-espacios-para-el-ciclo-escolar-2025-2026\/#breadcrumb"},"inLanguage":"es","potentialAction":[{"@type":"ReadAction","target":["https:\/\/canal7slp.tv\/2025\/aprueba-consejo-directivo-universitario-mas-espacios-para-el-ciclo-escolar-2025-2026\/"]}]},{"@type":"ImageObject","inLanguage":"es","@id":"https:\/\/canal7slp.tv\/2025\/aprueba-consejo-directivo-universitario-mas-espacios-para-el-ciclo-escolar-2025-2026\/#primaryimage","url":"https:\/\/canal7slp.tv\/2025\/wp-content\/uploads\/2025\/06\/Claudio01Capacidad.jpg","contentUrl":"https:\/\/canal7slp.tv\/2025\/wp-content\/uploads\/2025\/06\/Claudio01Capacidad.jpg","width":1280,"height":720},{"@type":"BreadcrumbList","@id":"https:\/\/canal7slp.tv\/2025\/aprueba-consejo-directivo-universitario-mas-espacios-para-el-ciclo-escolar-2025-2026\/#breadcrumb","itemListElement":[{"@type":"ListItem","position":1,"name":"Portada","item":"https:\/\/canal7slp.tv\/2025\/"},{"@type":"ListItem","position":2,"name":"Aprueba Consejo Directivo Universitario m\u00e1s espacios para el Ciclo Escolar 2025-2026"}]},{"@type":"WebSite","@id":"https:\/\/canal7slp.tv\/2025\/#website","url":"https:\/\/canal7slp.tv\/2025\/","name":"N7 - Noticieros Canal 7","description":"Somos el Medio","publisher":{"@id":"https:\/\/canal7slp.tv\/2025\/#organization"},"potentialAction":[{"@type":"SearchAction","target":{"@type":"EntryPoint","urlTemplate":"https:\/\/canal7slp.tv\/2025\/?s={search_term_string}"},"query-input":{"@type":"PropertyValueSpecification","valueRequired":true,"valueName":"search_term_string"}}],"inLanguage":"es"},{"@type":"Organization","@id":"https:\/\/canal7slp.tv\/2025\/#organization","name":"Noticieros Canal 7","url":"https:\/\/canal7slp.tv\/2025\/","logo":{"@type":"ImageObject","inLanguage":"es","@id":"https:\/\/canal7slp.tv\/2025\/#\/schema\/logo\/image\/","url":"https:\/\/canal7slp.tv\/2025\/wp-content\/uploads\/2021\/01\/logo-noticieros@2x.png","contentUrl":"https:\/\/canal7slp.tv\/2025\/wp-content\/uploads\/2021\/01\/logo-noticieros@2x.png","width":1017,"height":268,"caption":"Noticieros Canal 7"},"image":{"@id":"https:\/\/canal7slp.tv\/2025\/#\/schema\/logo\/image\/"},"sameAs":["https:\/\/www.facebook.com\/noticieroscanal7atencionciudadana\/","https:\/\/x.com\/NOTICIEROS7","https:\/\/www.instagram.com\/canal7_slp","https:\/\/www.youtube.com\/channel\/UCliiYs-gP3JfJeqdPrNdd5A"]},{"@type":"Person","@id":"https:\/\/canal7slp.tv\/2025\/#\/schema\/person\/271e2b60a96e7cc9d9ac296f4d7e414b","name":"Edici\u00f3n Web","image":{"@type":"ImageObject","inLanguage":"es","@id":"https:\/\/secure.gravatar.com\/avatar\/eee448fc3f7164808013b816ba91ac7e43bbe82a70bebac296f8bc6f0addaa1a?s=96&d=mm&r=g","url":"https:\/\/secure.gravatar.com\/avatar\/eee448fc3f7164808013b816ba91ac7e43bbe82a70bebac296f8bc6f0addaa1a?s=96&d=mm&r=g","contentUrl":"https:\/\/secure.gravatar.com\/avatar\/eee448fc3f7164808013b816ba91ac7e43bbe82a70bebac296f8bc6f0addaa1a?s=96&d=mm&r=g","caption":"Edici\u00f3n Web"},"url":"https:\/\/canal7slp.tv\/2025\/author\/edicionweb\/"}]}},"_links":{"self":[{"href":"https:\/\/canal7slp.tv\/2025\/wp-json\/wp\/v2\/posts\/171981","targetHints":{"allow":["GET"]}}],"collection":[{"href":"https:\/\/canal7slp.tv\/2025\/wp-json\/wp\/v2\/posts"}],"about":[{"href":"https:\/\/canal7slp.tv\/2025\/wp-json\/wp\/v2\/types\/post"}],"author":[{"embeddable":true,"href":"https:\/\/canal7slp.tv\/2025\/wp-json\/wp\/v2\/users\/2"}],"replies":[{"embeddable":true,"href":"https:\/\/canal7slp.tv\/2025\/wp-json\/wp\/v2\/comments?post=171981"}],"version-history":[{"count":1,"href":"https:\/\/canal7slp.tv\/2025\/wp-json\/wp\/v2\/posts\/171981\/revisions"}],"predecessor-version":[{"id":171984,"href":"https:\/\/canal7slp.tv\/2025\/wp-json\/wp\/v2\/posts\/171981\/revisions\/171984"}],"wp:featuredmedia":[{"embeddable":true,"href":"https:\/\/canal7slp.tv\/2025\/wp-json\/wp\/v2\/media\/171983"}],"wp:attachment":[{"href":"https:\/\/canal7slp.tv\/2025\/wp-json\/wp\/v2\/media?parent=171981"}],"wp:term":[{"taxonomy":"category","embeddable":true,"href":"https:\/\/canal7slp.tv\/2025\/wp-json\/wp\/v2\/categories?post=171981"},{"taxonomy":"post_tag","embeddable":true,"href":"https:\/\/canal7slp.tv\/2025\/wp-json\/wp\/v2\/tags?post=171981"}],"curies":[{"name":"wp","href":"https:\/\/api.w.org\/{rel}","templated":true}]}}