{"id":171978,"date":"2025-06-27T19:05:59","date_gmt":"2025-06-28T01:05:59","guid":{"rendered":"https:\/\/canal7slp.tv\/2025\/?p=171978"},"modified":"2025-06-27T19:05:59","modified_gmt":"2025-06-28T01:05:59","slug":"balacera-en-penal-de-aguaruto-deja-un-muerto-y-tres-heridos","status":"publish","type":"post","link":"https:\/\/canal7slp.tv\/2025\/balacera-en-penal-de-aguaruto-deja-un-muerto-y-tres-heridos\/","title":{"rendered":"Balacera en penal de Aguaruto deja un muerto y tres heridos"},"content":{"rendered":"<p style=\"text-align: justify;\">\n<p style=\"text-align: justify;\">Aguaruto.- Una intensa movilizaci\u00f3n de fuerzas de seguridad se registr\u00f3 este jueves en el Centro de Ejecuci\u00f3n de las Consecuencias Jur\u00eddicas del Delito, conocido como penal de Aguaruto, tras reportarse disparos dentro de las instalaciones.<\/p>\n<p style=\"text-align: justify;\">De acuerdo con la Secretar\u00eda de Seguridad P\u00fablica (SSP) de Sinaloa, el enfrentamiento ocurri\u00f3 en el \u00e1rea de patios, lo que activ\u00f3 de inmediato los protocolos de emergencia. Pedro Ad\u00e1n, de 33 a\u00f1os, perdi\u00f3 la vida, mientras que otros tres internos resultaron heridos por arma de fuego: Ernesto Alonso, de 30 a\u00f1os; Jonathan Isaac, de 29; y Raymundo, de 45.<\/p>\n<p style=\"text-align: justify;\">Elementos del Ej\u00e9rcito Mexicano, Guardia Nacional, SSP estatal y Polic\u00eda Estatal Preventiva ingresaron al centro penitenciario para asegurar la zona y realizar una revisi\u00f3n detallada.<\/p>\n<p style=\"text-align: justify;\">A las 18:00 horas, la SSP confirm\u00f3 el fallecimiento y las lesiones a trav\u00e9s de un comunicado en redes sociales. Asimismo, inform\u00f3 que la Direcci\u00f3n del Centro Penitenciario mantiene comunicaci\u00f3n con los familiares de las personas afectadas.<\/p>\n","protected":false},"excerpt":{"rendered":"<p>Aguaruto.- Una intensa movilizaci\u00f3n de fuerzas de seguridad se registr\u00f3 este jueves en el Centro de Ejecuci\u00f3n de las Consecuencias Jur\u00eddicas del Delito, conocido como penal de Aguaruto, tras reportarse disparos dentro de las instalaciones. De acuerdo con la Secretar\u00eda de Seguridad P\u00fablica (SSP) de Sinaloa, el enfrentamiento ocurri\u00f3 en el \u00e1rea de patios, lo que activ\u00f3 de inmediato los protocolos de emergencia. Pedro Ad\u00e1n, de 33 a\u00f1os, perdi\u00f3 la vida, mientras que otros tres internos resultaron heridos por arma de fuego: Ernesto Alonso, de 30 a\u00f1os; Jonathan Isaac, de 29; y Raymundo, de 45. Elementos del Ej\u00e9rcito Mexicano, Guardia [&hellip;]<\/p>\n","protected":false},"author":2,"featured_media":171979,"comment_status":"closed","ping_status":"closed","sticky":false,"template":"","format":"standard","meta":{"_monsterinsights_skip_tracking":false,"_monsterinsights_sitenote_active":false,"_monsterinsights_sitenote_note":"","_monsterinsights_sitenote_category":0,"footnotes":""},"categories":[46],"tags":[],"class_list":["post-171978","post","type-post","status-publish","format-standard","has-post-thumbnail","hentry","category-nacional","post--single"],"yoast_head":"<!-- This site is optimized with the Yoast SEO plugin v27.4 - https:\/\/yoast.com\/product\/yoast-seo-wordpress\/ -->\n<title>Balacera en penal de Aguaruto deja un muerto y tres heridos - Canal 7 SLP - 2025<\/title>\n<meta name=\"robots\" content=\"index, follow, max-snippet:-1, max-image-preview:large, max-video-preview:-1\" \/>\n<link rel=\"canonical\" href=\"https:\/\/canal7slp.tv\/2025\/balacera-en-penal-de-aguaruto-deja-un-muerto-y-tres-heridos\/\" \/>\n<meta property=\"og:locale\" content=\"es_ES\" \/>\n<meta property=\"og:type\" content=\"article\" \/>\n<meta property=\"og:title\" content=\"Balacera en penal de Aguaruto deja un muerto y tres heridos - Canal 7 SLP - 2025\" \/>\n<meta property=\"og:description\" content=\"Aguaruto.- Una intensa movilizaci\u00f3n de fuerzas de seguridad se registr\u00f3 este jueves en el Centro de Ejecuci\u00f3n de las Consecuencias Jur\u00eddicas del Delito, conocido como penal de Aguaruto, tras reportarse disparos dentro de las instalaciones. De acuerdo con la Secretar\u00eda de Seguridad P\u00fablica (SSP) de Sinaloa, el enfrentamiento ocurri\u00f3 en el \u00e1rea de patios, lo que activ\u00f3 de inmediato los protocolos de emergencia. Pedro Ad\u00e1n, de 33 a\u00f1os, perdi\u00f3 la vida, mientras que otros tres internos resultaron heridos por arma de fuego: Ernesto Alonso, de 30 a\u00f1os; Jonathan Isaac, de 29; y Raymundo, de 45. Elementos del Ej\u00e9rcito Mexicano, Guardia [&hellip;]\" \/>\n<meta property=\"og:url\" content=\"https:\/\/canal7slp.tv\/2025\/balacera-en-penal-de-aguaruto-deja-un-muerto-y-tres-heridos\/\" \/>\n<meta property=\"og:site_name\" content=\"Canal 7 SLP - 2025\" \/>\n<meta property=\"article:publisher\" content=\"https:\/\/www.facebook.com\/noticieroscanal7atencionciudadana\/\" \/>\n<meta property=\"article:published_time\" content=\"2025-06-28T01:05:59+00:00\" \/>\n<meta property=\"og:image\" content=\"https:\/\/canal7slp.tv\/2025\/wp-content\/uploads\/2025\/06\/19-1.jpg\" \/>\n\t<meta property=\"og:image:width\" content=\"888\" \/>\n\t<meta property=\"og:image:height\" content=\"500\" \/>\n\t<meta property=\"og:image:type\" content=\"image\/jpeg\" \/>\n<meta name=\"author\" content=\"Edici\u00f3n Web\" \/>\n<meta name=\"twitter:card\" content=\"summary_large_image\" \/>\n<meta name=\"twitter:creator\" content=\"@NOTICIEROS7\" \/>\n<meta name=\"twitter:site\" content=\"@NOTICIEROS7\" \/>\n<meta name=\"twitter:label1\" content=\"Escrito por\" \/>\n\t<meta name=\"twitter:data1\" content=\"Edici\u00f3n Web\" \/>\n\t<meta name=\"twitter:label2\" content=\"Tiempo de lectura\" \/>\n\t<meta name=\"twitter:data2\" content=\"1 minuto\" \/>\n<script type=\"application\/ld+json\" class=\"yoast-schema-graph\">{\"@context\":\"https:\\\/\\\/schema.org\",\"@graph\":[{\"@type\":\"Article\",\"@id\":\"https:\\\/\\\/canal7slp.tv\\\/2025\\\/balacera-en-penal-de-aguaruto-deja-un-muerto-y-tres-heridos\\\/#article\",\"isPartOf\":{\"@id\":\"https:\\\/\\\/canal7slp.tv\\\/2025\\\/balacera-en-penal-de-aguaruto-deja-un-muerto-y-tres-heridos\\\/\"},\"author\":{\"name\":\"Edici\u00f3n Web\",\"@id\":\"https:\\\/\\\/canal7slp.tv\\\/2025\\\/#\\\/schema\\\/person\\\/271e2b60a96e7cc9d9ac296f4d7e414b\"},\"headline\":\"Balacera en penal de Aguaruto deja un muerto y tres heridos\",\"datePublished\":\"2025-06-28T01:05:59+00:00\",\"mainEntityOfPage\":{\"@id\":\"https:\\\/\\\/canal7slp.tv\\\/2025\\\/balacera-en-penal-de-aguaruto-deja-un-muerto-y-tres-heridos\\\/\"},\"wordCount\":178,\"publisher\":{\"@id\":\"https:\\\/\\\/canal7slp.tv\\\/2025\\\/#organization\"},\"image\":{\"@id\":\"https:\\\/\\\/canal7slp.tv\\\/2025\\\/balacera-en-penal-de-aguaruto-deja-un-muerto-y-tres-heridos\\\/#primaryimage\"},\"thumbnailUrl\":\"https:\\\/\\\/canal7slp.tv\\\/2025\\\/wp-content\\\/uploads\\\/2025\\\/06\\\/19-1.jpg\",\"articleSection\":[\"NACIONALES\"],\"inLanguage\":\"es\"},{\"@type\":\"WebPage\",\"@id\":\"https:\\\/\\\/canal7slp.tv\\\/2025\\\/balacera-en-penal-de-aguaruto-deja-un-muerto-y-tres-heridos\\\/\",\"url\":\"https:\\\/\\\/canal7slp.tv\\\/2025\\\/balacera-en-penal-de-aguaruto-deja-un-muerto-y-tres-heridos\\\/\",\"name\":\"Balacera en penal de Aguaruto deja un muerto y tres heridos - Canal 7 SLP - 2025\",\"isPartOf\":{\"@id\":\"https:\\\/\\\/canal7slp.tv\\\/2025\\\/#website\"},\"primaryImageOfPage\":{\"@id\":\"https:\\\/\\\/canal7slp.tv\\\/2025\\\/balacera-en-penal-de-aguaruto-deja-un-muerto-y-tres-heridos\\\/#primaryimage\"},\"image\":{\"@id\":\"https:\\\/\\\/canal7slp.tv\\\/2025\\\/balacera-en-penal-de-aguaruto-deja-un-muerto-y-tres-heridos\\\/#primaryimage\"},\"thumbnailUrl\":\"https:\\\/\\\/canal7slp.tv\\\/2025\\\/wp-content\\\/uploads\\\/2025\\\/06\\\/19-1.jpg\",\"datePublished\":\"2025-06-28T01:05:59+00:00\",\"breadcrumb\":{\"@id\":\"https:\\\/\\\/canal7slp.tv\\\/2025\\\/balacera-en-penal-de-aguaruto-deja-un-muerto-y-tres-heridos\\\/#breadcrumb\"},\"inLanguage\":\"es\",\"potentialAction\":[{\"@type\":\"ReadAction\",\"target\":[\"https:\\\/\\\/canal7slp.tv\\\/2025\\\/balacera-en-penal-de-aguaruto-deja-un-muerto-y-tres-heridos\\\/\"]}]},{\"@type\":\"ImageObject\",\"inLanguage\":\"es\",\"@id\":\"https:\\\/\\\/canal7slp.tv\\\/2025\\\/balacera-en-penal-de-aguaruto-deja-un-muerto-y-tres-heridos\\\/#primaryimage\",\"url\":\"https:\\\/\\\/canal7slp.tv\\\/2025\\\/wp-content\\\/uploads\\\/2025\\\/06\\\/19-1.jpg\",\"contentUrl\":\"https:\\\/\\\/canal7slp.tv\\\/2025\\\/wp-content\\\/uploads\\\/2025\\\/06\\\/19-1.jpg\",\"width\":888,\"height\":500},{\"@type\":\"BreadcrumbList\",\"@id\":\"https:\\\/\\\/canal7slp.tv\\\/2025\\\/balacera-en-penal-de-aguaruto-deja-un-muerto-y-tres-heridos\\\/#breadcrumb\",\"itemListElement\":[{\"@type\":\"ListItem\",\"position\":1,\"name\":\"Portada\",\"item\":\"https:\\\/\\\/canal7slp.tv\\\/2025\\\/\"},{\"@type\":\"ListItem\",\"position\":2,\"name\":\"Balacera en penal de Aguaruto deja un muerto y tres heridos\"}]},{\"@type\":\"WebSite\",\"@id\":\"https:\\\/\\\/canal7slp.tv\\\/2025\\\/#website\",\"url\":\"https:\\\/\\\/canal7slp.tv\\\/2025\\\/\",\"name\":\"N7 - Noticieros Canal 7\",\"description\":\"Somos el Medio\",\"publisher\":{\"@id\":\"https:\\\/\\\/canal7slp.tv\\\/2025\\\/#organization\"},\"potentialAction\":[{\"@type\":\"SearchAction\",\"target\":{\"@type\":\"EntryPoint\",\"urlTemplate\":\"https:\\\/\\\/canal7slp.tv\\\/2025\\\/?s={search_term_string}\"},\"query-input\":{\"@type\":\"PropertyValueSpecification\",\"valueRequired\":true,\"valueName\":\"search_term_string\"}}],\"inLanguage\":\"es\"},{\"@type\":\"Organization\",\"@id\":\"https:\\\/\\\/canal7slp.tv\\\/2025\\\/#organization\",\"name\":\"Noticieros Canal 7\",\"url\":\"https:\\\/\\\/canal7slp.tv\\\/2025\\\/\",\"logo\":{\"@type\":\"ImageObject\",\"inLanguage\":\"es\",\"@id\":\"https:\\\/\\\/canal7slp.tv\\\/2025\\\/#\\\/schema\\\/logo\\\/image\\\/\",\"url\":\"https:\\\/\\\/canal7slp.tv\\\/2025\\\/wp-content\\\/uploads\\\/2021\\\/01\\\/logo-noticieros@2x.png\",\"contentUrl\":\"https:\\\/\\\/canal7slp.tv\\\/2025\\\/wp-content\\\/uploads\\\/2021\\\/01\\\/logo-noticieros@2x.png\",\"width\":1017,\"height\":268,\"caption\":\"Noticieros Canal 7\"},\"image\":{\"@id\":\"https:\\\/\\\/canal7slp.tv\\\/2025\\\/#\\\/schema\\\/logo\\\/image\\\/\"},\"sameAs\":[\"https:\\\/\\\/www.facebook.com\\\/noticieroscanal7atencionciudadana\\\/\",\"https:\\\/\\\/x.com\\\/NOTICIEROS7\",\"https:\\\/\\\/www.instagram.com\\\/canal7_slp\",\"https:\\\/\\\/www.youtube.com\\\/channel\\\/UCliiYs-gP3JfJeqdPrNdd5A\"]},{\"@type\":\"Person\",\"@id\":\"https:\\\/\\\/canal7slp.tv\\\/2025\\\/#\\\/schema\\\/person\\\/271e2b60a96e7cc9d9ac296f4d7e414b\",\"name\":\"Edici\u00f3n Web\",\"image\":{\"@type\":\"ImageObject\",\"inLanguage\":\"es\",\"@id\":\"https:\\\/\\\/secure.gravatar.com\\\/avatar\\\/eee448fc3f7164808013b816ba91ac7e43bbe82a70bebac296f8bc6f0addaa1a?s=96&d=mm&r=g\",\"url\":\"https:\\\/\\\/secure.gravatar.com\\\/avatar\\\/eee448fc3f7164808013b816ba91ac7e43bbe82a70bebac296f8bc6f0addaa1a?s=96&d=mm&r=g\",\"contentUrl\":\"https:\\\/\\\/secure.gravatar.com\\\/avatar\\\/eee448fc3f7164808013b816ba91ac7e43bbe82a70bebac296f8bc6f0addaa1a?s=96&d=mm&r=g\",\"caption\":\"Edici\u00f3n Web\"},\"url\":\"https:\\\/\\\/canal7slp.tv\\\/2025\\\/author\\\/edicionweb\\\/\"}]}<\/script>\n<!-- \/ Yoast SEO plugin. -->","yoast_head_json":{"title":"Balacera en penal de Aguaruto deja un muerto y tres heridos - Canal 7 SLP - 2025","robots":{"index":"index","follow":"follow","max-snippet":"max-snippet:-1","max-image-preview":"max-image-preview:large","max-video-preview":"max-video-preview:-1"},"canonical":"https:\/\/canal7slp.tv\/2025\/balacera-en-penal-de-aguaruto-deja-un-muerto-y-tres-heridos\/","og_locale":"es_ES","og_type":"article","og_title":"Balacera en penal de Aguaruto deja un muerto y tres heridos - Canal 7 SLP - 2025","og_description":"Aguaruto.- Una intensa movilizaci\u00f3n de fuerzas de seguridad se registr\u00f3 este jueves en el Centro de Ejecuci\u00f3n de las Consecuencias Jur\u00eddicas del Delito, conocido como penal de Aguaruto, tras reportarse disparos dentro de las instalaciones. De acuerdo con la Secretar\u00eda de Seguridad P\u00fablica (SSP) de Sinaloa, el enfrentamiento ocurri\u00f3 en el \u00e1rea de patios, lo que activ\u00f3 de inmediato los protocolos de emergencia. Pedro Ad\u00e1n, de 33 a\u00f1os, perdi\u00f3 la vida, mientras que otros tres internos resultaron heridos por arma de fuego: Ernesto Alonso, de 30 a\u00f1os; Jonathan Isaac, de 29; y Raymundo, de 45. Elementos del Ej\u00e9rcito Mexicano, Guardia [&hellip;]","og_url":"https:\/\/canal7slp.tv\/2025\/balacera-en-penal-de-aguaruto-deja-un-muerto-y-tres-heridos\/","og_site_name":"Canal 7 SLP - 2025","article_publisher":"https:\/\/www.facebook.com\/noticieroscanal7atencionciudadana\/","article_published_time":"2025-06-28T01:05:59+00:00","og_image":[{"width":888,"height":500,"url":"https:\/\/canal7slp.tv\/2025\/wp-content\/uploads\/2025\/06\/19-1.jpg","type":"image\/jpeg"}],"author":"Edici\u00f3n Web","twitter_card":"summary_large_image","twitter_creator":"@NOTICIEROS7","twitter_site":"@NOTICIEROS7","twitter_misc":{"Escrito por":"Edici\u00f3n Web","Tiempo de lectura":"1 minuto"},"schema":{"@context":"https:\/\/schema.org","@graph":[{"@type":"Article","@id":"https:\/\/canal7slp.tv\/2025\/balacera-en-penal-de-aguaruto-deja-un-muerto-y-tres-heridos\/#article","isPartOf":{"@id":"https:\/\/canal7slp.tv\/2025\/balacera-en-penal-de-aguaruto-deja-un-muerto-y-tres-heridos\/"},"author":{"name":"Edici\u00f3n Web","@id":"https:\/\/canal7slp.tv\/2025\/#\/schema\/person\/271e2b60a96e7cc9d9ac296f4d7e414b"},"headline":"Balacera en penal de Aguaruto deja un muerto y tres heridos","datePublished":"2025-06-28T01:05:59+00:00","mainEntityOfPage":{"@id":"https:\/\/canal7slp.tv\/2025\/balacera-en-penal-de-aguaruto-deja-un-muerto-y-tres-heridos\/"},"wordCount":178,"publisher":{"@id":"https:\/\/canal7slp.tv\/2025\/#organization"},"image":{"@id":"https:\/\/canal7slp.tv\/2025\/balacera-en-penal-de-aguaruto-deja-un-muerto-y-tres-heridos\/#primaryimage"},"thumbnailUrl":"https:\/\/canal7slp.tv\/2025\/wp-content\/uploads\/2025\/06\/19-1.jpg","articleSection":["NACIONALES"],"inLanguage":"es"},{"@type":"WebPage","@id":"https:\/\/canal7slp.tv\/2025\/balacera-en-penal-de-aguaruto-deja-un-muerto-y-tres-heridos\/","url":"https:\/\/canal7slp.tv\/2025\/balacera-en-penal-de-aguaruto-deja-un-muerto-y-tres-heridos\/","name":"Balacera en penal de Aguaruto deja un muerto y tres heridos - Canal 7 SLP - 2025","isPartOf":{"@id":"https:\/\/canal7slp.tv\/2025\/#website"},"primaryImageOfPage":{"@id":"https:\/\/canal7slp.tv\/2025\/balacera-en-penal-de-aguaruto-deja-un-muerto-y-tres-heridos\/#primaryimage"},"image":{"@id":"https:\/\/canal7slp.tv\/2025\/balacera-en-penal-de-aguaruto-deja-un-muerto-y-tres-heridos\/#primaryimage"},"thumbnailUrl":"https:\/\/canal7slp.tv\/2025\/wp-content\/uploads\/2025\/06\/19-1.jpg","datePublished":"2025-06-28T01:05:59+00:00","breadcrumb":{"@id":"https:\/\/canal7slp.tv\/2025\/balacera-en-penal-de-aguaruto-deja-un-muerto-y-tres-heridos\/#breadcrumb"},"inLanguage":"es","potentialAction":[{"@type":"ReadAction","target":["https:\/\/canal7slp.tv\/2025\/balacera-en-penal-de-aguaruto-deja-un-muerto-y-tres-heridos\/"]}]},{"@type":"ImageObject","inLanguage":"es","@id":"https:\/\/canal7slp.tv\/2025\/balacera-en-penal-de-aguaruto-deja-un-muerto-y-tres-heridos\/#primaryimage","url":"https:\/\/canal7slp.tv\/2025\/wp-content\/uploads\/2025\/06\/19-1.jpg","contentUrl":"https:\/\/canal7slp.tv\/2025\/wp-content\/uploads\/2025\/06\/19-1.jpg","width":888,"height":500},{"@type":"BreadcrumbList","@id":"https:\/\/canal7slp.tv\/2025\/balacera-en-penal-de-aguaruto-deja-un-muerto-y-tres-heridos\/#breadcrumb","itemListElement":[{"@type":"ListItem","position":1,"name":"Portada","item":"https:\/\/canal7slp.tv\/2025\/"},{"@type":"ListItem","position":2,"name":"Balacera en penal de Aguaruto deja un muerto y tres heridos"}]},{"@type":"WebSite","@id":"https:\/\/canal7slp.tv\/2025\/#website","url":"https:\/\/canal7slp.tv\/2025\/","name":"N7 - Noticieros Canal 7","description":"Somos el Medio","publisher":{"@id":"https:\/\/canal7slp.tv\/2025\/#organization"},"potentialAction":[{"@type":"SearchAction","target":{"@type":"EntryPoint","urlTemplate":"https:\/\/canal7slp.tv\/2025\/?s={search_term_string}"},"query-input":{"@type":"PropertyValueSpecification","valueRequired":true,"valueName":"search_term_string"}}],"inLanguage":"es"},{"@type":"Organization","@id":"https:\/\/canal7slp.tv\/2025\/#organization","name":"Noticieros Canal 7","url":"https:\/\/canal7slp.tv\/2025\/","logo":{"@type":"ImageObject","inLanguage":"es","@id":"https:\/\/canal7slp.tv\/2025\/#\/schema\/logo\/image\/","url":"https:\/\/canal7slp.tv\/2025\/wp-content\/uploads\/2021\/01\/logo-noticieros@2x.png","contentUrl":"https:\/\/canal7slp.tv\/2025\/wp-content\/uploads\/2021\/01\/logo-noticieros@2x.png","width":1017,"height":268,"caption":"Noticieros Canal 7"},"image":{"@id":"https:\/\/canal7slp.tv\/2025\/#\/schema\/logo\/image\/"},"sameAs":["https:\/\/www.facebook.com\/noticieroscanal7atencionciudadana\/","https:\/\/x.com\/NOTICIEROS7","https:\/\/www.instagram.com\/canal7_slp","https:\/\/www.youtube.com\/channel\/UCliiYs-gP3JfJeqdPrNdd5A"]},{"@type":"Person","@id":"https:\/\/canal7slp.tv\/2025\/#\/schema\/person\/271e2b60a96e7cc9d9ac296f4d7e414b","name":"Edici\u00f3n Web","image":{"@type":"ImageObject","inLanguage":"es","@id":"https:\/\/secure.gravatar.com\/avatar\/eee448fc3f7164808013b816ba91ac7e43bbe82a70bebac296f8bc6f0addaa1a?s=96&d=mm&r=g","url":"https:\/\/secure.gravatar.com\/avatar\/eee448fc3f7164808013b816ba91ac7e43bbe82a70bebac296f8bc6f0addaa1a?s=96&d=mm&r=g","contentUrl":"https:\/\/secure.gravatar.com\/avatar\/eee448fc3f7164808013b816ba91ac7e43bbe82a70bebac296f8bc6f0addaa1a?s=96&d=mm&r=g","caption":"Edici\u00f3n Web"},"url":"https:\/\/canal7slp.tv\/2025\/author\/edicionweb\/"}]}},"_links":{"self":[{"href":"https:\/\/canal7slp.tv\/2025\/wp-json\/wp\/v2\/posts\/171978","targetHints":{"allow":["GET"]}}],"collection":[{"href":"https:\/\/canal7slp.tv\/2025\/wp-json\/wp\/v2\/posts"}],"about":[{"href":"https:\/\/canal7slp.tv\/2025\/wp-json\/wp\/v2\/types\/post"}],"author":[{"embeddable":true,"href":"https:\/\/canal7slp.tv\/2025\/wp-json\/wp\/v2\/users\/2"}],"replies":[{"embeddable":true,"href":"https:\/\/canal7slp.tv\/2025\/wp-json\/wp\/v2\/comments?post=171978"}],"version-history":[{"count":1,"href":"https:\/\/canal7slp.tv\/2025\/wp-json\/wp\/v2\/posts\/171978\/revisions"}],"predecessor-version":[{"id":171980,"href":"https:\/\/canal7slp.tv\/2025\/wp-json\/wp\/v2\/posts\/171978\/revisions\/171980"}],"wp:featuredmedia":[{"embeddable":true,"href":"https:\/\/canal7slp.tv\/2025\/wp-json\/wp\/v2\/media\/171979"}],"wp:attachment":[{"href":"https:\/\/canal7slp.tv\/2025\/wp-json\/wp\/v2\/media?parent=171978"}],"wp:term":[{"taxonomy":"category","embeddable":true,"href":"https:\/\/canal7slp.tv\/2025\/wp-json\/wp\/v2\/categories?post=171978"},{"taxonomy":"post_tag","embeddable":true,"href":"https:\/\/canal7slp.tv\/2025\/wp-json\/wp\/v2\/tags?post=171978"}],"curies":[{"name":"wp","href":"https:\/\/api.w.org\/{rel}","templated":true}]}}