{"id":171975,"date":"2025-06-27T19:03:04","date_gmt":"2025-06-28T01:03:04","guid":{"rendered":"https:\/\/canal7slp.tv\/2025\/?p=171975"},"modified":"2025-06-27T19:03:04","modified_gmt":"2025-06-28T01:03:04","slug":"cesar-duarte-es-exonerado-por-corte-de-eua-en-caso-de-propiedades","status":"publish","type":"post","link":"https:\/\/canal7slp.tv\/2025\/cesar-duarte-es-exonerado-por-corte-de-eua-en-caso-de-propiedades\/","title":{"rendered":"C\u00e9sar Duarte es exonerado por Corte de EUA en caso de propiedades"},"content":{"rendered":"<p style=\"text-align: justify;\">\n<p style=\"text-align: justify;\">M\u00e9xico.- C\u00e9sar Horacio Duarte J\u00e1quez, exgobernador de Chihuahua, inform\u00f3 que una corte en Estados Unidos lo exoner\u00f3 de las acusaciones relacionadas con la presunta adquisici\u00f3n de 50 propiedades en ese pa\u00eds, las cuales fueron promovidas durante la administraci\u00f3n de su sucesor, Javier Corral Jurado.<\/p>\n<p style=\"text-align: justify;\">El exmandatario asegur\u00f3 que la decisi\u00f3n judicial demuestra la falta de sustento legal de las denuncias, ya que no se comprob\u00f3 la existencia de bienes a su nombre ni desv\u00edos de recursos p\u00fablicos.<\/p>\n<p style=\"text-align: justify;\">Duarte se\u00f1al\u00f3 que las acusaciones inclu\u00edan supuestas propiedades por un valor de 25 millones de d\u00f3lares, entre ellas un departamento que fue rentado por su hermano hace tres d\u00e9cadas para que sus hijos pudieran estudiar en Estados Unidos. Agreg\u00f3 que, durante el juicio, el propietario leg\u00edtimo del inmueble testific\u00f3, confirmando que el departamento ha sido arrendado a estudiantes y no tiene v\u00ednculo con \u00e9l ni con su familia.<\/p>\n<p style=\"text-align: justify;\">\u201cNos investigaron a fondo y se comprob\u00f3 que mi familia y yo solo tenemos una propiedad en Estados Unidos, adquirida mediante cr\u00e9dito\u201d, puntualiz\u00f3. Agradeci\u00f3 que la investigaci\u00f3n se realizara en el extranjero, donde se demostr\u00f3 la falsedad de las imputaciones.<\/p>\n<p style=\"text-align: justify;\">Tambi\u00e9n critic\u00f3 que se haya requerido una resoluci\u00f3n internacional para demostrar lo que calific\u00f3 como una persecuci\u00f3n pol\u00edtica por parte de Javier Corral, a quien acus\u00f3 de utilizar recursos p\u00fablicos para llevar a cabo una campa\u00f1a de desprestigio en su contra.<\/p>\n<p style=\"text-align: justify;\">Finalmente, Duarte anunci\u00f3 que emprender\u00e1 acciones legales contra Corral por los da\u00f1os ocasionados a su persona y su familia.<\/p>\n","protected":false},"excerpt":{"rendered":"<p>M\u00e9xico.- C\u00e9sar Horacio Duarte J\u00e1quez, exgobernador de Chihuahua, inform\u00f3 que una corte en Estados Unidos lo exoner\u00f3 de las acusaciones relacionadas con la presunta adquisici\u00f3n de 50 propiedades en ese pa\u00eds, las cuales fueron promovidas durante la administraci\u00f3n de su sucesor, Javier Corral Jurado. El exmandatario asegur\u00f3 que la decisi\u00f3n judicial demuestra la falta de sustento legal de las denuncias, ya que no se comprob\u00f3 la existencia de bienes a su nombre ni desv\u00edos de recursos p\u00fablicos. Duarte se\u00f1al\u00f3 que las acusaciones inclu\u00edan supuestas propiedades por un valor de 25 millones de d\u00f3lares, entre ellas un departamento que fue rentado [&hellip;]<\/p>\n","protected":false},"author":2,"featured_media":171976,"comment_status":"closed","ping_status":"closed","sticky":false,"template":"","format":"standard","meta":{"_monsterinsights_skip_tracking":false,"_monsterinsights_sitenote_active":false,"_monsterinsights_sitenote_note":"","_monsterinsights_sitenote_category":0,"footnotes":""},"categories":[46],"tags":[],"class_list":["post-171975","post","type-post","status-publish","format-standard","has-post-thumbnail","hentry","category-nacional","post--single"],"yoast_head":"<!-- This site is optimized with the Yoast SEO plugin v27.5 - https:\/\/yoast.com\/product\/yoast-seo-wordpress\/ -->\n<title>C\u00e9sar Duarte es exonerado por Corte de EUA en caso de propiedades - Canal 7 SLP - 2025<\/title>\n<meta name=\"robots\" content=\"index, follow, max-snippet:-1, max-image-preview:large, max-video-preview:-1\" \/>\n<link rel=\"canonical\" href=\"https:\/\/canal7slp.tv\/2025\/cesar-duarte-es-exonerado-por-corte-de-eua-en-caso-de-propiedades\/\" \/>\n<meta property=\"og:locale\" content=\"es_ES\" \/>\n<meta property=\"og:type\" content=\"article\" \/>\n<meta property=\"og:title\" content=\"C\u00e9sar Duarte es exonerado por Corte de EUA en caso de propiedades - Canal 7 SLP - 2025\" \/>\n<meta property=\"og:description\" content=\"M\u00e9xico.- C\u00e9sar Horacio Duarte J\u00e1quez, exgobernador de Chihuahua, inform\u00f3 que una corte en Estados Unidos lo exoner\u00f3 de las acusaciones relacionadas con la presunta adquisici\u00f3n de 50 propiedades en ese pa\u00eds, las cuales fueron promovidas durante la administraci\u00f3n de su sucesor, Javier Corral Jurado. El exmandatario asegur\u00f3 que la decisi\u00f3n judicial demuestra la falta de sustento legal de las denuncias, ya que no se comprob\u00f3 la existencia de bienes a su nombre ni desv\u00edos de recursos p\u00fablicos. Duarte se\u00f1al\u00f3 que las acusaciones inclu\u00edan supuestas propiedades por un valor de 25 millones de d\u00f3lares, entre ellas un departamento que fue rentado [&hellip;]\" \/>\n<meta property=\"og:url\" content=\"https:\/\/canal7slp.tv\/2025\/cesar-duarte-es-exonerado-por-corte-de-eua-en-caso-de-propiedades\/\" \/>\n<meta property=\"og:site_name\" content=\"Canal 7 SLP - 2025\" \/>\n<meta property=\"article:publisher\" content=\"https:\/\/www.facebook.com\/noticieroscanal7atencionciudadana\/\" \/>\n<meta property=\"article:published_time\" content=\"2025-06-28T01:03:04+00:00\" \/>\n<meta property=\"og:image\" content=\"https:\/\/canal7slp.tv\/2025\/wp-content\/uploads\/2025\/06\/18-1.jpg\" \/>\n\t<meta property=\"og:image:width\" content=\"825\" \/>\n\t<meta property=\"og:image:height\" content=\"500\" \/>\n\t<meta property=\"og:image:type\" content=\"image\/jpeg\" \/>\n<meta name=\"author\" content=\"Edici\u00f3n Web\" \/>\n<meta name=\"twitter:card\" content=\"summary_large_image\" \/>\n<meta name=\"twitter:creator\" content=\"@NOTICIEROS7\" \/>\n<meta name=\"twitter:site\" content=\"@NOTICIEROS7\" \/>\n<meta name=\"twitter:label1\" content=\"Escrito por\" \/>\n\t<meta name=\"twitter:data1\" content=\"Edici\u00f3n Web\" \/>\n\t<meta name=\"twitter:label2\" content=\"Tiempo de lectura\" \/>\n\t<meta name=\"twitter:data2\" content=\"2 minutos\" \/>\n<script type=\"application\/ld+json\" class=\"yoast-schema-graph\">{\"@context\":\"https:\\\/\\\/schema.org\",\"@graph\":[{\"@type\":\"Article\",\"@id\":\"https:\\\/\\\/canal7slp.tv\\\/2025\\\/cesar-duarte-es-exonerado-por-corte-de-eua-en-caso-de-propiedades\\\/#article\",\"isPartOf\":{\"@id\":\"https:\\\/\\\/canal7slp.tv\\\/2025\\\/cesar-duarte-es-exonerado-por-corte-de-eua-en-caso-de-propiedades\\\/\"},\"author\":{\"name\":\"Edici\u00f3n Web\",\"@id\":\"https:\\\/\\\/canal7slp.tv\\\/2025\\\/#\\\/schema\\\/person\\\/271e2b60a96e7cc9d9ac296f4d7e414b\"},\"headline\":\"C\u00e9sar Duarte es exonerado por Corte de EUA en caso de propiedades\",\"datePublished\":\"2025-06-28T01:03:04+00:00\",\"mainEntityOfPage\":{\"@id\":\"https:\\\/\\\/canal7slp.tv\\\/2025\\\/cesar-duarte-es-exonerado-por-corte-de-eua-en-caso-de-propiedades\\\/\"},\"wordCount\":281,\"publisher\":{\"@id\":\"https:\\\/\\\/canal7slp.tv\\\/2025\\\/#organization\"},\"image\":{\"@id\":\"https:\\\/\\\/canal7slp.tv\\\/2025\\\/cesar-duarte-es-exonerado-por-corte-de-eua-en-caso-de-propiedades\\\/#primaryimage\"},\"thumbnailUrl\":\"https:\\\/\\\/canal7slp.tv\\\/2025\\\/wp-content\\\/uploads\\\/2025\\\/06\\\/18-1.jpg\",\"articleSection\":[\"NACIONALES\"],\"inLanguage\":\"es\"},{\"@type\":\"WebPage\",\"@id\":\"https:\\\/\\\/canal7slp.tv\\\/2025\\\/cesar-duarte-es-exonerado-por-corte-de-eua-en-caso-de-propiedades\\\/\",\"url\":\"https:\\\/\\\/canal7slp.tv\\\/2025\\\/cesar-duarte-es-exonerado-por-corte-de-eua-en-caso-de-propiedades\\\/\",\"name\":\"C\u00e9sar Duarte es exonerado por Corte de EUA en caso de propiedades - Canal 7 SLP - 2025\",\"isPartOf\":{\"@id\":\"https:\\\/\\\/canal7slp.tv\\\/2025\\\/#website\"},\"primaryImageOfPage\":{\"@id\":\"https:\\\/\\\/canal7slp.tv\\\/2025\\\/cesar-duarte-es-exonerado-por-corte-de-eua-en-caso-de-propiedades\\\/#primaryimage\"},\"image\":{\"@id\":\"https:\\\/\\\/canal7slp.tv\\\/2025\\\/cesar-duarte-es-exonerado-por-corte-de-eua-en-caso-de-propiedades\\\/#primaryimage\"},\"thumbnailUrl\":\"https:\\\/\\\/canal7slp.tv\\\/2025\\\/wp-content\\\/uploads\\\/2025\\\/06\\\/18-1.jpg\",\"datePublished\":\"2025-06-28T01:03:04+00:00\",\"breadcrumb\":{\"@id\":\"https:\\\/\\\/canal7slp.tv\\\/2025\\\/cesar-duarte-es-exonerado-por-corte-de-eua-en-caso-de-propiedades\\\/#breadcrumb\"},\"inLanguage\":\"es\",\"potentialAction\":[{\"@type\":\"ReadAction\",\"target\":[\"https:\\\/\\\/canal7slp.tv\\\/2025\\\/cesar-duarte-es-exonerado-por-corte-de-eua-en-caso-de-propiedades\\\/\"]}]},{\"@type\":\"ImageObject\",\"inLanguage\":\"es\",\"@id\":\"https:\\\/\\\/canal7slp.tv\\\/2025\\\/cesar-duarte-es-exonerado-por-corte-de-eua-en-caso-de-propiedades\\\/#primaryimage\",\"url\":\"https:\\\/\\\/canal7slp.tv\\\/2025\\\/wp-content\\\/uploads\\\/2025\\\/06\\\/18-1.jpg\",\"contentUrl\":\"https:\\\/\\\/canal7slp.tv\\\/2025\\\/wp-content\\\/uploads\\\/2025\\\/06\\\/18-1.jpg\",\"width\":825,\"height\":500},{\"@type\":\"BreadcrumbList\",\"@id\":\"https:\\\/\\\/canal7slp.tv\\\/2025\\\/cesar-duarte-es-exonerado-por-corte-de-eua-en-caso-de-propiedades\\\/#breadcrumb\",\"itemListElement\":[{\"@type\":\"ListItem\",\"position\":1,\"name\":\"Portada\",\"item\":\"https:\\\/\\\/canal7slp.tv\\\/2025\\\/\"},{\"@type\":\"ListItem\",\"position\":2,\"name\":\"C\u00e9sar Duarte es exonerado por Corte de EUA en caso de propiedades\"}]},{\"@type\":\"WebSite\",\"@id\":\"https:\\\/\\\/canal7slp.tv\\\/2025\\\/#website\",\"url\":\"https:\\\/\\\/canal7slp.tv\\\/2025\\\/\",\"name\":\"N7 - Noticieros Canal 7\",\"description\":\"Somos el Medio\",\"publisher\":{\"@id\":\"https:\\\/\\\/canal7slp.tv\\\/2025\\\/#organization\"},\"potentialAction\":[{\"@type\":\"SearchAction\",\"target\":{\"@type\":\"EntryPoint\",\"urlTemplate\":\"https:\\\/\\\/canal7slp.tv\\\/2025\\\/?s={search_term_string}\"},\"query-input\":{\"@type\":\"PropertyValueSpecification\",\"valueRequired\":true,\"valueName\":\"search_term_string\"}}],\"inLanguage\":\"es\"},{\"@type\":\"Organization\",\"@id\":\"https:\\\/\\\/canal7slp.tv\\\/2025\\\/#organization\",\"name\":\"Noticieros Canal 7\",\"url\":\"https:\\\/\\\/canal7slp.tv\\\/2025\\\/\",\"logo\":{\"@type\":\"ImageObject\",\"inLanguage\":\"es\",\"@id\":\"https:\\\/\\\/canal7slp.tv\\\/2025\\\/#\\\/schema\\\/logo\\\/image\\\/\",\"url\":\"https:\\\/\\\/canal7slp.tv\\\/2025\\\/wp-content\\\/uploads\\\/2021\\\/01\\\/logo-noticieros@2x.png\",\"contentUrl\":\"https:\\\/\\\/canal7slp.tv\\\/2025\\\/wp-content\\\/uploads\\\/2021\\\/01\\\/logo-noticieros@2x.png\",\"width\":1017,\"height\":268,\"caption\":\"Noticieros Canal 7\"},\"image\":{\"@id\":\"https:\\\/\\\/canal7slp.tv\\\/2025\\\/#\\\/schema\\\/logo\\\/image\\\/\"},\"sameAs\":[\"https:\\\/\\\/www.facebook.com\\\/noticieroscanal7atencionciudadana\\\/\",\"https:\\\/\\\/x.com\\\/NOTICIEROS7\",\"https:\\\/\\\/www.instagram.com\\\/canal7_slp\",\"https:\\\/\\\/www.youtube.com\\\/channel\\\/UCliiYs-gP3JfJeqdPrNdd5A\"]},{\"@type\":\"Person\",\"@id\":\"https:\\\/\\\/canal7slp.tv\\\/2025\\\/#\\\/schema\\\/person\\\/271e2b60a96e7cc9d9ac296f4d7e414b\",\"name\":\"Edici\u00f3n Web\",\"image\":{\"@type\":\"ImageObject\",\"inLanguage\":\"es\",\"@id\":\"https:\\\/\\\/secure.gravatar.com\\\/avatar\\\/eee448fc3f7164808013b816ba91ac7e43bbe82a70bebac296f8bc6f0addaa1a?s=96&d=mm&r=g\",\"url\":\"https:\\\/\\\/secure.gravatar.com\\\/avatar\\\/eee448fc3f7164808013b816ba91ac7e43bbe82a70bebac296f8bc6f0addaa1a?s=96&d=mm&r=g\",\"contentUrl\":\"https:\\\/\\\/secure.gravatar.com\\\/avatar\\\/eee448fc3f7164808013b816ba91ac7e43bbe82a70bebac296f8bc6f0addaa1a?s=96&d=mm&r=g\",\"caption\":\"Edici\u00f3n Web\"},\"url\":\"https:\\\/\\\/canal7slp.tv\\\/2025\\\/author\\\/edicionweb\\\/\"}]}<\/script>\n<!-- \/ Yoast SEO plugin. -->","yoast_head_json":{"title":"C\u00e9sar Duarte es exonerado por Corte de EUA en caso de propiedades - Canal 7 SLP - 2025","robots":{"index":"index","follow":"follow","max-snippet":"max-snippet:-1","max-image-preview":"max-image-preview:large","max-video-preview":"max-video-preview:-1"},"canonical":"https:\/\/canal7slp.tv\/2025\/cesar-duarte-es-exonerado-por-corte-de-eua-en-caso-de-propiedades\/","og_locale":"es_ES","og_type":"article","og_title":"C\u00e9sar Duarte es exonerado por Corte de EUA en caso de propiedades - Canal 7 SLP - 2025","og_description":"M\u00e9xico.- C\u00e9sar Horacio Duarte J\u00e1quez, exgobernador de Chihuahua, inform\u00f3 que una corte en Estados Unidos lo exoner\u00f3 de las acusaciones relacionadas con la presunta adquisici\u00f3n de 50 propiedades en ese pa\u00eds, las cuales fueron promovidas durante la administraci\u00f3n de su sucesor, Javier Corral Jurado. El exmandatario asegur\u00f3 que la decisi\u00f3n judicial demuestra la falta de sustento legal de las denuncias, ya que no se comprob\u00f3 la existencia de bienes a su nombre ni desv\u00edos de recursos p\u00fablicos. Duarte se\u00f1al\u00f3 que las acusaciones inclu\u00edan supuestas propiedades por un valor de 25 millones de d\u00f3lares, entre ellas un departamento que fue rentado [&hellip;]","og_url":"https:\/\/canal7slp.tv\/2025\/cesar-duarte-es-exonerado-por-corte-de-eua-en-caso-de-propiedades\/","og_site_name":"Canal 7 SLP - 2025","article_publisher":"https:\/\/www.facebook.com\/noticieroscanal7atencionciudadana\/","article_published_time":"2025-06-28T01:03:04+00:00","og_image":[{"width":825,"height":500,"url":"https:\/\/canal7slp.tv\/2025\/wp-content\/uploads\/2025\/06\/18-1.jpg","type":"image\/jpeg"}],"author":"Edici\u00f3n Web","twitter_card":"summary_large_image","twitter_creator":"@NOTICIEROS7","twitter_site":"@NOTICIEROS7","twitter_misc":{"Escrito por":"Edici\u00f3n Web","Tiempo de lectura":"2 minutos"},"schema":{"@context":"https:\/\/schema.org","@graph":[{"@type":"Article","@id":"https:\/\/canal7slp.tv\/2025\/cesar-duarte-es-exonerado-por-corte-de-eua-en-caso-de-propiedades\/#article","isPartOf":{"@id":"https:\/\/canal7slp.tv\/2025\/cesar-duarte-es-exonerado-por-corte-de-eua-en-caso-de-propiedades\/"},"author":{"name":"Edici\u00f3n Web","@id":"https:\/\/canal7slp.tv\/2025\/#\/schema\/person\/271e2b60a96e7cc9d9ac296f4d7e414b"},"headline":"C\u00e9sar Duarte es exonerado por Corte de EUA en caso de propiedades","datePublished":"2025-06-28T01:03:04+00:00","mainEntityOfPage":{"@id":"https:\/\/canal7slp.tv\/2025\/cesar-duarte-es-exonerado-por-corte-de-eua-en-caso-de-propiedades\/"},"wordCount":281,"publisher":{"@id":"https:\/\/canal7slp.tv\/2025\/#organization"},"image":{"@id":"https:\/\/canal7slp.tv\/2025\/cesar-duarte-es-exonerado-por-corte-de-eua-en-caso-de-propiedades\/#primaryimage"},"thumbnailUrl":"https:\/\/canal7slp.tv\/2025\/wp-content\/uploads\/2025\/06\/18-1.jpg","articleSection":["NACIONALES"],"inLanguage":"es"},{"@type":"WebPage","@id":"https:\/\/canal7slp.tv\/2025\/cesar-duarte-es-exonerado-por-corte-de-eua-en-caso-de-propiedades\/","url":"https:\/\/canal7slp.tv\/2025\/cesar-duarte-es-exonerado-por-corte-de-eua-en-caso-de-propiedades\/","name":"C\u00e9sar Duarte es exonerado por Corte de EUA en caso de propiedades - Canal 7 SLP - 2025","isPartOf":{"@id":"https:\/\/canal7slp.tv\/2025\/#website"},"primaryImageOfPage":{"@id":"https:\/\/canal7slp.tv\/2025\/cesar-duarte-es-exonerado-por-corte-de-eua-en-caso-de-propiedades\/#primaryimage"},"image":{"@id":"https:\/\/canal7slp.tv\/2025\/cesar-duarte-es-exonerado-por-corte-de-eua-en-caso-de-propiedades\/#primaryimage"},"thumbnailUrl":"https:\/\/canal7slp.tv\/2025\/wp-content\/uploads\/2025\/06\/18-1.jpg","datePublished":"2025-06-28T01:03:04+00:00","breadcrumb":{"@id":"https:\/\/canal7slp.tv\/2025\/cesar-duarte-es-exonerado-por-corte-de-eua-en-caso-de-propiedades\/#breadcrumb"},"inLanguage":"es","potentialAction":[{"@type":"ReadAction","target":["https:\/\/canal7slp.tv\/2025\/cesar-duarte-es-exonerado-por-corte-de-eua-en-caso-de-propiedades\/"]}]},{"@type":"ImageObject","inLanguage":"es","@id":"https:\/\/canal7slp.tv\/2025\/cesar-duarte-es-exonerado-por-corte-de-eua-en-caso-de-propiedades\/#primaryimage","url":"https:\/\/canal7slp.tv\/2025\/wp-content\/uploads\/2025\/06\/18-1.jpg","contentUrl":"https:\/\/canal7slp.tv\/2025\/wp-content\/uploads\/2025\/06\/18-1.jpg","width":825,"height":500},{"@type":"BreadcrumbList","@id":"https:\/\/canal7slp.tv\/2025\/cesar-duarte-es-exonerado-por-corte-de-eua-en-caso-de-propiedades\/#breadcrumb","itemListElement":[{"@type":"ListItem","position":1,"name":"Portada","item":"https:\/\/canal7slp.tv\/2025\/"},{"@type":"ListItem","position":2,"name":"C\u00e9sar Duarte es exonerado por Corte de EUA en caso de propiedades"}]},{"@type":"WebSite","@id":"https:\/\/canal7slp.tv\/2025\/#website","url":"https:\/\/canal7slp.tv\/2025\/","name":"N7 - Noticieros Canal 7","description":"Somos el Medio","publisher":{"@id":"https:\/\/canal7slp.tv\/2025\/#organization"},"potentialAction":[{"@type":"SearchAction","target":{"@type":"EntryPoint","urlTemplate":"https:\/\/canal7slp.tv\/2025\/?s={search_term_string}"},"query-input":{"@type":"PropertyValueSpecification","valueRequired":true,"valueName":"search_term_string"}}],"inLanguage":"es"},{"@type":"Organization","@id":"https:\/\/canal7slp.tv\/2025\/#organization","name":"Noticieros Canal 7","url":"https:\/\/canal7slp.tv\/2025\/","logo":{"@type":"ImageObject","inLanguage":"es","@id":"https:\/\/canal7slp.tv\/2025\/#\/schema\/logo\/image\/","url":"https:\/\/canal7slp.tv\/2025\/wp-content\/uploads\/2021\/01\/logo-noticieros@2x.png","contentUrl":"https:\/\/canal7slp.tv\/2025\/wp-content\/uploads\/2021\/01\/logo-noticieros@2x.png","width":1017,"height":268,"caption":"Noticieros Canal 7"},"image":{"@id":"https:\/\/canal7slp.tv\/2025\/#\/schema\/logo\/image\/"},"sameAs":["https:\/\/www.facebook.com\/noticieroscanal7atencionciudadana\/","https:\/\/x.com\/NOTICIEROS7","https:\/\/www.instagram.com\/canal7_slp","https:\/\/www.youtube.com\/channel\/UCliiYs-gP3JfJeqdPrNdd5A"]},{"@type":"Person","@id":"https:\/\/canal7slp.tv\/2025\/#\/schema\/person\/271e2b60a96e7cc9d9ac296f4d7e414b","name":"Edici\u00f3n Web","image":{"@type":"ImageObject","inLanguage":"es","@id":"https:\/\/secure.gravatar.com\/avatar\/eee448fc3f7164808013b816ba91ac7e43bbe82a70bebac296f8bc6f0addaa1a?s=96&d=mm&r=g","url":"https:\/\/secure.gravatar.com\/avatar\/eee448fc3f7164808013b816ba91ac7e43bbe82a70bebac296f8bc6f0addaa1a?s=96&d=mm&r=g","contentUrl":"https:\/\/secure.gravatar.com\/avatar\/eee448fc3f7164808013b816ba91ac7e43bbe82a70bebac296f8bc6f0addaa1a?s=96&d=mm&r=g","caption":"Edici\u00f3n Web"},"url":"https:\/\/canal7slp.tv\/2025\/author\/edicionweb\/"}]}},"_links":{"self":[{"href":"https:\/\/canal7slp.tv\/2025\/wp-json\/wp\/v2\/posts\/171975","targetHints":{"allow":["GET"]}}],"collection":[{"href":"https:\/\/canal7slp.tv\/2025\/wp-json\/wp\/v2\/posts"}],"about":[{"href":"https:\/\/canal7slp.tv\/2025\/wp-json\/wp\/v2\/types\/post"}],"author":[{"embeddable":true,"href":"https:\/\/canal7slp.tv\/2025\/wp-json\/wp\/v2\/users\/2"}],"replies":[{"embeddable":true,"href":"https:\/\/canal7slp.tv\/2025\/wp-json\/wp\/v2\/comments?post=171975"}],"version-history":[{"count":1,"href":"https:\/\/canal7slp.tv\/2025\/wp-json\/wp\/v2\/posts\/171975\/revisions"}],"predecessor-version":[{"id":171977,"href":"https:\/\/canal7slp.tv\/2025\/wp-json\/wp\/v2\/posts\/171975\/revisions\/171977"}],"wp:featuredmedia":[{"embeddable":true,"href":"https:\/\/canal7slp.tv\/2025\/wp-json\/wp\/v2\/media\/171976"}],"wp:attachment":[{"href":"https:\/\/canal7slp.tv\/2025\/wp-json\/wp\/v2\/media?parent=171975"}],"wp:term":[{"taxonomy":"category","embeddable":true,"href":"https:\/\/canal7slp.tv\/2025\/wp-json\/wp\/v2\/categories?post=171975"},{"taxonomy":"post_tag","embeddable":true,"href":"https:\/\/canal7slp.tv\/2025\/wp-json\/wp\/v2\/tags?post=171975"}],"curies":[{"name":"wp","href":"https:\/\/api.w.org\/{rel}","templated":true}]}}