{"id":171788,"date":"2025-06-26T16:50:47","date_gmt":"2025-06-26T22:50:47","guid":{"rendered":"https:\/\/canal7slp.tv\/2025\/?p=171788"},"modified":"2025-06-26T16:50:47","modified_gmt":"2025-06-26T22:50:47","slug":"por-temporada-de-lluvias-los-accidentes-vehiculares-van-al-alza-en-sgs","status":"publish","type":"post","link":"https:\/\/canal7slp.tv\/2025\/por-temporada-de-lluvias-los-accidentes-vehiculares-van-al-alza-en-sgs\/","title":{"rendered":"Por temporada de lluvias los accidentes vehiculares van al alza en SGS"},"content":{"rendered":"<p style=\"text-align: justify;\">SGS.- Debido a la temporada de lluvias e imprudencia de los conductores los accidentes vehiculares van al alza en Soledad de Graciano S\u00e1nchez, as\u00ed lo hizo saber el director de Protecci\u00f3n Civil, Mart\u00edn Bravo Galicia.<\/p>\n<p style=\"text-align: justify;\">\u201cLos que s\u00ed tambi\u00e9n se ha incrementado un poco son los accidentes vehiculares donde ha intervenido el equipo de emergencia, tambi\u00e9n hemos estado por ah\u00ed al pendiente\u201d.<\/p>\n<p style=\"text-align: justify;\">Diariamente se tienen m\u00e1s de cinco hechos.<\/p>\n<p style=\"text-align: justify;\">\u201cTenemos un aproximado de seis a siete, incluso hasta 10 diarios (\u2026) atend\u00edamos un promedio de cinco o seis, ahorita con la lluvia s\u00ed se ha in crementado, pues hablamos de un 40, casi 50% de atenciones\u201d.<\/p>\n<p style=\"text-align: justify;\">Los accidentes se focalizan en conductores de motocicletas.<\/p>\n<p style=\"text-align: justify;\">\u201cMal manejo, piso mojado, las prisas sobre todo y lamentablemente yo siempre he se\u00f1alado, el mayor n\u00famero de intervenciones son motociclistas (\u2026) de todos los accidentes que atiende la unidad de emergencia es un 70 el que se ve involucrados motociclistas, s\u00ed es alto\u201d.<\/p>\n<p style=\"text-align: justify;\">Dijo que mediante capacitaciones brindadas por la Secretar\u00eda de Salud, se busca que los operadores de emergencia est\u00e9n preparados para atender este tipo de incidentes.<\/p>\n<p style=\"text-align: justify;\">\u201cMandaremos a los chicos a que se capaciten y que tambi\u00e9n sean ense\u00f1ados a estabilizar a veces hasta el mismo estr\u00e9s del momento en los accidentes\u201d.<\/p>\n<p>Por: Juan Carlos Contreras<\/p>\n","protected":false},"excerpt":{"rendered":"<p>SGS.- Debido a la temporada de lluvias e imprudencia de los conductores los accidentes vehiculares van al alza en Soledad de Graciano S\u00e1nchez, as\u00ed lo hizo saber el director de Protecci\u00f3n Civil, Mart\u00edn Bravo Galicia. \u201cLos que s\u00ed tambi\u00e9n se ha incrementado un poco son los accidentes vehiculares donde ha intervenido el equipo de emergencia, tambi\u00e9n hemos estado por ah\u00ed al pendiente\u201d. Diariamente se tienen m\u00e1s de cinco hechos. \u201cTenemos un aproximado de seis a siete, incluso hasta 10 diarios (\u2026) atend\u00edamos un promedio de cinco o seis, ahorita con la lluvia s\u00ed se ha in crementado, pues hablamos de [&hellip;]<\/p>\n","protected":false},"author":2,"featured_media":171801,"comment_status":"closed","ping_status":"closed","sticky":false,"template":"","format":"video","meta":{"_monsterinsights_skip_tracking":false,"_monsterinsights_sitenote_active":false,"_monsterinsights_sitenote_note":"","_monsterinsights_sitenote_category":0,"footnotes":""},"categories":[512,5,45],"tags":[],"class_list":["post-171788","post","type-post","status-publish","format-video","has-post-thumbnail","hentry","category-ayosgs","category-destacadas","category-localesyregionales","post_format-post-format-video","post--single"],"yoast_head":"<!-- This site is optimized with the Yoast SEO plugin v27.4 - https:\/\/yoast.com\/product\/yoast-seo-wordpress\/ -->\n<title>Por temporada de lluvias los accidentes vehiculares van al alza en SGS - Canal 7 SLP - 2025<\/title>\n<meta name=\"robots\" content=\"index, follow, max-snippet:-1, max-image-preview:large, max-video-preview:-1\" \/>\n<link rel=\"canonical\" href=\"https:\/\/canal7slp.tv\/2025\/por-temporada-de-lluvias-los-accidentes-vehiculares-van-al-alza-en-sgs\/\" \/>\n<meta property=\"og:locale\" content=\"es_ES\" \/>\n<meta property=\"og:type\" content=\"article\" \/>\n<meta property=\"og:title\" content=\"Por temporada de lluvias los accidentes vehiculares van al alza en SGS - Canal 7 SLP - 2025\" \/>\n<meta property=\"og:description\" content=\"SGS.- Debido a la temporada de lluvias e imprudencia de los conductores los accidentes vehiculares van al alza en Soledad de Graciano S\u00e1nchez, as\u00ed lo hizo saber el director de Protecci\u00f3n Civil, Mart\u00edn Bravo Galicia. \u201cLos que s\u00ed tambi\u00e9n se ha incrementado un poco son los accidentes vehiculares donde ha intervenido el equipo de emergencia, tambi\u00e9n hemos estado por ah\u00ed al pendiente\u201d. Diariamente se tienen m\u00e1s de cinco hechos. \u201cTenemos un aproximado de seis a siete, incluso hasta 10 diarios (\u2026) atend\u00edamos un promedio de cinco o seis, ahorita con la lluvia s\u00ed se ha in crementado, pues hablamos de [&hellip;]\" \/>\n<meta property=\"og:url\" content=\"https:\/\/canal7slp.tv\/2025\/por-temporada-de-lluvias-los-accidentes-vehiculares-van-al-alza-en-sgs\/\" \/>\n<meta property=\"og:site_name\" content=\"Canal 7 SLP - 2025\" \/>\n<meta property=\"article:publisher\" content=\"https:\/\/www.facebook.com\/noticieroscanal7atencionciudadana\/\" \/>\n<meta property=\"article:published_time\" content=\"2025-06-26T22:50:47+00:00\" \/>\n<meta property=\"og:image\" content=\"https:\/\/canal7slp.tv\/2025\/wp-content\/uploads\/2025\/06\/Poky02AccidentesSuben.jpg\" \/>\n\t<meta property=\"og:image:width\" content=\"1280\" \/>\n\t<meta property=\"og:image:height\" content=\"720\" \/>\n\t<meta property=\"og:image:type\" content=\"image\/jpeg\" \/>\n<meta name=\"author\" content=\"Edici\u00f3n Web\" \/>\n<meta name=\"twitter:card\" content=\"summary_large_image\" \/>\n<meta name=\"twitter:creator\" content=\"@NOTICIEROS7\" \/>\n<meta name=\"twitter:site\" content=\"@NOTICIEROS7\" \/>\n<meta name=\"twitter:label1\" content=\"Escrito por\" \/>\n\t<meta name=\"twitter:data1\" content=\"Edici\u00f3n Web\" \/>\n\t<meta name=\"twitter:label2\" content=\"Tiempo de lectura\" \/>\n\t<meta name=\"twitter:data2\" content=\"2 minutos\" \/>\n<script type=\"application\/ld+json\" class=\"yoast-schema-graph\">{\"@context\":\"https:\\\/\\\/schema.org\",\"@graph\":[{\"@type\":\"Article\",\"@id\":\"https:\\\/\\\/canal7slp.tv\\\/2025\\\/por-temporada-de-lluvias-los-accidentes-vehiculares-van-al-alza-en-sgs\\\/#article\",\"isPartOf\":{\"@id\":\"https:\\\/\\\/canal7slp.tv\\\/2025\\\/por-temporada-de-lluvias-los-accidentes-vehiculares-van-al-alza-en-sgs\\\/\"},\"author\":{\"name\":\"Edici\u00f3n Web\",\"@id\":\"https:\\\/\\\/canal7slp.tv\\\/2025\\\/#\\\/schema\\\/person\\\/271e2b60a96e7cc9d9ac296f4d7e414b\"},\"headline\":\"Por temporada de lluvias los accidentes vehiculares van al alza en SGS\",\"datePublished\":\"2025-06-26T22:50:47+00:00\",\"mainEntityOfPage\":{\"@id\":\"https:\\\/\\\/canal7slp.tv\\\/2025\\\/por-temporada-de-lluvias-los-accidentes-vehiculares-van-al-alza-en-sgs\\\/\"},\"wordCount\":234,\"publisher\":{\"@id\":\"https:\\\/\\\/canal7slp.tv\\\/2025\\\/#organization\"},\"image\":{\"@id\":\"https:\\\/\\\/canal7slp.tv\\\/2025\\\/por-temporada-de-lluvias-los-accidentes-vehiculares-van-al-alza-en-sgs\\\/#primaryimage\"},\"thumbnailUrl\":\"https:\\\/\\\/canal7slp.tv\\\/2025\\\/wp-content\\\/uploads\\\/2025\\\/06\\\/Poky02AccidentesSuben.jpg\",\"articleSection\":[\"AYOSGS\",\"DESTACADAS\",\"LOCALES Y REGIONALES\"],\"inLanguage\":\"es\"},{\"@type\":\"WebPage\",\"@id\":\"https:\\\/\\\/canal7slp.tv\\\/2025\\\/por-temporada-de-lluvias-los-accidentes-vehiculares-van-al-alza-en-sgs\\\/\",\"url\":\"https:\\\/\\\/canal7slp.tv\\\/2025\\\/por-temporada-de-lluvias-los-accidentes-vehiculares-van-al-alza-en-sgs\\\/\",\"name\":\"Por temporada de lluvias los accidentes vehiculares van al alza en SGS - Canal 7 SLP - 2025\",\"isPartOf\":{\"@id\":\"https:\\\/\\\/canal7slp.tv\\\/2025\\\/#website\"},\"primaryImageOfPage\":{\"@id\":\"https:\\\/\\\/canal7slp.tv\\\/2025\\\/por-temporada-de-lluvias-los-accidentes-vehiculares-van-al-alza-en-sgs\\\/#primaryimage\"},\"image\":{\"@id\":\"https:\\\/\\\/canal7slp.tv\\\/2025\\\/por-temporada-de-lluvias-los-accidentes-vehiculares-van-al-alza-en-sgs\\\/#primaryimage\"},\"thumbnailUrl\":\"https:\\\/\\\/canal7slp.tv\\\/2025\\\/wp-content\\\/uploads\\\/2025\\\/06\\\/Poky02AccidentesSuben.jpg\",\"datePublished\":\"2025-06-26T22:50:47+00:00\",\"breadcrumb\":{\"@id\":\"https:\\\/\\\/canal7slp.tv\\\/2025\\\/por-temporada-de-lluvias-los-accidentes-vehiculares-van-al-alza-en-sgs\\\/#breadcrumb\"},\"inLanguage\":\"es\",\"potentialAction\":[{\"@type\":\"ReadAction\",\"target\":[\"https:\\\/\\\/canal7slp.tv\\\/2025\\\/por-temporada-de-lluvias-los-accidentes-vehiculares-van-al-alza-en-sgs\\\/\"]}]},{\"@type\":\"ImageObject\",\"inLanguage\":\"es\",\"@id\":\"https:\\\/\\\/canal7slp.tv\\\/2025\\\/por-temporada-de-lluvias-los-accidentes-vehiculares-van-al-alza-en-sgs\\\/#primaryimage\",\"url\":\"https:\\\/\\\/canal7slp.tv\\\/2025\\\/wp-content\\\/uploads\\\/2025\\\/06\\\/Poky02AccidentesSuben.jpg\",\"contentUrl\":\"https:\\\/\\\/canal7slp.tv\\\/2025\\\/wp-content\\\/uploads\\\/2025\\\/06\\\/Poky02AccidentesSuben.jpg\",\"width\":1280,\"height\":720},{\"@type\":\"BreadcrumbList\",\"@id\":\"https:\\\/\\\/canal7slp.tv\\\/2025\\\/por-temporada-de-lluvias-los-accidentes-vehiculares-van-al-alza-en-sgs\\\/#breadcrumb\",\"itemListElement\":[{\"@type\":\"ListItem\",\"position\":1,\"name\":\"Portada\",\"item\":\"https:\\\/\\\/canal7slp.tv\\\/2025\\\/\"},{\"@type\":\"ListItem\",\"position\":2,\"name\":\"Por temporada de lluvias los accidentes vehiculares van al alza en SGS\"}]},{\"@type\":\"WebSite\",\"@id\":\"https:\\\/\\\/canal7slp.tv\\\/2025\\\/#website\",\"url\":\"https:\\\/\\\/canal7slp.tv\\\/2025\\\/\",\"name\":\"N7 - Noticieros Canal 7\",\"description\":\"Somos el Medio\",\"publisher\":{\"@id\":\"https:\\\/\\\/canal7slp.tv\\\/2025\\\/#organization\"},\"potentialAction\":[{\"@type\":\"SearchAction\",\"target\":{\"@type\":\"EntryPoint\",\"urlTemplate\":\"https:\\\/\\\/canal7slp.tv\\\/2025\\\/?s={search_term_string}\"},\"query-input\":{\"@type\":\"PropertyValueSpecification\",\"valueRequired\":true,\"valueName\":\"search_term_string\"}}],\"inLanguage\":\"es\"},{\"@type\":\"Organization\",\"@id\":\"https:\\\/\\\/canal7slp.tv\\\/2025\\\/#organization\",\"name\":\"Noticieros Canal 7\",\"url\":\"https:\\\/\\\/canal7slp.tv\\\/2025\\\/\",\"logo\":{\"@type\":\"ImageObject\",\"inLanguage\":\"es\",\"@id\":\"https:\\\/\\\/canal7slp.tv\\\/2025\\\/#\\\/schema\\\/logo\\\/image\\\/\",\"url\":\"https:\\\/\\\/canal7slp.tv\\\/2025\\\/wp-content\\\/uploads\\\/2021\\\/01\\\/logo-noticieros@2x.png\",\"contentUrl\":\"https:\\\/\\\/canal7slp.tv\\\/2025\\\/wp-content\\\/uploads\\\/2021\\\/01\\\/logo-noticieros@2x.png\",\"width\":1017,\"height\":268,\"caption\":\"Noticieros Canal 7\"},\"image\":{\"@id\":\"https:\\\/\\\/canal7slp.tv\\\/2025\\\/#\\\/schema\\\/logo\\\/image\\\/\"},\"sameAs\":[\"https:\\\/\\\/www.facebook.com\\\/noticieroscanal7atencionciudadana\\\/\",\"https:\\\/\\\/x.com\\\/NOTICIEROS7\",\"https:\\\/\\\/www.instagram.com\\\/canal7_slp\",\"https:\\\/\\\/www.youtube.com\\\/channel\\\/UCliiYs-gP3JfJeqdPrNdd5A\"]},{\"@type\":\"Person\",\"@id\":\"https:\\\/\\\/canal7slp.tv\\\/2025\\\/#\\\/schema\\\/person\\\/271e2b60a96e7cc9d9ac296f4d7e414b\",\"name\":\"Edici\u00f3n Web\",\"image\":{\"@type\":\"ImageObject\",\"inLanguage\":\"es\",\"@id\":\"https:\\\/\\\/secure.gravatar.com\\\/avatar\\\/eee448fc3f7164808013b816ba91ac7e43bbe82a70bebac296f8bc6f0addaa1a?s=96&d=mm&r=g\",\"url\":\"https:\\\/\\\/secure.gravatar.com\\\/avatar\\\/eee448fc3f7164808013b816ba91ac7e43bbe82a70bebac296f8bc6f0addaa1a?s=96&d=mm&r=g\",\"contentUrl\":\"https:\\\/\\\/secure.gravatar.com\\\/avatar\\\/eee448fc3f7164808013b816ba91ac7e43bbe82a70bebac296f8bc6f0addaa1a?s=96&d=mm&r=g\",\"caption\":\"Edici\u00f3n Web\"},\"url\":\"https:\\\/\\\/canal7slp.tv\\\/2025\\\/author\\\/edicionweb\\\/\"}]}<\/script>\n<!-- \/ Yoast SEO plugin. -->","yoast_head_json":{"title":"Por temporada de lluvias los accidentes vehiculares van al alza en SGS - Canal 7 SLP - 2025","robots":{"index":"index","follow":"follow","max-snippet":"max-snippet:-1","max-image-preview":"max-image-preview:large","max-video-preview":"max-video-preview:-1"},"canonical":"https:\/\/canal7slp.tv\/2025\/por-temporada-de-lluvias-los-accidentes-vehiculares-van-al-alza-en-sgs\/","og_locale":"es_ES","og_type":"article","og_title":"Por temporada de lluvias los accidentes vehiculares van al alza en SGS - Canal 7 SLP - 2025","og_description":"SGS.- Debido a la temporada de lluvias e imprudencia de los conductores los accidentes vehiculares van al alza en Soledad de Graciano S\u00e1nchez, as\u00ed lo hizo saber el director de Protecci\u00f3n Civil, Mart\u00edn Bravo Galicia. \u201cLos que s\u00ed tambi\u00e9n se ha incrementado un poco son los accidentes vehiculares donde ha intervenido el equipo de emergencia, tambi\u00e9n hemos estado por ah\u00ed al pendiente\u201d. Diariamente se tienen m\u00e1s de cinco hechos. \u201cTenemos un aproximado de seis a siete, incluso hasta 10 diarios (\u2026) atend\u00edamos un promedio de cinco o seis, ahorita con la lluvia s\u00ed se ha in crementado, pues hablamos de [&hellip;]","og_url":"https:\/\/canal7slp.tv\/2025\/por-temporada-de-lluvias-los-accidentes-vehiculares-van-al-alza-en-sgs\/","og_site_name":"Canal 7 SLP - 2025","article_publisher":"https:\/\/www.facebook.com\/noticieroscanal7atencionciudadana\/","article_published_time":"2025-06-26T22:50:47+00:00","og_image":[{"width":1280,"height":720,"url":"https:\/\/canal7slp.tv\/2025\/wp-content\/uploads\/2025\/06\/Poky02AccidentesSuben.jpg","type":"image\/jpeg"}],"author":"Edici\u00f3n Web","twitter_card":"summary_large_image","twitter_creator":"@NOTICIEROS7","twitter_site":"@NOTICIEROS7","twitter_misc":{"Escrito por":"Edici\u00f3n Web","Tiempo de lectura":"2 minutos"},"schema":{"@context":"https:\/\/schema.org","@graph":[{"@type":"Article","@id":"https:\/\/canal7slp.tv\/2025\/por-temporada-de-lluvias-los-accidentes-vehiculares-van-al-alza-en-sgs\/#article","isPartOf":{"@id":"https:\/\/canal7slp.tv\/2025\/por-temporada-de-lluvias-los-accidentes-vehiculares-van-al-alza-en-sgs\/"},"author":{"name":"Edici\u00f3n Web","@id":"https:\/\/canal7slp.tv\/2025\/#\/schema\/person\/271e2b60a96e7cc9d9ac296f4d7e414b"},"headline":"Por temporada de lluvias los accidentes vehiculares van al alza en SGS","datePublished":"2025-06-26T22:50:47+00:00","mainEntityOfPage":{"@id":"https:\/\/canal7slp.tv\/2025\/por-temporada-de-lluvias-los-accidentes-vehiculares-van-al-alza-en-sgs\/"},"wordCount":234,"publisher":{"@id":"https:\/\/canal7slp.tv\/2025\/#organization"},"image":{"@id":"https:\/\/canal7slp.tv\/2025\/por-temporada-de-lluvias-los-accidentes-vehiculares-van-al-alza-en-sgs\/#primaryimage"},"thumbnailUrl":"https:\/\/canal7slp.tv\/2025\/wp-content\/uploads\/2025\/06\/Poky02AccidentesSuben.jpg","articleSection":["AYOSGS","DESTACADAS","LOCALES Y REGIONALES"],"inLanguage":"es"},{"@type":"WebPage","@id":"https:\/\/canal7slp.tv\/2025\/por-temporada-de-lluvias-los-accidentes-vehiculares-van-al-alza-en-sgs\/","url":"https:\/\/canal7slp.tv\/2025\/por-temporada-de-lluvias-los-accidentes-vehiculares-van-al-alza-en-sgs\/","name":"Por temporada de lluvias los accidentes vehiculares van al alza en SGS - Canal 7 SLP - 2025","isPartOf":{"@id":"https:\/\/canal7slp.tv\/2025\/#website"},"primaryImageOfPage":{"@id":"https:\/\/canal7slp.tv\/2025\/por-temporada-de-lluvias-los-accidentes-vehiculares-van-al-alza-en-sgs\/#primaryimage"},"image":{"@id":"https:\/\/canal7slp.tv\/2025\/por-temporada-de-lluvias-los-accidentes-vehiculares-van-al-alza-en-sgs\/#primaryimage"},"thumbnailUrl":"https:\/\/canal7slp.tv\/2025\/wp-content\/uploads\/2025\/06\/Poky02AccidentesSuben.jpg","datePublished":"2025-06-26T22:50:47+00:00","breadcrumb":{"@id":"https:\/\/canal7slp.tv\/2025\/por-temporada-de-lluvias-los-accidentes-vehiculares-van-al-alza-en-sgs\/#breadcrumb"},"inLanguage":"es","potentialAction":[{"@type":"ReadAction","target":["https:\/\/canal7slp.tv\/2025\/por-temporada-de-lluvias-los-accidentes-vehiculares-van-al-alza-en-sgs\/"]}]},{"@type":"ImageObject","inLanguage":"es","@id":"https:\/\/canal7slp.tv\/2025\/por-temporada-de-lluvias-los-accidentes-vehiculares-van-al-alza-en-sgs\/#primaryimage","url":"https:\/\/canal7slp.tv\/2025\/wp-content\/uploads\/2025\/06\/Poky02AccidentesSuben.jpg","contentUrl":"https:\/\/canal7slp.tv\/2025\/wp-content\/uploads\/2025\/06\/Poky02AccidentesSuben.jpg","width":1280,"height":720},{"@type":"BreadcrumbList","@id":"https:\/\/canal7slp.tv\/2025\/por-temporada-de-lluvias-los-accidentes-vehiculares-van-al-alza-en-sgs\/#breadcrumb","itemListElement":[{"@type":"ListItem","position":1,"name":"Portada","item":"https:\/\/canal7slp.tv\/2025\/"},{"@type":"ListItem","position":2,"name":"Por temporada de lluvias los accidentes vehiculares van al alza en SGS"}]},{"@type":"WebSite","@id":"https:\/\/canal7slp.tv\/2025\/#website","url":"https:\/\/canal7slp.tv\/2025\/","name":"N7 - Noticieros Canal 7","description":"Somos el Medio","publisher":{"@id":"https:\/\/canal7slp.tv\/2025\/#organization"},"potentialAction":[{"@type":"SearchAction","target":{"@type":"EntryPoint","urlTemplate":"https:\/\/canal7slp.tv\/2025\/?s={search_term_string}"},"query-input":{"@type":"PropertyValueSpecification","valueRequired":true,"valueName":"search_term_string"}}],"inLanguage":"es"},{"@type":"Organization","@id":"https:\/\/canal7slp.tv\/2025\/#organization","name":"Noticieros Canal 7","url":"https:\/\/canal7slp.tv\/2025\/","logo":{"@type":"ImageObject","inLanguage":"es","@id":"https:\/\/canal7slp.tv\/2025\/#\/schema\/logo\/image\/","url":"https:\/\/canal7slp.tv\/2025\/wp-content\/uploads\/2021\/01\/logo-noticieros@2x.png","contentUrl":"https:\/\/canal7slp.tv\/2025\/wp-content\/uploads\/2021\/01\/logo-noticieros@2x.png","width":1017,"height":268,"caption":"Noticieros Canal 7"},"image":{"@id":"https:\/\/canal7slp.tv\/2025\/#\/schema\/logo\/image\/"},"sameAs":["https:\/\/www.facebook.com\/noticieroscanal7atencionciudadana\/","https:\/\/x.com\/NOTICIEROS7","https:\/\/www.instagram.com\/canal7_slp","https:\/\/www.youtube.com\/channel\/UCliiYs-gP3JfJeqdPrNdd5A"]},{"@type":"Person","@id":"https:\/\/canal7slp.tv\/2025\/#\/schema\/person\/271e2b60a96e7cc9d9ac296f4d7e414b","name":"Edici\u00f3n Web","image":{"@type":"ImageObject","inLanguage":"es","@id":"https:\/\/secure.gravatar.com\/avatar\/eee448fc3f7164808013b816ba91ac7e43bbe82a70bebac296f8bc6f0addaa1a?s=96&d=mm&r=g","url":"https:\/\/secure.gravatar.com\/avatar\/eee448fc3f7164808013b816ba91ac7e43bbe82a70bebac296f8bc6f0addaa1a?s=96&d=mm&r=g","contentUrl":"https:\/\/secure.gravatar.com\/avatar\/eee448fc3f7164808013b816ba91ac7e43bbe82a70bebac296f8bc6f0addaa1a?s=96&d=mm&r=g","caption":"Edici\u00f3n Web"},"url":"https:\/\/canal7slp.tv\/2025\/author\/edicionweb\/"}]}},"_links":{"self":[{"href":"https:\/\/canal7slp.tv\/2025\/wp-json\/wp\/v2\/posts\/171788","targetHints":{"allow":["GET"]}}],"collection":[{"href":"https:\/\/canal7slp.tv\/2025\/wp-json\/wp\/v2\/posts"}],"about":[{"href":"https:\/\/canal7slp.tv\/2025\/wp-json\/wp\/v2\/types\/post"}],"author":[{"embeddable":true,"href":"https:\/\/canal7slp.tv\/2025\/wp-json\/wp\/v2\/users\/2"}],"replies":[{"embeddable":true,"href":"https:\/\/canal7slp.tv\/2025\/wp-json\/wp\/v2\/comments?post=171788"}],"version-history":[{"count":2,"href":"https:\/\/canal7slp.tv\/2025\/wp-json\/wp\/v2\/posts\/171788\/revisions"}],"predecessor-version":[{"id":171802,"href":"https:\/\/canal7slp.tv\/2025\/wp-json\/wp\/v2\/posts\/171788\/revisions\/171802"}],"wp:featuredmedia":[{"embeddable":true,"href":"https:\/\/canal7slp.tv\/2025\/wp-json\/wp\/v2\/media\/171801"}],"wp:attachment":[{"href":"https:\/\/canal7slp.tv\/2025\/wp-json\/wp\/v2\/media?parent=171788"}],"wp:term":[{"taxonomy":"category","embeddable":true,"href":"https:\/\/canal7slp.tv\/2025\/wp-json\/wp\/v2\/categories?post=171788"},{"taxonomy":"post_tag","embeddable":true,"href":"https:\/\/canal7slp.tv\/2025\/wp-json\/wp\/v2\/tags?post=171788"}],"curies":[{"name":"wp","href":"https:\/\/api.w.org\/{rel}","templated":true}]}}