{"id":171765,"date":"2025-06-26T15:27:08","date_gmt":"2025-06-26T21:27:08","guid":{"rendered":"https:\/\/canal7slp.tv\/2025\/?p=171765"},"modified":"2025-06-26T15:55:58","modified_gmt":"2025-06-26T21:55:58","slug":"sre-nombra-a-19-nuevos-consules","status":"publish","type":"post","link":"https:\/\/canal7slp.tv\/2025\/sre-nombra-a-19-nuevos-consules\/","title":{"rendered":"SRE nombra a 19 nuevos c\u00f3nsules"},"content":{"rendered":"<p style=\"text-align: justify;\">M\u00e9xico.- La Secretar\u00eda de Relaciones Exteriores (SRE) aprob\u00f3 el nombramiento de 19 nuevos titulares consulares en Estados Unidos y otras regiones del mundo, tras semanas de cr\u00edticas por la inclusi\u00f3n de perfiles sin formaci\u00f3n diplom\u00e1tica.<\/p>\n<p style=\"text-align: justify;\">El canciller Juan Ram\u00f3n de la Fuente explic\u00f3 que los nombramientos fueron seleccionados con criterios de equilibrio entre miembros del Servicio Exterior Mexicano (SEM) y profesionales externos capacitados por el Instituto Mat\u00edas Romero. De los 19 nombramientos, 10 son diplom\u00e1ticos de carrera, mientras que 9 provienen de otras \u00e1reas.<\/p>\n<p style=\"text-align: justify;\">Algunos de los nuevos titulares son:<\/p>\n<ul style=\"text-align: justify;\">\n<li>In\u00e9s Maxaira Baltazar Guti\u00e9rrez, c\u00f3nsul en Santa Ana, California<\/li>\n<li>Alejandra Bologna Zubikarai, c\u00f3nsul en Saint Paul, Minnesota<\/li>\n<li>Irma de los \u00c1ngeles Pimentel Portilla, c\u00f3nsul en Fresno, California<\/li>\n<li>Salvador Percastre Mendiz\u00e1bal, c\u00f3nsul en San Bernardino, California<\/li>\n<li>Evelyn Elia Vera Barreto, c\u00f3nsul en Calgary, Alberta (Canad\u00e1)<\/li>\n<li>Alberto Fierro Garza, c\u00f3nsul en Estambul, Turqu\u00eda<\/li>\n<li>Rodrigo Daniel Mendivil Ocampo, jefe de la Secci\u00f3n Consular en la Embajada de M\u00e9xico en Washington, D.C.<\/li>\n<\/ul>\n<p style=\"text-align: justify;\">Tambi\u00e9n se design\u00f3 a:<\/p>\n<ul style=\"text-align: justify;\">\n<li>Roberto Canseco Mart\u00ednez como embajador de M\u00e9xico en Jamaica<\/li>\n<li>Juan Antonio Ferrer Aguilar como representante permanente ante la UNESCO<\/li>\n<\/ul>\n<p style=\"text-align: justify;\">Y como c\u00f3nsules generales en otras ciudades clave:<\/p>\n<ul style=\"text-align: justify;\">\n<li>Rafael Laveaga en Atlanta, Georgia<\/li>\n<li>Carlos Iriarte Mercado en Boston, Massachusetts<\/li>\n<li>Luis Rodr\u00edguez Bucio en Dallas, Texas<\/li>\n<li>Marcos Bucio M\u00fajica en Nueva York<\/li>\n<li>Donaj\u00ed Alba Arroyo en Raleigh, Carolina del Norte<\/li>\n<li>Marco Antonio Mena Rodr\u00edguez en San Francisco, California<\/li>\n<li>Neftal\u00ed Said P\u00e9rez Gonz\u00e1lez en San Jos\u00e9, California<\/li>\n<li>Claudia Velasco Osorio en Sao Paulo, Brasil<\/li>\n<li>Iv\u00e1n Roberto Sierra Medel en Toronto, Canad\u00e1<\/li>\n<li>Juli\u00e1n Adem D\u00edaz de Le\u00f3n en Vancouver, Canad\u00e1<\/li>\n<\/ul>\n<p style=\"text-align: justify;\">Los nombramientos fueron ratificados por la Comisi\u00f3n Permanente del Congreso de la Uni\u00f3n, y marcan una nueva etapa en la pol\u00edtica exterior del gobierno federal, con \u00e9nfasis en la representaci\u00f3n consular estrat\u00e9gica en Am\u00e9rica del Norte.<\/p>\n","protected":false},"excerpt":{"rendered":"<p>M\u00e9xico.- La Secretar\u00eda de Relaciones Exteriores (SRE) aprob\u00f3 el nombramiento de 19 nuevos titulares consulares en Estados Unidos y otras regiones del mundo, tras semanas de cr\u00edticas por la inclusi\u00f3n de perfiles sin formaci\u00f3n diplom\u00e1tica. El canciller Juan Ram\u00f3n de la Fuente explic\u00f3 que los nombramientos fueron seleccionados con criterios de equilibrio entre miembros del Servicio Exterior Mexicano (SEM) y profesionales externos capacitados por el Instituto Mat\u00edas Romero. De los 19 nombramientos, 10 son diplom\u00e1ticos de carrera, mientras que 9 provienen de otras \u00e1reas. Algunos de los nuevos titulares son: In\u00e9s Maxaira Baltazar Guti\u00e9rrez, c\u00f3nsul en Santa Ana, California Alejandra [&hellip;]<\/p>\n","protected":false},"author":2,"featured_media":171766,"comment_status":"closed","ping_status":"closed","sticky":false,"template":"","format":"standard","meta":{"_monsterinsights_skip_tracking":false,"_monsterinsights_sitenote_active":false,"_monsterinsights_sitenote_note":"","_monsterinsights_sitenote_category":0,"footnotes":""},"categories":[46],"tags":[],"class_list":["post-171765","post","type-post","status-publish","format-standard","has-post-thumbnail","hentry","category-nacional","post--single"],"yoast_head":"<!-- This site is optimized with the Yoast SEO plugin v27.4 - https:\/\/yoast.com\/product\/yoast-seo-wordpress\/ -->\n<title>SRE nombra a 19 nuevos c\u00f3nsules - Canal 7 SLP - 2025<\/title>\n<meta name=\"robots\" content=\"index, follow, max-snippet:-1, max-image-preview:large, max-video-preview:-1\" \/>\n<link rel=\"canonical\" href=\"https:\/\/canal7slp.tv\/2025\/sre-nombra-a-19-nuevos-consules\/\" \/>\n<meta property=\"og:locale\" content=\"es_ES\" \/>\n<meta property=\"og:type\" content=\"article\" \/>\n<meta property=\"og:title\" content=\"SRE nombra a 19 nuevos c\u00f3nsules - Canal 7 SLP - 2025\" \/>\n<meta property=\"og:description\" content=\"M\u00e9xico.- La Secretar\u00eda de Relaciones Exteriores (SRE) aprob\u00f3 el nombramiento de 19 nuevos titulares consulares en Estados Unidos y otras regiones del mundo, tras semanas de cr\u00edticas por la inclusi\u00f3n de perfiles sin formaci\u00f3n diplom\u00e1tica. El canciller Juan Ram\u00f3n de la Fuente explic\u00f3 que los nombramientos fueron seleccionados con criterios de equilibrio entre miembros del Servicio Exterior Mexicano (SEM) y profesionales externos capacitados por el Instituto Mat\u00edas Romero. De los 19 nombramientos, 10 son diplom\u00e1ticos de carrera, mientras que 9 provienen de otras \u00e1reas. Algunos de los nuevos titulares son: In\u00e9s Maxaira Baltazar Guti\u00e9rrez, c\u00f3nsul en Santa Ana, California Alejandra [&hellip;]\" \/>\n<meta property=\"og:url\" content=\"https:\/\/canal7slp.tv\/2025\/sre-nombra-a-19-nuevos-consules\/\" \/>\n<meta property=\"og:site_name\" content=\"Canal 7 SLP - 2025\" \/>\n<meta property=\"article:publisher\" content=\"https:\/\/www.facebook.com\/noticieroscanal7atencionciudadana\/\" \/>\n<meta property=\"article:published_time\" content=\"2025-06-26T21:27:08+00:00\" \/>\n<meta property=\"article:modified_time\" content=\"2025-06-26T21:55:58+00:00\" \/>\n<meta property=\"og:image\" content=\"https:\/\/canal7slp.tv\/2025\/wp-content\/uploads\/2025\/06\/08-25.jpg\" \/>\n\t<meta property=\"og:image:width\" content=\"895\" \/>\n\t<meta property=\"og:image:height\" content=\"500\" \/>\n\t<meta property=\"og:image:type\" content=\"image\/jpeg\" \/>\n<meta name=\"author\" content=\"Edici\u00f3n Web\" \/>\n<meta name=\"twitter:card\" content=\"summary_large_image\" \/>\n<meta name=\"twitter:creator\" content=\"@NOTICIEROS7\" \/>\n<meta name=\"twitter:site\" content=\"@NOTICIEROS7\" \/>\n<meta name=\"twitter:label1\" content=\"Escrito por\" \/>\n\t<meta name=\"twitter:data1\" content=\"Edici\u00f3n Web\" \/>\n\t<meta name=\"twitter:label2\" content=\"Tiempo de lectura\" \/>\n\t<meta name=\"twitter:data2\" content=\"2 minutos\" \/>\n<script type=\"application\/ld+json\" class=\"yoast-schema-graph\">{\"@context\":\"https:\\\/\\\/schema.org\",\"@graph\":[{\"@type\":\"Article\",\"@id\":\"https:\\\/\\\/canal7slp.tv\\\/2025\\\/sre-nombra-a-19-nuevos-consules\\\/#article\",\"isPartOf\":{\"@id\":\"https:\\\/\\\/canal7slp.tv\\\/2025\\\/sre-nombra-a-19-nuevos-consules\\\/\"},\"author\":{\"name\":\"Edici\u00f3n Web\",\"@id\":\"https:\\\/\\\/canal7slp.tv\\\/2025\\\/#\\\/schema\\\/person\\\/271e2b60a96e7cc9d9ac296f4d7e414b\"},\"headline\":\"SRE nombra a 19 nuevos c\u00f3nsules\",\"datePublished\":\"2025-06-26T21:27:08+00:00\",\"dateModified\":\"2025-06-26T21:55:58+00:00\",\"mainEntityOfPage\":{\"@id\":\"https:\\\/\\\/canal7slp.tv\\\/2025\\\/sre-nombra-a-19-nuevos-consules\\\/\"},\"wordCount\":338,\"publisher\":{\"@id\":\"https:\\\/\\\/canal7slp.tv\\\/2025\\\/#organization\"},\"image\":{\"@id\":\"https:\\\/\\\/canal7slp.tv\\\/2025\\\/sre-nombra-a-19-nuevos-consules\\\/#primaryimage\"},\"thumbnailUrl\":\"https:\\\/\\\/canal7slp.tv\\\/2025\\\/wp-content\\\/uploads\\\/2025\\\/06\\\/08-25.jpg\",\"articleSection\":[\"NACIONALES\"],\"inLanguage\":\"es\"},{\"@type\":\"WebPage\",\"@id\":\"https:\\\/\\\/canal7slp.tv\\\/2025\\\/sre-nombra-a-19-nuevos-consules\\\/\",\"url\":\"https:\\\/\\\/canal7slp.tv\\\/2025\\\/sre-nombra-a-19-nuevos-consules\\\/\",\"name\":\"SRE nombra a 19 nuevos c\u00f3nsules - Canal 7 SLP - 2025\",\"isPartOf\":{\"@id\":\"https:\\\/\\\/canal7slp.tv\\\/2025\\\/#website\"},\"primaryImageOfPage\":{\"@id\":\"https:\\\/\\\/canal7slp.tv\\\/2025\\\/sre-nombra-a-19-nuevos-consules\\\/#primaryimage\"},\"image\":{\"@id\":\"https:\\\/\\\/canal7slp.tv\\\/2025\\\/sre-nombra-a-19-nuevos-consules\\\/#primaryimage\"},\"thumbnailUrl\":\"https:\\\/\\\/canal7slp.tv\\\/2025\\\/wp-content\\\/uploads\\\/2025\\\/06\\\/08-25.jpg\",\"datePublished\":\"2025-06-26T21:27:08+00:00\",\"dateModified\":\"2025-06-26T21:55:58+00:00\",\"breadcrumb\":{\"@id\":\"https:\\\/\\\/canal7slp.tv\\\/2025\\\/sre-nombra-a-19-nuevos-consules\\\/#breadcrumb\"},\"inLanguage\":\"es\",\"potentialAction\":[{\"@type\":\"ReadAction\",\"target\":[\"https:\\\/\\\/canal7slp.tv\\\/2025\\\/sre-nombra-a-19-nuevos-consules\\\/\"]}]},{\"@type\":\"ImageObject\",\"inLanguage\":\"es\",\"@id\":\"https:\\\/\\\/canal7slp.tv\\\/2025\\\/sre-nombra-a-19-nuevos-consules\\\/#primaryimage\",\"url\":\"https:\\\/\\\/canal7slp.tv\\\/2025\\\/wp-content\\\/uploads\\\/2025\\\/06\\\/08-25.jpg\",\"contentUrl\":\"https:\\\/\\\/canal7slp.tv\\\/2025\\\/wp-content\\\/uploads\\\/2025\\\/06\\\/08-25.jpg\",\"width\":895,\"height\":500},{\"@type\":\"BreadcrumbList\",\"@id\":\"https:\\\/\\\/canal7slp.tv\\\/2025\\\/sre-nombra-a-19-nuevos-consules\\\/#breadcrumb\",\"itemListElement\":[{\"@type\":\"ListItem\",\"position\":1,\"name\":\"Portada\",\"item\":\"https:\\\/\\\/canal7slp.tv\\\/2025\\\/\"},{\"@type\":\"ListItem\",\"position\":2,\"name\":\"SRE nombra a 19 nuevos c\u00f3nsules\"}]},{\"@type\":\"WebSite\",\"@id\":\"https:\\\/\\\/canal7slp.tv\\\/2025\\\/#website\",\"url\":\"https:\\\/\\\/canal7slp.tv\\\/2025\\\/\",\"name\":\"N7 - Noticieros Canal 7\",\"description\":\"Somos el Medio\",\"publisher\":{\"@id\":\"https:\\\/\\\/canal7slp.tv\\\/2025\\\/#organization\"},\"potentialAction\":[{\"@type\":\"SearchAction\",\"target\":{\"@type\":\"EntryPoint\",\"urlTemplate\":\"https:\\\/\\\/canal7slp.tv\\\/2025\\\/?s={search_term_string}\"},\"query-input\":{\"@type\":\"PropertyValueSpecification\",\"valueRequired\":true,\"valueName\":\"search_term_string\"}}],\"inLanguage\":\"es\"},{\"@type\":\"Organization\",\"@id\":\"https:\\\/\\\/canal7slp.tv\\\/2025\\\/#organization\",\"name\":\"Noticieros Canal 7\",\"url\":\"https:\\\/\\\/canal7slp.tv\\\/2025\\\/\",\"logo\":{\"@type\":\"ImageObject\",\"inLanguage\":\"es\",\"@id\":\"https:\\\/\\\/canal7slp.tv\\\/2025\\\/#\\\/schema\\\/logo\\\/image\\\/\",\"url\":\"https:\\\/\\\/canal7slp.tv\\\/2025\\\/wp-content\\\/uploads\\\/2021\\\/01\\\/logo-noticieros@2x.png\",\"contentUrl\":\"https:\\\/\\\/canal7slp.tv\\\/2025\\\/wp-content\\\/uploads\\\/2021\\\/01\\\/logo-noticieros@2x.png\",\"width\":1017,\"height\":268,\"caption\":\"Noticieros Canal 7\"},\"image\":{\"@id\":\"https:\\\/\\\/canal7slp.tv\\\/2025\\\/#\\\/schema\\\/logo\\\/image\\\/\"},\"sameAs\":[\"https:\\\/\\\/www.facebook.com\\\/noticieroscanal7atencionciudadana\\\/\",\"https:\\\/\\\/x.com\\\/NOTICIEROS7\",\"https:\\\/\\\/www.instagram.com\\\/canal7_slp\",\"https:\\\/\\\/www.youtube.com\\\/channel\\\/UCliiYs-gP3JfJeqdPrNdd5A\"]},{\"@type\":\"Person\",\"@id\":\"https:\\\/\\\/canal7slp.tv\\\/2025\\\/#\\\/schema\\\/person\\\/271e2b60a96e7cc9d9ac296f4d7e414b\",\"name\":\"Edici\u00f3n Web\",\"image\":{\"@type\":\"ImageObject\",\"inLanguage\":\"es\",\"@id\":\"https:\\\/\\\/secure.gravatar.com\\\/avatar\\\/eee448fc3f7164808013b816ba91ac7e43bbe82a70bebac296f8bc6f0addaa1a?s=96&d=mm&r=g\",\"url\":\"https:\\\/\\\/secure.gravatar.com\\\/avatar\\\/eee448fc3f7164808013b816ba91ac7e43bbe82a70bebac296f8bc6f0addaa1a?s=96&d=mm&r=g\",\"contentUrl\":\"https:\\\/\\\/secure.gravatar.com\\\/avatar\\\/eee448fc3f7164808013b816ba91ac7e43bbe82a70bebac296f8bc6f0addaa1a?s=96&d=mm&r=g\",\"caption\":\"Edici\u00f3n Web\"},\"url\":\"https:\\\/\\\/canal7slp.tv\\\/2025\\\/author\\\/edicionweb\\\/\"}]}<\/script>\n<!-- \/ Yoast SEO plugin. -->","yoast_head_json":{"title":"SRE nombra a 19 nuevos c\u00f3nsules - Canal 7 SLP - 2025","robots":{"index":"index","follow":"follow","max-snippet":"max-snippet:-1","max-image-preview":"max-image-preview:large","max-video-preview":"max-video-preview:-1"},"canonical":"https:\/\/canal7slp.tv\/2025\/sre-nombra-a-19-nuevos-consules\/","og_locale":"es_ES","og_type":"article","og_title":"SRE nombra a 19 nuevos c\u00f3nsules - Canal 7 SLP - 2025","og_description":"M\u00e9xico.- La Secretar\u00eda de Relaciones Exteriores (SRE) aprob\u00f3 el nombramiento de 19 nuevos titulares consulares en Estados Unidos y otras regiones del mundo, tras semanas de cr\u00edticas por la inclusi\u00f3n de perfiles sin formaci\u00f3n diplom\u00e1tica. El canciller Juan Ram\u00f3n de la Fuente explic\u00f3 que los nombramientos fueron seleccionados con criterios de equilibrio entre miembros del Servicio Exterior Mexicano (SEM) y profesionales externos capacitados por el Instituto Mat\u00edas Romero. De los 19 nombramientos, 10 son diplom\u00e1ticos de carrera, mientras que 9 provienen de otras \u00e1reas. Algunos de los nuevos titulares son: In\u00e9s Maxaira Baltazar Guti\u00e9rrez, c\u00f3nsul en Santa Ana, California Alejandra [&hellip;]","og_url":"https:\/\/canal7slp.tv\/2025\/sre-nombra-a-19-nuevos-consules\/","og_site_name":"Canal 7 SLP - 2025","article_publisher":"https:\/\/www.facebook.com\/noticieroscanal7atencionciudadana\/","article_published_time":"2025-06-26T21:27:08+00:00","article_modified_time":"2025-06-26T21:55:58+00:00","og_image":[{"width":895,"height":500,"url":"https:\/\/canal7slp.tv\/2025\/wp-content\/uploads\/2025\/06\/08-25.jpg","type":"image\/jpeg"}],"author":"Edici\u00f3n Web","twitter_card":"summary_large_image","twitter_creator":"@NOTICIEROS7","twitter_site":"@NOTICIEROS7","twitter_misc":{"Escrito por":"Edici\u00f3n Web","Tiempo de lectura":"2 minutos"},"schema":{"@context":"https:\/\/schema.org","@graph":[{"@type":"Article","@id":"https:\/\/canal7slp.tv\/2025\/sre-nombra-a-19-nuevos-consules\/#article","isPartOf":{"@id":"https:\/\/canal7slp.tv\/2025\/sre-nombra-a-19-nuevos-consules\/"},"author":{"name":"Edici\u00f3n Web","@id":"https:\/\/canal7slp.tv\/2025\/#\/schema\/person\/271e2b60a96e7cc9d9ac296f4d7e414b"},"headline":"SRE nombra a 19 nuevos c\u00f3nsules","datePublished":"2025-06-26T21:27:08+00:00","dateModified":"2025-06-26T21:55:58+00:00","mainEntityOfPage":{"@id":"https:\/\/canal7slp.tv\/2025\/sre-nombra-a-19-nuevos-consules\/"},"wordCount":338,"publisher":{"@id":"https:\/\/canal7slp.tv\/2025\/#organization"},"image":{"@id":"https:\/\/canal7slp.tv\/2025\/sre-nombra-a-19-nuevos-consules\/#primaryimage"},"thumbnailUrl":"https:\/\/canal7slp.tv\/2025\/wp-content\/uploads\/2025\/06\/08-25.jpg","articleSection":["NACIONALES"],"inLanguage":"es"},{"@type":"WebPage","@id":"https:\/\/canal7slp.tv\/2025\/sre-nombra-a-19-nuevos-consules\/","url":"https:\/\/canal7slp.tv\/2025\/sre-nombra-a-19-nuevos-consules\/","name":"SRE nombra a 19 nuevos c\u00f3nsules - Canal 7 SLP - 2025","isPartOf":{"@id":"https:\/\/canal7slp.tv\/2025\/#website"},"primaryImageOfPage":{"@id":"https:\/\/canal7slp.tv\/2025\/sre-nombra-a-19-nuevos-consules\/#primaryimage"},"image":{"@id":"https:\/\/canal7slp.tv\/2025\/sre-nombra-a-19-nuevos-consules\/#primaryimage"},"thumbnailUrl":"https:\/\/canal7slp.tv\/2025\/wp-content\/uploads\/2025\/06\/08-25.jpg","datePublished":"2025-06-26T21:27:08+00:00","dateModified":"2025-06-26T21:55:58+00:00","breadcrumb":{"@id":"https:\/\/canal7slp.tv\/2025\/sre-nombra-a-19-nuevos-consules\/#breadcrumb"},"inLanguage":"es","potentialAction":[{"@type":"ReadAction","target":["https:\/\/canal7slp.tv\/2025\/sre-nombra-a-19-nuevos-consules\/"]}]},{"@type":"ImageObject","inLanguage":"es","@id":"https:\/\/canal7slp.tv\/2025\/sre-nombra-a-19-nuevos-consules\/#primaryimage","url":"https:\/\/canal7slp.tv\/2025\/wp-content\/uploads\/2025\/06\/08-25.jpg","contentUrl":"https:\/\/canal7slp.tv\/2025\/wp-content\/uploads\/2025\/06\/08-25.jpg","width":895,"height":500},{"@type":"BreadcrumbList","@id":"https:\/\/canal7slp.tv\/2025\/sre-nombra-a-19-nuevos-consules\/#breadcrumb","itemListElement":[{"@type":"ListItem","position":1,"name":"Portada","item":"https:\/\/canal7slp.tv\/2025\/"},{"@type":"ListItem","position":2,"name":"SRE nombra a 19 nuevos c\u00f3nsules"}]},{"@type":"WebSite","@id":"https:\/\/canal7slp.tv\/2025\/#website","url":"https:\/\/canal7slp.tv\/2025\/","name":"N7 - Noticieros Canal 7","description":"Somos el Medio","publisher":{"@id":"https:\/\/canal7slp.tv\/2025\/#organization"},"potentialAction":[{"@type":"SearchAction","target":{"@type":"EntryPoint","urlTemplate":"https:\/\/canal7slp.tv\/2025\/?s={search_term_string}"},"query-input":{"@type":"PropertyValueSpecification","valueRequired":true,"valueName":"search_term_string"}}],"inLanguage":"es"},{"@type":"Organization","@id":"https:\/\/canal7slp.tv\/2025\/#organization","name":"Noticieros Canal 7","url":"https:\/\/canal7slp.tv\/2025\/","logo":{"@type":"ImageObject","inLanguage":"es","@id":"https:\/\/canal7slp.tv\/2025\/#\/schema\/logo\/image\/","url":"https:\/\/canal7slp.tv\/2025\/wp-content\/uploads\/2021\/01\/logo-noticieros@2x.png","contentUrl":"https:\/\/canal7slp.tv\/2025\/wp-content\/uploads\/2021\/01\/logo-noticieros@2x.png","width":1017,"height":268,"caption":"Noticieros Canal 7"},"image":{"@id":"https:\/\/canal7slp.tv\/2025\/#\/schema\/logo\/image\/"},"sameAs":["https:\/\/www.facebook.com\/noticieroscanal7atencionciudadana\/","https:\/\/x.com\/NOTICIEROS7","https:\/\/www.instagram.com\/canal7_slp","https:\/\/www.youtube.com\/channel\/UCliiYs-gP3JfJeqdPrNdd5A"]},{"@type":"Person","@id":"https:\/\/canal7slp.tv\/2025\/#\/schema\/person\/271e2b60a96e7cc9d9ac296f4d7e414b","name":"Edici\u00f3n Web","image":{"@type":"ImageObject","inLanguage":"es","@id":"https:\/\/secure.gravatar.com\/avatar\/eee448fc3f7164808013b816ba91ac7e43bbe82a70bebac296f8bc6f0addaa1a?s=96&d=mm&r=g","url":"https:\/\/secure.gravatar.com\/avatar\/eee448fc3f7164808013b816ba91ac7e43bbe82a70bebac296f8bc6f0addaa1a?s=96&d=mm&r=g","contentUrl":"https:\/\/secure.gravatar.com\/avatar\/eee448fc3f7164808013b816ba91ac7e43bbe82a70bebac296f8bc6f0addaa1a?s=96&d=mm&r=g","caption":"Edici\u00f3n Web"},"url":"https:\/\/canal7slp.tv\/2025\/author\/edicionweb\/"}]}},"_links":{"self":[{"href":"https:\/\/canal7slp.tv\/2025\/wp-json\/wp\/v2\/posts\/171765","targetHints":{"allow":["GET"]}}],"collection":[{"href":"https:\/\/canal7slp.tv\/2025\/wp-json\/wp\/v2\/posts"}],"about":[{"href":"https:\/\/canal7slp.tv\/2025\/wp-json\/wp\/v2\/types\/post"}],"author":[{"embeddable":true,"href":"https:\/\/canal7slp.tv\/2025\/wp-json\/wp\/v2\/users\/2"}],"replies":[{"embeddable":true,"href":"https:\/\/canal7slp.tv\/2025\/wp-json\/wp\/v2\/comments?post=171765"}],"version-history":[{"count":1,"href":"https:\/\/canal7slp.tv\/2025\/wp-json\/wp\/v2\/posts\/171765\/revisions"}],"predecessor-version":[{"id":171767,"href":"https:\/\/canal7slp.tv\/2025\/wp-json\/wp\/v2\/posts\/171765\/revisions\/171767"}],"wp:featuredmedia":[{"embeddable":true,"href":"https:\/\/canal7slp.tv\/2025\/wp-json\/wp\/v2\/media\/171766"}],"wp:attachment":[{"href":"https:\/\/canal7slp.tv\/2025\/wp-json\/wp\/v2\/media?parent=171765"}],"wp:term":[{"taxonomy":"category","embeddable":true,"href":"https:\/\/canal7slp.tv\/2025\/wp-json\/wp\/v2\/categories?post=171765"},{"taxonomy":"post_tag","embeddable":true,"href":"https:\/\/canal7slp.tv\/2025\/wp-json\/wp\/v2\/tags?post=171765"}],"curies":[{"name":"wp","href":"https:\/\/api.w.org\/{rel}","templated":true}]}}