{"id":171700,"date":"2025-06-25T19:52:50","date_gmt":"2025-06-26T01:52:50","guid":{"rendered":"https:\/\/canal7slp.tv\/2025\/?p=171700"},"modified":"2025-12-10T08:48:51","modified_gmt":"2025-12-10T14:48:51","slug":"violencia-en-mexico-normalizada-afirma-el-vocero-de-la-arquidiocesis-potosina","status":"publish","type":"post","link":"https:\/\/canal7slp.tv\/2025\/violencia-en-mexico-normalizada-afirma-el-vocero-de-la-arquidiocesis-potosina\/","title":{"rendered":"Violencia en M\u00e9xico \u00abnormalizada\u00bb, afirma el vocero de la Arquidi\u00f3cesis Potosina"},"content":{"rendered":"<p style=\"text-align: justify;\"><span style=\"font-size: 1.21429rem;\">SLP.- Al referirse al asesinato de por lo menos 11 personas en Irapuato Guanajuato por parte de un comando armado que irrumpi\u00f3 en una fiesta patronal la noche de este martes, el vocero del Arzobispado Potosino Tom\u00e1s Cruz Perales, afirm\u00f3 que no se puede decir que es un hecho aislado como lo calificara la presidenta de la rep\u00fablica.<\/span><\/p>\n<p style=\"text-align: justify;\">Asimismo, dijo que lamentablemente la sociedad se est\u00e1 acostumbrando a este tipo de hechos violentos que han sucedido en algunos estados.<\/p>\n<p style=\"text-align: justify;\">En otro tema de la agenda nacional , Cruz Perales se refiri\u00f3 tambi\u00e9n a la propuesta de modificar la Ley Federal de Telecomunicaciones, al decir en algunos casos se corre el riesgo de coartar la libertad de expresi\u00f3n.<\/p>\n<p style=\"text-align: justify;\">Por \u00faltimo, el vocero del Arzobispado Potosino habl\u00f3 sobre las lluvias que se han registrado en los \u00faltimos d\u00edas, al hacer un llamado a mantener limpias las calles para evitar inundaciones y encharcamientos.<\/p>\n<p style=\"text-align: justify;\">Por: Claudio Ibarra<\/p>\n","protected":false},"excerpt":{"rendered":"<p>SLP.- Al referirse al asesinato de por lo menos 11 personas en Irapuato Guanajuato por parte de un comando armado que irrumpi\u00f3 en una fiesta patronal la noche de este martes, el vocero del Arzobispado Potosino Tom\u00e1s Cruz Perales, afirm\u00f3 que no se puede decir que es un hecho aislado como lo calificara la presidenta de la rep\u00fablica. Asimismo, dijo que lamentablemente la sociedad se est\u00e1 acostumbrando a este tipo de hechos violentos que han sucedido en algunos estados. En otro tema de la agenda nacional , Cruz Perales se refiri\u00f3 tambi\u00e9n a la propuesta de modificar la Ley Federal [&hellip;]<\/p>\n","protected":false},"author":2,"featured_media":171713,"comment_status":"closed","ping_status":"closed","sticky":false,"template":"","format":"video","meta":{"_monsterinsights_skip_tracking":false,"_monsterinsights_sitenote_active":false,"_monsterinsights_sitenote_note":"","_monsterinsights_sitenote_category":0,"footnotes":""},"categories":[5,519,45],"tags":[],"class_list":["post-171700","post","type-post","status-publish","format-video","has-post-thumbnail","hentry","category-destacadas","category-iglesia","category-localesyregionales","post_format-post-format-video","post--single"],"yoast_head":"<!-- This site is optimized with the Yoast SEO plugin v27.4 - https:\/\/yoast.com\/product\/yoast-seo-wordpress\/ -->\n<title>Violencia en M\u00e9xico &quot;normalizada&quot;, afirma el vocero de la Arquidi\u00f3cesis Potosina - Canal 7 SLP - 2025<\/title>\n<meta name=\"robots\" content=\"index, follow, max-snippet:-1, max-image-preview:large, max-video-preview:-1\" \/>\n<link rel=\"canonical\" href=\"https:\/\/canal7slp.tv\/2025\/violencia-en-mexico-normalizada-afirma-el-vocero-de-la-arquidiocesis-potosina\/\" \/>\n<meta property=\"og:locale\" content=\"es_ES\" \/>\n<meta property=\"og:type\" content=\"article\" \/>\n<meta property=\"og:title\" content=\"Violencia en M\u00e9xico &quot;normalizada&quot;, afirma el vocero de la Arquidi\u00f3cesis Potosina - Canal 7 SLP - 2025\" \/>\n<meta property=\"og:description\" content=\"SLP.- Al referirse al asesinato de por lo menos 11 personas en Irapuato Guanajuato por parte de un comando armado que irrumpi\u00f3 en una fiesta patronal la noche de este martes, el vocero del Arzobispado Potosino Tom\u00e1s Cruz Perales, afirm\u00f3 que no se puede decir que es un hecho aislado como lo calificara la presidenta de la rep\u00fablica. Asimismo, dijo que lamentablemente la sociedad se est\u00e1 acostumbrando a este tipo de hechos violentos que han sucedido en algunos estados. En otro tema de la agenda nacional , Cruz Perales se refiri\u00f3 tambi\u00e9n a la propuesta de modificar la Ley Federal [&hellip;]\" \/>\n<meta property=\"og:url\" content=\"https:\/\/canal7slp.tv\/2025\/violencia-en-mexico-normalizada-afirma-el-vocero-de-la-arquidiocesis-potosina\/\" \/>\n<meta property=\"og:site_name\" content=\"Canal 7 SLP - 2025\" \/>\n<meta property=\"article:publisher\" content=\"https:\/\/www.facebook.com\/noticieroscanal7atencionciudadana\/\" \/>\n<meta property=\"article:published_time\" content=\"2025-06-26T01:52:50+00:00\" \/>\n<meta property=\"article:modified_time\" content=\"2025-12-10T14:48:51+00:00\" \/>\n<meta property=\"og:image\" content=\"https:\/\/canal7slp.tv\/2025\/wp-content\/uploads\/2025\/06\/Claudio02PadraTom.jpg\" \/>\n\t<meta property=\"og:image:width\" content=\"1280\" \/>\n\t<meta property=\"og:image:height\" content=\"720\" \/>\n\t<meta property=\"og:image:type\" content=\"image\/jpeg\" \/>\n<meta name=\"author\" content=\"Edici\u00f3n Web\" \/>\n<meta name=\"twitter:card\" content=\"summary_large_image\" \/>\n<meta name=\"twitter:creator\" content=\"@NOTICIEROS7\" \/>\n<meta name=\"twitter:site\" content=\"@NOTICIEROS7\" \/>\n<meta name=\"twitter:label1\" content=\"Escrito por\" \/>\n\t<meta name=\"twitter:data1\" content=\"Edici\u00f3n Web\" \/>\n\t<meta name=\"twitter:label2\" content=\"Tiempo de lectura\" \/>\n\t<meta name=\"twitter:data2\" content=\"1 minuto\" \/>\n<script type=\"application\/ld+json\" class=\"yoast-schema-graph\">{\"@context\":\"https:\\\/\\\/schema.org\",\"@graph\":[{\"@type\":\"Article\",\"@id\":\"https:\\\/\\\/canal7slp.tv\\\/2025\\\/violencia-en-mexico-normalizada-afirma-el-vocero-de-la-arquidiocesis-potosina\\\/#article\",\"isPartOf\":{\"@id\":\"https:\\\/\\\/canal7slp.tv\\\/2025\\\/violencia-en-mexico-normalizada-afirma-el-vocero-de-la-arquidiocesis-potosina\\\/\"},\"author\":{\"name\":\"Edici\u00f3n Web\",\"@id\":\"https:\\\/\\\/canal7slp.tv\\\/2025\\\/#\\\/schema\\\/person\\\/271e2b60a96e7cc9d9ac296f4d7e414b\"},\"headline\":\"Violencia en M\u00e9xico \u00abnormalizada\u00bb, afirma el vocero de la Arquidi\u00f3cesis Potosina\",\"datePublished\":\"2025-06-26T01:52:50+00:00\",\"dateModified\":\"2025-12-10T14:48:51+00:00\",\"mainEntityOfPage\":{\"@id\":\"https:\\\/\\\/canal7slp.tv\\\/2025\\\/violencia-en-mexico-normalizada-afirma-el-vocero-de-la-arquidiocesis-potosina\\\/\"},\"wordCount\":170,\"publisher\":{\"@id\":\"https:\\\/\\\/canal7slp.tv\\\/2025\\\/#organization\"},\"image\":{\"@id\":\"https:\\\/\\\/canal7slp.tv\\\/2025\\\/violencia-en-mexico-normalizada-afirma-el-vocero-de-la-arquidiocesis-potosina\\\/#primaryimage\"},\"thumbnailUrl\":\"https:\\\/\\\/canal7slp.tv\\\/2025\\\/wp-content\\\/uploads\\\/2025\\\/06\\\/Claudio02PadraTom.jpg\",\"articleSection\":[\"DESTACADAS\",\"Iglesia\",\"LOCALES Y REGIONALES\"],\"inLanguage\":\"es\"},{\"@type\":\"WebPage\",\"@id\":\"https:\\\/\\\/canal7slp.tv\\\/2025\\\/violencia-en-mexico-normalizada-afirma-el-vocero-de-la-arquidiocesis-potosina\\\/\",\"url\":\"https:\\\/\\\/canal7slp.tv\\\/2025\\\/violencia-en-mexico-normalizada-afirma-el-vocero-de-la-arquidiocesis-potosina\\\/\",\"name\":\"Violencia en M\u00e9xico \\\"normalizada\\\", afirma el vocero de la Arquidi\u00f3cesis Potosina - Canal 7 SLP - 2025\",\"isPartOf\":{\"@id\":\"https:\\\/\\\/canal7slp.tv\\\/2025\\\/#website\"},\"primaryImageOfPage\":{\"@id\":\"https:\\\/\\\/canal7slp.tv\\\/2025\\\/violencia-en-mexico-normalizada-afirma-el-vocero-de-la-arquidiocesis-potosina\\\/#primaryimage\"},\"image\":{\"@id\":\"https:\\\/\\\/canal7slp.tv\\\/2025\\\/violencia-en-mexico-normalizada-afirma-el-vocero-de-la-arquidiocesis-potosina\\\/#primaryimage\"},\"thumbnailUrl\":\"https:\\\/\\\/canal7slp.tv\\\/2025\\\/wp-content\\\/uploads\\\/2025\\\/06\\\/Claudio02PadraTom.jpg\",\"datePublished\":\"2025-06-26T01:52:50+00:00\",\"dateModified\":\"2025-12-10T14:48:51+00:00\",\"breadcrumb\":{\"@id\":\"https:\\\/\\\/canal7slp.tv\\\/2025\\\/violencia-en-mexico-normalizada-afirma-el-vocero-de-la-arquidiocesis-potosina\\\/#breadcrumb\"},\"inLanguage\":\"es\",\"potentialAction\":[{\"@type\":\"ReadAction\",\"target\":[\"https:\\\/\\\/canal7slp.tv\\\/2025\\\/violencia-en-mexico-normalizada-afirma-el-vocero-de-la-arquidiocesis-potosina\\\/\"]}]},{\"@type\":\"ImageObject\",\"inLanguage\":\"es\",\"@id\":\"https:\\\/\\\/canal7slp.tv\\\/2025\\\/violencia-en-mexico-normalizada-afirma-el-vocero-de-la-arquidiocesis-potosina\\\/#primaryimage\",\"url\":\"https:\\\/\\\/canal7slp.tv\\\/2025\\\/wp-content\\\/uploads\\\/2025\\\/06\\\/Claudio02PadraTom.jpg\",\"contentUrl\":\"https:\\\/\\\/canal7slp.tv\\\/2025\\\/wp-content\\\/uploads\\\/2025\\\/06\\\/Claudio02PadraTom.jpg\",\"width\":1280,\"height\":720},{\"@type\":\"BreadcrumbList\",\"@id\":\"https:\\\/\\\/canal7slp.tv\\\/2025\\\/violencia-en-mexico-normalizada-afirma-el-vocero-de-la-arquidiocesis-potosina\\\/#breadcrumb\",\"itemListElement\":[{\"@type\":\"ListItem\",\"position\":1,\"name\":\"Portada\",\"item\":\"https:\\\/\\\/canal7slp.tv\\\/2025\\\/\"},{\"@type\":\"ListItem\",\"position\":2,\"name\":\"Violencia en M\u00e9xico \u00abnormalizada\u00bb, afirma el vocero de la Arquidi\u00f3cesis Potosina\"}]},{\"@type\":\"WebSite\",\"@id\":\"https:\\\/\\\/canal7slp.tv\\\/2025\\\/#website\",\"url\":\"https:\\\/\\\/canal7slp.tv\\\/2025\\\/\",\"name\":\"N7 - Noticieros Canal 7\",\"description\":\"Somos el Medio\",\"publisher\":{\"@id\":\"https:\\\/\\\/canal7slp.tv\\\/2025\\\/#organization\"},\"potentialAction\":[{\"@type\":\"SearchAction\",\"target\":{\"@type\":\"EntryPoint\",\"urlTemplate\":\"https:\\\/\\\/canal7slp.tv\\\/2025\\\/?s={search_term_string}\"},\"query-input\":{\"@type\":\"PropertyValueSpecification\",\"valueRequired\":true,\"valueName\":\"search_term_string\"}}],\"inLanguage\":\"es\"},{\"@type\":\"Organization\",\"@id\":\"https:\\\/\\\/canal7slp.tv\\\/2025\\\/#organization\",\"name\":\"Noticieros Canal 7\",\"url\":\"https:\\\/\\\/canal7slp.tv\\\/2025\\\/\",\"logo\":{\"@type\":\"ImageObject\",\"inLanguage\":\"es\",\"@id\":\"https:\\\/\\\/canal7slp.tv\\\/2025\\\/#\\\/schema\\\/logo\\\/image\\\/\",\"url\":\"https:\\\/\\\/canal7slp.tv\\\/2025\\\/wp-content\\\/uploads\\\/2021\\\/01\\\/logo-noticieros@2x.png\",\"contentUrl\":\"https:\\\/\\\/canal7slp.tv\\\/2025\\\/wp-content\\\/uploads\\\/2021\\\/01\\\/logo-noticieros@2x.png\",\"width\":1017,\"height\":268,\"caption\":\"Noticieros Canal 7\"},\"image\":{\"@id\":\"https:\\\/\\\/canal7slp.tv\\\/2025\\\/#\\\/schema\\\/logo\\\/image\\\/\"},\"sameAs\":[\"https:\\\/\\\/www.facebook.com\\\/noticieroscanal7atencionciudadana\\\/\",\"https:\\\/\\\/x.com\\\/NOTICIEROS7\",\"https:\\\/\\\/www.instagram.com\\\/canal7_slp\",\"https:\\\/\\\/www.youtube.com\\\/channel\\\/UCliiYs-gP3JfJeqdPrNdd5A\"]},{\"@type\":\"Person\",\"@id\":\"https:\\\/\\\/canal7slp.tv\\\/2025\\\/#\\\/schema\\\/person\\\/271e2b60a96e7cc9d9ac296f4d7e414b\",\"name\":\"Edici\u00f3n Web\",\"image\":{\"@type\":\"ImageObject\",\"inLanguage\":\"es\",\"@id\":\"https:\\\/\\\/secure.gravatar.com\\\/avatar\\\/eee448fc3f7164808013b816ba91ac7e43bbe82a70bebac296f8bc6f0addaa1a?s=96&d=mm&r=g\",\"url\":\"https:\\\/\\\/secure.gravatar.com\\\/avatar\\\/eee448fc3f7164808013b816ba91ac7e43bbe82a70bebac296f8bc6f0addaa1a?s=96&d=mm&r=g\",\"contentUrl\":\"https:\\\/\\\/secure.gravatar.com\\\/avatar\\\/eee448fc3f7164808013b816ba91ac7e43bbe82a70bebac296f8bc6f0addaa1a?s=96&d=mm&r=g\",\"caption\":\"Edici\u00f3n Web\"},\"url\":\"https:\\\/\\\/canal7slp.tv\\\/2025\\\/author\\\/edicionweb\\\/\"}]}<\/script>\n<!-- \/ Yoast SEO plugin. -->","yoast_head_json":{"title":"Violencia en M\u00e9xico \"normalizada\", afirma el vocero de la Arquidi\u00f3cesis Potosina - Canal 7 SLP - 2025","robots":{"index":"index","follow":"follow","max-snippet":"max-snippet:-1","max-image-preview":"max-image-preview:large","max-video-preview":"max-video-preview:-1"},"canonical":"https:\/\/canal7slp.tv\/2025\/violencia-en-mexico-normalizada-afirma-el-vocero-de-la-arquidiocesis-potosina\/","og_locale":"es_ES","og_type":"article","og_title":"Violencia en M\u00e9xico \"normalizada\", afirma el vocero de la Arquidi\u00f3cesis Potosina - Canal 7 SLP - 2025","og_description":"SLP.- Al referirse al asesinato de por lo menos 11 personas en Irapuato Guanajuato por parte de un comando armado que irrumpi\u00f3 en una fiesta patronal la noche de este martes, el vocero del Arzobispado Potosino Tom\u00e1s Cruz Perales, afirm\u00f3 que no se puede decir que es un hecho aislado como lo calificara la presidenta de la rep\u00fablica. Asimismo, dijo que lamentablemente la sociedad se est\u00e1 acostumbrando a este tipo de hechos violentos que han sucedido en algunos estados. En otro tema de la agenda nacional , Cruz Perales se refiri\u00f3 tambi\u00e9n a la propuesta de modificar la Ley Federal [&hellip;]","og_url":"https:\/\/canal7slp.tv\/2025\/violencia-en-mexico-normalizada-afirma-el-vocero-de-la-arquidiocesis-potosina\/","og_site_name":"Canal 7 SLP - 2025","article_publisher":"https:\/\/www.facebook.com\/noticieroscanal7atencionciudadana\/","article_published_time":"2025-06-26T01:52:50+00:00","article_modified_time":"2025-12-10T14:48:51+00:00","og_image":[{"width":1280,"height":720,"url":"https:\/\/canal7slp.tv\/2025\/wp-content\/uploads\/2025\/06\/Claudio02PadraTom.jpg","type":"image\/jpeg"}],"author":"Edici\u00f3n Web","twitter_card":"summary_large_image","twitter_creator":"@NOTICIEROS7","twitter_site":"@NOTICIEROS7","twitter_misc":{"Escrito por":"Edici\u00f3n Web","Tiempo de lectura":"1 minuto"},"schema":{"@context":"https:\/\/schema.org","@graph":[{"@type":"Article","@id":"https:\/\/canal7slp.tv\/2025\/violencia-en-mexico-normalizada-afirma-el-vocero-de-la-arquidiocesis-potosina\/#article","isPartOf":{"@id":"https:\/\/canal7slp.tv\/2025\/violencia-en-mexico-normalizada-afirma-el-vocero-de-la-arquidiocesis-potosina\/"},"author":{"name":"Edici\u00f3n Web","@id":"https:\/\/canal7slp.tv\/2025\/#\/schema\/person\/271e2b60a96e7cc9d9ac296f4d7e414b"},"headline":"Violencia en M\u00e9xico \u00abnormalizada\u00bb, afirma el vocero de la Arquidi\u00f3cesis Potosina","datePublished":"2025-06-26T01:52:50+00:00","dateModified":"2025-12-10T14:48:51+00:00","mainEntityOfPage":{"@id":"https:\/\/canal7slp.tv\/2025\/violencia-en-mexico-normalizada-afirma-el-vocero-de-la-arquidiocesis-potosina\/"},"wordCount":170,"publisher":{"@id":"https:\/\/canal7slp.tv\/2025\/#organization"},"image":{"@id":"https:\/\/canal7slp.tv\/2025\/violencia-en-mexico-normalizada-afirma-el-vocero-de-la-arquidiocesis-potosina\/#primaryimage"},"thumbnailUrl":"https:\/\/canal7slp.tv\/2025\/wp-content\/uploads\/2025\/06\/Claudio02PadraTom.jpg","articleSection":["DESTACADAS","Iglesia","LOCALES Y REGIONALES"],"inLanguage":"es"},{"@type":"WebPage","@id":"https:\/\/canal7slp.tv\/2025\/violencia-en-mexico-normalizada-afirma-el-vocero-de-la-arquidiocesis-potosina\/","url":"https:\/\/canal7slp.tv\/2025\/violencia-en-mexico-normalizada-afirma-el-vocero-de-la-arquidiocesis-potosina\/","name":"Violencia en M\u00e9xico \"normalizada\", afirma el vocero de la Arquidi\u00f3cesis Potosina - Canal 7 SLP - 2025","isPartOf":{"@id":"https:\/\/canal7slp.tv\/2025\/#website"},"primaryImageOfPage":{"@id":"https:\/\/canal7slp.tv\/2025\/violencia-en-mexico-normalizada-afirma-el-vocero-de-la-arquidiocesis-potosina\/#primaryimage"},"image":{"@id":"https:\/\/canal7slp.tv\/2025\/violencia-en-mexico-normalizada-afirma-el-vocero-de-la-arquidiocesis-potosina\/#primaryimage"},"thumbnailUrl":"https:\/\/canal7slp.tv\/2025\/wp-content\/uploads\/2025\/06\/Claudio02PadraTom.jpg","datePublished":"2025-06-26T01:52:50+00:00","dateModified":"2025-12-10T14:48:51+00:00","breadcrumb":{"@id":"https:\/\/canal7slp.tv\/2025\/violencia-en-mexico-normalizada-afirma-el-vocero-de-la-arquidiocesis-potosina\/#breadcrumb"},"inLanguage":"es","potentialAction":[{"@type":"ReadAction","target":["https:\/\/canal7slp.tv\/2025\/violencia-en-mexico-normalizada-afirma-el-vocero-de-la-arquidiocesis-potosina\/"]}]},{"@type":"ImageObject","inLanguage":"es","@id":"https:\/\/canal7slp.tv\/2025\/violencia-en-mexico-normalizada-afirma-el-vocero-de-la-arquidiocesis-potosina\/#primaryimage","url":"https:\/\/canal7slp.tv\/2025\/wp-content\/uploads\/2025\/06\/Claudio02PadraTom.jpg","contentUrl":"https:\/\/canal7slp.tv\/2025\/wp-content\/uploads\/2025\/06\/Claudio02PadraTom.jpg","width":1280,"height":720},{"@type":"BreadcrumbList","@id":"https:\/\/canal7slp.tv\/2025\/violencia-en-mexico-normalizada-afirma-el-vocero-de-la-arquidiocesis-potosina\/#breadcrumb","itemListElement":[{"@type":"ListItem","position":1,"name":"Portada","item":"https:\/\/canal7slp.tv\/2025\/"},{"@type":"ListItem","position":2,"name":"Violencia en M\u00e9xico \u00abnormalizada\u00bb, afirma el vocero de la Arquidi\u00f3cesis Potosina"}]},{"@type":"WebSite","@id":"https:\/\/canal7slp.tv\/2025\/#website","url":"https:\/\/canal7slp.tv\/2025\/","name":"N7 - Noticieros Canal 7","description":"Somos el Medio","publisher":{"@id":"https:\/\/canal7slp.tv\/2025\/#organization"},"potentialAction":[{"@type":"SearchAction","target":{"@type":"EntryPoint","urlTemplate":"https:\/\/canal7slp.tv\/2025\/?s={search_term_string}"},"query-input":{"@type":"PropertyValueSpecification","valueRequired":true,"valueName":"search_term_string"}}],"inLanguage":"es"},{"@type":"Organization","@id":"https:\/\/canal7slp.tv\/2025\/#organization","name":"Noticieros Canal 7","url":"https:\/\/canal7slp.tv\/2025\/","logo":{"@type":"ImageObject","inLanguage":"es","@id":"https:\/\/canal7slp.tv\/2025\/#\/schema\/logo\/image\/","url":"https:\/\/canal7slp.tv\/2025\/wp-content\/uploads\/2021\/01\/logo-noticieros@2x.png","contentUrl":"https:\/\/canal7slp.tv\/2025\/wp-content\/uploads\/2021\/01\/logo-noticieros@2x.png","width":1017,"height":268,"caption":"Noticieros Canal 7"},"image":{"@id":"https:\/\/canal7slp.tv\/2025\/#\/schema\/logo\/image\/"},"sameAs":["https:\/\/www.facebook.com\/noticieroscanal7atencionciudadana\/","https:\/\/x.com\/NOTICIEROS7","https:\/\/www.instagram.com\/canal7_slp","https:\/\/www.youtube.com\/channel\/UCliiYs-gP3JfJeqdPrNdd5A"]},{"@type":"Person","@id":"https:\/\/canal7slp.tv\/2025\/#\/schema\/person\/271e2b60a96e7cc9d9ac296f4d7e414b","name":"Edici\u00f3n Web","image":{"@type":"ImageObject","inLanguage":"es","@id":"https:\/\/secure.gravatar.com\/avatar\/eee448fc3f7164808013b816ba91ac7e43bbe82a70bebac296f8bc6f0addaa1a?s=96&d=mm&r=g","url":"https:\/\/secure.gravatar.com\/avatar\/eee448fc3f7164808013b816ba91ac7e43bbe82a70bebac296f8bc6f0addaa1a?s=96&d=mm&r=g","contentUrl":"https:\/\/secure.gravatar.com\/avatar\/eee448fc3f7164808013b816ba91ac7e43bbe82a70bebac296f8bc6f0addaa1a?s=96&d=mm&r=g","caption":"Edici\u00f3n Web"},"url":"https:\/\/canal7slp.tv\/2025\/author\/edicionweb\/"}]}},"_links":{"self":[{"href":"https:\/\/canal7slp.tv\/2025\/wp-json\/wp\/v2\/posts\/171700","targetHints":{"allow":["GET"]}}],"collection":[{"href":"https:\/\/canal7slp.tv\/2025\/wp-json\/wp\/v2\/posts"}],"about":[{"href":"https:\/\/canal7slp.tv\/2025\/wp-json\/wp\/v2\/types\/post"}],"author":[{"embeddable":true,"href":"https:\/\/canal7slp.tv\/2025\/wp-json\/wp\/v2\/users\/2"}],"replies":[{"embeddable":true,"href":"https:\/\/canal7slp.tv\/2025\/wp-json\/wp\/v2\/comments?post=171700"}],"version-history":[{"count":2,"href":"https:\/\/canal7slp.tv\/2025\/wp-json\/wp\/v2\/posts\/171700\/revisions"}],"predecessor-version":[{"id":171714,"href":"https:\/\/canal7slp.tv\/2025\/wp-json\/wp\/v2\/posts\/171700\/revisions\/171714"}],"wp:featuredmedia":[{"embeddable":true,"href":"https:\/\/canal7slp.tv\/2025\/wp-json\/wp\/v2\/media\/171713"}],"wp:attachment":[{"href":"https:\/\/canal7slp.tv\/2025\/wp-json\/wp\/v2\/media?parent=171700"}],"wp:term":[{"taxonomy":"category","embeddable":true,"href":"https:\/\/canal7slp.tv\/2025\/wp-json\/wp\/v2\/categories?post=171700"},{"taxonomy":"post_tag","embeddable":true,"href":"https:\/\/canal7slp.tv\/2025\/wp-json\/wp\/v2\/tags?post=171700"}],"curies":[{"name":"wp","href":"https:\/\/api.w.org\/{rel}","templated":true}]}}