{"id":171462,"date":"2025-06-23T21:20:20","date_gmt":"2025-06-24T03:20:20","guid":{"rendered":"https:\/\/canal7slp.tv\/2025\/?p=171462"},"modified":"2025-06-23T21:20:20","modified_gmt":"2025-06-24T03:20:20","slug":"primera-cena-corporativa-anual-de-mexcentrix-punto-de-consolidacion-de-alianzas-entre-empresariado-asiatico-y-autoridades","status":"publish","type":"post","link":"https:\/\/canal7slp.tv\/2025\/primera-cena-corporativa-anual-de-mexcentrix-punto-de-consolidacion-de-alianzas-entre-empresariado-asiatico-y-autoridades\/","title":{"rendered":"Primera Cena Corporativa Anual de Mexcentrix, punto de consolidaci\u00f3n de alianzas entre empresariado asi\u00e1tico y autoridades"},"content":{"rendered":"<p style=\"text-align: justify;\"><span style=\"font-size: 1.21429rem;\">SLP.- En el marco de la primera cena corporativa anual de Mexcentrix -representada por Jes\u00fas O. Aguirre y Andr\u00e9s O. Aguirre- con la Secretar\u00eda de Desarrollo Econ\u00f3mico (SEDECO), se reafirm\u00f3 el compromiso de consolidar alianzas con empresas de origen chino, que han depositado su confianza al invertir en la entidad.<\/span><\/p>\n<p style=\"text-align: justify;\">Este evento reuni\u00f3 a representantes de m\u00e1s de 50 empresas -entre ellas, firmas l\u00edderes como Fabcast Solutions, Minghua, Digit y Sunmetals- quienes encontraron en San Luis Potos\u00ed un entorno propicio para crecer y diversificar su mercado.<\/p>\n<p style=\"text-align: justify;\">El titular de la Secretar\u00eda de Desarrollo Econ\u00f3mico, Salvador Gonz\u00e1lez Mart\u00ednez destac\u00f3 que frente a desaf\u00edos globales como pol\u00edticas arancelarias, se implementaron medidas proactivas que garanticen competitividad, certeza jur\u00eddica y condiciones operativas de alto nivel.<\/p>\n<p style=\"text-align: justify;\">Agreg\u00f3 que el esfuerzo desde el Ejecutivo Local incluyen incentivos, reducci\u00f3n de tr\u00e1mites, vinculaci\u00f3n con universidades y formaci\u00f3n especializada.<\/p>\n<p style=\"text-align: justify;\">Ello, como parte de una pol\u00edtica de desarrollo econ\u00f3mico abierta y colaborativa.<\/p>\n<p>Por: Paulina Rodr\u00edguez<\/p>\n","protected":false},"excerpt":{"rendered":"<p>SLP.- En el marco de la primera cena corporativa anual de Mexcentrix -representada por Jes\u00fas O. Aguirre y Andr\u00e9s O. Aguirre- con la Secretar\u00eda de Desarrollo Econ\u00f3mico (SEDECO), se reafirm\u00f3 el compromiso de consolidar alianzas con empresas de origen chino, que han depositado su confianza al invertir en la entidad. Este evento reuni\u00f3 a representantes de m\u00e1s de 50 empresas -entre ellas, firmas l\u00edderes como Fabcast Solutions, Minghua, Digit y Sunmetals- quienes encontraron en San Luis Potos\u00ed un entorno propicio para crecer y diversificar su mercado. El titular de la Secretar\u00eda de Desarrollo Econ\u00f3mico, Salvador Gonz\u00e1lez Mart\u00ednez destac\u00f3 que frente [&hellip;]<\/p>\n","protected":false},"author":2,"featured_media":171464,"comment_status":"closed","ping_status":"closed","sticky":false,"template":"","format":"video","meta":{"_monsterinsights_skip_tracking":false,"_monsterinsights_sitenote_active":false,"_monsterinsights_sitenote_note":"","_monsterinsights_sitenote_category":0,"footnotes":""},"categories":[5,45],"tags":[],"class_list":["post-171462","post","type-post","status-publish","format-video","has-post-thumbnail","hentry","category-destacadas","category-localesyregionales","post_format-post-format-video","post--single"],"yoast_head":"<!-- This site is optimized with the Yoast SEO plugin v27.5 - https:\/\/yoast.com\/product\/yoast-seo-wordpress\/ -->\n<title>Primera Cena Corporativa Anual de Mexcentrix, punto de consolidaci\u00f3n de alianzas entre empresariado asi\u00e1tico y autoridades - Canal 7 SLP - 2025<\/title>\n<meta name=\"robots\" content=\"index, follow, max-snippet:-1, max-image-preview:large, max-video-preview:-1\" \/>\n<link rel=\"canonical\" href=\"https:\/\/canal7slp.tv\/2025\/primera-cena-corporativa-anual-de-mexcentrix-punto-de-consolidacion-de-alianzas-entre-empresariado-asiatico-y-autoridades\/\" \/>\n<meta property=\"og:locale\" content=\"es_ES\" \/>\n<meta property=\"og:type\" content=\"article\" \/>\n<meta property=\"og:title\" content=\"Primera Cena Corporativa Anual de Mexcentrix, punto de consolidaci\u00f3n de alianzas entre empresariado asi\u00e1tico y autoridades - Canal 7 SLP - 2025\" \/>\n<meta property=\"og:description\" content=\"SLP.- En el marco de la primera cena corporativa anual de Mexcentrix -representada por Jes\u00fas O. Aguirre y Andr\u00e9s O. Aguirre- con la Secretar\u00eda de Desarrollo Econ\u00f3mico (SEDECO), se reafirm\u00f3 el compromiso de consolidar alianzas con empresas de origen chino, que han depositado su confianza al invertir en la entidad. Este evento reuni\u00f3 a representantes de m\u00e1s de 50 empresas -entre ellas, firmas l\u00edderes como Fabcast Solutions, Minghua, Digit y Sunmetals- quienes encontraron en San Luis Potos\u00ed un entorno propicio para crecer y diversificar su mercado. El titular de la Secretar\u00eda de Desarrollo Econ\u00f3mico, Salvador Gonz\u00e1lez Mart\u00ednez destac\u00f3 que frente [&hellip;]\" \/>\n<meta property=\"og:url\" content=\"https:\/\/canal7slp.tv\/2025\/primera-cena-corporativa-anual-de-mexcentrix-punto-de-consolidacion-de-alianzas-entre-empresariado-asiatico-y-autoridades\/\" \/>\n<meta property=\"og:site_name\" content=\"Canal 7 SLP - 2025\" \/>\n<meta property=\"article:publisher\" content=\"https:\/\/www.facebook.com\/noticieroscanal7atencionciudadana\/\" \/>\n<meta property=\"article:published_time\" content=\"2025-06-24T03:20:20+00:00\" \/>\n<meta property=\"og:image\" content=\"https:\/\/canal7slp.tv\/2025\/wp-content\/uploads\/2025\/06\/Pau01Mexcentrix.jpg\" \/>\n\t<meta property=\"og:image:width\" content=\"1280\" \/>\n\t<meta property=\"og:image:height\" content=\"720\" \/>\n\t<meta property=\"og:image:type\" content=\"image\/jpeg\" \/>\n<meta name=\"author\" content=\"Edici\u00f3n Web\" \/>\n<meta name=\"twitter:card\" content=\"summary_large_image\" \/>\n<meta name=\"twitter:creator\" content=\"@NOTICIEROS7\" \/>\n<meta name=\"twitter:site\" content=\"@NOTICIEROS7\" \/>\n<meta name=\"twitter:label1\" content=\"Escrito por\" \/>\n\t<meta name=\"twitter:data1\" content=\"Edici\u00f3n Web\" \/>\n\t<meta name=\"twitter:label2\" content=\"Tiempo de lectura\" \/>\n\t<meta name=\"twitter:data2\" content=\"1 minuto\" \/>\n<script type=\"application\/ld+json\" class=\"yoast-schema-graph\">{\"@context\":\"https:\\\/\\\/schema.org\",\"@graph\":[{\"@type\":\"Article\",\"@id\":\"https:\\\/\\\/canal7slp.tv\\\/2025\\\/primera-cena-corporativa-anual-de-mexcentrix-punto-de-consolidacion-de-alianzas-entre-empresariado-asiatico-y-autoridades\\\/#article\",\"isPartOf\":{\"@id\":\"https:\\\/\\\/canal7slp.tv\\\/2025\\\/primera-cena-corporativa-anual-de-mexcentrix-punto-de-consolidacion-de-alianzas-entre-empresariado-asiatico-y-autoridades\\\/\"},\"author\":{\"name\":\"Edici\u00f3n Web\",\"@id\":\"https:\\\/\\\/canal7slp.tv\\\/2025\\\/#\\\/schema\\\/person\\\/271e2b60a96e7cc9d9ac296f4d7e414b\"},\"headline\":\"Primera Cena Corporativa Anual de Mexcentrix, punto de consolidaci\u00f3n de alianzas entre empresariado asi\u00e1tico y autoridades\",\"datePublished\":\"2025-06-24T03:20:20+00:00\",\"mainEntityOfPage\":{\"@id\":\"https:\\\/\\\/canal7slp.tv\\\/2025\\\/primera-cena-corporativa-anual-de-mexcentrix-punto-de-consolidacion-de-alianzas-entre-empresariado-asiatico-y-autoridades\\\/\"},\"wordCount\":193,\"publisher\":{\"@id\":\"https:\\\/\\\/canal7slp.tv\\\/2025\\\/#organization\"},\"image\":{\"@id\":\"https:\\\/\\\/canal7slp.tv\\\/2025\\\/primera-cena-corporativa-anual-de-mexcentrix-punto-de-consolidacion-de-alianzas-entre-empresariado-asiatico-y-autoridades\\\/#primaryimage\"},\"thumbnailUrl\":\"https:\\\/\\\/canal7slp.tv\\\/2025\\\/wp-content\\\/uploads\\\/2025\\\/06\\\/Pau01Mexcentrix.jpg\",\"articleSection\":[\"DESTACADAS\",\"LOCALES Y REGIONALES\"],\"inLanguage\":\"es\"},{\"@type\":\"WebPage\",\"@id\":\"https:\\\/\\\/canal7slp.tv\\\/2025\\\/primera-cena-corporativa-anual-de-mexcentrix-punto-de-consolidacion-de-alianzas-entre-empresariado-asiatico-y-autoridades\\\/\",\"url\":\"https:\\\/\\\/canal7slp.tv\\\/2025\\\/primera-cena-corporativa-anual-de-mexcentrix-punto-de-consolidacion-de-alianzas-entre-empresariado-asiatico-y-autoridades\\\/\",\"name\":\"Primera Cena Corporativa Anual de Mexcentrix, punto de consolidaci\u00f3n de alianzas entre empresariado asi\u00e1tico y autoridades - Canal 7 SLP - 2025\",\"isPartOf\":{\"@id\":\"https:\\\/\\\/canal7slp.tv\\\/2025\\\/#website\"},\"primaryImageOfPage\":{\"@id\":\"https:\\\/\\\/canal7slp.tv\\\/2025\\\/primera-cena-corporativa-anual-de-mexcentrix-punto-de-consolidacion-de-alianzas-entre-empresariado-asiatico-y-autoridades\\\/#primaryimage\"},\"image\":{\"@id\":\"https:\\\/\\\/canal7slp.tv\\\/2025\\\/primera-cena-corporativa-anual-de-mexcentrix-punto-de-consolidacion-de-alianzas-entre-empresariado-asiatico-y-autoridades\\\/#primaryimage\"},\"thumbnailUrl\":\"https:\\\/\\\/canal7slp.tv\\\/2025\\\/wp-content\\\/uploads\\\/2025\\\/06\\\/Pau01Mexcentrix.jpg\",\"datePublished\":\"2025-06-24T03:20:20+00:00\",\"breadcrumb\":{\"@id\":\"https:\\\/\\\/canal7slp.tv\\\/2025\\\/primera-cena-corporativa-anual-de-mexcentrix-punto-de-consolidacion-de-alianzas-entre-empresariado-asiatico-y-autoridades\\\/#breadcrumb\"},\"inLanguage\":\"es\",\"potentialAction\":[{\"@type\":\"ReadAction\",\"target\":[\"https:\\\/\\\/canal7slp.tv\\\/2025\\\/primera-cena-corporativa-anual-de-mexcentrix-punto-de-consolidacion-de-alianzas-entre-empresariado-asiatico-y-autoridades\\\/\"]}]},{\"@type\":\"ImageObject\",\"inLanguage\":\"es\",\"@id\":\"https:\\\/\\\/canal7slp.tv\\\/2025\\\/primera-cena-corporativa-anual-de-mexcentrix-punto-de-consolidacion-de-alianzas-entre-empresariado-asiatico-y-autoridades\\\/#primaryimage\",\"url\":\"https:\\\/\\\/canal7slp.tv\\\/2025\\\/wp-content\\\/uploads\\\/2025\\\/06\\\/Pau01Mexcentrix.jpg\",\"contentUrl\":\"https:\\\/\\\/canal7slp.tv\\\/2025\\\/wp-content\\\/uploads\\\/2025\\\/06\\\/Pau01Mexcentrix.jpg\",\"width\":1280,\"height\":720},{\"@type\":\"BreadcrumbList\",\"@id\":\"https:\\\/\\\/canal7slp.tv\\\/2025\\\/primera-cena-corporativa-anual-de-mexcentrix-punto-de-consolidacion-de-alianzas-entre-empresariado-asiatico-y-autoridades\\\/#breadcrumb\",\"itemListElement\":[{\"@type\":\"ListItem\",\"position\":1,\"name\":\"Portada\",\"item\":\"https:\\\/\\\/canal7slp.tv\\\/2025\\\/\"},{\"@type\":\"ListItem\",\"position\":2,\"name\":\"Primera Cena Corporativa Anual de Mexcentrix, punto de consolidaci\u00f3n de alianzas entre empresariado asi\u00e1tico y autoridades\"}]},{\"@type\":\"WebSite\",\"@id\":\"https:\\\/\\\/canal7slp.tv\\\/2025\\\/#website\",\"url\":\"https:\\\/\\\/canal7slp.tv\\\/2025\\\/\",\"name\":\"N7 - Noticieros Canal 7\",\"description\":\"Somos el Medio\",\"publisher\":{\"@id\":\"https:\\\/\\\/canal7slp.tv\\\/2025\\\/#organization\"},\"potentialAction\":[{\"@type\":\"SearchAction\",\"target\":{\"@type\":\"EntryPoint\",\"urlTemplate\":\"https:\\\/\\\/canal7slp.tv\\\/2025\\\/?s={search_term_string}\"},\"query-input\":{\"@type\":\"PropertyValueSpecification\",\"valueRequired\":true,\"valueName\":\"search_term_string\"}}],\"inLanguage\":\"es\"},{\"@type\":\"Organization\",\"@id\":\"https:\\\/\\\/canal7slp.tv\\\/2025\\\/#organization\",\"name\":\"Noticieros Canal 7\",\"url\":\"https:\\\/\\\/canal7slp.tv\\\/2025\\\/\",\"logo\":{\"@type\":\"ImageObject\",\"inLanguage\":\"es\",\"@id\":\"https:\\\/\\\/canal7slp.tv\\\/2025\\\/#\\\/schema\\\/logo\\\/image\\\/\",\"url\":\"https:\\\/\\\/canal7slp.tv\\\/2025\\\/wp-content\\\/uploads\\\/2021\\\/01\\\/logo-noticieros@2x.png\",\"contentUrl\":\"https:\\\/\\\/canal7slp.tv\\\/2025\\\/wp-content\\\/uploads\\\/2021\\\/01\\\/logo-noticieros@2x.png\",\"width\":1017,\"height\":268,\"caption\":\"Noticieros Canal 7\"},\"image\":{\"@id\":\"https:\\\/\\\/canal7slp.tv\\\/2025\\\/#\\\/schema\\\/logo\\\/image\\\/\"},\"sameAs\":[\"https:\\\/\\\/www.facebook.com\\\/noticieroscanal7atencionciudadana\\\/\",\"https:\\\/\\\/x.com\\\/NOTICIEROS7\",\"https:\\\/\\\/www.instagram.com\\\/canal7_slp\",\"https:\\\/\\\/www.youtube.com\\\/channel\\\/UCliiYs-gP3JfJeqdPrNdd5A\"]},{\"@type\":\"Person\",\"@id\":\"https:\\\/\\\/canal7slp.tv\\\/2025\\\/#\\\/schema\\\/person\\\/271e2b60a96e7cc9d9ac296f4d7e414b\",\"name\":\"Edici\u00f3n Web\",\"image\":{\"@type\":\"ImageObject\",\"inLanguage\":\"es\",\"@id\":\"https:\\\/\\\/secure.gravatar.com\\\/avatar\\\/eee448fc3f7164808013b816ba91ac7e43bbe82a70bebac296f8bc6f0addaa1a?s=96&d=mm&r=g\",\"url\":\"https:\\\/\\\/secure.gravatar.com\\\/avatar\\\/eee448fc3f7164808013b816ba91ac7e43bbe82a70bebac296f8bc6f0addaa1a?s=96&d=mm&r=g\",\"contentUrl\":\"https:\\\/\\\/secure.gravatar.com\\\/avatar\\\/eee448fc3f7164808013b816ba91ac7e43bbe82a70bebac296f8bc6f0addaa1a?s=96&d=mm&r=g\",\"caption\":\"Edici\u00f3n Web\"},\"url\":\"https:\\\/\\\/canal7slp.tv\\\/2025\\\/author\\\/edicionweb\\\/\"}]}<\/script>\n<!-- \/ Yoast SEO plugin. -->","yoast_head_json":{"title":"Primera Cena Corporativa Anual de Mexcentrix, punto de consolidaci\u00f3n de alianzas entre empresariado asi\u00e1tico y autoridades - Canal 7 SLP - 2025","robots":{"index":"index","follow":"follow","max-snippet":"max-snippet:-1","max-image-preview":"max-image-preview:large","max-video-preview":"max-video-preview:-1"},"canonical":"https:\/\/canal7slp.tv\/2025\/primera-cena-corporativa-anual-de-mexcentrix-punto-de-consolidacion-de-alianzas-entre-empresariado-asiatico-y-autoridades\/","og_locale":"es_ES","og_type":"article","og_title":"Primera Cena Corporativa Anual de Mexcentrix, punto de consolidaci\u00f3n de alianzas entre empresariado asi\u00e1tico y autoridades - Canal 7 SLP - 2025","og_description":"SLP.- En el marco de la primera cena corporativa anual de Mexcentrix -representada por Jes\u00fas O. Aguirre y Andr\u00e9s O. Aguirre- con la Secretar\u00eda de Desarrollo Econ\u00f3mico (SEDECO), se reafirm\u00f3 el compromiso de consolidar alianzas con empresas de origen chino, que han depositado su confianza al invertir en la entidad. Este evento reuni\u00f3 a representantes de m\u00e1s de 50 empresas -entre ellas, firmas l\u00edderes como Fabcast Solutions, Minghua, Digit y Sunmetals- quienes encontraron en San Luis Potos\u00ed un entorno propicio para crecer y diversificar su mercado. El titular de la Secretar\u00eda de Desarrollo Econ\u00f3mico, Salvador Gonz\u00e1lez Mart\u00ednez destac\u00f3 que frente [&hellip;]","og_url":"https:\/\/canal7slp.tv\/2025\/primera-cena-corporativa-anual-de-mexcentrix-punto-de-consolidacion-de-alianzas-entre-empresariado-asiatico-y-autoridades\/","og_site_name":"Canal 7 SLP - 2025","article_publisher":"https:\/\/www.facebook.com\/noticieroscanal7atencionciudadana\/","article_published_time":"2025-06-24T03:20:20+00:00","og_image":[{"width":1280,"height":720,"url":"https:\/\/canal7slp.tv\/2025\/wp-content\/uploads\/2025\/06\/Pau01Mexcentrix.jpg","type":"image\/jpeg"}],"author":"Edici\u00f3n Web","twitter_card":"summary_large_image","twitter_creator":"@NOTICIEROS7","twitter_site":"@NOTICIEROS7","twitter_misc":{"Escrito por":"Edici\u00f3n Web","Tiempo de lectura":"1 minuto"},"schema":{"@context":"https:\/\/schema.org","@graph":[{"@type":"Article","@id":"https:\/\/canal7slp.tv\/2025\/primera-cena-corporativa-anual-de-mexcentrix-punto-de-consolidacion-de-alianzas-entre-empresariado-asiatico-y-autoridades\/#article","isPartOf":{"@id":"https:\/\/canal7slp.tv\/2025\/primera-cena-corporativa-anual-de-mexcentrix-punto-de-consolidacion-de-alianzas-entre-empresariado-asiatico-y-autoridades\/"},"author":{"name":"Edici\u00f3n Web","@id":"https:\/\/canal7slp.tv\/2025\/#\/schema\/person\/271e2b60a96e7cc9d9ac296f4d7e414b"},"headline":"Primera Cena Corporativa Anual de Mexcentrix, punto de consolidaci\u00f3n de alianzas entre empresariado asi\u00e1tico y autoridades","datePublished":"2025-06-24T03:20:20+00:00","mainEntityOfPage":{"@id":"https:\/\/canal7slp.tv\/2025\/primera-cena-corporativa-anual-de-mexcentrix-punto-de-consolidacion-de-alianzas-entre-empresariado-asiatico-y-autoridades\/"},"wordCount":193,"publisher":{"@id":"https:\/\/canal7slp.tv\/2025\/#organization"},"image":{"@id":"https:\/\/canal7slp.tv\/2025\/primera-cena-corporativa-anual-de-mexcentrix-punto-de-consolidacion-de-alianzas-entre-empresariado-asiatico-y-autoridades\/#primaryimage"},"thumbnailUrl":"https:\/\/canal7slp.tv\/2025\/wp-content\/uploads\/2025\/06\/Pau01Mexcentrix.jpg","articleSection":["DESTACADAS","LOCALES Y REGIONALES"],"inLanguage":"es"},{"@type":"WebPage","@id":"https:\/\/canal7slp.tv\/2025\/primera-cena-corporativa-anual-de-mexcentrix-punto-de-consolidacion-de-alianzas-entre-empresariado-asiatico-y-autoridades\/","url":"https:\/\/canal7slp.tv\/2025\/primera-cena-corporativa-anual-de-mexcentrix-punto-de-consolidacion-de-alianzas-entre-empresariado-asiatico-y-autoridades\/","name":"Primera Cena Corporativa Anual de Mexcentrix, punto de consolidaci\u00f3n de alianzas entre empresariado asi\u00e1tico y autoridades - Canal 7 SLP - 2025","isPartOf":{"@id":"https:\/\/canal7slp.tv\/2025\/#website"},"primaryImageOfPage":{"@id":"https:\/\/canal7slp.tv\/2025\/primera-cena-corporativa-anual-de-mexcentrix-punto-de-consolidacion-de-alianzas-entre-empresariado-asiatico-y-autoridades\/#primaryimage"},"image":{"@id":"https:\/\/canal7slp.tv\/2025\/primera-cena-corporativa-anual-de-mexcentrix-punto-de-consolidacion-de-alianzas-entre-empresariado-asiatico-y-autoridades\/#primaryimage"},"thumbnailUrl":"https:\/\/canal7slp.tv\/2025\/wp-content\/uploads\/2025\/06\/Pau01Mexcentrix.jpg","datePublished":"2025-06-24T03:20:20+00:00","breadcrumb":{"@id":"https:\/\/canal7slp.tv\/2025\/primera-cena-corporativa-anual-de-mexcentrix-punto-de-consolidacion-de-alianzas-entre-empresariado-asiatico-y-autoridades\/#breadcrumb"},"inLanguage":"es","potentialAction":[{"@type":"ReadAction","target":["https:\/\/canal7slp.tv\/2025\/primera-cena-corporativa-anual-de-mexcentrix-punto-de-consolidacion-de-alianzas-entre-empresariado-asiatico-y-autoridades\/"]}]},{"@type":"ImageObject","inLanguage":"es","@id":"https:\/\/canal7slp.tv\/2025\/primera-cena-corporativa-anual-de-mexcentrix-punto-de-consolidacion-de-alianzas-entre-empresariado-asiatico-y-autoridades\/#primaryimage","url":"https:\/\/canal7slp.tv\/2025\/wp-content\/uploads\/2025\/06\/Pau01Mexcentrix.jpg","contentUrl":"https:\/\/canal7slp.tv\/2025\/wp-content\/uploads\/2025\/06\/Pau01Mexcentrix.jpg","width":1280,"height":720},{"@type":"BreadcrumbList","@id":"https:\/\/canal7slp.tv\/2025\/primera-cena-corporativa-anual-de-mexcentrix-punto-de-consolidacion-de-alianzas-entre-empresariado-asiatico-y-autoridades\/#breadcrumb","itemListElement":[{"@type":"ListItem","position":1,"name":"Portada","item":"https:\/\/canal7slp.tv\/2025\/"},{"@type":"ListItem","position":2,"name":"Primera Cena Corporativa Anual de Mexcentrix, punto de consolidaci\u00f3n de alianzas entre empresariado asi\u00e1tico y autoridades"}]},{"@type":"WebSite","@id":"https:\/\/canal7slp.tv\/2025\/#website","url":"https:\/\/canal7slp.tv\/2025\/","name":"N7 - Noticieros Canal 7","description":"Somos el Medio","publisher":{"@id":"https:\/\/canal7slp.tv\/2025\/#organization"},"potentialAction":[{"@type":"SearchAction","target":{"@type":"EntryPoint","urlTemplate":"https:\/\/canal7slp.tv\/2025\/?s={search_term_string}"},"query-input":{"@type":"PropertyValueSpecification","valueRequired":true,"valueName":"search_term_string"}}],"inLanguage":"es"},{"@type":"Organization","@id":"https:\/\/canal7slp.tv\/2025\/#organization","name":"Noticieros Canal 7","url":"https:\/\/canal7slp.tv\/2025\/","logo":{"@type":"ImageObject","inLanguage":"es","@id":"https:\/\/canal7slp.tv\/2025\/#\/schema\/logo\/image\/","url":"https:\/\/canal7slp.tv\/2025\/wp-content\/uploads\/2021\/01\/logo-noticieros@2x.png","contentUrl":"https:\/\/canal7slp.tv\/2025\/wp-content\/uploads\/2021\/01\/logo-noticieros@2x.png","width":1017,"height":268,"caption":"Noticieros Canal 7"},"image":{"@id":"https:\/\/canal7slp.tv\/2025\/#\/schema\/logo\/image\/"},"sameAs":["https:\/\/www.facebook.com\/noticieroscanal7atencionciudadana\/","https:\/\/x.com\/NOTICIEROS7","https:\/\/www.instagram.com\/canal7_slp","https:\/\/www.youtube.com\/channel\/UCliiYs-gP3JfJeqdPrNdd5A"]},{"@type":"Person","@id":"https:\/\/canal7slp.tv\/2025\/#\/schema\/person\/271e2b60a96e7cc9d9ac296f4d7e414b","name":"Edici\u00f3n Web","image":{"@type":"ImageObject","inLanguage":"es","@id":"https:\/\/secure.gravatar.com\/avatar\/eee448fc3f7164808013b816ba91ac7e43bbe82a70bebac296f8bc6f0addaa1a?s=96&d=mm&r=g","url":"https:\/\/secure.gravatar.com\/avatar\/eee448fc3f7164808013b816ba91ac7e43bbe82a70bebac296f8bc6f0addaa1a?s=96&d=mm&r=g","contentUrl":"https:\/\/secure.gravatar.com\/avatar\/eee448fc3f7164808013b816ba91ac7e43bbe82a70bebac296f8bc6f0addaa1a?s=96&d=mm&r=g","caption":"Edici\u00f3n Web"},"url":"https:\/\/canal7slp.tv\/2025\/author\/edicionweb\/"}]}},"_links":{"self":[{"href":"https:\/\/canal7slp.tv\/2025\/wp-json\/wp\/v2\/posts\/171462","targetHints":{"allow":["GET"]}}],"collection":[{"href":"https:\/\/canal7slp.tv\/2025\/wp-json\/wp\/v2\/posts"}],"about":[{"href":"https:\/\/canal7slp.tv\/2025\/wp-json\/wp\/v2\/types\/post"}],"author":[{"embeddable":true,"href":"https:\/\/canal7slp.tv\/2025\/wp-json\/wp\/v2\/users\/2"}],"replies":[{"embeddable":true,"href":"https:\/\/canal7slp.tv\/2025\/wp-json\/wp\/v2\/comments?post=171462"}],"version-history":[{"count":1,"href":"https:\/\/canal7slp.tv\/2025\/wp-json\/wp\/v2\/posts\/171462\/revisions"}],"predecessor-version":[{"id":171465,"href":"https:\/\/canal7slp.tv\/2025\/wp-json\/wp\/v2\/posts\/171462\/revisions\/171465"}],"wp:featuredmedia":[{"embeddable":true,"href":"https:\/\/canal7slp.tv\/2025\/wp-json\/wp\/v2\/media\/171464"}],"wp:attachment":[{"href":"https:\/\/canal7slp.tv\/2025\/wp-json\/wp\/v2\/media?parent=171462"}],"wp:term":[{"taxonomy":"category","embeddable":true,"href":"https:\/\/canal7slp.tv\/2025\/wp-json\/wp\/v2\/categories?post=171462"},{"taxonomy":"post_tag","embeddable":true,"href":"https:\/\/canal7slp.tv\/2025\/wp-json\/wp\/v2\/tags?post=171462"}],"curies":[{"name":"wp","href":"https:\/\/api.w.org\/{rel}","templated":true}]}}