{"id":171439,"date":"2025-06-23T19:26:52","date_gmt":"2025-06-24T01:26:52","guid":{"rendered":"https:\/\/canal7slp.tv\/2025\/?p=171439"},"modified":"2025-06-23T19:26:52","modified_gmt":"2025-06-24T01:26:52","slug":"trump-anuncia-alto-al-fuego-entre-israel-e-iran","status":"publish","type":"post","link":"https:\/\/canal7slp.tv\/2025\/trump-anuncia-alto-al-fuego-entre-israel-e-iran\/","title":{"rendered":"Trump anuncia alto al fuego entre Israel e Ir\u00e1n"},"content":{"rendered":"<ul>\n<li style=\"text-align: justify;\">\u201cLa guerra de los 12 d\u00edas\u201d llega a su fin.<\/li>\n<\/ul>\n<p style=\"text-align: justify;\">EUA.- El presidente de Estados Unidos, Donald Trump, anunci\u00f3 este lunes un acuerdo de alto al fuego entre Israel e Ir\u00e1n, que entrar\u00e1 en vigor en las pr\u00f3ximas horas y pondr\u00e1 fin a lo que denomin\u00f3 \u201cla guerra de los 12 d\u00edas\u201d.<\/p>\n<p style=\"text-align: justify;\">El cese de hostilidades tendr\u00e1 una duraci\u00f3n inicial de 12 horas y contempla que Ir\u00e1n comience el repliegue, seguido por Israel, una vez concluidas sus operaciones militares.<\/p>\n<p style=\"text-align: justify;\">Trump calific\u00f3 el acuerdo como un logro de valent\u00eda y resistencia por parte de ambos pa\u00edses y expres\u00f3 su esperanza de que este sea el primer paso hacia la paz en la regi\u00f3n.<\/p>\n<p style=\"text-align: justify;\">Adem\u00e1s, se\u00f1al\u00f3 que el armisticio ser\u00e1 formalizado en un plazo m\u00e1ximo de 24 horas, momento en el que se har\u00e1 el anuncio oficial del fin del conflicto.<\/p>\n<p style=\"text-align: justify;\">El anuncio se da tras una escalada de ataques que incluyeron bombardeos israel\u00edes a instalaciones nucleares en Ir\u00e1n y represalias iran\u00edes contra bases estadounidenses en Catar e Irak.<\/p>\n<p style=\"text-align: justify;\">Trump asegur\u00f3 que las recientes ofensivas debilitaron las capacidades nucleares de Ir\u00e1n, lo que -afirm\u00f3- motiv\u00f3 a Teher\u00e1n a buscar una salida diplom\u00e1tica.<\/p>\n<p style=\"text-align: justify;\">Por su parte, el vicepresidente JD Vance declar\u00f3 que Ir\u00e1n se encuentra actualmente en una posici\u00f3n en la que no desea prolongar el enfrentamiento.<\/p>\n<p style=\"text-align: justify;\">Mientras tanto, la comunidad internacional observa con cautela los pr\u00f3ximos pasos y las implicaciones que este acuerdo pueda tener para la estabilidad de Medio Oriente.<\/p>\n","protected":false},"excerpt":{"rendered":"<p>\u201cLa guerra de los 12 d\u00edas\u201d llega a su fin. EUA.- El presidente de Estados Unidos, Donald Trump, anunci\u00f3 este lunes un acuerdo de alto al fuego entre Israel e Ir\u00e1n, que entrar\u00e1 en vigor en las pr\u00f3ximas horas y pondr\u00e1 fin a lo que denomin\u00f3 \u201cla guerra de los 12 d\u00edas\u201d. El cese de hostilidades tendr\u00e1 una duraci\u00f3n inicial de 12 horas y contempla que Ir\u00e1n comience el repliegue, seguido por Israel, una vez concluidas sus operaciones militares. Trump calific\u00f3 el acuerdo como un logro de valent\u00eda y resistencia por parte de ambos pa\u00edses y expres\u00f3 su esperanza de [&hellip;]<\/p>\n","protected":false},"author":2,"featured_media":171440,"comment_status":"closed","ping_status":"closed","sticky":false,"template":"","format":"standard","meta":{"_monsterinsights_skip_tracking":false,"_monsterinsights_sitenote_active":false,"_monsterinsights_sitenote_note":"","_monsterinsights_sitenote_category":0,"footnotes":""},"categories":[44],"tags":[],"class_list":["post-171439","post","type-post","status-publish","format-standard","has-post-thumbnail","hentry","category-internacional","post--single"],"yoast_head":"<!-- This site is optimized with the Yoast SEO plugin v27.5 - https:\/\/yoast.com\/product\/yoast-seo-wordpress\/ -->\n<title>Trump anuncia alto al fuego entre Israel e Ir\u00e1n - Canal 7 SLP - 2025<\/title>\n<meta name=\"robots\" content=\"index, follow, max-snippet:-1, max-image-preview:large, max-video-preview:-1\" \/>\n<link rel=\"canonical\" href=\"https:\/\/canal7slp.tv\/2025\/trump-anuncia-alto-al-fuego-entre-israel-e-iran\/\" \/>\n<meta property=\"og:locale\" content=\"es_ES\" \/>\n<meta property=\"og:type\" content=\"article\" \/>\n<meta property=\"og:title\" content=\"Trump anuncia alto al fuego entre Israel e Ir\u00e1n - Canal 7 SLP - 2025\" \/>\n<meta property=\"og:description\" content=\"\u201cLa guerra de los 12 d\u00edas\u201d llega a su fin. EUA.- El presidente de Estados Unidos, Donald Trump, anunci\u00f3 este lunes un acuerdo de alto al fuego entre Israel e Ir\u00e1n, que entrar\u00e1 en vigor en las pr\u00f3ximas horas y pondr\u00e1 fin a lo que denomin\u00f3 \u201cla guerra de los 12 d\u00edas\u201d. El cese de hostilidades tendr\u00e1 una duraci\u00f3n inicial de 12 horas y contempla que Ir\u00e1n comience el repliegue, seguido por Israel, una vez concluidas sus operaciones militares. Trump calific\u00f3 el acuerdo como un logro de valent\u00eda y resistencia por parte de ambos pa\u00edses y expres\u00f3 su esperanza de [&hellip;]\" \/>\n<meta property=\"og:url\" content=\"https:\/\/canal7slp.tv\/2025\/trump-anuncia-alto-al-fuego-entre-israel-e-iran\/\" \/>\n<meta property=\"og:site_name\" content=\"Canal 7 SLP - 2025\" \/>\n<meta property=\"article:publisher\" content=\"https:\/\/www.facebook.com\/noticieroscanal7atencionciudadana\/\" \/>\n<meta property=\"article:published_time\" content=\"2025-06-24T01:26:52+00:00\" \/>\n<meta property=\"og:image\" content=\"https:\/\/canal7slp.tv\/2025\/wp-content\/uploads\/2025\/06\/13-2.jpg\" \/>\n\t<meta property=\"og:image:width\" content=\"888\" \/>\n\t<meta property=\"og:image:height\" content=\"500\" \/>\n\t<meta property=\"og:image:type\" content=\"image\/jpeg\" \/>\n<meta name=\"author\" content=\"Edici\u00f3n Web\" \/>\n<meta name=\"twitter:card\" content=\"summary_large_image\" \/>\n<meta name=\"twitter:creator\" content=\"@NOTICIEROS7\" \/>\n<meta name=\"twitter:site\" content=\"@NOTICIEROS7\" \/>\n<meta name=\"twitter:label1\" content=\"Escrito por\" \/>\n\t<meta name=\"twitter:data1\" content=\"Edici\u00f3n Web\" \/>\n\t<meta name=\"twitter:label2\" content=\"Tiempo de lectura\" \/>\n\t<meta name=\"twitter:data2\" content=\"2 minutos\" \/>\n<script type=\"application\/ld+json\" class=\"yoast-schema-graph\">{\"@context\":\"https:\\\/\\\/schema.org\",\"@graph\":[{\"@type\":\"Article\",\"@id\":\"https:\\\/\\\/canal7slp.tv\\\/2025\\\/trump-anuncia-alto-al-fuego-entre-israel-e-iran\\\/#article\",\"isPartOf\":{\"@id\":\"https:\\\/\\\/canal7slp.tv\\\/2025\\\/trump-anuncia-alto-al-fuego-entre-israel-e-iran\\\/\"},\"author\":{\"name\":\"Edici\u00f3n Web\",\"@id\":\"https:\\\/\\\/canal7slp.tv\\\/2025\\\/#\\\/schema\\\/person\\\/271e2b60a96e7cc9d9ac296f4d7e414b\"},\"headline\":\"Trump anuncia alto al fuego entre Israel e Ir\u00e1n\",\"datePublished\":\"2025-06-24T01:26:52+00:00\",\"mainEntityOfPage\":{\"@id\":\"https:\\\/\\\/canal7slp.tv\\\/2025\\\/trump-anuncia-alto-al-fuego-entre-israel-e-iran\\\/\"},\"wordCount\":268,\"publisher\":{\"@id\":\"https:\\\/\\\/canal7slp.tv\\\/2025\\\/#organization\"},\"image\":{\"@id\":\"https:\\\/\\\/canal7slp.tv\\\/2025\\\/trump-anuncia-alto-al-fuego-entre-israel-e-iran\\\/#primaryimage\"},\"thumbnailUrl\":\"https:\\\/\\\/canal7slp.tv\\\/2025\\\/wp-content\\\/uploads\\\/2025\\\/06\\\/13-2.jpg\",\"articleSection\":[\"INTERNACIONALES\"],\"inLanguage\":\"es\"},{\"@type\":\"WebPage\",\"@id\":\"https:\\\/\\\/canal7slp.tv\\\/2025\\\/trump-anuncia-alto-al-fuego-entre-israel-e-iran\\\/\",\"url\":\"https:\\\/\\\/canal7slp.tv\\\/2025\\\/trump-anuncia-alto-al-fuego-entre-israel-e-iran\\\/\",\"name\":\"Trump anuncia alto al fuego entre Israel e Ir\u00e1n - Canal 7 SLP - 2025\",\"isPartOf\":{\"@id\":\"https:\\\/\\\/canal7slp.tv\\\/2025\\\/#website\"},\"primaryImageOfPage\":{\"@id\":\"https:\\\/\\\/canal7slp.tv\\\/2025\\\/trump-anuncia-alto-al-fuego-entre-israel-e-iran\\\/#primaryimage\"},\"image\":{\"@id\":\"https:\\\/\\\/canal7slp.tv\\\/2025\\\/trump-anuncia-alto-al-fuego-entre-israel-e-iran\\\/#primaryimage\"},\"thumbnailUrl\":\"https:\\\/\\\/canal7slp.tv\\\/2025\\\/wp-content\\\/uploads\\\/2025\\\/06\\\/13-2.jpg\",\"datePublished\":\"2025-06-24T01:26:52+00:00\",\"breadcrumb\":{\"@id\":\"https:\\\/\\\/canal7slp.tv\\\/2025\\\/trump-anuncia-alto-al-fuego-entre-israel-e-iran\\\/#breadcrumb\"},\"inLanguage\":\"es\",\"potentialAction\":[{\"@type\":\"ReadAction\",\"target\":[\"https:\\\/\\\/canal7slp.tv\\\/2025\\\/trump-anuncia-alto-al-fuego-entre-israel-e-iran\\\/\"]}]},{\"@type\":\"ImageObject\",\"inLanguage\":\"es\",\"@id\":\"https:\\\/\\\/canal7slp.tv\\\/2025\\\/trump-anuncia-alto-al-fuego-entre-israel-e-iran\\\/#primaryimage\",\"url\":\"https:\\\/\\\/canal7slp.tv\\\/2025\\\/wp-content\\\/uploads\\\/2025\\\/06\\\/13-2.jpg\",\"contentUrl\":\"https:\\\/\\\/canal7slp.tv\\\/2025\\\/wp-content\\\/uploads\\\/2025\\\/06\\\/13-2.jpg\",\"width\":888,\"height\":500},{\"@type\":\"BreadcrumbList\",\"@id\":\"https:\\\/\\\/canal7slp.tv\\\/2025\\\/trump-anuncia-alto-al-fuego-entre-israel-e-iran\\\/#breadcrumb\",\"itemListElement\":[{\"@type\":\"ListItem\",\"position\":1,\"name\":\"Portada\",\"item\":\"https:\\\/\\\/canal7slp.tv\\\/2025\\\/\"},{\"@type\":\"ListItem\",\"position\":2,\"name\":\"Trump anuncia alto al fuego entre Israel e Ir\u00e1n\"}]},{\"@type\":\"WebSite\",\"@id\":\"https:\\\/\\\/canal7slp.tv\\\/2025\\\/#website\",\"url\":\"https:\\\/\\\/canal7slp.tv\\\/2025\\\/\",\"name\":\"N7 - Noticieros Canal 7\",\"description\":\"Somos el Medio\",\"publisher\":{\"@id\":\"https:\\\/\\\/canal7slp.tv\\\/2025\\\/#organization\"},\"potentialAction\":[{\"@type\":\"SearchAction\",\"target\":{\"@type\":\"EntryPoint\",\"urlTemplate\":\"https:\\\/\\\/canal7slp.tv\\\/2025\\\/?s={search_term_string}\"},\"query-input\":{\"@type\":\"PropertyValueSpecification\",\"valueRequired\":true,\"valueName\":\"search_term_string\"}}],\"inLanguage\":\"es\"},{\"@type\":\"Organization\",\"@id\":\"https:\\\/\\\/canal7slp.tv\\\/2025\\\/#organization\",\"name\":\"Noticieros Canal 7\",\"url\":\"https:\\\/\\\/canal7slp.tv\\\/2025\\\/\",\"logo\":{\"@type\":\"ImageObject\",\"inLanguage\":\"es\",\"@id\":\"https:\\\/\\\/canal7slp.tv\\\/2025\\\/#\\\/schema\\\/logo\\\/image\\\/\",\"url\":\"https:\\\/\\\/canal7slp.tv\\\/2025\\\/wp-content\\\/uploads\\\/2021\\\/01\\\/logo-noticieros@2x.png\",\"contentUrl\":\"https:\\\/\\\/canal7slp.tv\\\/2025\\\/wp-content\\\/uploads\\\/2021\\\/01\\\/logo-noticieros@2x.png\",\"width\":1017,\"height\":268,\"caption\":\"Noticieros Canal 7\"},\"image\":{\"@id\":\"https:\\\/\\\/canal7slp.tv\\\/2025\\\/#\\\/schema\\\/logo\\\/image\\\/\"},\"sameAs\":[\"https:\\\/\\\/www.facebook.com\\\/noticieroscanal7atencionciudadana\\\/\",\"https:\\\/\\\/x.com\\\/NOTICIEROS7\",\"https:\\\/\\\/www.instagram.com\\\/canal7_slp\",\"https:\\\/\\\/www.youtube.com\\\/channel\\\/UCliiYs-gP3JfJeqdPrNdd5A\"]},{\"@type\":\"Person\",\"@id\":\"https:\\\/\\\/canal7slp.tv\\\/2025\\\/#\\\/schema\\\/person\\\/271e2b60a96e7cc9d9ac296f4d7e414b\",\"name\":\"Edici\u00f3n Web\",\"image\":{\"@type\":\"ImageObject\",\"inLanguage\":\"es\",\"@id\":\"https:\\\/\\\/secure.gravatar.com\\\/avatar\\\/eee448fc3f7164808013b816ba91ac7e43bbe82a70bebac296f8bc6f0addaa1a?s=96&d=mm&r=g\",\"url\":\"https:\\\/\\\/secure.gravatar.com\\\/avatar\\\/eee448fc3f7164808013b816ba91ac7e43bbe82a70bebac296f8bc6f0addaa1a?s=96&d=mm&r=g\",\"contentUrl\":\"https:\\\/\\\/secure.gravatar.com\\\/avatar\\\/eee448fc3f7164808013b816ba91ac7e43bbe82a70bebac296f8bc6f0addaa1a?s=96&d=mm&r=g\",\"caption\":\"Edici\u00f3n Web\"},\"url\":\"https:\\\/\\\/canal7slp.tv\\\/2025\\\/author\\\/edicionweb\\\/\"}]}<\/script>\n<!-- \/ Yoast SEO plugin. -->","yoast_head_json":{"title":"Trump anuncia alto al fuego entre Israel e Ir\u00e1n - Canal 7 SLP - 2025","robots":{"index":"index","follow":"follow","max-snippet":"max-snippet:-1","max-image-preview":"max-image-preview:large","max-video-preview":"max-video-preview:-1"},"canonical":"https:\/\/canal7slp.tv\/2025\/trump-anuncia-alto-al-fuego-entre-israel-e-iran\/","og_locale":"es_ES","og_type":"article","og_title":"Trump anuncia alto al fuego entre Israel e Ir\u00e1n - Canal 7 SLP - 2025","og_description":"\u201cLa guerra de los 12 d\u00edas\u201d llega a su fin. EUA.- El presidente de Estados Unidos, Donald Trump, anunci\u00f3 este lunes un acuerdo de alto al fuego entre Israel e Ir\u00e1n, que entrar\u00e1 en vigor en las pr\u00f3ximas horas y pondr\u00e1 fin a lo que denomin\u00f3 \u201cla guerra de los 12 d\u00edas\u201d. El cese de hostilidades tendr\u00e1 una duraci\u00f3n inicial de 12 horas y contempla que Ir\u00e1n comience el repliegue, seguido por Israel, una vez concluidas sus operaciones militares. Trump calific\u00f3 el acuerdo como un logro de valent\u00eda y resistencia por parte de ambos pa\u00edses y expres\u00f3 su esperanza de [&hellip;]","og_url":"https:\/\/canal7slp.tv\/2025\/trump-anuncia-alto-al-fuego-entre-israel-e-iran\/","og_site_name":"Canal 7 SLP - 2025","article_publisher":"https:\/\/www.facebook.com\/noticieroscanal7atencionciudadana\/","article_published_time":"2025-06-24T01:26:52+00:00","og_image":[{"width":888,"height":500,"url":"https:\/\/canal7slp.tv\/2025\/wp-content\/uploads\/2025\/06\/13-2.jpg","type":"image\/jpeg"}],"author":"Edici\u00f3n Web","twitter_card":"summary_large_image","twitter_creator":"@NOTICIEROS7","twitter_site":"@NOTICIEROS7","twitter_misc":{"Escrito por":"Edici\u00f3n Web","Tiempo de lectura":"2 minutos"},"schema":{"@context":"https:\/\/schema.org","@graph":[{"@type":"Article","@id":"https:\/\/canal7slp.tv\/2025\/trump-anuncia-alto-al-fuego-entre-israel-e-iran\/#article","isPartOf":{"@id":"https:\/\/canal7slp.tv\/2025\/trump-anuncia-alto-al-fuego-entre-israel-e-iran\/"},"author":{"name":"Edici\u00f3n Web","@id":"https:\/\/canal7slp.tv\/2025\/#\/schema\/person\/271e2b60a96e7cc9d9ac296f4d7e414b"},"headline":"Trump anuncia alto al fuego entre Israel e Ir\u00e1n","datePublished":"2025-06-24T01:26:52+00:00","mainEntityOfPage":{"@id":"https:\/\/canal7slp.tv\/2025\/trump-anuncia-alto-al-fuego-entre-israel-e-iran\/"},"wordCount":268,"publisher":{"@id":"https:\/\/canal7slp.tv\/2025\/#organization"},"image":{"@id":"https:\/\/canal7slp.tv\/2025\/trump-anuncia-alto-al-fuego-entre-israel-e-iran\/#primaryimage"},"thumbnailUrl":"https:\/\/canal7slp.tv\/2025\/wp-content\/uploads\/2025\/06\/13-2.jpg","articleSection":["INTERNACIONALES"],"inLanguage":"es"},{"@type":"WebPage","@id":"https:\/\/canal7slp.tv\/2025\/trump-anuncia-alto-al-fuego-entre-israel-e-iran\/","url":"https:\/\/canal7slp.tv\/2025\/trump-anuncia-alto-al-fuego-entre-israel-e-iran\/","name":"Trump anuncia alto al fuego entre Israel e Ir\u00e1n - Canal 7 SLP - 2025","isPartOf":{"@id":"https:\/\/canal7slp.tv\/2025\/#website"},"primaryImageOfPage":{"@id":"https:\/\/canal7slp.tv\/2025\/trump-anuncia-alto-al-fuego-entre-israel-e-iran\/#primaryimage"},"image":{"@id":"https:\/\/canal7slp.tv\/2025\/trump-anuncia-alto-al-fuego-entre-israel-e-iran\/#primaryimage"},"thumbnailUrl":"https:\/\/canal7slp.tv\/2025\/wp-content\/uploads\/2025\/06\/13-2.jpg","datePublished":"2025-06-24T01:26:52+00:00","breadcrumb":{"@id":"https:\/\/canal7slp.tv\/2025\/trump-anuncia-alto-al-fuego-entre-israel-e-iran\/#breadcrumb"},"inLanguage":"es","potentialAction":[{"@type":"ReadAction","target":["https:\/\/canal7slp.tv\/2025\/trump-anuncia-alto-al-fuego-entre-israel-e-iran\/"]}]},{"@type":"ImageObject","inLanguage":"es","@id":"https:\/\/canal7slp.tv\/2025\/trump-anuncia-alto-al-fuego-entre-israel-e-iran\/#primaryimage","url":"https:\/\/canal7slp.tv\/2025\/wp-content\/uploads\/2025\/06\/13-2.jpg","contentUrl":"https:\/\/canal7slp.tv\/2025\/wp-content\/uploads\/2025\/06\/13-2.jpg","width":888,"height":500},{"@type":"BreadcrumbList","@id":"https:\/\/canal7slp.tv\/2025\/trump-anuncia-alto-al-fuego-entre-israel-e-iran\/#breadcrumb","itemListElement":[{"@type":"ListItem","position":1,"name":"Portada","item":"https:\/\/canal7slp.tv\/2025\/"},{"@type":"ListItem","position":2,"name":"Trump anuncia alto al fuego entre Israel e Ir\u00e1n"}]},{"@type":"WebSite","@id":"https:\/\/canal7slp.tv\/2025\/#website","url":"https:\/\/canal7slp.tv\/2025\/","name":"N7 - Noticieros Canal 7","description":"Somos el Medio","publisher":{"@id":"https:\/\/canal7slp.tv\/2025\/#organization"},"potentialAction":[{"@type":"SearchAction","target":{"@type":"EntryPoint","urlTemplate":"https:\/\/canal7slp.tv\/2025\/?s={search_term_string}"},"query-input":{"@type":"PropertyValueSpecification","valueRequired":true,"valueName":"search_term_string"}}],"inLanguage":"es"},{"@type":"Organization","@id":"https:\/\/canal7slp.tv\/2025\/#organization","name":"Noticieros Canal 7","url":"https:\/\/canal7slp.tv\/2025\/","logo":{"@type":"ImageObject","inLanguage":"es","@id":"https:\/\/canal7slp.tv\/2025\/#\/schema\/logo\/image\/","url":"https:\/\/canal7slp.tv\/2025\/wp-content\/uploads\/2021\/01\/logo-noticieros@2x.png","contentUrl":"https:\/\/canal7slp.tv\/2025\/wp-content\/uploads\/2021\/01\/logo-noticieros@2x.png","width":1017,"height":268,"caption":"Noticieros Canal 7"},"image":{"@id":"https:\/\/canal7slp.tv\/2025\/#\/schema\/logo\/image\/"},"sameAs":["https:\/\/www.facebook.com\/noticieroscanal7atencionciudadana\/","https:\/\/x.com\/NOTICIEROS7","https:\/\/www.instagram.com\/canal7_slp","https:\/\/www.youtube.com\/channel\/UCliiYs-gP3JfJeqdPrNdd5A"]},{"@type":"Person","@id":"https:\/\/canal7slp.tv\/2025\/#\/schema\/person\/271e2b60a96e7cc9d9ac296f4d7e414b","name":"Edici\u00f3n Web","image":{"@type":"ImageObject","inLanguage":"es","@id":"https:\/\/secure.gravatar.com\/avatar\/eee448fc3f7164808013b816ba91ac7e43bbe82a70bebac296f8bc6f0addaa1a?s=96&d=mm&r=g","url":"https:\/\/secure.gravatar.com\/avatar\/eee448fc3f7164808013b816ba91ac7e43bbe82a70bebac296f8bc6f0addaa1a?s=96&d=mm&r=g","contentUrl":"https:\/\/secure.gravatar.com\/avatar\/eee448fc3f7164808013b816ba91ac7e43bbe82a70bebac296f8bc6f0addaa1a?s=96&d=mm&r=g","caption":"Edici\u00f3n Web"},"url":"https:\/\/canal7slp.tv\/2025\/author\/edicionweb\/"}]}},"_links":{"self":[{"href":"https:\/\/canal7slp.tv\/2025\/wp-json\/wp\/v2\/posts\/171439","targetHints":{"allow":["GET"]}}],"collection":[{"href":"https:\/\/canal7slp.tv\/2025\/wp-json\/wp\/v2\/posts"}],"about":[{"href":"https:\/\/canal7slp.tv\/2025\/wp-json\/wp\/v2\/types\/post"}],"author":[{"embeddable":true,"href":"https:\/\/canal7slp.tv\/2025\/wp-json\/wp\/v2\/users\/2"}],"replies":[{"embeddable":true,"href":"https:\/\/canal7slp.tv\/2025\/wp-json\/wp\/v2\/comments?post=171439"}],"version-history":[{"count":1,"href":"https:\/\/canal7slp.tv\/2025\/wp-json\/wp\/v2\/posts\/171439\/revisions"}],"predecessor-version":[{"id":171441,"href":"https:\/\/canal7slp.tv\/2025\/wp-json\/wp\/v2\/posts\/171439\/revisions\/171441"}],"wp:featuredmedia":[{"embeddable":true,"href":"https:\/\/canal7slp.tv\/2025\/wp-json\/wp\/v2\/media\/171440"}],"wp:attachment":[{"href":"https:\/\/canal7slp.tv\/2025\/wp-json\/wp\/v2\/media?parent=171439"}],"wp:term":[{"taxonomy":"category","embeddable":true,"href":"https:\/\/canal7slp.tv\/2025\/wp-json\/wp\/v2\/categories?post=171439"},{"taxonomy":"post_tag","embeddable":true,"href":"https:\/\/canal7slp.tv\/2025\/wp-json\/wp\/v2\/tags?post=171439"}],"curies":[{"name":"wp","href":"https:\/\/api.w.org\/{rel}","templated":true}]}}