{"id":171426,"date":"2025-06-23T19:31:00","date_gmt":"2025-06-24T01:31:00","guid":{"rendered":"https:\/\/canal7slp.tv\/2025\/?p=171426"},"modified":"2025-06-23T19:32:54","modified_gmt":"2025-06-24T01:32:54","slug":"presenta-empresario-iniciativas-en-materia-ambiental","status":"publish","type":"post","link":"https:\/\/canal7slp.tv\/2025\/presenta-empresario-iniciativas-en-materia-ambiental\/","title":{"rendered":"Presenta empresario iniciativas en materia ambiental"},"content":{"rendered":"<p style=\"text-align: justify;\"><span style=\"font-size: 1.21429rem;\">SLP.- Para estimular al sector productivo en el estado el empresario potosino Jaime Chalita Zarur present\u00f3 dos iniciativas en materia ambiental.<\/span><\/p>\n<p style=\"text-align: justify;\">La primera se refiere al llamado impuesto verde y que dijo, est\u00e1 enfocada a la sostenibilidad ambiental otorgando incentivos fiscales, a empresas que implementen pr\u00e1cticas sustentables.<\/p>\n<p style=\"text-align: justify;\">Explic\u00f3 que una segunda iniciativa es en relaci\u00f3n a una reforma al art\u00edculo 20 de la Ley de Salud y que dijo, busca reducir el uso indiscriminado de papel en oficinas p\u00fablicas.<\/p>\n<p style=\"text-align: justify;\">En su primera iniciativa Chalita Zarur reiter\u00f3 que se plantea reformar el art\u00edculo 7\u00b0 de la Ley de Hacienda estatal y de esta manera, dijo, permitir que los municipios otorguen beneficios fiscales, tales como descuentos en el impuesto predial \u00f3 licencias de funcionamiento a empresas que cumplan con los 17 objetivos del Desarrollo Sostenible.<\/p>\n<p>Por: Claudio Ibarra<\/p>\n","protected":false},"excerpt":{"rendered":"<p>SLP.- Para estimular al sector productivo en el estado el empresario potosino Jaime Chalita Zarur present\u00f3 dos iniciativas en materia ambiental. La primera se refiere al llamado impuesto verde y que dijo, est\u00e1 enfocada a la sostenibilidad ambiental otorgando incentivos fiscales, a empresas que implementen pr\u00e1cticas sustentables. Explic\u00f3 que una segunda iniciativa es en relaci\u00f3n a una reforma al art\u00edculo 20 de la Ley de Salud y que dijo, busca reducir el uso indiscriminado de papel en oficinas p\u00fablicas. En su primera iniciativa Chalita Zarur reiter\u00f3 que se plantea reformar el art\u00edculo 7\u00b0 de la Ley de Hacienda estatal y [&hellip;]<\/p>\n","protected":false},"author":2,"featured_media":171443,"comment_status":"closed","ping_status":"closed","sticky":false,"template":"","format":"video","meta":{"_monsterinsights_skip_tracking":false,"_monsterinsights_sitenote_active":false,"_monsterinsights_sitenote_note":"","_monsterinsights_sitenote_category":0,"footnotes":""},"categories":[3,5,45],"tags":[],"class_list":["post-171426","post","type-post","status-publish","format-video","has-post-thumbnail","hentry","category-congreso","category-destacadas","category-localesyregionales","post_format-post-format-video","post--single"],"yoast_head":"<!-- This site is optimized with the Yoast SEO plugin v27.5 - https:\/\/yoast.com\/product\/yoast-seo-wordpress\/ -->\n<title>Presenta empresario iniciativas en materia ambiental - Canal 7 SLP - 2025<\/title>\n<meta name=\"robots\" content=\"index, follow, max-snippet:-1, max-image-preview:large, max-video-preview:-1\" \/>\n<link rel=\"canonical\" href=\"https:\/\/canal7slp.tv\/2025\/presenta-empresario-iniciativas-en-materia-ambiental\/\" \/>\n<meta property=\"og:locale\" content=\"es_ES\" \/>\n<meta property=\"og:type\" content=\"article\" \/>\n<meta property=\"og:title\" content=\"Presenta empresario iniciativas en materia ambiental - Canal 7 SLP - 2025\" \/>\n<meta property=\"og:description\" content=\"SLP.- Para estimular al sector productivo en el estado el empresario potosino Jaime Chalita Zarur present\u00f3 dos iniciativas en materia ambiental. La primera se refiere al llamado impuesto verde y que dijo, est\u00e1 enfocada a la sostenibilidad ambiental otorgando incentivos fiscales, a empresas que implementen pr\u00e1cticas sustentables. Explic\u00f3 que una segunda iniciativa es en relaci\u00f3n a una reforma al art\u00edculo 20 de la Ley de Salud y que dijo, busca reducir el uso indiscriminado de papel en oficinas p\u00fablicas. En su primera iniciativa Chalita Zarur reiter\u00f3 que se plantea reformar el art\u00edculo 7\u00b0 de la Ley de Hacienda estatal y [&hellip;]\" \/>\n<meta property=\"og:url\" content=\"https:\/\/canal7slp.tv\/2025\/presenta-empresario-iniciativas-en-materia-ambiental\/\" \/>\n<meta property=\"og:site_name\" content=\"Canal 7 SLP - 2025\" \/>\n<meta property=\"article:publisher\" content=\"https:\/\/www.facebook.com\/noticieroscanal7atencionciudadana\/\" \/>\n<meta property=\"article:published_time\" content=\"2025-06-24T01:31:00+00:00\" \/>\n<meta property=\"article:modified_time\" content=\"2025-06-24T01:32:54+00:00\" \/>\n<meta property=\"og:image\" content=\"https:\/\/canal7slp.tv\/2025\/wp-content\/uploads\/2025\/06\/Claudio01Sostenibilidad.jpg\" \/>\n\t<meta property=\"og:image:width\" content=\"1280\" \/>\n\t<meta property=\"og:image:height\" content=\"720\" \/>\n\t<meta property=\"og:image:type\" content=\"image\/jpeg\" \/>\n<meta name=\"author\" content=\"Edici\u00f3n Web\" \/>\n<meta name=\"twitter:card\" content=\"summary_large_image\" \/>\n<meta name=\"twitter:creator\" content=\"@NOTICIEROS7\" \/>\n<meta name=\"twitter:site\" content=\"@NOTICIEROS7\" \/>\n<meta name=\"twitter:label1\" content=\"Escrito por\" \/>\n\t<meta name=\"twitter:data1\" content=\"Edici\u00f3n Web\" \/>\n\t<meta name=\"twitter:label2\" content=\"Tiempo de lectura\" \/>\n\t<meta name=\"twitter:data2\" content=\"1 minuto\" \/>\n<script type=\"application\/ld+json\" class=\"yoast-schema-graph\">{\"@context\":\"https:\\\/\\\/schema.org\",\"@graph\":[{\"@type\":\"Article\",\"@id\":\"https:\\\/\\\/canal7slp.tv\\\/2025\\\/presenta-empresario-iniciativas-en-materia-ambiental\\\/#article\",\"isPartOf\":{\"@id\":\"https:\\\/\\\/canal7slp.tv\\\/2025\\\/presenta-empresario-iniciativas-en-materia-ambiental\\\/\"},\"author\":{\"name\":\"Edici\u00f3n Web\",\"@id\":\"https:\\\/\\\/canal7slp.tv\\\/2025\\\/#\\\/schema\\\/person\\\/271e2b60a96e7cc9d9ac296f4d7e414b\"},\"headline\":\"Presenta empresario iniciativas en materia ambiental\",\"datePublished\":\"2025-06-24T01:31:00+00:00\",\"dateModified\":\"2025-06-24T01:32:54+00:00\",\"mainEntityOfPage\":{\"@id\":\"https:\\\/\\\/canal7slp.tv\\\/2025\\\/presenta-empresario-iniciativas-en-materia-ambiental\\\/\"},\"wordCount\":144,\"publisher\":{\"@id\":\"https:\\\/\\\/canal7slp.tv\\\/2025\\\/#organization\"},\"image\":{\"@id\":\"https:\\\/\\\/canal7slp.tv\\\/2025\\\/presenta-empresario-iniciativas-en-materia-ambiental\\\/#primaryimage\"},\"thumbnailUrl\":\"https:\\\/\\\/canal7slp.tv\\\/2025\\\/wp-content\\\/uploads\\\/2025\\\/06\\\/Claudio01Sostenibilidad.jpg\",\"articleSection\":[\"CONGRESO\",\"DESTACADAS\",\"LOCALES Y REGIONALES\"],\"inLanguage\":\"es\"},{\"@type\":\"WebPage\",\"@id\":\"https:\\\/\\\/canal7slp.tv\\\/2025\\\/presenta-empresario-iniciativas-en-materia-ambiental\\\/\",\"url\":\"https:\\\/\\\/canal7slp.tv\\\/2025\\\/presenta-empresario-iniciativas-en-materia-ambiental\\\/\",\"name\":\"Presenta empresario iniciativas en materia ambiental - Canal 7 SLP - 2025\",\"isPartOf\":{\"@id\":\"https:\\\/\\\/canal7slp.tv\\\/2025\\\/#website\"},\"primaryImageOfPage\":{\"@id\":\"https:\\\/\\\/canal7slp.tv\\\/2025\\\/presenta-empresario-iniciativas-en-materia-ambiental\\\/#primaryimage\"},\"image\":{\"@id\":\"https:\\\/\\\/canal7slp.tv\\\/2025\\\/presenta-empresario-iniciativas-en-materia-ambiental\\\/#primaryimage\"},\"thumbnailUrl\":\"https:\\\/\\\/canal7slp.tv\\\/2025\\\/wp-content\\\/uploads\\\/2025\\\/06\\\/Claudio01Sostenibilidad.jpg\",\"datePublished\":\"2025-06-24T01:31:00+00:00\",\"dateModified\":\"2025-06-24T01:32:54+00:00\",\"breadcrumb\":{\"@id\":\"https:\\\/\\\/canal7slp.tv\\\/2025\\\/presenta-empresario-iniciativas-en-materia-ambiental\\\/#breadcrumb\"},\"inLanguage\":\"es\",\"potentialAction\":[{\"@type\":\"ReadAction\",\"target\":[\"https:\\\/\\\/canal7slp.tv\\\/2025\\\/presenta-empresario-iniciativas-en-materia-ambiental\\\/\"]}]},{\"@type\":\"ImageObject\",\"inLanguage\":\"es\",\"@id\":\"https:\\\/\\\/canal7slp.tv\\\/2025\\\/presenta-empresario-iniciativas-en-materia-ambiental\\\/#primaryimage\",\"url\":\"https:\\\/\\\/canal7slp.tv\\\/2025\\\/wp-content\\\/uploads\\\/2025\\\/06\\\/Claudio01Sostenibilidad.jpg\",\"contentUrl\":\"https:\\\/\\\/canal7slp.tv\\\/2025\\\/wp-content\\\/uploads\\\/2025\\\/06\\\/Claudio01Sostenibilidad.jpg\",\"width\":1280,\"height\":720},{\"@type\":\"BreadcrumbList\",\"@id\":\"https:\\\/\\\/canal7slp.tv\\\/2025\\\/presenta-empresario-iniciativas-en-materia-ambiental\\\/#breadcrumb\",\"itemListElement\":[{\"@type\":\"ListItem\",\"position\":1,\"name\":\"Portada\",\"item\":\"https:\\\/\\\/canal7slp.tv\\\/2025\\\/\"},{\"@type\":\"ListItem\",\"position\":2,\"name\":\"Presenta empresario iniciativas en materia ambiental\"}]},{\"@type\":\"WebSite\",\"@id\":\"https:\\\/\\\/canal7slp.tv\\\/2025\\\/#website\",\"url\":\"https:\\\/\\\/canal7slp.tv\\\/2025\\\/\",\"name\":\"N7 - Noticieros Canal 7\",\"description\":\"Somos el Medio\",\"publisher\":{\"@id\":\"https:\\\/\\\/canal7slp.tv\\\/2025\\\/#organization\"},\"potentialAction\":[{\"@type\":\"SearchAction\",\"target\":{\"@type\":\"EntryPoint\",\"urlTemplate\":\"https:\\\/\\\/canal7slp.tv\\\/2025\\\/?s={search_term_string}\"},\"query-input\":{\"@type\":\"PropertyValueSpecification\",\"valueRequired\":true,\"valueName\":\"search_term_string\"}}],\"inLanguage\":\"es\"},{\"@type\":\"Organization\",\"@id\":\"https:\\\/\\\/canal7slp.tv\\\/2025\\\/#organization\",\"name\":\"Noticieros Canal 7\",\"url\":\"https:\\\/\\\/canal7slp.tv\\\/2025\\\/\",\"logo\":{\"@type\":\"ImageObject\",\"inLanguage\":\"es\",\"@id\":\"https:\\\/\\\/canal7slp.tv\\\/2025\\\/#\\\/schema\\\/logo\\\/image\\\/\",\"url\":\"https:\\\/\\\/canal7slp.tv\\\/2025\\\/wp-content\\\/uploads\\\/2021\\\/01\\\/logo-noticieros@2x.png\",\"contentUrl\":\"https:\\\/\\\/canal7slp.tv\\\/2025\\\/wp-content\\\/uploads\\\/2021\\\/01\\\/logo-noticieros@2x.png\",\"width\":1017,\"height\":268,\"caption\":\"Noticieros Canal 7\"},\"image\":{\"@id\":\"https:\\\/\\\/canal7slp.tv\\\/2025\\\/#\\\/schema\\\/logo\\\/image\\\/\"},\"sameAs\":[\"https:\\\/\\\/www.facebook.com\\\/noticieroscanal7atencionciudadana\\\/\",\"https:\\\/\\\/x.com\\\/NOTICIEROS7\",\"https:\\\/\\\/www.instagram.com\\\/canal7_slp\",\"https:\\\/\\\/www.youtube.com\\\/channel\\\/UCliiYs-gP3JfJeqdPrNdd5A\"]},{\"@type\":\"Person\",\"@id\":\"https:\\\/\\\/canal7slp.tv\\\/2025\\\/#\\\/schema\\\/person\\\/271e2b60a96e7cc9d9ac296f4d7e414b\",\"name\":\"Edici\u00f3n Web\",\"image\":{\"@type\":\"ImageObject\",\"inLanguage\":\"es\",\"@id\":\"https:\\\/\\\/secure.gravatar.com\\\/avatar\\\/eee448fc3f7164808013b816ba91ac7e43bbe82a70bebac296f8bc6f0addaa1a?s=96&d=mm&r=g\",\"url\":\"https:\\\/\\\/secure.gravatar.com\\\/avatar\\\/eee448fc3f7164808013b816ba91ac7e43bbe82a70bebac296f8bc6f0addaa1a?s=96&d=mm&r=g\",\"contentUrl\":\"https:\\\/\\\/secure.gravatar.com\\\/avatar\\\/eee448fc3f7164808013b816ba91ac7e43bbe82a70bebac296f8bc6f0addaa1a?s=96&d=mm&r=g\",\"caption\":\"Edici\u00f3n Web\"},\"url\":\"https:\\\/\\\/canal7slp.tv\\\/2025\\\/author\\\/edicionweb\\\/\"}]}<\/script>\n<!-- \/ Yoast SEO plugin. -->","yoast_head_json":{"title":"Presenta empresario iniciativas en materia ambiental - Canal 7 SLP - 2025","robots":{"index":"index","follow":"follow","max-snippet":"max-snippet:-1","max-image-preview":"max-image-preview:large","max-video-preview":"max-video-preview:-1"},"canonical":"https:\/\/canal7slp.tv\/2025\/presenta-empresario-iniciativas-en-materia-ambiental\/","og_locale":"es_ES","og_type":"article","og_title":"Presenta empresario iniciativas en materia ambiental - Canal 7 SLP - 2025","og_description":"SLP.- Para estimular al sector productivo en el estado el empresario potosino Jaime Chalita Zarur present\u00f3 dos iniciativas en materia ambiental. La primera se refiere al llamado impuesto verde y que dijo, est\u00e1 enfocada a la sostenibilidad ambiental otorgando incentivos fiscales, a empresas que implementen pr\u00e1cticas sustentables. Explic\u00f3 que una segunda iniciativa es en relaci\u00f3n a una reforma al art\u00edculo 20 de la Ley de Salud y que dijo, busca reducir el uso indiscriminado de papel en oficinas p\u00fablicas. En su primera iniciativa Chalita Zarur reiter\u00f3 que se plantea reformar el art\u00edculo 7\u00b0 de la Ley de Hacienda estatal y [&hellip;]","og_url":"https:\/\/canal7slp.tv\/2025\/presenta-empresario-iniciativas-en-materia-ambiental\/","og_site_name":"Canal 7 SLP - 2025","article_publisher":"https:\/\/www.facebook.com\/noticieroscanal7atencionciudadana\/","article_published_time":"2025-06-24T01:31:00+00:00","article_modified_time":"2025-06-24T01:32:54+00:00","og_image":[{"width":1280,"height":720,"url":"https:\/\/canal7slp.tv\/2025\/wp-content\/uploads\/2025\/06\/Claudio01Sostenibilidad.jpg","type":"image\/jpeg"}],"author":"Edici\u00f3n Web","twitter_card":"summary_large_image","twitter_creator":"@NOTICIEROS7","twitter_site":"@NOTICIEROS7","twitter_misc":{"Escrito por":"Edici\u00f3n Web","Tiempo de lectura":"1 minuto"},"schema":{"@context":"https:\/\/schema.org","@graph":[{"@type":"Article","@id":"https:\/\/canal7slp.tv\/2025\/presenta-empresario-iniciativas-en-materia-ambiental\/#article","isPartOf":{"@id":"https:\/\/canal7slp.tv\/2025\/presenta-empresario-iniciativas-en-materia-ambiental\/"},"author":{"name":"Edici\u00f3n Web","@id":"https:\/\/canal7slp.tv\/2025\/#\/schema\/person\/271e2b60a96e7cc9d9ac296f4d7e414b"},"headline":"Presenta empresario iniciativas en materia ambiental","datePublished":"2025-06-24T01:31:00+00:00","dateModified":"2025-06-24T01:32:54+00:00","mainEntityOfPage":{"@id":"https:\/\/canal7slp.tv\/2025\/presenta-empresario-iniciativas-en-materia-ambiental\/"},"wordCount":144,"publisher":{"@id":"https:\/\/canal7slp.tv\/2025\/#organization"},"image":{"@id":"https:\/\/canal7slp.tv\/2025\/presenta-empresario-iniciativas-en-materia-ambiental\/#primaryimage"},"thumbnailUrl":"https:\/\/canal7slp.tv\/2025\/wp-content\/uploads\/2025\/06\/Claudio01Sostenibilidad.jpg","articleSection":["CONGRESO","DESTACADAS","LOCALES Y REGIONALES"],"inLanguage":"es"},{"@type":"WebPage","@id":"https:\/\/canal7slp.tv\/2025\/presenta-empresario-iniciativas-en-materia-ambiental\/","url":"https:\/\/canal7slp.tv\/2025\/presenta-empresario-iniciativas-en-materia-ambiental\/","name":"Presenta empresario iniciativas en materia ambiental - Canal 7 SLP - 2025","isPartOf":{"@id":"https:\/\/canal7slp.tv\/2025\/#website"},"primaryImageOfPage":{"@id":"https:\/\/canal7slp.tv\/2025\/presenta-empresario-iniciativas-en-materia-ambiental\/#primaryimage"},"image":{"@id":"https:\/\/canal7slp.tv\/2025\/presenta-empresario-iniciativas-en-materia-ambiental\/#primaryimage"},"thumbnailUrl":"https:\/\/canal7slp.tv\/2025\/wp-content\/uploads\/2025\/06\/Claudio01Sostenibilidad.jpg","datePublished":"2025-06-24T01:31:00+00:00","dateModified":"2025-06-24T01:32:54+00:00","breadcrumb":{"@id":"https:\/\/canal7slp.tv\/2025\/presenta-empresario-iniciativas-en-materia-ambiental\/#breadcrumb"},"inLanguage":"es","potentialAction":[{"@type":"ReadAction","target":["https:\/\/canal7slp.tv\/2025\/presenta-empresario-iniciativas-en-materia-ambiental\/"]}]},{"@type":"ImageObject","inLanguage":"es","@id":"https:\/\/canal7slp.tv\/2025\/presenta-empresario-iniciativas-en-materia-ambiental\/#primaryimage","url":"https:\/\/canal7slp.tv\/2025\/wp-content\/uploads\/2025\/06\/Claudio01Sostenibilidad.jpg","contentUrl":"https:\/\/canal7slp.tv\/2025\/wp-content\/uploads\/2025\/06\/Claudio01Sostenibilidad.jpg","width":1280,"height":720},{"@type":"BreadcrumbList","@id":"https:\/\/canal7slp.tv\/2025\/presenta-empresario-iniciativas-en-materia-ambiental\/#breadcrumb","itemListElement":[{"@type":"ListItem","position":1,"name":"Portada","item":"https:\/\/canal7slp.tv\/2025\/"},{"@type":"ListItem","position":2,"name":"Presenta empresario iniciativas en materia ambiental"}]},{"@type":"WebSite","@id":"https:\/\/canal7slp.tv\/2025\/#website","url":"https:\/\/canal7slp.tv\/2025\/","name":"N7 - Noticieros Canal 7","description":"Somos el Medio","publisher":{"@id":"https:\/\/canal7slp.tv\/2025\/#organization"},"potentialAction":[{"@type":"SearchAction","target":{"@type":"EntryPoint","urlTemplate":"https:\/\/canal7slp.tv\/2025\/?s={search_term_string}"},"query-input":{"@type":"PropertyValueSpecification","valueRequired":true,"valueName":"search_term_string"}}],"inLanguage":"es"},{"@type":"Organization","@id":"https:\/\/canal7slp.tv\/2025\/#organization","name":"Noticieros Canal 7","url":"https:\/\/canal7slp.tv\/2025\/","logo":{"@type":"ImageObject","inLanguage":"es","@id":"https:\/\/canal7slp.tv\/2025\/#\/schema\/logo\/image\/","url":"https:\/\/canal7slp.tv\/2025\/wp-content\/uploads\/2021\/01\/logo-noticieros@2x.png","contentUrl":"https:\/\/canal7slp.tv\/2025\/wp-content\/uploads\/2021\/01\/logo-noticieros@2x.png","width":1017,"height":268,"caption":"Noticieros Canal 7"},"image":{"@id":"https:\/\/canal7slp.tv\/2025\/#\/schema\/logo\/image\/"},"sameAs":["https:\/\/www.facebook.com\/noticieroscanal7atencionciudadana\/","https:\/\/x.com\/NOTICIEROS7","https:\/\/www.instagram.com\/canal7_slp","https:\/\/www.youtube.com\/channel\/UCliiYs-gP3JfJeqdPrNdd5A"]},{"@type":"Person","@id":"https:\/\/canal7slp.tv\/2025\/#\/schema\/person\/271e2b60a96e7cc9d9ac296f4d7e414b","name":"Edici\u00f3n Web","image":{"@type":"ImageObject","inLanguage":"es","@id":"https:\/\/secure.gravatar.com\/avatar\/eee448fc3f7164808013b816ba91ac7e43bbe82a70bebac296f8bc6f0addaa1a?s=96&d=mm&r=g","url":"https:\/\/secure.gravatar.com\/avatar\/eee448fc3f7164808013b816ba91ac7e43bbe82a70bebac296f8bc6f0addaa1a?s=96&d=mm&r=g","contentUrl":"https:\/\/secure.gravatar.com\/avatar\/eee448fc3f7164808013b816ba91ac7e43bbe82a70bebac296f8bc6f0addaa1a?s=96&d=mm&r=g","caption":"Edici\u00f3n Web"},"url":"https:\/\/canal7slp.tv\/2025\/author\/edicionweb\/"}]}},"_links":{"self":[{"href":"https:\/\/canal7slp.tv\/2025\/wp-json\/wp\/v2\/posts\/171426","targetHints":{"allow":["GET"]}}],"collection":[{"href":"https:\/\/canal7slp.tv\/2025\/wp-json\/wp\/v2\/posts"}],"about":[{"href":"https:\/\/canal7slp.tv\/2025\/wp-json\/wp\/v2\/types\/post"}],"author":[{"embeddable":true,"href":"https:\/\/canal7slp.tv\/2025\/wp-json\/wp\/v2\/users\/2"}],"replies":[{"embeddable":true,"href":"https:\/\/canal7slp.tv\/2025\/wp-json\/wp\/v2\/comments?post=171426"}],"version-history":[{"count":2,"href":"https:\/\/canal7slp.tv\/2025\/wp-json\/wp\/v2\/posts\/171426\/revisions"}],"predecessor-version":[{"id":171444,"href":"https:\/\/canal7slp.tv\/2025\/wp-json\/wp\/v2\/posts\/171426\/revisions\/171444"}],"wp:featuredmedia":[{"embeddable":true,"href":"https:\/\/canal7slp.tv\/2025\/wp-json\/wp\/v2\/media\/171443"}],"wp:attachment":[{"href":"https:\/\/canal7slp.tv\/2025\/wp-json\/wp\/v2\/media?parent=171426"}],"wp:term":[{"taxonomy":"category","embeddable":true,"href":"https:\/\/canal7slp.tv\/2025\/wp-json\/wp\/v2\/categories?post=171426"},{"taxonomy":"post_tag","embeddable":true,"href":"https:\/\/canal7slp.tv\/2025\/wp-json\/wp\/v2\/tags?post=171426"}],"curies":[{"name":"wp","href":"https:\/\/api.w.org\/{rel}","templated":true}]}}