{"id":171303,"date":"2025-06-22T15:17:16","date_gmt":"2025-06-22T21:17:16","guid":{"rendered":"https:\/\/canal7slp.tv\/2025\/?p=171303"},"modified":"2025-06-22T15:17:16","modified_gmt":"2025-06-22T21:17:16","slug":"cfe-restaura-luz-al-91-7-de-afectados-por-huracan-erick-en-oaxaca-y-guerrero","status":"publish","type":"post","link":"https:\/\/canal7slp.tv\/2025\/cfe-restaura-luz-al-91-7-de-afectados-por-huracan-erick-en-oaxaca-y-guerrero\/","title":{"rendered":"CFE restaura luz al 91.7% de afectados por hurac\u00e1n \u201cErick\u201d en Oaxaca y Guerrero"},"content":{"rendered":"<p style=\"text-align: justify;\">\n<p style=\"text-align: justify;\">M\u00e9xico.- La Comisi\u00f3n Federal de Electricidad (CFE) ha logrado restablecer el servicio el\u00e9ctrico al 91.7% de los 276 mil 910 usuarios afectados por el hurac\u00e1n \u201cErick\u201d en Oaxaca y Guerrero, lo que representa 253 mil 975 clientes reconectados hasta las 13:00 horas del 21 de junio de 2025.<\/p>\n<p style=\"text-align: justify;\">De acuerdo con el reporte m\u00e1s reciente, las localidades m\u00e1s afectadas fueron Santiago Pinotepa Nacional, Ometepec y Tlacoachistlahuaca. La CFE mantiene coordinaci\u00f3n constante con autoridades federales, estatales y municipales para optimizar la gesti\u00f3n de riesgos y avanzar en la normalizaci\u00f3n del servicio.<\/p>\n<p style=\"text-align: justify;\">En materia de media tensi\u00f3n, se reportaron da\u00f1os en 35 circuitos, de los cuales 25 ya han sido completamente reparados y 10 se encuentran en proceso de restablecimiento. Respecto a la red de transmisi\u00f3n, se registraron da\u00f1os en cinco l\u00edneas de 115 kilovoltios, de las cuales cuatro ya est\u00e1n en operaci\u00f3n.<\/p>\n<p style=\"text-align: justify;\">El hurac\u00e1n \u201cErick\u201d, que alcanz\u00f3 la categor\u00eda 4 en el oc\u00e9ano Pac\u00edfico, toc\u00f3 tierra como categor\u00eda 3 el pasado 1 de junio, provocando lluvias intensas, r\u00e1fagas de viento y da\u00f1os considerables en infraestructura del sur de M\u00e9xico. Aunque el cicl\u00f3n ya se ha degradado a remanente, todav\u00eda se presentan lluvias en algunas zonas.<\/p>\n<p style=\"text-align: justify;\">Las autoridades han confirmado afectaciones en viviendas, ca\u00edda de \u00e1rboles y un n\u00famero reducido de v\u00edctimas fatales, mientras contin\u00faan las labores de evaluaci\u00f3n y recuperaci\u00f3n en las comunidades m\u00e1s golpeadas.<\/p>\n","protected":false},"excerpt":{"rendered":"<p>M\u00e9xico.- La Comisi\u00f3n Federal de Electricidad (CFE) ha logrado restablecer el servicio el\u00e9ctrico al 91.7% de los 276 mil 910 usuarios afectados por el hurac\u00e1n \u201cErick\u201d en Oaxaca y Guerrero, lo que representa 253 mil 975 clientes reconectados hasta las 13:00 horas del 21 de junio de 2025. De acuerdo con el reporte m\u00e1s reciente, las localidades m\u00e1s afectadas fueron Santiago Pinotepa Nacional, Ometepec y Tlacoachistlahuaca. La CFE mantiene coordinaci\u00f3n constante con autoridades federales, estatales y municipales para optimizar la gesti\u00f3n de riesgos y avanzar en la normalizaci\u00f3n del servicio. En materia de media tensi\u00f3n, se reportaron da\u00f1os en 35 [&hellip;]<\/p>\n","protected":false},"author":2,"featured_media":171304,"comment_status":"closed","ping_status":"closed","sticky":false,"template":"","format":"standard","meta":{"_monsterinsights_skip_tracking":false,"_monsterinsights_sitenote_active":false,"_monsterinsights_sitenote_note":"","_monsterinsights_sitenote_category":0,"footnotes":""},"categories":[46],"tags":[],"class_list":["post-171303","post","type-post","status-publish","format-standard","has-post-thumbnail","hentry","category-nacional","post--single"],"yoast_head":"<!-- This site is optimized with the Yoast SEO plugin v27.5 - https:\/\/yoast.com\/product\/yoast-seo-wordpress\/ -->\n<title>CFE restaura luz al 91.7% de afectados por hurac\u00e1n \u201cErick\u201d en Oaxaca y Guerrero - Canal 7 SLP - 2025<\/title>\n<meta name=\"robots\" content=\"index, follow, max-snippet:-1, max-image-preview:large, max-video-preview:-1\" \/>\n<link rel=\"canonical\" href=\"https:\/\/canal7slp.tv\/2025\/cfe-restaura-luz-al-91-7-de-afectados-por-huracan-erick-en-oaxaca-y-guerrero\/\" \/>\n<meta property=\"og:locale\" content=\"es_ES\" \/>\n<meta property=\"og:type\" content=\"article\" \/>\n<meta property=\"og:title\" content=\"CFE restaura luz al 91.7% de afectados por hurac\u00e1n \u201cErick\u201d en Oaxaca y Guerrero - Canal 7 SLP - 2025\" \/>\n<meta property=\"og:description\" content=\"M\u00e9xico.- La Comisi\u00f3n Federal de Electricidad (CFE) ha logrado restablecer el servicio el\u00e9ctrico al 91.7% de los 276 mil 910 usuarios afectados por el hurac\u00e1n \u201cErick\u201d en Oaxaca y Guerrero, lo que representa 253 mil 975 clientes reconectados hasta las 13:00 horas del 21 de junio de 2025. De acuerdo con el reporte m\u00e1s reciente, las localidades m\u00e1s afectadas fueron Santiago Pinotepa Nacional, Ometepec y Tlacoachistlahuaca. La CFE mantiene coordinaci\u00f3n constante con autoridades federales, estatales y municipales para optimizar la gesti\u00f3n de riesgos y avanzar en la normalizaci\u00f3n del servicio. En materia de media tensi\u00f3n, se reportaron da\u00f1os en 35 [&hellip;]\" \/>\n<meta property=\"og:url\" content=\"https:\/\/canal7slp.tv\/2025\/cfe-restaura-luz-al-91-7-de-afectados-por-huracan-erick-en-oaxaca-y-guerrero\/\" \/>\n<meta property=\"og:site_name\" content=\"Canal 7 SLP - 2025\" \/>\n<meta property=\"article:publisher\" content=\"https:\/\/www.facebook.com\/noticieroscanal7atencionciudadana\/\" \/>\n<meta property=\"article:published_time\" content=\"2025-06-22T21:17:16+00:00\" \/>\n<meta property=\"og:image\" content=\"https:\/\/canal7slp.tv\/2025\/wp-content\/uploads\/2025\/06\/11-5.jpg\" \/>\n\t<meta property=\"og:image:width\" content=\"820\" \/>\n\t<meta property=\"og:image:height\" content=\"410\" \/>\n\t<meta property=\"og:image:type\" content=\"image\/jpeg\" \/>\n<meta name=\"author\" content=\"Edici\u00f3n Web\" \/>\n<meta name=\"twitter:card\" content=\"summary_large_image\" \/>\n<meta name=\"twitter:creator\" content=\"@NOTICIEROS7\" \/>\n<meta name=\"twitter:site\" content=\"@NOTICIEROS7\" \/>\n<meta name=\"twitter:label1\" content=\"Escrito por\" \/>\n\t<meta name=\"twitter:data1\" content=\"Edici\u00f3n Web\" \/>\n\t<meta name=\"twitter:label2\" content=\"Tiempo de lectura\" \/>\n\t<meta name=\"twitter:data2\" content=\"2 minutos\" \/>\n<script type=\"application\/ld+json\" class=\"yoast-schema-graph\">{\"@context\":\"https:\\\/\\\/schema.org\",\"@graph\":[{\"@type\":\"Article\",\"@id\":\"https:\\\/\\\/canal7slp.tv\\\/2025\\\/cfe-restaura-luz-al-91-7-de-afectados-por-huracan-erick-en-oaxaca-y-guerrero\\\/#article\",\"isPartOf\":{\"@id\":\"https:\\\/\\\/canal7slp.tv\\\/2025\\\/cfe-restaura-luz-al-91-7-de-afectados-por-huracan-erick-en-oaxaca-y-guerrero\\\/\"},\"author\":{\"name\":\"Edici\u00f3n Web\",\"@id\":\"https:\\\/\\\/canal7slp.tv\\\/2025\\\/#\\\/schema\\\/person\\\/271e2b60a96e7cc9d9ac296f4d7e414b\"},\"headline\":\"CFE restaura luz al 91.7% de afectados por hurac\u00e1n \u201cErick\u201d en Oaxaca y Guerrero\",\"datePublished\":\"2025-06-22T21:17:16+00:00\",\"mainEntityOfPage\":{\"@id\":\"https:\\\/\\\/canal7slp.tv\\\/2025\\\/cfe-restaura-luz-al-91-7-de-afectados-por-huracan-erick-en-oaxaca-y-guerrero\\\/\"},\"wordCount\":257,\"publisher\":{\"@id\":\"https:\\\/\\\/canal7slp.tv\\\/2025\\\/#organization\"},\"image\":{\"@id\":\"https:\\\/\\\/canal7slp.tv\\\/2025\\\/cfe-restaura-luz-al-91-7-de-afectados-por-huracan-erick-en-oaxaca-y-guerrero\\\/#primaryimage\"},\"thumbnailUrl\":\"https:\\\/\\\/canal7slp.tv\\\/2025\\\/wp-content\\\/uploads\\\/2025\\\/06\\\/11-5.jpg\",\"articleSection\":[\"NACIONALES\"],\"inLanguage\":\"es\"},{\"@type\":\"WebPage\",\"@id\":\"https:\\\/\\\/canal7slp.tv\\\/2025\\\/cfe-restaura-luz-al-91-7-de-afectados-por-huracan-erick-en-oaxaca-y-guerrero\\\/\",\"url\":\"https:\\\/\\\/canal7slp.tv\\\/2025\\\/cfe-restaura-luz-al-91-7-de-afectados-por-huracan-erick-en-oaxaca-y-guerrero\\\/\",\"name\":\"CFE restaura luz al 91.7% de afectados por hurac\u00e1n \u201cErick\u201d en Oaxaca y Guerrero - Canal 7 SLP - 2025\",\"isPartOf\":{\"@id\":\"https:\\\/\\\/canal7slp.tv\\\/2025\\\/#website\"},\"primaryImageOfPage\":{\"@id\":\"https:\\\/\\\/canal7slp.tv\\\/2025\\\/cfe-restaura-luz-al-91-7-de-afectados-por-huracan-erick-en-oaxaca-y-guerrero\\\/#primaryimage\"},\"image\":{\"@id\":\"https:\\\/\\\/canal7slp.tv\\\/2025\\\/cfe-restaura-luz-al-91-7-de-afectados-por-huracan-erick-en-oaxaca-y-guerrero\\\/#primaryimage\"},\"thumbnailUrl\":\"https:\\\/\\\/canal7slp.tv\\\/2025\\\/wp-content\\\/uploads\\\/2025\\\/06\\\/11-5.jpg\",\"datePublished\":\"2025-06-22T21:17:16+00:00\",\"breadcrumb\":{\"@id\":\"https:\\\/\\\/canal7slp.tv\\\/2025\\\/cfe-restaura-luz-al-91-7-de-afectados-por-huracan-erick-en-oaxaca-y-guerrero\\\/#breadcrumb\"},\"inLanguage\":\"es\",\"potentialAction\":[{\"@type\":\"ReadAction\",\"target\":[\"https:\\\/\\\/canal7slp.tv\\\/2025\\\/cfe-restaura-luz-al-91-7-de-afectados-por-huracan-erick-en-oaxaca-y-guerrero\\\/\"]}]},{\"@type\":\"ImageObject\",\"inLanguage\":\"es\",\"@id\":\"https:\\\/\\\/canal7slp.tv\\\/2025\\\/cfe-restaura-luz-al-91-7-de-afectados-por-huracan-erick-en-oaxaca-y-guerrero\\\/#primaryimage\",\"url\":\"https:\\\/\\\/canal7slp.tv\\\/2025\\\/wp-content\\\/uploads\\\/2025\\\/06\\\/11-5.jpg\",\"contentUrl\":\"https:\\\/\\\/canal7slp.tv\\\/2025\\\/wp-content\\\/uploads\\\/2025\\\/06\\\/11-5.jpg\",\"width\":820,\"height\":410},{\"@type\":\"BreadcrumbList\",\"@id\":\"https:\\\/\\\/canal7slp.tv\\\/2025\\\/cfe-restaura-luz-al-91-7-de-afectados-por-huracan-erick-en-oaxaca-y-guerrero\\\/#breadcrumb\",\"itemListElement\":[{\"@type\":\"ListItem\",\"position\":1,\"name\":\"Portada\",\"item\":\"https:\\\/\\\/canal7slp.tv\\\/2025\\\/\"},{\"@type\":\"ListItem\",\"position\":2,\"name\":\"CFE restaura luz al 91.7% de afectados por hurac\u00e1n \u201cErick\u201d en Oaxaca y Guerrero\"}]},{\"@type\":\"WebSite\",\"@id\":\"https:\\\/\\\/canal7slp.tv\\\/2025\\\/#website\",\"url\":\"https:\\\/\\\/canal7slp.tv\\\/2025\\\/\",\"name\":\"N7 - Noticieros Canal 7\",\"description\":\"Somos el Medio\",\"publisher\":{\"@id\":\"https:\\\/\\\/canal7slp.tv\\\/2025\\\/#organization\"},\"potentialAction\":[{\"@type\":\"SearchAction\",\"target\":{\"@type\":\"EntryPoint\",\"urlTemplate\":\"https:\\\/\\\/canal7slp.tv\\\/2025\\\/?s={search_term_string}\"},\"query-input\":{\"@type\":\"PropertyValueSpecification\",\"valueRequired\":true,\"valueName\":\"search_term_string\"}}],\"inLanguage\":\"es\"},{\"@type\":\"Organization\",\"@id\":\"https:\\\/\\\/canal7slp.tv\\\/2025\\\/#organization\",\"name\":\"Noticieros Canal 7\",\"url\":\"https:\\\/\\\/canal7slp.tv\\\/2025\\\/\",\"logo\":{\"@type\":\"ImageObject\",\"inLanguage\":\"es\",\"@id\":\"https:\\\/\\\/canal7slp.tv\\\/2025\\\/#\\\/schema\\\/logo\\\/image\\\/\",\"url\":\"https:\\\/\\\/canal7slp.tv\\\/2025\\\/wp-content\\\/uploads\\\/2021\\\/01\\\/logo-noticieros@2x.png\",\"contentUrl\":\"https:\\\/\\\/canal7slp.tv\\\/2025\\\/wp-content\\\/uploads\\\/2021\\\/01\\\/logo-noticieros@2x.png\",\"width\":1017,\"height\":268,\"caption\":\"Noticieros Canal 7\"},\"image\":{\"@id\":\"https:\\\/\\\/canal7slp.tv\\\/2025\\\/#\\\/schema\\\/logo\\\/image\\\/\"},\"sameAs\":[\"https:\\\/\\\/www.facebook.com\\\/noticieroscanal7atencionciudadana\\\/\",\"https:\\\/\\\/x.com\\\/NOTICIEROS7\",\"https:\\\/\\\/www.instagram.com\\\/canal7_slp\",\"https:\\\/\\\/www.youtube.com\\\/channel\\\/UCliiYs-gP3JfJeqdPrNdd5A\"]},{\"@type\":\"Person\",\"@id\":\"https:\\\/\\\/canal7slp.tv\\\/2025\\\/#\\\/schema\\\/person\\\/271e2b60a96e7cc9d9ac296f4d7e414b\",\"name\":\"Edici\u00f3n Web\",\"image\":{\"@type\":\"ImageObject\",\"inLanguage\":\"es\",\"@id\":\"https:\\\/\\\/secure.gravatar.com\\\/avatar\\\/eee448fc3f7164808013b816ba91ac7e43bbe82a70bebac296f8bc6f0addaa1a?s=96&d=mm&r=g\",\"url\":\"https:\\\/\\\/secure.gravatar.com\\\/avatar\\\/eee448fc3f7164808013b816ba91ac7e43bbe82a70bebac296f8bc6f0addaa1a?s=96&d=mm&r=g\",\"contentUrl\":\"https:\\\/\\\/secure.gravatar.com\\\/avatar\\\/eee448fc3f7164808013b816ba91ac7e43bbe82a70bebac296f8bc6f0addaa1a?s=96&d=mm&r=g\",\"caption\":\"Edici\u00f3n Web\"},\"url\":\"https:\\\/\\\/canal7slp.tv\\\/2025\\\/author\\\/edicionweb\\\/\"}]}<\/script>\n<!-- \/ Yoast SEO plugin. -->","yoast_head_json":{"title":"CFE restaura luz al 91.7% de afectados por hurac\u00e1n \u201cErick\u201d en Oaxaca y Guerrero - Canal 7 SLP - 2025","robots":{"index":"index","follow":"follow","max-snippet":"max-snippet:-1","max-image-preview":"max-image-preview:large","max-video-preview":"max-video-preview:-1"},"canonical":"https:\/\/canal7slp.tv\/2025\/cfe-restaura-luz-al-91-7-de-afectados-por-huracan-erick-en-oaxaca-y-guerrero\/","og_locale":"es_ES","og_type":"article","og_title":"CFE restaura luz al 91.7% de afectados por hurac\u00e1n \u201cErick\u201d en Oaxaca y Guerrero - Canal 7 SLP - 2025","og_description":"M\u00e9xico.- La Comisi\u00f3n Federal de Electricidad (CFE) ha logrado restablecer el servicio el\u00e9ctrico al 91.7% de los 276 mil 910 usuarios afectados por el hurac\u00e1n \u201cErick\u201d en Oaxaca y Guerrero, lo que representa 253 mil 975 clientes reconectados hasta las 13:00 horas del 21 de junio de 2025. De acuerdo con el reporte m\u00e1s reciente, las localidades m\u00e1s afectadas fueron Santiago Pinotepa Nacional, Ometepec y Tlacoachistlahuaca. La CFE mantiene coordinaci\u00f3n constante con autoridades federales, estatales y municipales para optimizar la gesti\u00f3n de riesgos y avanzar en la normalizaci\u00f3n del servicio. En materia de media tensi\u00f3n, se reportaron da\u00f1os en 35 [&hellip;]","og_url":"https:\/\/canal7slp.tv\/2025\/cfe-restaura-luz-al-91-7-de-afectados-por-huracan-erick-en-oaxaca-y-guerrero\/","og_site_name":"Canal 7 SLP - 2025","article_publisher":"https:\/\/www.facebook.com\/noticieroscanal7atencionciudadana\/","article_published_time":"2025-06-22T21:17:16+00:00","og_image":[{"width":820,"height":410,"url":"https:\/\/canal7slp.tv\/2025\/wp-content\/uploads\/2025\/06\/11-5.jpg","type":"image\/jpeg"}],"author":"Edici\u00f3n Web","twitter_card":"summary_large_image","twitter_creator":"@NOTICIEROS7","twitter_site":"@NOTICIEROS7","twitter_misc":{"Escrito por":"Edici\u00f3n Web","Tiempo de lectura":"2 minutos"},"schema":{"@context":"https:\/\/schema.org","@graph":[{"@type":"Article","@id":"https:\/\/canal7slp.tv\/2025\/cfe-restaura-luz-al-91-7-de-afectados-por-huracan-erick-en-oaxaca-y-guerrero\/#article","isPartOf":{"@id":"https:\/\/canal7slp.tv\/2025\/cfe-restaura-luz-al-91-7-de-afectados-por-huracan-erick-en-oaxaca-y-guerrero\/"},"author":{"name":"Edici\u00f3n Web","@id":"https:\/\/canal7slp.tv\/2025\/#\/schema\/person\/271e2b60a96e7cc9d9ac296f4d7e414b"},"headline":"CFE restaura luz al 91.7% de afectados por hurac\u00e1n \u201cErick\u201d en Oaxaca y Guerrero","datePublished":"2025-06-22T21:17:16+00:00","mainEntityOfPage":{"@id":"https:\/\/canal7slp.tv\/2025\/cfe-restaura-luz-al-91-7-de-afectados-por-huracan-erick-en-oaxaca-y-guerrero\/"},"wordCount":257,"publisher":{"@id":"https:\/\/canal7slp.tv\/2025\/#organization"},"image":{"@id":"https:\/\/canal7slp.tv\/2025\/cfe-restaura-luz-al-91-7-de-afectados-por-huracan-erick-en-oaxaca-y-guerrero\/#primaryimage"},"thumbnailUrl":"https:\/\/canal7slp.tv\/2025\/wp-content\/uploads\/2025\/06\/11-5.jpg","articleSection":["NACIONALES"],"inLanguage":"es"},{"@type":"WebPage","@id":"https:\/\/canal7slp.tv\/2025\/cfe-restaura-luz-al-91-7-de-afectados-por-huracan-erick-en-oaxaca-y-guerrero\/","url":"https:\/\/canal7slp.tv\/2025\/cfe-restaura-luz-al-91-7-de-afectados-por-huracan-erick-en-oaxaca-y-guerrero\/","name":"CFE restaura luz al 91.7% de afectados por hurac\u00e1n \u201cErick\u201d en Oaxaca y Guerrero - Canal 7 SLP - 2025","isPartOf":{"@id":"https:\/\/canal7slp.tv\/2025\/#website"},"primaryImageOfPage":{"@id":"https:\/\/canal7slp.tv\/2025\/cfe-restaura-luz-al-91-7-de-afectados-por-huracan-erick-en-oaxaca-y-guerrero\/#primaryimage"},"image":{"@id":"https:\/\/canal7slp.tv\/2025\/cfe-restaura-luz-al-91-7-de-afectados-por-huracan-erick-en-oaxaca-y-guerrero\/#primaryimage"},"thumbnailUrl":"https:\/\/canal7slp.tv\/2025\/wp-content\/uploads\/2025\/06\/11-5.jpg","datePublished":"2025-06-22T21:17:16+00:00","breadcrumb":{"@id":"https:\/\/canal7slp.tv\/2025\/cfe-restaura-luz-al-91-7-de-afectados-por-huracan-erick-en-oaxaca-y-guerrero\/#breadcrumb"},"inLanguage":"es","potentialAction":[{"@type":"ReadAction","target":["https:\/\/canal7slp.tv\/2025\/cfe-restaura-luz-al-91-7-de-afectados-por-huracan-erick-en-oaxaca-y-guerrero\/"]}]},{"@type":"ImageObject","inLanguage":"es","@id":"https:\/\/canal7slp.tv\/2025\/cfe-restaura-luz-al-91-7-de-afectados-por-huracan-erick-en-oaxaca-y-guerrero\/#primaryimage","url":"https:\/\/canal7slp.tv\/2025\/wp-content\/uploads\/2025\/06\/11-5.jpg","contentUrl":"https:\/\/canal7slp.tv\/2025\/wp-content\/uploads\/2025\/06\/11-5.jpg","width":820,"height":410},{"@type":"BreadcrumbList","@id":"https:\/\/canal7slp.tv\/2025\/cfe-restaura-luz-al-91-7-de-afectados-por-huracan-erick-en-oaxaca-y-guerrero\/#breadcrumb","itemListElement":[{"@type":"ListItem","position":1,"name":"Portada","item":"https:\/\/canal7slp.tv\/2025\/"},{"@type":"ListItem","position":2,"name":"CFE restaura luz al 91.7% de afectados por hurac\u00e1n \u201cErick\u201d en Oaxaca y Guerrero"}]},{"@type":"WebSite","@id":"https:\/\/canal7slp.tv\/2025\/#website","url":"https:\/\/canal7slp.tv\/2025\/","name":"N7 - Noticieros Canal 7","description":"Somos el Medio","publisher":{"@id":"https:\/\/canal7slp.tv\/2025\/#organization"},"potentialAction":[{"@type":"SearchAction","target":{"@type":"EntryPoint","urlTemplate":"https:\/\/canal7slp.tv\/2025\/?s={search_term_string}"},"query-input":{"@type":"PropertyValueSpecification","valueRequired":true,"valueName":"search_term_string"}}],"inLanguage":"es"},{"@type":"Organization","@id":"https:\/\/canal7slp.tv\/2025\/#organization","name":"Noticieros Canal 7","url":"https:\/\/canal7slp.tv\/2025\/","logo":{"@type":"ImageObject","inLanguage":"es","@id":"https:\/\/canal7slp.tv\/2025\/#\/schema\/logo\/image\/","url":"https:\/\/canal7slp.tv\/2025\/wp-content\/uploads\/2021\/01\/logo-noticieros@2x.png","contentUrl":"https:\/\/canal7slp.tv\/2025\/wp-content\/uploads\/2021\/01\/logo-noticieros@2x.png","width":1017,"height":268,"caption":"Noticieros Canal 7"},"image":{"@id":"https:\/\/canal7slp.tv\/2025\/#\/schema\/logo\/image\/"},"sameAs":["https:\/\/www.facebook.com\/noticieroscanal7atencionciudadana\/","https:\/\/x.com\/NOTICIEROS7","https:\/\/www.instagram.com\/canal7_slp","https:\/\/www.youtube.com\/channel\/UCliiYs-gP3JfJeqdPrNdd5A"]},{"@type":"Person","@id":"https:\/\/canal7slp.tv\/2025\/#\/schema\/person\/271e2b60a96e7cc9d9ac296f4d7e414b","name":"Edici\u00f3n Web","image":{"@type":"ImageObject","inLanguage":"es","@id":"https:\/\/secure.gravatar.com\/avatar\/eee448fc3f7164808013b816ba91ac7e43bbe82a70bebac296f8bc6f0addaa1a?s=96&d=mm&r=g","url":"https:\/\/secure.gravatar.com\/avatar\/eee448fc3f7164808013b816ba91ac7e43bbe82a70bebac296f8bc6f0addaa1a?s=96&d=mm&r=g","contentUrl":"https:\/\/secure.gravatar.com\/avatar\/eee448fc3f7164808013b816ba91ac7e43bbe82a70bebac296f8bc6f0addaa1a?s=96&d=mm&r=g","caption":"Edici\u00f3n Web"},"url":"https:\/\/canal7slp.tv\/2025\/author\/edicionweb\/"}]}},"_links":{"self":[{"href":"https:\/\/canal7slp.tv\/2025\/wp-json\/wp\/v2\/posts\/171303","targetHints":{"allow":["GET"]}}],"collection":[{"href":"https:\/\/canal7slp.tv\/2025\/wp-json\/wp\/v2\/posts"}],"about":[{"href":"https:\/\/canal7slp.tv\/2025\/wp-json\/wp\/v2\/types\/post"}],"author":[{"embeddable":true,"href":"https:\/\/canal7slp.tv\/2025\/wp-json\/wp\/v2\/users\/2"}],"replies":[{"embeddable":true,"href":"https:\/\/canal7slp.tv\/2025\/wp-json\/wp\/v2\/comments?post=171303"}],"version-history":[{"count":1,"href":"https:\/\/canal7slp.tv\/2025\/wp-json\/wp\/v2\/posts\/171303\/revisions"}],"predecessor-version":[{"id":171305,"href":"https:\/\/canal7slp.tv\/2025\/wp-json\/wp\/v2\/posts\/171303\/revisions\/171305"}],"wp:featuredmedia":[{"embeddable":true,"href":"https:\/\/canal7slp.tv\/2025\/wp-json\/wp\/v2\/media\/171304"}],"wp:attachment":[{"href":"https:\/\/canal7slp.tv\/2025\/wp-json\/wp\/v2\/media?parent=171303"}],"wp:term":[{"taxonomy":"category","embeddable":true,"href":"https:\/\/canal7slp.tv\/2025\/wp-json\/wp\/v2\/categories?post=171303"},{"taxonomy":"post_tag","embeddable":true,"href":"https:\/\/canal7slp.tv\/2025\/wp-json\/wp\/v2\/tags?post=171303"}],"curies":[{"name":"wp","href":"https:\/\/api.w.org\/{rel}","templated":true}]}}