{"id":171300,"date":"2025-06-22T15:07:58","date_gmt":"2025-06-22T21:07:58","guid":{"rendered":"https:\/\/canal7slp.tv\/2025\/?p=171300"},"modified":"2025-06-22T15:07:58","modified_gmt":"2025-06-22T21:07:58","slug":"mexico-llama-al-dialogo-y-a-la-paz-tras-ataques-de-eua-a-instalaciones-nucleares-en-iran","status":"publish","type":"post","link":"https:\/\/canal7slp.tv\/2025\/mexico-llama-al-dialogo-y-a-la-paz-tras-ataques-de-eua-a-instalaciones-nucleares-en-iran\/","title":{"rendered":"M\u00e9xico llama al di\u00e1logo y a la paz tras ataques de EUA a instalaciones nucleares en Ir\u00e1n"},"content":{"rendered":"<p style=\"text-align: justify;\">M\u00e9xico.- El Gobierno de M\u00e9xico, a trav\u00e9s de la Secretar\u00eda de Relaciones Exteriores (SRE), emiti\u00f3 este viernes un llamado urgente al di\u00e1logo y a la paz, tras el ataque militar lanzado por Estados Unidos contra instalaciones nucleares en Ir\u00e1n el pasado 21 de junio de 2025.<\/p>\n<p style=\"text-align: justify;\">En un mensaje publicado en redes sociales, la SRE exhort\u00f3 a todas las partes involucradas en el conflicto en Medio Oriente a evitar una escalada mayor y a priorizar la restauraci\u00f3n de la convivencia pac\u00edfica en la regi\u00f3n.<\/p>\n<p style=\"text-align: justify;\">El ataque fue anunciado por el presidente estadounidense Donald Trump, quien inform\u00f3 que fueron bombardeadas tres instalaciones, entre ellas la de Fordow, con el objetivo de destruir las capacidades iran\u00edes de enriquecimiento de uranio. La operaci\u00f3n incluy\u00f3 el uso de bombas antib\u00fanker y misiles Tomahawk, seg\u00fan lo detallado por la Casa Blanca.<\/p>\n<p style=\"text-align: justify;\">En respuesta, el Gobierno mexicano reafirm\u00f3 su compromiso con los principios de pol\u00edtica exterior pacifista, establecidos en su Constituci\u00f3n, y subray\u00f3 que sus embajadas se mantienen en contacto constante con los ciudadanos mexicanos en la regi\u00f3n para ofrecer asistencia consular oportuna.<\/p>\n","protected":false},"excerpt":{"rendered":"<p>M\u00e9xico.- El Gobierno de M\u00e9xico, a trav\u00e9s de la Secretar\u00eda de Relaciones Exteriores (SRE), emiti\u00f3 este viernes un llamado urgente al di\u00e1logo y a la paz, tras el ataque militar lanzado por Estados Unidos contra instalaciones nucleares en Ir\u00e1n el pasado 21 de junio de 2025. En un mensaje publicado en redes sociales, la SRE exhort\u00f3 a todas las partes involucradas en el conflicto en Medio Oriente a evitar una escalada mayor y a priorizar la restauraci\u00f3n de la convivencia pac\u00edfica en la regi\u00f3n. El ataque fue anunciado por el presidente estadounidense Donald Trump, quien inform\u00f3 que fueron bombardeadas tres [&hellip;]<\/p>\n","protected":false},"author":2,"featured_media":171301,"comment_status":"closed","ping_status":"closed","sticky":false,"template":"","format":"standard","meta":{"_monsterinsights_skip_tracking":false,"_monsterinsights_sitenote_active":false,"_monsterinsights_sitenote_note":"","_monsterinsights_sitenote_category":0,"footnotes":""},"categories":[46],"tags":[],"class_list":["post-171300","post","type-post","status-publish","format-standard","has-post-thumbnail","hentry","category-nacional","post--single"],"yoast_head":"<!-- This site is optimized with the Yoast SEO plugin v27.5 - https:\/\/yoast.com\/product\/yoast-seo-wordpress\/ -->\n<title>M\u00e9xico llama al di\u00e1logo y a la paz tras ataques de EUA a instalaciones nucleares en Ir\u00e1n - Canal 7 SLP - 2025<\/title>\n<meta name=\"robots\" content=\"index, follow, max-snippet:-1, max-image-preview:large, max-video-preview:-1\" \/>\n<link rel=\"canonical\" href=\"https:\/\/canal7slp.tv\/2025\/mexico-llama-al-dialogo-y-a-la-paz-tras-ataques-de-eua-a-instalaciones-nucleares-en-iran\/\" \/>\n<meta property=\"og:locale\" content=\"es_ES\" \/>\n<meta property=\"og:type\" content=\"article\" \/>\n<meta property=\"og:title\" content=\"M\u00e9xico llama al di\u00e1logo y a la paz tras ataques de EUA a instalaciones nucleares en Ir\u00e1n - Canal 7 SLP - 2025\" \/>\n<meta property=\"og:description\" content=\"M\u00e9xico.- El Gobierno de M\u00e9xico, a trav\u00e9s de la Secretar\u00eda de Relaciones Exteriores (SRE), emiti\u00f3 este viernes un llamado urgente al di\u00e1logo y a la paz, tras el ataque militar lanzado por Estados Unidos contra instalaciones nucleares en Ir\u00e1n el pasado 21 de junio de 2025. En un mensaje publicado en redes sociales, la SRE exhort\u00f3 a todas las partes involucradas en el conflicto en Medio Oriente a evitar una escalada mayor y a priorizar la restauraci\u00f3n de la convivencia pac\u00edfica en la regi\u00f3n. El ataque fue anunciado por el presidente estadounidense Donald Trump, quien inform\u00f3 que fueron bombardeadas tres [&hellip;]\" \/>\n<meta property=\"og:url\" content=\"https:\/\/canal7slp.tv\/2025\/mexico-llama-al-dialogo-y-a-la-paz-tras-ataques-de-eua-a-instalaciones-nucleares-en-iran\/\" \/>\n<meta property=\"og:site_name\" content=\"Canal 7 SLP - 2025\" \/>\n<meta property=\"article:publisher\" content=\"https:\/\/www.facebook.com\/noticieroscanal7atencionciudadana\/\" \/>\n<meta property=\"article:published_time\" content=\"2025-06-22T21:07:58+00:00\" \/>\n<meta property=\"og:image\" content=\"https:\/\/canal7slp.tv\/2025\/wp-content\/uploads\/2025\/06\/10-20.jpg\" \/>\n\t<meta property=\"og:image:width\" content=\"613\" \/>\n\t<meta property=\"og:image:height\" content=\"410\" \/>\n\t<meta property=\"og:image:type\" content=\"image\/jpeg\" \/>\n<meta name=\"author\" content=\"Edici\u00f3n Web\" \/>\n<meta name=\"twitter:card\" content=\"summary_large_image\" \/>\n<meta name=\"twitter:creator\" content=\"@NOTICIEROS7\" \/>\n<meta name=\"twitter:site\" content=\"@NOTICIEROS7\" \/>\n<meta name=\"twitter:label1\" content=\"Escrito por\" \/>\n\t<meta name=\"twitter:data1\" content=\"Edici\u00f3n Web\" \/>\n\t<meta name=\"twitter:label2\" content=\"Tiempo de lectura\" \/>\n\t<meta name=\"twitter:data2\" content=\"2 minutos\" \/>\n<script type=\"application\/ld+json\" class=\"yoast-schema-graph\">{\"@context\":\"https:\\\/\\\/schema.org\",\"@graph\":[{\"@type\":\"Article\",\"@id\":\"https:\\\/\\\/canal7slp.tv\\\/2025\\\/mexico-llama-al-dialogo-y-a-la-paz-tras-ataques-de-eua-a-instalaciones-nucleares-en-iran\\\/#article\",\"isPartOf\":{\"@id\":\"https:\\\/\\\/canal7slp.tv\\\/2025\\\/mexico-llama-al-dialogo-y-a-la-paz-tras-ataques-de-eua-a-instalaciones-nucleares-en-iran\\\/\"},\"author\":{\"name\":\"Edici\u00f3n Web\",\"@id\":\"https:\\\/\\\/canal7slp.tv\\\/2025\\\/#\\\/schema\\\/person\\\/271e2b60a96e7cc9d9ac296f4d7e414b\"},\"headline\":\"M\u00e9xico llama al di\u00e1logo y a la paz tras ataques de EUA a instalaciones nucleares en Ir\u00e1n\",\"datePublished\":\"2025-06-22T21:07:58+00:00\",\"mainEntityOfPage\":{\"@id\":\"https:\\\/\\\/canal7slp.tv\\\/2025\\\/mexico-llama-al-dialogo-y-a-la-paz-tras-ataques-de-eua-a-instalaciones-nucleares-en-iran\\\/\"},\"wordCount\":212,\"publisher\":{\"@id\":\"https:\\\/\\\/canal7slp.tv\\\/2025\\\/#organization\"},\"image\":{\"@id\":\"https:\\\/\\\/canal7slp.tv\\\/2025\\\/mexico-llama-al-dialogo-y-a-la-paz-tras-ataques-de-eua-a-instalaciones-nucleares-en-iran\\\/#primaryimage\"},\"thumbnailUrl\":\"https:\\\/\\\/canal7slp.tv\\\/2025\\\/wp-content\\\/uploads\\\/2025\\\/06\\\/10-20.jpg\",\"articleSection\":[\"NACIONALES\"],\"inLanguage\":\"es\"},{\"@type\":\"WebPage\",\"@id\":\"https:\\\/\\\/canal7slp.tv\\\/2025\\\/mexico-llama-al-dialogo-y-a-la-paz-tras-ataques-de-eua-a-instalaciones-nucleares-en-iran\\\/\",\"url\":\"https:\\\/\\\/canal7slp.tv\\\/2025\\\/mexico-llama-al-dialogo-y-a-la-paz-tras-ataques-de-eua-a-instalaciones-nucleares-en-iran\\\/\",\"name\":\"M\u00e9xico llama al di\u00e1logo y a la paz tras ataques de EUA a instalaciones nucleares en Ir\u00e1n - Canal 7 SLP - 2025\",\"isPartOf\":{\"@id\":\"https:\\\/\\\/canal7slp.tv\\\/2025\\\/#website\"},\"primaryImageOfPage\":{\"@id\":\"https:\\\/\\\/canal7slp.tv\\\/2025\\\/mexico-llama-al-dialogo-y-a-la-paz-tras-ataques-de-eua-a-instalaciones-nucleares-en-iran\\\/#primaryimage\"},\"image\":{\"@id\":\"https:\\\/\\\/canal7slp.tv\\\/2025\\\/mexico-llama-al-dialogo-y-a-la-paz-tras-ataques-de-eua-a-instalaciones-nucleares-en-iran\\\/#primaryimage\"},\"thumbnailUrl\":\"https:\\\/\\\/canal7slp.tv\\\/2025\\\/wp-content\\\/uploads\\\/2025\\\/06\\\/10-20.jpg\",\"datePublished\":\"2025-06-22T21:07:58+00:00\",\"breadcrumb\":{\"@id\":\"https:\\\/\\\/canal7slp.tv\\\/2025\\\/mexico-llama-al-dialogo-y-a-la-paz-tras-ataques-de-eua-a-instalaciones-nucleares-en-iran\\\/#breadcrumb\"},\"inLanguage\":\"es\",\"potentialAction\":[{\"@type\":\"ReadAction\",\"target\":[\"https:\\\/\\\/canal7slp.tv\\\/2025\\\/mexico-llama-al-dialogo-y-a-la-paz-tras-ataques-de-eua-a-instalaciones-nucleares-en-iran\\\/\"]}]},{\"@type\":\"ImageObject\",\"inLanguage\":\"es\",\"@id\":\"https:\\\/\\\/canal7slp.tv\\\/2025\\\/mexico-llama-al-dialogo-y-a-la-paz-tras-ataques-de-eua-a-instalaciones-nucleares-en-iran\\\/#primaryimage\",\"url\":\"https:\\\/\\\/canal7slp.tv\\\/2025\\\/wp-content\\\/uploads\\\/2025\\\/06\\\/10-20.jpg\",\"contentUrl\":\"https:\\\/\\\/canal7slp.tv\\\/2025\\\/wp-content\\\/uploads\\\/2025\\\/06\\\/10-20.jpg\",\"width\":613,\"height\":410},{\"@type\":\"BreadcrumbList\",\"@id\":\"https:\\\/\\\/canal7slp.tv\\\/2025\\\/mexico-llama-al-dialogo-y-a-la-paz-tras-ataques-de-eua-a-instalaciones-nucleares-en-iran\\\/#breadcrumb\",\"itemListElement\":[{\"@type\":\"ListItem\",\"position\":1,\"name\":\"Portada\",\"item\":\"https:\\\/\\\/canal7slp.tv\\\/2025\\\/\"},{\"@type\":\"ListItem\",\"position\":2,\"name\":\"M\u00e9xico llama al di\u00e1logo y a la paz tras ataques de EUA a instalaciones nucleares en Ir\u00e1n\"}]},{\"@type\":\"WebSite\",\"@id\":\"https:\\\/\\\/canal7slp.tv\\\/2025\\\/#website\",\"url\":\"https:\\\/\\\/canal7slp.tv\\\/2025\\\/\",\"name\":\"N7 - Noticieros Canal 7\",\"description\":\"Somos el Medio\",\"publisher\":{\"@id\":\"https:\\\/\\\/canal7slp.tv\\\/2025\\\/#organization\"},\"potentialAction\":[{\"@type\":\"SearchAction\",\"target\":{\"@type\":\"EntryPoint\",\"urlTemplate\":\"https:\\\/\\\/canal7slp.tv\\\/2025\\\/?s={search_term_string}\"},\"query-input\":{\"@type\":\"PropertyValueSpecification\",\"valueRequired\":true,\"valueName\":\"search_term_string\"}}],\"inLanguage\":\"es\"},{\"@type\":\"Organization\",\"@id\":\"https:\\\/\\\/canal7slp.tv\\\/2025\\\/#organization\",\"name\":\"Noticieros Canal 7\",\"url\":\"https:\\\/\\\/canal7slp.tv\\\/2025\\\/\",\"logo\":{\"@type\":\"ImageObject\",\"inLanguage\":\"es\",\"@id\":\"https:\\\/\\\/canal7slp.tv\\\/2025\\\/#\\\/schema\\\/logo\\\/image\\\/\",\"url\":\"https:\\\/\\\/canal7slp.tv\\\/2025\\\/wp-content\\\/uploads\\\/2021\\\/01\\\/logo-noticieros@2x.png\",\"contentUrl\":\"https:\\\/\\\/canal7slp.tv\\\/2025\\\/wp-content\\\/uploads\\\/2021\\\/01\\\/logo-noticieros@2x.png\",\"width\":1017,\"height\":268,\"caption\":\"Noticieros Canal 7\"},\"image\":{\"@id\":\"https:\\\/\\\/canal7slp.tv\\\/2025\\\/#\\\/schema\\\/logo\\\/image\\\/\"},\"sameAs\":[\"https:\\\/\\\/www.facebook.com\\\/noticieroscanal7atencionciudadana\\\/\",\"https:\\\/\\\/x.com\\\/NOTICIEROS7\",\"https:\\\/\\\/www.instagram.com\\\/canal7_slp\",\"https:\\\/\\\/www.youtube.com\\\/channel\\\/UCliiYs-gP3JfJeqdPrNdd5A\"]},{\"@type\":\"Person\",\"@id\":\"https:\\\/\\\/canal7slp.tv\\\/2025\\\/#\\\/schema\\\/person\\\/271e2b60a96e7cc9d9ac296f4d7e414b\",\"name\":\"Edici\u00f3n Web\",\"image\":{\"@type\":\"ImageObject\",\"inLanguage\":\"es\",\"@id\":\"https:\\\/\\\/secure.gravatar.com\\\/avatar\\\/eee448fc3f7164808013b816ba91ac7e43bbe82a70bebac296f8bc6f0addaa1a?s=96&d=mm&r=g\",\"url\":\"https:\\\/\\\/secure.gravatar.com\\\/avatar\\\/eee448fc3f7164808013b816ba91ac7e43bbe82a70bebac296f8bc6f0addaa1a?s=96&d=mm&r=g\",\"contentUrl\":\"https:\\\/\\\/secure.gravatar.com\\\/avatar\\\/eee448fc3f7164808013b816ba91ac7e43bbe82a70bebac296f8bc6f0addaa1a?s=96&d=mm&r=g\",\"caption\":\"Edici\u00f3n Web\"},\"url\":\"https:\\\/\\\/canal7slp.tv\\\/2025\\\/author\\\/edicionweb\\\/\"}]}<\/script>\n<!-- \/ Yoast SEO plugin. -->","yoast_head_json":{"title":"M\u00e9xico llama al di\u00e1logo y a la paz tras ataques de EUA a instalaciones nucleares en Ir\u00e1n - Canal 7 SLP - 2025","robots":{"index":"index","follow":"follow","max-snippet":"max-snippet:-1","max-image-preview":"max-image-preview:large","max-video-preview":"max-video-preview:-1"},"canonical":"https:\/\/canal7slp.tv\/2025\/mexico-llama-al-dialogo-y-a-la-paz-tras-ataques-de-eua-a-instalaciones-nucleares-en-iran\/","og_locale":"es_ES","og_type":"article","og_title":"M\u00e9xico llama al di\u00e1logo y a la paz tras ataques de EUA a instalaciones nucleares en Ir\u00e1n - Canal 7 SLP - 2025","og_description":"M\u00e9xico.- El Gobierno de M\u00e9xico, a trav\u00e9s de la Secretar\u00eda de Relaciones Exteriores (SRE), emiti\u00f3 este viernes un llamado urgente al di\u00e1logo y a la paz, tras el ataque militar lanzado por Estados Unidos contra instalaciones nucleares en Ir\u00e1n el pasado 21 de junio de 2025. En un mensaje publicado en redes sociales, la SRE exhort\u00f3 a todas las partes involucradas en el conflicto en Medio Oriente a evitar una escalada mayor y a priorizar la restauraci\u00f3n de la convivencia pac\u00edfica en la regi\u00f3n. El ataque fue anunciado por el presidente estadounidense Donald Trump, quien inform\u00f3 que fueron bombardeadas tres [&hellip;]","og_url":"https:\/\/canal7slp.tv\/2025\/mexico-llama-al-dialogo-y-a-la-paz-tras-ataques-de-eua-a-instalaciones-nucleares-en-iran\/","og_site_name":"Canal 7 SLP - 2025","article_publisher":"https:\/\/www.facebook.com\/noticieroscanal7atencionciudadana\/","article_published_time":"2025-06-22T21:07:58+00:00","og_image":[{"width":613,"height":410,"url":"https:\/\/canal7slp.tv\/2025\/wp-content\/uploads\/2025\/06\/10-20.jpg","type":"image\/jpeg"}],"author":"Edici\u00f3n Web","twitter_card":"summary_large_image","twitter_creator":"@NOTICIEROS7","twitter_site":"@NOTICIEROS7","twitter_misc":{"Escrito por":"Edici\u00f3n Web","Tiempo de lectura":"2 minutos"},"schema":{"@context":"https:\/\/schema.org","@graph":[{"@type":"Article","@id":"https:\/\/canal7slp.tv\/2025\/mexico-llama-al-dialogo-y-a-la-paz-tras-ataques-de-eua-a-instalaciones-nucleares-en-iran\/#article","isPartOf":{"@id":"https:\/\/canal7slp.tv\/2025\/mexico-llama-al-dialogo-y-a-la-paz-tras-ataques-de-eua-a-instalaciones-nucleares-en-iran\/"},"author":{"name":"Edici\u00f3n Web","@id":"https:\/\/canal7slp.tv\/2025\/#\/schema\/person\/271e2b60a96e7cc9d9ac296f4d7e414b"},"headline":"M\u00e9xico llama al di\u00e1logo y a la paz tras ataques de EUA a instalaciones nucleares en Ir\u00e1n","datePublished":"2025-06-22T21:07:58+00:00","mainEntityOfPage":{"@id":"https:\/\/canal7slp.tv\/2025\/mexico-llama-al-dialogo-y-a-la-paz-tras-ataques-de-eua-a-instalaciones-nucleares-en-iran\/"},"wordCount":212,"publisher":{"@id":"https:\/\/canal7slp.tv\/2025\/#organization"},"image":{"@id":"https:\/\/canal7slp.tv\/2025\/mexico-llama-al-dialogo-y-a-la-paz-tras-ataques-de-eua-a-instalaciones-nucleares-en-iran\/#primaryimage"},"thumbnailUrl":"https:\/\/canal7slp.tv\/2025\/wp-content\/uploads\/2025\/06\/10-20.jpg","articleSection":["NACIONALES"],"inLanguage":"es"},{"@type":"WebPage","@id":"https:\/\/canal7slp.tv\/2025\/mexico-llama-al-dialogo-y-a-la-paz-tras-ataques-de-eua-a-instalaciones-nucleares-en-iran\/","url":"https:\/\/canal7slp.tv\/2025\/mexico-llama-al-dialogo-y-a-la-paz-tras-ataques-de-eua-a-instalaciones-nucleares-en-iran\/","name":"M\u00e9xico llama al di\u00e1logo y a la paz tras ataques de EUA a instalaciones nucleares en Ir\u00e1n - Canal 7 SLP - 2025","isPartOf":{"@id":"https:\/\/canal7slp.tv\/2025\/#website"},"primaryImageOfPage":{"@id":"https:\/\/canal7slp.tv\/2025\/mexico-llama-al-dialogo-y-a-la-paz-tras-ataques-de-eua-a-instalaciones-nucleares-en-iran\/#primaryimage"},"image":{"@id":"https:\/\/canal7slp.tv\/2025\/mexico-llama-al-dialogo-y-a-la-paz-tras-ataques-de-eua-a-instalaciones-nucleares-en-iran\/#primaryimage"},"thumbnailUrl":"https:\/\/canal7slp.tv\/2025\/wp-content\/uploads\/2025\/06\/10-20.jpg","datePublished":"2025-06-22T21:07:58+00:00","breadcrumb":{"@id":"https:\/\/canal7slp.tv\/2025\/mexico-llama-al-dialogo-y-a-la-paz-tras-ataques-de-eua-a-instalaciones-nucleares-en-iran\/#breadcrumb"},"inLanguage":"es","potentialAction":[{"@type":"ReadAction","target":["https:\/\/canal7slp.tv\/2025\/mexico-llama-al-dialogo-y-a-la-paz-tras-ataques-de-eua-a-instalaciones-nucleares-en-iran\/"]}]},{"@type":"ImageObject","inLanguage":"es","@id":"https:\/\/canal7slp.tv\/2025\/mexico-llama-al-dialogo-y-a-la-paz-tras-ataques-de-eua-a-instalaciones-nucleares-en-iran\/#primaryimage","url":"https:\/\/canal7slp.tv\/2025\/wp-content\/uploads\/2025\/06\/10-20.jpg","contentUrl":"https:\/\/canal7slp.tv\/2025\/wp-content\/uploads\/2025\/06\/10-20.jpg","width":613,"height":410},{"@type":"BreadcrumbList","@id":"https:\/\/canal7slp.tv\/2025\/mexico-llama-al-dialogo-y-a-la-paz-tras-ataques-de-eua-a-instalaciones-nucleares-en-iran\/#breadcrumb","itemListElement":[{"@type":"ListItem","position":1,"name":"Portada","item":"https:\/\/canal7slp.tv\/2025\/"},{"@type":"ListItem","position":2,"name":"M\u00e9xico llama al di\u00e1logo y a la paz tras ataques de EUA a instalaciones nucleares en Ir\u00e1n"}]},{"@type":"WebSite","@id":"https:\/\/canal7slp.tv\/2025\/#website","url":"https:\/\/canal7slp.tv\/2025\/","name":"N7 - Noticieros Canal 7","description":"Somos el Medio","publisher":{"@id":"https:\/\/canal7slp.tv\/2025\/#organization"},"potentialAction":[{"@type":"SearchAction","target":{"@type":"EntryPoint","urlTemplate":"https:\/\/canal7slp.tv\/2025\/?s={search_term_string}"},"query-input":{"@type":"PropertyValueSpecification","valueRequired":true,"valueName":"search_term_string"}}],"inLanguage":"es"},{"@type":"Organization","@id":"https:\/\/canal7slp.tv\/2025\/#organization","name":"Noticieros Canal 7","url":"https:\/\/canal7slp.tv\/2025\/","logo":{"@type":"ImageObject","inLanguage":"es","@id":"https:\/\/canal7slp.tv\/2025\/#\/schema\/logo\/image\/","url":"https:\/\/canal7slp.tv\/2025\/wp-content\/uploads\/2021\/01\/logo-noticieros@2x.png","contentUrl":"https:\/\/canal7slp.tv\/2025\/wp-content\/uploads\/2021\/01\/logo-noticieros@2x.png","width":1017,"height":268,"caption":"Noticieros Canal 7"},"image":{"@id":"https:\/\/canal7slp.tv\/2025\/#\/schema\/logo\/image\/"},"sameAs":["https:\/\/www.facebook.com\/noticieroscanal7atencionciudadana\/","https:\/\/x.com\/NOTICIEROS7","https:\/\/www.instagram.com\/canal7_slp","https:\/\/www.youtube.com\/channel\/UCliiYs-gP3JfJeqdPrNdd5A"]},{"@type":"Person","@id":"https:\/\/canal7slp.tv\/2025\/#\/schema\/person\/271e2b60a96e7cc9d9ac296f4d7e414b","name":"Edici\u00f3n Web","image":{"@type":"ImageObject","inLanguage":"es","@id":"https:\/\/secure.gravatar.com\/avatar\/eee448fc3f7164808013b816ba91ac7e43bbe82a70bebac296f8bc6f0addaa1a?s=96&d=mm&r=g","url":"https:\/\/secure.gravatar.com\/avatar\/eee448fc3f7164808013b816ba91ac7e43bbe82a70bebac296f8bc6f0addaa1a?s=96&d=mm&r=g","contentUrl":"https:\/\/secure.gravatar.com\/avatar\/eee448fc3f7164808013b816ba91ac7e43bbe82a70bebac296f8bc6f0addaa1a?s=96&d=mm&r=g","caption":"Edici\u00f3n Web"},"url":"https:\/\/canal7slp.tv\/2025\/author\/edicionweb\/"}]}},"_links":{"self":[{"href":"https:\/\/canal7slp.tv\/2025\/wp-json\/wp\/v2\/posts\/171300","targetHints":{"allow":["GET"]}}],"collection":[{"href":"https:\/\/canal7slp.tv\/2025\/wp-json\/wp\/v2\/posts"}],"about":[{"href":"https:\/\/canal7slp.tv\/2025\/wp-json\/wp\/v2\/types\/post"}],"author":[{"embeddable":true,"href":"https:\/\/canal7slp.tv\/2025\/wp-json\/wp\/v2\/users\/2"}],"replies":[{"embeddable":true,"href":"https:\/\/canal7slp.tv\/2025\/wp-json\/wp\/v2\/comments?post=171300"}],"version-history":[{"count":1,"href":"https:\/\/canal7slp.tv\/2025\/wp-json\/wp\/v2\/posts\/171300\/revisions"}],"predecessor-version":[{"id":171302,"href":"https:\/\/canal7slp.tv\/2025\/wp-json\/wp\/v2\/posts\/171300\/revisions\/171302"}],"wp:featuredmedia":[{"embeddable":true,"href":"https:\/\/canal7slp.tv\/2025\/wp-json\/wp\/v2\/media\/171301"}],"wp:attachment":[{"href":"https:\/\/canal7slp.tv\/2025\/wp-json\/wp\/v2\/media?parent=171300"}],"wp:term":[{"taxonomy":"category","embeddable":true,"href":"https:\/\/canal7slp.tv\/2025\/wp-json\/wp\/v2\/categories?post=171300"},{"taxonomy":"post_tag","embeddable":true,"href":"https:\/\/canal7slp.tv\/2025\/wp-json\/wp\/v2\/tags?post=171300"}],"curies":[{"name":"wp","href":"https:\/\/api.w.org\/{rel}","templated":true}]}}