{"id":171294,"date":"2025-06-22T12:44:54","date_gmt":"2025-06-22T18:44:54","guid":{"rendered":"https:\/\/canal7slp.tv\/2025\/?p=171294"},"modified":"2025-06-22T12:44:54","modified_gmt":"2025-06-22T18:44:54","slug":"el-papa-leon-xiv-llama-al-mundo-a-detener-la-guerra-en-medio-oriente","status":"publish","type":"post","link":"https:\/\/canal7slp.tv\/2025\/el-papa-leon-xiv-llama-al-mundo-a-detener-la-guerra-en-medio-oriente\/","title":{"rendered":"El Papa Le\u00f3n XIV llama al mundo a detener la guerra en medio oriente"},"content":{"rendered":"<p style=\"text-align: justify;\">\n<p style=\"text-align: justify;\">El Vaticano.- El papa Le\u00f3n XIV expres\u00f3 este domingo su profunda preocupaci\u00f3n por las \u201cnoticias alarmantes\u201d que llegan desde Medio Oriente, en particular tras los recientes bombardeos de Estados Unidos sobre Ir\u00e1n. Desde la ventana del Palacio Apost\u00f3lico, ante miles de fieles reunidos en la Plaza de San Pedro, el pont\u00edfice inst\u00f3 a la comunidad internacional a actuar con urgencia para frenar la guerra y evitar una crisis de consecuencias irreparables.<\/p>\n<p style=\"text-align: justify;\">Le\u00f3n XIV subray\u00f3 la gravedad de la situaci\u00f3n, que tambi\u00e9n involucra a Israel y Palestina, y llam\u00f3 la atenci\u00f3n sobre el sufrimiento de las poblaciones civiles, especialmente en Gaza, donde la necesidad de ayuda humanitaria es apremiante.<\/p>\n<p style=\"text-align: justify;\">En su mensaje, el papa apel\u00f3 a la responsabilidad moral de los l\u00edderes mundiales, afirmando que \u201cla humanidad clama por la paz\u201d y que ese clamor no debe ser ahogado por la violencia ni por discursos que alientan el conflicto.<\/p>\n<p style=\"text-align: justify;\">\u201cLos problemas no se resuelven con la guerra, sino que se agravan \u2014advirti\u00f3\u2014, dejando heridas profundas que pueden tardar generaciones en sanar\u201d.<\/p>\n<p style=\"text-align: justify;\">Le\u00f3n XIV concluy\u00f3 su intervenci\u00f3n con un firme llamado a la diplomacia, exhortando a que las naciones abandonen el camino del enfrentamiento y trabajen por un futuro basado en la paz, no en el sufrimiento y la destrucci\u00f3n.<\/p>\n","protected":false},"excerpt":{"rendered":"<p>El Vaticano.- El papa Le\u00f3n XIV expres\u00f3 este domingo su profunda preocupaci\u00f3n por las \u201cnoticias alarmantes\u201d que llegan desde Medio Oriente, en particular tras los recientes bombardeos de Estados Unidos sobre Ir\u00e1n. Desde la ventana del Palacio Apost\u00f3lico, ante miles de fieles reunidos en la Plaza de San Pedro, el pont\u00edfice inst\u00f3 a la comunidad internacional a actuar con urgencia para frenar la guerra y evitar una crisis de consecuencias irreparables. Le\u00f3n XIV subray\u00f3 la gravedad de la situaci\u00f3n, que tambi\u00e9n involucra a Israel y Palestina, y llam\u00f3 la atenci\u00f3n sobre el sufrimiento de las poblaciones civiles, especialmente en Gaza, [&hellip;]<\/p>\n","protected":false},"author":2,"featured_media":171295,"comment_status":"closed","ping_status":"closed","sticky":false,"template":"","format":"standard","meta":{"_monsterinsights_skip_tracking":false,"_monsterinsights_sitenote_active":false,"_monsterinsights_sitenote_note":"","_monsterinsights_sitenote_category":0,"footnotes":""},"categories":[44],"tags":[],"class_list":["post-171294","post","type-post","status-publish","format-standard","has-post-thumbnail","hentry","category-internacional","post--single"],"yoast_head":"<!-- This site is optimized with the Yoast SEO plugin v27.5 - https:\/\/yoast.com\/product\/yoast-seo-wordpress\/ -->\n<title>El Papa Le\u00f3n XIV llama al mundo a detener la guerra en medio oriente - Canal 7 SLP - 2025<\/title>\n<meta name=\"robots\" content=\"index, follow, max-snippet:-1, max-image-preview:large, max-video-preview:-1\" \/>\n<link rel=\"canonical\" href=\"https:\/\/canal7slp.tv\/2025\/el-papa-leon-xiv-llama-al-mundo-a-detener-la-guerra-en-medio-oriente\/\" \/>\n<meta property=\"og:locale\" content=\"es_ES\" \/>\n<meta property=\"og:type\" content=\"article\" \/>\n<meta property=\"og:title\" content=\"El Papa Le\u00f3n XIV llama al mundo a detener la guerra en medio oriente - Canal 7 SLP - 2025\" \/>\n<meta property=\"og:description\" content=\"El Vaticano.- El papa Le\u00f3n XIV expres\u00f3 este domingo su profunda preocupaci\u00f3n por las \u201cnoticias alarmantes\u201d que llegan desde Medio Oriente, en particular tras los recientes bombardeos de Estados Unidos sobre Ir\u00e1n. Desde la ventana del Palacio Apost\u00f3lico, ante miles de fieles reunidos en la Plaza de San Pedro, el pont\u00edfice inst\u00f3 a la comunidad internacional a actuar con urgencia para frenar la guerra y evitar una crisis de consecuencias irreparables. Le\u00f3n XIV subray\u00f3 la gravedad de la situaci\u00f3n, que tambi\u00e9n involucra a Israel y Palestina, y llam\u00f3 la atenci\u00f3n sobre el sufrimiento de las poblaciones civiles, especialmente en Gaza, [&hellip;]\" \/>\n<meta property=\"og:url\" content=\"https:\/\/canal7slp.tv\/2025\/el-papa-leon-xiv-llama-al-mundo-a-detener-la-guerra-en-medio-oriente\/\" \/>\n<meta property=\"og:site_name\" content=\"Canal 7 SLP - 2025\" \/>\n<meta property=\"article:publisher\" content=\"https:\/\/www.facebook.com\/noticieroscanal7atencionciudadana\/\" \/>\n<meta property=\"article:published_time\" content=\"2025-06-22T18:44:54+00:00\" \/>\n<meta property=\"og:image\" content=\"https:\/\/canal7slp.tv\/2025\/wp-content\/uploads\/2025\/06\/08-21.jpg\" \/>\n\t<meta property=\"og:image:width\" content=\"750\" \/>\n\t<meta property=\"og:image:height\" content=\"500\" \/>\n\t<meta property=\"og:image:type\" content=\"image\/jpeg\" \/>\n<meta name=\"author\" content=\"Edici\u00f3n Web\" \/>\n<meta name=\"twitter:card\" content=\"summary_large_image\" \/>\n<meta name=\"twitter:creator\" content=\"@NOTICIEROS7\" \/>\n<meta name=\"twitter:site\" content=\"@NOTICIEROS7\" \/>\n<meta name=\"twitter:label1\" content=\"Escrito por\" \/>\n\t<meta name=\"twitter:data1\" content=\"Edici\u00f3n Web\" \/>\n\t<meta name=\"twitter:label2\" content=\"Tiempo de lectura\" \/>\n\t<meta name=\"twitter:data2\" content=\"2 minutos\" \/>\n<script type=\"application\/ld+json\" class=\"yoast-schema-graph\">{\"@context\":\"https:\\\/\\\/schema.org\",\"@graph\":[{\"@type\":\"Article\",\"@id\":\"https:\\\/\\\/canal7slp.tv\\\/2025\\\/el-papa-leon-xiv-llama-al-mundo-a-detener-la-guerra-en-medio-oriente\\\/#article\",\"isPartOf\":{\"@id\":\"https:\\\/\\\/canal7slp.tv\\\/2025\\\/el-papa-leon-xiv-llama-al-mundo-a-detener-la-guerra-en-medio-oriente\\\/\"},\"author\":{\"name\":\"Edici\u00f3n Web\",\"@id\":\"https:\\\/\\\/canal7slp.tv\\\/2025\\\/#\\\/schema\\\/person\\\/271e2b60a96e7cc9d9ac296f4d7e414b\"},\"headline\":\"El Papa Le\u00f3n XIV llama al mundo a detener la guerra en medio oriente\",\"datePublished\":\"2025-06-22T18:44:54+00:00\",\"mainEntityOfPage\":{\"@id\":\"https:\\\/\\\/canal7slp.tv\\\/2025\\\/el-papa-leon-xiv-llama-al-mundo-a-detener-la-guerra-en-medio-oriente\\\/\"},\"wordCount\":237,\"publisher\":{\"@id\":\"https:\\\/\\\/canal7slp.tv\\\/2025\\\/#organization\"},\"image\":{\"@id\":\"https:\\\/\\\/canal7slp.tv\\\/2025\\\/el-papa-leon-xiv-llama-al-mundo-a-detener-la-guerra-en-medio-oriente\\\/#primaryimage\"},\"thumbnailUrl\":\"https:\\\/\\\/canal7slp.tv\\\/2025\\\/wp-content\\\/uploads\\\/2025\\\/06\\\/08-21.jpg\",\"articleSection\":[\"INTERNACIONALES\"],\"inLanguage\":\"es\"},{\"@type\":\"WebPage\",\"@id\":\"https:\\\/\\\/canal7slp.tv\\\/2025\\\/el-papa-leon-xiv-llama-al-mundo-a-detener-la-guerra-en-medio-oriente\\\/\",\"url\":\"https:\\\/\\\/canal7slp.tv\\\/2025\\\/el-papa-leon-xiv-llama-al-mundo-a-detener-la-guerra-en-medio-oriente\\\/\",\"name\":\"El Papa Le\u00f3n XIV llama al mundo a detener la guerra en medio oriente - Canal 7 SLP - 2025\",\"isPartOf\":{\"@id\":\"https:\\\/\\\/canal7slp.tv\\\/2025\\\/#website\"},\"primaryImageOfPage\":{\"@id\":\"https:\\\/\\\/canal7slp.tv\\\/2025\\\/el-papa-leon-xiv-llama-al-mundo-a-detener-la-guerra-en-medio-oriente\\\/#primaryimage\"},\"image\":{\"@id\":\"https:\\\/\\\/canal7slp.tv\\\/2025\\\/el-papa-leon-xiv-llama-al-mundo-a-detener-la-guerra-en-medio-oriente\\\/#primaryimage\"},\"thumbnailUrl\":\"https:\\\/\\\/canal7slp.tv\\\/2025\\\/wp-content\\\/uploads\\\/2025\\\/06\\\/08-21.jpg\",\"datePublished\":\"2025-06-22T18:44:54+00:00\",\"breadcrumb\":{\"@id\":\"https:\\\/\\\/canal7slp.tv\\\/2025\\\/el-papa-leon-xiv-llama-al-mundo-a-detener-la-guerra-en-medio-oriente\\\/#breadcrumb\"},\"inLanguage\":\"es\",\"potentialAction\":[{\"@type\":\"ReadAction\",\"target\":[\"https:\\\/\\\/canal7slp.tv\\\/2025\\\/el-papa-leon-xiv-llama-al-mundo-a-detener-la-guerra-en-medio-oriente\\\/\"]}]},{\"@type\":\"ImageObject\",\"inLanguage\":\"es\",\"@id\":\"https:\\\/\\\/canal7slp.tv\\\/2025\\\/el-papa-leon-xiv-llama-al-mundo-a-detener-la-guerra-en-medio-oriente\\\/#primaryimage\",\"url\":\"https:\\\/\\\/canal7slp.tv\\\/2025\\\/wp-content\\\/uploads\\\/2025\\\/06\\\/08-21.jpg\",\"contentUrl\":\"https:\\\/\\\/canal7slp.tv\\\/2025\\\/wp-content\\\/uploads\\\/2025\\\/06\\\/08-21.jpg\",\"width\":750,\"height\":500},{\"@type\":\"BreadcrumbList\",\"@id\":\"https:\\\/\\\/canal7slp.tv\\\/2025\\\/el-papa-leon-xiv-llama-al-mundo-a-detener-la-guerra-en-medio-oriente\\\/#breadcrumb\",\"itemListElement\":[{\"@type\":\"ListItem\",\"position\":1,\"name\":\"Portada\",\"item\":\"https:\\\/\\\/canal7slp.tv\\\/2025\\\/\"},{\"@type\":\"ListItem\",\"position\":2,\"name\":\"El Papa Le\u00f3n XIV llama al mundo a detener la guerra en medio oriente\"}]},{\"@type\":\"WebSite\",\"@id\":\"https:\\\/\\\/canal7slp.tv\\\/2025\\\/#website\",\"url\":\"https:\\\/\\\/canal7slp.tv\\\/2025\\\/\",\"name\":\"N7 - Noticieros Canal 7\",\"description\":\"Somos el Medio\",\"publisher\":{\"@id\":\"https:\\\/\\\/canal7slp.tv\\\/2025\\\/#organization\"},\"potentialAction\":[{\"@type\":\"SearchAction\",\"target\":{\"@type\":\"EntryPoint\",\"urlTemplate\":\"https:\\\/\\\/canal7slp.tv\\\/2025\\\/?s={search_term_string}\"},\"query-input\":{\"@type\":\"PropertyValueSpecification\",\"valueRequired\":true,\"valueName\":\"search_term_string\"}}],\"inLanguage\":\"es\"},{\"@type\":\"Organization\",\"@id\":\"https:\\\/\\\/canal7slp.tv\\\/2025\\\/#organization\",\"name\":\"Noticieros Canal 7\",\"url\":\"https:\\\/\\\/canal7slp.tv\\\/2025\\\/\",\"logo\":{\"@type\":\"ImageObject\",\"inLanguage\":\"es\",\"@id\":\"https:\\\/\\\/canal7slp.tv\\\/2025\\\/#\\\/schema\\\/logo\\\/image\\\/\",\"url\":\"https:\\\/\\\/canal7slp.tv\\\/2025\\\/wp-content\\\/uploads\\\/2021\\\/01\\\/logo-noticieros@2x.png\",\"contentUrl\":\"https:\\\/\\\/canal7slp.tv\\\/2025\\\/wp-content\\\/uploads\\\/2021\\\/01\\\/logo-noticieros@2x.png\",\"width\":1017,\"height\":268,\"caption\":\"Noticieros Canal 7\"},\"image\":{\"@id\":\"https:\\\/\\\/canal7slp.tv\\\/2025\\\/#\\\/schema\\\/logo\\\/image\\\/\"},\"sameAs\":[\"https:\\\/\\\/www.facebook.com\\\/noticieroscanal7atencionciudadana\\\/\",\"https:\\\/\\\/x.com\\\/NOTICIEROS7\",\"https:\\\/\\\/www.instagram.com\\\/canal7_slp\",\"https:\\\/\\\/www.youtube.com\\\/channel\\\/UCliiYs-gP3JfJeqdPrNdd5A\"]},{\"@type\":\"Person\",\"@id\":\"https:\\\/\\\/canal7slp.tv\\\/2025\\\/#\\\/schema\\\/person\\\/271e2b60a96e7cc9d9ac296f4d7e414b\",\"name\":\"Edici\u00f3n Web\",\"image\":{\"@type\":\"ImageObject\",\"inLanguage\":\"es\",\"@id\":\"https:\\\/\\\/secure.gravatar.com\\\/avatar\\\/eee448fc3f7164808013b816ba91ac7e43bbe82a70bebac296f8bc6f0addaa1a?s=96&d=mm&r=g\",\"url\":\"https:\\\/\\\/secure.gravatar.com\\\/avatar\\\/eee448fc3f7164808013b816ba91ac7e43bbe82a70bebac296f8bc6f0addaa1a?s=96&d=mm&r=g\",\"contentUrl\":\"https:\\\/\\\/secure.gravatar.com\\\/avatar\\\/eee448fc3f7164808013b816ba91ac7e43bbe82a70bebac296f8bc6f0addaa1a?s=96&d=mm&r=g\",\"caption\":\"Edici\u00f3n Web\"},\"url\":\"https:\\\/\\\/canal7slp.tv\\\/2025\\\/author\\\/edicionweb\\\/\"}]}<\/script>\n<!-- \/ Yoast SEO plugin. -->","yoast_head_json":{"title":"El Papa Le\u00f3n XIV llama al mundo a detener la guerra en medio oriente - Canal 7 SLP - 2025","robots":{"index":"index","follow":"follow","max-snippet":"max-snippet:-1","max-image-preview":"max-image-preview:large","max-video-preview":"max-video-preview:-1"},"canonical":"https:\/\/canal7slp.tv\/2025\/el-papa-leon-xiv-llama-al-mundo-a-detener-la-guerra-en-medio-oriente\/","og_locale":"es_ES","og_type":"article","og_title":"El Papa Le\u00f3n XIV llama al mundo a detener la guerra en medio oriente - Canal 7 SLP - 2025","og_description":"El Vaticano.- El papa Le\u00f3n XIV expres\u00f3 este domingo su profunda preocupaci\u00f3n por las \u201cnoticias alarmantes\u201d que llegan desde Medio Oriente, en particular tras los recientes bombardeos de Estados Unidos sobre Ir\u00e1n. Desde la ventana del Palacio Apost\u00f3lico, ante miles de fieles reunidos en la Plaza de San Pedro, el pont\u00edfice inst\u00f3 a la comunidad internacional a actuar con urgencia para frenar la guerra y evitar una crisis de consecuencias irreparables. Le\u00f3n XIV subray\u00f3 la gravedad de la situaci\u00f3n, que tambi\u00e9n involucra a Israel y Palestina, y llam\u00f3 la atenci\u00f3n sobre el sufrimiento de las poblaciones civiles, especialmente en Gaza, [&hellip;]","og_url":"https:\/\/canal7slp.tv\/2025\/el-papa-leon-xiv-llama-al-mundo-a-detener-la-guerra-en-medio-oriente\/","og_site_name":"Canal 7 SLP - 2025","article_publisher":"https:\/\/www.facebook.com\/noticieroscanal7atencionciudadana\/","article_published_time":"2025-06-22T18:44:54+00:00","og_image":[{"width":750,"height":500,"url":"https:\/\/canal7slp.tv\/2025\/wp-content\/uploads\/2025\/06\/08-21.jpg","type":"image\/jpeg"}],"author":"Edici\u00f3n Web","twitter_card":"summary_large_image","twitter_creator":"@NOTICIEROS7","twitter_site":"@NOTICIEROS7","twitter_misc":{"Escrito por":"Edici\u00f3n Web","Tiempo de lectura":"2 minutos"},"schema":{"@context":"https:\/\/schema.org","@graph":[{"@type":"Article","@id":"https:\/\/canal7slp.tv\/2025\/el-papa-leon-xiv-llama-al-mundo-a-detener-la-guerra-en-medio-oriente\/#article","isPartOf":{"@id":"https:\/\/canal7slp.tv\/2025\/el-papa-leon-xiv-llama-al-mundo-a-detener-la-guerra-en-medio-oriente\/"},"author":{"name":"Edici\u00f3n Web","@id":"https:\/\/canal7slp.tv\/2025\/#\/schema\/person\/271e2b60a96e7cc9d9ac296f4d7e414b"},"headline":"El Papa Le\u00f3n XIV llama al mundo a detener la guerra en medio oriente","datePublished":"2025-06-22T18:44:54+00:00","mainEntityOfPage":{"@id":"https:\/\/canal7slp.tv\/2025\/el-papa-leon-xiv-llama-al-mundo-a-detener-la-guerra-en-medio-oriente\/"},"wordCount":237,"publisher":{"@id":"https:\/\/canal7slp.tv\/2025\/#organization"},"image":{"@id":"https:\/\/canal7slp.tv\/2025\/el-papa-leon-xiv-llama-al-mundo-a-detener-la-guerra-en-medio-oriente\/#primaryimage"},"thumbnailUrl":"https:\/\/canal7slp.tv\/2025\/wp-content\/uploads\/2025\/06\/08-21.jpg","articleSection":["INTERNACIONALES"],"inLanguage":"es"},{"@type":"WebPage","@id":"https:\/\/canal7slp.tv\/2025\/el-papa-leon-xiv-llama-al-mundo-a-detener-la-guerra-en-medio-oriente\/","url":"https:\/\/canal7slp.tv\/2025\/el-papa-leon-xiv-llama-al-mundo-a-detener-la-guerra-en-medio-oriente\/","name":"El Papa Le\u00f3n XIV llama al mundo a detener la guerra en medio oriente - Canal 7 SLP - 2025","isPartOf":{"@id":"https:\/\/canal7slp.tv\/2025\/#website"},"primaryImageOfPage":{"@id":"https:\/\/canal7slp.tv\/2025\/el-papa-leon-xiv-llama-al-mundo-a-detener-la-guerra-en-medio-oriente\/#primaryimage"},"image":{"@id":"https:\/\/canal7slp.tv\/2025\/el-papa-leon-xiv-llama-al-mundo-a-detener-la-guerra-en-medio-oriente\/#primaryimage"},"thumbnailUrl":"https:\/\/canal7slp.tv\/2025\/wp-content\/uploads\/2025\/06\/08-21.jpg","datePublished":"2025-06-22T18:44:54+00:00","breadcrumb":{"@id":"https:\/\/canal7slp.tv\/2025\/el-papa-leon-xiv-llama-al-mundo-a-detener-la-guerra-en-medio-oriente\/#breadcrumb"},"inLanguage":"es","potentialAction":[{"@type":"ReadAction","target":["https:\/\/canal7slp.tv\/2025\/el-papa-leon-xiv-llama-al-mundo-a-detener-la-guerra-en-medio-oriente\/"]}]},{"@type":"ImageObject","inLanguage":"es","@id":"https:\/\/canal7slp.tv\/2025\/el-papa-leon-xiv-llama-al-mundo-a-detener-la-guerra-en-medio-oriente\/#primaryimage","url":"https:\/\/canal7slp.tv\/2025\/wp-content\/uploads\/2025\/06\/08-21.jpg","contentUrl":"https:\/\/canal7slp.tv\/2025\/wp-content\/uploads\/2025\/06\/08-21.jpg","width":750,"height":500},{"@type":"BreadcrumbList","@id":"https:\/\/canal7slp.tv\/2025\/el-papa-leon-xiv-llama-al-mundo-a-detener-la-guerra-en-medio-oriente\/#breadcrumb","itemListElement":[{"@type":"ListItem","position":1,"name":"Portada","item":"https:\/\/canal7slp.tv\/2025\/"},{"@type":"ListItem","position":2,"name":"El Papa Le\u00f3n XIV llama al mundo a detener la guerra en medio oriente"}]},{"@type":"WebSite","@id":"https:\/\/canal7slp.tv\/2025\/#website","url":"https:\/\/canal7slp.tv\/2025\/","name":"N7 - Noticieros Canal 7","description":"Somos el Medio","publisher":{"@id":"https:\/\/canal7slp.tv\/2025\/#organization"},"potentialAction":[{"@type":"SearchAction","target":{"@type":"EntryPoint","urlTemplate":"https:\/\/canal7slp.tv\/2025\/?s={search_term_string}"},"query-input":{"@type":"PropertyValueSpecification","valueRequired":true,"valueName":"search_term_string"}}],"inLanguage":"es"},{"@type":"Organization","@id":"https:\/\/canal7slp.tv\/2025\/#organization","name":"Noticieros Canal 7","url":"https:\/\/canal7slp.tv\/2025\/","logo":{"@type":"ImageObject","inLanguage":"es","@id":"https:\/\/canal7slp.tv\/2025\/#\/schema\/logo\/image\/","url":"https:\/\/canal7slp.tv\/2025\/wp-content\/uploads\/2021\/01\/logo-noticieros@2x.png","contentUrl":"https:\/\/canal7slp.tv\/2025\/wp-content\/uploads\/2021\/01\/logo-noticieros@2x.png","width":1017,"height":268,"caption":"Noticieros Canal 7"},"image":{"@id":"https:\/\/canal7slp.tv\/2025\/#\/schema\/logo\/image\/"},"sameAs":["https:\/\/www.facebook.com\/noticieroscanal7atencionciudadana\/","https:\/\/x.com\/NOTICIEROS7","https:\/\/www.instagram.com\/canal7_slp","https:\/\/www.youtube.com\/channel\/UCliiYs-gP3JfJeqdPrNdd5A"]},{"@type":"Person","@id":"https:\/\/canal7slp.tv\/2025\/#\/schema\/person\/271e2b60a96e7cc9d9ac296f4d7e414b","name":"Edici\u00f3n Web","image":{"@type":"ImageObject","inLanguage":"es","@id":"https:\/\/secure.gravatar.com\/avatar\/eee448fc3f7164808013b816ba91ac7e43bbe82a70bebac296f8bc6f0addaa1a?s=96&d=mm&r=g","url":"https:\/\/secure.gravatar.com\/avatar\/eee448fc3f7164808013b816ba91ac7e43bbe82a70bebac296f8bc6f0addaa1a?s=96&d=mm&r=g","contentUrl":"https:\/\/secure.gravatar.com\/avatar\/eee448fc3f7164808013b816ba91ac7e43bbe82a70bebac296f8bc6f0addaa1a?s=96&d=mm&r=g","caption":"Edici\u00f3n Web"},"url":"https:\/\/canal7slp.tv\/2025\/author\/edicionweb\/"}]}},"_links":{"self":[{"href":"https:\/\/canal7slp.tv\/2025\/wp-json\/wp\/v2\/posts\/171294","targetHints":{"allow":["GET"]}}],"collection":[{"href":"https:\/\/canal7slp.tv\/2025\/wp-json\/wp\/v2\/posts"}],"about":[{"href":"https:\/\/canal7slp.tv\/2025\/wp-json\/wp\/v2\/types\/post"}],"author":[{"embeddable":true,"href":"https:\/\/canal7slp.tv\/2025\/wp-json\/wp\/v2\/users\/2"}],"replies":[{"embeddable":true,"href":"https:\/\/canal7slp.tv\/2025\/wp-json\/wp\/v2\/comments?post=171294"}],"version-history":[{"count":1,"href":"https:\/\/canal7slp.tv\/2025\/wp-json\/wp\/v2\/posts\/171294\/revisions"}],"predecessor-version":[{"id":171296,"href":"https:\/\/canal7slp.tv\/2025\/wp-json\/wp\/v2\/posts\/171294\/revisions\/171296"}],"wp:featuredmedia":[{"embeddable":true,"href":"https:\/\/canal7slp.tv\/2025\/wp-json\/wp\/v2\/media\/171295"}],"wp:attachment":[{"href":"https:\/\/canal7slp.tv\/2025\/wp-json\/wp\/v2\/media?parent=171294"}],"wp:term":[{"taxonomy":"category","embeddable":true,"href":"https:\/\/canal7slp.tv\/2025\/wp-json\/wp\/v2\/categories?post=171294"},{"taxonomy":"post_tag","embeddable":true,"href":"https:\/\/canal7slp.tv\/2025\/wp-json\/wp\/v2\/tags?post=171294"}],"curies":[{"name":"wp","href":"https:\/\/api.w.org\/{rel}","templated":true}]}}