{"id":171291,"date":"2025-06-22T12:40:22","date_gmt":"2025-06-22T18:40:22","guid":{"rendered":"https:\/\/canal7slp.tv\/2025\/?p=171291"},"modified":"2025-09-11T17:25:04","modified_gmt":"2025-09-11T23:25:04","slug":"iran-amenaza-con-cerrar-el-estrecho-de-ormuz","status":"publish","type":"post","link":"https:\/\/canal7slp.tv\/2025\/iran-amenaza-con-cerrar-el-estrecho-de-ormuz\/","title":{"rendered":"Ir\u00e1n amenaza con cerrar el estrecho de Ormuz"},"content":{"rendered":"<p style=\"text-align: justify;\">\n<p style=\"text-align: justify;\">Teher\u00e1n.- En medio de la creciente tensi\u00f3n con Israel y Estados Unidos, el Parlamento de Ir\u00e1n ha solicitado oficialmente el cierre del estrecho de Ormuz, un paso mar\u00edtimo vital por donde transita cerca del 20% del petr\u00f3leo y gas global. La medida a\u00fan requiere la aprobaci\u00f3n del Consejo Supremo de Seguridad Nacional, conformado por el presidente iran\u00ed y otros altos funcionarios.<\/p>\n<p style=\"text-align: justify;\">El general Esmaeil Kowsari, miembro del Comit\u00e9 de Seguridad del Parlamento, afirm\u00f3 que existe un consenso sobre la propuesta, aunque no se ha confirmado si el Parlamento en pleno vot\u00f3 a favor. El estrecho de Ormuz, que une el Golfo P\u00e9rsico con el Golfo de Om\u00e1n y tiene solo 54 kil\u00f3metros en su punto m\u00e1s angosto, es una de las rutas m\u00e1s sensibles del comercio energ\u00e9tico mundial. En promedio, por \u00e9l transitan 13 buques cisterna diarios, moviendo m\u00e1s de 15 millones de barriles de crudo.<\/p>\n<p style=\"text-align: justify;\">Hist\u00f3ricamente, Ir\u00e1n ha utilizado la amenaza de cerrar Ormuz como instrumento de presi\u00f3n en respuesta a sanciones internacionales, particularmente desde la salida de EE.UU. del acuerdo nuclear en 2018. La propuesta actual surge tras los recientes bombardeos a instalaciones nucleares iran\u00edes por parte de Israel, a los que se ha sumado Estados Unidos, lo que aumenta la posibilidad de que Teher\u00e1n cumpla su advertencia.<\/p>\n","protected":false},"excerpt":{"rendered":"<p>Teher\u00e1n.- En medio de la creciente tensi\u00f3n con Israel y Estados Unidos, el Parlamento de Ir\u00e1n ha solicitado oficialmente el cierre del estrecho de Ormuz, un paso mar\u00edtimo vital por donde transita cerca del 20% del petr\u00f3leo y gas global. La medida a\u00fan requiere la aprobaci\u00f3n del Consejo Supremo de Seguridad Nacional, conformado por el presidente iran\u00ed y otros altos funcionarios. El general Esmaeil Kowsari, miembro del Comit\u00e9 de Seguridad del Parlamento, afirm\u00f3 que existe un consenso sobre la propuesta, aunque no se ha confirmado si el Parlamento en pleno vot\u00f3 a favor. El estrecho de Ormuz, que une el [&hellip;]<\/p>\n","protected":false},"author":2,"featured_media":171292,"comment_status":"closed","ping_status":"closed","sticky":false,"template":"","format":"standard","meta":{"_monsterinsights_skip_tracking":false,"_monsterinsights_sitenote_active":false,"_monsterinsights_sitenote_note":"","_monsterinsights_sitenote_category":0,"footnotes":""},"categories":[44],"tags":[],"class_list":["post-171291","post","type-post","status-publish","format-standard","has-post-thumbnail","hentry","category-internacional","post--single"],"yoast_head":"<!-- This site is optimized with the Yoast SEO plugin v27.5 - https:\/\/yoast.com\/product\/yoast-seo-wordpress\/ -->\n<title>Ir\u00e1n amenaza con cerrar el estrecho de Ormuz - Canal 7 SLP - 2025<\/title>\n<meta name=\"robots\" content=\"index, follow, max-snippet:-1, max-image-preview:large, max-video-preview:-1\" \/>\n<link rel=\"canonical\" href=\"https:\/\/canal7slp.tv\/2025\/iran-amenaza-con-cerrar-el-estrecho-de-ormuz\/\" \/>\n<meta property=\"og:locale\" content=\"es_ES\" \/>\n<meta property=\"og:type\" content=\"article\" \/>\n<meta property=\"og:title\" content=\"Ir\u00e1n amenaza con cerrar el estrecho de Ormuz - Canal 7 SLP - 2025\" \/>\n<meta property=\"og:description\" content=\"Teher\u00e1n.- En medio de la creciente tensi\u00f3n con Israel y Estados Unidos, el Parlamento de Ir\u00e1n ha solicitado oficialmente el cierre del estrecho de Ormuz, un paso mar\u00edtimo vital por donde transita cerca del 20% del petr\u00f3leo y gas global. La medida a\u00fan requiere la aprobaci\u00f3n del Consejo Supremo de Seguridad Nacional, conformado por el presidente iran\u00ed y otros altos funcionarios. El general Esmaeil Kowsari, miembro del Comit\u00e9 de Seguridad del Parlamento, afirm\u00f3 que existe un consenso sobre la propuesta, aunque no se ha confirmado si el Parlamento en pleno vot\u00f3 a favor. El estrecho de Ormuz, que une el [&hellip;]\" \/>\n<meta property=\"og:url\" content=\"https:\/\/canal7slp.tv\/2025\/iran-amenaza-con-cerrar-el-estrecho-de-ormuz\/\" \/>\n<meta property=\"og:site_name\" content=\"Canal 7 SLP - 2025\" \/>\n<meta property=\"article:publisher\" content=\"https:\/\/www.facebook.com\/noticieroscanal7atencionciudadana\/\" \/>\n<meta property=\"article:published_time\" content=\"2025-06-22T18:40:22+00:00\" \/>\n<meta property=\"article:modified_time\" content=\"2025-09-11T23:25:04+00:00\" \/>\n<meta property=\"og:image\" content=\"https:\/\/canal7slp.tv\/2025\/wp-content\/uploads\/2025\/06\/07-21.jpg\" \/>\n\t<meta property=\"og:image:width\" content=\"615\" \/>\n\t<meta property=\"og:image:height\" content=\"410\" \/>\n\t<meta property=\"og:image:type\" content=\"image\/jpeg\" \/>\n<meta name=\"author\" content=\"Edici\u00f3n Web\" \/>\n<meta name=\"twitter:card\" content=\"summary_large_image\" \/>\n<meta name=\"twitter:creator\" content=\"@NOTICIEROS7\" \/>\n<meta name=\"twitter:site\" content=\"@NOTICIEROS7\" \/>\n<meta name=\"twitter:label1\" content=\"Escrito por\" \/>\n\t<meta name=\"twitter:data1\" content=\"Edici\u00f3n Web\" \/>\n\t<meta name=\"twitter:label2\" content=\"Tiempo de lectura\" \/>\n\t<meta name=\"twitter:data2\" content=\"2 minutos\" \/>\n<script type=\"application\/ld+json\" class=\"yoast-schema-graph\">{\"@context\":\"https:\\\/\\\/schema.org\",\"@graph\":[{\"@type\":\"Article\",\"@id\":\"https:\\\/\\\/canal7slp.tv\\\/2025\\\/iran-amenaza-con-cerrar-el-estrecho-de-ormuz\\\/#article\",\"isPartOf\":{\"@id\":\"https:\\\/\\\/canal7slp.tv\\\/2025\\\/iran-amenaza-con-cerrar-el-estrecho-de-ormuz\\\/\"},\"author\":{\"name\":\"Edici\u00f3n Web\",\"@id\":\"https:\\\/\\\/canal7slp.tv\\\/2025\\\/#\\\/schema\\\/person\\\/271e2b60a96e7cc9d9ac296f4d7e414b\"},\"headline\":\"Ir\u00e1n amenaza con cerrar el estrecho de Ormuz\",\"datePublished\":\"2025-06-22T18:40:22+00:00\",\"dateModified\":\"2025-09-11T23:25:04+00:00\",\"mainEntityOfPage\":{\"@id\":\"https:\\\/\\\/canal7slp.tv\\\/2025\\\/iran-amenaza-con-cerrar-el-estrecho-de-ormuz\\\/\"},\"wordCount\":235,\"publisher\":{\"@id\":\"https:\\\/\\\/canal7slp.tv\\\/2025\\\/#organization\"},\"image\":{\"@id\":\"https:\\\/\\\/canal7slp.tv\\\/2025\\\/iran-amenaza-con-cerrar-el-estrecho-de-ormuz\\\/#primaryimage\"},\"thumbnailUrl\":\"https:\\\/\\\/canal7slp.tv\\\/2025\\\/wp-content\\\/uploads\\\/2025\\\/06\\\/07-21.jpg\",\"articleSection\":[\"INTERNACIONALES\"],\"inLanguage\":\"es\"},{\"@type\":\"WebPage\",\"@id\":\"https:\\\/\\\/canal7slp.tv\\\/2025\\\/iran-amenaza-con-cerrar-el-estrecho-de-ormuz\\\/\",\"url\":\"https:\\\/\\\/canal7slp.tv\\\/2025\\\/iran-amenaza-con-cerrar-el-estrecho-de-ormuz\\\/\",\"name\":\"Ir\u00e1n amenaza con cerrar el estrecho de Ormuz - Canal 7 SLP - 2025\",\"isPartOf\":{\"@id\":\"https:\\\/\\\/canal7slp.tv\\\/2025\\\/#website\"},\"primaryImageOfPage\":{\"@id\":\"https:\\\/\\\/canal7slp.tv\\\/2025\\\/iran-amenaza-con-cerrar-el-estrecho-de-ormuz\\\/#primaryimage\"},\"image\":{\"@id\":\"https:\\\/\\\/canal7slp.tv\\\/2025\\\/iran-amenaza-con-cerrar-el-estrecho-de-ormuz\\\/#primaryimage\"},\"thumbnailUrl\":\"https:\\\/\\\/canal7slp.tv\\\/2025\\\/wp-content\\\/uploads\\\/2025\\\/06\\\/07-21.jpg\",\"datePublished\":\"2025-06-22T18:40:22+00:00\",\"dateModified\":\"2025-09-11T23:25:04+00:00\",\"breadcrumb\":{\"@id\":\"https:\\\/\\\/canal7slp.tv\\\/2025\\\/iran-amenaza-con-cerrar-el-estrecho-de-ormuz\\\/#breadcrumb\"},\"inLanguage\":\"es\",\"potentialAction\":[{\"@type\":\"ReadAction\",\"target\":[\"https:\\\/\\\/canal7slp.tv\\\/2025\\\/iran-amenaza-con-cerrar-el-estrecho-de-ormuz\\\/\"]}]},{\"@type\":\"ImageObject\",\"inLanguage\":\"es\",\"@id\":\"https:\\\/\\\/canal7slp.tv\\\/2025\\\/iran-amenaza-con-cerrar-el-estrecho-de-ormuz\\\/#primaryimage\",\"url\":\"https:\\\/\\\/canal7slp.tv\\\/2025\\\/wp-content\\\/uploads\\\/2025\\\/06\\\/07-21.jpg\",\"contentUrl\":\"https:\\\/\\\/canal7slp.tv\\\/2025\\\/wp-content\\\/uploads\\\/2025\\\/06\\\/07-21.jpg\",\"width\":615,\"height\":410},{\"@type\":\"BreadcrumbList\",\"@id\":\"https:\\\/\\\/canal7slp.tv\\\/2025\\\/iran-amenaza-con-cerrar-el-estrecho-de-ormuz\\\/#breadcrumb\",\"itemListElement\":[{\"@type\":\"ListItem\",\"position\":1,\"name\":\"Portada\",\"item\":\"https:\\\/\\\/canal7slp.tv\\\/2025\\\/\"},{\"@type\":\"ListItem\",\"position\":2,\"name\":\"Ir\u00e1n amenaza con cerrar el estrecho de Ormuz\"}]},{\"@type\":\"WebSite\",\"@id\":\"https:\\\/\\\/canal7slp.tv\\\/2025\\\/#website\",\"url\":\"https:\\\/\\\/canal7slp.tv\\\/2025\\\/\",\"name\":\"N7 - Noticieros Canal 7\",\"description\":\"Somos el Medio\",\"publisher\":{\"@id\":\"https:\\\/\\\/canal7slp.tv\\\/2025\\\/#organization\"},\"potentialAction\":[{\"@type\":\"SearchAction\",\"target\":{\"@type\":\"EntryPoint\",\"urlTemplate\":\"https:\\\/\\\/canal7slp.tv\\\/2025\\\/?s={search_term_string}\"},\"query-input\":{\"@type\":\"PropertyValueSpecification\",\"valueRequired\":true,\"valueName\":\"search_term_string\"}}],\"inLanguage\":\"es\"},{\"@type\":\"Organization\",\"@id\":\"https:\\\/\\\/canal7slp.tv\\\/2025\\\/#organization\",\"name\":\"Noticieros Canal 7\",\"url\":\"https:\\\/\\\/canal7slp.tv\\\/2025\\\/\",\"logo\":{\"@type\":\"ImageObject\",\"inLanguage\":\"es\",\"@id\":\"https:\\\/\\\/canal7slp.tv\\\/2025\\\/#\\\/schema\\\/logo\\\/image\\\/\",\"url\":\"https:\\\/\\\/canal7slp.tv\\\/2025\\\/wp-content\\\/uploads\\\/2021\\\/01\\\/logo-noticieros@2x.png\",\"contentUrl\":\"https:\\\/\\\/canal7slp.tv\\\/2025\\\/wp-content\\\/uploads\\\/2021\\\/01\\\/logo-noticieros@2x.png\",\"width\":1017,\"height\":268,\"caption\":\"Noticieros Canal 7\"},\"image\":{\"@id\":\"https:\\\/\\\/canal7slp.tv\\\/2025\\\/#\\\/schema\\\/logo\\\/image\\\/\"},\"sameAs\":[\"https:\\\/\\\/www.facebook.com\\\/noticieroscanal7atencionciudadana\\\/\",\"https:\\\/\\\/x.com\\\/NOTICIEROS7\",\"https:\\\/\\\/www.instagram.com\\\/canal7_slp\",\"https:\\\/\\\/www.youtube.com\\\/channel\\\/UCliiYs-gP3JfJeqdPrNdd5A\"]},{\"@type\":\"Person\",\"@id\":\"https:\\\/\\\/canal7slp.tv\\\/2025\\\/#\\\/schema\\\/person\\\/271e2b60a96e7cc9d9ac296f4d7e414b\",\"name\":\"Edici\u00f3n Web\",\"image\":{\"@type\":\"ImageObject\",\"inLanguage\":\"es\",\"@id\":\"https:\\\/\\\/secure.gravatar.com\\\/avatar\\\/eee448fc3f7164808013b816ba91ac7e43bbe82a70bebac296f8bc6f0addaa1a?s=96&d=mm&r=g\",\"url\":\"https:\\\/\\\/secure.gravatar.com\\\/avatar\\\/eee448fc3f7164808013b816ba91ac7e43bbe82a70bebac296f8bc6f0addaa1a?s=96&d=mm&r=g\",\"contentUrl\":\"https:\\\/\\\/secure.gravatar.com\\\/avatar\\\/eee448fc3f7164808013b816ba91ac7e43bbe82a70bebac296f8bc6f0addaa1a?s=96&d=mm&r=g\",\"caption\":\"Edici\u00f3n Web\"},\"url\":\"https:\\\/\\\/canal7slp.tv\\\/2025\\\/author\\\/edicionweb\\\/\"}]}<\/script>\n<!-- \/ Yoast SEO plugin. -->","yoast_head_json":{"title":"Ir\u00e1n amenaza con cerrar el estrecho de Ormuz - Canal 7 SLP - 2025","robots":{"index":"index","follow":"follow","max-snippet":"max-snippet:-1","max-image-preview":"max-image-preview:large","max-video-preview":"max-video-preview:-1"},"canonical":"https:\/\/canal7slp.tv\/2025\/iran-amenaza-con-cerrar-el-estrecho-de-ormuz\/","og_locale":"es_ES","og_type":"article","og_title":"Ir\u00e1n amenaza con cerrar el estrecho de Ormuz - Canal 7 SLP - 2025","og_description":"Teher\u00e1n.- En medio de la creciente tensi\u00f3n con Israel y Estados Unidos, el Parlamento de Ir\u00e1n ha solicitado oficialmente el cierre del estrecho de Ormuz, un paso mar\u00edtimo vital por donde transita cerca del 20% del petr\u00f3leo y gas global. La medida a\u00fan requiere la aprobaci\u00f3n del Consejo Supremo de Seguridad Nacional, conformado por el presidente iran\u00ed y otros altos funcionarios. El general Esmaeil Kowsari, miembro del Comit\u00e9 de Seguridad del Parlamento, afirm\u00f3 que existe un consenso sobre la propuesta, aunque no se ha confirmado si el Parlamento en pleno vot\u00f3 a favor. El estrecho de Ormuz, que une el [&hellip;]","og_url":"https:\/\/canal7slp.tv\/2025\/iran-amenaza-con-cerrar-el-estrecho-de-ormuz\/","og_site_name":"Canal 7 SLP - 2025","article_publisher":"https:\/\/www.facebook.com\/noticieroscanal7atencionciudadana\/","article_published_time":"2025-06-22T18:40:22+00:00","article_modified_time":"2025-09-11T23:25:04+00:00","og_image":[{"width":615,"height":410,"url":"https:\/\/canal7slp.tv\/2025\/wp-content\/uploads\/2025\/06\/07-21.jpg","type":"image\/jpeg"}],"author":"Edici\u00f3n Web","twitter_card":"summary_large_image","twitter_creator":"@NOTICIEROS7","twitter_site":"@NOTICIEROS7","twitter_misc":{"Escrito por":"Edici\u00f3n Web","Tiempo de lectura":"2 minutos"},"schema":{"@context":"https:\/\/schema.org","@graph":[{"@type":"Article","@id":"https:\/\/canal7slp.tv\/2025\/iran-amenaza-con-cerrar-el-estrecho-de-ormuz\/#article","isPartOf":{"@id":"https:\/\/canal7slp.tv\/2025\/iran-amenaza-con-cerrar-el-estrecho-de-ormuz\/"},"author":{"name":"Edici\u00f3n Web","@id":"https:\/\/canal7slp.tv\/2025\/#\/schema\/person\/271e2b60a96e7cc9d9ac296f4d7e414b"},"headline":"Ir\u00e1n amenaza con cerrar el estrecho de Ormuz","datePublished":"2025-06-22T18:40:22+00:00","dateModified":"2025-09-11T23:25:04+00:00","mainEntityOfPage":{"@id":"https:\/\/canal7slp.tv\/2025\/iran-amenaza-con-cerrar-el-estrecho-de-ormuz\/"},"wordCount":235,"publisher":{"@id":"https:\/\/canal7slp.tv\/2025\/#organization"},"image":{"@id":"https:\/\/canal7slp.tv\/2025\/iran-amenaza-con-cerrar-el-estrecho-de-ormuz\/#primaryimage"},"thumbnailUrl":"https:\/\/canal7slp.tv\/2025\/wp-content\/uploads\/2025\/06\/07-21.jpg","articleSection":["INTERNACIONALES"],"inLanguage":"es"},{"@type":"WebPage","@id":"https:\/\/canal7slp.tv\/2025\/iran-amenaza-con-cerrar-el-estrecho-de-ormuz\/","url":"https:\/\/canal7slp.tv\/2025\/iran-amenaza-con-cerrar-el-estrecho-de-ormuz\/","name":"Ir\u00e1n amenaza con cerrar el estrecho de Ormuz - Canal 7 SLP - 2025","isPartOf":{"@id":"https:\/\/canal7slp.tv\/2025\/#website"},"primaryImageOfPage":{"@id":"https:\/\/canal7slp.tv\/2025\/iran-amenaza-con-cerrar-el-estrecho-de-ormuz\/#primaryimage"},"image":{"@id":"https:\/\/canal7slp.tv\/2025\/iran-amenaza-con-cerrar-el-estrecho-de-ormuz\/#primaryimage"},"thumbnailUrl":"https:\/\/canal7slp.tv\/2025\/wp-content\/uploads\/2025\/06\/07-21.jpg","datePublished":"2025-06-22T18:40:22+00:00","dateModified":"2025-09-11T23:25:04+00:00","breadcrumb":{"@id":"https:\/\/canal7slp.tv\/2025\/iran-amenaza-con-cerrar-el-estrecho-de-ormuz\/#breadcrumb"},"inLanguage":"es","potentialAction":[{"@type":"ReadAction","target":["https:\/\/canal7slp.tv\/2025\/iran-amenaza-con-cerrar-el-estrecho-de-ormuz\/"]}]},{"@type":"ImageObject","inLanguage":"es","@id":"https:\/\/canal7slp.tv\/2025\/iran-amenaza-con-cerrar-el-estrecho-de-ormuz\/#primaryimage","url":"https:\/\/canal7slp.tv\/2025\/wp-content\/uploads\/2025\/06\/07-21.jpg","contentUrl":"https:\/\/canal7slp.tv\/2025\/wp-content\/uploads\/2025\/06\/07-21.jpg","width":615,"height":410},{"@type":"BreadcrumbList","@id":"https:\/\/canal7slp.tv\/2025\/iran-amenaza-con-cerrar-el-estrecho-de-ormuz\/#breadcrumb","itemListElement":[{"@type":"ListItem","position":1,"name":"Portada","item":"https:\/\/canal7slp.tv\/2025\/"},{"@type":"ListItem","position":2,"name":"Ir\u00e1n amenaza con cerrar el estrecho de Ormuz"}]},{"@type":"WebSite","@id":"https:\/\/canal7slp.tv\/2025\/#website","url":"https:\/\/canal7slp.tv\/2025\/","name":"N7 - Noticieros Canal 7","description":"Somos el Medio","publisher":{"@id":"https:\/\/canal7slp.tv\/2025\/#organization"},"potentialAction":[{"@type":"SearchAction","target":{"@type":"EntryPoint","urlTemplate":"https:\/\/canal7slp.tv\/2025\/?s={search_term_string}"},"query-input":{"@type":"PropertyValueSpecification","valueRequired":true,"valueName":"search_term_string"}}],"inLanguage":"es"},{"@type":"Organization","@id":"https:\/\/canal7slp.tv\/2025\/#organization","name":"Noticieros Canal 7","url":"https:\/\/canal7slp.tv\/2025\/","logo":{"@type":"ImageObject","inLanguage":"es","@id":"https:\/\/canal7slp.tv\/2025\/#\/schema\/logo\/image\/","url":"https:\/\/canal7slp.tv\/2025\/wp-content\/uploads\/2021\/01\/logo-noticieros@2x.png","contentUrl":"https:\/\/canal7slp.tv\/2025\/wp-content\/uploads\/2021\/01\/logo-noticieros@2x.png","width":1017,"height":268,"caption":"Noticieros Canal 7"},"image":{"@id":"https:\/\/canal7slp.tv\/2025\/#\/schema\/logo\/image\/"},"sameAs":["https:\/\/www.facebook.com\/noticieroscanal7atencionciudadana\/","https:\/\/x.com\/NOTICIEROS7","https:\/\/www.instagram.com\/canal7_slp","https:\/\/www.youtube.com\/channel\/UCliiYs-gP3JfJeqdPrNdd5A"]},{"@type":"Person","@id":"https:\/\/canal7slp.tv\/2025\/#\/schema\/person\/271e2b60a96e7cc9d9ac296f4d7e414b","name":"Edici\u00f3n Web","image":{"@type":"ImageObject","inLanguage":"es","@id":"https:\/\/secure.gravatar.com\/avatar\/eee448fc3f7164808013b816ba91ac7e43bbe82a70bebac296f8bc6f0addaa1a?s=96&d=mm&r=g","url":"https:\/\/secure.gravatar.com\/avatar\/eee448fc3f7164808013b816ba91ac7e43bbe82a70bebac296f8bc6f0addaa1a?s=96&d=mm&r=g","contentUrl":"https:\/\/secure.gravatar.com\/avatar\/eee448fc3f7164808013b816ba91ac7e43bbe82a70bebac296f8bc6f0addaa1a?s=96&d=mm&r=g","caption":"Edici\u00f3n Web"},"url":"https:\/\/canal7slp.tv\/2025\/author\/edicionweb\/"}]}},"_links":{"self":[{"href":"https:\/\/canal7slp.tv\/2025\/wp-json\/wp\/v2\/posts\/171291","targetHints":{"allow":["GET"]}}],"collection":[{"href":"https:\/\/canal7slp.tv\/2025\/wp-json\/wp\/v2\/posts"}],"about":[{"href":"https:\/\/canal7slp.tv\/2025\/wp-json\/wp\/v2\/types\/post"}],"author":[{"embeddable":true,"href":"https:\/\/canal7slp.tv\/2025\/wp-json\/wp\/v2\/users\/2"}],"replies":[{"embeddable":true,"href":"https:\/\/canal7slp.tv\/2025\/wp-json\/wp\/v2\/comments?post=171291"}],"version-history":[{"count":1,"href":"https:\/\/canal7slp.tv\/2025\/wp-json\/wp\/v2\/posts\/171291\/revisions"}],"predecessor-version":[{"id":171293,"href":"https:\/\/canal7slp.tv\/2025\/wp-json\/wp\/v2\/posts\/171291\/revisions\/171293"}],"wp:featuredmedia":[{"embeddable":true,"href":"https:\/\/canal7slp.tv\/2025\/wp-json\/wp\/v2\/media\/171292"}],"wp:attachment":[{"href":"https:\/\/canal7slp.tv\/2025\/wp-json\/wp\/v2\/media?parent=171291"}],"wp:term":[{"taxonomy":"category","embeddable":true,"href":"https:\/\/canal7slp.tv\/2025\/wp-json\/wp\/v2\/categories?post=171291"},{"taxonomy":"post_tag","embeddable":true,"href":"https:\/\/canal7slp.tv\/2025\/wp-json\/wp\/v2\/tags?post=171291"}],"curies":[{"name":"wp","href":"https:\/\/api.w.org\/{rel}","templated":true}]}}