{"id":171285,"date":"2025-06-22T12:21:15","date_gmt":"2025-06-22T18:21:15","guid":{"rendered":"https:\/\/canal7slp.tv\/2025\/?p=171285"},"modified":"2025-06-22T12:21:15","modified_gmt":"2025-06-22T18:21:15","slug":"onu-convoca-reunion-de-emergencia-a-peticion-de-iran-tras-ataques-de-eua-e-israel","status":"publish","type":"post","link":"https:\/\/canal7slp.tv\/2025\/onu-convoca-reunion-de-emergencia-a-peticion-de-iran-tras-ataques-de-eua-e-israel\/","title":{"rendered":"ONU convoca reuni\u00f3n de emergencia a petici\u00f3n de Ir\u00e1n tras ataques de EUA e Israel"},"content":{"rendered":"<p style=\"text-align: justify;\">Nueva York.- El Consejo de Seguridad de las Naciones Unidas celebrar\u00e1 una reuni\u00f3n extraordinaria este domingo por la tarde, tras una solicitud formal presentada por Ir\u00e1n. La sesi\u00f3n est\u00e1 programada para las 3:00 p.m., seg\u00fan confirm\u00f3 la presidencia rotativa del Consejo, actualmente en manos de Guyana, aunque el orden del d\u00eda no ha sido revelado hasta el momento.<\/p>\n<p style=\"text-align: justify;\">Convocatorias de este tipo en fines de semana o d\u00edas festivos son altamente inusuales y generalmente responden a situaciones de emergencia extrema, como conflictos armados o invasiones.<\/p>\n<p style=\"text-align: justify;\">Esta ser\u00e1 la tercera ocasi\u00f3n en que Ir\u00e1n solicita una sesi\u00f3n del Consejo desde el inicio de los ataques israel\u00edes contra sus instalaciones nucleares, ofensiva a la que Estados Unidos se ha sumado recientemente. Las dos reuniones anteriores no derivaron en ninguna resoluci\u00f3n ni declaraci\u00f3n conjunta, debido en gran parte al veto de EUA y a la profunda polarizaci\u00f3n que rodea el tema del programa nuclear iran\u00ed.<\/p>\n<p style=\"text-align: justify;\">En el seno del Consejo, Rusia y China suelen respaldar a Ir\u00e1n, mientras que los pa\u00edses occidentales (incluidos Francia, Reino Unido y EUA) mantienen posturas cr\u00edticas. Hasta ahora, ninguno de los recientes ataques a\u00e9reos de EUA ha sido condenado por Par\u00eds ni Londres. En su lugar, sus l\u00edderes han optado por expresar en redes sociales su preocupaci\u00f3n por el desarrollo nuclear iran\u00ed, sin emitir cr\u00edticas directas a Washington o Tel Aviv.<\/p>\n","protected":false},"excerpt":{"rendered":"<p>Nueva York.- El Consejo de Seguridad de las Naciones Unidas celebrar\u00e1 una reuni\u00f3n extraordinaria este domingo por la tarde, tras una solicitud formal presentada por Ir\u00e1n. La sesi\u00f3n est\u00e1 programada para las 3:00 p.m., seg\u00fan confirm\u00f3 la presidencia rotativa del Consejo, actualmente en manos de Guyana, aunque el orden del d\u00eda no ha sido revelado hasta el momento. Convocatorias de este tipo en fines de semana o d\u00edas festivos son altamente inusuales y generalmente responden a situaciones de emergencia extrema, como conflictos armados o invasiones. Esta ser\u00e1 la tercera ocasi\u00f3n en que Ir\u00e1n solicita una sesi\u00f3n del Consejo desde el [&hellip;]<\/p>\n","protected":false},"author":2,"featured_media":171286,"comment_status":"closed","ping_status":"closed","sticky":false,"template":"","format":"standard","meta":{"_monsterinsights_skip_tracking":false,"_monsterinsights_sitenote_active":false,"_monsterinsights_sitenote_note":"","_monsterinsights_sitenote_category":0,"footnotes":""},"categories":[44],"tags":[],"class_list":["post-171285","post","type-post","status-publish","format-standard","has-post-thumbnail","hentry","category-internacional","post--single"],"yoast_head":"<!-- This site is optimized with the Yoast SEO plugin v27.5 - https:\/\/yoast.com\/product\/yoast-seo-wordpress\/ -->\n<title>ONU convoca reuni\u00f3n de emergencia a petici\u00f3n de Ir\u00e1n tras ataques de EUA e Israel - Canal 7 SLP - 2025<\/title>\n<meta name=\"robots\" content=\"index, follow, max-snippet:-1, max-image-preview:large, max-video-preview:-1\" \/>\n<link rel=\"canonical\" href=\"https:\/\/canal7slp.tv\/2025\/onu-convoca-reunion-de-emergencia-a-peticion-de-iran-tras-ataques-de-eua-e-israel\/\" \/>\n<meta property=\"og:locale\" content=\"es_ES\" \/>\n<meta property=\"og:type\" content=\"article\" \/>\n<meta property=\"og:title\" content=\"ONU convoca reuni\u00f3n de emergencia a petici\u00f3n de Ir\u00e1n tras ataques de EUA e Israel - Canal 7 SLP - 2025\" \/>\n<meta property=\"og:description\" content=\"Nueva York.- El Consejo de Seguridad de las Naciones Unidas celebrar\u00e1 una reuni\u00f3n extraordinaria este domingo por la tarde, tras una solicitud formal presentada por Ir\u00e1n. La sesi\u00f3n est\u00e1 programada para las 3:00 p.m., seg\u00fan confirm\u00f3 la presidencia rotativa del Consejo, actualmente en manos de Guyana, aunque el orden del d\u00eda no ha sido revelado hasta el momento. Convocatorias de este tipo en fines de semana o d\u00edas festivos son altamente inusuales y generalmente responden a situaciones de emergencia extrema, como conflictos armados o invasiones. Esta ser\u00e1 la tercera ocasi\u00f3n en que Ir\u00e1n solicita una sesi\u00f3n del Consejo desde el [&hellip;]\" \/>\n<meta property=\"og:url\" content=\"https:\/\/canal7slp.tv\/2025\/onu-convoca-reunion-de-emergencia-a-peticion-de-iran-tras-ataques-de-eua-e-israel\/\" \/>\n<meta property=\"og:site_name\" content=\"Canal 7 SLP - 2025\" \/>\n<meta property=\"article:publisher\" content=\"https:\/\/www.facebook.com\/noticieroscanal7atencionciudadana\/\" \/>\n<meta property=\"article:published_time\" content=\"2025-06-22T18:21:15+00:00\" \/>\n<meta property=\"og:image\" content=\"https:\/\/canal7slp.tv\/2025\/wp-content\/uploads\/2025\/06\/05-21.jpg\" \/>\n\t<meta property=\"og:image:width\" content=\"990\" \/>\n\t<meta property=\"og:image:height\" content=\"496\" \/>\n\t<meta property=\"og:image:type\" content=\"image\/jpeg\" \/>\n<meta name=\"author\" content=\"Edici\u00f3n Web\" \/>\n<meta name=\"twitter:card\" content=\"summary_large_image\" \/>\n<meta name=\"twitter:creator\" content=\"@NOTICIEROS7\" \/>\n<meta name=\"twitter:site\" content=\"@NOTICIEROS7\" \/>\n<meta name=\"twitter:label1\" content=\"Escrito por\" \/>\n\t<meta name=\"twitter:data1\" content=\"Edici\u00f3n Web\" \/>\n\t<meta name=\"twitter:label2\" content=\"Tiempo de lectura\" \/>\n\t<meta name=\"twitter:data2\" content=\"2 minutos\" \/>\n<script type=\"application\/ld+json\" class=\"yoast-schema-graph\">{\"@context\":\"https:\\\/\\\/schema.org\",\"@graph\":[{\"@type\":\"Article\",\"@id\":\"https:\\\/\\\/canal7slp.tv\\\/2025\\\/onu-convoca-reunion-de-emergencia-a-peticion-de-iran-tras-ataques-de-eua-e-israel\\\/#article\",\"isPartOf\":{\"@id\":\"https:\\\/\\\/canal7slp.tv\\\/2025\\\/onu-convoca-reunion-de-emergencia-a-peticion-de-iran-tras-ataques-de-eua-e-israel\\\/\"},\"author\":{\"name\":\"Edici\u00f3n Web\",\"@id\":\"https:\\\/\\\/canal7slp.tv\\\/2025\\\/#\\\/schema\\\/person\\\/271e2b60a96e7cc9d9ac296f4d7e414b\"},\"headline\":\"ONU convoca reuni\u00f3n de emergencia a petici\u00f3n de Ir\u00e1n tras ataques de EUA e Israel\",\"datePublished\":\"2025-06-22T18:21:15+00:00\",\"mainEntityOfPage\":{\"@id\":\"https:\\\/\\\/canal7slp.tv\\\/2025\\\/onu-convoca-reunion-de-emergencia-a-peticion-de-iran-tras-ataques-de-eua-e-israel\\\/\"},\"wordCount\":263,\"publisher\":{\"@id\":\"https:\\\/\\\/canal7slp.tv\\\/2025\\\/#organization\"},\"image\":{\"@id\":\"https:\\\/\\\/canal7slp.tv\\\/2025\\\/onu-convoca-reunion-de-emergencia-a-peticion-de-iran-tras-ataques-de-eua-e-israel\\\/#primaryimage\"},\"thumbnailUrl\":\"https:\\\/\\\/canal7slp.tv\\\/2025\\\/wp-content\\\/uploads\\\/2025\\\/06\\\/05-21.jpg\",\"articleSection\":[\"INTERNACIONALES\"],\"inLanguage\":\"es\"},{\"@type\":\"WebPage\",\"@id\":\"https:\\\/\\\/canal7slp.tv\\\/2025\\\/onu-convoca-reunion-de-emergencia-a-peticion-de-iran-tras-ataques-de-eua-e-israel\\\/\",\"url\":\"https:\\\/\\\/canal7slp.tv\\\/2025\\\/onu-convoca-reunion-de-emergencia-a-peticion-de-iran-tras-ataques-de-eua-e-israel\\\/\",\"name\":\"ONU convoca reuni\u00f3n de emergencia a petici\u00f3n de Ir\u00e1n tras ataques de EUA e Israel - Canal 7 SLP - 2025\",\"isPartOf\":{\"@id\":\"https:\\\/\\\/canal7slp.tv\\\/2025\\\/#website\"},\"primaryImageOfPage\":{\"@id\":\"https:\\\/\\\/canal7slp.tv\\\/2025\\\/onu-convoca-reunion-de-emergencia-a-peticion-de-iran-tras-ataques-de-eua-e-israel\\\/#primaryimage\"},\"image\":{\"@id\":\"https:\\\/\\\/canal7slp.tv\\\/2025\\\/onu-convoca-reunion-de-emergencia-a-peticion-de-iran-tras-ataques-de-eua-e-israel\\\/#primaryimage\"},\"thumbnailUrl\":\"https:\\\/\\\/canal7slp.tv\\\/2025\\\/wp-content\\\/uploads\\\/2025\\\/06\\\/05-21.jpg\",\"datePublished\":\"2025-06-22T18:21:15+00:00\",\"breadcrumb\":{\"@id\":\"https:\\\/\\\/canal7slp.tv\\\/2025\\\/onu-convoca-reunion-de-emergencia-a-peticion-de-iran-tras-ataques-de-eua-e-israel\\\/#breadcrumb\"},\"inLanguage\":\"es\",\"potentialAction\":[{\"@type\":\"ReadAction\",\"target\":[\"https:\\\/\\\/canal7slp.tv\\\/2025\\\/onu-convoca-reunion-de-emergencia-a-peticion-de-iran-tras-ataques-de-eua-e-israel\\\/\"]}]},{\"@type\":\"ImageObject\",\"inLanguage\":\"es\",\"@id\":\"https:\\\/\\\/canal7slp.tv\\\/2025\\\/onu-convoca-reunion-de-emergencia-a-peticion-de-iran-tras-ataques-de-eua-e-israel\\\/#primaryimage\",\"url\":\"https:\\\/\\\/canal7slp.tv\\\/2025\\\/wp-content\\\/uploads\\\/2025\\\/06\\\/05-21.jpg\",\"contentUrl\":\"https:\\\/\\\/canal7slp.tv\\\/2025\\\/wp-content\\\/uploads\\\/2025\\\/06\\\/05-21.jpg\",\"width\":990,\"height\":496},{\"@type\":\"BreadcrumbList\",\"@id\":\"https:\\\/\\\/canal7slp.tv\\\/2025\\\/onu-convoca-reunion-de-emergencia-a-peticion-de-iran-tras-ataques-de-eua-e-israel\\\/#breadcrumb\",\"itemListElement\":[{\"@type\":\"ListItem\",\"position\":1,\"name\":\"Portada\",\"item\":\"https:\\\/\\\/canal7slp.tv\\\/2025\\\/\"},{\"@type\":\"ListItem\",\"position\":2,\"name\":\"ONU convoca reuni\u00f3n de emergencia a petici\u00f3n de Ir\u00e1n tras ataques de EUA e Israel\"}]},{\"@type\":\"WebSite\",\"@id\":\"https:\\\/\\\/canal7slp.tv\\\/2025\\\/#website\",\"url\":\"https:\\\/\\\/canal7slp.tv\\\/2025\\\/\",\"name\":\"N7 - Noticieros Canal 7\",\"description\":\"Somos el Medio\",\"publisher\":{\"@id\":\"https:\\\/\\\/canal7slp.tv\\\/2025\\\/#organization\"},\"potentialAction\":[{\"@type\":\"SearchAction\",\"target\":{\"@type\":\"EntryPoint\",\"urlTemplate\":\"https:\\\/\\\/canal7slp.tv\\\/2025\\\/?s={search_term_string}\"},\"query-input\":{\"@type\":\"PropertyValueSpecification\",\"valueRequired\":true,\"valueName\":\"search_term_string\"}}],\"inLanguage\":\"es\"},{\"@type\":\"Organization\",\"@id\":\"https:\\\/\\\/canal7slp.tv\\\/2025\\\/#organization\",\"name\":\"Noticieros Canal 7\",\"url\":\"https:\\\/\\\/canal7slp.tv\\\/2025\\\/\",\"logo\":{\"@type\":\"ImageObject\",\"inLanguage\":\"es\",\"@id\":\"https:\\\/\\\/canal7slp.tv\\\/2025\\\/#\\\/schema\\\/logo\\\/image\\\/\",\"url\":\"https:\\\/\\\/canal7slp.tv\\\/2025\\\/wp-content\\\/uploads\\\/2021\\\/01\\\/logo-noticieros@2x.png\",\"contentUrl\":\"https:\\\/\\\/canal7slp.tv\\\/2025\\\/wp-content\\\/uploads\\\/2021\\\/01\\\/logo-noticieros@2x.png\",\"width\":1017,\"height\":268,\"caption\":\"Noticieros Canal 7\"},\"image\":{\"@id\":\"https:\\\/\\\/canal7slp.tv\\\/2025\\\/#\\\/schema\\\/logo\\\/image\\\/\"},\"sameAs\":[\"https:\\\/\\\/www.facebook.com\\\/noticieroscanal7atencionciudadana\\\/\",\"https:\\\/\\\/x.com\\\/NOTICIEROS7\",\"https:\\\/\\\/www.instagram.com\\\/canal7_slp\",\"https:\\\/\\\/www.youtube.com\\\/channel\\\/UCliiYs-gP3JfJeqdPrNdd5A\"]},{\"@type\":\"Person\",\"@id\":\"https:\\\/\\\/canal7slp.tv\\\/2025\\\/#\\\/schema\\\/person\\\/271e2b60a96e7cc9d9ac296f4d7e414b\",\"name\":\"Edici\u00f3n Web\",\"image\":{\"@type\":\"ImageObject\",\"inLanguage\":\"es\",\"@id\":\"https:\\\/\\\/secure.gravatar.com\\\/avatar\\\/eee448fc3f7164808013b816ba91ac7e43bbe82a70bebac296f8bc6f0addaa1a?s=96&d=mm&r=g\",\"url\":\"https:\\\/\\\/secure.gravatar.com\\\/avatar\\\/eee448fc3f7164808013b816ba91ac7e43bbe82a70bebac296f8bc6f0addaa1a?s=96&d=mm&r=g\",\"contentUrl\":\"https:\\\/\\\/secure.gravatar.com\\\/avatar\\\/eee448fc3f7164808013b816ba91ac7e43bbe82a70bebac296f8bc6f0addaa1a?s=96&d=mm&r=g\",\"caption\":\"Edici\u00f3n Web\"},\"url\":\"https:\\\/\\\/canal7slp.tv\\\/2025\\\/author\\\/edicionweb\\\/\"}]}<\/script>\n<!-- \/ Yoast SEO plugin. -->","yoast_head_json":{"title":"ONU convoca reuni\u00f3n de emergencia a petici\u00f3n de Ir\u00e1n tras ataques de EUA e Israel - Canal 7 SLP - 2025","robots":{"index":"index","follow":"follow","max-snippet":"max-snippet:-1","max-image-preview":"max-image-preview:large","max-video-preview":"max-video-preview:-1"},"canonical":"https:\/\/canal7slp.tv\/2025\/onu-convoca-reunion-de-emergencia-a-peticion-de-iran-tras-ataques-de-eua-e-israel\/","og_locale":"es_ES","og_type":"article","og_title":"ONU convoca reuni\u00f3n de emergencia a petici\u00f3n de Ir\u00e1n tras ataques de EUA e Israel - Canal 7 SLP - 2025","og_description":"Nueva York.- El Consejo de Seguridad de las Naciones Unidas celebrar\u00e1 una reuni\u00f3n extraordinaria este domingo por la tarde, tras una solicitud formal presentada por Ir\u00e1n. La sesi\u00f3n est\u00e1 programada para las 3:00 p.m., seg\u00fan confirm\u00f3 la presidencia rotativa del Consejo, actualmente en manos de Guyana, aunque el orden del d\u00eda no ha sido revelado hasta el momento. Convocatorias de este tipo en fines de semana o d\u00edas festivos son altamente inusuales y generalmente responden a situaciones de emergencia extrema, como conflictos armados o invasiones. Esta ser\u00e1 la tercera ocasi\u00f3n en que Ir\u00e1n solicita una sesi\u00f3n del Consejo desde el [&hellip;]","og_url":"https:\/\/canal7slp.tv\/2025\/onu-convoca-reunion-de-emergencia-a-peticion-de-iran-tras-ataques-de-eua-e-israel\/","og_site_name":"Canal 7 SLP - 2025","article_publisher":"https:\/\/www.facebook.com\/noticieroscanal7atencionciudadana\/","article_published_time":"2025-06-22T18:21:15+00:00","og_image":[{"width":990,"height":496,"url":"https:\/\/canal7slp.tv\/2025\/wp-content\/uploads\/2025\/06\/05-21.jpg","type":"image\/jpeg"}],"author":"Edici\u00f3n Web","twitter_card":"summary_large_image","twitter_creator":"@NOTICIEROS7","twitter_site":"@NOTICIEROS7","twitter_misc":{"Escrito por":"Edici\u00f3n Web","Tiempo de lectura":"2 minutos"},"schema":{"@context":"https:\/\/schema.org","@graph":[{"@type":"Article","@id":"https:\/\/canal7slp.tv\/2025\/onu-convoca-reunion-de-emergencia-a-peticion-de-iran-tras-ataques-de-eua-e-israel\/#article","isPartOf":{"@id":"https:\/\/canal7slp.tv\/2025\/onu-convoca-reunion-de-emergencia-a-peticion-de-iran-tras-ataques-de-eua-e-israel\/"},"author":{"name":"Edici\u00f3n Web","@id":"https:\/\/canal7slp.tv\/2025\/#\/schema\/person\/271e2b60a96e7cc9d9ac296f4d7e414b"},"headline":"ONU convoca reuni\u00f3n de emergencia a petici\u00f3n de Ir\u00e1n tras ataques de EUA e Israel","datePublished":"2025-06-22T18:21:15+00:00","mainEntityOfPage":{"@id":"https:\/\/canal7slp.tv\/2025\/onu-convoca-reunion-de-emergencia-a-peticion-de-iran-tras-ataques-de-eua-e-israel\/"},"wordCount":263,"publisher":{"@id":"https:\/\/canal7slp.tv\/2025\/#organization"},"image":{"@id":"https:\/\/canal7slp.tv\/2025\/onu-convoca-reunion-de-emergencia-a-peticion-de-iran-tras-ataques-de-eua-e-israel\/#primaryimage"},"thumbnailUrl":"https:\/\/canal7slp.tv\/2025\/wp-content\/uploads\/2025\/06\/05-21.jpg","articleSection":["INTERNACIONALES"],"inLanguage":"es"},{"@type":"WebPage","@id":"https:\/\/canal7slp.tv\/2025\/onu-convoca-reunion-de-emergencia-a-peticion-de-iran-tras-ataques-de-eua-e-israel\/","url":"https:\/\/canal7slp.tv\/2025\/onu-convoca-reunion-de-emergencia-a-peticion-de-iran-tras-ataques-de-eua-e-israel\/","name":"ONU convoca reuni\u00f3n de emergencia a petici\u00f3n de Ir\u00e1n tras ataques de EUA e Israel - Canal 7 SLP - 2025","isPartOf":{"@id":"https:\/\/canal7slp.tv\/2025\/#website"},"primaryImageOfPage":{"@id":"https:\/\/canal7slp.tv\/2025\/onu-convoca-reunion-de-emergencia-a-peticion-de-iran-tras-ataques-de-eua-e-israel\/#primaryimage"},"image":{"@id":"https:\/\/canal7slp.tv\/2025\/onu-convoca-reunion-de-emergencia-a-peticion-de-iran-tras-ataques-de-eua-e-israel\/#primaryimage"},"thumbnailUrl":"https:\/\/canal7slp.tv\/2025\/wp-content\/uploads\/2025\/06\/05-21.jpg","datePublished":"2025-06-22T18:21:15+00:00","breadcrumb":{"@id":"https:\/\/canal7slp.tv\/2025\/onu-convoca-reunion-de-emergencia-a-peticion-de-iran-tras-ataques-de-eua-e-israel\/#breadcrumb"},"inLanguage":"es","potentialAction":[{"@type":"ReadAction","target":["https:\/\/canal7slp.tv\/2025\/onu-convoca-reunion-de-emergencia-a-peticion-de-iran-tras-ataques-de-eua-e-israel\/"]}]},{"@type":"ImageObject","inLanguage":"es","@id":"https:\/\/canal7slp.tv\/2025\/onu-convoca-reunion-de-emergencia-a-peticion-de-iran-tras-ataques-de-eua-e-israel\/#primaryimage","url":"https:\/\/canal7slp.tv\/2025\/wp-content\/uploads\/2025\/06\/05-21.jpg","contentUrl":"https:\/\/canal7slp.tv\/2025\/wp-content\/uploads\/2025\/06\/05-21.jpg","width":990,"height":496},{"@type":"BreadcrumbList","@id":"https:\/\/canal7slp.tv\/2025\/onu-convoca-reunion-de-emergencia-a-peticion-de-iran-tras-ataques-de-eua-e-israel\/#breadcrumb","itemListElement":[{"@type":"ListItem","position":1,"name":"Portada","item":"https:\/\/canal7slp.tv\/2025\/"},{"@type":"ListItem","position":2,"name":"ONU convoca reuni\u00f3n de emergencia a petici\u00f3n de Ir\u00e1n tras ataques de EUA e Israel"}]},{"@type":"WebSite","@id":"https:\/\/canal7slp.tv\/2025\/#website","url":"https:\/\/canal7slp.tv\/2025\/","name":"N7 - Noticieros Canal 7","description":"Somos el Medio","publisher":{"@id":"https:\/\/canal7slp.tv\/2025\/#organization"},"potentialAction":[{"@type":"SearchAction","target":{"@type":"EntryPoint","urlTemplate":"https:\/\/canal7slp.tv\/2025\/?s={search_term_string}"},"query-input":{"@type":"PropertyValueSpecification","valueRequired":true,"valueName":"search_term_string"}}],"inLanguage":"es"},{"@type":"Organization","@id":"https:\/\/canal7slp.tv\/2025\/#organization","name":"Noticieros Canal 7","url":"https:\/\/canal7slp.tv\/2025\/","logo":{"@type":"ImageObject","inLanguage":"es","@id":"https:\/\/canal7slp.tv\/2025\/#\/schema\/logo\/image\/","url":"https:\/\/canal7slp.tv\/2025\/wp-content\/uploads\/2021\/01\/logo-noticieros@2x.png","contentUrl":"https:\/\/canal7slp.tv\/2025\/wp-content\/uploads\/2021\/01\/logo-noticieros@2x.png","width":1017,"height":268,"caption":"Noticieros Canal 7"},"image":{"@id":"https:\/\/canal7slp.tv\/2025\/#\/schema\/logo\/image\/"},"sameAs":["https:\/\/www.facebook.com\/noticieroscanal7atencionciudadana\/","https:\/\/x.com\/NOTICIEROS7","https:\/\/www.instagram.com\/canal7_slp","https:\/\/www.youtube.com\/channel\/UCliiYs-gP3JfJeqdPrNdd5A"]},{"@type":"Person","@id":"https:\/\/canal7slp.tv\/2025\/#\/schema\/person\/271e2b60a96e7cc9d9ac296f4d7e414b","name":"Edici\u00f3n Web","image":{"@type":"ImageObject","inLanguage":"es","@id":"https:\/\/secure.gravatar.com\/avatar\/eee448fc3f7164808013b816ba91ac7e43bbe82a70bebac296f8bc6f0addaa1a?s=96&d=mm&r=g","url":"https:\/\/secure.gravatar.com\/avatar\/eee448fc3f7164808013b816ba91ac7e43bbe82a70bebac296f8bc6f0addaa1a?s=96&d=mm&r=g","contentUrl":"https:\/\/secure.gravatar.com\/avatar\/eee448fc3f7164808013b816ba91ac7e43bbe82a70bebac296f8bc6f0addaa1a?s=96&d=mm&r=g","caption":"Edici\u00f3n Web"},"url":"https:\/\/canal7slp.tv\/2025\/author\/edicionweb\/"}]}},"_links":{"self":[{"href":"https:\/\/canal7slp.tv\/2025\/wp-json\/wp\/v2\/posts\/171285","targetHints":{"allow":["GET"]}}],"collection":[{"href":"https:\/\/canal7slp.tv\/2025\/wp-json\/wp\/v2\/posts"}],"about":[{"href":"https:\/\/canal7slp.tv\/2025\/wp-json\/wp\/v2\/types\/post"}],"author":[{"embeddable":true,"href":"https:\/\/canal7slp.tv\/2025\/wp-json\/wp\/v2\/users\/2"}],"replies":[{"embeddable":true,"href":"https:\/\/canal7slp.tv\/2025\/wp-json\/wp\/v2\/comments?post=171285"}],"version-history":[{"count":1,"href":"https:\/\/canal7slp.tv\/2025\/wp-json\/wp\/v2\/posts\/171285\/revisions"}],"predecessor-version":[{"id":171287,"href":"https:\/\/canal7slp.tv\/2025\/wp-json\/wp\/v2\/posts\/171285\/revisions\/171287"}],"wp:featuredmedia":[{"embeddable":true,"href":"https:\/\/canal7slp.tv\/2025\/wp-json\/wp\/v2\/media\/171286"}],"wp:attachment":[{"href":"https:\/\/canal7slp.tv\/2025\/wp-json\/wp\/v2\/media?parent=171285"}],"wp:term":[{"taxonomy":"category","embeddable":true,"href":"https:\/\/canal7slp.tv\/2025\/wp-json\/wp\/v2\/categories?post=171285"},{"taxonomy":"post_tag","embeddable":true,"href":"https:\/\/canal7slp.tv\/2025\/wp-json\/wp\/v2\/tags?post=171285"}],"curies":[{"name":"wp","href":"https:\/\/api.w.org\/{rel}","templated":true}]}}