{"id":171282,"date":"2025-06-22T12:13:25","date_gmt":"2025-06-22T18:13:25","guid":{"rendered":"https:\/\/canal7slp.tv\/2025\/?p=171282"},"modified":"2025-06-22T12:13:25","modified_gmt":"2025-06-22T18:13:25","slug":"netanyahu-apoya-bombardeo-de-trump-a-iran","status":"publish","type":"post","link":"https:\/\/canal7slp.tv\/2025\/netanyahu-apoya-bombardeo-de-trump-a-iran\/","title":{"rendered":"Netanyahu apoya bombardeo de Trump a Ir\u00e1n"},"content":{"rendered":"<p style=\"text-align: justify;\">\n<ul style=\"text-align: justify;\">\n<li>\u201cLa paz se logra con fuerza\u201d.<\/li>\n<\/ul>\n<p style=\"text-align: justify;\">Jerusal\u00e9n.- El primer ministro de Israel, Benjam\u00edn Netanyahu, expres\u00f3 su pleno respaldo al presidente de Estados Unidos, Donald Trump, tras el reciente ataque a\u00e9reo que destruy\u00f3 tres instalaciones nucleares en Ir\u00e1n.<\/p>\n<p style=\"text-align: justify;\">Calific\u00f3 la decisi\u00f3n como \u201caudaz\u201d y afirm\u00f3 que \u201cla paz se logra mediante la fuerza\u201d.<\/p>\n<p style=\"text-align: justify;\">A trav\u00e9s de un mensaje en redes sociales, Netanyahu asegur\u00f3 que esta acci\u00f3n \u201ccambiar\u00e1 la historia\u201d y destac\u00f3 que ning\u00fan otro pa\u00eds habr\u00eda sido capaz de ejecutar una operaci\u00f3n de tal magnitud.<\/p>\n<p style=\"text-align: justify;\">Desde la Casa Blanca, Trump confirm\u00f3 que las instalaciones de Fordow, Natanz e Isfah\u00e1n fueron completamente destruidas, en lo que constituye el primer bombardeo directo de EUA en el actual conflicto entre Israel e Ir\u00e1n.<\/p>\n<p style=\"text-align: justify;\">En su discurso, advirti\u00f3 que Ir\u00e1n debe \u201celegir entre paz o tragedia\u201d, y subray\u00f3 que Washington est\u00e1 listo para ampliar sus ataques si no se alcanza un acuerdo r\u00e1pidamente.<\/p>\n<p style=\"text-align: justify;\">Acompa\u00f1ado por altos funcionarios de su gabinete, el mandatario estadounidense calific\u00f3 la operaci\u00f3n como un \u00e9xito total, asegurando que con ello se elimin\u00f3 una amenaza significativa para Israel.<\/p>\n<p style=\"text-align: justify;\">Asimismo, anunci\u00f3 que el secretario de Defensa, Pete Hegseth, ofrecer\u00e1 una conferencia de prensa con los detalles de la misi\u00f3n.<\/p>\n","protected":false},"excerpt":{"rendered":"<p>\u201cLa paz se logra con fuerza\u201d. Jerusal\u00e9n.- El primer ministro de Israel, Benjam\u00edn Netanyahu, expres\u00f3 su pleno respaldo al presidente de Estados Unidos, Donald Trump, tras el reciente ataque a\u00e9reo que destruy\u00f3 tres instalaciones nucleares en Ir\u00e1n. Calific\u00f3 la decisi\u00f3n como \u201caudaz\u201d y afirm\u00f3 que \u201cla paz se logra mediante la fuerza\u201d. A trav\u00e9s de un mensaje en redes sociales, Netanyahu asegur\u00f3 que esta acci\u00f3n \u201ccambiar\u00e1 la historia\u201d y destac\u00f3 que ning\u00fan otro pa\u00eds habr\u00eda sido capaz de ejecutar una operaci\u00f3n de tal magnitud. Desde la Casa Blanca, Trump confirm\u00f3 que las instalaciones de Fordow, Natanz e Isfah\u00e1n fueron completamente [&hellip;]<\/p>\n","protected":false},"author":2,"featured_media":171283,"comment_status":"closed","ping_status":"closed","sticky":false,"template":"","format":"standard","meta":{"_monsterinsights_skip_tracking":false,"_monsterinsights_sitenote_active":false,"_monsterinsights_sitenote_note":"","_monsterinsights_sitenote_category":0,"footnotes":""},"categories":[44],"tags":[],"class_list":["post-171282","post","type-post","status-publish","format-standard","has-post-thumbnail","hentry","category-internacional","post--single"],"yoast_head":"<!-- This site is optimized with the Yoast SEO plugin v27.5 - https:\/\/yoast.com\/product\/yoast-seo-wordpress\/ -->\n<title>Netanyahu apoya bombardeo de Trump a Ir\u00e1n - Canal 7 SLP - 2025<\/title>\n<meta name=\"robots\" content=\"index, follow, max-snippet:-1, max-image-preview:large, max-video-preview:-1\" \/>\n<link rel=\"canonical\" href=\"https:\/\/canal7slp.tv\/2025\/netanyahu-apoya-bombardeo-de-trump-a-iran\/\" \/>\n<meta property=\"og:locale\" content=\"es_ES\" \/>\n<meta property=\"og:type\" content=\"article\" \/>\n<meta property=\"og:title\" content=\"Netanyahu apoya bombardeo de Trump a Ir\u00e1n - Canal 7 SLP - 2025\" \/>\n<meta property=\"og:description\" content=\"\u201cLa paz se logra con fuerza\u201d. Jerusal\u00e9n.- El primer ministro de Israel, Benjam\u00edn Netanyahu, expres\u00f3 su pleno respaldo al presidente de Estados Unidos, Donald Trump, tras el reciente ataque a\u00e9reo que destruy\u00f3 tres instalaciones nucleares en Ir\u00e1n. Calific\u00f3 la decisi\u00f3n como \u201caudaz\u201d y afirm\u00f3 que \u201cla paz se logra mediante la fuerza\u201d. A trav\u00e9s de un mensaje en redes sociales, Netanyahu asegur\u00f3 que esta acci\u00f3n \u201ccambiar\u00e1 la historia\u201d y destac\u00f3 que ning\u00fan otro pa\u00eds habr\u00eda sido capaz de ejecutar una operaci\u00f3n de tal magnitud. Desde la Casa Blanca, Trump confirm\u00f3 que las instalaciones de Fordow, Natanz e Isfah\u00e1n fueron completamente [&hellip;]\" \/>\n<meta property=\"og:url\" content=\"https:\/\/canal7slp.tv\/2025\/netanyahu-apoya-bombardeo-de-trump-a-iran\/\" \/>\n<meta property=\"og:site_name\" content=\"Canal 7 SLP - 2025\" \/>\n<meta property=\"article:publisher\" content=\"https:\/\/www.facebook.com\/noticieroscanal7atencionciudadana\/\" \/>\n<meta property=\"article:published_time\" content=\"2025-06-22T18:13:25+00:00\" \/>\n<meta property=\"og:image\" content=\"https:\/\/canal7slp.tv\/2025\/wp-content\/uploads\/2025\/06\/04-21.jpg\" \/>\n\t<meta property=\"og:image:width\" content=\"888\" \/>\n\t<meta property=\"og:image:height\" content=\"500\" \/>\n\t<meta property=\"og:image:type\" content=\"image\/jpeg\" \/>\n<meta name=\"author\" content=\"Edici\u00f3n Web\" \/>\n<meta name=\"twitter:card\" content=\"summary_large_image\" \/>\n<meta name=\"twitter:creator\" content=\"@NOTICIEROS7\" \/>\n<meta name=\"twitter:site\" content=\"@NOTICIEROS7\" \/>\n<meta name=\"twitter:label1\" content=\"Escrito por\" \/>\n\t<meta name=\"twitter:data1\" content=\"Edici\u00f3n Web\" \/>\n\t<meta name=\"twitter:label2\" content=\"Tiempo de lectura\" \/>\n\t<meta name=\"twitter:data2\" content=\"2 minutos\" \/>\n<script type=\"application\/ld+json\" class=\"yoast-schema-graph\">{\"@context\":\"https:\\\/\\\/schema.org\",\"@graph\":[{\"@type\":\"Article\",\"@id\":\"https:\\\/\\\/canal7slp.tv\\\/2025\\\/netanyahu-apoya-bombardeo-de-trump-a-iran\\\/#article\",\"isPartOf\":{\"@id\":\"https:\\\/\\\/canal7slp.tv\\\/2025\\\/netanyahu-apoya-bombardeo-de-trump-a-iran\\\/\"},\"author\":{\"name\":\"Edici\u00f3n Web\",\"@id\":\"https:\\\/\\\/canal7slp.tv\\\/2025\\\/#\\\/schema\\\/person\\\/271e2b60a96e7cc9d9ac296f4d7e414b\"},\"headline\":\"Netanyahu apoya bombardeo de Trump a Ir\u00e1n\",\"datePublished\":\"2025-06-22T18:13:25+00:00\",\"mainEntityOfPage\":{\"@id\":\"https:\\\/\\\/canal7slp.tv\\\/2025\\\/netanyahu-apoya-bombardeo-de-trump-a-iran\\\/\"},\"wordCount\":223,\"publisher\":{\"@id\":\"https:\\\/\\\/canal7slp.tv\\\/2025\\\/#organization\"},\"image\":{\"@id\":\"https:\\\/\\\/canal7slp.tv\\\/2025\\\/netanyahu-apoya-bombardeo-de-trump-a-iran\\\/#primaryimage\"},\"thumbnailUrl\":\"https:\\\/\\\/canal7slp.tv\\\/2025\\\/wp-content\\\/uploads\\\/2025\\\/06\\\/04-21.jpg\",\"articleSection\":[\"INTERNACIONALES\"],\"inLanguage\":\"es\"},{\"@type\":\"WebPage\",\"@id\":\"https:\\\/\\\/canal7slp.tv\\\/2025\\\/netanyahu-apoya-bombardeo-de-trump-a-iran\\\/\",\"url\":\"https:\\\/\\\/canal7slp.tv\\\/2025\\\/netanyahu-apoya-bombardeo-de-trump-a-iran\\\/\",\"name\":\"Netanyahu apoya bombardeo de Trump a Ir\u00e1n - Canal 7 SLP - 2025\",\"isPartOf\":{\"@id\":\"https:\\\/\\\/canal7slp.tv\\\/2025\\\/#website\"},\"primaryImageOfPage\":{\"@id\":\"https:\\\/\\\/canal7slp.tv\\\/2025\\\/netanyahu-apoya-bombardeo-de-trump-a-iran\\\/#primaryimage\"},\"image\":{\"@id\":\"https:\\\/\\\/canal7slp.tv\\\/2025\\\/netanyahu-apoya-bombardeo-de-trump-a-iran\\\/#primaryimage\"},\"thumbnailUrl\":\"https:\\\/\\\/canal7slp.tv\\\/2025\\\/wp-content\\\/uploads\\\/2025\\\/06\\\/04-21.jpg\",\"datePublished\":\"2025-06-22T18:13:25+00:00\",\"breadcrumb\":{\"@id\":\"https:\\\/\\\/canal7slp.tv\\\/2025\\\/netanyahu-apoya-bombardeo-de-trump-a-iran\\\/#breadcrumb\"},\"inLanguage\":\"es\",\"potentialAction\":[{\"@type\":\"ReadAction\",\"target\":[\"https:\\\/\\\/canal7slp.tv\\\/2025\\\/netanyahu-apoya-bombardeo-de-trump-a-iran\\\/\"]}]},{\"@type\":\"ImageObject\",\"inLanguage\":\"es\",\"@id\":\"https:\\\/\\\/canal7slp.tv\\\/2025\\\/netanyahu-apoya-bombardeo-de-trump-a-iran\\\/#primaryimage\",\"url\":\"https:\\\/\\\/canal7slp.tv\\\/2025\\\/wp-content\\\/uploads\\\/2025\\\/06\\\/04-21.jpg\",\"contentUrl\":\"https:\\\/\\\/canal7slp.tv\\\/2025\\\/wp-content\\\/uploads\\\/2025\\\/06\\\/04-21.jpg\",\"width\":888,\"height\":500},{\"@type\":\"BreadcrumbList\",\"@id\":\"https:\\\/\\\/canal7slp.tv\\\/2025\\\/netanyahu-apoya-bombardeo-de-trump-a-iran\\\/#breadcrumb\",\"itemListElement\":[{\"@type\":\"ListItem\",\"position\":1,\"name\":\"Portada\",\"item\":\"https:\\\/\\\/canal7slp.tv\\\/2025\\\/\"},{\"@type\":\"ListItem\",\"position\":2,\"name\":\"Netanyahu apoya bombardeo de Trump a Ir\u00e1n\"}]},{\"@type\":\"WebSite\",\"@id\":\"https:\\\/\\\/canal7slp.tv\\\/2025\\\/#website\",\"url\":\"https:\\\/\\\/canal7slp.tv\\\/2025\\\/\",\"name\":\"N7 - Noticieros Canal 7\",\"description\":\"Somos el Medio\",\"publisher\":{\"@id\":\"https:\\\/\\\/canal7slp.tv\\\/2025\\\/#organization\"},\"potentialAction\":[{\"@type\":\"SearchAction\",\"target\":{\"@type\":\"EntryPoint\",\"urlTemplate\":\"https:\\\/\\\/canal7slp.tv\\\/2025\\\/?s={search_term_string}\"},\"query-input\":{\"@type\":\"PropertyValueSpecification\",\"valueRequired\":true,\"valueName\":\"search_term_string\"}}],\"inLanguage\":\"es\"},{\"@type\":\"Organization\",\"@id\":\"https:\\\/\\\/canal7slp.tv\\\/2025\\\/#organization\",\"name\":\"Noticieros Canal 7\",\"url\":\"https:\\\/\\\/canal7slp.tv\\\/2025\\\/\",\"logo\":{\"@type\":\"ImageObject\",\"inLanguage\":\"es\",\"@id\":\"https:\\\/\\\/canal7slp.tv\\\/2025\\\/#\\\/schema\\\/logo\\\/image\\\/\",\"url\":\"https:\\\/\\\/canal7slp.tv\\\/2025\\\/wp-content\\\/uploads\\\/2021\\\/01\\\/logo-noticieros@2x.png\",\"contentUrl\":\"https:\\\/\\\/canal7slp.tv\\\/2025\\\/wp-content\\\/uploads\\\/2021\\\/01\\\/logo-noticieros@2x.png\",\"width\":1017,\"height\":268,\"caption\":\"Noticieros Canal 7\"},\"image\":{\"@id\":\"https:\\\/\\\/canal7slp.tv\\\/2025\\\/#\\\/schema\\\/logo\\\/image\\\/\"},\"sameAs\":[\"https:\\\/\\\/www.facebook.com\\\/noticieroscanal7atencionciudadana\\\/\",\"https:\\\/\\\/x.com\\\/NOTICIEROS7\",\"https:\\\/\\\/www.instagram.com\\\/canal7_slp\",\"https:\\\/\\\/www.youtube.com\\\/channel\\\/UCliiYs-gP3JfJeqdPrNdd5A\"]},{\"@type\":\"Person\",\"@id\":\"https:\\\/\\\/canal7slp.tv\\\/2025\\\/#\\\/schema\\\/person\\\/271e2b60a96e7cc9d9ac296f4d7e414b\",\"name\":\"Edici\u00f3n Web\",\"image\":{\"@type\":\"ImageObject\",\"inLanguage\":\"es\",\"@id\":\"https:\\\/\\\/secure.gravatar.com\\\/avatar\\\/eee448fc3f7164808013b816ba91ac7e43bbe82a70bebac296f8bc6f0addaa1a?s=96&d=mm&r=g\",\"url\":\"https:\\\/\\\/secure.gravatar.com\\\/avatar\\\/eee448fc3f7164808013b816ba91ac7e43bbe82a70bebac296f8bc6f0addaa1a?s=96&d=mm&r=g\",\"contentUrl\":\"https:\\\/\\\/secure.gravatar.com\\\/avatar\\\/eee448fc3f7164808013b816ba91ac7e43bbe82a70bebac296f8bc6f0addaa1a?s=96&d=mm&r=g\",\"caption\":\"Edici\u00f3n Web\"},\"url\":\"https:\\\/\\\/canal7slp.tv\\\/2025\\\/author\\\/edicionweb\\\/\"}]}<\/script>\n<!-- \/ Yoast SEO plugin. -->","yoast_head_json":{"title":"Netanyahu apoya bombardeo de Trump a Ir\u00e1n - Canal 7 SLP - 2025","robots":{"index":"index","follow":"follow","max-snippet":"max-snippet:-1","max-image-preview":"max-image-preview:large","max-video-preview":"max-video-preview:-1"},"canonical":"https:\/\/canal7slp.tv\/2025\/netanyahu-apoya-bombardeo-de-trump-a-iran\/","og_locale":"es_ES","og_type":"article","og_title":"Netanyahu apoya bombardeo de Trump a Ir\u00e1n - Canal 7 SLP - 2025","og_description":"\u201cLa paz se logra con fuerza\u201d. Jerusal\u00e9n.- El primer ministro de Israel, Benjam\u00edn Netanyahu, expres\u00f3 su pleno respaldo al presidente de Estados Unidos, Donald Trump, tras el reciente ataque a\u00e9reo que destruy\u00f3 tres instalaciones nucleares en Ir\u00e1n. Calific\u00f3 la decisi\u00f3n como \u201caudaz\u201d y afirm\u00f3 que \u201cla paz se logra mediante la fuerza\u201d. A trav\u00e9s de un mensaje en redes sociales, Netanyahu asegur\u00f3 que esta acci\u00f3n \u201ccambiar\u00e1 la historia\u201d y destac\u00f3 que ning\u00fan otro pa\u00eds habr\u00eda sido capaz de ejecutar una operaci\u00f3n de tal magnitud. Desde la Casa Blanca, Trump confirm\u00f3 que las instalaciones de Fordow, Natanz e Isfah\u00e1n fueron completamente [&hellip;]","og_url":"https:\/\/canal7slp.tv\/2025\/netanyahu-apoya-bombardeo-de-trump-a-iran\/","og_site_name":"Canal 7 SLP - 2025","article_publisher":"https:\/\/www.facebook.com\/noticieroscanal7atencionciudadana\/","article_published_time":"2025-06-22T18:13:25+00:00","og_image":[{"width":888,"height":500,"url":"https:\/\/canal7slp.tv\/2025\/wp-content\/uploads\/2025\/06\/04-21.jpg","type":"image\/jpeg"}],"author":"Edici\u00f3n Web","twitter_card":"summary_large_image","twitter_creator":"@NOTICIEROS7","twitter_site":"@NOTICIEROS7","twitter_misc":{"Escrito por":"Edici\u00f3n Web","Tiempo de lectura":"2 minutos"},"schema":{"@context":"https:\/\/schema.org","@graph":[{"@type":"Article","@id":"https:\/\/canal7slp.tv\/2025\/netanyahu-apoya-bombardeo-de-trump-a-iran\/#article","isPartOf":{"@id":"https:\/\/canal7slp.tv\/2025\/netanyahu-apoya-bombardeo-de-trump-a-iran\/"},"author":{"name":"Edici\u00f3n Web","@id":"https:\/\/canal7slp.tv\/2025\/#\/schema\/person\/271e2b60a96e7cc9d9ac296f4d7e414b"},"headline":"Netanyahu apoya bombardeo de Trump a Ir\u00e1n","datePublished":"2025-06-22T18:13:25+00:00","mainEntityOfPage":{"@id":"https:\/\/canal7slp.tv\/2025\/netanyahu-apoya-bombardeo-de-trump-a-iran\/"},"wordCount":223,"publisher":{"@id":"https:\/\/canal7slp.tv\/2025\/#organization"},"image":{"@id":"https:\/\/canal7slp.tv\/2025\/netanyahu-apoya-bombardeo-de-trump-a-iran\/#primaryimage"},"thumbnailUrl":"https:\/\/canal7slp.tv\/2025\/wp-content\/uploads\/2025\/06\/04-21.jpg","articleSection":["INTERNACIONALES"],"inLanguage":"es"},{"@type":"WebPage","@id":"https:\/\/canal7slp.tv\/2025\/netanyahu-apoya-bombardeo-de-trump-a-iran\/","url":"https:\/\/canal7slp.tv\/2025\/netanyahu-apoya-bombardeo-de-trump-a-iran\/","name":"Netanyahu apoya bombardeo de Trump a Ir\u00e1n - Canal 7 SLP - 2025","isPartOf":{"@id":"https:\/\/canal7slp.tv\/2025\/#website"},"primaryImageOfPage":{"@id":"https:\/\/canal7slp.tv\/2025\/netanyahu-apoya-bombardeo-de-trump-a-iran\/#primaryimage"},"image":{"@id":"https:\/\/canal7slp.tv\/2025\/netanyahu-apoya-bombardeo-de-trump-a-iran\/#primaryimage"},"thumbnailUrl":"https:\/\/canal7slp.tv\/2025\/wp-content\/uploads\/2025\/06\/04-21.jpg","datePublished":"2025-06-22T18:13:25+00:00","breadcrumb":{"@id":"https:\/\/canal7slp.tv\/2025\/netanyahu-apoya-bombardeo-de-trump-a-iran\/#breadcrumb"},"inLanguage":"es","potentialAction":[{"@type":"ReadAction","target":["https:\/\/canal7slp.tv\/2025\/netanyahu-apoya-bombardeo-de-trump-a-iran\/"]}]},{"@type":"ImageObject","inLanguage":"es","@id":"https:\/\/canal7slp.tv\/2025\/netanyahu-apoya-bombardeo-de-trump-a-iran\/#primaryimage","url":"https:\/\/canal7slp.tv\/2025\/wp-content\/uploads\/2025\/06\/04-21.jpg","contentUrl":"https:\/\/canal7slp.tv\/2025\/wp-content\/uploads\/2025\/06\/04-21.jpg","width":888,"height":500},{"@type":"BreadcrumbList","@id":"https:\/\/canal7slp.tv\/2025\/netanyahu-apoya-bombardeo-de-trump-a-iran\/#breadcrumb","itemListElement":[{"@type":"ListItem","position":1,"name":"Portada","item":"https:\/\/canal7slp.tv\/2025\/"},{"@type":"ListItem","position":2,"name":"Netanyahu apoya bombardeo de Trump a Ir\u00e1n"}]},{"@type":"WebSite","@id":"https:\/\/canal7slp.tv\/2025\/#website","url":"https:\/\/canal7slp.tv\/2025\/","name":"N7 - Noticieros Canal 7","description":"Somos el Medio","publisher":{"@id":"https:\/\/canal7slp.tv\/2025\/#organization"},"potentialAction":[{"@type":"SearchAction","target":{"@type":"EntryPoint","urlTemplate":"https:\/\/canal7slp.tv\/2025\/?s={search_term_string}"},"query-input":{"@type":"PropertyValueSpecification","valueRequired":true,"valueName":"search_term_string"}}],"inLanguage":"es"},{"@type":"Organization","@id":"https:\/\/canal7slp.tv\/2025\/#organization","name":"Noticieros Canal 7","url":"https:\/\/canal7slp.tv\/2025\/","logo":{"@type":"ImageObject","inLanguage":"es","@id":"https:\/\/canal7slp.tv\/2025\/#\/schema\/logo\/image\/","url":"https:\/\/canal7slp.tv\/2025\/wp-content\/uploads\/2021\/01\/logo-noticieros@2x.png","contentUrl":"https:\/\/canal7slp.tv\/2025\/wp-content\/uploads\/2021\/01\/logo-noticieros@2x.png","width":1017,"height":268,"caption":"Noticieros Canal 7"},"image":{"@id":"https:\/\/canal7slp.tv\/2025\/#\/schema\/logo\/image\/"},"sameAs":["https:\/\/www.facebook.com\/noticieroscanal7atencionciudadana\/","https:\/\/x.com\/NOTICIEROS7","https:\/\/www.instagram.com\/canal7_slp","https:\/\/www.youtube.com\/channel\/UCliiYs-gP3JfJeqdPrNdd5A"]},{"@type":"Person","@id":"https:\/\/canal7slp.tv\/2025\/#\/schema\/person\/271e2b60a96e7cc9d9ac296f4d7e414b","name":"Edici\u00f3n Web","image":{"@type":"ImageObject","inLanguage":"es","@id":"https:\/\/secure.gravatar.com\/avatar\/eee448fc3f7164808013b816ba91ac7e43bbe82a70bebac296f8bc6f0addaa1a?s=96&d=mm&r=g","url":"https:\/\/secure.gravatar.com\/avatar\/eee448fc3f7164808013b816ba91ac7e43bbe82a70bebac296f8bc6f0addaa1a?s=96&d=mm&r=g","contentUrl":"https:\/\/secure.gravatar.com\/avatar\/eee448fc3f7164808013b816ba91ac7e43bbe82a70bebac296f8bc6f0addaa1a?s=96&d=mm&r=g","caption":"Edici\u00f3n Web"},"url":"https:\/\/canal7slp.tv\/2025\/author\/edicionweb\/"}]}},"_links":{"self":[{"href":"https:\/\/canal7slp.tv\/2025\/wp-json\/wp\/v2\/posts\/171282","targetHints":{"allow":["GET"]}}],"collection":[{"href":"https:\/\/canal7slp.tv\/2025\/wp-json\/wp\/v2\/posts"}],"about":[{"href":"https:\/\/canal7slp.tv\/2025\/wp-json\/wp\/v2\/types\/post"}],"author":[{"embeddable":true,"href":"https:\/\/canal7slp.tv\/2025\/wp-json\/wp\/v2\/users\/2"}],"replies":[{"embeddable":true,"href":"https:\/\/canal7slp.tv\/2025\/wp-json\/wp\/v2\/comments?post=171282"}],"version-history":[{"count":1,"href":"https:\/\/canal7slp.tv\/2025\/wp-json\/wp\/v2\/posts\/171282\/revisions"}],"predecessor-version":[{"id":171284,"href":"https:\/\/canal7slp.tv\/2025\/wp-json\/wp\/v2\/posts\/171282\/revisions\/171284"}],"wp:featuredmedia":[{"embeddable":true,"href":"https:\/\/canal7slp.tv\/2025\/wp-json\/wp\/v2\/media\/171283"}],"wp:attachment":[{"href":"https:\/\/canal7slp.tv\/2025\/wp-json\/wp\/v2\/media?parent=171282"}],"wp:term":[{"taxonomy":"category","embeddable":true,"href":"https:\/\/canal7slp.tv\/2025\/wp-json\/wp\/v2\/categories?post=171282"},{"taxonomy":"post_tag","embeddable":true,"href":"https:\/\/canal7slp.tv\/2025\/wp-json\/wp\/v2\/tags?post=171282"}],"curies":[{"name":"wp","href":"https:\/\/api.w.org\/{rel}","templated":true}]}}