{"id":171279,"date":"2025-06-22T12:05:43","date_gmt":"2025-06-22T18:05:43","guid":{"rendered":"https:\/\/canal7slp.tv\/2025\/?p=171279"},"modified":"2025-06-22T12:05:43","modified_gmt":"2025-06-22T18:05:43","slug":"trump-advierte-a-iran-elijan-la-paz-o-enfrentaran-consecuencias-mas-severas","status":"publish","type":"post","link":"https:\/\/canal7slp.tv\/2025\/trump-advierte-a-iran-elijan-la-paz-o-enfrentaran-consecuencias-mas-severas\/","title":{"rendered":"Trump advierte a Ir\u00e1n: \u201celijan la paz o enfrentar\u00e1n consecuencias m\u00e1s severas\u201d"},"content":{"rendered":"<p style=\"text-align: justify;\">EUA.- El presidente de Estados Unidos, Donald Trump, advirti\u00f3 que Ir\u00e1n debe optar por la paz o enfrentar represalias a\u00fan m\u00e1s duras, tras el ataque a\u00e9reo llevado a cabo el s\u00e1bado contra tres instalaciones nucleares en territorio iran\u00ed. En un mensaje desde la Casa Blanca, Trump asegur\u00f3 que las instalaciones de Fordow, Natanz e Isfah\u00e1n fueron completamente destruidas, calificando la operaci\u00f3n como un \u00ab\u00e9xito militar sin precedentes\u00bb.<\/p>\n<p style=\"text-align: justify;\">Acompa\u00f1ado por altos funcionarios de su administraci\u00f3n, el mandatario destac\u00f3 que a\u00fan quedan otros objetivos que podr\u00edan ser atacados si no se alcanza un acuerdo en el corto plazo.<\/p>\n<p style=\"text-align: justify;\">La operaci\u00f3n, denominada \u201cMartillo de Medianoche\u201d, moviliz\u00f3 a m\u00e1s de 125 aeronaves, incluidos bombarderos B-2 que lanzaron bombas de alta penetraci\u00f3n dise\u00f1adas para impactar instalaciones subterr\u00e1neas fortificadas. Los reportes preliminares indican da\u00f1os severos, aunque a\u00fan no se ha confirmado la efectividad total del ataque ni la reacci\u00f3n de las fuerzas iran\u00edes.<\/p>\n<p style=\"text-align: justify;\">El primer ministro de Israel, Benjam\u00edn Netanyahu, respald\u00f3 firmemente la acci\u00f3n estadounidense y declar\u00f3 que \u201cla fuerza es esencial para lograr la paz\u201d. En contraste, el secretario general de la ONU, Ant\u00f3nio Guterres, expres\u00f3 profunda preocupaci\u00f3n por el uso de la fuerza y advirti\u00f3 que \u201cno existe una soluci\u00f3n militar\u201d al conflicto, alertando sobre el riesgo de una escalada regional de gran alcance.<\/p>\n<p style=\"text-align: justify;\">Por su parte, el vicepresidente estadounidense, JD Vance, insisti\u00f3 en que EE.UU. \u201cno est\u00e1 en guerra con Ir\u00e1n, sino con sus ambiciones nucleares\u201d. Afirm\u00f3 que el objetivo del ataque es frenar el desarrollo del programa nuclear iran\u00ed y abrir la v\u00eda hacia un acuerdo duradero, dejando claro que no se busca un cambio de r\u00e9gimen en Teher\u00e1n.<\/p>\n<p style=\"text-align: justify;\">Trump concluy\u00f3 su discurso con un tono m\u00e1s conciliador, se\u00f1alando que este ataque puede representar una oportunidad para reiniciar las relaciones bilaterales y reiter\u00f3 que \u201cel momento actual es propicio para la paz\u201d.<\/p>\n<p style=\"text-align: justify;\">\n","protected":false},"excerpt":{"rendered":"<p>EUA.- El presidente de Estados Unidos, Donald Trump, advirti\u00f3 que Ir\u00e1n debe optar por la paz o enfrentar represalias a\u00fan m\u00e1s duras, tras el ataque a\u00e9reo llevado a cabo el s\u00e1bado contra tres instalaciones nucleares en territorio iran\u00ed. En un mensaje desde la Casa Blanca, Trump asegur\u00f3 que las instalaciones de Fordow, Natanz e Isfah\u00e1n fueron completamente destruidas, calificando la operaci\u00f3n como un \u00ab\u00e9xito militar sin precedentes\u00bb. Acompa\u00f1ado por altos funcionarios de su administraci\u00f3n, el mandatario destac\u00f3 que a\u00fan quedan otros objetivos que podr\u00edan ser atacados si no se alcanza un acuerdo en el corto plazo. La operaci\u00f3n, denominada \u201cMartillo [&hellip;]<\/p>\n","protected":false},"author":2,"featured_media":171280,"comment_status":"closed","ping_status":"closed","sticky":false,"template":"","format":"standard","meta":{"_monsterinsights_skip_tracking":false,"_monsterinsights_sitenote_active":false,"_monsterinsights_sitenote_note":"","_monsterinsights_sitenote_category":0,"footnotes":""},"categories":[44],"tags":[],"class_list":["post-171279","post","type-post","status-publish","format-standard","has-post-thumbnail","hentry","category-internacional","post--single"],"yoast_head":"<!-- This site is optimized with the Yoast SEO plugin v27.5 - https:\/\/yoast.com\/product\/yoast-seo-wordpress\/ -->\n<title>Trump advierte a Ir\u00e1n: \u201celijan la paz o enfrentar\u00e1n consecuencias m\u00e1s severas\u201d - Canal 7 SLP - 2025<\/title>\n<meta name=\"robots\" content=\"index, follow, max-snippet:-1, max-image-preview:large, max-video-preview:-1\" \/>\n<link rel=\"canonical\" href=\"https:\/\/canal7slp.tv\/2025\/trump-advierte-a-iran-elijan-la-paz-o-enfrentaran-consecuencias-mas-severas\/\" \/>\n<meta property=\"og:locale\" content=\"es_ES\" \/>\n<meta property=\"og:type\" content=\"article\" \/>\n<meta property=\"og:title\" content=\"Trump advierte a Ir\u00e1n: \u201celijan la paz o enfrentar\u00e1n consecuencias m\u00e1s severas\u201d - Canal 7 SLP - 2025\" \/>\n<meta property=\"og:description\" content=\"EUA.- El presidente de Estados Unidos, Donald Trump, advirti\u00f3 que Ir\u00e1n debe optar por la paz o enfrentar represalias a\u00fan m\u00e1s duras, tras el ataque a\u00e9reo llevado a cabo el s\u00e1bado contra tres instalaciones nucleares en territorio iran\u00ed. En un mensaje desde la Casa Blanca, Trump asegur\u00f3 que las instalaciones de Fordow, Natanz e Isfah\u00e1n fueron completamente destruidas, calificando la operaci\u00f3n como un \u00ab\u00e9xito militar sin precedentes\u00bb. Acompa\u00f1ado por altos funcionarios de su administraci\u00f3n, el mandatario destac\u00f3 que a\u00fan quedan otros objetivos que podr\u00edan ser atacados si no se alcanza un acuerdo en el corto plazo. La operaci\u00f3n, denominada \u201cMartillo [&hellip;]\" \/>\n<meta property=\"og:url\" content=\"https:\/\/canal7slp.tv\/2025\/trump-advierte-a-iran-elijan-la-paz-o-enfrentaran-consecuencias-mas-severas\/\" \/>\n<meta property=\"og:site_name\" content=\"Canal 7 SLP - 2025\" \/>\n<meta property=\"article:publisher\" content=\"https:\/\/www.facebook.com\/noticieroscanal7atencionciudadana\/\" \/>\n<meta property=\"article:published_time\" content=\"2025-06-22T18:05:43+00:00\" \/>\n<meta property=\"og:image\" content=\"https:\/\/canal7slp.tv\/2025\/wp-content\/uploads\/2025\/06\/03-21.jpg\" \/>\n\t<meta property=\"og:image:width\" content=\"680\" \/>\n\t<meta property=\"og:image:height\" content=\"410\" \/>\n\t<meta property=\"og:image:type\" content=\"image\/jpeg\" \/>\n<meta name=\"author\" content=\"Edici\u00f3n Web\" \/>\n<meta name=\"twitter:card\" content=\"summary_large_image\" \/>\n<meta name=\"twitter:creator\" content=\"@NOTICIEROS7\" \/>\n<meta name=\"twitter:site\" content=\"@NOTICIEROS7\" \/>\n<meta name=\"twitter:label1\" content=\"Escrito por\" \/>\n\t<meta name=\"twitter:data1\" content=\"Edici\u00f3n Web\" \/>\n\t<meta name=\"twitter:label2\" content=\"Tiempo de lectura\" \/>\n\t<meta name=\"twitter:data2\" content=\"2 minutos\" \/>\n<script type=\"application\/ld+json\" class=\"yoast-schema-graph\">{\"@context\":\"https:\\\/\\\/schema.org\",\"@graph\":[{\"@type\":\"Article\",\"@id\":\"https:\\\/\\\/canal7slp.tv\\\/2025\\\/trump-advierte-a-iran-elijan-la-paz-o-enfrentaran-consecuencias-mas-severas\\\/#article\",\"isPartOf\":{\"@id\":\"https:\\\/\\\/canal7slp.tv\\\/2025\\\/trump-advierte-a-iran-elijan-la-paz-o-enfrentaran-consecuencias-mas-severas\\\/\"},\"author\":{\"name\":\"Edici\u00f3n Web\",\"@id\":\"https:\\\/\\\/canal7slp.tv\\\/2025\\\/#\\\/schema\\\/person\\\/271e2b60a96e7cc9d9ac296f4d7e414b\"},\"headline\":\"Trump advierte a Ir\u00e1n: \u201celijan la paz o enfrentar\u00e1n consecuencias m\u00e1s severas\u201d\",\"datePublished\":\"2025-06-22T18:05:43+00:00\",\"mainEntityOfPage\":{\"@id\":\"https:\\\/\\\/canal7slp.tv\\\/2025\\\/trump-advierte-a-iran-elijan-la-paz-o-enfrentaran-consecuencias-mas-severas\\\/\"},\"wordCount\":347,\"publisher\":{\"@id\":\"https:\\\/\\\/canal7slp.tv\\\/2025\\\/#organization\"},\"image\":{\"@id\":\"https:\\\/\\\/canal7slp.tv\\\/2025\\\/trump-advierte-a-iran-elijan-la-paz-o-enfrentaran-consecuencias-mas-severas\\\/#primaryimage\"},\"thumbnailUrl\":\"https:\\\/\\\/canal7slp.tv\\\/2025\\\/wp-content\\\/uploads\\\/2025\\\/06\\\/03-21.jpg\",\"articleSection\":[\"INTERNACIONALES\"],\"inLanguage\":\"es\"},{\"@type\":\"WebPage\",\"@id\":\"https:\\\/\\\/canal7slp.tv\\\/2025\\\/trump-advierte-a-iran-elijan-la-paz-o-enfrentaran-consecuencias-mas-severas\\\/\",\"url\":\"https:\\\/\\\/canal7slp.tv\\\/2025\\\/trump-advierte-a-iran-elijan-la-paz-o-enfrentaran-consecuencias-mas-severas\\\/\",\"name\":\"Trump advierte a Ir\u00e1n: \u201celijan la paz o enfrentar\u00e1n consecuencias m\u00e1s severas\u201d - Canal 7 SLP - 2025\",\"isPartOf\":{\"@id\":\"https:\\\/\\\/canal7slp.tv\\\/2025\\\/#website\"},\"primaryImageOfPage\":{\"@id\":\"https:\\\/\\\/canal7slp.tv\\\/2025\\\/trump-advierte-a-iran-elijan-la-paz-o-enfrentaran-consecuencias-mas-severas\\\/#primaryimage\"},\"image\":{\"@id\":\"https:\\\/\\\/canal7slp.tv\\\/2025\\\/trump-advierte-a-iran-elijan-la-paz-o-enfrentaran-consecuencias-mas-severas\\\/#primaryimage\"},\"thumbnailUrl\":\"https:\\\/\\\/canal7slp.tv\\\/2025\\\/wp-content\\\/uploads\\\/2025\\\/06\\\/03-21.jpg\",\"datePublished\":\"2025-06-22T18:05:43+00:00\",\"breadcrumb\":{\"@id\":\"https:\\\/\\\/canal7slp.tv\\\/2025\\\/trump-advierte-a-iran-elijan-la-paz-o-enfrentaran-consecuencias-mas-severas\\\/#breadcrumb\"},\"inLanguage\":\"es\",\"potentialAction\":[{\"@type\":\"ReadAction\",\"target\":[\"https:\\\/\\\/canal7slp.tv\\\/2025\\\/trump-advierte-a-iran-elijan-la-paz-o-enfrentaran-consecuencias-mas-severas\\\/\"]}]},{\"@type\":\"ImageObject\",\"inLanguage\":\"es\",\"@id\":\"https:\\\/\\\/canal7slp.tv\\\/2025\\\/trump-advierte-a-iran-elijan-la-paz-o-enfrentaran-consecuencias-mas-severas\\\/#primaryimage\",\"url\":\"https:\\\/\\\/canal7slp.tv\\\/2025\\\/wp-content\\\/uploads\\\/2025\\\/06\\\/03-21.jpg\",\"contentUrl\":\"https:\\\/\\\/canal7slp.tv\\\/2025\\\/wp-content\\\/uploads\\\/2025\\\/06\\\/03-21.jpg\",\"width\":680,\"height\":410},{\"@type\":\"BreadcrumbList\",\"@id\":\"https:\\\/\\\/canal7slp.tv\\\/2025\\\/trump-advierte-a-iran-elijan-la-paz-o-enfrentaran-consecuencias-mas-severas\\\/#breadcrumb\",\"itemListElement\":[{\"@type\":\"ListItem\",\"position\":1,\"name\":\"Portada\",\"item\":\"https:\\\/\\\/canal7slp.tv\\\/2025\\\/\"},{\"@type\":\"ListItem\",\"position\":2,\"name\":\"Trump advierte a Ir\u00e1n: \u201celijan la paz o enfrentar\u00e1n consecuencias m\u00e1s severas\u201d\"}]},{\"@type\":\"WebSite\",\"@id\":\"https:\\\/\\\/canal7slp.tv\\\/2025\\\/#website\",\"url\":\"https:\\\/\\\/canal7slp.tv\\\/2025\\\/\",\"name\":\"N7 - Noticieros Canal 7\",\"description\":\"Somos el Medio\",\"publisher\":{\"@id\":\"https:\\\/\\\/canal7slp.tv\\\/2025\\\/#organization\"},\"potentialAction\":[{\"@type\":\"SearchAction\",\"target\":{\"@type\":\"EntryPoint\",\"urlTemplate\":\"https:\\\/\\\/canal7slp.tv\\\/2025\\\/?s={search_term_string}\"},\"query-input\":{\"@type\":\"PropertyValueSpecification\",\"valueRequired\":true,\"valueName\":\"search_term_string\"}}],\"inLanguage\":\"es\"},{\"@type\":\"Organization\",\"@id\":\"https:\\\/\\\/canal7slp.tv\\\/2025\\\/#organization\",\"name\":\"Noticieros Canal 7\",\"url\":\"https:\\\/\\\/canal7slp.tv\\\/2025\\\/\",\"logo\":{\"@type\":\"ImageObject\",\"inLanguage\":\"es\",\"@id\":\"https:\\\/\\\/canal7slp.tv\\\/2025\\\/#\\\/schema\\\/logo\\\/image\\\/\",\"url\":\"https:\\\/\\\/canal7slp.tv\\\/2025\\\/wp-content\\\/uploads\\\/2021\\\/01\\\/logo-noticieros@2x.png\",\"contentUrl\":\"https:\\\/\\\/canal7slp.tv\\\/2025\\\/wp-content\\\/uploads\\\/2021\\\/01\\\/logo-noticieros@2x.png\",\"width\":1017,\"height\":268,\"caption\":\"Noticieros Canal 7\"},\"image\":{\"@id\":\"https:\\\/\\\/canal7slp.tv\\\/2025\\\/#\\\/schema\\\/logo\\\/image\\\/\"},\"sameAs\":[\"https:\\\/\\\/www.facebook.com\\\/noticieroscanal7atencionciudadana\\\/\",\"https:\\\/\\\/x.com\\\/NOTICIEROS7\",\"https:\\\/\\\/www.instagram.com\\\/canal7_slp\",\"https:\\\/\\\/www.youtube.com\\\/channel\\\/UCliiYs-gP3JfJeqdPrNdd5A\"]},{\"@type\":\"Person\",\"@id\":\"https:\\\/\\\/canal7slp.tv\\\/2025\\\/#\\\/schema\\\/person\\\/271e2b60a96e7cc9d9ac296f4d7e414b\",\"name\":\"Edici\u00f3n Web\",\"image\":{\"@type\":\"ImageObject\",\"inLanguage\":\"es\",\"@id\":\"https:\\\/\\\/secure.gravatar.com\\\/avatar\\\/eee448fc3f7164808013b816ba91ac7e43bbe82a70bebac296f8bc6f0addaa1a?s=96&d=mm&r=g\",\"url\":\"https:\\\/\\\/secure.gravatar.com\\\/avatar\\\/eee448fc3f7164808013b816ba91ac7e43bbe82a70bebac296f8bc6f0addaa1a?s=96&d=mm&r=g\",\"contentUrl\":\"https:\\\/\\\/secure.gravatar.com\\\/avatar\\\/eee448fc3f7164808013b816ba91ac7e43bbe82a70bebac296f8bc6f0addaa1a?s=96&d=mm&r=g\",\"caption\":\"Edici\u00f3n Web\"},\"url\":\"https:\\\/\\\/canal7slp.tv\\\/2025\\\/author\\\/edicionweb\\\/\"}]}<\/script>\n<!-- \/ Yoast SEO plugin. -->","yoast_head_json":{"title":"Trump advierte a Ir\u00e1n: \u201celijan la paz o enfrentar\u00e1n consecuencias m\u00e1s severas\u201d - Canal 7 SLP - 2025","robots":{"index":"index","follow":"follow","max-snippet":"max-snippet:-1","max-image-preview":"max-image-preview:large","max-video-preview":"max-video-preview:-1"},"canonical":"https:\/\/canal7slp.tv\/2025\/trump-advierte-a-iran-elijan-la-paz-o-enfrentaran-consecuencias-mas-severas\/","og_locale":"es_ES","og_type":"article","og_title":"Trump advierte a Ir\u00e1n: \u201celijan la paz o enfrentar\u00e1n consecuencias m\u00e1s severas\u201d - Canal 7 SLP - 2025","og_description":"EUA.- El presidente de Estados Unidos, Donald Trump, advirti\u00f3 que Ir\u00e1n debe optar por la paz o enfrentar represalias a\u00fan m\u00e1s duras, tras el ataque a\u00e9reo llevado a cabo el s\u00e1bado contra tres instalaciones nucleares en territorio iran\u00ed. En un mensaje desde la Casa Blanca, Trump asegur\u00f3 que las instalaciones de Fordow, Natanz e Isfah\u00e1n fueron completamente destruidas, calificando la operaci\u00f3n como un \u00ab\u00e9xito militar sin precedentes\u00bb. Acompa\u00f1ado por altos funcionarios de su administraci\u00f3n, el mandatario destac\u00f3 que a\u00fan quedan otros objetivos que podr\u00edan ser atacados si no se alcanza un acuerdo en el corto plazo. La operaci\u00f3n, denominada \u201cMartillo [&hellip;]","og_url":"https:\/\/canal7slp.tv\/2025\/trump-advierte-a-iran-elijan-la-paz-o-enfrentaran-consecuencias-mas-severas\/","og_site_name":"Canal 7 SLP - 2025","article_publisher":"https:\/\/www.facebook.com\/noticieroscanal7atencionciudadana\/","article_published_time":"2025-06-22T18:05:43+00:00","og_image":[{"width":680,"height":410,"url":"https:\/\/canal7slp.tv\/2025\/wp-content\/uploads\/2025\/06\/03-21.jpg","type":"image\/jpeg"}],"author":"Edici\u00f3n Web","twitter_card":"summary_large_image","twitter_creator":"@NOTICIEROS7","twitter_site":"@NOTICIEROS7","twitter_misc":{"Escrito por":"Edici\u00f3n Web","Tiempo de lectura":"2 minutos"},"schema":{"@context":"https:\/\/schema.org","@graph":[{"@type":"Article","@id":"https:\/\/canal7slp.tv\/2025\/trump-advierte-a-iran-elijan-la-paz-o-enfrentaran-consecuencias-mas-severas\/#article","isPartOf":{"@id":"https:\/\/canal7slp.tv\/2025\/trump-advierte-a-iran-elijan-la-paz-o-enfrentaran-consecuencias-mas-severas\/"},"author":{"name":"Edici\u00f3n Web","@id":"https:\/\/canal7slp.tv\/2025\/#\/schema\/person\/271e2b60a96e7cc9d9ac296f4d7e414b"},"headline":"Trump advierte a Ir\u00e1n: \u201celijan la paz o enfrentar\u00e1n consecuencias m\u00e1s severas\u201d","datePublished":"2025-06-22T18:05:43+00:00","mainEntityOfPage":{"@id":"https:\/\/canal7slp.tv\/2025\/trump-advierte-a-iran-elijan-la-paz-o-enfrentaran-consecuencias-mas-severas\/"},"wordCount":347,"publisher":{"@id":"https:\/\/canal7slp.tv\/2025\/#organization"},"image":{"@id":"https:\/\/canal7slp.tv\/2025\/trump-advierte-a-iran-elijan-la-paz-o-enfrentaran-consecuencias-mas-severas\/#primaryimage"},"thumbnailUrl":"https:\/\/canal7slp.tv\/2025\/wp-content\/uploads\/2025\/06\/03-21.jpg","articleSection":["INTERNACIONALES"],"inLanguage":"es"},{"@type":"WebPage","@id":"https:\/\/canal7slp.tv\/2025\/trump-advierte-a-iran-elijan-la-paz-o-enfrentaran-consecuencias-mas-severas\/","url":"https:\/\/canal7slp.tv\/2025\/trump-advierte-a-iran-elijan-la-paz-o-enfrentaran-consecuencias-mas-severas\/","name":"Trump advierte a Ir\u00e1n: \u201celijan la paz o enfrentar\u00e1n consecuencias m\u00e1s severas\u201d - Canal 7 SLP - 2025","isPartOf":{"@id":"https:\/\/canal7slp.tv\/2025\/#website"},"primaryImageOfPage":{"@id":"https:\/\/canal7slp.tv\/2025\/trump-advierte-a-iran-elijan-la-paz-o-enfrentaran-consecuencias-mas-severas\/#primaryimage"},"image":{"@id":"https:\/\/canal7slp.tv\/2025\/trump-advierte-a-iran-elijan-la-paz-o-enfrentaran-consecuencias-mas-severas\/#primaryimage"},"thumbnailUrl":"https:\/\/canal7slp.tv\/2025\/wp-content\/uploads\/2025\/06\/03-21.jpg","datePublished":"2025-06-22T18:05:43+00:00","breadcrumb":{"@id":"https:\/\/canal7slp.tv\/2025\/trump-advierte-a-iran-elijan-la-paz-o-enfrentaran-consecuencias-mas-severas\/#breadcrumb"},"inLanguage":"es","potentialAction":[{"@type":"ReadAction","target":["https:\/\/canal7slp.tv\/2025\/trump-advierte-a-iran-elijan-la-paz-o-enfrentaran-consecuencias-mas-severas\/"]}]},{"@type":"ImageObject","inLanguage":"es","@id":"https:\/\/canal7slp.tv\/2025\/trump-advierte-a-iran-elijan-la-paz-o-enfrentaran-consecuencias-mas-severas\/#primaryimage","url":"https:\/\/canal7slp.tv\/2025\/wp-content\/uploads\/2025\/06\/03-21.jpg","contentUrl":"https:\/\/canal7slp.tv\/2025\/wp-content\/uploads\/2025\/06\/03-21.jpg","width":680,"height":410},{"@type":"BreadcrumbList","@id":"https:\/\/canal7slp.tv\/2025\/trump-advierte-a-iran-elijan-la-paz-o-enfrentaran-consecuencias-mas-severas\/#breadcrumb","itemListElement":[{"@type":"ListItem","position":1,"name":"Portada","item":"https:\/\/canal7slp.tv\/2025\/"},{"@type":"ListItem","position":2,"name":"Trump advierte a Ir\u00e1n: \u201celijan la paz o enfrentar\u00e1n consecuencias m\u00e1s severas\u201d"}]},{"@type":"WebSite","@id":"https:\/\/canal7slp.tv\/2025\/#website","url":"https:\/\/canal7slp.tv\/2025\/","name":"N7 - Noticieros Canal 7","description":"Somos el Medio","publisher":{"@id":"https:\/\/canal7slp.tv\/2025\/#organization"},"potentialAction":[{"@type":"SearchAction","target":{"@type":"EntryPoint","urlTemplate":"https:\/\/canal7slp.tv\/2025\/?s={search_term_string}"},"query-input":{"@type":"PropertyValueSpecification","valueRequired":true,"valueName":"search_term_string"}}],"inLanguage":"es"},{"@type":"Organization","@id":"https:\/\/canal7slp.tv\/2025\/#organization","name":"Noticieros Canal 7","url":"https:\/\/canal7slp.tv\/2025\/","logo":{"@type":"ImageObject","inLanguage":"es","@id":"https:\/\/canal7slp.tv\/2025\/#\/schema\/logo\/image\/","url":"https:\/\/canal7slp.tv\/2025\/wp-content\/uploads\/2021\/01\/logo-noticieros@2x.png","contentUrl":"https:\/\/canal7slp.tv\/2025\/wp-content\/uploads\/2021\/01\/logo-noticieros@2x.png","width":1017,"height":268,"caption":"Noticieros Canal 7"},"image":{"@id":"https:\/\/canal7slp.tv\/2025\/#\/schema\/logo\/image\/"},"sameAs":["https:\/\/www.facebook.com\/noticieroscanal7atencionciudadana\/","https:\/\/x.com\/NOTICIEROS7","https:\/\/www.instagram.com\/canal7_slp","https:\/\/www.youtube.com\/channel\/UCliiYs-gP3JfJeqdPrNdd5A"]},{"@type":"Person","@id":"https:\/\/canal7slp.tv\/2025\/#\/schema\/person\/271e2b60a96e7cc9d9ac296f4d7e414b","name":"Edici\u00f3n Web","image":{"@type":"ImageObject","inLanguage":"es","@id":"https:\/\/secure.gravatar.com\/avatar\/eee448fc3f7164808013b816ba91ac7e43bbe82a70bebac296f8bc6f0addaa1a?s=96&d=mm&r=g","url":"https:\/\/secure.gravatar.com\/avatar\/eee448fc3f7164808013b816ba91ac7e43bbe82a70bebac296f8bc6f0addaa1a?s=96&d=mm&r=g","contentUrl":"https:\/\/secure.gravatar.com\/avatar\/eee448fc3f7164808013b816ba91ac7e43bbe82a70bebac296f8bc6f0addaa1a?s=96&d=mm&r=g","caption":"Edici\u00f3n Web"},"url":"https:\/\/canal7slp.tv\/2025\/author\/edicionweb\/"}]}},"_links":{"self":[{"href":"https:\/\/canal7slp.tv\/2025\/wp-json\/wp\/v2\/posts\/171279","targetHints":{"allow":["GET"]}}],"collection":[{"href":"https:\/\/canal7slp.tv\/2025\/wp-json\/wp\/v2\/posts"}],"about":[{"href":"https:\/\/canal7slp.tv\/2025\/wp-json\/wp\/v2\/types\/post"}],"author":[{"embeddable":true,"href":"https:\/\/canal7slp.tv\/2025\/wp-json\/wp\/v2\/users\/2"}],"replies":[{"embeddable":true,"href":"https:\/\/canal7slp.tv\/2025\/wp-json\/wp\/v2\/comments?post=171279"}],"version-history":[{"count":1,"href":"https:\/\/canal7slp.tv\/2025\/wp-json\/wp\/v2\/posts\/171279\/revisions"}],"predecessor-version":[{"id":171281,"href":"https:\/\/canal7slp.tv\/2025\/wp-json\/wp\/v2\/posts\/171279\/revisions\/171281"}],"wp:featuredmedia":[{"embeddable":true,"href":"https:\/\/canal7slp.tv\/2025\/wp-json\/wp\/v2\/media\/171280"}],"wp:attachment":[{"href":"https:\/\/canal7slp.tv\/2025\/wp-json\/wp\/v2\/media?parent=171279"}],"wp:term":[{"taxonomy":"category","embeddable":true,"href":"https:\/\/canal7slp.tv\/2025\/wp-json\/wp\/v2\/categories?post=171279"},{"taxonomy":"post_tag","embeddable":true,"href":"https:\/\/canal7slp.tv\/2025\/wp-json\/wp\/v2\/tags?post=171279"}],"curies":[{"name":"wp","href":"https:\/\/api.w.org\/{rel}","templated":true}]}}