{"id":171122,"date":"2025-06-20T17:14:02","date_gmt":"2025-06-20T23:14:02","guid":{"rendered":"https:\/\/canal7slp.tv\/2025\/?p=171122"},"modified":"2025-06-20T17:14:02","modified_gmt":"2025-06-20T23:14:02","slug":"alcalde-aseguro-obra-de-paso-a-desnivel-en-el-barrio-del-saucito-la-piden-los-ciudadanos","status":"publish","type":"post","link":"https:\/\/canal7slp.tv\/2025\/alcalde-aseguro-obra-de-paso-a-desnivel-en-el-barrio-del-saucito-la-piden-los-ciudadanos\/","title":{"rendered":"Alcalde asegur\u00f3 obra de paso a desnivel en el barrio del Saucito la piden los ciudadanos"},"content":{"rendered":"<p style=\"text-align: justify;\">SLP.- La poblaci\u00f3n que habita en el barrio del Saucito es la principal interesada en que se realice el paso a desnivel en la Avenida Fray Diego de la Magdalena, as\u00ed lo extern\u00f3 el presidente municipal de San Luis Potos\u00ed, Enrique Galindo Ceballos.<\/p>\n<p style=\"text-align: justify;\">\u201cAntier reparamos ah\u00ed algo y la gente pens\u00f3 que ya est\u00e1bamos haciendo la obra, no, reparamos un drenaje ah\u00ed, estamos terminando las consultas, eso hay que decirlo, yo no me quiero equivocar en el Saucito, quiero terminar las consultas (\u2026) esta semana estuve en el Saucito y la gente com\u00fan, la de a pie, los vecinos del Saucito me dec\u00edan oiga ya no se va a echar para atr\u00e1s, nosotros s\u00ed queremos la obra y tal\u201d.<\/p>\n<p style=\"text-align: justify;\">Acept\u00f3 que tambi\u00e9n es necesario generar un puente vehicular en Villa Magna por lo que se tiene en consideraci\u00f3n.<\/p>\n<p style=\"text-align: justify;\">\u201cCreo que este a\u00f1o vamos a arrancar uno de los dos o Villa Magna o Saucito\u201d.<\/p>\n<p style=\"text-align: justify;\">En el tema de la obra p\u00fablica, destac\u00f3 las metas de la capital.<\/p>\n<p style=\"text-align: justify;\">\u201cNosotros nuestro programa de obras es muy ambicioso y ha alcanzado niveles hist\u00f3ricos y a las pruebas me remito (&#8230;) llevamos m\u00e1s de 186 obras en tres a\u00f1os siete meses, no ha habido una alcald\u00eda que haga el nivel de obras (\u2026) un mill\u00f3n 450 mil metros cuadrados de pavimento al d\u00eda de hoy y adem\u00e1s un ritmo de trabajo muy fuerte (\u2026) son obras totalmente integrales y tambi\u00e9n a las pruebas me remito; drenajes, tomas de agua, banquetas, arbolado, alumbrado y pavimento\u201d.<\/p>\n<p style=\"text-align: justify;\">Se\u00f1al\u00f3 que se buscar\u00e1 crecer de direcci\u00f3n a secretar\u00eda el \u00e1rea de Obras P\u00fablicas.<\/p>\n<p style=\"text-align: justify;\">\u201cSigue el an\u00e1lisis de convertirlo a secretar\u00eda, pero m\u00e1s bien para ampliar su cobertura, seguir no solo en el tema de obra, hay otros servicios que puede hacer una Secretar\u00eda de Obras\u201d.<\/p>\n<p>Por: Juan Carlos Contreras<\/p>\n","protected":false},"excerpt":{"rendered":"<p>SLP.- La poblaci\u00f3n que habita en el barrio del Saucito es la principal interesada en que se realice el paso a desnivel en la Avenida Fray Diego de la Magdalena, as\u00ed lo extern\u00f3 el presidente municipal de San Luis Potos\u00ed, Enrique Galindo Ceballos. \u201cAntier reparamos ah\u00ed algo y la gente pens\u00f3 que ya est\u00e1bamos haciendo la obra, no, reparamos un drenaje ah\u00ed, estamos terminando las consultas, eso hay que decirlo, yo no me quiero equivocar en el Saucito, quiero terminar las consultas (\u2026) esta semana estuve en el Saucito y la gente com\u00fan, la de a pie, los vecinos del [&hellip;]<\/p>\n","protected":false},"author":2,"featured_media":171124,"comment_status":"closed","ping_status":"closed","sticky":false,"template":"","format":"video","meta":{"_monsterinsights_skip_tracking":false,"_monsterinsights_sitenote_active":false,"_monsterinsights_sitenote_note":"","_monsterinsights_sitenote_category":0,"footnotes":""},"categories":[66,5,45],"tags":[],"class_list":["post-171122","post","type-post","status-publish","format-video","has-post-thumbnail","hentry","category-ayoslp","category-destacadas","category-localesyregionales","post_format-post-format-video","post--single"],"yoast_head":"<!-- This site is optimized with the Yoast SEO plugin v27.5 - https:\/\/yoast.com\/product\/yoast-seo-wordpress\/ -->\n<title>Alcalde asegur\u00f3 obra de paso a desnivel en el barrio del Saucito la piden los ciudadanos - Canal 7 SLP - 2025<\/title>\n<meta name=\"robots\" content=\"index, follow, max-snippet:-1, max-image-preview:large, max-video-preview:-1\" \/>\n<link rel=\"canonical\" href=\"https:\/\/canal7slp.tv\/2025\/alcalde-aseguro-obra-de-paso-a-desnivel-en-el-barrio-del-saucito-la-piden-los-ciudadanos\/\" \/>\n<meta property=\"og:locale\" content=\"es_ES\" \/>\n<meta property=\"og:type\" content=\"article\" \/>\n<meta property=\"og:title\" content=\"Alcalde asegur\u00f3 obra de paso a desnivel en el barrio del Saucito la piden los ciudadanos - Canal 7 SLP - 2025\" \/>\n<meta property=\"og:description\" content=\"SLP.- La poblaci\u00f3n que habita en el barrio del Saucito es la principal interesada en que se realice el paso a desnivel en la Avenida Fray Diego de la Magdalena, as\u00ed lo extern\u00f3 el presidente municipal de San Luis Potos\u00ed, Enrique Galindo Ceballos. \u201cAntier reparamos ah\u00ed algo y la gente pens\u00f3 que ya est\u00e1bamos haciendo la obra, no, reparamos un drenaje ah\u00ed, estamos terminando las consultas, eso hay que decirlo, yo no me quiero equivocar en el Saucito, quiero terminar las consultas (\u2026) esta semana estuve en el Saucito y la gente com\u00fan, la de a pie, los vecinos del [&hellip;]\" \/>\n<meta property=\"og:url\" content=\"https:\/\/canal7slp.tv\/2025\/alcalde-aseguro-obra-de-paso-a-desnivel-en-el-barrio-del-saucito-la-piden-los-ciudadanos\/\" \/>\n<meta property=\"og:site_name\" content=\"Canal 7 SLP - 2025\" \/>\n<meta property=\"article:publisher\" content=\"https:\/\/www.facebook.com\/noticieroscanal7atencionciudadana\/\" \/>\n<meta property=\"article:published_time\" content=\"2025-06-20T23:14:02+00:00\" \/>\n<meta property=\"og:image\" content=\"https:\/\/canal7slp.tv\/2025\/wp-content\/uploads\/2025\/06\/Poky05ObraSaucito.jpg\" \/>\n\t<meta property=\"og:image:width\" content=\"1280\" \/>\n\t<meta property=\"og:image:height\" content=\"720\" \/>\n\t<meta property=\"og:image:type\" content=\"image\/jpeg\" \/>\n<meta name=\"author\" content=\"Edici\u00f3n Web\" \/>\n<meta name=\"twitter:card\" content=\"summary_large_image\" \/>\n<meta name=\"twitter:creator\" content=\"@NOTICIEROS7\" \/>\n<meta name=\"twitter:site\" content=\"@NOTICIEROS7\" \/>\n<meta name=\"twitter:label1\" content=\"Escrito por\" \/>\n\t<meta name=\"twitter:data1\" content=\"Edici\u00f3n Web\" \/>\n\t<meta name=\"twitter:label2\" content=\"Tiempo de lectura\" \/>\n\t<meta name=\"twitter:data2\" content=\"2 minutos\" \/>\n<script type=\"application\/ld+json\" class=\"yoast-schema-graph\">{\"@context\":\"https:\\\/\\\/schema.org\",\"@graph\":[{\"@type\":\"Article\",\"@id\":\"https:\\\/\\\/canal7slp.tv\\\/2025\\\/alcalde-aseguro-obra-de-paso-a-desnivel-en-el-barrio-del-saucito-la-piden-los-ciudadanos\\\/#article\",\"isPartOf\":{\"@id\":\"https:\\\/\\\/canal7slp.tv\\\/2025\\\/alcalde-aseguro-obra-de-paso-a-desnivel-en-el-barrio-del-saucito-la-piden-los-ciudadanos\\\/\"},\"author\":{\"name\":\"Edici\u00f3n Web\",\"@id\":\"https:\\\/\\\/canal7slp.tv\\\/2025\\\/#\\\/schema\\\/person\\\/271e2b60a96e7cc9d9ac296f4d7e414b\"},\"headline\":\"Alcalde asegur\u00f3 obra de paso a desnivel en el barrio del Saucito la piden los ciudadanos\",\"datePublished\":\"2025-06-20T23:14:02+00:00\",\"mainEntityOfPage\":{\"@id\":\"https:\\\/\\\/canal7slp.tv\\\/2025\\\/alcalde-aseguro-obra-de-paso-a-desnivel-en-el-barrio-del-saucito-la-piden-los-ciudadanos\\\/\"},\"wordCount\":336,\"publisher\":{\"@id\":\"https:\\\/\\\/canal7slp.tv\\\/2025\\\/#organization\"},\"image\":{\"@id\":\"https:\\\/\\\/canal7slp.tv\\\/2025\\\/alcalde-aseguro-obra-de-paso-a-desnivel-en-el-barrio-del-saucito-la-piden-los-ciudadanos\\\/#primaryimage\"},\"thumbnailUrl\":\"https:\\\/\\\/canal7slp.tv\\\/2025\\\/wp-content\\\/uploads\\\/2025\\\/06\\\/Poky05ObraSaucito.jpg\",\"articleSection\":[\"AYOSLP\",\"DESTACADAS\",\"LOCALES Y REGIONALES\"],\"inLanguage\":\"es\"},{\"@type\":\"WebPage\",\"@id\":\"https:\\\/\\\/canal7slp.tv\\\/2025\\\/alcalde-aseguro-obra-de-paso-a-desnivel-en-el-barrio-del-saucito-la-piden-los-ciudadanos\\\/\",\"url\":\"https:\\\/\\\/canal7slp.tv\\\/2025\\\/alcalde-aseguro-obra-de-paso-a-desnivel-en-el-barrio-del-saucito-la-piden-los-ciudadanos\\\/\",\"name\":\"Alcalde asegur\u00f3 obra de paso a desnivel en el barrio del Saucito la piden los ciudadanos - Canal 7 SLP - 2025\",\"isPartOf\":{\"@id\":\"https:\\\/\\\/canal7slp.tv\\\/2025\\\/#website\"},\"primaryImageOfPage\":{\"@id\":\"https:\\\/\\\/canal7slp.tv\\\/2025\\\/alcalde-aseguro-obra-de-paso-a-desnivel-en-el-barrio-del-saucito-la-piden-los-ciudadanos\\\/#primaryimage\"},\"image\":{\"@id\":\"https:\\\/\\\/canal7slp.tv\\\/2025\\\/alcalde-aseguro-obra-de-paso-a-desnivel-en-el-barrio-del-saucito-la-piden-los-ciudadanos\\\/#primaryimage\"},\"thumbnailUrl\":\"https:\\\/\\\/canal7slp.tv\\\/2025\\\/wp-content\\\/uploads\\\/2025\\\/06\\\/Poky05ObraSaucito.jpg\",\"datePublished\":\"2025-06-20T23:14:02+00:00\",\"breadcrumb\":{\"@id\":\"https:\\\/\\\/canal7slp.tv\\\/2025\\\/alcalde-aseguro-obra-de-paso-a-desnivel-en-el-barrio-del-saucito-la-piden-los-ciudadanos\\\/#breadcrumb\"},\"inLanguage\":\"es\",\"potentialAction\":[{\"@type\":\"ReadAction\",\"target\":[\"https:\\\/\\\/canal7slp.tv\\\/2025\\\/alcalde-aseguro-obra-de-paso-a-desnivel-en-el-barrio-del-saucito-la-piden-los-ciudadanos\\\/\"]}]},{\"@type\":\"ImageObject\",\"inLanguage\":\"es\",\"@id\":\"https:\\\/\\\/canal7slp.tv\\\/2025\\\/alcalde-aseguro-obra-de-paso-a-desnivel-en-el-barrio-del-saucito-la-piden-los-ciudadanos\\\/#primaryimage\",\"url\":\"https:\\\/\\\/canal7slp.tv\\\/2025\\\/wp-content\\\/uploads\\\/2025\\\/06\\\/Poky05ObraSaucito.jpg\",\"contentUrl\":\"https:\\\/\\\/canal7slp.tv\\\/2025\\\/wp-content\\\/uploads\\\/2025\\\/06\\\/Poky05ObraSaucito.jpg\",\"width\":1280,\"height\":720},{\"@type\":\"BreadcrumbList\",\"@id\":\"https:\\\/\\\/canal7slp.tv\\\/2025\\\/alcalde-aseguro-obra-de-paso-a-desnivel-en-el-barrio-del-saucito-la-piden-los-ciudadanos\\\/#breadcrumb\",\"itemListElement\":[{\"@type\":\"ListItem\",\"position\":1,\"name\":\"Portada\",\"item\":\"https:\\\/\\\/canal7slp.tv\\\/2025\\\/\"},{\"@type\":\"ListItem\",\"position\":2,\"name\":\"Alcalde asegur\u00f3 obra de paso a desnivel en el barrio del Saucito la piden los ciudadanos\"}]},{\"@type\":\"WebSite\",\"@id\":\"https:\\\/\\\/canal7slp.tv\\\/2025\\\/#website\",\"url\":\"https:\\\/\\\/canal7slp.tv\\\/2025\\\/\",\"name\":\"N7 - Noticieros Canal 7\",\"description\":\"Somos el Medio\",\"publisher\":{\"@id\":\"https:\\\/\\\/canal7slp.tv\\\/2025\\\/#organization\"},\"potentialAction\":[{\"@type\":\"SearchAction\",\"target\":{\"@type\":\"EntryPoint\",\"urlTemplate\":\"https:\\\/\\\/canal7slp.tv\\\/2025\\\/?s={search_term_string}\"},\"query-input\":{\"@type\":\"PropertyValueSpecification\",\"valueRequired\":true,\"valueName\":\"search_term_string\"}}],\"inLanguage\":\"es\"},{\"@type\":\"Organization\",\"@id\":\"https:\\\/\\\/canal7slp.tv\\\/2025\\\/#organization\",\"name\":\"Noticieros Canal 7\",\"url\":\"https:\\\/\\\/canal7slp.tv\\\/2025\\\/\",\"logo\":{\"@type\":\"ImageObject\",\"inLanguage\":\"es\",\"@id\":\"https:\\\/\\\/canal7slp.tv\\\/2025\\\/#\\\/schema\\\/logo\\\/image\\\/\",\"url\":\"https:\\\/\\\/canal7slp.tv\\\/2025\\\/wp-content\\\/uploads\\\/2021\\\/01\\\/logo-noticieros@2x.png\",\"contentUrl\":\"https:\\\/\\\/canal7slp.tv\\\/2025\\\/wp-content\\\/uploads\\\/2021\\\/01\\\/logo-noticieros@2x.png\",\"width\":1017,\"height\":268,\"caption\":\"Noticieros Canal 7\"},\"image\":{\"@id\":\"https:\\\/\\\/canal7slp.tv\\\/2025\\\/#\\\/schema\\\/logo\\\/image\\\/\"},\"sameAs\":[\"https:\\\/\\\/www.facebook.com\\\/noticieroscanal7atencionciudadana\\\/\",\"https:\\\/\\\/x.com\\\/NOTICIEROS7\",\"https:\\\/\\\/www.instagram.com\\\/canal7_slp\",\"https:\\\/\\\/www.youtube.com\\\/channel\\\/UCliiYs-gP3JfJeqdPrNdd5A\"]},{\"@type\":\"Person\",\"@id\":\"https:\\\/\\\/canal7slp.tv\\\/2025\\\/#\\\/schema\\\/person\\\/271e2b60a96e7cc9d9ac296f4d7e414b\",\"name\":\"Edici\u00f3n Web\",\"image\":{\"@type\":\"ImageObject\",\"inLanguage\":\"es\",\"@id\":\"https:\\\/\\\/secure.gravatar.com\\\/avatar\\\/eee448fc3f7164808013b816ba91ac7e43bbe82a70bebac296f8bc6f0addaa1a?s=96&d=mm&r=g\",\"url\":\"https:\\\/\\\/secure.gravatar.com\\\/avatar\\\/eee448fc3f7164808013b816ba91ac7e43bbe82a70bebac296f8bc6f0addaa1a?s=96&d=mm&r=g\",\"contentUrl\":\"https:\\\/\\\/secure.gravatar.com\\\/avatar\\\/eee448fc3f7164808013b816ba91ac7e43bbe82a70bebac296f8bc6f0addaa1a?s=96&d=mm&r=g\",\"caption\":\"Edici\u00f3n Web\"},\"url\":\"https:\\\/\\\/canal7slp.tv\\\/2025\\\/author\\\/edicionweb\\\/\"}]}<\/script>\n<!-- \/ Yoast SEO plugin. -->","yoast_head_json":{"title":"Alcalde asegur\u00f3 obra de paso a desnivel en el barrio del Saucito la piden los ciudadanos - Canal 7 SLP - 2025","robots":{"index":"index","follow":"follow","max-snippet":"max-snippet:-1","max-image-preview":"max-image-preview:large","max-video-preview":"max-video-preview:-1"},"canonical":"https:\/\/canal7slp.tv\/2025\/alcalde-aseguro-obra-de-paso-a-desnivel-en-el-barrio-del-saucito-la-piden-los-ciudadanos\/","og_locale":"es_ES","og_type":"article","og_title":"Alcalde asegur\u00f3 obra de paso a desnivel en el barrio del Saucito la piden los ciudadanos - Canal 7 SLP - 2025","og_description":"SLP.- La poblaci\u00f3n que habita en el barrio del Saucito es la principal interesada en que se realice el paso a desnivel en la Avenida Fray Diego de la Magdalena, as\u00ed lo extern\u00f3 el presidente municipal de San Luis Potos\u00ed, Enrique Galindo Ceballos. \u201cAntier reparamos ah\u00ed algo y la gente pens\u00f3 que ya est\u00e1bamos haciendo la obra, no, reparamos un drenaje ah\u00ed, estamos terminando las consultas, eso hay que decirlo, yo no me quiero equivocar en el Saucito, quiero terminar las consultas (\u2026) esta semana estuve en el Saucito y la gente com\u00fan, la de a pie, los vecinos del [&hellip;]","og_url":"https:\/\/canal7slp.tv\/2025\/alcalde-aseguro-obra-de-paso-a-desnivel-en-el-barrio-del-saucito-la-piden-los-ciudadanos\/","og_site_name":"Canal 7 SLP - 2025","article_publisher":"https:\/\/www.facebook.com\/noticieroscanal7atencionciudadana\/","article_published_time":"2025-06-20T23:14:02+00:00","og_image":[{"width":1280,"height":720,"url":"https:\/\/canal7slp.tv\/2025\/wp-content\/uploads\/2025\/06\/Poky05ObraSaucito.jpg","type":"image\/jpeg"}],"author":"Edici\u00f3n Web","twitter_card":"summary_large_image","twitter_creator":"@NOTICIEROS7","twitter_site":"@NOTICIEROS7","twitter_misc":{"Escrito por":"Edici\u00f3n Web","Tiempo de lectura":"2 minutos"},"schema":{"@context":"https:\/\/schema.org","@graph":[{"@type":"Article","@id":"https:\/\/canal7slp.tv\/2025\/alcalde-aseguro-obra-de-paso-a-desnivel-en-el-barrio-del-saucito-la-piden-los-ciudadanos\/#article","isPartOf":{"@id":"https:\/\/canal7slp.tv\/2025\/alcalde-aseguro-obra-de-paso-a-desnivel-en-el-barrio-del-saucito-la-piden-los-ciudadanos\/"},"author":{"name":"Edici\u00f3n Web","@id":"https:\/\/canal7slp.tv\/2025\/#\/schema\/person\/271e2b60a96e7cc9d9ac296f4d7e414b"},"headline":"Alcalde asegur\u00f3 obra de paso a desnivel en el barrio del Saucito la piden los ciudadanos","datePublished":"2025-06-20T23:14:02+00:00","mainEntityOfPage":{"@id":"https:\/\/canal7slp.tv\/2025\/alcalde-aseguro-obra-de-paso-a-desnivel-en-el-barrio-del-saucito-la-piden-los-ciudadanos\/"},"wordCount":336,"publisher":{"@id":"https:\/\/canal7slp.tv\/2025\/#organization"},"image":{"@id":"https:\/\/canal7slp.tv\/2025\/alcalde-aseguro-obra-de-paso-a-desnivel-en-el-barrio-del-saucito-la-piden-los-ciudadanos\/#primaryimage"},"thumbnailUrl":"https:\/\/canal7slp.tv\/2025\/wp-content\/uploads\/2025\/06\/Poky05ObraSaucito.jpg","articleSection":["AYOSLP","DESTACADAS","LOCALES Y REGIONALES"],"inLanguage":"es"},{"@type":"WebPage","@id":"https:\/\/canal7slp.tv\/2025\/alcalde-aseguro-obra-de-paso-a-desnivel-en-el-barrio-del-saucito-la-piden-los-ciudadanos\/","url":"https:\/\/canal7slp.tv\/2025\/alcalde-aseguro-obra-de-paso-a-desnivel-en-el-barrio-del-saucito-la-piden-los-ciudadanos\/","name":"Alcalde asegur\u00f3 obra de paso a desnivel en el barrio del Saucito la piden los ciudadanos - Canal 7 SLP - 2025","isPartOf":{"@id":"https:\/\/canal7slp.tv\/2025\/#website"},"primaryImageOfPage":{"@id":"https:\/\/canal7slp.tv\/2025\/alcalde-aseguro-obra-de-paso-a-desnivel-en-el-barrio-del-saucito-la-piden-los-ciudadanos\/#primaryimage"},"image":{"@id":"https:\/\/canal7slp.tv\/2025\/alcalde-aseguro-obra-de-paso-a-desnivel-en-el-barrio-del-saucito-la-piden-los-ciudadanos\/#primaryimage"},"thumbnailUrl":"https:\/\/canal7slp.tv\/2025\/wp-content\/uploads\/2025\/06\/Poky05ObraSaucito.jpg","datePublished":"2025-06-20T23:14:02+00:00","breadcrumb":{"@id":"https:\/\/canal7slp.tv\/2025\/alcalde-aseguro-obra-de-paso-a-desnivel-en-el-barrio-del-saucito-la-piden-los-ciudadanos\/#breadcrumb"},"inLanguage":"es","potentialAction":[{"@type":"ReadAction","target":["https:\/\/canal7slp.tv\/2025\/alcalde-aseguro-obra-de-paso-a-desnivel-en-el-barrio-del-saucito-la-piden-los-ciudadanos\/"]}]},{"@type":"ImageObject","inLanguage":"es","@id":"https:\/\/canal7slp.tv\/2025\/alcalde-aseguro-obra-de-paso-a-desnivel-en-el-barrio-del-saucito-la-piden-los-ciudadanos\/#primaryimage","url":"https:\/\/canal7slp.tv\/2025\/wp-content\/uploads\/2025\/06\/Poky05ObraSaucito.jpg","contentUrl":"https:\/\/canal7slp.tv\/2025\/wp-content\/uploads\/2025\/06\/Poky05ObraSaucito.jpg","width":1280,"height":720},{"@type":"BreadcrumbList","@id":"https:\/\/canal7slp.tv\/2025\/alcalde-aseguro-obra-de-paso-a-desnivel-en-el-barrio-del-saucito-la-piden-los-ciudadanos\/#breadcrumb","itemListElement":[{"@type":"ListItem","position":1,"name":"Portada","item":"https:\/\/canal7slp.tv\/2025\/"},{"@type":"ListItem","position":2,"name":"Alcalde asegur\u00f3 obra de paso a desnivel en el barrio del Saucito la piden los ciudadanos"}]},{"@type":"WebSite","@id":"https:\/\/canal7slp.tv\/2025\/#website","url":"https:\/\/canal7slp.tv\/2025\/","name":"N7 - Noticieros Canal 7","description":"Somos el Medio","publisher":{"@id":"https:\/\/canal7slp.tv\/2025\/#organization"},"potentialAction":[{"@type":"SearchAction","target":{"@type":"EntryPoint","urlTemplate":"https:\/\/canal7slp.tv\/2025\/?s={search_term_string}"},"query-input":{"@type":"PropertyValueSpecification","valueRequired":true,"valueName":"search_term_string"}}],"inLanguage":"es"},{"@type":"Organization","@id":"https:\/\/canal7slp.tv\/2025\/#organization","name":"Noticieros Canal 7","url":"https:\/\/canal7slp.tv\/2025\/","logo":{"@type":"ImageObject","inLanguage":"es","@id":"https:\/\/canal7slp.tv\/2025\/#\/schema\/logo\/image\/","url":"https:\/\/canal7slp.tv\/2025\/wp-content\/uploads\/2021\/01\/logo-noticieros@2x.png","contentUrl":"https:\/\/canal7slp.tv\/2025\/wp-content\/uploads\/2021\/01\/logo-noticieros@2x.png","width":1017,"height":268,"caption":"Noticieros Canal 7"},"image":{"@id":"https:\/\/canal7slp.tv\/2025\/#\/schema\/logo\/image\/"},"sameAs":["https:\/\/www.facebook.com\/noticieroscanal7atencionciudadana\/","https:\/\/x.com\/NOTICIEROS7","https:\/\/www.instagram.com\/canal7_slp","https:\/\/www.youtube.com\/channel\/UCliiYs-gP3JfJeqdPrNdd5A"]},{"@type":"Person","@id":"https:\/\/canal7slp.tv\/2025\/#\/schema\/person\/271e2b60a96e7cc9d9ac296f4d7e414b","name":"Edici\u00f3n Web","image":{"@type":"ImageObject","inLanguage":"es","@id":"https:\/\/secure.gravatar.com\/avatar\/eee448fc3f7164808013b816ba91ac7e43bbe82a70bebac296f8bc6f0addaa1a?s=96&d=mm&r=g","url":"https:\/\/secure.gravatar.com\/avatar\/eee448fc3f7164808013b816ba91ac7e43bbe82a70bebac296f8bc6f0addaa1a?s=96&d=mm&r=g","contentUrl":"https:\/\/secure.gravatar.com\/avatar\/eee448fc3f7164808013b816ba91ac7e43bbe82a70bebac296f8bc6f0addaa1a?s=96&d=mm&r=g","caption":"Edici\u00f3n Web"},"url":"https:\/\/canal7slp.tv\/2025\/author\/edicionweb\/"}]}},"_links":{"self":[{"href":"https:\/\/canal7slp.tv\/2025\/wp-json\/wp\/v2\/posts\/171122","targetHints":{"allow":["GET"]}}],"collection":[{"href":"https:\/\/canal7slp.tv\/2025\/wp-json\/wp\/v2\/posts"}],"about":[{"href":"https:\/\/canal7slp.tv\/2025\/wp-json\/wp\/v2\/types\/post"}],"author":[{"embeddable":true,"href":"https:\/\/canal7slp.tv\/2025\/wp-json\/wp\/v2\/users\/2"}],"replies":[{"embeddable":true,"href":"https:\/\/canal7slp.tv\/2025\/wp-json\/wp\/v2\/comments?post=171122"}],"version-history":[{"count":1,"href":"https:\/\/canal7slp.tv\/2025\/wp-json\/wp\/v2\/posts\/171122\/revisions"}],"predecessor-version":[{"id":171125,"href":"https:\/\/canal7slp.tv\/2025\/wp-json\/wp\/v2\/posts\/171122\/revisions\/171125"}],"wp:featuredmedia":[{"embeddable":true,"href":"https:\/\/canal7slp.tv\/2025\/wp-json\/wp\/v2\/media\/171124"}],"wp:attachment":[{"href":"https:\/\/canal7slp.tv\/2025\/wp-json\/wp\/v2\/media?parent=171122"}],"wp:term":[{"taxonomy":"category","embeddable":true,"href":"https:\/\/canal7slp.tv\/2025\/wp-json\/wp\/v2\/categories?post=171122"},{"taxonomy":"post_tag","embeddable":true,"href":"https:\/\/canal7slp.tv\/2025\/wp-json\/wp\/v2\/tags?post=171122"}],"curies":[{"name":"wp","href":"https:\/\/api.w.org\/{rel}","templated":true}]}}