{"id":171119,"date":"2025-06-20T17:09:12","date_gmt":"2025-06-20T23:09:12","guid":{"rendered":"https:\/\/canal7slp.tv\/2025\/?p=171119"},"modified":"2025-06-20T17:09:12","modified_gmt":"2025-06-20T23:09:12","slug":"stps-de-slp-registro-perdida-de-empleos-durante-primera-mitad-del-ano-2025","status":"publish","type":"post","link":"https:\/\/canal7slp.tv\/2025\/stps-de-slp-registro-perdida-de-empleos-durante-primera-mitad-del-ano-2025\/","title":{"rendered":"STPS de SLP registr\u00f3 p\u00e9rdida de empleos durante primera mitad del a\u00f1o 2025"},"content":{"rendered":"<p style=\"text-align: justify;\"><span style=\"font-size: 1.21429rem;\">SLP.- En la primera mitad del a\u00f1o 2025 se han perdido empleos debido a cuestiones internacionales, as\u00ed lo extern\u00f3 el titular de la Secretar\u00eda del Trabajo y Previsi\u00f3n Social de San Luis Potos\u00ed, Cris\u00f3gono S\u00e1nchez Lara quien no ofreci\u00f3 cifras exactas.<\/span><\/p>\n<p style=\"text-align: justify;\">\u201cSe perdieron algunos por te digo, porque fue un efecto nacional, M\u00e9xico perdi\u00f3, bueno, sin decir la cifra una serie de empleos naturalmente repercuti\u00f3 en San Luis en un porcentaje m\u00ednimo\u201d.<\/p>\n<p style=\"text-align: justify;\">Sostuvo que las p\u00e9rdidas no son significativas pues en ocasiones se dan por trabajos temporales.<\/p>\n<p style=\"text-align: justify;\">\u201cSan Luis es un estado econ\u00f3micamente activo (\u2026) y otro fen\u00f3meno es que San Luis es un estado geogr\u00e1ficamente c\u00e9ntrico del pa\u00eds y eso motiva tambi\u00e9n en que mucha gente de paso se contratan de manera informal, terminan el contrato y se van y eso influyen en la cifras\u201d.<\/p>\n<p style=\"text-align: justify;\">Destac\u00f3 que mediante ferias del empleo, se busca reponer los trabajos perdidos.<\/p>\n<p style=\"text-align: justify;\">\u201cAl a\u00f1o aqu\u00ed la secretar\u00eda llevaba a cabo si no mal recuerdo 15 ferias del empleo al a\u00f1o, hoy nosotros queremos incrementar otras tres m\u00e1s, para que no sean 15, ser\u00edan 18 anuales (\u2026) y con eso vamos a abatir el desempleo, ese desempleo m\u00ednimo que nos peg\u00f3 a ra\u00edz, vuelvo a decirlo, del efecto Estados Unidos-M\u00e9xico\u201d.<\/p>\n<p>Por: Juan Carlos Contreras<\/p>\n","protected":false},"excerpt":{"rendered":"<p>SLP.- En la primera mitad del a\u00f1o 2025 se han perdido empleos debido a cuestiones internacionales, as\u00ed lo extern\u00f3 el titular de la Secretar\u00eda del Trabajo y Previsi\u00f3n Social de San Luis Potos\u00ed, Cris\u00f3gono S\u00e1nchez Lara quien no ofreci\u00f3 cifras exactas. \u201cSe perdieron algunos por te digo, porque fue un efecto nacional, M\u00e9xico perdi\u00f3, bueno, sin decir la cifra una serie de empleos naturalmente repercuti\u00f3 en San Luis en un porcentaje m\u00ednimo\u201d. Sostuvo que las p\u00e9rdidas no son significativas pues en ocasiones se dan por trabajos temporales. \u201cSan Luis es un estado econ\u00f3micamente activo (\u2026) y otro fen\u00f3meno es que [&hellip;]<\/p>\n","protected":false},"author":2,"featured_media":171120,"comment_status":"closed","ping_status":"closed","sticky":false,"template":"","format":"video","meta":{"_monsterinsights_skip_tracking":false,"_monsterinsights_sitenote_active":false,"_monsterinsights_sitenote_note":"","_monsterinsights_sitenote_category":0,"footnotes":""},"categories":[5,510,45],"tags":[],"class_list":["post-171119","post","type-post","status-publish","format-video","has-post-thumbnail","hentry","category-destacadas","category-gobedoslp","category-localesyregionales","post_format-post-format-video","post--single"],"yoast_head":"<!-- This site is optimized with the Yoast SEO plugin v27.5 - https:\/\/yoast.com\/product\/yoast-seo-wordpress\/ -->\n<title>STPS de SLP registr\u00f3 p\u00e9rdida de empleos durante primera mitad del a\u00f1o 2025 - Canal 7 SLP - 2025<\/title>\n<meta name=\"robots\" content=\"index, follow, max-snippet:-1, max-image-preview:large, max-video-preview:-1\" \/>\n<link rel=\"canonical\" href=\"https:\/\/canal7slp.tv\/2025\/stps-de-slp-registro-perdida-de-empleos-durante-primera-mitad-del-ano-2025\/\" \/>\n<meta property=\"og:locale\" content=\"es_ES\" \/>\n<meta property=\"og:type\" content=\"article\" \/>\n<meta property=\"og:title\" content=\"STPS de SLP registr\u00f3 p\u00e9rdida de empleos durante primera mitad del a\u00f1o 2025 - Canal 7 SLP - 2025\" \/>\n<meta property=\"og:description\" content=\"SLP.- En la primera mitad del a\u00f1o 2025 se han perdido empleos debido a cuestiones internacionales, as\u00ed lo extern\u00f3 el titular de la Secretar\u00eda del Trabajo y Previsi\u00f3n Social de San Luis Potos\u00ed, Cris\u00f3gono S\u00e1nchez Lara quien no ofreci\u00f3 cifras exactas. \u201cSe perdieron algunos por te digo, porque fue un efecto nacional, M\u00e9xico perdi\u00f3, bueno, sin decir la cifra una serie de empleos naturalmente repercuti\u00f3 en San Luis en un porcentaje m\u00ednimo\u201d. Sostuvo que las p\u00e9rdidas no son significativas pues en ocasiones se dan por trabajos temporales. \u201cSan Luis es un estado econ\u00f3micamente activo (\u2026) y otro fen\u00f3meno es que [&hellip;]\" \/>\n<meta property=\"og:url\" content=\"https:\/\/canal7slp.tv\/2025\/stps-de-slp-registro-perdida-de-empleos-durante-primera-mitad-del-ano-2025\/\" \/>\n<meta property=\"og:site_name\" content=\"Canal 7 SLP - 2025\" \/>\n<meta property=\"article:publisher\" content=\"https:\/\/www.facebook.com\/noticieroscanal7atencionciudadana\/\" \/>\n<meta property=\"article:published_time\" content=\"2025-06-20T23:09:12+00:00\" \/>\n<meta property=\"og:image\" content=\"https:\/\/canal7slp.tv\/2025\/wp-content\/uploads\/2025\/06\/Poky04Trabajo2025.jpg\" \/>\n\t<meta property=\"og:image:width\" content=\"1280\" \/>\n\t<meta property=\"og:image:height\" content=\"720\" \/>\n\t<meta property=\"og:image:type\" content=\"image\/jpeg\" \/>\n<meta name=\"author\" content=\"Edici\u00f3n Web\" \/>\n<meta name=\"twitter:card\" content=\"summary_large_image\" \/>\n<meta name=\"twitter:creator\" content=\"@NOTICIEROS7\" \/>\n<meta name=\"twitter:site\" content=\"@NOTICIEROS7\" \/>\n<meta name=\"twitter:label1\" content=\"Escrito por\" \/>\n\t<meta name=\"twitter:data1\" content=\"Edici\u00f3n Web\" \/>\n\t<meta name=\"twitter:label2\" content=\"Tiempo de lectura\" \/>\n\t<meta name=\"twitter:data2\" content=\"2 minutos\" \/>\n<script type=\"application\/ld+json\" class=\"yoast-schema-graph\">{\"@context\":\"https:\\\/\\\/schema.org\",\"@graph\":[{\"@type\":\"Article\",\"@id\":\"https:\\\/\\\/canal7slp.tv\\\/2025\\\/stps-de-slp-registro-perdida-de-empleos-durante-primera-mitad-del-ano-2025\\\/#article\",\"isPartOf\":{\"@id\":\"https:\\\/\\\/canal7slp.tv\\\/2025\\\/stps-de-slp-registro-perdida-de-empleos-durante-primera-mitad-del-ano-2025\\\/\"},\"author\":{\"name\":\"Edici\u00f3n Web\",\"@id\":\"https:\\\/\\\/canal7slp.tv\\\/2025\\\/#\\\/schema\\\/person\\\/271e2b60a96e7cc9d9ac296f4d7e414b\"},\"headline\":\"STPS de SLP registr\u00f3 p\u00e9rdida de empleos durante primera mitad del a\u00f1o 2025\",\"datePublished\":\"2025-06-20T23:09:12+00:00\",\"mainEntityOfPage\":{\"@id\":\"https:\\\/\\\/canal7slp.tv\\\/2025\\\/stps-de-slp-registro-perdida-de-empleos-durante-primera-mitad-del-ano-2025\\\/\"},\"wordCount\":240,\"publisher\":{\"@id\":\"https:\\\/\\\/canal7slp.tv\\\/2025\\\/#organization\"},\"image\":{\"@id\":\"https:\\\/\\\/canal7slp.tv\\\/2025\\\/stps-de-slp-registro-perdida-de-empleos-durante-primera-mitad-del-ano-2025\\\/#primaryimage\"},\"thumbnailUrl\":\"https:\\\/\\\/canal7slp.tv\\\/2025\\\/wp-content\\\/uploads\\\/2025\\\/06\\\/Poky04Trabajo2025.jpg\",\"articleSection\":[\"DESTACADAS\",\"GOBEDOSLP\",\"LOCALES Y REGIONALES\"],\"inLanguage\":\"es\"},{\"@type\":\"WebPage\",\"@id\":\"https:\\\/\\\/canal7slp.tv\\\/2025\\\/stps-de-slp-registro-perdida-de-empleos-durante-primera-mitad-del-ano-2025\\\/\",\"url\":\"https:\\\/\\\/canal7slp.tv\\\/2025\\\/stps-de-slp-registro-perdida-de-empleos-durante-primera-mitad-del-ano-2025\\\/\",\"name\":\"STPS de SLP registr\u00f3 p\u00e9rdida de empleos durante primera mitad del a\u00f1o 2025 - Canal 7 SLP - 2025\",\"isPartOf\":{\"@id\":\"https:\\\/\\\/canal7slp.tv\\\/2025\\\/#website\"},\"primaryImageOfPage\":{\"@id\":\"https:\\\/\\\/canal7slp.tv\\\/2025\\\/stps-de-slp-registro-perdida-de-empleos-durante-primera-mitad-del-ano-2025\\\/#primaryimage\"},\"image\":{\"@id\":\"https:\\\/\\\/canal7slp.tv\\\/2025\\\/stps-de-slp-registro-perdida-de-empleos-durante-primera-mitad-del-ano-2025\\\/#primaryimage\"},\"thumbnailUrl\":\"https:\\\/\\\/canal7slp.tv\\\/2025\\\/wp-content\\\/uploads\\\/2025\\\/06\\\/Poky04Trabajo2025.jpg\",\"datePublished\":\"2025-06-20T23:09:12+00:00\",\"breadcrumb\":{\"@id\":\"https:\\\/\\\/canal7slp.tv\\\/2025\\\/stps-de-slp-registro-perdida-de-empleos-durante-primera-mitad-del-ano-2025\\\/#breadcrumb\"},\"inLanguage\":\"es\",\"potentialAction\":[{\"@type\":\"ReadAction\",\"target\":[\"https:\\\/\\\/canal7slp.tv\\\/2025\\\/stps-de-slp-registro-perdida-de-empleos-durante-primera-mitad-del-ano-2025\\\/\"]}]},{\"@type\":\"ImageObject\",\"inLanguage\":\"es\",\"@id\":\"https:\\\/\\\/canal7slp.tv\\\/2025\\\/stps-de-slp-registro-perdida-de-empleos-durante-primera-mitad-del-ano-2025\\\/#primaryimage\",\"url\":\"https:\\\/\\\/canal7slp.tv\\\/2025\\\/wp-content\\\/uploads\\\/2025\\\/06\\\/Poky04Trabajo2025.jpg\",\"contentUrl\":\"https:\\\/\\\/canal7slp.tv\\\/2025\\\/wp-content\\\/uploads\\\/2025\\\/06\\\/Poky04Trabajo2025.jpg\",\"width\":1280,\"height\":720},{\"@type\":\"BreadcrumbList\",\"@id\":\"https:\\\/\\\/canal7slp.tv\\\/2025\\\/stps-de-slp-registro-perdida-de-empleos-durante-primera-mitad-del-ano-2025\\\/#breadcrumb\",\"itemListElement\":[{\"@type\":\"ListItem\",\"position\":1,\"name\":\"Portada\",\"item\":\"https:\\\/\\\/canal7slp.tv\\\/2025\\\/\"},{\"@type\":\"ListItem\",\"position\":2,\"name\":\"STPS de SLP registr\u00f3 p\u00e9rdida de empleos durante primera mitad del a\u00f1o 2025\"}]},{\"@type\":\"WebSite\",\"@id\":\"https:\\\/\\\/canal7slp.tv\\\/2025\\\/#website\",\"url\":\"https:\\\/\\\/canal7slp.tv\\\/2025\\\/\",\"name\":\"N7 - Noticieros Canal 7\",\"description\":\"Somos el Medio\",\"publisher\":{\"@id\":\"https:\\\/\\\/canal7slp.tv\\\/2025\\\/#organization\"},\"potentialAction\":[{\"@type\":\"SearchAction\",\"target\":{\"@type\":\"EntryPoint\",\"urlTemplate\":\"https:\\\/\\\/canal7slp.tv\\\/2025\\\/?s={search_term_string}\"},\"query-input\":{\"@type\":\"PropertyValueSpecification\",\"valueRequired\":true,\"valueName\":\"search_term_string\"}}],\"inLanguage\":\"es\"},{\"@type\":\"Organization\",\"@id\":\"https:\\\/\\\/canal7slp.tv\\\/2025\\\/#organization\",\"name\":\"Noticieros Canal 7\",\"url\":\"https:\\\/\\\/canal7slp.tv\\\/2025\\\/\",\"logo\":{\"@type\":\"ImageObject\",\"inLanguage\":\"es\",\"@id\":\"https:\\\/\\\/canal7slp.tv\\\/2025\\\/#\\\/schema\\\/logo\\\/image\\\/\",\"url\":\"https:\\\/\\\/canal7slp.tv\\\/2025\\\/wp-content\\\/uploads\\\/2021\\\/01\\\/logo-noticieros@2x.png\",\"contentUrl\":\"https:\\\/\\\/canal7slp.tv\\\/2025\\\/wp-content\\\/uploads\\\/2021\\\/01\\\/logo-noticieros@2x.png\",\"width\":1017,\"height\":268,\"caption\":\"Noticieros Canal 7\"},\"image\":{\"@id\":\"https:\\\/\\\/canal7slp.tv\\\/2025\\\/#\\\/schema\\\/logo\\\/image\\\/\"},\"sameAs\":[\"https:\\\/\\\/www.facebook.com\\\/noticieroscanal7atencionciudadana\\\/\",\"https:\\\/\\\/x.com\\\/NOTICIEROS7\",\"https:\\\/\\\/www.instagram.com\\\/canal7_slp\",\"https:\\\/\\\/www.youtube.com\\\/channel\\\/UCliiYs-gP3JfJeqdPrNdd5A\"]},{\"@type\":\"Person\",\"@id\":\"https:\\\/\\\/canal7slp.tv\\\/2025\\\/#\\\/schema\\\/person\\\/271e2b60a96e7cc9d9ac296f4d7e414b\",\"name\":\"Edici\u00f3n Web\",\"image\":{\"@type\":\"ImageObject\",\"inLanguage\":\"es\",\"@id\":\"https:\\\/\\\/secure.gravatar.com\\\/avatar\\\/eee448fc3f7164808013b816ba91ac7e43bbe82a70bebac296f8bc6f0addaa1a?s=96&d=mm&r=g\",\"url\":\"https:\\\/\\\/secure.gravatar.com\\\/avatar\\\/eee448fc3f7164808013b816ba91ac7e43bbe82a70bebac296f8bc6f0addaa1a?s=96&d=mm&r=g\",\"contentUrl\":\"https:\\\/\\\/secure.gravatar.com\\\/avatar\\\/eee448fc3f7164808013b816ba91ac7e43bbe82a70bebac296f8bc6f0addaa1a?s=96&d=mm&r=g\",\"caption\":\"Edici\u00f3n Web\"},\"url\":\"https:\\\/\\\/canal7slp.tv\\\/2025\\\/author\\\/edicionweb\\\/\"}]}<\/script>\n<!-- \/ Yoast SEO plugin. -->","yoast_head_json":{"title":"STPS de SLP registr\u00f3 p\u00e9rdida de empleos durante primera mitad del a\u00f1o 2025 - Canal 7 SLP - 2025","robots":{"index":"index","follow":"follow","max-snippet":"max-snippet:-1","max-image-preview":"max-image-preview:large","max-video-preview":"max-video-preview:-1"},"canonical":"https:\/\/canal7slp.tv\/2025\/stps-de-slp-registro-perdida-de-empleos-durante-primera-mitad-del-ano-2025\/","og_locale":"es_ES","og_type":"article","og_title":"STPS de SLP registr\u00f3 p\u00e9rdida de empleos durante primera mitad del a\u00f1o 2025 - Canal 7 SLP - 2025","og_description":"SLP.- En la primera mitad del a\u00f1o 2025 se han perdido empleos debido a cuestiones internacionales, as\u00ed lo extern\u00f3 el titular de la Secretar\u00eda del Trabajo y Previsi\u00f3n Social de San Luis Potos\u00ed, Cris\u00f3gono S\u00e1nchez Lara quien no ofreci\u00f3 cifras exactas. \u201cSe perdieron algunos por te digo, porque fue un efecto nacional, M\u00e9xico perdi\u00f3, bueno, sin decir la cifra una serie de empleos naturalmente repercuti\u00f3 en San Luis en un porcentaje m\u00ednimo\u201d. Sostuvo que las p\u00e9rdidas no son significativas pues en ocasiones se dan por trabajos temporales. \u201cSan Luis es un estado econ\u00f3micamente activo (\u2026) y otro fen\u00f3meno es que [&hellip;]","og_url":"https:\/\/canal7slp.tv\/2025\/stps-de-slp-registro-perdida-de-empleos-durante-primera-mitad-del-ano-2025\/","og_site_name":"Canal 7 SLP - 2025","article_publisher":"https:\/\/www.facebook.com\/noticieroscanal7atencionciudadana\/","article_published_time":"2025-06-20T23:09:12+00:00","og_image":[{"width":1280,"height":720,"url":"https:\/\/canal7slp.tv\/2025\/wp-content\/uploads\/2025\/06\/Poky04Trabajo2025.jpg","type":"image\/jpeg"}],"author":"Edici\u00f3n Web","twitter_card":"summary_large_image","twitter_creator":"@NOTICIEROS7","twitter_site":"@NOTICIEROS7","twitter_misc":{"Escrito por":"Edici\u00f3n Web","Tiempo de lectura":"2 minutos"},"schema":{"@context":"https:\/\/schema.org","@graph":[{"@type":"Article","@id":"https:\/\/canal7slp.tv\/2025\/stps-de-slp-registro-perdida-de-empleos-durante-primera-mitad-del-ano-2025\/#article","isPartOf":{"@id":"https:\/\/canal7slp.tv\/2025\/stps-de-slp-registro-perdida-de-empleos-durante-primera-mitad-del-ano-2025\/"},"author":{"name":"Edici\u00f3n Web","@id":"https:\/\/canal7slp.tv\/2025\/#\/schema\/person\/271e2b60a96e7cc9d9ac296f4d7e414b"},"headline":"STPS de SLP registr\u00f3 p\u00e9rdida de empleos durante primera mitad del a\u00f1o 2025","datePublished":"2025-06-20T23:09:12+00:00","mainEntityOfPage":{"@id":"https:\/\/canal7slp.tv\/2025\/stps-de-slp-registro-perdida-de-empleos-durante-primera-mitad-del-ano-2025\/"},"wordCount":240,"publisher":{"@id":"https:\/\/canal7slp.tv\/2025\/#organization"},"image":{"@id":"https:\/\/canal7slp.tv\/2025\/stps-de-slp-registro-perdida-de-empleos-durante-primera-mitad-del-ano-2025\/#primaryimage"},"thumbnailUrl":"https:\/\/canal7slp.tv\/2025\/wp-content\/uploads\/2025\/06\/Poky04Trabajo2025.jpg","articleSection":["DESTACADAS","GOBEDOSLP","LOCALES Y REGIONALES"],"inLanguage":"es"},{"@type":"WebPage","@id":"https:\/\/canal7slp.tv\/2025\/stps-de-slp-registro-perdida-de-empleos-durante-primera-mitad-del-ano-2025\/","url":"https:\/\/canal7slp.tv\/2025\/stps-de-slp-registro-perdida-de-empleos-durante-primera-mitad-del-ano-2025\/","name":"STPS de SLP registr\u00f3 p\u00e9rdida de empleos durante primera mitad del a\u00f1o 2025 - Canal 7 SLP - 2025","isPartOf":{"@id":"https:\/\/canal7slp.tv\/2025\/#website"},"primaryImageOfPage":{"@id":"https:\/\/canal7slp.tv\/2025\/stps-de-slp-registro-perdida-de-empleos-durante-primera-mitad-del-ano-2025\/#primaryimage"},"image":{"@id":"https:\/\/canal7slp.tv\/2025\/stps-de-slp-registro-perdida-de-empleos-durante-primera-mitad-del-ano-2025\/#primaryimage"},"thumbnailUrl":"https:\/\/canal7slp.tv\/2025\/wp-content\/uploads\/2025\/06\/Poky04Trabajo2025.jpg","datePublished":"2025-06-20T23:09:12+00:00","breadcrumb":{"@id":"https:\/\/canal7slp.tv\/2025\/stps-de-slp-registro-perdida-de-empleos-durante-primera-mitad-del-ano-2025\/#breadcrumb"},"inLanguage":"es","potentialAction":[{"@type":"ReadAction","target":["https:\/\/canal7slp.tv\/2025\/stps-de-slp-registro-perdida-de-empleos-durante-primera-mitad-del-ano-2025\/"]}]},{"@type":"ImageObject","inLanguage":"es","@id":"https:\/\/canal7slp.tv\/2025\/stps-de-slp-registro-perdida-de-empleos-durante-primera-mitad-del-ano-2025\/#primaryimage","url":"https:\/\/canal7slp.tv\/2025\/wp-content\/uploads\/2025\/06\/Poky04Trabajo2025.jpg","contentUrl":"https:\/\/canal7slp.tv\/2025\/wp-content\/uploads\/2025\/06\/Poky04Trabajo2025.jpg","width":1280,"height":720},{"@type":"BreadcrumbList","@id":"https:\/\/canal7slp.tv\/2025\/stps-de-slp-registro-perdida-de-empleos-durante-primera-mitad-del-ano-2025\/#breadcrumb","itemListElement":[{"@type":"ListItem","position":1,"name":"Portada","item":"https:\/\/canal7slp.tv\/2025\/"},{"@type":"ListItem","position":2,"name":"STPS de SLP registr\u00f3 p\u00e9rdida de empleos durante primera mitad del a\u00f1o 2025"}]},{"@type":"WebSite","@id":"https:\/\/canal7slp.tv\/2025\/#website","url":"https:\/\/canal7slp.tv\/2025\/","name":"N7 - Noticieros Canal 7","description":"Somos el Medio","publisher":{"@id":"https:\/\/canal7slp.tv\/2025\/#organization"},"potentialAction":[{"@type":"SearchAction","target":{"@type":"EntryPoint","urlTemplate":"https:\/\/canal7slp.tv\/2025\/?s={search_term_string}"},"query-input":{"@type":"PropertyValueSpecification","valueRequired":true,"valueName":"search_term_string"}}],"inLanguage":"es"},{"@type":"Organization","@id":"https:\/\/canal7slp.tv\/2025\/#organization","name":"Noticieros Canal 7","url":"https:\/\/canal7slp.tv\/2025\/","logo":{"@type":"ImageObject","inLanguage":"es","@id":"https:\/\/canal7slp.tv\/2025\/#\/schema\/logo\/image\/","url":"https:\/\/canal7slp.tv\/2025\/wp-content\/uploads\/2021\/01\/logo-noticieros@2x.png","contentUrl":"https:\/\/canal7slp.tv\/2025\/wp-content\/uploads\/2021\/01\/logo-noticieros@2x.png","width":1017,"height":268,"caption":"Noticieros Canal 7"},"image":{"@id":"https:\/\/canal7slp.tv\/2025\/#\/schema\/logo\/image\/"},"sameAs":["https:\/\/www.facebook.com\/noticieroscanal7atencionciudadana\/","https:\/\/x.com\/NOTICIEROS7","https:\/\/www.instagram.com\/canal7_slp","https:\/\/www.youtube.com\/channel\/UCliiYs-gP3JfJeqdPrNdd5A"]},{"@type":"Person","@id":"https:\/\/canal7slp.tv\/2025\/#\/schema\/person\/271e2b60a96e7cc9d9ac296f4d7e414b","name":"Edici\u00f3n Web","image":{"@type":"ImageObject","inLanguage":"es","@id":"https:\/\/secure.gravatar.com\/avatar\/eee448fc3f7164808013b816ba91ac7e43bbe82a70bebac296f8bc6f0addaa1a?s=96&d=mm&r=g","url":"https:\/\/secure.gravatar.com\/avatar\/eee448fc3f7164808013b816ba91ac7e43bbe82a70bebac296f8bc6f0addaa1a?s=96&d=mm&r=g","contentUrl":"https:\/\/secure.gravatar.com\/avatar\/eee448fc3f7164808013b816ba91ac7e43bbe82a70bebac296f8bc6f0addaa1a?s=96&d=mm&r=g","caption":"Edici\u00f3n Web"},"url":"https:\/\/canal7slp.tv\/2025\/author\/edicionweb\/"}]}},"_links":{"self":[{"href":"https:\/\/canal7slp.tv\/2025\/wp-json\/wp\/v2\/posts\/171119","targetHints":{"allow":["GET"]}}],"collection":[{"href":"https:\/\/canal7slp.tv\/2025\/wp-json\/wp\/v2\/posts"}],"about":[{"href":"https:\/\/canal7slp.tv\/2025\/wp-json\/wp\/v2\/types\/post"}],"author":[{"embeddable":true,"href":"https:\/\/canal7slp.tv\/2025\/wp-json\/wp\/v2\/users\/2"}],"replies":[{"embeddable":true,"href":"https:\/\/canal7slp.tv\/2025\/wp-json\/wp\/v2\/comments?post=171119"}],"version-history":[{"count":1,"href":"https:\/\/canal7slp.tv\/2025\/wp-json\/wp\/v2\/posts\/171119\/revisions"}],"predecessor-version":[{"id":171121,"href":"https:\/\/canal7slp.tv\/2025\/wp-json\/wp\/v2\/posts\/171119\/revisions\/171121"}],"wp:featuredmedia":[{"embeddable":true,"href":"https:\/\/canal7slp.tv\/2025\/wp-json\/wp\/v2\/media\/171120"}],"wp:attachment":[{"href":"https:\/\/canal7slp.tv\/2025\/wp-json\/wp\/v2\/media?parent=171119"}],"wp:term":[{"taxonomy":"category","embeddable":true,"href":"https:\/\/canal7slp.tv\/2025\/wp-json\/wp\/v2\/categories?post=171119"},{"taxonomy":"post_tag","embeddable":true,"href":"https:\/\/canal7slp.tv\/2025\/wp-json\/wp\/v2\/tags?post=171119"}],"curies":[{"name":"wp","href":"https:\/\/api.w.org\/{rel}","templated":true}]}}