{"id":170907,"date":"2025-06-18T19:26:05","date_gmt":"2025-06-19T01:26:05","guid":{"rendered":"https:\/\/canal7slp.tv\/2025\/?p=170907"},"modified":"2025-06-18T19:26:05","modified_gmt":"2025-06-19T01:26:05","slug":"200-fincas-abandonadas-en-el-perimetro-del-centro-historico-representan-un-riesgo","status":"publish","type":"post","link":"https:\/\/canal7slp.tv\/2025\/200-fincas-abandonadas-en-el-perimetro-del-centro-historico-representan-un-riesgo\/","title":{"rendered":"200 fincas abandonadas en el per\u00edmetro del Centro Hist\u00f3rico representan un riesgo"},"content":{"rendered":"<p style=\"text-align: justify;\"><span style=\"font-size: 1.21429rem;\">SLP.- M\u00e1s de 200 fincas ubicadas principalmente en el per\u00edmetro del centro hist\u00f3rico se encuentran en riesgo de colapsar por su antig\u00fcedad, pero tambi\u00e9n por la humedad de las lluvias.<\/span><\/p>\n<p style=\"text-align: justify;\">Lo anterior lo inform\u00f3 M\u00f3nica Heredia presidenta de la asociaci\u00f3n \u201cNuestro Centro\u201d al reiterar que representan un riesgo estructural.<\/p>\n<p style=\"text-align: justify;\">Afirm\u00f3 que se han ubicado fincas muy da\u00f1adas que est\u00e1n en riesgo inminente por su situaci\u00f3n de abandono al decir tambi\u00e9n que por ser propiedad privada, hay que pedir permiso porque no pueden intervenir.<\/p>\n<p style=\"text-align: justify;\">Asimismo, la presidenta de la asociaci\u00f3n \u201cNuestro Centro\u201d dijo tambi\u00e9n que restaurarlas y rehabilitarlas es un reto para sus propietarios, no tanto por el permiso que tienen que gestionar ante el Instituto Nacional de Antropolog\u00eda e Historia, sino por la falta de recursos econ\u00f3micos para su rehabilitaci\u00f3n.<\/p>\n<p style=\"text-align: justify;\">Por: Claudio Ibarra<\/p>\n","protected":false},"excerpt":{"rendered":"<p>SLP.- M\u00e1s de 200 fincas ubicadas principalmente en el per\u00edmetro del centro hist\u00f3rico se encuentran en riesgo de colapsar por su antig\u00fcedad, pero tambi\u00e9n por la humedad de las lluvias. Lo anterior lo inform\u00f3 M\u00f3nica Heredia presidenta de la asociaci\u00f3n \u201cNuestro Centro\u201d al reiterar que representan un riesgo estructural. Afirm\u00f3 que se han ubicado fincas muy da\u00f1adas que est\u00e1n en riesgo inminente por su situaci\u00f3n de abandono al decir tambi\u00e9n que por ser propiedad privada, hay que pedir permiso porque no pueden intervenir. Asimismo, la presidenta de la asociaci\u00f3n \u201cNuestro Centro\u201d dijo tambi\u00e9n que restaurarlas y rehabilitarlas es un reto [&hellip;]<\/p>\n","protected":false},"author":2,"featured_media":170922,"comment_status":"closed","ping_status":"closed","sticky":false,"template":"","format":"video","meta":{"_monsterinsights_skip_tracking":false,"_monsterinsights_sitenote_active":false,"_monsterinsights_sitenote_note":"","_monsterinsights_sitenote_category":0,"footnotes":""},"categories":[5,45],"tags":[],"class_list":["post-170907","post","type-post","status-publish","format-video","has-post-thumbnail","hentry","category-destacadas","category-localesyregionales","post_format-post-format-video","post--single"],"yoast_head":"<!-- This site is optimized with the Yoast SEO plugin v27.4 - https:\/\/yoast.com\/product\/yoast-seo-wordpress\/ -->\n<title>200 fincas abandonadas en el per\u00edmetro del Centro Hist\u00f3rico representan un riesgo - Canal 7 SLP - 2025<\/title>\n<meta name=\"robots\" content=\"index, follow, max-snippet:-1, max-image-preview:large, max-video-preview:-1\" \/>\n<link rel=\"canonical\" href=\"https:\/\/canal7slp.tv\/2025\/200-fincas-abandonadas-en-el-perimetro-del-centro-historico-representan-un-riesgo\/\" \/>\n<meta property=\"og:locale\" content=\"es_ES\" \/>\n<meta property=\"og:type\" content=\"article\" \/>\n<meta property=\"og:title\" content=\"200 fincas abandonadas en el per\u00edmetro del Centro Hist\u00f3rico representan un riesgo - Canal 7 SLP - 2025\" \/>\n<meta property=\"og:description\" content=\"SLP.- M\u00e1s de 200 fincas ubicadas principalmente en el per\u00edmetro del centro hist\u00f3rico se encuentran en riesgo de colapsar por su antig\u00fcedad, pero tambi\u00e9n por la humedad de las lluvias. Lo anterior lo inform\u00f3 M\u00f3nica Heredia presidenta de la asociaci\u00f3n \u201cNuestro Centro\u201d al reiterar que representan un riesgo estructural. Afirm\u00f3 que se han ubicado fincas muy da\u00f1adas que est\u00e1n en riesgo inminente por su situaci\u00f3n de abandono al decir tambi\u00e9n que por ser propiedad privada, hay que pedir permiso porque no pueden intervenir. Asimismo, la presidenta de la asociaci\u00f3n \u201cNuestro Centro\u201d dijo tambi\u00e9n que restaurarlas y rehabilitarlas es un reto [&hellip;]\" \/>\n<meta property=\"og:url\" content=\"https:\/\/canal7slp.tv\/2025\/200-fincas-abandonadas-en-el-perimetro-del-centro-historico-representan-un-riesgo\/\" \/>\n<meta property=\"og:site_name\" content=\"Canal 7 SLP - 2025\" \/>\n<meta property=\"article:publisher\" content=\"https:\/\/www.facebook.com\/noticieroscanal7atencionciudadana\/\" \/>\n<meta property=\"article:published_time\" content=\"2025-06-19T01:26:05+00:00\" \/>\n<meta property=\"og:image\" content=\"https:\/\/canal7slp.tv\/2025\/wp-content\/uploads\/2025\/06\/Claudio03EnRiesgo.jpg\" \/>\n\t<meta property=\"og:image:width\" content=\"1280\" \/>\n\t<meta property=\"og:image:height\" content=\"720\" \/>\n\t<meta property=\"og:image:type\" content=\"image\/jpeg\" \/>\n<meta name=\"author\" content=\"Edici\u00f3n Web\" \/>\n<meta name=\"twitter:card\" content=\"summary_large_image\" \/>\n<meta name=\"twitter:creator\" content=\"@NOTICIEROS7\" \/>\n<meta name=\"twitter:site\" content=\"@NOTICIEROS7\" \/>\n<meta name=\"twitter:label1\" content=\"Escrito por\" \/>\n\t<meta name=\"twitter:data1\" content=\"Edici\u00f3n Web\" \/>\n\t<meta name=\"twitter:label2\" content=\"Tiempo de lectura\" \/>\n\t<meta name=\"twitter:data2\" content=\"1 minuto\" \/>\n<script type=\"application\/ld+json\" class=\"yoast-schema-graph\">{\"@context\":\"https:\\\/\\\/schema.org\",\"@graph\":[{\"@type\":\"Article\",\"@id\":\"https:\\\/\\\/canal7slp.tv\\\/2025\\\/200-fincas-abandonadas-en-el-perimetro-del-centro-historico-representan-un-riesgo\\\/#article\",\"isPartOf\":{\"@id\":\"https:\\\/\\\/canal7slp.tv\\\/2025\\\/200-fincas-abandonadas-en-el-perimetro-del-centro-historico-representan-un-riesgo\\\/\"},\"author\":{\"name\":\"Edici\u00f3n Web\",\"@id\":\"https:\\\/\\\/canal7slp.tv\\\/2025\\\/#\\\/schema\\\/person\\\/271e2b60a96e7cc9d9ac296f4d7e414b\"},\"headline\":\"200 fincas abandonadas en el per\u00edmetro del Centro Hist\u00f3rico representan un riesgo\",\"datePublished\":\"2025-06-19T01:26:05+00:00\",\"mainEntityOfPage\":{\"@id\":\"https:\\\/\\\/canal7slp.tv\\\/2025\\\/200-fincas-abandonadas-en-el-perimetro-del-centro-historico-representan-un-riesgo\\\/\"},\"wordCount\":162,\"publisher\":{\"@id\":\"https:\\\/\\\/canal7slp.tv\\\/2025\\\/#organization\"},\"image\":{\"@id\":\"https:\\\/\\\/canal7slp.tv\\\/2025\\\/200-fincas-abandonadas-en-el-perimetro-del-centro-historico-representan-un-riesgo\\\/#primaryimage\"},\"thumbnailUrl\":\"https:\\\/\\\/canal7slp.tv\\\/2025\\\/wp-content\\\/uploads\\\/2025\\\/06\\\/Claudio03EnRiesgo.jpg\",\"articleSection\":[\"DESTACADAS\",\"LOCALES Y REGIONALES\"],\"inLanguage\":\"es\"},{\"@type\":\"WebPage\",\"@id\":\"https:\\\/\\\/canal7slp.tv\\\/2025\\\/200-fincas-abandonadas-en-el-perimetro-del-centro-historico-representan-un-riesgo\\\/\",\"url\":\"https:\\\/\\\/canal7slp.tv\\\/2025\\\/200-fincas-abandonadas-en-el-perimetro-del-centro-historico-representan-un-riesgo\\\/\",\"name\":\"200 fincas abandonadas en el per\u00edmetro del Centro Hist\u00f3rico representan un riesgo - Canal 7 SLP - 2025\",\"isPartOf\":{\"@id\":\"https:\\\/\\\/canal7slp.tv\\\/2025\\\/#website\"},\"primaryImageOfPage\":{\"@id\":\"https:\\\/\\\/canal7slp.tv\\\/2025\\\/200-fincas-abandonadas-en-el-perimetro-del-centro-historico-representan-un-riesgo\\\/#primaryimage\"},\"image\":{\"@id\":\"https:\\\/\\\/canal7slp.tv\\\/2025\\\/200-fincas-abandonadas-en-el-perimetro-del-centro-historico-representan-un-riesgo\\\/#primaryimage\"},\"thumbnailUrl\":\"https:\\\/\\\/canal7slp.tv\\\/2025\\\/wp-content\\\/uploads\\\/2025\\\/06\\\/Claudio03EnRiesgo.jpg\",\"datePublished\":\"2025-06-19T01:26:05+00:00\",\"breadcrumb\":{\"@id\":\"https:\\\/\\\/canal7slp.tv\\\/2025\\\/200-fincas-abandonadas-en-el-perimetro-del-centro-historico-representan-un-riesgo\\\/#breadcrumb\"},\"inLanguage\":\"es\",\"potentialAction\":[{\"@type\":\"ReadAction\",\"target\":[\"https:\\\/\\\/canal7slp.tv\\\/2025\\\/200-fincas-abandonadas-en-el-perimetro-del-centro-historico-representan-un-riesgo\\\/\"]}]},{\"@type\":\"ImageObject\",\"inLanguage\":\"es\",\"@id\":\"https:\\\/\\\/canal7slp.tv\\\/2025\\\/200-fincas-abandonadas-en-el-perimetro-del-centro-historico-representan-un-riesgo\\\/#primaryimage\",\"url\":\"https:\\\/\\\/canal7slp.tv\\\/2025\\\/wp-content\\\/uploads\\\/2025\\\/06\\\/Claudio03EnRiesgo.jpg\",\"contentUrl\":\"https:\\\/\\\/canal7slp.tv\\\/2025\\\/wp-content\\\/uploads\\\/2025\\\/06\\\/Claudio03EnRiesgo.jpg\",\"width\":1280,\"height\":720},{\"@type\":\"BreadcrumbList\",\"@id\":\"https:\\\/\\\/canal7slp.tv\\\/2025\\\/200-fincas-abandonadas-en-el-perimetro-del-centro-historico-representan-un-riesgo\\\/#breadcrumb\",\"itemListElement\":[{\"@type\":\"ListItem\",\"position\":1,\"name\":\"Portada\",\"item\":\"https:\\\/\\\/canal7slp.tv\\\/2025\\\/\"},{\"@type\":\"ListItem\",\"position\":2,\"name\":\"200 fincas abandonadas en el per\u00edmetro del Centro Hist\u00f3rico representan un riesgo\"}]},{\"@type\":\"WebSite\",\"@id\":\"https:\\\/\\\/canal7slp.tv\\\/2025\\\/#website\",\"url\":\"https:\\\/\\\/canal7slp.tv\\\/2025\\\/\",\"name\":\"N7 - Noticieros Canal 7\",\"description\":\"Somos el Medio\",\"publisher\":{\"@id\":\"https:\\\/\\\/canal7slp.tv\\\/2025\\\/#organization\"},\"potentialAction\":[{\"@type\":\"SearchAction\",\"target\":{\"@type\":\"EntryPoint\",\"urlTemplate\":\"https:\\\/\\\/canal7slp.tv\\\/2025\\\/?s={search_term_string}\"},\"query-input\":{\"@type\":\"PropertyValueSpecification\",\"valueRequired\":true,\"valueName\":\"search_term_string\"}}],\"inLanguage\":\"es\"},{\"@type\":\"Organization\",\"@id\":\"https:\\\/\\\/canal7slp.tv\\\/2025\\\/#organization\",\"name\":\"Noticieros Canal 7\",\"url\":\"https:\\\/\\\/canal7slp.tv\\\/2025\\\/\",\"logo\":{\"@type\":\"ImageObject\",\"inLanguage\":\"es\",\"@id\":\"https:\\\/\\\/canal7slp.tv\\\/2025\\\/#\\\/schema\\\/logo\\\/image\\\/\",\"url\":\"https:\\\/\\\/canal7slp.tv\\\/2025\\\/wp-content\\\/uploads\\\/2021\\\/01\\\/logo-noticieros@2x.png\",\"contentUrl\":\"https:\\\/\\\/canal7slp.tv\\\/2025\\\/wp-content\\\/uploads\\\/2021\\\/01\\\/logo-noticieros@2x.png\",\"width\":1017,\"height\":268,\"caption\":\"Noticieros Canal 7\"},\"image\":{\"@id\":\"https:\\\/\\\/canal7slp.tv\\\/2025\\\/#\\\/schema\\\/logo\\\/image\\\/\"},\"sameAs\":[\"https:\\\/\\\/www.facebook.com\\\/noticieroscanal7atencionciudadana\\\/\",\"https:\\\/\\\/x.com\\\/NOTICIEROS7\",\"https:\\\/\\\/www.instagram.com\\\/canal7_slp\",\"https:\\\/\\\/www.youtube.com\\\/channel\\\/UCliiYs-gP3JfJeqdPrNdd5A\"]},{\"@type\":\"Person\",\"@id\":\"https:\\\/\\\/canal7slp.tv\\\/2025\\\/#\\\/schema\\\/person\\\/271e2b60a96e7cc9d9ac296f4d7e414b\",\"name\":\"Edici\u00f3n Web\",\"image\":{\"@type\":\"ImageObject\",\"inLanguage\":\"es\",\"@id\":\"https:\\\/\\\/secure.gravatar.com\\\/avatar\\\/eee448fc3f7164808013b816ba91ac7e43bbe82a70bebac296f8bc6f0addaa1a?s=96&d=mm&r=g\",\"url\":\"https:\\\/\\\/secure.gravatar.com\\\/avatar\\\/eee448fc3f7164808013b816ba91ac7e43bbe82a70bebac296f8bc6f0addaa1a?s=96&d=mm&r=g\",\"contentUrl\":\"https:\\\/\\\/secure.gravatar.com\\\/avatar\\\/eee448fc3f7164808013b816ba91ac7e43bbe82a70bebac296f8bc6f0addaa1a?s=96&d=mm&r=g\",\"caption\":\"Edici\u00f3n Web\"},\"url\":\"https:\\\/\\\/canal7slp.tv\\\/2025\\\/author\\\/edicionweb\\\/\"}]}<\/script>\n<!-- \/ Yoast SEO plugin. -->","yoast_head_json":{"title":"200 fincas abandonadas en el per\u00edmetro del Centro Hist\u00f3rico representan un riesgo - Canal 7 SLP - 2025","robots":{"index":"index","follow":"follow","max-snippet":"max-snippet:-1","max-image-preview":"max-image-preview:large","max-video-preview":"max-video-preview:-1"},"canonical":"https:\/\/canal7slp.tv\/2025\/200-fincas-abandonadas-en-el-perimetro-del-centro-historico-representan-un-riesgo\/","og_locale":"es_ES","og_type":"article","og_title":"200 fincas abandonadas en el per\u00edmetro del Centro Hist\u00f3rico representan un riesgo - Canal 7 SLP - 2025","og_description":"SLP.- M\u00e1s de 200 fincas ubicadas principalmente en el per\u00edmetro del centro hist\u00f3rico se encuentran en riesgo de colapsar por su antig\u00fcedad, pero tambi\u00e9n por la humedad de las lluvias. Lo anterior lo inform\u00f3 M\u00f3nica Heredia presidenta de la asociaci\u00f3n \u201cNuestro Centro\u201d al reiterar que representan un riesgo estructural. Afirm\u00f3 que se han ubicado fincas muy da\u00f1adas que est\u00e1n en riesgo inminente por su situaci\u00f3n de abandono al decir tambi\u00e9n que por ser propiedad privada, hay que pedir permiso porque no pueden intervenir. Asimismo, la presidenta de la asociaci\u00f3n \u201cNuestro Centro\u201d dijo tambi\u00e9n que restaurarlas y rehabilitarlas es un reto [&hellip;]","og_url":"https:\/\/canal7slp.tv\/2025\/200-fincas-abandonadas-en-el-perimetro-del-centro-historico-representan-un-riesgo\/","og_site_name":"Canal 7 SLP - 2025","article_publisher":"https:\/\/www.facebook.com\/noticieroscanal7atencionciudadana\/","article_published_time":"2025-06-19T01:26:05+00:00","og_image":[{"width":1280,"height":720,"url":"https:\/\/canal7slp.tv\/2025\/wp-content\/uploads\/2025\/06\/Claudio03EnRiesgo.jpg","type":"image\/jpeg"}],"author":"Edici\u00f3n Web","twitter_card":"summary_large_image","twitter_creator":"@NOTICIEROS7","twitter_site":"@NOTICIEROS7","twitter_misc":{"Escrito por":"Edici\u00f3n Web","Tiempo de lectura":"1 minuto"},"schema":{"@context":"https:\/\/schema.org","@graph":[{"@type":"Article","@id":"https:\/\/canal7slp.tv\/2025\/200-fincas-abandonadas-en-el-perimetro-del-centro-historico-representan-un-riesgo\/#article","isPartOf":{"@id":"https:\/\/canal7slp.tv\/2025\/200-fincas-abandonadas-en-el-perimetro-del-centro-historico-representan-un-riesgo\/"},"author":{"name":"Edici\u00f3n Web","@id":"https:\/\/canal7slp.tv\/2025\/#\/schema\/person\/271e2b60a96e7cc9d9ac296f4d7e414b"},"headline":"200 fincas abandonadas en el per\u00edmetro del Centro Hist\u00f3rico representan un riesgo","datePublished":"2025-06-19T01:26:05+00:00","mainEntityOfPage":{"@id":"https:\/\/canal7slp.tv\/2025\/200-fincas-abandonadas-en-el-perimetro-del-centro-historico-representan-un-riesgo\/"},"wordCount":162,"publisher":{"@id":"https:\/\/canal7slp.tv\/2025\/#organization"},"image":{"@id":"https:\/\/canal7slp.tv\/2025\/200-fincas-abandonadas-en-el-perimetro-del-centro-historico-representan-un-riesgo\/#primaryimage"},"thumbnailUrl":"https:\/\/canal7slp.tv\/2025\/wp-content\/uploads\/2025\/06\/Claudio03EnRiesgo.jpg","articleSection":["DESTACADAS","LOCALES Y REGIONALES"],"inLanguage":"es"},{"@type":"WebPage","@id":"https:\/\/canal7slp.tv\/2025\/200-fincas-abandonadas-en-el-perimetro-del-centro-historico-representan-un-riesgo\/","url":"https:\/\/canal7slp.tv\/2025\/200-fincas-abandonadas-en-el-perimetro-del-centro-historico-representan-un-riesgo\/","name":"200 fincas abandonadas en el per\u00edmetro del Centro Hist\u00f3rico representan un riesgo - Canal 7 SLP - 2025","isPartOf":{"@id":"https:\/\/canal7slp.tv\/2025\/#website"},"primaryImageOfPage":{"@id":"https:\/\/canal7slp.tv\/2025\/200-fincas-abandonadas-en-el-perimetro-del-centro-historico-representan-un-riesgo\/#primaryimage"},"image":{"@id":"https:\/\/canal7slp.tv\/2025\/200-fincas-abandonadas-en-el-perimetro-del-centro-historico-representan-un-riesgo\/#primaryimage"},"thumbnailUrl":"https:\/\/canal7slp.tv\/2025\/wp-content\/uploads\/2025\/06\/Claudio03EnRiesgo.jpg","datePublished":"2025-06-19T01:26:05+00:00","breadcrumb":{"@id":"https:\/\/canal7slp.tv\/2025\/200-fincas-abandonadas-en-el-perimetro-del-centro-historico-representan-un-riesgo\/#breadcrumb"},"inLanguage":"es","potentialAction":[{"@type":"ReadAction","target":["https:\/\/canal7slp.tv\/2025\/200-fincas-abandonadas-en-el-perimetro-del-centro-historico-representan-un-riesgo\/"]}]},{"@type":"ImageObject","inLanguage":"es","@id":"https:\/\/canal7slp.tv\/2025\/200-fincas-abandonadas-en-el-perimetro-del-centro-historico-representan-un-riesgo\/#primaryimage","url":"https:\/\/canal7slp.tv\/2025\/wp-content\/uploads\/2025\/06\/Claudio03EnRiesgo.jpg","contentUrl":"https:\/\/canal7slp.tv\/2025\/wp-content\/uploads\/2025\/06\/Claudio03EnRiesgo.jpg","width":1280,"height":720},{"@type":"BreadcrumbList","@id":"https:\/\/canal7slp.tv\/2025\/200-fincas-abandonadas-en-el-perimetro-del-centro-historico-representan-un-riesgo\/#breadcrumb","itemListElement":[{"@type":"ListItem","position":1,"name":"Portada","item":"https:\/\/canal7slp.tv\/2025\/"},{"@type":"ListItem","position":2,"name":"200 fincas abandonadas en el per\u00edmetro del Centro Hist\u00f3rico representan un riesgo"}]},{"@type":"WebSite","@id":"https:\/\/canal7slp.tv\/2025\/#website","url":"https:\/\/canal7slp.tv\/2025\/","name":"N7 - Noticieros Canal 7","description":"Somos el Medio","publisher":{"@id":"https:\/\/canal7slp.tv\/2025\/#organization"},"potentialAction":[{"@type":"SearchAction","target":{"@type":"EntryPoint","urlTemplate":"https:\/\/canal7slp.tv\/2025\/?s={search_term_string}"},"query-input":{"@type":"PropertyValueSpecification","valueRequired":true,"valueName":"search_term_string"}}],"inLanguage":"es"},{"@type":"Organization","@id":"https:\/\/canal7slp.tv\/2025\/#organization","name":"Noticieros Canal 7","url":"https:\/\/canal7slp.tv\/2025\/","logo":{"@type":"ImageObject","inLanguage":"es","@id":"https:\/\/canal7slp.tv\/2025\/#\/schema\/logo\/image\/","url":"https:\/\/canal7slp.tv\/2025\/wp-content\/uploads\/2021\/01\/logo-noticieros@2x.png","contentUrl":"https:\/\/canal7slp.tv\/2025\/wp-content\/uploads\/2021\/01\/logo-noticieros@2x.png","width":1017,"height":268,"caption":"Noticieros Canal 7"},"image":{"@id":"https:\/\/canal7slp.tv\/2025\/#\/schema\/logo\/image\/"},"sameAs":["https:\/\/www.facebook.com\/noticieroscanal7atencionciudadana\/","https:\/\/x.com\/NOTICIEROS7","https:\/\/www.instagram.com\/canal7_slp","https:\/\/www.youtube.com\/channel\/UCliiYs-gP3JfJeqdPrNdd5A"]},{"@type":"Person","@id":"https:\/\/canal7slp.tv\/2025\/#\/schema\/person\/271e2b60a96e7cc9d9ac296f4d7e414b","name":"Edici\u00f3n Web","image":{"@type":"ImageObject","inLanguage":"es","@id":"https:\/\/secure.gravatar.com\/avatar\/eee448fc3f7164808013b816ba91ac7e43bbe82a70bebac296f8bc6f0addaa1a?s=96&d=mm&r=g","url":"https:\/\/secure.gravatar.com\/avatar\/eee448fc3f7164808013b816ba91ac7e43bbe82a70bebac296f8bc6f0addaa1a?s=96&d=mm&r=g","contentUrl":"https:\/\/secure.gravatar.com\/avatar\/eee448fc3f7164808013b816ba91ac7e43bbe82a70bebac296f8bc6f0addaa1a?s=96&d=mm&r=g","caption":"Edici\u00f3n Web"},"url":"https:\/\/canal7slp.tv\/2025\/author\/edicionweb\/"}]}},"_links":{"self":[{"href":"https:\/\/canal7slp.tv\/2025\/wp-json\/wp\/v2\/posts\/170907","targetHints":{"allow":["GET"]}}],"collection":[{"href":"https:\/\/canal7slp.tv\/2025\/wp-json\/wp\/v2\/posts"}],"about":[{"href":"https:\/\/canal7slp.tv\/2025\/wp-json\/wp\/v2\/types\/post"}],"author":[{"embeddable":true,"href":"https:\/\/canal7slp.tv\/2025\/wp-json\/wp\/v2\/users\/2"}],"replies":[{"embeddable":true,"href":"https:\/\/canal7slp.tv\/2025\/wp-json\/wp\/v2\/comments?post=170907"}],"version-history":[{"count":2,"href":"https:\/\/canal7slp.tv\/2025\/wp-json\/wp\/v2\/posts\/170907\/revisions"}],"predecessor-version":[{"id":170924,"href":"https:\/\/canal7slp.tv\/2025\/wp-json\/wp\/v2\/posts\/170907\/revisions\/170924"}],"wp:featuredmedia":[{"embeddable":true,"href":"https:\/\/canal7slp.tv\/2025\/wp-json\/wp\/v2\/media\/170922"}],"wp:attachment":[{"href":"https:\/\/canal7slp.tv\/2025\/wp-json\/wp\/v2\/media?parent=170907"}],"wp:term":[{"taxonomy":"category","embeddable":true,"href":"https:\/\/canal7slp.tv\/2025\/wp-json\/wp\/v2\/categories?post=170907"},{"taxonomy":"post_tag","embeddable":true,"href":"https:\/\/canal7slp.tv\/2025\/wp-json\/wp\/v2\/tags?post=170907"}],"curies":[{"name":"wp","href":"https:\/\/api.w.org\/{rel}","templated":true}]}}