{"id":170872,"date":"2025-06-18T17:45:49","date_gmt":"2025-06-18T23:45:49","guid":{"rendered":"https:\/\/canal7slp.tv\/2025\/?p=170872"},"modified":"2025-06-18T17:45:49","modified_gmt":"2025-06-18T23:45:49","slug":"fge-capturo-a-dos-personas-presuntas-responsables-de-homicidio-de-sandra-revilla","status":"publish","type":"post","link":"https:\/\/canal7slp.tv\/2025\/fge-capturo-a-dos-personas-presuntas-responsables-de-homicidio-de-sandra-revilla\/","title":{"rendered":"FGE captur\u00f3 a dos personas presuntas responsables de homicidio de Sandra Revilla"},"content":{"rendered":"<p style=\"text-align: justify;\">SLP.- En rueda de prensa ofrecida por la titular de la Fiscal\u00eda General del Estado de San Luis Potos\u00ed, Mar\u00eda Manuela Garc\u00eda C\u00e1zares y el encargado de la Polic\u00eda de Investigaci\u00f3n, Juan Alejandro Menchaca Sustaita, se inform\u00f3 sobre la detenci\u00f3n de un par de sujetos presuntamente involucrados en el homicidio de la empresaria Sandra Revilla Olavarrieta.<\/p>\n<p style=\"text-align: justify;\">\u201cEl d\u00eda de hoy han quedado a disposici\u00f3n dos personas detenidas por los hechos ocurridos el d\u00eda 10 de mayo de 2025 (\u2026) el d\u00eda 10 de mayo de 2025 fue privada de la vida una persona del sexo femenino quien despu\u00e9s de ingresar al lugar del trabajo falleci\u00f3 en el domicilio ubicado en el poniente de esta capital y la persona falleci\u00f3 a consecuencia de tres lesiones producidas por arma de fuego\u201d.<\/p>\n<p style=\"text-align: justify;\">El encargado de la Polic\u00eda de Investigaci\u00f3n, Juan Alejandro Menchaca Sustaita, extern\u00f3 las acciones realizadas.<\/p>\n<p style=\"text-align: justify;\">\u201cNos abocamos a darle seguimiento a la motocicleta que hab\u00eda ingresado a la marmolera y que hab\u00eda privado de la vida a Sandra (\u2026) nos damos cuenta hasta donde llega la motocicleta que es un domicilio particular (\u2026) nos damos cuenta que hay una planeaci\u00f3n desde un d\u00eda anterior y nos percatamos al hacer investigaci\u00f3n de los probables responsables nos percatamos que el m\u00f3vil es un robo, ellos trataron de robar el veh\u00edculo de Sandra y al tener resistencia por parte de ella la privan de la vida\u201d.<\/p>\n<p style=\"text-align: justify;\">Despu\u00e9s del hecho los responsables huyeron con diversos destinos, por lo que uno de ellos fue localizado en Jalisco y otro ya est\u00e1 en el penal local por otro delito.<\/p>\n<p style=\"text-align: justify;\">\u201cEl d\u00eda de ayer se detuvo a una persona en la ciudad de Guadalajara en la colonia Tetl\u00e1n en el municipio de Guadalajara, Jalisco y anteriormente ya hab\u00edamos detenido a una persona que estaba involucrada, la hab\u00edamos detenido por otra orden de aprensi\u00f3n, esa orden le estamos dando cumplimiento por reclusi\u00f3n, \u00e9l ya est\u00e1 recluido en el penal\u201d.<\/p>\n<p style=\"text-align: justify;\">Hay m\u00e1s participantes, todos son originarios de San Luis Potos\u00ed, no forman parte de grupos delincuenciales de alto impacto y la primera audiencia se dio el d\u00eda mi\u00e9rcoles 18 de junio por la tarde.<\/p>\n<p>Por: Juan Carlos Contreras<\/p>\n","protected":false},"excerpt":{"rendered":"<p>SLP.- En rueda de prensa ofrecida por la titular de la Fiscal\u00eda General del Estado de San Luis Potos\u00ed, Mar\u00eda Manuela Garc\u00eda C\u00e1zares y el encargado de la Polic\u00eda de Investigaci\u00f3n, Juan Alejandro Menchaca Sustaita, se inform\u00f3 sobre la detenci\u00f3n de un par de sujetos presuntamente involucrados en el homicidio de la empresaria Sandra Revilla Olavarrieta. \u201cEl d\u00eda de hoy han quedado a disposici\u00f3n dos personas detenidas por los hechos ocurridos el d\u00eda 10 de mayo de 2025 (\u2026) el d\u00eda 10 de mayo de 2025 fue privada de la vida una persona del sexo femenino quien despu\u00e9s de ingresar [&hellip;]<\/p>\n","protected":false},"author":2,"featured_media":170892,"comment_status":"closed","ping_status":"closed","sticky":false,"template":"","format":"video","meta":{"_monsterinsights_skip_tracking":false,"_monsterinsights_sitenote_active":false,"_monsterinsights_sitenote_note":"","_monsterinsights_sitenote_category":0,"footnotes":""},"categories":[5,510,45],"tags":[],"class_list":["post-170872","post","type-post","status-publish","format-video","has-post-thumbnail","hentry","category-destacadas","category-gobedoslp","category-localesyregionales","post_format-post-format-video","post--single"],"yoast_head":"<!-- This site is optimized with the Yoast SEO plugin v27.4 - https:\/\/yoast.com\/product\/yoast-seo-wordpress\/ -->\n<title>FGE captur\u00f3 a dos personas presuntas responsables de homicidio de Sandra Revilla - Canal 7 SLP - 2025<\/title>\n<meta name=\"robots\" content=\"index, follow, max-snippet:-1, max-image-preview:large, max-video-preview:-1\" \/>\n<link rel=\"canonical\" href=\"https:\/\/canal7slp.tv\/2025\/fge-capturo-a-dos-personas-presuntas-responsables-de-homicidio-de-sandra-revilla\/\" \/>\n<meta property=\"og:locale\" content=\"es_ES\" \/>\n<meta property=\"og:type\" content=\"article\" \/>\n<meta property=\"og:title\" content=\"FGE captur\u00f3 a dos personas presuntas responsables de homicidio de Sandra Revilla - Canal 7 SLP - 2025\" \/>\n<meta property=\"og:description\" content=\"SLP.- En rueda de prensa ofrecida por la titular de la Fiscal\u00eda General del Estado de San Luis Potos\u00ed, Mar\u00eda Manuela Garc\u00eda C\u00e1zares y el encargado de la Polic\u00eda de Investigaci\u00f3n, Juan Alejandro Menchaca Sustaita, se inform\u00f3 sobre la detenci\u00f3n de un par de sujetos presuntamente involucrados en el homicidio de la empresaria Sandra Revilla Olavarrieta. \u201cEl d\u00eda de hoy han quedado a disposici\u00f3n dos personas detenidas por los hechos ocurridos el d\u00eda 10 de mayo de 2025 (\u2026) el d\u00eda 10 de mayo de 2025 fue privada de la vida una persona del sexo femenino quien despu\u00e9s de ingresar [&hellip;]\" \/>\n<meta property=\"og:url\" content=\"https:\/\/canal7slp.tv\/2025\/fge-capturo-a-dos-personas-presuntas-responsables-de-homicidio-de-sandra-revilla\/\" \/>\n<meta property=\"og:site_name\" content=\"Canal 7 SLP - 2025\" \/>\n<meta property=\"article:publisher\" content=\"https:\/\/www.facebook.com\/noticieroscanal7atencionciudadana\/\" \/>\n<meta property=\"article:published_time\" content=\"2025-06-18T23:45:49+00:00\" \/>\n<meta property=\"og:image\" content=\"https:\/\/canal7slp.tv\/2025\/wp-content\/uploads\/2025\/06\/Poky05RuedaFiscalia.jpg\" \/>\n\t<meta property=\"og:image:width\" content=\"1280\" \/>\n\t<meta property=\"og:image:height\" content=\"720\" \/>\n\t<meta property=\"og:image:type\" content=\"image\/jpeg\" \/>\n<meta name=\"author\" content=\"Edici\u00f3n Web\" \/>\n<meta name=\"twitter:card\" content=\"summary_large_image\" \/>\n<meta name=\"twitter:creator\" content=\"@NOTICIEROS7\" \/>\n<meta name=\"twitter:site\" content=\"@NOTICIEROS7\" \/>\n<meta name=\"twitter:label1\" content=\"Escrito por\" \/>\n\t<meta name=\"twitter:data1\" content=\"Edici\u00f3n Web\" \/>\n\t<meta name=\"twitter:label2\" content=\"Tiempo de lectura\" \/>\n\t<meta name=\"twitter:data2\" content=\"2 minutos\" \/>\n<script type=\"application\/ld+json\" class=\"yoast-schema-graph\">{\"@context\":\"https:\\\/\\\/schema.org\",\"@graph\":[{\"@type\":\"Article\",\"@id\":\"https:\\\/\\\/canal7slp.tv\\\/2025\\\/fge-capturo-a-dos-personas-presuntas-responsables-de-homicidio-de-sandra-revilla\\\/#article\",\"isPartOf\":{\"@id\":\"https:\\\/\\\/canal7slp.tv\\\/2025\\\/fge-capturo-a-dos-personas-presuntas-responsables-de-homicidio-de-sandra-revilla\\\/\"},\"author\":{\"name\":\"Edici\u00f3n Web\",\"@id\":\"https:\\\/\\\/canal7slp.tv\\\/2025\\\/#\\\/schema\\\/person\\\/271e2b60a96e7cc9d9ac296f4d7e414b\"},\"headline\":\"FGE captur\u00f3 a dos personas presuntas responsables de homicidio de Sandra Revilla\",\"datePublished\":\"2025-06-18T23:45:49+00:00\",\"mainEntityOfPage\":{\"@id\":\"https:\\\/\\\/canal7slp.tv\\\/2025\\\/fge-capturo-a-dos-personas-presuntas-responsables-de-homicidio-de-sandra-revilla\\\/\"},\"wordCount\":394,\"publisher\":{\"@id\":\"https:\\\/\\\/canal7slp.tv\\\/2025\\\/#organization\"},\"image\":{\"@id\":\"https:\\\/\\\/canal7slp.tv\\\/2025\\\/fge-capturo-a-dos-personas-presuntas-responsables-de-homicidio-de-sandra-revilla\\\/#primaryimage\"},\"thumbnailUrl\":\"https:\\\/\\\/canal7slp.tv\\\/2025\\\/wp-content\\\/uploads\\\/2025\\\/06\\\/Poky05RuedaFiscalia.jpg\",\"articleSection\":[\"DESTACADAS\",\"GOBEDOSLP\",\"LOCALES Y REGIONALES\"],\"inLanguage\":\"es\"},{\"@type\":\"WebPage\",\"@id\":\"https:\\\/\\\/canal7slp.tv\\\/2025\\\/fge-capturo-a-dos-personas-presuntas-responsables-de-homicidio-de-sandra-revilla\\\/\",\"url\":\"https:\\\/\\\/canal7slp.tv\\\/2025\\\/fge-capturo-a-dos-personas-presuntas-responsables-de-homicidio-de-sandra-revilla\\\/\",\"name\":\"FGE captur\u00f3 a dos personas presuntas responsables de homicidio de Sandra Revilla - Canal 7 SLP - 2025\",\"isPartOf\":{\"@id\":\"https:\\\/\\\/canal7slp.tv\\\/2025\\\/#website\"},\"primaryImageOfPage\":{\"@id\":\"https:\\\/\\\/canal7slp.tv\\\/2025\\\/fge-capturo-a-dos-personas-presuntas-responsables-de-homicidio-de-sandra-revilla\\\/#primaryimage\"},\"image\":{\"@id\":\"https:\\\/\\\/canal7slp.tv\\\/2025\\\/fge-capturo-a-dos-personas-presuntas-responsables-de-homicidio-de-sandra-revilla\\\/#primaryimage\"},\"thumbnailUrl\":\"https:\\\/\\\/canal7slp.tv\\\/2025\\\/wp-content\\\/uploads\\\/2025\\\/06\\\/Poky05RuedaFiscalia.jpg\",\"datePublished\":\"2025-06-18T23:45:49+00:00\",\"breadcrumb\":{\"@id\":\"https:\\\/\\\/canal7slp.tv\\\/2025\\\/fge-capturo-a-dos-personas-presuntas-responsables-de-homicidio-de-sandra-revilla\\\/#breadcrumb\"},\"inLanguage\":\"es\",\"potentialAction\":[{\"@type\":\"ReadAction\",\"target\":[\"https:\\\/\\\/canal7slp.tv\\\/2025\\\/fge-capturo-a-dos-personas-presuntas-responsables-de-homicidio-de-sandra-revilla\\\/\"]}]},{\"@type\":\"ImageObject\",\"inLanguage\":\"es\",\"@id\":\"https:\\\/\\\/canal7slp.tv\\\/2025\\\/fge-capturo-a-dos-personas-presuntas-responsables-de-homicidio-de-sandra-revilla\\\/#primaryimage\",\"url\":\"https:\\\/\\\/canal7slp.tv\\\/2025\\\/wp-content\\\/uploads\\\/2025\\\/06\\\/Poky05RuedaFiscalia.jpg\",\"contentUrl\":\"https:\\\/\\\/canal7slp.tv\\\/2025\\\/wp-content\\\/uploads\\\/2025\\\/06\\\/Poky05RuedaFiscalia.jpg\",\"width\":1280,\"height\":720},{\"@type\":\"BreadcrumbList\",\"@id\":\"https:\\\/\\\/canal7slp.tv\\\/2025\\\/fge-capturo-a-dos-personas-presuntas-responsables-de-homicidio-de-sandra-revilla\\\/#breadcrumb\",\"itemListElement\":[{\"@type\":\"ListItem\",\"position\":1,\"name\":\"Portada\",\"item\":\"https:\\\/\\\/canal7slp.tv\\\/2025\\\/\"},{\"@type\":\"ListItem\",\"position\":2,\"name\":\"FGE captur\u00f3 a dos personas presuntas responsables de homicidio de Sandra Revilla\"}]},{\"@type\":\"WebSite\",\"@id\":\"https:\\\/\\\/canal7slp.tv\\\/2025\\\/#website\",\"url\":\"https:\\\/\\\/canal7slp.tv\\\/2025\\\/\",\"name\":\"N7 - Noticieros Canal 7\",\"description\":\"Somos el Medio\",\"publisher\":{\"@id\":\"https:\\\/\\\/canal7slp.tv\\\/2025\\\/#organization\"},\"potentialAction\":[{\"@type\":\"SearchAction\",\"target\":{\"@type\":\"EntryPoint\",\"urlTemplate\":\"https:\\\/\\\/canal7slp.tv\\\/2025\\\/?s={search_term_string}\"},\"query-input\":{\"@type\":\"PropertyValueSpecification\",\"valueRequired\":true,\"valueName\":\"search_term_string\"}}],\"inLanguage\":\"es\"},{\"@type\":\"Organization\",\"@id\":\"https:\\\/\\\/canal7slp.tv\\\/2025\\\/#organization\",\"name\":\"Noticieros Canal 7\",\"url\":\"https:\\\/\\\/canal7slp.tv\\\/2025\\\/\",\"logo\":{\"@type\":\"ImageObject\",\"inLanguage\":\"es\",\"@id\":\"https:\\\/\\\/canal7slp.tv\\\/2025\\\/#\\\/schema\\\/logo\\\/image\\\/\",\"url\":\"https:\\\/\\\/canal7slp.tv\\\/2025\\\/wp-content\\\/uploads\\\/2021\\\/01\\\/logo-noticieros@2x.png\",\"contentUrl\":\"https:\\\/\\\/canal7slp.tv\\\/2025\\\/wp-content\\\/uploads\\\/2021\\\/01\\\/logo-noticieros@2x.png\",\"width\":1017,\"height\":268,\"caption\":\"Noticieros Canal 7\"},\"image\":{\"@id\":\"https:\\\/\\\/canal7slp.tv\\\/2025\\\/#\\\/schema\\\/logo\\\/image\\\/\"},\"sameAs\":[\"https:\\\/\\\/www.facebook.com\\\/noticieroscanal7atencionciudadana\\\/\",\"https:\\\/\\\/x.com\\\/NOTICIEROS7\",\"https:\\\/\\\/www.instagram.com\\\/canal7_slp\",\"https:\\\/\\\/www.youtube.com\\\/channel\\\/UCliiYs-gP3JfJeqdPrNdd5A\"]},{\"@type\":\"Person\",\"@id\":\"https:\\\/\\\/canal7slp.tv\\\/2025\\\/#\\\/schema\\\/person\\\/271e2b60a96e7cc9d9ac296f4d7e414b\",\"name\":\"Edici\u00f3n Web\",\"image\":{\"@type\":\"ImageObject\",\"inLanguage\":\"es\",\"@id\":\"https:\\\/\\\/secure.gravatar.com\\\/avatar\\\/eee448fc3f7164808013b816ba91ac7e43bbe82a70bebac296f8bc6f0addaa1a?s=96&d=mm&r=g\",\"url\":\"https:\\\/\\\/secure.gravatar.com\\\/avatar\\\/eee448fc3f7164808013b816ba91ac7e43bbe82a70bebac296f8bc6f0addaa1a?s=96&d=mm&r=g\",\"contentUrl\":\"https:\\\/\\\/secure.gravatar.com\\\/avatar\\\/eee448fc3f7164808013b816ba91ac7e43bbe82a70bebac296f8bc6f0addaa1a?s=96&d=mm&r=g\",\"caption\":\"Edici\u00f3n Web\"},\"url\":\"https:\\\/\\\/canal7slp.tv\\\/2025\\\/author\\\/edicionweb\\\/\"}]}<\/script>\n<!-- \/ Yoast SEO plugin. -->","yoast_head_json":{"title":"FGE captur\u00f3 a dos personas presuntas responsables de homicidio de Sandra Revilla - Canal 7 SLP - 2025","robots":{"index":"index","follow":"follow","max-snippet":"max-snippet:-1","max-image-preview":"max-image-preview:large","max-video-preview":"max-video-preview:-1"},"canonical":"https:\/\/canal7slp.tv\/2025\/fge-capturo-a-dos-personas-presuntas-responsables-de-homicidio-de-sandra-revilla\/","og_locale":"es_ES","og_type":"article","og_title":"FGE captur\u00f3 a dos personas presuntas responsables de homicidio de Sandra Revilla - Canal 7 SLP - 2025","og_description":"SLP.- En rueda de prensa ofrecida por la titular de la Fiscal\u00eda General del Estado de San Luis Potos\u00ed, Mar\u00eda Manuela Garc\u00eda C\u00e1zares y el encargado de la Polic\u00eda de Investigaci\u00f3n, Juan Alejandro Menchaca Sustaita, se inform\u00f3 sobre la detenci\u00f3n de un par de sujetos presuntamente involucrados en el homicidio de la empresaria Sandra Revilla Olavarrieta. \u201cEl d\u00eda de hoy han quedado a disposici\u00f3n dos personas detenidas por los hechos ocurridos el d\u00eda 10 de mayo de 2025 (\u2026) el d\u00eda 10 de mayo de 2025 fue privada de la vida una persona del sexo femenino quien despu\u00e9s de ingresar [&hellip;]","og_url":"https:\/\/canal7slp.tv\/2025\/fge-capturo-a-dos-personas-presuntas-responsables-de-homicidio-de-sandra-revilla\/","og_site_name":"Canal 7 SLP - 2025","article_publisher":"https:\/\/www.facebook.com\/noticieroscanal7atencionciudadana\/","article_published_time":"2025-06-18T23:45:49+00:00","og_image":[{"width":1280,"height":720,"url":"https:\/\/canal7slp.tv\/2025\/wp-content\/uploads\/2025\/06\/Poky05RuedaFiscalia.jpg","type":"image\/jpeg"}],"author":"Edici\u00f3n Web","twitter_card":"summary_large_image","twitter_creator":"@NOTICIEROS7","twitter_site":"@NOTICIEROS7","twitter_misc":{"Escrito por":"Edici\u00f3n Web","Tiempo de lectura":"2 minutos"},"schema":{"@context":"https:\/\/schema.org","@graph":[{"@type":"Article","@id":"https:\/\/canal7slp.tv\/2025\/fge-capturo-a-dos-personas-presuntas-responsables-de-homicidio-de-sandra-revilla\/#article","isPartOf":{"@id":"https:\/\/canal7slp.tv\/2025\/fge-capturo-a-dos-personas-presuntas-responsables-de-homicidio-de-sandra-revilla\/"},"author":{"name":"Edici\u00f3n Web","@id":"https:\/\/canal7slp.tv\/2025\/#\/schema\/person\/271e2b60a96e7cc9d9ac296f4d7e414b"},"headline":"FGE captur\u00f3 a dos personas presuntas responsables de homicidio de Sandra Revilla","datePublished":"2025-06-18T23:45:49+00:00","mainEntityOfPage":{"@id":"https:\/\/canal7slp.tv\/2025\/fge-capturo-a-dos-personas-presuntas-responsables-de-homicidio-de-sandra-revilla\/"},"wordCount":394,"publisher":{"@id":"https:\/\/canal7slp.tv\/2025\/#organization"},"image":{"@id":"https:\/\/canal7slp.tv\/2025\/fge-capturo-a-dos-personas-presuntas-responsables-de-homicidio-de-sandra-revilla\/#primaryimage"},"thumbnailUrl":"https:\/\/canal7slp.tv\/2025\/wp-content\/uploads\/2025\/06\/Poky05RuedaFiscalia.jpg","articleSection":["DESTACADAS","GOBEDOSLP","LOCALES Y REGIONALES"],"inLanguage":"es"},{"@type":"WebPage","@id":"https:\/\/canal7slp.tv\/2025\/fge-capturo-a-dos-personas-presuntas-responsables-de-homicidio-de-sandra-revilla\/","url":"https:\/\/canal7slp.tv\/2025\/fge-capturo-a-dos-personas-presuntas-responsables-de-homicidio-de-sandra-revilla\/","name":"FGE captur\u00f3 a dos personas presuntas responsables de homicidio de Sandra Revilla - Canal 7 SLP - 2025","isPartOf":{"@id":"https:\/\/canal7slp.tv\/2025\/#website"},"primaryImageOfPage":{"@id":"https:\/\/canal7slp.tv\/2025\/fge-capturo-a-dos-personas-presuntas-responsables-de-homicidio-de-sandra-revilla\/#primaryimage"},"image":{"@id":"https:\/\/canal7slp.tv\/2025\/fge-capturo-a-dos-personas-presuntas-responsables-de-homicidio-de-sandra-revilla\/#primaryimage"},"thumbnailUrl":"https:\/\/canal7slp.tv\/2025\/wp-content\/uploads\/2025\/06\/Poky05RuedaFiscalia.jpg","datePublished":"2025-06-18T23:45:49+00:00","breadcrumb":{"@id":"https:\/\/canal7slp.tv\/2025\/fge-capturo-a-dos-personas-presuntas-responsables-de-homicidio-de-sandra-revilla\/#breadcrumb"},"inLanguage":"es","potentialAction":[{"@type":"ReadAction","target":["https:\/\/canal7slp.tv\/2025\/fge-capturo-a-dos-personas-presuntas-responsables-de-homicidio-de-sandra-revilla\/"]}]},{"@type":"ImageObject","inLanguage":"es","@id":"https:\/\/canal7slp.tv\/2025\/fge-capturo-a-dos-personas-presuntas-responsables-de-homicidio-de-sandra-revilla\/#primaryimage","url":"https:\/\/canal7slp.tv\/2025\/wp-content\/uploads\/2025\/06\/Poky05RuedaFiscalia.jpg","contentUrl":"https:\/\/canal7slp.tv\/2025\/wp-content\/uploads\/2025\/06\/Poky05RuedaFiscalia.jpg","width":1280,"height":720},{"@type":"BreadcrumbList","@id":"https:\/\/canal7slp.tv\/2025\/fge-capturo-a-dos-personas-presuntas-responsables-de-homicidio-de-sandra-revilla\/#breadcrumb","itemListElement":[{"@type":"ListItem","position":1,"name":"Portada","item":"https:\/\/canal7slp.tv\/2025\/"},{"@type":"ListItem","position":2,"name":"FGE captur\u00f3 a dos personas presuntas responsables de homicidio de Sandra Revilla"}]},{"@type":"WebSite","@id":"https:\/\/canal7slp.tv\/2025\/#website","url":"https:\/\/canal7slp.tv\/2025\/","name":"N7 - Noticieros Canal 7","description":"Somos el Medio","publisher":{"@id":"https:\/\/canal7slp.tv\/2025\/#organization"},"potentialAction":[{"@type":"SearchAction","target":{"@type":"EntryPoint","urlTemplate":"https:\/\/canal7slp.tv\/2025\/?s={search_term_string}"},"query-input":{"@type":"PropertyValueSpecification","valueRequired":true,"valueName":"search_term_string"}}],"inLanguage":"es"},{"@type":"Organization","@id":"https:\/\/canal7slp.tv\/2025\/#organization","name":"Noticieros Canal 7","url":"https:\/\/canal7slp.tv\/2025\/","logo":{"@type":"ImageObject","inLanguage":"es","@id":"https:\/\/canal7slp.tv\/2025\/#\/schema\/logo\/image\/","url":"https:\/\/canal7slp.tv\/2025\/wp-content\/uploads\/2021\/01\/logo-noticieros@2x.png","contentUrl":"https:\/\/canal7slp.tv\/2025\/wp-content\/uploads\/2021\/01\/logo-noticieros@2x.png","width":1017,"height":268,"caption":"Noticieros Canal 7"},"image":{"@id":"https:\/\/canal7slp.tv\/2025\/#\/schema\/logo\/image\/"},"sameAs":["https:\/\/www.facebook.com\/noticieroscanal7atencionciudadana\/","https:\/\/x.com\/NOTICIEROS7","https:\/\/www.instagram.com\/canal7_slp","https:\/\/www.youtube.com\/channel\/UCliiYs-gP3JfJeqdPrNdd5A"]},{"@type":"Person","@id":"https:\/\/canal7slp.tv\/2025\/#\/schema\/person\/271e2b60a96e7cc9d9ac296f4d7e414b","name":"Edici\u00f3n Web","image":{"@type":"ImageObject","inLanguage":"es","@id":"https:\/\/secure.gravatar.com\/avatar\/eee448fc3f7164808013b816ba91ac7e43bbe82a70bebac296f8bc6f0addaa1a?s=96&d=mm&r=g","url":"https:\/\/secure.gravatar.com\/avatar\/eee448fc3f7164808013b816ba91ac7e43bbe82a70bebac296f8bc6f0addaa1a?s=96&d=mm&r=g","contentUrl":"https:\/\/secure.gravatar.com\/avatar\/eee448fc3f7164808013b816ba91ac7e43bbe82a70bebac296f8bc6f0addaa1a?s=96&d=mm&r=g","caption":"Edici\u00f3n Web"},"url":"https:\/\/canal7slp.tv\/2025\/author\/edicionweb\/"}]}},"_links":{"self":[{"href":"https:\/\/canal7slp.tv\/2025\/wp-json\/wp\/v2\/posts\/170872","targetHints":{"allow":["GET"]}}],"collection":[{"href":"https:\/\/canal7slp.tv\/2025\/wp-json\/wp\/v2\/posts"}],"about":[{"href":"https:\/\/canal7slp.tv\/2025\/wp-json\/wp\/v2\/types\/post"}],"author":[{"embeddable":true,"href":"https:\/\/canal7slp.tv\/2025\/wp-json\/wp\/v2\/users\/2"}],"replies":[{"embeddable":true,"href":"https:\/\/canal7slp.tv\/2025\/wp-json\/wp\/v2\/comments?post=170872"}],"version-history":[{"count":3,"href":"https:\/\/canal7slp.tv\/2025\/wp-json\/wp\/v2\/posts\/170872\/revisions"}],"predecessor-version":[{"id":170893,"href":"https:\/\/canal7slp.tv\/2025\/wp-json\/wp\/v2\/posts\/170872\/revisions\/170893"}],"wp:featuredmedia":[{"embeddable":true,"href":"https:\/\/canal7slp.tv\/2025\/wp-json\/wp\/v2\/media\/170892"}],"wp:attachment":[{"href":"https:\/\/canal7slp.tv\/2025\/wp-json\/wp\/v2\/media?parent=170872"}],"wp:term":[{"taxonomy":"category","embeddable":true,"href":"https:\/\/canal7slp.tv\/2025\/wp-json\/wp\/v2\/categories?post=170872"},{"taxonomy":"post_tag","embeddable":true,"href":"https:\/\/canal7slp.tv\/2025\/wp-json\/wp\/v2\/tags?post=170872"}],"curies":[{"name":"wp","href":"https:\/\/api.w.org\/{rel}","templated":true}]}}