{"id":170871,"date":"2025-06-18T17:25:47","date_gmt":"2025-06-18T23:25:47","guid":{"rendered":"https:\/\/canal7slp.tv\/2025\/?p=170871"},"modified":"2025-06-18T17:25:47","modified_gmt":"2025-06-18T23:25:47","slug":"en-septiembre-nueva-grabacion-de-serie-en-la-capital-de-slp","status":"publish","type":"post","link":"https:\/\/canal7slp.tv\/2025\/en-septiembre-nueva-grabacion-de-serie-en-la-capital-de-slp\/","title":{"rendered":"En septiembre nueva grabaci\u00f3n de serie en la capital de SLP"},"content":{"rendered":"<p style=\"text-align: justify;\"><span style=\"font-size: 1.21429rem;\">SLP.- Una nueva serie se grabar\u00e1 en la ciudad de San Luis Potos\u00ed y ser\u00e1 la que mayor producci\u00f3n traiga a la capital, as\u00ed lo expuso la directora de Turismo Municipal, Claudia Lorena Peralta Antiga.<\/span><\/p>\n<p style=\"text-align: justify;\">\u201cViene un proyecto muy grande, incluso tal vez el m\u00e1s grande que hemos tenido, iniciamos en septiembre grabaciones, yo espero pronto ya poder darles todos los detalles\u201d.<\/p>\n<p style=\"text-align: justify;\">A la fecha se ha elegido a la capital como set de varias producciones.<\/p>\n<p style=\"text-align: justify;\">\u201cDe esta administraci\u00f3n va una seria, va un videoclip y este evento grande que viene y estamos cerrando con otros locaciones para que podamos definir cu\u00e1ndo empezamos (\u2026) del pasado fueron nueve grabaciones que se hicieron principalmente series de Netflix y de Amazon\u201d.<\/p>\n<p style=\"text-align: justify;\">Cuestionada en el origen de la casa productora de la serie que se grabar\u00e1 en el mes de septiembre, la historia o mayores detalles, la directora de Turismo Claudia Lorena, evit\u00f3 dar m\u00e1s datos.<\/p>\n<p style=\"text-align: justify;\">\u201cEs una empresa mexicana y bueno, ya cuando les diga por supuesto que lo van a reconocer\u201d.<\/p>\n<p>Por: Juan Carlos Contreras<\/p>\n","protected":false},"excerpt":{"rendered":"<p>SLP.- Una nueva serie se grabar\u00e1 en la ciudad de San Luis Potos\u00ed y ser\u00e1 la que mayor producci\u00f3n traiga a la capital, as\u00ed lo expuso la directora de Turismo Municipal, Claudia Lorena Peralta Antiga. \u201cViene un proyecto muy grande, incluso tal vez el m\u00e1s grande que hemos tenido, iniciamos en septiembre grabaciones, yo espero pronto ya poder darles todos los detalles\u201d. A la fecha se ha elegido a la capital como set de varias producciones. \u201cDe esta administraci\u00f3n va una seria, va un videoclip y este evento grande que viene y estamos cerrando con otros locaciones para que podamos [&hellip;]<\/p>\n","protected":false},"author":2,"featured_media":170889,"comment_status":"closed","ping_status":"closed","sticky":false,"template":"","format":"video","meta":{"_monsterinsights_skip_tracking":false,"_monsterinsights_sitenote_active":false,"_monsterinsights_sitenote_note":"","_monsterinsights_sitenote_category":0,"footnotes":""},"categories":[66,5,45],"tags":[],"class_list":["post-170871","post","type-post","status-publish","format-video","has-post-thumbnail","hentry","category-ayoslp","category-destacadas","category-localesyregionales","post_format-post-format-video","post--single"],"yoast_head":"<!-- This site is optimized with the Yoast SEO plugin v27.4 - https:\/\/yoast.com\/product\/yoast-seo-wordpress\/ -->\n<title>En septiembre nueva grabaci\u00f3n de serie en la capital de SLP - Canal 7 SLP - 2025<\/title>\n<meta name=\"robots\" content=\"index, follow, max-snippet:-1, max-image-preview:large, max-video-preview:-1\" \/>\n<link rel=\"canonical\" href=\"https:\/\/canal7slp.tv\/2025\/en-septiembre-nueva-grabacion-de-serie-en-la-capital-de-slp\/\" \/>\n<meta property=\"og:locale\" content=\"es_ES\" \/>\n<meta property=\"og:type\" content=\"article\" \/>\n<meta property=\"og:title\" content=\"En septiembre nueva grabaci\u00f3n de serie en la capital de SLP - Canal 7 SLP - 2025\" \/>\n<meta property=\"og:description\" content=\"SLP.- Una nueva serie se grabar\u00e1 en la ciudad de San Luis Potos\u00ed y ser\u00e1 la que mayor producci\u00f3n traiga a la capital, as\u00ed lo expuso la directora de Turismo Municipal, Claudia Lorena Peralta Antiga. \u201cViene un proyecto muy grande, incluso tal vez el m\u00e1s grande que hemos tenido, iniciamos en septiembre grabaciones, yo espero pronto ya poder darles todos los detalles\u201d. A la fecha se ha elegido a la capital como set de varias producciones. \u201cDe esta administraci\u00f3n va una seria, va un videoclip y este evento grande que viene y estamos cerrando con otros locaciones para que podamos [&hellip;]\" \/>\n<meta property=\"og:url\" content=\"https:\/\/canal7slp.tv\/2025\/en-septiembre-nueva-grabacion-de-serie-en-la-capital-de-slp\/\" \/>\n<meta property=\"og:site_name\" content=\"Canal 7 SLP - 2025\" \/>\n<meta property=\"article:publisher\" content=\"https:\/\/www.facebook.com\/noticieroscanal7atencionciudadana\/\" \/>\n<meta property=\"article:published_time\" content=\"2025-06-18T23:25:47+00:00\" \/>\n<meta property=\"og:image\" content=\"https:\/\/canal7slp.tv\/2025\/wp-content\/uploads\/2025\/06\/Poky04GrabacionesCapital.jpg\" \/>\n\t<meta property=\"og:image:width\" content=\"1280\" \/>\n\t<meta property=\"og:image:height\" content=\"720\" \/>\n\t<meta property=\"og:image:type\" content=\"image\/jpeg\" \/>\n<meta name=\"author\" content=\"Edici\u00f3n Web\" \/>\n<meta name=\"twitter:card\" content=\"summary_large_image\" \/>\n<meta name=\"twitter:creator\" content=\"@NOTICIEROS7\" \/>\n<meta name=\"twitter:site\" content=\"@NOTICIEROS7\" \/>\n<meta name=\"twitter:label1\" content=\"Escrito por\" \/>\n\t<meta name=\"twitter:data1\" content=\"Edici\u00f3n Web\" \/>\n\t<meta name=\"twitter:label2\" content=\"Tiempo de lectura\" \/>\n\t<meta name=\"twitter:data2\" content=\"1 minuto\" \/>\n<script type=\"application\/ld+json\" class=\"yoast-schema-graph\">{\"@context\":\"https:\\\/\\\/schema.org\",\"@graph\":[{\"@type\":\"Article\",\"@id\":\"https:\\\/\\\/canal7slp.tv\\\/2025\\\/en-septiembre-nueva-grabacion-de-serie-en-la-capital-de-slp\\\/#article\",\"isPartOf\":{\"@id\":\"https:\\\/\\\/canal7slp.tv\\\/2025\\\/en-septiembre-nueva-grabacion-de-serie-en-la-capital-de-slp\\\/\"},\"author\":{\"name\":\"Edici\u00f3n Web\",\"@id\":\"https:\\\/\\\/canal7slp.tv\\\/2025\\\/#\\\/schema\\\/person\\\/271e2b60a96e7cc9d9ac296f4d7e414b\"},\"headline\":\"En septiembre nueva grabaci\u00f3n de serie en la capital de SLP\",\"datePublished\":\"2025-06-18T23:25:47+00:00\",\"mainEntityOfPage\":{\"@id\":\"https:\\\/\\\/canal7slp.tv\\\/2025\\\/en-septiembre-nueva-grabacion-de-serie-en-la-capital-de-slp\\\/\"},\"wordCount\":191,\"publisher\":{\"@id\":\"https:\\\/\\\/canal7slp.tv\\\/2025\\\/#organization\"},\"image\":{\"@id\":\"https:\\\/\\\/canal7slp.tv\\\/2025\\\/en-septiembre-nueva-grabacion-de-serie-en-la-capital-de-slp\\\/#primaryimage\"},\"thumbnailUrl\":\"https:\\\/\\\/canal7slp.tv\\\/2025\\\/wp-content\\\/uploads\\\/2025\\\/06\\\/Poky04GrabacionesCapital.jpg\",\"articleSection\":[\"AYOSLP\",\"DESTACADAS\",\"LOCALES Y REGIONALES\"],\"inLanguage\":\"es\"},{\"@type\":\"WebPage\",\"@id\":\"https:\\\/\\\/canal7slp.tv\\\/2025\\\/en-septiembre-nueva-grabacion-de-serie-en-la-capital-de-slp\\\/\",\"url\":\"https:\\\/\\\/canal7slp.tv\\\/2025\\\/en-septiembre-nueva-grabacion-de-serie-en-la-capital-de-slp\\\/\",\"name\":\"En septiembre nueva grabaci\u00f3n de serie en la capital de SLP - Canal 7 SLP - 2025\",\"isPartOf\":{\"@id\":\"https:\\\/\\\/canal7slp.tv\\\/2025\\\/#website\"},\"primaryImageOfPage\":{\"@id\":\"https:\\\/\\\/canal7slp.tv\\\/2025\\\/en-septiembre-nueva-grabacion-de-serie-en-la-capital-de-slp\\\/#primaryimage\"},\"image\":{\"@id\":\"https:\\\/\\\/canal7slp.tv\\\/2025\\\/en-septiembre-nueva-grabacion-de-serie-en-la-capital-de-slp\\\/#primaryimage\"},\"thumbnailUrl\":\"https:\\\/\\\/canal7slp.tv\\\/2025\\\/wp-content\\\/uploads\\\/2025\\\/06\\\/Poky04GrabacionesCapital.jpg\",\"datePublished\":\"2025-06-18T23:25:47+00:00\",\"breadcrumb\":{\"@id\":\"https:\\\/\\\/canal7slp.tv\\\/2025\\\/en-septiembre-nueva-grabacion-de-serie-en-la-capital-de-slp\\\/#breadcrumb\"},\"inLanguage\":\"es\",\"potentialAction\":[{\"@type\":\"ReadAction\",\"target\":[\"https:\\\/\\\/canal7slp.tv\\\/2025\\\/en-septiembre-nueva-grabacion-de-serie-en-la-capital-de-slp\\\/\"]}]},{\"@type\":\"ImageObject\",\"inLanguage\":\"es\",\"@id\":\"https:\\\/\\\/canal7slp.tv\\\/2025\\\/en-septiembre-nueva-grabacion-de-serie-en-la-capital-de-slp\\\/#primaryimage\",\"url\":\"https:\\\/\\\/canal7slp.tv\\\/2025\\\/wp-content\\\/uploads\\\/2025\\\/06\\\/Poky04GrabacionesCapital.jpg\",\"contentUrl\":\"https:\\\/\\\/canal7slp.tv\\\/2025\\\/wp-content\\\/uploads\\\/2025\\\/06\\\/Poky04GrabacionesCapital.jpg\",\"width\":1280,\"height\":720},{\"@type\":\"BreadcrumbList\",\"@id\":\"https:\\\/\\\/canal7slp.tv\\\/2025\\\/en-septiembre-nueva-grabacion-de-serie-en-la-capital-de-slp\\\/#breadcrumb\",\"itemListElement\":[{\"@type\":\"ListItem\",\"position\":1,\"name\":\"Portada\",\"item\":\"https:\\\/\\\/canal7slp.tv\\\/2025\\\/\"},{\"@type\":\"ListItem\",\"position\":2,\"name\":\"En septiembre nueva grabaci\u00f3n de serie en la capital de SLP\"}]},{\"@type\":\"WebSite\",\"@id\":\"https:\\\/\\\/canal7slp.tv\\\/2025\\\/#website\",\"url\":\"https:\\\/\\\/canal7slp.tv\\\/2025\\\/\",\"name\":\"N7 - Noticieros Canal 7\",\"description\":\"Somos el Medio\",\"publisher\":{\"@id\":\"https:\\\/\\\/canal7slp.tv\\\/2025\\\/#organization\"},\"potentialAction\":[{\"@type\":\"SearchAction\",\"target\":{\"@type\":\"EntryPoint\",\"urlTemplate\":\"https:\\\/\\\/canal7slp.tv\\\/2025\\\/?s={search_term_string}\"},\"query-input\":{\"@type\":\"PropertyValueSpecification\",\"valueRequired\":true,\"valueName\":\"search_term_string\"}}],\"inLanguage\":\"es\"},{\"@type\":\"Organization\",\"@id\":\"https:\\\/\\\/canal7slp.tv\\\/2025\\\/#organization\",\"name\":\"Noticieros Canal 7\",\"url\":\"https:\\\/\\\/canal7slp.tv\\\/2025\\\/\",\"logo\":{\"@type\":\"ImageObject\",\"inLanguage\":\"es\",\"@id\":\"https:\\\/\\\/canal7slp.tv\\\/2025\\\/#\\\/schema\\\/logo\\\/image\\\/\",\"url\":\"https:\\\/\\\/canal7slp.tv\\\/2025\\\/wp-content\\\/uploads\\\/2021\\\/01\\\/logo-noticieros@2x.png\",\"contentUrl\":\"https:\\\/\\\/canal7slp.tv\\\/2025\\\/wp-content\\\/uploads\\\/2021\\\/01\\\/logo-noticieros@2x.png\",\"width\":1017,\"height\":268,\"caption\":\"Noticieros Canal 7\"},\"image\":{\"@id\":\"https:\\\/\\\/canal7slp.tv\\\/2025\\\/#\\\/schema\\\/logo\\\/image\\\/\"},\"sameAs\":[\"https:\\\/\\\/www.facebook.com\\\/noticieroscanal7atencionciudadana\\\/\",\"https:\\\/\\\/x.com\\\/NOTICIEROS7\",\"https:\\\/\\\/www.instagram.com\\\/canal7_slp\",\"https:\\\/\\\/www.youtube.com\\\/channel\\\/UCliiYs-gP3JfJeqdPrNdd5A\"]},{\"@type\":\"Person\",\"@id\":\"https:\\\/\\\/canal7slp.tv\\\/2025\\\/#\\\/schema\\\/person\\\/271e2b60a96e7cc9d9ac296f4d7e414b\",\"name\":\"Edici\u00f3n Web\",\"image\":{\"@type\":\"ImageObject\",\"inLanguage\":\"es\",\"@id\":\"https:\\\/\\\/secure.gravatar.com\\\/avatar\\\/eee448fc3f7164808013b816ba91ac7e43bbe82a70bebac296f8bc6f0addaa1a?s=96&d=mm&r=g\",\"url\":\"https:\\\/\\\/secure.gravatar.com\\\/avatar\\\/eee448fc3f7164808013b816ba91ac7e43bbe82a70bebac296f8bc6f0addaa1a?s=96&d=mm&r=g\",\"contentUrl\":\"https:\\\/\\\/secure.gravatar.com\\\/avatar\\\/eee448fc3f7164808013b816ba91ac7e43bbe82a70bebac296f8bc6f0addaa1a?s=96&d=mm&r=g\",\"caption\":\"Edici\u00f3n Web\"},\"url\":\"https:\\\/\\\/canal7slp.tv\\\/2025\\\/author\\\/edicionweb\\\/\"}]}<\/script>\n<!-- \/ Yoast SEO plugin. -->","yoast_head_json":{"title":"En septiembre nueva grabaci\u00f3n de serie en la capital de SLP - Canal 7 SLP - 2025","robots":{"index":"index","follow":"follow","max-snippet":"max-snippet:-1","max-image-preview":"max-image-preview:large","max-video-preview":"max-video-preview:-1"},"canonical":"https:\/\/canal7slp.tv\/2025\/en-septiembre-nueva-grabacion-de-serie-en-la-capital-de-slp\/","og_locale":"es_ES","og_type":"article","og_title":"En septiembre nueva grabaci\u00f3n de serie en la capital de SLP - Canal 7 SLP - 2025","og_description":"SLP.- Una nueva serie se grabar\u00e1 en la ciudad de San Luis Potos\u00ed y ser\u00e1 la que mayor producci\u00f3n traiga a la capital, as\u00ed lo expuso la directora de Turismo Municipal, Claudia Lorena Peralta Antiga. \u201cViene un proyecto muy grande, incluso tal vez el m\u00e1s grande que hemos tenido, iniciamos en septiembre grabaciones, yo espero pronto ya poder darles todos los detalles\u201d. A la fecha se ha elegido a la capital como set de varias producciones. \u201cDe esta administraci\u00f3n va una seria, va un videoclip y este evento grande que viene y estamos cerrando con otros locaciones para que podamos [&hellip;]","og_url":"https:\/\/canal7slp.tv\/2025\/en-septiembre-nueva-grabacion-de-serie-en-la-capital-de-slp\/","og_site_name":"Canal 7 SLP - 2025","article_publisher":"https:\/\/www.facebook.com\/noticieroscanal7atencionciudadana\/","article_published_time":"2025-06-18T23:25:47+00:00","og_image":[{"width":1280,"height":720,"url":"https:\/\/canal7slp.tv\/2025\/wp-content\/uploads\/2025\/06\/Poky04GrabacionesCapital.jpg","type":"image\/jpeg"}],"author":"Edici\u00f3n Web","twitter_card":"summary_large_image","twitter_creator":"@NOTICIEROS7","twitter_site":"@NOTICIEROS7","twitter_misc":{"Escrito por":"Edici\u00f3n Web","Tiempo de lectura":"1 minuto"},"schema":{"@context":"https:\/\/schema.org","@graph":[{"@type":"Article","@id":"https:\/\/canal7slp.tv\/2025\/en-septiembre-nueva-grabacion-de-serie-en-la-capital-de-slp\/#article","isPartOf":{"@id":"https:\/\/canal7slp.tv\/2025\/en-septiembre-nueva-grabacion-de-serie-en-la-capital-de-slp\/"},"author":{"name":"Edici\u00f3n Web","@id":"https:\/\/canal7slp.tv\/2025\/#\/schema\/person\/271e2b60a96e7cc9d9ac296f4d7e414b"},"headline":"En septiembre nueva grabaci\u00f3n de serie en la capital de SLP","datePublished":"2025-06-18T23:25:47+00:00","mainEntityOfPage":{"@id":"https:\/\/canal7slp.tv\/2025\/en-septiembre-nueva-grabacion-de-serie-en-la-capital-de-slp\/"},"wordCount":191,"publisher":{"@id":"https:\/\/canal7slp.tv\/2025\/#organization"},"image":{"@id":"https:\/\/canal7slp.tv\/2025\/en-septiembre-nueva-grabacion-de-serie-en-la-capital-de-slp\/#primaryimage"},"thumbnailUrl":"https:\/\/canal7slp.tv\/2025\/wp-content\/uploads\/2025\/06\/Poky04GrabacionesCapital.jpg","articleSection":["AYOSLP","DESTACADAS","LOCALES Y REGIONALES"],"inLanguage":"es"},{"@type":"WebPage","@id":"https:\/\/canal7slp.tv\/2025\/en-septiembre-nueva-grabacion-de-serie-en-la-capital-de-slp\/","url":"https:\/\/canal7slp.tv\/2025\/en-septiembre-nueva-grabacion-de-serie-en-la-capital-de-slp\/","name":"En septiembre nueva grabaci\u00f3n de serie en la capital de SLP - Canal 7 SLP - 2025","isPartOf":{"@id":"https:\/\/canal7slp.tv\/2025\/#website"},"primaryImageOfPage":{"@id":"https:\/\/canal7slp.tv\/2025\/en-septiembre-nueva-grabacion-de-serie-en-la-capital-de-slp\/#primaryimage"},"image":{"@id":"https:\/\/canal7slp.tv\/2025\/en-septiembre-nueva-grabacion-de-serie-en-la-capital-de-slp\/#primaryimage"},"thumbnailUrl":"https:\/\/canal7slp.tv\/2025\/wp-content\/uploads\/2025\/06\/Poky04GrabacionesCapital.jpg","datePublished":"2025-06-18T23:25:47+00:00","breadcrumb":{"@id":"https:\/\/canal7slp.tv\/2025\/en-septiembre-nueva-grabacion-de-serie-en-la-capital-de-slp\/#breadcrumb"},"inLanguage":"es","potentialAction":[{"@type":"ReadAction","target":["https:\/\/canal7slp.tv\/2025\/en-septiembre-nueva-grabacion-de-serie-en-la-capital-de-slp\/"]}]},{"@type":"ImageObject","inLanguage":"es","@id":"https:\/\/canal7slp.tv\/2025\/en-septiembre-nueva-grabacion-de-serie-en-la-capital-de-slp\/#primaryimage","url":"https:\/\/canal7slp.tv\/2025\/wp-content\/uploads\/2025\/06\/Poky04GrabacionesCapital.jpg","contentUrl":"https:\/\/canal7slp.tv\/2025\/wp-content\/uploads\/2025\/06\/Poky04GrabacionesCapital.jpg","width":1280,"height":720},{"@type":"BreadcrumbList","@id":"https:\/\/canal7slp.tv\/2025\/en-septiembre-nueva-grabacion-de-serie-en-la-capital-de-slp\/#breadcrumb","itemListElement":[{"@type":"ListItem","position":1,"name":"Portada","item":"https:\/\/canal7slp.tv\/2025\/"},{"@type":"ListItem","position":2,"name":"En septiembre nueva grabaci\u00f3n de serie en la capital de SLP"}]},{"@type":"WebSite","@id":"https:\/\/canal7slp.tv\/2025\/#website","url":"https:\/\/canal7slp.tv\/2025\/","name":"N7 - Noticieros Canal 7","description":"Somos el Medio","publisher":{"@id":"https:\/\/canal7slp.tv\/2025\/#organization"},"potentialAction":[{"@type":"SearchAction","target":{"@type":"EntryPoint","urlTemplate":"https:\/\/canal7slp.tv\/2025\/?s={search_term_string}"},"query-input":{"@type":"PropertyValueSpecification","valueRequired":true,"valueName":"search_term_string"}}],"inLanguage":"es"},{"@type":"Organization","@id":"https:\/\/canal7slp.tv\/2025\/#organization","name":"Noticieros Canal 7","url":"https:\/\/canal7slp.tv\/2025\/","logo":{"@type":"ImageObject","inLanguage":"es","@id":"https:\/\/canal7slp.tv\/2025\/#\/schema\/logo\/image\/","url":"https:\/\/canal7slp.tv\/2025\/wp-content\/uploads\/2021\/01\/logo-noticieros@2x.png","contentUrl":"https:\/\/canal7slp.tv\/2025\/wp-content\/uploads\/2021\/01\/logo-noticieros@2x.png","width":1017,"height":268,"caption":"Noticieros Canal 7"},"image":{"@id":"https:\/\/canal7slp.tv\/2025\/#\/schema\/logo\/image\/"},"sameAs":["https:\/\/www.facebook.com\/noticieroscanal7atencionciudadana\/","https:\/\/x.com\/NOTICIEROS7","https:\/\/www.instagram.com\/canal7_slp","https:\/\/www.youtube.com\/channel\/UCliiYs-gP3JfJeqdPrNdd5A"]},{"@type":"Person","@id":"https:\/\/canal7slp.tv\/2025\/#\/schema\/person\/271e2b60a96e7cc9d9ac296f4d7e414b","name":"Edici\u00f3n Web","image":{"@type":"ImageObject","inLanguage":"es","@id":"https:\/\/secure.gravatar.com\/avatar\/eee448fc3f7164808013b816ba91ac7e43bbe82a70bebac296f8bc6f0addaa1a?s=96&d=mm&r=g","url":"https:\/\/secure.gravatar.com\/avatar\/eee448fc3f7164808013b816ba91ac7e43bbe82a70bebac296f8bc6f0addaa1a?s=96&d=mm&r=g","contentUrl":"https:\/\/secure.gravatar.com\/avatar\/eee448fc3f7164808013b816ba91ac7e43bbe82a70bebac296f8bc6f0addaa1a?s=96&d=mm&r=g","caption":"Edici\u00f3n Web"},"url":"https:\/\/canal7slp.tv\/2025\/author\/edicionweb\/"}]}},"_links":{"self":[{"href":"https:\/\/canal7slp.tv\/2025\/wp-json\/wp\/v2\/posts\/170871","targetHints":{"allow":["GET"]}}],"collection":[{"href":"https:\/\/canal7slp.tv\/2025\/wp-json\/wp\/v2\/posts"}],"about":[{"href":"https:\/\/canal7slp.tv\/2025\/wp-json\/wp\/v2\/types\/post"}],"author":[{"embeddable":true,"href":"https:\/\/canal7slp.tv\/2025\/wp-json\/wp\/v2\/users\/2"}],"replies":[{"embeddable":true,"href":"https:\/\/canal7slp.tv\/2025\/wp-json\/wp\/v2\/comments?post=170871"}],"version-history":[{"count":2,"href":"https:\/\/canal7slp.tv\/2025\/wp-json\/wp\/v2\/posts\/170871\/revisions"}],"predecessor-version":[{"id":170890,"href":"https:\/\/canal7slp.tv\/2025\/wp-json\/wp\/v2\/posts\/170871\/revisions\/170890"}],"wp:featuredmedia":[{"embeddable":true,"href":"https:\/\/canal7slp.tv\/2025\/wp-json\/wp\/v2\/media\/170889"}],"wp:attachment":[{"href":"https:\/\/canal7slp.tv\/2025\/wp-json\/wp\/v2\/media?parent=170871"}],"wp:term":[{"taxonomy":"category","embeddable":true,"href":"https:\/\/canal7slp.tv\/2025\/wp-json\/wp\/v2\/categories?post=170871"},{"taxonomy":"post_tag","embeddable":true,"href":"https:\/\/canal7slp.tv\/2025\/wp-json\/wp\/v2\/tags?post=170871"}],"curies":[{"name":"wp","href":"https:\/\/api.w.org\/{rel}","templated":true}]}}