{"id":170870,"date":"2025-06-18T17:11:37","date_gmt":"2025-06-18T23:11:37","guid":{"rendered":"https:\/\/canal7slp.tv\/2025\/?p=170870"},"modified":"2025-06-18T17:11:37","modified_gmt":"2025-06-18T23:11:37","slug":"obra-de-paso-a-desnivel-de-fray-diego-de-la-magdalena-se-realizaria-en-2026","status":"publish","type":"post","link":"https:\/\/canal7slp.tv\/2025\/obra-de-paso-a-desnivel-de-fray-diego-de-la-magdalena-se-realizaria-en-2026\/","title":{"rendered":"Obra de paso a desnivel de Fray Diego de la Magdalena se realizar\u00eda en 2026"},"content":{"rendered":"<p style=\"text-align: justify;\">SLP.- Ser\u00e1 hasta el a\u00f1o 2026 cuando se comience con la obra del paso a desnivel de la avenida Fray Diego de la Magdalena, as\u00ed lo expuso el director de Obras P\u00fablicas del Ayuntamiento de San Luis Potos\u00ed, Eustorgio Ch\u00e1vez Garza.<\/p>\n<p style=\"text-align: justify;\">\u201cEstamos a mediados de a\u00f1o, la ingenier\u00eda estamos muy avanzada, estamos haciendo ciertas consideraciones como te comento, peticiones de la ciudadan\u00eda y estar\u00edamos hablando que en el a\u00f1o 2026 estar\u00edamos en el tema de su arranque\u201d.<\/p>\n<p style=\"text-align: justify;\">Al momento se realizan revisiones constantes al proyecto.<\/p>\n<p style=\"text-align: justify;\">\u201cEstamos trabajando con las personas del Saucito (\u2026) la semana anterior estuvimos revisando unas peticiones que nos hicieron llegar, sobre todo la preocupaci\u00f3n del tema peatonal, el tema de ciclov\u00edas, los andadores, s\u00ed estamos trabajando en ello y lo estamos incluyendo en el proyecto con la nueva modificaci\u00f3n, recordar que anteriormente este proyecto constaba de 250 metros lineales de plazoleta, ahora se extender\u00e1 a 750 metros lineales que son las pl\u00e1ticas que tenemos con la ciudadan\u00eda\u201d.<\/p>\n<p style=\"text-align: justify;\">Explic\u00f3 el proceso que hace falta para realizar la obra.<\/p>\n<p style=\"text-align: justify;\">\u201c\u00bfQu\u00e9 empezamos a hacer?, nuestra ingenier\u00eda, vendr\u00e1 el proceso de licitaci\u00f3n (\u2026) una vez que se autorice ya el presupuesto teniendo la ingenier\u00eda nos tardamos 45 d\u00edas de licitaci\u00f3n, 20 d\u00edas en la contrataci\u00f3n, entonces estamos en ese proceso que es lo que nos marca el tema legal\u201d.<\/p>\n<p>Por: Juan Carlos Contreras<\/p>\n","protected":false},"excerpt":{"rendered":"<p>SLP.- Ser\u00e1 hasta el a\u00f1o 2026 cuando se comience con la obra del paso a desnivel de la avenida Fray Diego de la Magdalena, as\u00ed lo expuso el director de Obras P\u00fablicas del Ayuntamiento de San Luis Potos\u00ed, Eustorgio Ch\u00e1vez Garza. \u201cEstamos a mediados de a\u00f1o, la ingenier\u00eda estamos muy avanzada, estamos haciendo ciertas consideraciones como te comento, peticiones de la ciudadan\u00eda y estar\u00edamos hablando que en el a\u00f1o 2026 estar\u00edamos en el tema de su arranque\u201d. Al momento se realizan revisiones constantes al proyecto. \u201cEstamos trabajando con las personas del Saucito (\u2026) la semana anterior estuvimos revisando unas peticiones [&hellip;]<\/p>\n","protected":false},"author":2,"featured_media":170886,"comment_status":"closed","ping_status":"closed","sticky":false,"template":"","format":"video","meta":{"_monsterinsights_skip_tracking":false,"_monsterinsights_sitenote_active":false,"_monsterinsights_sitenote_note":"","_monsterinsights_sitenote_category":0,"footnotes":""},"categories":[66,5,45],"tags":[],"class_list":["post-170870","post","type-post","status-publish","format-video","has-post-thumbnail","hentry","category-ayoslp","category-destacadas","category-localesyregionales","post_format-post-format-video","post--single"],"yoast_head":"<!-- This site is optimized with the Yoast SEO plugin v27.4 - https:\/\/yoast.com\/product\/yoast-seo-wordpress\/ -->\n<title>Obra de paso a desnivel de Fray Diego de la Magdalena se realizar\u00eda en 2026 - Canal 7 SLP - 2025<\/title>\n<meta name=\"robots\" content=\"index, follow, max-snippet:-1, max-image-preview:large, max-video-preview:-1\" \/>\n<link rel=\"canonical\" href=\"https:\/\/canal7slp.tv\/2025\/obra-de-paso-a-desnivel-de-fray-diego-de-la-magdalena-se-realizaria-en-2026\/\" \/>\n<meta property=\"og:locale\" content=\"es_ES\" \/>\n<meta property=\"og:type\" content=\"article\" \/>\n<meta property=\"og:title\" content=\"Obra de paso a desnivel de Fray Diego de la Magdalena se realizar\u00eda en 2026 - Canal 7 SLP - 2025\" \/>\n<meta property=\"og:description\" content=\"SLP.- Ser\u00e1 hasta el a\u00f1o 2026 cuando se comience con la obra del paso a desnivel de la avenida Fray Diego de la Magdalena, as\u00ed lo expuso el director de Obras P\u00fablicas del Ayuntamiento de San Luis Potos\u00ed, Eustorgio Ch\u00e1vez Garza. \u201cEstamos a mediados de a\u00f1o, la ingenier\u00eda estamos muy avanzada, estamos haciendo ciertas consideraciones como te comento, peticiones de la ciudadan\u00eda y estar\u00edamos hablando que en el a\u00f1o 2026 estar\u00edamos en el tema de su arranque\u201d. Al momento se realizan revisiones constantes al proyecto. \u201cEstamos trabajando con las personas del Saucito (\u2026) la semana anterior estuvimos revisando unas peticiones [&hellip;]\" \/>\n<meta property=\"og:url\" content=\"https:\/\/canal7slp.tv\/2025\/obra-de-paso-a-desnivel-de-fray-diego-de-la-magdalena-se-realizaria-en-2026\/\" \/>\n<meta property=\"og:site_name\" content=\"Canal 7 SLP - 2025\" \/>\n<meta property=\"article:publisher\" content=\"https:\/\/www.facebook.com\/noticieroscanal7atencionciudadana\/\" \/>\n<meta property=\"article:published_time\" content=\"2025-06-18T23:11:37+00:00\" \/>\n<meta property=\"og:image\" content=\"https:\/\/canal7slp.tv\/2025\/wp-content\/uploads\/2025\/06\/Poky03ObraDesnivel.jpg\" \/>\n\t<meta property=\"og:image:width\" content=\"1280\" \/>\n\t<meta property=\"og:image:height\" content=\"720\" \/>\n\t<meta property=\"og:image:type\" content=\"image\/jpeg\" \/>\n<meta name=\"author\" content=\"Edici\u00f3n Web\" \/>\n<meta name=\"twitter:card\" content=\"summary_large_image\" \/>\n<meta name=\"twitter:creator\" content=\"@NOTICIEROS7\" \/>\n<meta name=\"twitter:site\" content=\"@NOTICIEROS7\" \/>\n<meta name=\"twitter:label1\" content=\"Escrito por\" \/>\n\t<meta name=\"twitter:data1\" content=\"Edici\u00f3n Web\" \/>\n\t<meta name=\"twitter:label2\" content=\"Tiempo de lectura\" \/>\n\t<meta name=\"twitter:data2\" content=\"2 minutos\" \/>\n<script type=\"application\/ld+json\" class=\"yoast-schema-graph\">{\"@context\":\"https:\\\/\\\/schema.org\",\"@graph\":[{\"@type\":\"Article\",\"@id\":\"https:\\\/\\\/canal7slp.tv\\\/2025\\\/obra-de-paso-a-desnivel-de-fray-diego-de-la-magdalena-se-realizaria-en-2026\\\/#article\",\"isPartOf\":{\"@id\":\"https:\\\/\\\/canal7slp.tv\\\/2025\\\/obra-de-paso-a-desnivel-de-fray-diego-de-la-magdalena-se-realizaria-en-2026\\\/\"},\"author\":{\"name\":\"Edici\u00f3n Web\",\"@id\":\"https:\\\/\\\/canal7slp.tv\\\/2025\\\/#\\\/schema\\\/person\\\/271e2b60a96e7cc9d9ac296f4d7e414b\"},\"headline\":\"Obra de paso a desnivel de Fray Diego de la Magdalena se realizar\u00eda en 2026\",\"datePublished\":\"2025-06-18T23:11:37+00:00\",\"mainEntityOfPage\":{\"@id\":\"https:\\\/\\\/canal7slp.tv\\\/2025\\\/obra-de-paso-a-desnivel-de-fray-diego-de-la-magdalena-se-realizaria-en-2026\\\/\"},\"wordCount\":252,\"publisher\":{\"@id\":\"https:\\\/\\\/canal7slp.tv\\\/2025\\\/#organization\"},\"image\":{\"@id\":\"https:\\\/\\\/canal7slp.tv\\\/2025\\\/obra-de-paso-a-desnivel-de-fray-diego-de-la-magdalena-se-realizaria-en-2026\\\/#primaryimage\"},\"thumbnailUrl\":\"https:\\\/\\\/canal7slp.tv\\\/2025\\\/wp-content\\\/uploads\\\/2025\\\/06\\\/Poky03ObraDesnivel.jpg\",\"articleSection\":[\"AYOSLP\",\"DESTACADAS\",\"LOCALES Y REGIONALES\"],\"inLanguage\":\"es\"},{\"@type\":\"WebPage\",\"@id\":\"https:\\\/\\\/canal7slp.tv\\\/2025\\\/obra-de-paso-a-desnivel-de-fray-diego-de-la-magdalena-se-realizaria-en-2026\\\/\",\"url\":\"https:\\\/\\\/canal7slp.tv\\\/2025\\\/obra-de-paso-a-desnivel-de-fray-diego-de-la-magdalena-se-realizaria-en-2026\\\/\",\"name\":\"Obra de paso a desnivel de Fray Diego de la Magdalena se realizar\u00eda en 2026 - Canal 7 SLP - 2025\",\"isPartOf\":{\"@id\":\"https:\\\/\\\/canal7slp.tv\\\/2025\\\/#website\"},\"primaryImageOfPage\":{\"@id\":\"https:\\\/\\\/canal7slp.tv\\\/2025\\\/obra-de-paso-a-desnivel-de-fray-diego-de-la-magdalena-se-realizaria-en-2026\\\/#primaryimage\"},\"image\":{\"@id\":\"https:\\\/\\\/canal7slp.tv\\\/2025\\\/obra-de-paso-a-desnivel-de-fray-diego-de-la-magdalena-se-realizaria-en-2026\\\/#primaryimage\"},\"thumbnailUrl\":\"https:\\\/\\\/canal7slp.tv\\\/2025\\\/wp-content\\\/uploads\\\/2025\\\/06\\\/Poky03ObraDesnivel.jpg\",\"datePublished\":\"2025-06-18T23:11:37+00:00\",\"breadcrumb\":{\"@id\":\"https:\\\/\\\/canal7slp.tv\\\/2025\\\/obra-de-paso-a-desnivel-de-fray-diego-de-la-magdalena-se-realizaria-en-2026\\\/#breadcrumb\"},\"inLanguage\":\"es\",\"potentialAction\":[{\"@type\":\"ReadAction\",\"target\":[\"https:\\\/\\\/canal7slp.tv\\\/2025\\\/obra-de-paso-a-desnivel-de-fray-diego-de-la-magdalena-se-realizaria-en-2026\\\/\"]}]},{\"@type\":\"ImageObject\",\"inLanguage\":\"es\",\"@id\":\"https:\\\/\\\/canal7slp.tv\\\/2025\\\/obra-de-paso-a-desnivel-de-fray-diego-de-la-magdalena-se-realizaria-en-2026\\\/#primaryimage\",\"url\":\"https:\\\/\\\/canal7slp.tv\\\/2025\\\/wp-content\\\/uploads\\\/2025\\\/06\\\/Poky03ObraDesnivel.jpg\",\"contentUrl\":\"https:\\\/\\\/canal7slp.tv\\\/2025\\\/wp-content\\\/uploads\\\/2025\\\/06\\\/Poky03ObraDesnivel.jpg\",\"width\":1280,\"height\":720},{\"@type\":\"BreadcrumbList\",\"@id\":\"https:\\\/\\\/canal7slp.tv\\\/2025\\\/obra-de-paso-a-desnivel-de-fray-diego-de-la-magdalena-se-realizaria-en-2026\\\/#breadcrumb\",\"itemListElement\":[{\"@type\":\"ListItem\",\"position\":1,\"name\":\"Portada\",\"item\":\"https:\\\/\\\/canal7slp.tv\\\/2025\\\/\"},{\"@type\":\"ListItem\",\"position\":2,\"name\":\"Obra de paso a desnivel de Fray Diego de la Magdalena se realizar\u00eda en 2026\"}]},{\"@type\":\"WebSite\",\"@id\":\"https:\\\/\\\/canal7slp.tv\\\/2025\\\/#website\",\"url\":\"https:\\\/\\\/canal7slp.tv\\\/2025\\\/\",\"name\":\"N7 - Noticieros Canal 7\",\"description\":\"Somos el Medio\",\"publisher\":{\"@id\":\"https:\\\/\\\/canal7slp.tv\\\/2025\\\/#organization\"},\"potentialAction\":[{\"@type\":\"SearchAction\",\"target\":{\"@type\":\"EntryPoint\",\"urlTemplate\":\"https:\\\/\\\/canal7slp.tv\\\/2025\\\/?s={search_term_string}\"},\"query-input\":{\"@type\":\"PropertyValueSpecification\",\"valueRequired\":true,\"valueName\":\"search_term_string\"}}],\"inLanguage\":\"es\"},{\"@type\":\"Organization\",\"@id\":\"https:\\\/\\\/canal7slp.tv\\\/2025\\\/#organization\",\"name\":\"Noticieros Canal 7\",\"url\":\"https:\\\/\\\/canal7slp.tv\\\/2025\\\/\",\"logo\":{\"@type\":\"ImageObject\",\"inLanguage\":\"es\",\"@id\":\"https:\\\/\\\/canal7slp.tv\\\/2025\\\/#\\\/schema\\\/logo\\\/image\\\/\",\"url\":\"https:\\\/\\\/canal7slp.tv\\\/2025\\\/wp-content\\\/uploads\\\/2021\\\/01\\\/logo-noticieros@2x.png\",\"contentUrl\":\"https:\\\/\\\/canal7slp.tv\\\/2025\\\/wp-content\\\/uploads\\\/2021\\\/01\\\/logo-noticieros@2x.png\",\"width\":1017,\"height\":268,\"caption\":\"Noticieros Canal 7\"},\"image\":{\"@id\":\"https:\\\/\\\/canal7slp.tv\\\/2025\\\/#\\\/schema\\\/logo\\\/image\\\/\"},\"sameAs\":[\"https:\\\/\\\/www.facebook.com\\\/noticieroscanal7atencionciudadana\\\/\",\"https:\\\/\\\/x.com\\\/NOTICIEROS7\",\"https:\\\/\\\/www.instagram.com\\\/canal7_slp\",\"https:\\\/\\\/www.youtube.com\\\/channel\\\/UCliiYs-gP3JfJeqdPrNdd5A\"]},{\"@type\":\"Person\",\"@id\":\"https:\\\/\\\/canal7slp.tv\\\/2025\\\/#\\\/schema\\\/person\\\/271e2b60a96e7cc9d9ac296f4d7e414b\",\"name\":\"Edici\u00f3n Web\",\"image\":{\"@type\":\"ImageObject\",\"inLanguage\":\"es\",\"@id\":\"https:\\\/\\\/secure.gravatar.com\\\/avatar\\\/eee448fc3f7164808013b816ba91ac7e43bbe82a70bebac296f8bc6f0addaa1a?s=96&d=mm&r=g\",\"url\":\"https:\\\/\\\/secure.gravatar.com\\\/avatar\\\/eee448fc3f7164808013b816ba91ac7e43bbe82a70bebac296f8bc6f0addaa1a?s=96&d=mm&r=g\",\"contentUrl\":\"https:\\\/\\\/secure.gravatar.com\\\/avatar\\\/eee448fc3f7164808013b816ba91ac7e43bbe82a70bebac296f8bc6f0addaa1a?s=96&d=mm&r=g\",\"caption\":\"Edici\u00f3n Web\"},\"url\":\"https:\\\/\\\/canal7slp.tv\\\/2025\\\/author\\\/edicionweb\\\/\"}]}<\/script>\n<!-- \/ Yoast SEO plugin. -->","yoast_head_json":{"title":"Obra de paso a desnivel de Fray Diego de la Magdalena se realizar\u00eda en 2026 - Canal 7 SLP - 2025","robots":{"index":"index","follow":"follow","max-snippet":"max-snippet:-1","max-image-preview":"max-image-preview:large","max-video-preview":"max-video-preview:-1"},"canonical":"https:\/\/canal7slp.tv\/2025\/obra-de-paso-a-desnivel-de-fray-diego-de-la-magdalena-se-realizaria-en-2026\/","og_locale":"es_ES","og_type":"article","og_title":"Obra de paso a desnivel de Fray Diego de la Magdalena se realizar\u00eda en 2026 - Canal 7 SLP - 2025","og_description":"SLP.- Ser\u00e1 hasta el a\u00f1o 2026 cuando se comience con la obra del paso a desnivel de la avenida Fray Diego de la Magdalena, as\u00ed lo expuso el director de Obras P\u00fablicas del Ayuntamiento de San Luis Potos\u00ed, Eustorgio Ch\u00e1vez Garza. \u201cEstamos a mediados de a\u00f1o, la ingenier\u00eda estamos muy avanzada, estamos haciendo ciertas consideraciones como te comento, peticiones de la ciudadan\u00eda y estar\u00edamos hablando que en el a\u00f1o 2026 estar\u00edamos en el tema de su arranque\u201d. Al momento se realizan revisiones constantes al proyecto. \u201cEstamos trabajando con las personas del Saucito (\u2026) la semana anterior estuvimos revisando unas peticiones [&hellip;]","og_url":"https:\/\/canal7slp.tv\/2025\/obra-de-paso-a-desnivel-de-fray-diego-de-la-magdalena-se-realizaria-en-2026\/","og_site_name":"Canal 7 SLP - 2025","article_publisher":"https:\/\/www.facebook.com\/noticieroscanal7atencionciudadana\/","article_published_time":"2025-06-18T23:11:37+00:00","og_image":[{"width":1280,"height":720,"url":"https:\/\/canal7slp.tv\/2025\/wp-content\/uploads\/2025\/06\/Poky03ObraDesnivel.jpg","type":"image\/jpeg"}],"author":"Edici\u00f3n Web","twitter_card":"summary_large_image","twitter_creator":"@NOTICIEROS7","twitter_site":"@NOTICIEROS7","twitter_misc":{"Escrito por":"Edici\u00f3n Web","Tiempo de lectura":"2 minutos"},"schema":{"@context":"https:\/\/schema.org","@graph":[{"@type":"Article","@id":"https:\/\/canal7slp.tv\/2025\/obra-de-paso-a-desnivel-de-fray-diego-de-la-magdalena-se-realizaria-en-2026\/#article","isPartOf":{"@id":"https:\/\/canal7slp.tv\/2025\/obra-de-paso-a-desnivel-de-fray-diego-de-la-magdalena-se-realizaria-en-2026\/"},"author":{"name":"Edici\u00f3n Web","@id":"https:\/\/canal7slp.tv\/2025\/#\/schema\/person\/271e2b60a96e7cc9d9ac296f4d7e414b"},"headline":"Obra de paso a desnivel de Fray Diego de la Magdalena se realizar\u00eda en 2026","datePublished":"2025-06-18T23:11:37+00:00","mainEntityOfPage":{"@id":"https:\/\/canal7slp.tv\/2025\/obra-de-paso-a-desnivel-de-fray-diego-de-la-magdalena-se-realizaria-en-2026\/"},"wordCount":252,"publisher":{"@id":"https:\/\/canal7slp.tv\/2025\/#organization"},"image":{"@id":"https:\/\/canal7slp.tv\/2025\/obra-de-paso-a-desnivel-de-fray-diego-de-la-magdalena-se-realizaria-en-2026\/#primaryimage"},"thumbnailUrl":"https:\/\/canal7slp.tv\/2025\/wp-content\/uploads\/2025\/06\/Poky03ObraDesnivel.jpg","articleSection":["AYOSLP","DESTACADAS","LOCALES Y REGIONALES"],"inLanguage":"es"},{"@type":"WebPage","@id":"https:\/\/canal7slp.tv\/2025\/obra-de-paso-a-desnivel-de-fray-diego-de-la-magdalena-se-realizaria-en-2026\/","url":"https:\/\/canal7slp.tv\/2025\/obra-de-paso-a-desnivel-de-fray-diego-de-la-magdalena-se-realizaria-en-2026\/","name":"Obra de paso a desnivel de Fray Diego de la Magdalena se realizar\u00eda en 2026 - Canal 7 SLP - 2025","isPartOf":{"@id":"https:\/\/canal7slp.tv\/2025\/#website"},"primaryImageOfPage":{"@id":"https:\/\/canal7slp.tv\/2025\/obra-de-paso-a-desnivel-de-fray-diego-de-la-magdalena-se-realizaria-en-2026\/#primaryimage"},"image":{"@id":"https:\/\/canal7slp.tv\/2025\/obra-de-paso-a-desnivel-de-fray-diego-de-la-magdalena-se-realizaria-en-2026\/#primaryimage"},"thumbnailUrl":"https:\/\/canal7slp.tv\/2025\/wp-content\/uploads\/2025\/06\/Poky03ObraDesnivel.jpg","datePublished":"2025-06-18T23:11:37+00:00","breadcrumb":{"@id":"https:\/\/canal7slp.tv\/2025\/obra-de-paso-a-desnivel-de-fray-diego-de-la-magdalena-se-realizaria-en-2026\/#breadcrumb"},"inLanguage":"es","potentialAction":[{"@type":"ReadAction","target":["https:\/\/canal7slp.tv\/2025\/obra-de-paso-a-desnivel-de-fray-diego-de-la-magdalena-se-realizaria-en-2026\/"]}]},{"@type":"ImageObject","inLanguage":"es","@id":"https:\/\/canal7slp.tv\/2025\/obra-de-paso-a-desnivel-de-fray-diego-de-la-magdalena-se-realizaria-en-2026\/#primaryimage","url":"https:\/\/canal7slp.tv\/2025\/wp-content\/uploads\/2025\/06\/Poky03ObraDesnivel.jpg","contentUrl":"https:\/\/canal7slp.tv\/2025\/wp-content\/uploads\/2025\/06\/Poky03ObraDesnivel.jpg","width":1280,"height":720},{"@type":"BreadcrumbList","@id":"https:\/\/canal7slp.tv\/2025\/obra-de-paso-a-desnivel-de-fray-diego-de-la-magdalena-se-realizaria-en-2026\/#breadcrumb","itemListElement":[{"@type":"ListItem","position":1,"name":"Portada","item":"https:\/\/canal7slp.tv\/2025\/"},{"@type":"ListItem","position":2,"name":"Obra de paso a desnivel de Fray Diego de la Magdalena se realizar\u00eda en 2026"}]},{"@type":"WebSite","@id":"https:\/\/canal7slp.tv\/2025\/#website","url":"https:\/\/canal7slp.tv\/2025\/","name":"N7 - Noticieros Canal 7","description":"Somos el Medio","publisher":{"@id":"https:\/\/canal7slp.tv\/2025\/#organization"},"potentialAction":[{"@type":"SearchAction","target":{"@type":"EntryPoint","urlTemplate":"https:\/\/canal7slp.tv\/2025\/?s={search_term_string}"},"query-input":{"@type":"PropertyValueSpecification","valueRequired":true,"valueName":"search_term_string"}}],"inLanguage":"es"},{"@type":"Organization","@id":"https:\/\/canal7slp.tv\/2025\/#organization","name":"Noticieros Canal 7","url":"https:\/\/canal7slp.tv\/2025\/","logo":{"@type":"ImageObject","inLanguage":"es","@id":"https:\/\/canal7slp.tv\/2025\/#\/schema\/logo\/image\/","url":"https:\/\/canal7slp.tv\/2025\/wp-content\/uploads\/2021\/01\/logo-noticieros@2x.png","contentUrl":"https:\/\/canal7slp.tv\/2025\/wp-content\/uploads\/2021\/01\/logo-noticieros@2x.png","width":1017,"height":268,"caption":"Noticieros Canal 7"},"image":{"@id":"https:\/\/canal7slp.tv\/2025\/#\/schema\/logo\/image\/"},"sameAs":["https:\/\/www.facebook.com\/noticieroscanal7atencionciudadana\/","https:\/\/x.com\/NOTICIEROS7","https:\/\/www.instagram.com\/canal7_slp","https:\/\/www.youtube.com\/channel\/UCliiYs-gP3JfJeqdPrNdd5A"]},{"@type":"Person","@id":"https:\/\/canal7slp.tv\/2025\/#\/schema\/person\/271e2b60a96e7cc9d9ac296f4d7e414b","name":"Edici\u00f3n Web","image":{"@type":"ImageObject","inLanguage":"es","@id":"https:\/\/secure.gravatar.com\/avatar\/eee448fc3f7164808013b816ba91ac7e43bbe82a70bebac296f8bc6f0addaa1a?s=96&d=mm&r=g","url":"https:\/\/secure.gravatar.com\/avatar\/eee448fc3f7164808013b816ba91ac7e43bbe82a70bebac296f8bc6f0addaa1a?s=96&d=mm&r=g","contentUrl":"https:\/\/secure.gravatar.com\/avatar\/eee448fc3f7164808013b816ba91ac7e43bbe82a70bebac296f8bc6f0addaa1a?s=96&d=mm&r=g","caption":"Edici\u00f3n Web"},"url":"https:\/\/canal7slp.tv\/2025\/author\/edicionweb\/"}]}},"_links":{"self":[{"href":"https:\/\/canal7slp.tv\/2025\/wp-json\/wp\/v2\/posts\/170870","targetHints":{"allow":["GET"]}}],"collection":[{"href":"https:\/\/canal7slp.tv\/2025\/wp-json\/wp\/v2\/posts"}],"about":[{"href":"https:\/\/canal7slp.tv\/2025\/wp-json\/wp\/v2\/types\/post"}],"author":[{"embeddable":true,"href":"https:\/\/canal7slp.tv\/2025\/wp-json\/wp\/v2\/users\/2"}],"replies":[{"embeddable":true,"href":"https:\/\/canal7slp.tv\/2025\/wp-json\/wp\/v2\/comments?post=170870"}],"version-history":[{"count":2,"href":"https:\/\/canal7slp.tv\/2025\/wp-json\/wp\/v2\/posts\/170870\/revisions"}],"predecessor-version":[{"id":170887,"href":"https:\/\/canal7slp.tv\/2025\/wp-json\/wp\/v2\/posts\/170870\/revisions\/170887"}],"wp:featuredmedia":[{"embeddable":true,"href":"https:\/\/canal7slp.tv\/2025\/wp-json\/wp\/v2\/media\/170886"}],"wp:attachment":[{"href":"https:\/\/canal7slp.tv\/2025\/wp-json\/wp\/v2\/media?parent=170870"}],"wp:term":[{"taxonomy":"category","embeddable":true,"href":"https:\/\/canal7slp.tv\/2025\/wp-json\/wp\/v2\/categories?post=170870"},{"taxonomy":"post_tag","embeddable":true,"href":"https:\/\/canal7slp.tv\/2025\/wp-json\/wp\/v2\/tags?post=170870"}],"curies":[{"name":"wp","href":"https:\/\/api.w.org\/{rel}","templated":true}]}}