{"id":170862,"date":"2025-06-18T16:14:37","date_gmt":"2025-06-18T22:14:37","guid":{"rendered":"https:\/\/canal7slp.tv\/2025\/?p=170862"},"modified":"2025-06-18T16:31:06","modified_gmt":"2025-06-18T22:31:06","slug":"habra-nuevo-proceso-para-elegir-a-quien-encabezara-la-direccion-de-asuntos-indigenas-en-la-capital","status":"publish","type":"post","link":"https:\/\/canal7slp.tv\/2025\/habra-nuevo-proceso-para-elegir-a-quien-encabezara-la-direccion-de-asuntos-indigenas-en-la-capital\/","title":{"rendered":"Habr\u00e1 nuevo proceso para elegir a quien encabezar\u00e1 la direcci\u00f3n de asuntos ind\u00edgenas en la capital"},"content":{"rendered":"<p style=\"text-align: justify;\"><span style=\"font-size: 1.21429rem;\">SLP.- Representantes de pueblos y comunidades ind\u00edgenas celebraron la realizaci\u00f3n de una nueva consulta para definir a la persona titular de la oficina municipal de atenci\u00f3n ind\u00edgena, tras la revocaci\u00f3n del nombramiento de Palmira Flores Garc\u00eda por parte del Tribunal Electoral del Estado.<\/span><\/p>\n<p style=\"text-align: justify;\">Mar\u00eda Guadalupe Gonz\u00e1lez Guti\u00e9rrez, coordinadora del colectivo Voces y Ra\u00edces de Mujeres Ind\u00edgenas, destac\u00f3 la importancia de este nuevo proceso para garantizar una representaci\u00f3n leg\u00edtima y respetuosa de los sistemas normativos internos de los pueblos originarios.<\/p>\n<p style=\"text-align: justify;\">\u201cMujeres luchamos d\u00eda con d\u00eda con trabajo colectivo para lograr un cambio verdadero a nuestra sociedad y en nosotras mismas nuestra lucha se centra en la defensa de nuestros derechos colectivos e individuales, la preservaci\u00f3n de nuestra cultura usos y costumbres y la participaci\u00f3n activa en la toma de decisiones tanto a nivel comunitario como nacional buscamos ser reconocidas como sujetas de derecho pol\u00edtico y actoras clave en la transformaci\u00f3n social\u00bb, dijo.<\/p>\n<p style=\"text-align: justify;\">Tambi\u00e9n critic\u00f3 la reacci\u00f3n de Flores Garc\u00eda tras la revocaci\u00f3n dictada el 26 de marzo de este a\u00f1o, al se\u00f1alar que no acat\u00f3 la resoluci\u00f3n y que incluso recurri\u00f3 a actos de confrontaci\u00f3n.<\/p>\n<p style=\"text-align: justify;\">\u201cLa se\u00f1ora no acept\u00f3 dicha sentencia argumentando que fueron cuestiones de formalidades, minimizando a nuestros derechos colectivos e individuales ind\u00edgenas&#8230; decidi\u00f3 al d\u00eda siguiente con sus seguidores incitar a la violencia&#8230; fueron a las oficinas del Tribunal Electoral a cerrar calles y agredir a los magistrados\u201d.<\/p>\n<p style=\"text-align: justify;\">Gonz\u00e1lez denunci\u00f3 otro episodio ocurrido el pasado 12 de junio, cuando simpatizantes de Flores irrumpieron de forma violenta en una reuni\u00f3n convocada por el Ayuntamiento con representantes de comunidades ind\u00edgenas y otras autoridades.<\/p>\n<p style=\"text-align: justify;\">La vocera del colectivo responsabiliz\u00f3 a Flores, as\u00ed como a Vicente Domingo Hern\u00e1ndez Ram\u00edrez y Erika Juan Narciso, por incitaci\u00f3n a la violencia y por buscar mantenerse en el cargo de forma ileg\u00edtima.<\/p>\n<p style=\"text-align: justify;\">\u00abPor todas las agresiones y amenazas responsabilizamos a la se\u00f1ora Palmira Flores Garc\u00eda, a Vicente Domingo Hern\u00e1ndez Ram\u00edrez y a la se\u00f1ora Erika Juan Narciso, por incitaci\u00f3n al odio y generar violencia&#8230; Le cuesta mucho dejar el cargo con el que se benefici\u00f3 familiarmente, pero nunca han probado, ni probar\u00e1n con hechos reales que hayan beneficiado a los pueblos y comunidades ind\u00edgenas, no saben hablar ni escribir su lengua materna, pero si son vividores de nuestros derechos colectivos individuales\u00bb, expuso.<\/p>\n<p style=\"text-align: justify;\">Finalmente, agradeci\u00f3 a las autoridades que han respetado la autonom\u00eda ind\u00edgena y han respaldado la organizaci\u00f3n de una nueva consulta.<\/p>\n<p style=\"text-align: justify;\">\u201cAgradecemos a los magistrados del Tribunal Electoral, al Gobierno del Estado, al Gobierno Municipal y al ente normativo por los esfuerzos que hacen para llevar a cabo la elecci\u00f3n de director o directora para la atenci\u00f3n de los pueblos y comunidades ind\u00edgenas, en especial se\u00f1or presidente, Enrique Galindo Ceballos, por acatar la sentencia respetando nuestros sistemas normativos de usos y costumbres y a la autonom\u00eda de pueblos y comunidades ind\u00edgenas\u201d, culmin\u00f3.<\/p>\n<p style=\"text-align: justify;\">Por: Jos\u00e9 Luis V\u00e1zquez<\/p>\n","protected":false},"excerpt":{"rendered":"<p>SLP.- Representantes de pueblos y comunidades ind\u00edgenas celebraron la realizaci\u00f3n de una nueva consulta para definir a la persona titular de la oficina municipal de atenci\u00f3n ind\u00edgena, tras la revocaci\u00f3n del nombramiento de Palmira Flores Garc\u00eda por parte del Tribunal Electoral del Estado. Mar\u00eda Guadalupe Gonz\u00e1lez Guti\u00e9rrez, coordinadora del colectivo Voces y Ra\u00edces de Mujeres Ind\u00edgenas, destac\u00f3 la importancia de este nuevo proceso para garantizar una representaci\u00f3n leg\u00edtima y respetuosa de los sistemas normativos internos de los pueblos originarios. \u201cMujeres luchamos d\u00eda con d\u00eda con trabajo colectivo para lograr un cambio verdadero a nuestra sociedad y en nosotras mismas nuestra [&hellip;]<\/p>\n","protected":false},"author":2,"featured_media":170864,"comment_status":"closed","ping_status":"closed","sticky":false,"template":"","format":"video","meta":{"_monsterinsights_skip_tracking":false,"_monsterinsights_sitenote_active":false,"_monsterinsights_sitenote_note":"","_monsterinsights_sitenote_category":0,"footnotes":""},"categories":[66,5,45],"tags":[],"class_list":["post-170862","post","type-post","status-publish","format-video","has-post-thumbnail","hentry","category-ayoslp","category-destacadas","category-localesyregionales","post_format-post-format-video","post--single"],"yoast_head":"<!-- This site is optimized with the Yoast SEO plugin v27.5 - https:\/\/yoast.com\/product\/yoast-seo-wordpress\/ -->\n<title>Habr\u00e1 nuevo proceso para elegir a quien encabezar\u00e1 la direcci\u00f3n de asuntos ind\u00edgenas en la capital - Canal 7 SLP - 2025<\/title>\n<meta name=\"robots\" content=\"index, follow, max-snippet:-1, max-image-preview:large, max-video-preview:-1\" \/>\n<link rel=\"canonical\" href=\"https:\/\/canal7slp.tv\/2025\/habra-nuevo-proceso-para-elegir-a-quien-encabezara-la-direccion-de-asuntos-indigenas-en-la-capital\/\" \/>\n<meta property=\"og:locale\" content=\"es_ES\" \/>\n<meta property=\"og:type\" content=\"article\" \/>\n<meta property=\"og:title\" content=\"Habr\u00e1 nuevo proceso para elegir a quien encabezar\u00e1 la direcci\u00f3n de asuntos ind\u00edgenas en la capital - Canal 7 SLP - 2025\" \/>\n<meta property=\"og:description\" content=\"SLP.- Representantes de pueblos y comunidades ind\u00edgenas celebraron la realizaci\u00f3n de una nueva consulta para definir a la persona titular de la oficina municipal de atenci\u00f3n ind\u00edgena, tras la revocaci\u00f3n del nombramiento de Palmira Flores Garc\u00eda por parte del Tribunal Electoral del Estado. Mar\u00eda Guadalupe Gonz\u00e1lez Guti\u00e9rrez, coordinadora del colectivo Voces y Ra\u00edces de Mujeres Ind\u00edgenas, destac\u00f3 la importancia de este nuevo proceso para garantizar una representaci\u00f3n leg\u00edtima y respetuosa de los sistemas normativos internos de los pueblos originarios. \u201cMujeres luchamos d\u00eda con d\u00eda con trabajo colectivo para lograr un cambio verdadero a nuestra sociedad y en nosotras mismas nuestra [&hellip;]\" \/>\n<meta property=\"og:url\" content=\"https:\/\/canal7slp.tv\/2025\/habra-nuevo-proceso-para-elegir-a-quien-encabezara-la-direccion-de-asuntos-indigenas-en-la-capital\/\" \/>\n<meta property=\"og:site_name\" content=\"Canal 7 SLP - 2025\" \/>\n<meta property=\"article:publisher\" content=\"https:\/\/www.facebook.com\/noticieroscanal7atencionciudadana\/\" \/>\n<meta property=\"article:published_time\" content=\"2025-06-18T22:14:37+00:00\" \/>\n<meta property=\"article:modified_time\" content=\"2025-06-18T22:31:06+00:00\" \/>\n<meta property=\"og:image\" content=\"https:\/\/canal7slp.tv\/2025\/wp-content\/uploads\/2025\/06\/Vazquez03MujeresIndigenas.jpg\" \/>\n\t<meta property=\"og:image:width\" content=\"1280\" \/>\n\t<meta property=\"og:image:height\" content=\"720\" \/>\n\t<meta property=\"og:image:type\" content=\"image\/jpeg\" \/>\n<meta name=\"author\" content=\"Edici\u00f3n Web\" \/>\n<meta name=\"twitter:card\" content=\"summary_large_image\" \/>\n<meta name=\"twitter:creator\" content=\"@NOTICIEROS7\" \/>\n<meta name=\"twitter:site\" content=\"@NOTICIEROS7\" \/>\n<meta name=\"twitter:label1\" content=\"Escrito por\" \/>\n\t<meta name=\"twitter:data1\" content=\"Edici\u00f3n Web\" \/>\n\t<meta name=\"twitter:label2\" content=\"Tiempo de lectura\" \/>\n\t<meta name=\"twitter:data2\" content=\"3 minutos\" \/>\n<script type=\"application\/ld+json\" class=\"yoast-schema-graph\">{\"@context\":\"https:\\\/\\\/schema.org\",\"@graph\":[{\"@type\":\"Article\",\"@id\":\"https:\\\/\\\/canal7slp.tv\\\/2025\\\/habra-nuevo-proceso-para-elegir-a-quien-encabezara-la-direccion-de-asuntos-indigenas-en-la-capital\\\/#article\",\"isPartOf\":{\"@id\":\"https:\\\/\\\/canal7slp.tv\\\/2025\\\/habra-nuevo-proceso-para-elegir-a-quien-encabezara-la-direccion-de-asuntos-indigenas-en-la-capital\\\/\"},\"author\":{\"name\":\"Edici\u00f3n Web\",\"@id\":\"https:\\\/\\\/canal7slp.tv\\\/2025\\\/#\\\/schema\\\/person\\\/271e2b60a96e7cc9d9ac296f4d7e414b\"},\"headline\":\"Habr\u00e1 nuevo proceso para elegir a quien encabezar\u00e1 la direcci\u00f3n de asuntos ind\u00edgenas en la capital\",\"datePublished\":\"2025-06-18T22:14:37+00:00\",\"dateModified\":\"2025-06-18T22:31:06+00:00\",\"mainEntityOfPage\":{\"@id\":\"https:\\\/\\\/canal7slp.tv\\\/2025\\\/habra-nuevo-proceso-para-elegir-a-quien-encabezara-la-direccion-de-asuntos-indigenas-en-la-capital\\\/\"},\"wordCount\":543,\"publisher\":{\"@id\":\"https:\\\/\\\/canal7slp.tv\\\/2025\\\/#organization\"},\"image\":{\"@id\":\"https:\\\/\\\/canal7slp.tv\\\/2025\\\/habra-nuevo-proceso-para-elegir-a-quien-encabezara-la-direccion-de-asuntos-indigenas-en-la-capital\\\/#primaryimage\"},\"thumbnailUrl\":\"https:\\\/\\\/canal7slp.tv\\\/2025\\\/wp-content\\\/uploads\\\/2025\\\/06\\\/Vazquez03MujeresIndigenas.jpg\",\"articleSection\":[\"AYOSLP\",\"DESTACADAS\",\"LOCALES Y REGIONALES\"],\"inLanguage\":\"es\"},{\"@type\":\"WebPage\",\"@id\":\"https:\\\/\\\/canal7slp.tv\\\/2025\\\/habra-nuevo-proceso-para-elegir-a-quien-encabezara-la-direccion-de-asuntos-indigenas-en-la-capital\\\/\",\"url\":\"https:\\\/\\\/canal7slp.tv\\\/2025\\\/habra-nuevo-proceso-para-elegir-a-quien-encabezara-la-direccion-de-asuntos-indigenas-en-la-capital\\\/\",\"name\":\"Habr\u00e1 nuevo proceso para elegir a quien encabezar\u00e1 la direcci\u00f3n de asuntos ind\u00edgenas en la capital - Canal 7 SLP - 2025\",\"isPartOf\":{\"@id\":\"https:\\\/\\\/canal7slp.tv\\\/2025\\\/#website\"},\"primaryImageOfPage\":{\"@id\":\"https:\\\/\\\/canal7slp.tv\\\/2025\\\/habra-nuevo-proceso-para-elegir-a-quien-encabezara-la-direccion-de-asuntos-indigenas-en-la-capital\\\/#primaryimage\"},\"image\":{\"@id\":\"https:\\\/\\\/canal7slp.tv\\\/2025\\\/habra-nuevo-proceso-para-elegir-a-quien-encabezara-la-direccion-de-asuntos-indigenas-en-la-capital\\\/#primaryimage\"},\"thumbnailUrl\":\"https:\\\/\\\/canal7slp.tv\\\/2025\\\/wp-content\\\/uploads\\\/2025\\\/06\\\/Vazquez03MujeresIndigenas.jpg\",\"datePublished\":\"2025-06-18T22:14:37+00:00\",\"dateModified\":\"2025-06-18T22:31:06+00:00\",\"breadcrumb\":{\"@id\":\"https:\\\/\\\/canal7slp.tv\\\/2025\\\/habra-nuevo-proceso-para-elegir-a-quien-encabezara-la-direccion-de-asuntos-indigenas-en-la-capital\\\/#breadcrumb\"},\"inLanguage\":\"es\",\"potentialAction\":[{\"@type\":\"ReadAction\",\"target\":[\"https:\\\/\\\/canal7slp.tv\\\/2025\\\/habra-nuevo-proceso-para-elegir-a-quien-encabezara-la-direccion-de-asuntos-indigenas-en-la-capital\\\/\"]}]},{\"@type\":\"ImageObject\",\"inLanguage\":\"es\",\"@id\":\"https:\\\/\\\/canal7slp.tv\\\/2025\\\/habra-nuevo-proceso-para-elegir-a-quien-encabezara-la-direccion-de-asuntos-indigenas-en-la-capital\\\/#primaryimage\",\"url\":\"https:\\\/\\\/canal7slp.tv\\\/2025\\\/wp-content\\\/uploads\\\/2025\\\/06\\\/Vazquez03MujeresIndigenas.jpg\",\"contentUrl\":\"https:\\\/\\\/canal7slp.tv\\\/2025\\\/wp-content\\\/uploads\\\/2025\\\/06\\\/Vazquez03MujeresIndigenas.jpg\",\"width\":1280,\"height\":720},{\"@type\":\"BreadcrumbList\",\"@id\":\"https:\\\/\\\/canal7slp.tv\\\/2025\\\/habra-nuevo-proceso-para-elegir-a-quien-encabezara-la-direccion-de-asuntos-indigenas-en-la-capital\\\/#breadcrumb\",\"itemListElement\":[{\"@type\":\"ListItem\",\"position\":1,\"name\":\"Portada\",\"item\":\"https:\\\/\\\/canal7slp.tv\\\/2025\\\/\"},{\"@type\":\"ListItem\",\"position\":2,\"name\":\"Habr\u00e1 nuevo proceso para elegir a quien encabezar\u00e1 la direcci\u00f3n de asuntos ind\u00edgenas en la capital\"}]},{\"@type\":\"WebSite\",\"@id\":\"https:\\\/\\\/canal7slp.tv\\\/2025\\\/#website\",\"url\":\"https:\\\/\\\/canal7slp.tv\\\/2025\\\/\",\"name\":\"N7 - Noticieros Canal 7\",\"description\":\"Somos el Medio\",\"publisher\":{\"@id\":\"https:\\\/\\\/canal7slp.tv\\\/2025\\\/#organization\"},\"potentialAction\":[{\"@type\":\"SearchAction\",\"target\":{\"@type\":\"EntryPoint\",\"urlTemplate\":\"https:\\\/\\\/canal7slp.tv\\\/2025\\\/?s={search_term_string}\"},\"query-input\":{\"@type\":\"PropertyValueSpecification\",\"valueRequired\":true,\"valueName\":\"search_term_string\"}}],\"inLanguage\":\"es\"},{\"@type\":\"Organization\",\"@id\":\"https:\\\/\\\/canal7slp.tv\\\/2025\\\/#organization\",\"name\":\"Noticieros Canal 7\",\"url\":\"https:\\\/\\\/canal7slp.tv\\\/2025\\\/\",\"logo\":{\"@type\":\"ImageObject\",\"inLanguage\":\"es\",\"@id\":\"https:\\\/\\\/canal7slp.tv\\\/2025\\\/#\\\/schema\\\/logo\\\/image\\\/\",\"url\":\"https:\\\/\\\/canal7slp.tv\\\/2025\\\/wp-content\\\/uploads\\\/2021\\\/01\\\/logo-noticieros@2x.png\",\"contentUrl\":\"https:\\\/\\\/canal7slp.tv\\\/2025\\\/wp-content\\\/uploads\\\/2021\\\/01\\\/logo-noticieros@2x.png\",\"width\":1017,\"height\":268,\"caption\":\"Noticieros Canal 7\"},\"image\":{\"@id\":\"https:\\\/\\\/canal7slp.tv\\\/2025\\\/#\\\/schema\\\/logo\\\/image\\\/\"},\"sameAs\":[\"https:\\\/\\\/www.facebook.com\\\/noticieroscanal7atencionciudadana\\\/\",\"https:\\\/\\\/x.com\\\/NOTICIEROS7\",\"https:\\\/\\\/www.instagram.com\\\/canal7_slp\",\"https:\\\/\\\/www.youtube.com\\\/channel\\\/UCliiYs-gP3JfJeqdPrNdd5A\"]},{\"@type\":\"Person\",\"@id\":\"https:\\\/\\\/canal7slp.tv\\\/2025\\\/#\\\/schema\\\/person\\\/271e2b60a96e7cc9d9ac296f4d7e414b\",\"name\":\"Edici\u00f3n Web\",\"image\":{\"@type\":\"ImageObject\",\"inLanguage\":\"es\",\"@id\":\"https:\\\/\\\/secure.gravatar.com\\\/avatar\\\/eee448fc3f7164808013b816ba91ac7e43bbe82a70bebac296f8bc6f0addaa1a?s=96&d=mm&r=g\",\"url\":\"https:\\\/\\\/secure.gravatar.com\\\/avatar\\\/eee448fc3f7164808013b816ba91ac7e43bbe82a70bebac296f8bc6f0addaa1a?s=96&d=mm&r=g\",\"contentUrl\":\"https:\\\/\\\/secure.gravatar.com\\\/avatar\\\/eee448fc3f7164808013b816ba91ac7e43bbe82a70bebac296f8bc6f0addaa1a?s=96&d=mm&r=g\",\"caption\":\"Edici\u00f3n Web\"},\"url\":\"https:\\\/\\\/canal7slp.tv\\\/2025\\\/author\\\/edicionweb\\\/\"}]}<\/script>\n<!-- \/ Yoast SEO plugin. -->","yoast_head_json":{"title":"Habr\u00e1 nuevo proceso para elegir a quien encabezar\u00e1 la direcci\u00f3n de asuntos ind\u00edgenas en la capital - Canal 7 SLP - 2025","robots":{"index":"index","follow":"follow","max-snippet":"max-snippet:-1","max-image-preview":"max-image-preview:large","max-video-preview":"max-video-preview:-1"},"canonical":"https:\/\/canal7slp.tv\/2025\/habra-nuevo-proceso-para-elegir-a-quien-encabezara-la-direccion-de-asuntos-indigenas-en-la-capital\/","og_locale":"es_ES","og_type":"article","og_title":"Habr\u00e1 nuevo proceso para elegir a quien encabezar\u00e1 la direcci\u00f3n de asuntos ind\u00edgenas en la capital - Canal 7 SLP - 2025","og_description":"SLP.- Representantes de pueblos y comunidades ind\u00edgenas celebraron la realizaci\u00f3n de una nueva consulta para definir a la persona titular de la oficina municipal de atenci\u00f3n ind\u00edgena, tras la revocaci\u00f3n del nombramiento de Palmira Flores Garc\u00eda por parte del Tribunal Electoral del Estado. Mar\u00eda Guadalupe Gonz\u00e1lez Guti\u00e9rrez, coordinadora del colectivo Voces y Ra\u00edces de Mujeres Ind\u00edgenas, destac\u00f3 la importancia de este nuevo proceso para garantizar una representaci\u00f3n leg\u00edtima y respetuosa de los sistemas normativos internos de los pueblos originarios. \u201cMujeres luchamos d\u00eda con d\u00eda con trabajo colectivo para lograr un cambio verdadero a nuestra sociedad y en nosotras mismas nuestra [&hellip;]","og_url":"https:\/\/canal7slp.tv\/2025\/habra-nuevo-proceso-para-elegir-a-quien-encabezara-la-direccion-de-asuntos-indigenas-en-la-capital\/","og_site_name":"Canal 7 SLP - 2025","article_publisher":"https:\/\/www.facebook.com\/noticieroscanal7atencionciudadana\/","article_published_time":"2025-06-18T22:14:37+00:00","article_modified_time":"2025-06-18T22:31:06+00:00","og_image":[{"width":1280,"height":720,"url":"https:\/\/canal7slp.tv\/2025\/wp-content\/uploads\/2025\/06\/Vazquez03MujeresIndigenas.jpg","type":"image\/jpeg"}],"author":"Edici\u00f3n Web","twitter_card":"summary_large_image","twitter_creator":"@NOTICIEROS7","twitter_site":"@NOTICIEROS7","twitter_misc":{"Escrito por":"Edici\u00f3n Web","Tiempo de lectura":"3 minutos"},"schema":{"@context":"https:\/\/schema.org","@graph":[{"@type":"Article","@id":"https:\/\/canal7slp.tv\/2025\/habra-nuevo-proceso-para-elegir-a-quien-encabezara-la-direccion-de-asuntos-indigenas-en-la-capital\/#article","isPartOf":{"@id":"https:\/\/canal7slp.tv\/2025\/habra-nuevo-proceso-para-elegir-a-quien-encabezara-la-direccion-de-asuntos-indigenas-en-la-capital\/"},"author":{"name":"Edici\u00f3n Web","@id":"https:\/\/canal7slp.tv\/2025\/#\/schema\/person\/271e2b60a96e7cc9d9ac296f4d7e414b"},"headline":"Habr\u00e1 nuevo proceso para elegir a quien encabezar\u00e1 la direcci\u00f3n de asuntos ind\u00edgenas en la capital","datePublished":"2025-06-18T22:14:37+00:00","dateModified":"2025-06-18T22:31:06+00:00","mainEntityOfPage":{"@id":"https:\/\/canal7slp.tv\/2025\/habra-nuevo-proceso-para-elegir-a-quien-encabezara-la-direccion-de-asuntos-indigenas-en-la-capital\/"},"wordCount":543,"publisher":{"@id":"https:\/\/canal7slp.tv\/2025\/#organization"},"image":{"@id":"https:\/\/canal7slp.tv\/2025\/habra-nuevo-proceso-para-elegir-a-quien-encabezara-la-direccion-de-asuntos-indigenas-en-la-capital\/#primaryimage"},"thumbnailUrl":"https:\/\/canal7slp.tv\/2025\/wp-content\/uploads\/2025\/06\/Vazquez03MujeresIndigenas.jpg","articleSection":["AYOSLP","DESTACADAS","LOCALES Y REGIONALES"],"inLanguage":"es"},{"@type":"WebPage","@id":"https:\/\/canal7slp.tv\/2025\/habra-nuevo-proceso-para-elegir-a-quien-encabezara-la-direccion-de-asuntos-indigenas-en-la-capital\/","url":"https:\/\/canal7slp.tv\/2025\/habra-nuevo-proceso-para-elegir-a-quien-encabezara-la-direccion-de-asuntos-indigenas-en-la-capital\/","name":"Habr\u00e1 nuevo proceso para elegir a quien encabezar\u00e1 la direcci\u00f3n de asuntos ind\u00edgenas en la capital - Canal 7 SLP - 2025","isPartOf":{"@id":"https:\/\/canal7slp.tv\/2025\/#website"},"primaryImageOfPage":{"@id":"https:\/\/canal7slp.tv\/2025\/habra-nuevo-proceso-para-elegir-a-quien-encabezara-la-direccion-de-asuntos-indigenas-en-la-capital\/#primaryimage"},"image":{"@id":"https:\/\/canal7slp.tv\/2025\/habra-nuevo-proceso-para-elegir-a-quien-encabezara-la-direccion-de-asuntos-indigenas-en-la-capital\/#primaryimage"},"thumbnailUrl":"https:\/\/canal7slp.tv\/2025\/wp-content\/uploads\/2025\/06\/Vazquez03MujeresIndigenas.jpg","datePublished":"2025-06-18T22:14:37+00:00","dateModified":"2025-06-18T22:31:06+00:00","breadcrumb":{"@id":"https:\/\/canal7slp.tv\/2025\/habra-nuevo-proceso-para-elegir-a-quien-encabezara-la-direccion-de-asuntos-indigenas-en-la-capital\/#breadcrumb"},"inLanguage":"es","potentialAction":[{"@type":"ReadAction","target":["https:\/\/canal7slp.tv\/2025\/habra-nuevo-proceso-para-elegir-a-quien-encabezara-la-direccion-de-asuntos-indigenas-en-la-capital\/"]}]},{"@type":"ImageObject","inLanguage":"es","@id":"https:\/\/canal7slp.tv\/2025\/habra-nuevo-proceso-para-elegir-a-quien-encabezara-la-direccion-de-asuntos-indigenas-en-la-capital\/#primaryimage","url":"https:\/\/canal7slp.tv\/2025\/wp-content\/uploads\/2025\/06\/Vazquez03MujeresIndigenas.jpg","contentUrl":"https:\/\/canal7slp.tv\/2025\/wp-content\/uploads\/2025\/06\/Vazquez03MujeresIndigenas.jpg","width":1280,"height":720},{"@type":"BreadcrumbList","@id":"https:\/\/canal7slp.tv\/2025\/habra-nuevo-proceso-para-elegir-a-quien-encabezara-la-direccion-de-asuntos-indigenas-en-la-capital\/#breadcrumb","itemListElement":[{"@type":"ListItem","position":1,"name":"Portada","item":"https:\/\/canal7slp.tv\/2025\/"},{"@type":"ListItem","position":2,"name":"Habr\u00e1 nuevo proceso para elegir a quien encabezar\u00e1 la direcci\u00f3n de asuntos ind\u00edgenas en la capital"}]},{"@type":"WebSite","@id":"https:\/\/canal7slp.tv\/2025\/#website","url":"https:\/\/canal7slp.tv\/2025\/","name":"N7 - Noticieros Canal 7","description":"Somos el Medio","publisher":{"@id":"https:\/\/canal7slp.tv\/2025\/#organization"},"potentialAction":[{"@type":"SearchAction","target":{"@type":"EntryPoint","urlTemplate":"https:\/\/canal7slp.tv\/2025\/?s={search_term_string}"},"query-input":{"@type":"PropertyValueSpecification","valueRequired":true,"valueName":"search_term_string"}}],"inLanguage":"es"},{"@type":"Organization","@id":"https:\/\/canal7slp.tv\/2025\/#organization","name":"Noticieros Canal 7","url":"https:\/\/canal7slp.tv\/2025\/","logo":{"@type":"ImageObject","inLanguage":"es","@id":"https:\/\/canal7slp.tv\/2025\/#\/schema\/logo\/image\/","url":"https:\/\/canal7slp.tv\/2025\/wp-content\/uploads\/2021\/01\/logo-noticieros@2x.png","contentUrl":"https:\/\/canal7slp.tv\/2025\/wp-content\/uploads\/2021\/01\/logo-noticieros@2x.png","width":1017,"height":268,"caption":"Noticieros Canal 7"},"image":{"@id":"https:\/\/canal7slp.tv\/2025\/#\/schema\/logo\/image\/"},"sameAs":["https:\/\/www.facebook.com\/noticieroscanal7atencionciudadana\/","https:\/\/x.com\/NOTICIEROS7","https:\/\/www.instagram.com\/canal7_slp","https:\/\/www.youtube.com\/channel\/UCliiYs-gP3JfJeqdPrNdd5A"]},{"@type":"Person","@id":"https:\/\/canal7slp.tv\/2025\/#\/schema\/person\/271e2b60a96e7cc9d9ac296f4d7e414b","name":"Edici\u00f3n Web","image":{"@type":"ImageObject","inLanguage":"es","@id":"https:\/\/secure.gravatar.com\/avatar\/eee448fc3f7164808013b816ba91ac7e43bbe82a70bebac296f8bc6f0addaa1a?s=96&d=mm&r=g","url":"https:\/\/secure.gravatar.com\/avatar\/eee448fc3f7164808013b816ba91ac7e43bbe82a70bebac296f8bc6f0addaa1a?s=96&d=mm&r=g","contentUrl":"https:\/\/secure.gravatar.com\/avatar\/eee448fc3f7164808013b816ba91ac7e43bbe82a70bebac296f8bc6f0addaa1a?s=96&d=mm&r=g","caption":"Edici\u00f3n Web"},"url":"https:\/\/canal7slp.tv\/2025\/author\/edicionweb\/"}]}},"_links":{"self":[{"href":"https:\/\/canal7slp.tv\/2025\/wp-json\/wp\/v2\/posts\/170862","targetHints":{"allow":["GET"]}}],"collection":[{"href":"https:\/\/canal7slp.tv\/2025\/wp-json\/wp\/v2\/posts"}],"about":[{"href":"https:\/\/canal7slp.tv\/2025\/wp-json\/wp\/v2\/types\/post"}],"author":[{"embeddable":true,"href":"https:\/\/canal7slp.tv\/2025\/wp-json\/wp\/v2\/users\/2"}],"replies":[{"embeddable":true,"href":"https:\/\/canal7slp.tv\/2025\/wp-json\/wp\/v2\/comments?post=170862"}],"version-history":[{"count":1,"href":"https:\/\/canal7slp.tv\/2025\/wp-json\/wp\/v2\/posts\/170862\/revisions"}],"predecessor-version":[{"id":170865,"href":"https:\/\/canal7slp.tv\/2025\/wp-json\/wp\/v2\/posts\/170862\/revisions\/170865"}],"wp:featuredmedia":[{"embeddable":true,"href":"https:\/\/canal7slp.tv\/2025\/wp-json\/wp\/v2\/media\/170864"}],"wp:attachment":[{"href":"https:\/\/canal7slp.tv\/2025\/wp-json\/wp\/v2\/media?parent=170862"}],"wp:term":[{"taxonomy":"category","embeddable":true,"href":"https:\/\/canal7slp.tv\/2025\/wp-json\/wp\/v2\/categories?post=170862"},{"taxonomy":"post_tag","embeddable":true,"href":"https:\/\/canal7slp.tv\/2025\/wp-json\/wp\/v2\/tags?post=170862"}],"curies":[{"name":"wp","href":"https:\/\/api.w.org\/{rel}","templated":true}]}}