{"id":170858,"date":"2025-06-18T16:03:52","date_gmt":"2025-06-18T22:03:52","guid":{"rendered":"https:\/\/canal7slp.tv\/2025\/?p=170858"},"modified":"2025-06-18T16:03:52","modified_gmt":"2025-06-18T22:03:52","slug":"inauguran-exposicion-individual-333-de-marco-lamoyi-en-caja-real","status":"publish","type":"post","link":"https:\/\/canal7slp.tv\/2025\/inauguran-exposicion-individual-333-de-marco-lamoyi-en-caja-real\/","title":{"rendered":"Inauguran exposici\u00f3n individual 333 de Marco Lamoyi en Caja Real"},"content":{"rendered":"<p style=\"text-align: justify;\"><span style=\"font-size: 1.21429rem;\">SLP.- El Centro Cultural Universitario Caja Real abri\u00f3 este sus puertas a la exposici\u00f3n individual del reconocido artista pl\u00e1stico Marco Lamoyi, en un evento organizado por la Secretar\u00eda de Difusi\u00f3n Cultural de la Universidad Aut\u00f3noma de San Luis Potos\u00ed (UASLP).<\/span><\/p>\n<p style=\"text-align: justify;\">Durante la inauguraci\u00f3n, la titular del \u00e1rea, Cynthia Valle Meade, destac\u00f3 la relevancia de la muestra, tanto por la trayectoria del artista como por la oportunidad que representa para el p\u00fablico local.<\/p>\n<p style=\"text-align: justify;\">\u201cMe complace profundamente compartir con ustedes que est\u00e9 con nosotros Marco Lamoyi en San Luis, representa una oportunidad \u00fanica para el p\u00fablico potosino de acercarse a la obra de uno de los referentes indiscutibles del arte contempor\u00e1neo\u201d, expres\u00f3.<\/p>\n<p style=\"text-align: justify;\">Originario de Tabasco, Marco Lamoyi cuenta con una carrera art\u00edstica que se extiende por m\u00e1s de cuarenta a\u00f1os, con presencia en recintos nacionales e internacionales de gran prestigio.<\/p>\n<p style=\"text-align: justify;\">\u201cSu obra ha sido exhibida en recintos de primer nivel como el Museo de Arte Moderno, el Palacio de Bellas Artes, la National Portrait Gallery en Londres, entre muchos otros espacios en Europa, Asia y Am\u00e9rica\u201d, a\u00f1adi\u00f3.<\/p>\n<p style=\"text-align: justify;\">La exposici\u00f3n, titulada 333, re\u00fane m\u00e1s de 60 piezas recientes del artista que vincula un significado espiritual y simb\u00f3lico desde la transmisi\u00f3n y codificaci\u00f3n de mensajes de equilibrio y armon\u00eda.<\/p>\n<p style=\"text-align: justify;\">\u201cEsta exposici\u00f3n 333 se inaugura el d\u00eda de hoy en Caja Real, es una antolog\u00eda visual de piezas recientes, m\u00e1s de 60 obras que ustedes podr\u00e1n disfrutar en un rato m\u00e1s, incluye pintura, fotograf\u00eda e instalaci\u00f3n distribuida en las siete salas de este recinto\u201d, indic\u00f3.<\/p>\n<p style=\"text-align: justify;\">Adem\u00e1s de su trayectoria internacional, Lamoyi es reconocido por su papel como innovador dentro del arte contempor\u00e1neo mexicano.<\/p>\n<p style=\"text-align: justify;\">\u201cLo que lo distingue m\u00e1s all\u00e1 de su impresionante trayectoria es su capacidad para dialogar con los lenguajes visuales contempor\u00e1neos desde una propuesta est\u00e9tica s\u00f3lida, profundamente reflexiva y siempre en transformaci\u00f3n\u201d, subray\u00f3.<\/p>\n<p style=\"text-align: justify;\">Agreg\u00f3: \u201cLamoyi es considerado precursor del posmodernismo y del postconceptualismo en M\u00e9xico, y su obra establece un puente entre lo tradicional, la tradici\u00f3n pl\u00e1stica y las problem\u00e1ticas globales que nos definen\u201d.<\/p>\n<p style=\"text-align: justify;\">La muestra estar\u00e1 abierta al p\u00fablico en general con entrada libre y disponible hasta el mes de septiembre.<\/p>\n<p>Por: Jos\u00e9 Luis V\u00e1zquez<\/p>\n","protected":false},"excerpt":{"rendered":"<p>SLP.- El Centro Cultural Universitario Caja Real abri\u00f3 este sus puertas a la exposici\u00f3n individual del reconocido artista pl\u00e1stico Marco Lamoyi, en un evento organizado por la Secretar\u00eda de Difusi\u00f3n Cultural de la Universidad Aut\u00f3noma de San Luis Potos\u00ed (UASLP). Durante la inauguraci\u00f3n, la titular del \u00e1rea, Cynthia Valle Meade, destac\u00f3 la relevancia de la muestra, tanto por la trayectoria del artista como por la oportunidad que representa para el p\u00fablico local. \u201cMe complace profundamente compartir con ustedes que est\u00e9 con nosotros Marco Lamoyi en San Luis, representa una oportunidad \u00fanica para el p\u00fablico potosino de acercarse a la obra [&hellip;]<\/p>\n","protected":false},"author":2,"featured_media":170860,"comment_status":"closed","ping_status":"closed","sticky":false,"template":"","format":"video","meta":{"_monsterinsights_skip_tracking":false,"_monsterinsights_sitenote_active":false,"_monsterinsights_sitenote_note":"","_monsterinsights_sitenote_category":0,"footnotes":""},"categories":[5,45],"tags":[],"class_list":["post-170858","post","type-post","status-publish","format-video","has-post-thumbnail","hentry","category-destacadas","category-localesyregionales","post_format-post-format-video","post--single"],"yoast_head":"<!-- This site is optimized with the Yoast SEO plugin v27.5 - https:\/\/yoast.com\/product\/yoast-seo-wordpress\/ -->\n<title>Inauguran exposici\u00f3n individual 333 de Marco Lamoyi en Caja Real - Canal 7 SLP - 2025<\/title>\n<meta name=\"robots\" content=\"index, follow, max-snippet:-1, max-image-preview:large, max-video-preview:-1\" \/>\n<link rel=\"canonical\" href=\"https:\/\/canal7slp.tv\/2025\/inauguran-exposicion-individual-333-de-marco-lamoyi-en-caja-real\/\" \/>\n<meta property=\"og:locale\" content=\"es_ES\" \/>\n<meta property=\"og:type\" content=\"article\" \/>\n<meta property=\"og:title\" content=\"Inauguran exposici\u00f3n individual 333 de Marco Lamoyi en Caja Real - Canal 7 SLP - 2025\" \/>\n<meta property=\"og:description\" content=\"SLP.- El Centro Cultural Universitario Caja Real abri\u00f3 este sus puertas a la exposici\u00f3n individual del reconocido artista pl\u00e1stico Marco Lamoyi, en un evento organizado por la Secretar\u00eda de Difusi\u00f3n Cultural de la Universidad Aut\u00f3noma de San Luis Potos\u00ed (UASLP). Durante la inauguraci\u00f3n, la titular del \u00e1rea, Cynthia Valle Meade, destac\u00f3 la relevancia de la muestra, tanto por la trayectoria del artista como por la oportunidad que representa para el p\u00fablico local. \u201cMe complace profundamente compartir con ustedes que est\u00e9 con nosotros Marco Lamoyi en San Luis, representa una oportunidad \u00fanica para el p\u00fablico potosino de acercarse a la obra [&hellip;]\" \/>\n<meta property=\"og:url\" content=\"https:\/\/canal7slp.tv\/2025\/inauguran-exposicion-individual-333-de-marco-lamoyi-en-caja-real\/\" \/>\n<meta property=\"og:site_name\" content=\"Canal 7 SLP - 2025\" \/>\n<meta property=\"article:publisher\" content=\"https:\/\/www.facebook.com\/noticieroscanal7atencionciudadana\/\" \/>\n<meta property=\"article:published_time\" content=\"2025-06-18T22:03:52+00:00\" \/>\n<meta property=\"og:image\" content=\"https:\/\/canal7slp.tv\/2025\/wp-content\/uploads\/2025\/06\/Vazquez02TrecientosTreintaYTres.jpg\" \/>\n\t<meta property=\"og:image:width\" content=\"1280\" \/>\n\t<meta property=\"og:image:height\" content=\"720\" \/>\n\t<meta property=\"og:image:type\" content=\"image\/jpeg\" \/>\n<meta name=\"author\" content=\"Edici\u00f3n Web\" \/>\n<meta name=\"twitter:card\" content=\"summary_large_image\" \/>\n<meta name=\"twitter:creator\" content=\"@NOTICIEROS7\" \/>\n<meta name=\"twitter:site\" content=\"@NOTICIEROS7\" \/>\n<meta name=\"twitter:label1\" content=\"Escrito por\" \/>\n\t<meta name=\"twitter:data1\" content=\"Edici\u00f3n Web\" \/>\n\t<meta name=\"twitter:label2\" content=\"Tiempo de lectura\" \/>\n\t<meta name=\"twitter:data2\" content=\"2 minutos\" \/>\n<script type=\"application\/ld+json\" class=\"yoast-schema-graph\">{\"@context\":\"https:\\\/\\\/schema.org\",\"@graph\":[{\"@type\":\"Article\",\"@id\":\"https:\\\/\\\/canal7slp.tv\\\/2025\\\/inauguran-exposicion-individual-333-de-marco-lamoyi-en-caja-real\\\/#article\",\"isPartOf\":{\"@id\":\"https:\\\/\\\/canal7slp.tv\\\/2025\\\/inauguran-exposicion-individual-333-de-marco-lamoyi-en-caja-real\\\/\"},\"author\":{\"name\":\"Edici\u00f3n Web\",\"@id\":\"https:\\\/\\\/canal7slp.tv\\\/2025\\\/#\\\/schema\\\/person\\\/271e2b60a96e7cc9d9ac296f4d7e414b\"},\"headline\":\"Inauguran exposici\u00f3n individual 333 de Marco Lamoyi en Caja Real\",\"datePublished\":\"2025-06-18T22:03:52+00:00\",\"mainEntityOfPage\":{\"@id\":\"https:\\\/\\\/canal7slp.tv\\\/2025\\\/inauguran-exposicion-individual-333-de-marco-lamoyi-en-caja-real\\\/\"},\"wordCount\":402,\"publisher\":{\"@id\":\"https:\\\/\\\/canal7slp.tv\\\/2025\\\/#organization\"},\"image\":{\"@id\":\"https:\\\/\\\/canal7slp.tv\\\/2025\\\/inauguran-exposicion-individual-333-de-marco-lamoyi-en-caja-real\\\/#primaryimage\"},\"thumbnailUrl\":\"https:\\\/\\\/canal7slp.tv\\\/2025\\\/wp-content\\\/uploads\\\/2025\\\/06\\\/Vazquez02TrecientosTreintaYTres.jpg\",\"articleSection\":[\"DESTACADAS\",\"LOCALES Y REGIONALES\"],\"inLanguage\":\"es\"},{\"@type\":\"WebPage\",\"@id\":\"https:\\\/\\\/canal7slp.tv\\\/2025\\\/inauguran-exposicion-individual-333-de-marco-lamoyi-en-caja-real\\\/\",\"url\":\"https:\\\/\\\/canal7slp.tv\\\/2025\\\/inauguran-exposicion-individual-333-de-marco-lamoyi-en-caja-real\\\/\",\"name\":\"Inauguran exposici\u00f3n individual 333 de Marco Lamoyi en Caja Real - Canal 7 SLP - 2025\",\"isPartOf\":{\"@id\":\"https:\\\/\\\/canal7slp.tv\\\/2025\\\/#website\"},\"primaryImageOfPage\":{\"@id\":\"https:\\\/\\\/canal7slp.tv\\\/2025\\\/inauguran-exposicion-individual-333-de-marco-lamoyi-en-caja-real\\\/#primaryimage\"},\"image\":{\"@id\":\"https:\\\/\\\/canal7slp.tv\\\/2025\\\/inauguran-exposicion-individual-333-de-marco-lamoyi-en-caja-real\\\/#primaryimage\"},\"thumbnailUrl\":\"https:\\\/\\\/canal7slp.tv\\\/2025\\\/wp-content\\\/uploads\\\/2025\\\/06\\\/Vazquez02TrecientosTreintaYTres.jpg\",\"datePublished\":\"2025-06-18T22:03:52+00:00\",\"breadcrumb\":{\"@id\":\"https:\\\/\\\/canal7slp.tv\\\/2025\\\/inauguran-exposicion-individual-333-de-marco-lamoyi-en-caja-real\\\/#breadcrumb\"},\"inLanguage\":\"es\",\"potentialAction\":[{\"@type\":\"ReadAction\",\"target\":[\"https:\\\/\\\/canal7slp.tv\\\/2025\\\/inauguran-exposicion-individual-333-de-marco-lamoyi-en-caja-real\\\/\"]}]},{\"@type\":\"ImageObject\",\"inLanguage\":\"es\",\"@id\":\"https:\\\/\\\/canal7slp.tv\\\/2025\\\/inauguran-exposicion-individual-333-de-marco-lamoyi-en-caja-real\\\/#primaryimage\",\"url\":\"https:\\\/\\\/canal7slp.tv\\\/2025\\\/wp-content\\\/uploads\\\/2025\\\/06\\\/Vazquez02TrecientosTreintaYTres.jpg\",\"contentUrl\":\"https:\\\/\\\/canal7slp.tv\\\/2025\\\/wp-content\\\/uploads\\\/2025\\\/06\\\/Vazquez02TrecientosTreintaYTres.jpg\",\"width\":1280,\"height\":720},{\"@type\":\"BreadcrumbList\",\"@id\":\"https:\\\/\\\/canal7slp.tv\\\/2025\\\/inauguran-exposicion-individual-333-de-marco-lamoyi-en-caja-real\\\/#breadcrumb\",\"itemListElement\":[{\"@type\":\"ListItem\",\"position\":1,\"name\":\"Portada\",\"item\":\"https:\\\/\\\/canal7slp.tv\\\/2025\\\/\"},{\"@type\":\"ListItem\",\"position\":2,\"name\":\"Inauguran exposici\u00f3n individual 333 de Marco Lamoyi en Caja Real\"}]},{\"@type\":\"WebSite\",\"@id\":\"https:\\\/\\\/canal7slp.tv\\\/2025\\\/#website\",\"url\":\"https:\\\/\\\/canal7slp.tv\\\/2025\\\/\",\"name\":\"N7 - Noticieros Canal 7\",\"description\":\"Somos el Medio\",\"publisher\":{\"@id\":\"https:\\\/\\\/canal7slp.tv\\\/2025\\\/#organization\"},\"potentialAction\":[{\"@type\":\"SearchAction\",\"target\":{\"@type\":\"EntryPoint\",\"urlTemplate\":\"https:\\\/\\\/canal7slp.tv\\\/2025\\\/?s={search_term_string}\"},\"query-input\":{\"@type\":\"PropertyValueSpecification\",\"valueRequired\":true,\"valueName\":\"search_term_string\"}}],\"inLanguage\":\"es\"},{\"@type\":\"Organization\",\"@id\":\"https:\\\/\\\/canal7slp.tv\\\/2025\\\/#organization\",\"name\":\"Noticieros Canal 7\",\"url\":\"https:\\\/\\\/canal7slp.tv\\\/2025\\\/\",\"logo\":{\"@type\":\"ImageObject\",\"inLanguage\":\"es\",\"@id\":\"https:\\\/\\\/canal7slp.tv\\\/2025\\\/#\\\/schema\\\/logo\\\/image\\\/\",\"url\":\"https:\\\/\\\/canal7slp.tv\\\/2025\\\/wp-content\\\/uploads\\\/2021\\\/01\\\/logo-noticieros@2x.png\",\"contentUrl\":\"https:\\\/\\\/canal7slp.tv\\\/2025\\\/wp-content\\\/uploads\\\/2021\\\/01\\\/logo-noticieros@2x.png\",\"width\":1017,\"height\":268,\"caption\":\"Noticieros Canal 7\"},\"image\":{\"@id\":\"https:\\\/\\\/canal7slp.tv\\\/2025\\\/#\\\/schema\\\/logo\\\/image\\\/\"},\"sameAs\":[\"https:\\\/\\\/www.facebook.com\\\/noticieroscanal7atencionciudadana\\\/\",\"https:\\\/\\\/x.com\\\/NOTICIEROS7\",\"https:\\\/\\\/www.instagram.com\\\/canal7_slp\",\"https:\\\/\\\/www.youtube.com\\\/channel\\\/UCliiYs-gP3JfJeqdPrNdd5A\"]},{\"@type\":\"Person\",\"@id\":\"https:\\\/\\\/canal7slp.tv\\\/2025\\\/#\\\/schema\\\/person\\\/271e2b60a96e7cc9d9ac296f4d7e414b\",\"name\":\"Edici\u00f3n Web\",\"image\":{\"@type\":\"ImageObject\",\"inLanguage\":\"es\",\"@id\":\"https:\\\/\\\/secure.gravatar.com\\\/avatar\\\/eee448fc3f7164808013b816ba91ac7e43bbe82a70bebac296f8bc6f0addaa1a?s=96&d=mm&r=g\",\"url\":\"https:\\\/\\\/secure.gravatar.com\\\/avatar\\\/eee448fc3f7164808013b816ba91ac7e43bbe82a70bebac296f8bc6f0addaa1a?s=96&d=mm&r=g\",\"contentUrl\":\"https:\\\/\\\/secure.gravatar.com\\\/avatar\\\/eee448fc3f7164808013b816ba91ac7e43bbe82a70bebac296f8bc6f0addaa1a?s=96&d=mm&r=g\",\"caption\":\"Edici\u00f3n Web\"},\"url\":\"https:\\\/\\\/canal7slp.tv\\\/2025\\\/author\\\/edicionweb\\\/\"}]}<\/script>\n<!-- \/ Yoast SEO plugin. -->","yoast_head_json":{"title":"Inauguran exposici\u00f3n individual 333 de Marco Lamoyi en Caja Real - Canal 7 SLP - 2025","robots":{"index":"index","follow":"follow","max-snippet":"max-snippet:-1","max-image-preview":"max-image-preview:large","max-video-preview":"max-video-preview:-1"},"canonical":"https:\/\/canal7slp.tv\/2025\/inauguran-exposicion-individual-333-de-marco-lamoyi-en-caja-real\/","og_locale":"es_ES","og_type":"article","og_title":"Inauguran exposici\u00f3n individual 333 de Marco Lamoyi en Caja Real - Canal 7 SLP - 2025","og_description":"SLP.- El Centro Cultural Universitario Caja Real abri\u00f3 este sus puertas a la exposici\u00f3n individual del reconocido artista pl\u00e1stico Marco Lamoyi, en un evento organizado por la Secretar\u00eda de Difusi\u00f3n Cultural de la Universidad Aut\u00f3noma de San Luis Potos\u00ed (UASLP). Durante la inauguraci\u00f3n, la titular del \u00e1rea, Cynthia Valle Meade, destac\u00f3 la relevancia de la muestra, tanto por la trayectoria del artista como por la oportunidad que representa para el p\u00fablico local. \u201cMe complace profundamente compartir con ustedes que est\u00e9 con nosotros Marco Lamoyi en San Luis, representa una oportunidad \u00fanica para el p\u00fablico potosino de acercarse a la obra [&hellip;]","og_url":"https:\/\/canal7slp.tv\/2025\/inauguran-exposicion-individual-333-de-marco-lamoyi-en-caja-real\/","og_site_name":"Canal 7 SLP - 2025","article_publisher":"https:\/\/www.facebook.com\/noticieroscanal7atencionciudadana\/","article_published_time":"2025-06-18T22:03:52+00:00","og_image":[{"width":1280,"height":720,"url":"https:\/\/canal7slp.tv\/2025\/wp-content\/uploads\/2025\/06\/Vazquez02TrecientosTreintaYTres.jpg","type":"image\/jpeg"}],"author":"Edici\u00f3n Web","twitter_card":"summary_large_image","twitter_creator":"@NOTICIEROS7","twitter_site":"@NOTICIEROS7","twitter_misc":{"Escrito por":"Edici\u00f3n Web","Tiempo de lectura":"2 minutos"},"schema":{"@context":"https:\/\/schema.org","@graph":[{"@type":"Article","@id":"https:\/\/canal7slp.tv\/2025\/inauguran-exposicion-individual-333-de-marco-lamoyi-en-caja-real\/#article","isPartOf":{"@id":"https:\/\/canal7slp.tv\/2025\/inauguran-exposicion-individual-333-de-marco-lamoyi-en-caja-real\/"},"author":{"name":"Edici\u00f3n Web","@id":"https:\/\/canal7slp.tv\/2025\/#\/schema\/person\/271e2b60a96e7cc9d9ac296f4d7e414b"},"headline":"Inauguran exposici\u00f3n individual 333 de Marco Lamoyi en Caja Real","datePublished":"2025-06-18T22:03:52+00:00","mainEntityOfPage":{"@id":"https:\/\/canal7slp.tv\/2025\/inauguran-exposicion-individual-333-de-marco-lamoyi-en-caja-real\/"},"wordCount":402,"publisher":{"@id":"https:\/\/canal7slp.tv\/2025\/#organization"},"image":{"@id":"https:\/\/canal7slp.tv\/2025\/inauguran-exposicion-individual-333-de-marco-lamoyi-en-caja-real\/#primaryimage"},"thumbnailUrl":"https:\/\/canal7slp.tv\/2025\/wp-content\/uploads\/2025\/06\/Vazquez02TrecientosTreintaYTres.jpg","articleSection":["DESTACADAS","LOCALES Y REGIONALES"],"inLanguage":"es"},{"@type":"WebPage","@id":"https:\/\/canal7slp.tv\/2025\/inauguran-exposicion-individual-333-de-marco-lamoyi-en-caja-real\/","url":"https:\/\/canal7slp.tv\/2025\/inauguran-exposicion-individual-333-de-marco-lamoyi-en-caja-real\/","name":"Inauguran exposici\u00f3n individual 333 de Marco Lamoyi en Caja Real - Canal 7 SLP - 2025","isPartOf":{"@id":"https:\/\/canal7slp.tv\/2025\/#website"},"primaryImageOfPage":{"@id":"https:\/\/canal7slp.tv\/2025\/inauguran-exposicion-individual-333-de-marco-lamoyi-en-caja-real\/#primaryimage"},"image":{"@id":"https:\/\/canal7slp.tv\/2025\/inauguran-exposicion-individual-333-de-marco-lamoyi-en-caja-real\/#primaryimage"},"thumbnailUrl":"https:\/\/canal7slp.tv\/2025\/wp-content\/uploads\/2025\/06\/Vazquez02TrecientosTreintaYTres.jpg","datePublished":"2025-06-18T22:03:52+00:00","breadcrumb":{"@id":"https:\/\/canal7slp.tv\/2025\/inauguran-exposicion-individual-333-de-marco-lamoyi-en-caja-real\/#breadcrumb"},"inLanguage":"es","potentialAction":[{"@type":"ReadAction","target":["https:\/\/canal7slp.tv\/2025\/inauguran-exposicion-individual-333-de-marco-lamoyi-en-caja-real\/"]}]},{"@type":"ImageObject","inLanguage":"es","@id":"https:\/\/canal7slp.tv\/2025\/inauguran-exposicion-individual-333-de-marco-lamoyi-en-caja-real\/#primaryimage","url":"https:\/\/canal7slp.tv\/2025\/wp-content\/uploads\/2025\/06\/Vazquez02TrecientosTreintaYTres.jpg","contentUrl":"https:\/\/canal7slp.tv\/2025\/wp-content\/uploads\/2025\/06\/Vazquez02TrecientosTreintaYTres.jpg","width":1280,"height":720},{"@type":"BreadcrumbList","@id":"https:\/\/canal7slp.tv\/2025\/inauguran-exposicion-individual-333-de-marco-lamoyi-en-caja-real\/#breadcrumb","itemListElement":[{"@type":"ListItem","position":1,"name":"Portada","item":"https:\/\/canal7slp.tv\/2025\/"},{"@type":"ListItem","position":2,"name":"Inauguran exposici\u00f3n individual 333 de Marco Lamoyi en Caja Real"}]},{"@type":"WebSite","@id":"https:\/\/canal7slp.tv\/2025\/#website","url":"https:\/\/canal7slp.tv\/2025\/","name":"N7 - Noticieros Canal 7","description":"Somos el Medio","publisher":{"@id":"https:\/\/canal7slp.tv\/2025\/#organization"},"potentialAction":[{"@type":"SearchAction","target":{"@type":"EntryPoint","urlTemplate":"https:\/\/canal7slp.tv\/2025\/?s={search_term_string}"},"query-input":{"@type":"PropertyValueSpecification","valueRequired":true,"valueName":"search_term_string"}}],"inLanguage":"es"},{"@type":"Organization","@id":"https:\/\/canal7slp.tv\/2025\/#organization","name":"Noticieros Canal 7","url":"https:\/\/canal7slp.tv\/2025\/","logo":{"@type":"ImageObject","inLanguage":"es","@id":"https:\/\/canal7slp.tv\/2025\/#\/schema\/logo\/image\/","url":"https:\/\/canal7slp.tv\/2025\/wp-content\/uploads\/2021\/01\/logo-noticieros@2x.png","contentUrl":"https:\/\/canal7slp.tv\/2025\/wp-content\/uploads\/2021\/01\/logo-noticieros@2x.png","width":1017,"height":268,"caption":"Noticieros Canal 7"},"image":{"@id":"https:\/\/canal7slp.tv\/2025\/#\/schema\/logo\/image\/"},"sameAs":["https:\/\/www.facebook.com\/noticieroscanal7atencionciudadana\/","https:\/\/x.com\/NOTICIEROS7","https:\/\/www.instagram.com\/canal7_slp","https:\/\/www.youtube.com\/channel\/UCliiYs-gP3JfJeqdPrNdd5A"]},{"@type":"Person","@id":"https:\/\/canal7slp.tv\/2025\/#\/schema\/person\/271e2b60a96e7cc9d9ac296f4d7e414b","name":"Edici\u00f3n Web","image":{"@type":"ImageObject","inLanguage":"es","@id":"https:\/\/secure.gravatar.com\/avatar\/eee448fc3f7164808013b816ba91ac7e43bbe82a70bebac296f8bc6f0addaa1a?s=96&d=mm&r=g","url":"https:\/\/secure.gravatar.com\/avatar\/eee448fc3f7164808013b816ba91ac7e43bbe82a70bebac296f8bc6f0addaa1a?s=96&d=mm&r=g","contentUrl":"https:\/\/secure.gravatar.com\/avatar\/eee448fc3f7164808013b816ba91ac7e43bbe82a70bebac296f8bc6f0addaa1a?s=96&d=mm&r=g","caption":"Edici\u00f3n Web"},"url":"https:\/\/canal7slp.tv\/2025\/author\/edicionweb\/"}]}},"_links":{"self":[{"href":"https:\/\/canal7slp.tv\/2025\/wp-json\/wp\/v2\/posts\/170858","targetHints":{"allow":["GET"]}}],"collection":[{"href":"https:\/\/canal7slp.tv\/2025\/wp-json\/wp\/v2\/posts"}],"about":[{"href":"https:\/\/canal7slp.tv\/2025\/wp-json\/wp\/v2\/types\/post"}],"author":[{"embeddable":true,"href":"https:\/\/canal7slp.tv\/2025\/wp-json\/wp\/v2\/users\/2"}],"replies":[{"embeddable":true,"href":"https:\/\/canal7slp.tv\/2025\/wp-json\/wp\/v2\/comments?post=170858"}],"version-history":[{"count":1,"href":"https:\/\/canal7slp.tv\/2025\/wp-json\/wp\/v2\/posts\/170858\/revisions"}],"predecessor-version":[{"id":170861,"href":"https:\/\/canal7slp.tv\/2025\/wp-json\/wp\/v2\/posts\/170858\/revisions\/170861"}],"wp:featuredmedia":[{"embeddable":true,"href":"https:\/\/canal7slp.tv\/2025\/wp-json\/wp\/v2\/media\/170860"}],"wp:attachment":[{"href":"https:\/\/canal7slp.tv\/2025\/wp-json\/wp\/v2\/media?parent=170858"}],"wp:term":[{"taxonomy":"category","embeddable":true,"href":"https:\/\/canal7slp.tv\/2025\/wp-json\/wp\/v2\/categories?post=170858"},{"taxonomy":"post_tag","embeddable":true,"href":"https:\/\/canal7slp.tv\/2025\/wp-json\/wp\/v2\/tags?post=170858"}],"curies":[{"name":"wp","href":"https:\/\/api.w.org\/{rel}","templated":true}]}}