{"id":170638,"date":"2025-06-16T21:53:36","date_gmt":"2025-06-17T03:53:36","guid":{"rendered":"https:\/\/canal7slp.tv\/2025\/?p=170638"},"modified":"2025-06-16T21:53:36","modified_gmt":"2025-06-17T03:53:36","slug":"adolfo-micalco-asume-presidencia-de-la-fundacion-colosio-en-slp","status":"publish","type":"post","link":"https:\/\/canal7slp.tv\/2025\/adolfo-micalco-asume-presidencia-de-la-fundacion-colosio-en-slp\/","title":{"rendered":"Adolfo Micalco, asume presidencia de la Fundaci\u00f3n Colosio en SLP"},"content":{"rendered":"<p style=\"text-align: justify;\">SLP.- En evento celebrado al oriente de la ciudad de San Luis Potos\u00ed, la Fundaci\u00f3n Colosio A.C., tom\u00f3 protesta a su nueva mesa directiva, la cual ser\u00e1 encabezada por Adolfo Micalco.<\/p>\n<p style=\"text-align: justify;\">La Fundaci\u00f3n Colosio es parte del PRI, por ello la presidenta del tricolor en la entidad, Sara Rocha Mediana ofreci\u00f3 unas palabras previo a la toma de protesta.<\/p>\n<p style=\"text-align: justify;\">\u201cQue en San Luis estamos construyendo, no corriendo, a paso firme, a lo mejor pian pianito pero a paso firme, con mucha claridad, con mucha honorabilidad y sobre todo con mucha honradez, dici\u00e9ndole a la gente las cosas como son, sin decir mentiras\u201d.<\/p>\n<p style=\"text-align: justify;\">Posteriormente se tom\u00f3 protesta a Adolfo Micalco y a Roc\u00edo Morales como presidente y secretaria respectivamente.<\/p>\n<p style=\"text-align: justify;\">Fue Roc\u00edo Morales quien tom\u00f3 el micr\u00f3fono y ofreci\u00f3 unas palabras.<\/p>\n<p style=\"text-align: justify;\">\u201cGracias por hacerme el honor de llamarme a cumplir uno de los sue\u00f1os que desde joven hab\u00eda tenido que es estar en este espacio de la Fundaci\u00f3n\u201d.<\/p>\n<p style=\"text-align: justify;\">Por su parte el presidente Adolfo Micalco, agradeci\u00f3 su nombramiento.<\/p>\n<p style=\"text-align: justify;\">\u201cA Luis Donaldo Colosio yo lo conoc\u00ed de manera personal, yo escuch\u00e9 su voz, yo estrech\u00e9 su mano; que en 1989 siendo el presidente del partido me toc\u00f3 estar en el Instituto de Capacitaci\u00f3n Pol\u00edtica del partido y ah\u00ed nos pudimos conocer de viva voz a trav\u00e9s de la reuniones que pudimos sostener con \u00e9l, del ideario y desde aquel entonces aquellos j\u00f3venes que so\u00f1\u00e1bamos un d\u00eda con un M\u00e9xico mejor y que Luis Donaldo Colosio a todo el pa\u00eds supo meter esa emoci\u00f3n, ese compromiso por hacer un pa\u00eds en el cual nuestros hijos tuvieran un mejor desarrollo, en ese PRI es donde un servidor y muchos de los aqu\u00ed presentes nos formamos\u201d.<\/p>\n<p>Por: Juan Carlos Contreras<\/p>\n","protected":false},"excerpt":{"rendered":"<p>SLP.- En evento celebrado al oriente de la ciudad de San Luis Potos\u00ed, la Fundaci\u00f3n Colosio A.C., tom\u00f3 protesta a su nueva mesa directiva, la cual ser\u00e1 encabezada por Adolfo Micalco. La Fundaci\u00f3n Colosio es parte del PRI, por ello la presidenta del tricolor en la entidad, Sara Rocha Mediana ofreci\u00f3 unas palabras previo a la toma de protesta. \u201cQue en San Luis estamos construyendo, no corriendo, a paso firme, a lo mejor pian pianito pero a paso firme, con mucha claridad, con mucha honorabilidad y sobre todo con mucha honradez, dici\u00e9ndole a la gente las cosas como son, sin [&hellip;]<\/p>\n","protected":false},"author":2,"featured_media":170643,"comment_status":"closed","ping_status":"closed","sticky":false,"template":"","format":"video","meta":{"_monsterinsights_skip_tracking":false,"_monsterinsights_sitenote_active":false,"_monsterinsights_sitenote_note":"","_monsterinsights_sitenote_category":0,"footnotes":""},"categories":[5,45],"tags":[],"class_list":["post-170638","post","type-post","status-publish","format-video","has-post-thumbnail","hentry","category-destacadas","category-localesyregionales","post_format-post-format-video","post--single"],"yoast_head":"<!-- This site is optimized with the Yoast SEO plugin v27.5 - https:\/\/yoast.com\/product\/yoast-seo-wordpress\/ -->\n<title>Adolfo Micalco, asume presidencia de la Fundaci\u00f3n Colosio en SLP - Canal 7 SLP - 2025<\/title>\n<meta name=\"robots\" content=\"index, follow, max-snippet:-1, max-image-preview:large, max-video-preview:-1\" \/>\n<link rel=\"canonical\" href=\"https:\/\/canal7slp.tv\/2025\/adolfo-micalco-asume-presidencia-de-la-fundacion-colosio-en-slp\/\" \/>\n<meta property=\"og:locale\" content=\"es_ES\" \/>\n<meta property=\"og:type\" content=\"article\" \/>\n<meta property=\"og:title\" content=\"Adolfo Micalco, asume presidencia de la Fundaci\u00f3n Colosio en SLP - Canal 7 SLP - 2025\" \/>\n<meta property=\"og:description\" content=\"SLP.- En evento celebrado al oriente de la ciudad de San Luis Potos\u00ed, la Fundaci\u00f3n Colosio A.C., tom\u00f3 protesta a su nueva mesa directiva, la cual ser\u00e1 encabezada por Adolfo Micalco. La Fundaci\u00f3n Colosio es parte del PRI, por ello la presidenta del tricolor en la entidad, Sara Rocha Mediana ofreci\u00f3 unas palabras previo a la toma de protesta. \u201cQue en San Luis estamos construyendo, no corriendo, a paso firme, a lo mejor pian pianito pero a paso firme, con mucha claridad, con mucha honorabilidad y sobre todo con mucha honradez, dici\u00e9ndole a la gente las cosas como son, sin [&hellip;]\" \/>\n<meta property=\"og:url\" content=\"https:\/\/canal7slp.tv\/2025\/adolfo-micalco-asume-presidencia-de-la-fundacion-colosio-en-slp\/\" \/>\n<meta property=\"og:site_name\" content=\"Canal 7 SLP - 2025\" \/>\n<meta property=\"article:publisher\" content=\"https:\/\/www.facebook.com\/noticieroscanal7atencionciudadana\/\" \/>\n<meta property=\"article:published_time\" content=\"2025-06-17T03:53:36+00:00\" \/>\n<meta property=\"og:image\" content=\"https:\/\/canal7slp.tv\/2025\/wp-content\/uploads\/2025\/06\/Poky01FundacionColosio.jpg\" \/>\n\t<meta property=\"og:image:width\" content=\"1152\" \/>\n\t<meta property=\"og:image:height\" content=\"720\" \/>\n\t<meta property=\"og:image:type\" content=\"image\/jpeg\" \/>\n<meta name=\"author\" content=\"Edici\u00f3n Web\" \/>\n<meta name=\"twitter:card\" content=\"summary_large_image\" \/>\n<meta name=\"twitter:creator\" content=\"@NOTICIEROS7\" \/>\n<meta name=\"twitter:site\" content=\"@NOTICIEROS7\" \/>\n<meta name=\"twitter:label1\" content=\"Escrito por\" \/>\n\t<meta name=\"twitter:data1\" content=\"Edici\u00f3n Web\" \/>\n\t<meta name=\"twitter:label2\" content=\"Tiempo de lectura\" \/>\n\t<meta name=\"twitter:data2\" content=\"2 minutos\" \/>\n<script type=\"application\/ld+json\" class=\"yoast-schema-graph\">{\"@context\":\"https:\\\/\\\/schema.org\",\"@graph\":[{\"@type\":\"Article\",\"@id\":\"https:\\\/\\\/canal7slp.tv\\\/2025\\\/adolfo-micalco-asume-presidencia-de-la-fundacion-colosio-en-slp\\\/#article\",\"isPartOf\":{\"@id\":\"https:\\\/\\\/canal7slp.tv\\\/2025\\\/adolfo-micalco-asume-presidencia-de-la-fundacion-colosio-en-slp\\\/\"},\"author\":{\"name\":\"Edici\u00f3n Web\",\"@id\":\"https:\\\/\\\/canal7slp.tv\\\/2025\\\/#\\\/schema\\\/person\\\/271e2b60a96e7cc9d9ac296f4d7e414b\"},\"headline\":\"Adolfo Micalco, asume presidencia de la Fundaci\u00f3n Colosio en SLP\",\"datePublished\":\"2025-06-17T03:53:36+00:00\",\"mainEntityOfPage\":{\"@id\":\"https:\\\/\\\/canal7slp.tv\\\/2025\\\/adolfo-micalco-asume-presidencia-de-la-fundacion-colosio-en-slp\\\/\"},\"wordCount\":315,\"publisher\":{\"@id\":\"https:\\\/\\\/canal7slp.tv\\\/2025\\\/#organization\"},\"image\":{\"@id\":\"https:\\\/\\\/canal7slp.tv\\\/2025\\\/adolfo-micalco-asume-presidencia-de-la-fundacion-colosio-en-slp\\\/#primaryimage\"},\"thumbnailUrl\":\"https:\\\/\\\/canal7slp.tv\\\/2025\\\/wp-content\\\/uploads\\\/2025\\\/06\\\/Poky01FundacionColosio.jpg\",\"articleSection\":[\"DESTACADAS\",\"LOCALES Y REGIONALES\"],\"inLanguage\":\"es\"},{\"@type\":\"WebPage\",\"@id\":\"https:\\\/\\\/canal7slp.tv\\\/2025\\\/adolfo-micalco-asume-presidencia-de-la-fundacion-colosio-en-slp\\\/\",\"url\":\"https:\\\/\\\/canal7slp.tv\\\/2025\\\/adolfo-micalco-asume-presidencia-de-la-fundacion-colosio-en-slp\\\/\",\"name\":\"Adolfo Micalco, asume presidencia de la Fundaci\u00f3n Colosio en SLP - Canal 7 SLP - 2025\",\"isPartOf\":{\"@id\":\"https:\\\/\\\/canal7slp.tv\\\/2025\\\/#website\"},\"primaryImageOfPage\":{\"@id\":\"https:\\\/\\\/canal7slp.tv\\\/2025\\\/adolfo-micalco-asume-presidencia-de-la-fundacion-colosio-en-slp\\\/#primaryimage\"},\"image\":{\"@id\":\"https:\\\/\\\/canal7slp.tv\\\/2025\\\/adolfo-micalco-asume-presidencia-de-la-fundacion-colosio-en-slp\\\/#primaryimage\"},\"thumbnailUrl\":\"https:\\\/\\\/canal7slp.tv\\\/2025\\\/wp-content\\\/uploads\\\/2025\\\/06\\\/Poky01FundacionColosio.jpg\",\"datePublished\":\"2025-06-17T03:53:36+00:00\",\"breadcrumb\":{\"@id\":\"https:\\\/\\\/canal7slp.tv\\\/2025\\\/adolfo-micalco-asume-presidencia-de-la-fundacion-colosio-en-slp\\\/#breadcrumb\"},\"inLanguage\":\"es\",\"potentialAction\":[{\"@type\":\"ReadAction\",\"target\":[\"https:\\\/\\\/canal7slp.tv\\\/2025\\\/adolfo-micalco-asume-presidencia-de-la-fundacion-colosio-en-slp\\\/\"]}]},{\"@type\":\"ImageObject\",\"inLanguage\":\"es\",\"@id\":\"https:\\\/\\\/canal7slp.tv\\\/2025\\\/adolfo-micalco-asume-presidencia-de-la-fundacion-colosio-en-slp\\\/#primaryimage\",\"url\":\"https:\\\/\\\/canal7slp.tv\\\/2025\\\/wp-content\\\/uploads\\\/2025\\\/06\\\/Poky01FundacionColosio.jpg\",\"contentUrl\":\"https:\\\/\\\/canal7slp.tv\\\/2025\\\/wp-content\\\/uploads\\\/2025\\\/06\\\/Poky01FundacionColosio.jpg\",\"width\":1152,\"height\":720},{\"@type\":\"BreadcrumbList\",\"@id\":\"https:\\\/\\\/canal7slp.tv\\\/2025\\\/adolfo-micalco-asume-presidencia-de-la-fundacion-colosio-en-slp\\\/#breadcrumb\",\"itemListElement\":[{\"@type\":\"ListItem\",\"position\":1,\"name\":\"Portada\",\"item\":\"https:\\\/\\\/canal7slp.tv\\\/2025\\\/\"},{\"@type\":\"ListItem\",\"position\":2,\"name\":\"Adolfo Micalco, asume presidencia de la Fundaci\u00f3n Colosio en SLP\"}]},{\"@type\":\"WebSite\",\"@id\":\"https:\\\/\\\/canal7slp.tv\\\/2025\\\/#website\",\"url\":\"https:\\\/\\\/canal7slp.tv\\\/2025\\\/\",\"name\":\"N7 - Noticieros Canal 7\",\"description\":\"Somos el Medio\",\"publisher\":{\"@id\":\"https:\\\/\\\/canal7slp.tv\\\/2025\\\/#organization\"},\"potentialAction\":[{\"@type\":\"SearchAction\",\"target\":{\"@type\":\"EntryPoint\",\"urlTemplate\":\"https:\\\/\\\/canal7slp.tv\\\/2025\\\/?s={search_term_string}\"},\"query-input\":{\"@type\":\"PropertyValueSpecification\",\"valueRequired\":true,\"valueName\":\"search_term_string\"}}],\"inLanguage\":\"es\"},{\"@type\":\"Organization\",\"@id\":\"https:\\\/\\\/canal7slp.tv\\\/2025\\\/#organization\",\"name\":\"Noticieros Canal 7\",\"url\":\"https:\\\/\\\/canal7slp.tv\\\/2025\\\/\",\"logo\":{\"@type\":\"ImageObject\",\"inLanguage\":\"es\",\"@id\":\"https:\\\/\\\/canal7slp.tv\\\/2025\\\/#\\\/schema\\\/logo\\\/image\\\/\",\"url\":\"https:\\\/\\\/canal7slp.tv\\\/2025\\\/wp-content\\\/uploads\\\/2021\\\/01\\\/logo-noticieros@2x.png\",\"contentUrl\":\"https:\\\/\\\/canal7slp.tv\\\/2025\\\/wp-content\\\/uploads\\\/2021\\\/01\\\/logo-noticieros@2x.png\",\"width\":1017,\"height\":268,\"caption\":\"Noticieros Canal 7\"},\"image\":{\"@id\":\"https:\\\/\\\/canal7slp.tv\\\/2025\\\/#\\\/schema\\\/logo\\\/image\\\/\"},\"sameAs\":[\"https:\\\/\\\/www.facebook.com\\\/noticieroscanal7atencionciudadana\\\/\",\"https:\\\/\\\/x.com\\\/NOTICIEROS7\",\"https:\\\/\\\/www.instagram.com\\\/canal7_slp\",\"https:\\\/\\\/www.youtube.com\\\/channel\\\/UCliiYs-gP3JfJeqdPrNdd5A\"]},{\"@type\":\"Person\",\"@id\":\"https:\\\/\\\/canal7slp.tv\\\/2025\\\/#\\\/schema\\\/person\\\/271e2b60a96e7cc9d9ac296f4d7e414b\",\"name\":\"Edici\u00f3n Web\",\"image\":{\"@type\":\"ImageObject\",\"inLanguage\":\"es\",\"@id\":\"https:\\\/\\\/secure.gravatar.com\\\/avatar\\\/eee448fc3f7164808013b816ba91ac7e43bbe82a70bebac296f8bc6f0addaa1a?s=96&d=mm&r=g\",\"url\":\"https:\\\/\\\/secure.gravatar.com\\\/avatar\\\/eee448fc3f7164808013b816ba91ac7e43bbe82a70bebac296f8bc6f0addaa1a?s=96&d=mm&r=g\",\"contentUrl\":\"https:\\\/\\\/secure.gravatar.com\\\/avatar\\\/eee448fc3f7164808013b816ba91ac7e43bbe82a70bebac296f8bc6f0addaa1a?s=96&d=mm&r=g\",\"caption\":\"Edici\u00f3n Web\"},\"url\":\"https:\\\/\\\/canal7slp.tv\\\/2025\\\/author\\\/edicionweb\\\/\"}]}<\/script>\n<!-- \/ Yoast SEO plugin. -->","yoast_head_json":{"title":"Adolfo Micalco, asume presidencia de la Fundaci\u00f3n Colosio en SLP - Canal 7 SLP - 2025","robots":{"index":"index","follow":"follow","max-snippet":"max-snippet:-1","max-image-preview":"max-image-preview:large","max-video-preview":"max-video-preview:-1"},"canonical":"https:\/\/canal7slp.tv\/2025\/adolfo-micalco-asume-presidencia-de-la-fundacion-colosio-en-slp\/","og_locale":"es_ES","og_type":"article","og_title":"Adolfo Micalco, asume presidencia de la Fundaci\u00f3n Colosio en SLP - Canal 7 SLP - 2025","og_description":"SLP.- En evento celebrado al oriente de la ciudad de San Luis Potos\u00ed, la Fundaci\u00f3n Colosio A.C., tom\u00f3 protesta a su nueva mesa directiva, la cual ser\u00e1 encabezada por Adolfo Micalco. La Fundaci\u00f3n Colosio es parte del PRI, por ello la presidenta del tricolor en la entidad, Sara Rocha Mediana ofreci\u00f3 unas palabras previo a la toma de protesta. \u201cQue en San Luis estamos construyendo, no corriendo, a paso firme, a lo mejor pian pianito pero a paso firme, con mucha claridad, con mucha honorabilidad y sobre todo con mucha honradez, dici\u00e9ndole a la gente las cosas como son, sin [&hellip;]","og_url":"https:\/\/canal7slp.tv\/2025\/adolfo-micalco-asume-presidencia-de-la-fundacion-colosio-en-slp\/","og_site_name":"Canal 7 SLP - 2025","article_publisher":"https:\/\/www.facebook.com\/noticieroscanal7atencionciudadana\/","article_published_time":"2025-06-17T03:53:36+00:00","og_image":[{"width":1152,"height":720,"url":"https:\/\/canal7slp.tv\/2025\/wp-content\/uploads\/2025\/06\/Poky01FundacionColosio.jpg","type":"image\/jpeg"}],"author":"Edici\u00f3n Web","twitter_card":"summary_large_image","twitter_creator":"@NOTICIEROS7","twitter_site":"@NOTICIEROS7","twitter_misc":{"Escrito por":"Edici\u00f3n Web","Tiempo de lectura":"2 minutos"},"schema":{"@context":"https:\/\/schema.org","@graph":[{"@type":"Article","@id":"https:\/\/canal7slp.tv\/2025\/adolfo-micalco-asume-presidencia-de-la-fundacion-colosio-en-slp\/#article","isPartOf":{"@id":"https:\/\/canal7slp.tv\/2025\/adolfo-micalco-asume-presidencia-de-la-fundacion-colosio-en-slp\/"},"author":{"name":"Edici\u00f3n Web","@id":"https:\/\/canal7slp.tv\/2025\/#\/schema\/person\/271e2b60a96e7cc9d9ac296f4d7e414b"},"headline":"Adolfo Micalco, asume presidencia de la Fundaci\u00f3n Colosio en SLP","datePublished":"2025-06-17T03:53:36+00:00","mainEntityOfPage":{"@id":"https:\/\/canal7slp.tv\/2025\/adolfo-micalco-asume-presidencia-de-la-fundacion-colosio-en-slp\/"},"wordCount":315,"publisher":{"@id":"https:\/\/canal7slp.tv\/2025\/#organization"},"image":{"@id":"https:\/\/canal7slp.tv\/2025\/adolfo-micalco-asume-presidencia-de-la-fundacion-colosio-en-slp\/#primaryimage"},"thumbnailUrl":"https:\/\/canal7slp.tv\/2025\/wp-content\/uploads\/2025\/06\/Poky01FundacionColosio.jpg","articleSection":["DESTACADAS","LOCALES Y REGIONALES"],"inLanguage":"es"},{"@type":"WebPage","@id":"https:\/\/canal7slp.tv\/2025\/adolfo-micalco-asume-presidencia-de-la-fundacion-colosio-en-slp\/","url":"https:\/\/canal7slp.tv\/2025\/adolfo-micalco-asume-presidencia-de-la-fundacion-colosio-en-slp\/","name":"Adolfo Micalco, asume presidencia de la Fundaci\u00f3n Colosio en SLP - Canal 7 SLP - 2025","isPartOf":{"@id":"https:\/\/canal7slp.tv\/2025\/#website"},"primaryImageOfPage":{"@id":"https:\/\/canal7slp.tv\/2025\/adolfo-micalco-asume-presidencia-de-la-fundacion-colosio-en-slp\/#primaryimage"},"image":{"@id":"https:\/\/canal7slp.tv\/2025\/adolfo-micalco-asume-presidencia-de-la-fundacion-colosio-en-slp\/#primaryimage"},"thumbnailUrl":"https:\/\/canal7slp.tv\/2025\/wp-content\/uploads\/2025\/06\/Poky01FundacionColosio.jpg","datePublished":"2025-06-17T03:53:36+00:00","breadcrumb":{"@id":"https:\/\/canal7slp.tv\/2025\/adolfo-micalco-asume-presidencia-de-la-fundacion-colosio-en-slp\/#breadcrumb"},"inLanguage":"es","potentialAction":[{"@type":"ReadAction","target":["https:\/\/canal7slp.tv\/2025\/adolfo-micalco-asume-presidencia-de-la-fundacion-colosio-en-slp\/"]}]},{"@type":"ImageObject","inLanguage":"es","@id":"https:\/\/canal7slp.tv\/2025\/adolfo-micalco-asume-presidencia-de-la-fundacion-colosio-en-slp\/#primaryimage","url":"https:\/\/canal7slp.tv\/2025\/wp-content\/uploads\/2025\/06\/Poky01FundacionColosio.jpg","contentUrl":"https:\/\/canal7slp.tv\/2025\/wp-content\/uploads\/2025\/06\/Poky01FundacionColosio.jpg","width":1152,"height":720},{"@type":"BreadcrumbList","@id":"https:\/\/canal7slp.tv\/2025\/adolfo-micalco-asume-presidencia-de-la-fundacion-colosio-en-slp\/#breadcrumb","itemListElement":[{"@type":"ListItem","position":1,"name":"Portada","item":"https:\/\/canal7slp.tv\/2025\/"},{"@type":"ListItem","position":2,"name":"Adolfo Micalco, asume presidencia de la Fundaci\u00f3n Colosio en SLP"}]},{"@type":"WebSite","@id":"https:\/\/canal7slp.tv\/2025\/#website","url":"https:\/\/canal7slp.tv\/2025\/","name":"N7 - Noticieros Canal 7","description":"Somos el Medio","publisher":{"@id":"https:\/\/canal7slp.tv\/2025\/#organization"},"potentialAction":[{"@type":"SearchAction","target":{"@type":"EntryPoint","urlTemplate":"https:\/\/canal7slp.tv\/2025\/?s={search_term_string}"},"query-input":{"@type":"PropertyValueSpecification","valueRequired":true,"valueName":"search_term_string"}}],"inLanguage":"es"},{"@type":"Organization","@id":"https:\/\/canal7slp.tv\/2025\/#organization","name":"Noticieros Canal 7","url":"https:\/\/canal7slp.tv\/2025\/","logo":{"@type":"ImageObject","inLanguage":"es","@id":"https:\/\/canal7slp.tv\/2025\/#\/schema\/logo\/image\/","url":"https:\/\/canal7slp.tv\/2025\/wp-content\/uploads\/2021\/01\/logo-noticieros@2x.png","contentUrl":"https:\/\/canal7slp.tv\/2025\/wp-content\/uploads\/2021\/01\/logo-noticieros@2x.png","width":1017,"height":268,"caption":"Noticieros Canal 7"},"image":{"@id":"https:\/\/canal7slp.tv\/2025\/#\/schema\/logo\/image\/"},"sameAs":["https:\/\/www.facebook.com\/noticieroscanal7atencionciudadana\/","https:\/\/x.com\/NOTICIEROS7","https:\/\/www.instagram.com\/canal7_slp","https:\/\/www.youtube.com\/channel\/UCliiYs-gP3JfJeqdPrNdd5A"]},{"@type":"Person","@id":"https:\/\/canal7slp.tv\/2025\/#\/schema\/person\/271e2b60a96e7cc9d9ac296f4d7e414b","name":"Edici\u00f3n Web","image":{"@type":"ImageObject","inLanguage":"es","@id":"https:\/\/secure.gravatar.com\/avatar\/eee448fc3f7164808013b816ba91ac7e43bbe82a70bebac296f8bc6f0addaa1a?s=96&d=mm&r=g","url":"https:\/\/secure.gravatar.com\/avatar\/eee448fc3f7164808013b816ba91ac7e43bbe82a70bebac296f8bc6f0addaa1a?s=96&d=mm&r=g","contentUrl":"https:\/\/secure.gravatar.com\/avatar\/eee448fc3f7164808013b816ba91ac7e43bbe82a70bebac296f8bc6f0addaa1a?s=96&d=mm&r=g","caption":"Edici\u00f3n Web"},"url":"https:\/\/canal7slp.tv\/2025\/author\/edicionweb\/"}]}},"_links":{"self":[{"href":"https:\/\/canal7slp.tv\/2025\/wp-json\/wp\/v2\/posts\/170638","targetHints":{"allow":["GET"]}}],"collection":[{"href":"https:\/\/canal7slp.tv\/2025\/wp-json\/wp\/v2\/posts"}],"about":[{"href":"https:\/\/canal7slp.tv\/2025\/wp-json\/wp\/v2\/types\/post"}],"author":[{"embeddable":true,"href":"https:\/\/canal7slp.tv\/2025\/wp-json\/wp\/v2\/users\/2"}],"replies":[{"embeddable":true,"href":"https:\/\/canal7slp.tv\/2025\/wp-json\/wp\/v2\/comments?post=170638"}],"version-history":[{"count":2,"href":"https:\/\/canal7slp.tv\/2025\/wp-json\/wp\/v2\/posts\/170638\/revisions"}],"predecessor-version":[{"id":170644,"href":"https:\/\/canal7slp.tv\/2025\/wp-json\/wp\/v2\/posts\/170638\/revisions\/170644"}],"wp:featuredmedia":[{"embeddable":true,"href":"https:\/\/canal7slp.tv\/2025\/wp-json\/wp\/v2\/media\/170643"}],"wp:attachment":[{"href":"https:\/\/canal7slp.tv\/2025\/wp-json\/wp\/v2\/media?parent=170638"}],"wp:term":[{"taxonomy":"category","embeddable":true,"href":"https:\/\/canal7slp.tv\/2025\/wp-json\/wp\/v2\/categories?post=170638"},{"taxonomy":"post_tag","embeddable":true,"href":"https:\/\/canal7slp.tv\/2025\/wp-json\/wp\/v2\/tags?post=170638"}],"curies":[{"name":"wp","href":"https:\/\/api.w.org\/{rel}","templated":true}]}}