{"id":170637,"date":"2025-06-17T10:05:12","date_gmt":"2025-06-17T16:05:12","guid":{"rendered":"https:\/\/canal7slp.tv\/2025\/?p=170637"},"modified":"2025-06-17T10:05:12","modified_gmt":"2025-06-17T16:05:12","slug":"afirma-dirigencia-estatal-del-pri-tener-respaldo-del-cen-pese-fallo-de-tribunal","status":"publish","type":"post","link":"https:\/\/canal7slp.tv\/2025\/afirma-dirigencia-estatal-del-pri-tener-respaldo-del-cen-pese-fallo-de-tribunal\/","title":{"rendered":"Afirma dirigencia estatal del PRI, tener respaldo del CEN, pese fallo de tribunal"},"content":{"rendered":"<p style=\"text-align: justify;\">SLP.- En entrevista Sara Rocha Medina asegur\u00f3 que se mantiene como presidenta del Comit\u00e9 Directivo Estatal del PRI y que se ha ingresado una impugnaci\u00f3n ante el Tribunal Electoral de la Federaci\u00f3n Sala Monterrey luego de que el Tribunal Electoral local invalidara su elecci\u00f3n al frente del tricolor.<\/p>\n<p style=\"text-align: justify;\">\u201cDecirte que seguimos siendo presidente y secretario, el comit\u00e9 nacional nos has dado nuevamente la confianza y nosotros impugnamos lo que nos tocaba en el tema de tribunales, el tema de tribunales que siga, lo que no podemos parar son los trabajos de partido\u201d.<\/p>\n<p style=\"text-align: justify;\">Fue el pasado mi\u00e9rcoles cuando acudi\u00f3 al \u00f3rgano nacional del PRI.<\/p>\n<p style=\"text-align: justify;\">\u201cTuvimos reuniones, fui a M\u00e9xico, me mandaron llamar, nos volvieron a dar el nombramiento, un acuerdo que se toma desde oficinas del PRI nacional y bueno pues para no parar los trabajos que estamos haciendo\u201d.<\/p>\n<p style=\"text-align: justify;\">Ahondo por igual en el tema de lo legal.<\/p>\n<p style=\"text-align: justify;\">\u201cEl Tribunal ya es en la Sala Regional de Monterrey, entonces s\u00ed necesitamos saber qu\u00e9 resuelve la sala, se supone que para de aqu\u00ed al viernes ya tiene el documento en la sala Monterrey, ya le dan entrada y empiezan a correr los t\u00e9rminos que ellos decidan\u201d.<\/p>\n<p style=\"text-align: justify;\">Envi\u00f3 un mensaje para los militantes tricolor.<\/p>\n<p style=\"text-align: justify;\">\u201cQue est\u00e9n tranquilos, que seguimos trabajando, que no vamos a bajar la guardia, que el trabajo va a ser a lo mejor paso firme no volando pero s\u00ed paso firme muy seguro\u201d.<\/p>\n<p>Por: Juan Carlos Contreras<\/p>\n","protected":false},"excerpt":{"rendered":"<p>SLP.- En entrevista Sara Rocha Medina asegur\u00f3 que se mantiene como presidenta del Comit\u00e9 Directivo Estatal del PRI y que se ha ingresado una impugnaci\u00f3n ante el Tribunal Electoral de la Federaci\u00f3n Sala Monterrey luego de que el Tribunal Electoral local invalidara su elecci\u00f3n al frente del tricolor. \u201cDecirte que seguimos siendo presidente y secretario, el comit\u00e9 nacional nos has dado nuevamente la confianza y nosotros impugnamos lo que nos tocaba en el tema de tribunales, el tema de tribunales que siga, lo que no podemos parar son los trabajos de partido\u201d. Fue el pasado mi\u00e9rcoles cuando acudi\u00f3 al \u00f3rgano [&hellip;]<\/p>\n","protected":false},"author":2,"featured_media":170655,"comment_status":"closed","ping_status":"closed","sticky":false,"template":"","format":"video","meta":{"_monsterinsights_skip_tracking":false,"_monsterinsights_sitenote_active":false,"_monsterinsights_sitenote_note":"","_monsterinsights_sitenote_category":0,"footnotes":""},"categories":[5,45],"tags":[],"class_list":["post-170637","post","type-post","status-publish","format-video","has-post-thumbnail","hentry","category-destacadas","category-localesyregionales","post_format-post-format-video","post--single"],"yoast_head":"<!-- This site is optimized with the Yoast SEO plugin v27.5 - https:\/\/yoast.com\/product\/yoast-seo-wordpress\/ -->\n<title>Afirma dirigencia estatal del PRI, tener respaldo del CEN, pese fallo de tribunal - Canal 7 SLP - 2025<\/title>\n<meta name=\"robots\" content=\"index, follow, max-snippet:-1, max-image-preview:large, max-video-preview:-1\" \/>\n<link rel=\"canonical\" href=\"https:\/\/canal7slp.tv\/2025\/afirma-dirigencia-estatal-del-pri-tener-respaldo-del-cen-pese-fallo-de-tribunal\/\" \/>\n<meta property=\"og:locale\" content=\"es_ES\" \/>\n<meta property=\"og:type\" content=\"article\" \/>\n<meta property=\"og:title\" content=\"Afirma dirigencia estatal del PRI, tener respaldo del CEN, pese fallo de tribunal - Canal 7 SLP - 2025\" \/>\n<meta property=\"og:description\" content=\"SLP.- En entrevista Sara Rocha Medina asegur\u00f3 que se mantiene como presidenta del Comit\u00e9 Directivo Estatal del PRI y que se ha ingresado una impugnaci\u00f3n ante el Tribunal Electoral de la Federaci\u00f3n Sala Monterrey luego de que el Tribunal Electoral local invalidara su elecci\u00f3n al frente del tricolor. \u201cDecirte que seguimos siendo presidente y secretario, el comit\u00e9 nacional nos has dado nuevamente la confianza y nosotros impugnamos lo que nos tocaba en el tema de tribunales, el tema de tribunales que siga, lo que no podemos parar son los trabajos de partido\u201d. Fue el pasado mi\u00e9rcoles cuando acudi\u00f3 al \u00f3rgano [&hellip;]\" \/>\n<meta property=\"og:url\" content=\"https:\/\/canal7slp.tv\/2025\/afirma-dirigencia-estatal-del-pri-tener-respaldo-del-cen-pese-fallo-de-tribunal\/\" \/>\n<meta property=\"og:site_name\" content=\"Canal 7 SLP - 2025\" \/>\n<meta property=\"article:publisher\" content=\"https:\/\/www.facebook.com\/noticieroscanal7atencionciudadana\/\" \/>\n<meta property=\"article:published_time\" content=\"2025-06-17T16:05:12+00:00\" \/>\n<meta property=\"og:image\" content=\"https:\/\/canal7slp.tv\/2025\/wp-content\/uploads\/2025\/06\/Poky03SaraRocha.jpg\" \/>\n\t<meta property=\"og:image:width\" content=\"1280\" \/>\n\t<meta property=\"og:image:height\" content=\"720\" \/>\n\t<meta property=\"og:image:type\" content=\"image\/jpeg\" \/>\n<meta name=\"author\" content=\"Edici\u00f3n Web\" \/>\n<meta name=\"twitter:card\" content=\"summary_large_image\" \/>\n<meta name=\"twitter:creator\" content=\"@NOTICIEROS7\" \/>\n<meta name=\"twitter:site\" content=\"@NOTICIEROS7\" \/>\n<meta name=\"twitter:label1\" content=\"Escrito por\" \/>\n\t<meta name=\"twitter:data1\" content=\"Edici\u00f3n Web\" \/>\n\t<meta name=\"twitter:label2\" content=\"Tiempo de lectura\" \/>\n\t<meta name=\"twitter:data2\" content=\"2 minutos\" \/>\n<script type=\"application\/ld+json\" class=\"yoast-schema-graph\">{\"@context\":\"https:\\\/\\\/schema.org\",\"@graph\":[{\"@type\":\"Article\",\"@id\":\"https:\\\/\\\/canal7slp.tv\\\/2025\\\/afirma-dirigencia-estatal-del-pri-tener-respaldo-del-cen-pese-fallo-de-tribunal\\\/#article\",\"isPartOf\":{\"@id\":\"https:\\\/\\\/canal7slp.tv\\\/2025\\\/afirma-dirigencia-estatal-del-pri-tener-respaldo-del-cen-pese-fallo-de-tribunal\\\/\"},\"author\":{\"name\":\"Edici\u00f3n Web\",\"@id\":\"https:\\\/\\\/canal7slp.tv\\\/2025\\\/#\\\/schema\\\/person\\\/271e2b60a96e7cc9d9ac296f4d7e414b\"},\"headline\":\"Afirma dirigencia estatal del PRI, tener respaldo del CEN, pese fallo de tribunal\",\"datePublished\":\"2025-06-17T16:05:12+00:00\",\"mainEntityOfPage\":{\"@id\":\"https:\\\/\\\/canal7slp.tv\\\/2025\\\/afirma-dirigencia-estatal-del-pri-tener-respaldo-del-cen-pese-fallo-de-tribunal\\\/\"},\"wordCount\":258,\"publisher\":{\"@id\":\"https:\\\/\\\/canal7slp.tv\\\/2025\\\/#organization\"},\"image\":{\"@id\":\"https:\\\/\\\/canal7slp.tv\\\/2025\\\/afirma-dirigencia-estatal-del-pri-tener-respaldo-del-cen-pese-fallo-de-tribunal\\\/#primaryimage\"},\"thumbnailUrl\":\"https:\\\/\\\/canal7slp.tv\\\/2025\\\/wp-content\\\/uploads\\\/2025\\\/06\\\/Poky03SaraRocha.jpg\",\"articleSection\":[\"DESTACADAS\",\"LOCALES Y REGIONALES\"],\"inLanguage\":\"es\"},{\"@type\":\"WebPage\",\"@id\":\"https:\\\/\\\/canal7slp.tv\\\/2025\\\/afirma-dirigencia-estatal-del-pri-tener-respaldo-del-cen-pese-fallo-de-tribunal\\\/\",\"url\":\"https:\\\/\\\/canal7slp.tv\\\/2025\\\/afirma-dirigencia-estatal-del-pri-tener-respaldo-del-cen-pese-fallo-de-tribunal\\\/\",\"name\":\"Afirma dirigencia estatal del PRI, tener respaldo del CEN, pese fallo de tribunal - Canal 7 SLP - 2025\",\"isPartOf\":{\"@id\":\"https:\\\/\\\/canal7slp.tv\\\/2025\\\/#website\"},\"primaryImageOfPage\":{\"@id\":\"https:\\\/\\\/canal7slp.tv\\\/2025\\\/afirma-dirigencia-estatal-del-pri-tener-respaldo-del-cen-pese-fallo-de-tribunal\\\/#primaryimage\"},\"image\":{\"@id\":\"https:\\\/\\\/canal7slp.tv\\\/2025\\\/afirma-dirigencia-estatal-del-pri-tener-respaldo-del-cen-pese-fallo-de-tribunal\\\/#primaryimage\"},\"thumbnailUrl\":\"https:\\\/\\\/canal7slp.tv\\\/2025\\\/wp-content\\\/uploads\\\/2025\\\/06\\\/Poky03SaraRocha.jpg\",\"datePublished\":\"2025-06-17T16:05:12+00:00\",\"breadcrumb\":{\"@id\":\"https:\\\/\\\/canal7slp.tv\\\/2025\\\/afirma-dirigencia-estatal-del-pri-tener-respaldo-del-cen-pese-fallo-de-tribunal\\\/#breadcrumb\"},\"inLanguage\":\"es\",\"potentialAction\":[{\"@type\":\"ReadAction\",\"target\":[\"https:\\\/\\\/canal7slp.tv\\\/2025\\\/afirma-dirigencia-estatal-del-pri-tener-respaldo-del-cen-pese-fallo-de-tribunal\\\/\"]}]},{\"@type\":\"ImageObject\",\"inLanguage\":\"es\",\"@id\":\"https:\\\/\\\/canal7slp.tv\\\/2025\\\/afirma-dirigencia-estatal-del-pri-tener-respaldo-del-cen-pese-fallo-de-tribunal\\\/#primaryimage\",\"url\":\"https:\\\/\\\/canal7slp.tv\\\/2025\\\/wp-content\\\/uploads\\\/2025\\\/06\\\/Poky03SaraRocha.jpg\",\"contentUrl\":\"https:\\\/\\\/canal7slp.tv\\\/2025\\\/wp-content\\\/uploads\\\/2025\\\/06\\\/Poky03SaraRocha.jpg\",\"width\":1280,\"height\":720},{\"@type\":\"BreadcrumbList\",\"@id\":\"https:\\\/\\\/canal7slp.tv\\\/2025\\\/afirma-dirigencia-estatal-del-pri-tener-respaldo-del-cen-pese-fallo-de-tribunal\\\/#breadcrumb\",\"itemListElement\":[{\"@type\":\"ListItem\",\"position\":1,\"name\":\"Portada\",\"item\":\"https:\\\/\\\/canal7slp.tv\\\/2025\\\/\"},{\"@type\":\"ListItem\",\"position\":2,\"name\":\"Afirma dirigencia estatal del PRI, tener respaldo del CEN, pese fallo de tribunal\"}]},{\"@type\":\"WebSite\",\"@id\":\"https:\\\/\\\/canal7slp.tv\\\/2025\\\/#website\",\"url\":\"https:\\\/\\\/canal7slp.tv\\\/2025\\\/\",\"name\":\"N7 - Noticieros Canal 7\",\"description\":\"Somos el Medio\",\"publisher\":{\"@id\":\"https:\\\/\\\/canal7slp.tv\\\/2025\\\/#organization\"},\"potentialAction\":[{\"@type\":\"SearchAction\",\"target\":{\"@type\":\"EntryPoint\",\"urlTemplate\":\"https:\\\/\\\/canal7slp.tv\\\/2025\\\/?s={search_term_string}\"},\"query-input\":{\"@type\":\"PropertyValueSpecification\",\"valueRequired\":true,\"valueName\":\"search_term_string\"}}],\"inLanguage\":\"es\"},{\"@type\":\"Organization\",\"@id\":\"https:\\\/\\\/canal7slp.tv\\\/2025\\\/#organization\",\"name\":\"Noticieros Canal 7\",\"url\":\"https:\\\/\\\/canal7slp.tv\\\/2025\\\/\",\"logo\":{\"@type\":\"ImageObject\",\"inLanguage\":\"es\",\"@id\":\"https:\\\/\\\/canal7slp.tv\\\/2025\\\/#\\\/schema\\\/logo\\\/image\\\/\",\"url\":\"https:\\\/\\\/canal7slp.tv\\\/2025\\\/wp-content\\\/uploads\\\/2021\\\/01\\\/logo-noticieros@2x.png\",\"contentUrl\":\"https:\\\/\\\/canal7slp.tv\\\/2025\\\/wp-content\\\/uploads\\\/2021\\\/01\\\/logo-noticieros@2x.png\",\"width\":1017,\"height\":268,\"caption\":\"Noticieros Canal 7\"},\"image\":{\"@id\":\"https:\\\/\\\/canal7slp.tv\\\/2025\\\/#\\\/schema\\\/logo\\\/image\\\/\"},\"sameAs\":[\"https:\\\/\\\/www.facebook.com\\\/noticieroscanal7atencionciudadana\\\/\",\"https:\\\/\\\/x.com\\\/NOTICIEROS7\",\"https:\\\/\\\/www.instagram.com\\\/canal7_slp\",\"https:\\\/\\\/www.youtube.com\\\/channel\\\/UCliiYs-gP3JfJeqdPrNdd5A\"]},{\"@type\":\"Person\",\"@id\":\"https:\\\/\\\/canal7slp.tv\\\/2025\\\/#\\\/schema\\\/person\\\/271e2b60a96e7cc9d9ac296f4d7e414b\",\"name\":\"Edici\u00f3n Web\",\"image\":{\"@type\":\"ImageObject\",\"inLanguage\":\"es\",\"@id\":\"https:\\\/\\\/secure.gravatar.com\\\/avatar\\\/eee448fc3f7164808013b816ba91ac7e43bbe82a70bebac296f8bc6f0addaa1a?s=96&d=mm&r=g\",\"url\":\"https:\\\/\\\/secure.gravatar.com\\\/avatar\\\/eee448fc3f7164808013b816ba91ac7e43bbe82a70bebac296f8bc6f0addaa1a?s=96&d=mm&r=g\",\"contentUrl\":\"https:\\\/\\\/secure.gravatar.com\\\/avatar\\\/eee448fc3f7164808013b816ba91ac7e43bbe82a70bebac296f8bc6f0addaa1a?s=96&d=mm&r=g\",\"caption\":\"Edici\u00f3n Web\"},\"url\":\"https:\\\/\\\/canal7slp.tv\\\/2025\\\/author\\\/edicionweb\\\/\"}]}<\/script>\n<!-- \/ Yoast SEO plugin. -->","yoast_head_json":{"title":"Afirma dirigencia estatal del PRI, tener respaldo del CEN, pese fallo de tribunal - Canal 7 SLP - 2025","robots":{"index":"index","follow":"follow","max-snippet":"max-snippet:-1","max-image-preview":"max-image-preview:large","max-video-preview":"max-video-preview:-1"},"canonical":"https:\/\/canal7slp.tv\/2025\/afirma-dirigencia-estatal-del-pri-tener-respaldo-del-cen-pese-fallo-de-tribunal\/","og_locale":"es_ES","og_type":"article","og_title":"Afirma dirigencia estatal del PRI, tener respaldo del CEN, pese fallo de tribunal - Canal 7 SLP - 2025","og_description":"SLP.- En entrevista Sara Rocha Medina asegur\u00f3 que se mantiene como presidenta del Comit\u00e9 Directivo Estatal del PRI y que se ha ingresado una impugnaci\u00f3n ante el Tribunal Electoral de la Federaci\u00f3n Sala Monterrey luego de que el Tribunal Electoral local invalidara su elecci\u00f3n al frente del tricolor. \u201cDecirte que seguimos siendo presidente y secretario, el comit\u00e9 nacional nos has dado nuevamente la confianza y nosotros impugnamos lo que nos tocaba en el tema de tribunales, el tema de tribunales que siga, lo que no podemos parar son los trabajos de partido\u201d. Fue el pasado mi\u00e9rcoles cuando acudi\u00f3 al \u00f3rgano [&hellip;]","og_url":"https:\/\/canal7slp.tv\/2025\/afirma-dirigencia-estatal-del-pri-tener-respaldo-del-cen-pese-fallo-de-tribunal\/","og_site_name":"Canal 7 SLP - 2025","article_publisher":"https:\/\/www.facebook.com\/noticieroscanal7atencionciudadana\/","article_published_time":"2025-06-17T16:05:12+00:00","og_image":[{"width":1280,"height":720,"url":"https:\/\/canal7slp.tv\/2025\/wp-content\/uploads\/2025\/06\/Poky03SaraRocha.jpg","type":"image\/jpeg"}],"author":"Edici\u00f3n Web","twitter_card":"summary_large_image","twitter_creator":"@NOTICIEROS7","twitter_site":"@NOTICIEROS7","twitter_misc":{"Escrito por":"Edici\u00f3n Web","Tiempo de lectura":"2 minutos"},"schema":{"@context":"https:\/\/schema.org","@graph":[{"@type":"Article","@id":"https:\/\/canal7slp.tv\/2025\/afirma-dirigencia-estatal-del-pri-tener-respaldo-del-cen-pese-fallo-de-tribunal\/#article","isPartOf":{"@id":"https:\/\/canal7slp.tv\/2025\/afirma-dirigencia-estatal-del-pri-tener-respaldo-del-cen-pese-fallo-de-tribunal\/"},"author":{"name":"Edici\u00f3n Web","@id":"https:\/\/canal7slp.tv\/2025\/#\/schema\/person\/271e2b60a96e7cc9d9ac296f4d7e414b"},"headline":"Afirma dirigencia estatal del PRI, tener respaldo del CEN, pese fallo de tribunal","datePublished":"2025-06-17T16:05:12+00:00","mainEntityOfPage":{"@id":"https:\/\/canal7slp.tv\/2025\/afirma-dirigencia-estatal-del-pri-tener-respaldo-del-cen-pese-fallo-de-tribunal\/"},"wordCount":258,"publisher":{"@id":"https:\/\/canal7slp.tv\/2025\/#organization"},"image":{"@id":"https:\/\/canal7slp.tv\/2025\/afirma-dirigencia-estatal-del-pri-tener-respaldo-del-cen-pese-fallo-de-tribunal\/#primaryimage"},"thumbnailUrl":"https:\/\/canal7slp.tv\/2025\/wp-content\/uploads\/2025\/06\/Poky03SaraRocha.jpg","articleSection":["DESTACADAS","LOCALES Y REGIONALES"],"inLanguage":"es"},{"@type":"WebPage","@id":"https:\/\/canal7slp.tv\/2025\/afirma-dirigencia-estatal-del-pri-tener-respaldo-del-cen-pese-fallo-de-tribunal\/","url":"https:\/\/canal7slp.tv\/2025\/afirma-dirigencia-estatal-del-pri-tener-respaldo-del-cen-pese-fallo-de-tribunal\/","name":"Afirma dirigencia estatal del PRI, tener respaldo del CEN, pese fallo de tribunal - Canal 7 SLP - 2025","isPartOf":{"@id":"https:\/\/canal7slp.tv\/2025\/#website"},"primaryImageOfPage":{"@id":"https:\/\/canal7slp.tv\/2025\/afirma-dirigencia-estatal-del-pri-tener-respaldo-del-cen-pese-fallo-de-tribunal\/#primaryimage"},"image":{"@id":"https:\/\/canal7slp.tv\/2025\/afirma-dirigencia-estatal-del-pri-tener-respaldo-del-cen-pese-fallo-de-tribunal\/#primaryimage"},"thumbnailUrl":"https:\/\/canal7slp.tv\/2025\/wp-content\/uploads\/2025\/06\/Poky03SaraRocha.jpg","datePublished":"2025-06-17T16:05:12+00:00","breadcrumb":{"@id":"https:\/\/canal7slp.tv\/2025\/afirma-dirigencia-estatal-del-pri-tener-respaldo-del-cen-pese-fallo-de-tribunal\/#breadcrumb"},"inLanguage":"es","potentialAction":[{"@type":"ReadAction","target":["https:\/\/canal7slp.tv\/2025\/afirma-dirigencia-estatal-del-pri-tener-respaldo-del-cen-pese-fallo-de-tribunal\/"]}]},{"@type":"ImageObject","inLanguage":"es","@id":"https:\/\/canal7slp.tv\/2025\/afirma-dirigencia-estatal-del-pri-tener-respaldo-del-cen-pese-fallo-de-tribunal\/#primaryimage","url":"https:\/\/canal7slp.tv\/2025\/wp-content\/uploads\/2025\/06\/Poky03SaraRocha.jpg","contentUrl":"https:\/\/canal7slp.tv\/2025\/wp-content\/uploads\/2025\/06\/Poky03SaraRocha.jpg","width":1280,"height":720},{"@type":"BreadcrumbList","@id":"https:\/\/canal7slp.tv\/2025\/afirma-dirigencia-estatal-del-pri-tener-respaldo-del-cen-pese-fallo-de-tribunal\/#breadcrumb","itemListElement":[{"@type":"ListItem","position":1,"name":"Portada","item":"https:\/\/canal7slp.tv\/2025\/"},{"@type":"ListItem","position":2,"name":"Afirma dirigencia estatal del PRI, tener respaldo del CEN, pese fallo de tribunal"}]},{"@type":"WebSite","@id":"https:\/\/canal7slp.tv\/2025\/#website","url":"https:\/\/canal7slp.tv\/2025\/","name":"N7 - Noticieros Canal 7","description":"Somos el Medio","publisher":{"@id":"https:\/\/canal7slp.tv\/2025\/#organization"},"potentialAction":[{"@type":"SearchAction","target":{"@type":"EntryPoint","urlTemplate":"https:\/\/canal7slp.tv\/2025\/?s={search_term_string}"},"query-input":{"@type":"PropertyValueSpecification","valueRequired":true,"valueName":"search_term_string"}}],"inLanguage":"es"},{"@type":"Organization","@id":"https:\/\/canal7slp.tv\/2025\/#organization","name":"Noticieros Canal 7","url":"https:\/\/canal7slp.tv\/2025\/","logo":{"@type":"ImageObject","inLanguage":"es","@id":"https:\/\/canal7slp.tv\/2025\/#\/schema\/logo\/image\/","url":"https:\/\/canal7slp.tv\/2025\/wp-content\/uploads\/2021\/01\/logo-noticieros@2x.png","contentUrl":"https:\/\/canal7slp.tv\/2025\/wp-content\/uploads\/2021\/01\/logo-noticieros@2x.png","width":1017,"height":268,"caption":"Noticieros Canal 7"},"image":{"@id":"https:\/\/canal7slp.tv\/2025\/#\/schema\/logo\/image\/"},"sameAs":["https:\/\/www.facebook.com\/noticieroscanal7atencionciudadana\/","https:\/\/x.com\/NOTICIEROS7","https:\/\/www.instagram.com\/canal7_slp","https:\/\/www.youtube.com\/channel\/UCliiYs-gP3JfJeqdPrNdd5A"]},{"@type":"Person","@id":"https:\/\/canal7slp.tv\/2025\/#\/schema\/person\/271e2b60a96e7cc9d9ac296f4d7e414b","name":"Edici\u00f3n Web","image":{"@type":"ImageObject","inLanguage":"es","@id":"https:\/\/secure.gravatar.com\/avatar\/eee448fc3f7164808013b816ba91ac7e43bbe82a70bebac296f8bc6f0addaa1a?s=96&d=mm&r=g","url":"https:\/\/secure.gravatar.com\/avatar\/eee448fc3f7164808013b816ba91ac7e43bbe82a70bebac296f8bc6f0addaa1a?s=96&d=mm&r=g","contentUrl":"https:\/\/secure.gravatar.com\/avatar\/eee448fc3f7164808013b816ba91ac7e43bbe82a70bebac296f8bc6f0addaa1a?s=96&d=mm&r=g","caption":"Edici\u00f3n Web"},"url":"https:\/\/canal7slp.tv\/2025\/author\/edicionweb\/"}]}},"_links":{"self":[{"href":"https:\/\/canal7slp.tv\/2025\/wp-json\/wp\/v2\/posts\/170637","targetHints":{"allow":["GET"]}}],"collection":[{"href":"https:\/\/canal7slp.tv\/2025\/wp-json\/wp\/v2\/posts"}],"about":[{"href":"https:\/\/canal7slp.tv\/2025\/wp-json\/wp\/v2\/types\/post"}],"author":[{"embeddable":true,"href":"https:\/\/canal7slp.tv\/2025\/wp-json\/wp\/v2\/users\/2"}],"replies":[{"embeddable":true,"href":"https:\/\/canal7slp.tv\/2025\/wp-json\/wp\/v2\/comments?post=170637"}],"version-history":[{"count":2,"href":"https:\/\/canal7slp.tv\/2025\/wp-json\/wp\/v2\/posts\/170637\/revisions"}],"predecessor-version":[{"id":170656,"href":"https:\/\/canal7slp.tv\/2025\/wp-json\/wp\/v2\/posts\/170637\/revisions\/170656"}],"wp:featuredmedia":[{"embeddable":true,"href":"https:\/\/canal7slp.tv\/2025\/wp-json\/wp\/v2\/media\/170655"}],"wp:attachment":[{"href":"https:\/\/canal7slp.tv\/2025\/wp-json\/wp\/v2\/media?parent=170637"}],"wp:term":[{"taxonomy":"category","embeddable":true,"href":"https:\/\/canal7slp.tv\/2025\/wp-json\/wp\/v2\/categories?post=170637"},{"taxonomy":"post_tag","embeddable":true,"href":"https:\/\/canal7slp.tv\/2025\/wp-json\/wp\/v2\/tags?post=170637"}],"curies":[{"name":"wp","href":"https:\/\/api.w.org\/{rel}","templated":true}]}}