{"id":170636,"date":"2025-06-17T10:02:42","date_gmt":"2025-06-17T16:02:42","guid":{"rendered":"https:\/\/canal7slp.tv\/2025\/?p=170636"},"modified":"2025-06-17T10:02:42","modified_gmt":"2025-06-17T16:02:42","slug":"fundacion-colosio-proyecta-consolidar-propuestas-con-mira-en-2027-senala-lider-nacional","status":"publish","type":"post","link":"https:\/\/canal7slp.tv\/2025\/fundacion-colosio-proyecta-consolidar-propuestas-con-mira-en-2027-senala-lider-nacional\/","title":{"rendered":"Fundaci\u00f3n Colosio proyecta consolidar propuestas con mira en 2027, se\u00f1ala l\u00edder nacional"},"content":{"rendered":"<p style=\"text-align: justify;\"><span style=\"font-size: 1.21429rem;\">SLP.- La Fundaci\u00f3n Colosio A.C., renov\u00f3 su mesa directiva en San Luis Potos\u00ed y al respecto habl\u00f3 el presidente nacional, V\u00edctor Samuel Palma C\u00e9sar.<\/span><\/p>\n<p style=\"text-align: justify;\">\u201cComentar el motivo que nos trae a San Luis Potos\u00ed que es la renovaci\u00f3n de la Fundaci\u00f3n Colosio, la representaci\u00f3n en este estado y con ello pues el nombramiento de Adolfo Micalco en la presidencia de la fundaci\u00f3n en San Luis Potos\u00ed y acompa\u00f1ado como secretaria general Roc\u00edo Morales\u201d.<\/p>\n<p style=\"text-align: justify;\">Destac\u00f3 el comienzo de una era de cambio.<\/p>\n<p style=\"text-align: justify;\">\u201cCon ello pues iniciamos una nueva etapa que implica pues actualizar la propuestas y el trabajo pol\u00edtico de interlocuci\u00f3n con la sociedad de construir una visi\u00f3n que nos permita ir construyendo acuerdos, generando las condiciones para que el proyecto que tenemos de aqu\u00ed al 2027 que es de reconquistar espacios pol\u00edticos tenga en la fundaci\u00f3n (\u2026) uno de sus mejores vasos de apoyo\u201d.<\/p>\n<p style=\"text-align: justify;\">Record\u00f3 que la Fundaci\u00f3n Colosio es parte fundamental del PRI.<\/p>\n<p style=\"text-align: justify;\">\u201cQue pertenece en sus estatutos al partido pues servir obviamente de apoyo y tener un dialogo constante con la dirigencia (\u2026) buscamos ser un instrumento del partido pol\u00edtico a partir de la reflexi\u00f3n y de la posibilidad de construir ideas y proyectos de gobierno, pol\u00edticas p\u00fablicas, acciones que en un momento determinado permitan resolver los problemas sociales que enfrentamos\u201d.<\/p>\n<p style=\"text-align: justify;\">Por: Juan Carlos Contreras<\/p>\n","protected":false},"excerpt":{"rendered":"<p>SLP.- La Fundaci\u00f3n Colosio A.C., renov\u00f3 su mesa directiva en San Luis Potos\u00ed y al respecto habl\u00f3 el presidente nacional, V\u00edctor Samuel Palma C\u00e9sar. \u201cComentar el motivo que nos trae a San Luis Potos\u00ed que es la renovaci\u00f3n de la Fundaci\u00f3n Colosio, la representaci\u00f3n en este estado y con ello pues el nombramiento de Adolfo Micalco en la presidencia de la fundaci\u00f3n en San Luis Potos\u00ed y acompa\u00f1ado como secretaria general Roc\u00edo Morales\u201d. Destac\u00f3 el comienzo de una era de cambio. \u201cCon ello pues iniciamos una nueva etapa que implica pues actualizar la propuestas y el trabajo pol\u00edtico de interlocuci\u00f3n [&hellip;]<\/p>\n","protected":false},"author":2,"featured_media":170652,"comment_status":"closed","ping_status":"closed","sticky":false,"template":"","format":"standard","meta":{"_monsterinsights_skip_tracking":false,"_monsterinsights_sitenote_active":false,"_monsterinsights_sitenote_note":"","_monsterinsights_sitenote_category":0,"footnotes":""},"categories":[5,45],"tags":[],"class_list":["post-170636","post","type-post","status-publish","format-standard","has-post-thumbnail","hentry","category-destacadas","category-localesyregionales","post--single"],"yoast_head":"<!-- This site is optimized with the Yoast SEO plugin v27.5 - https:\/\/yoast.com\/product\/yoast-seo-wordpress\/ -->\n<title>Fundaci\u00f3n Colosio proyecta consolidar propuestas con mira en 2027, se\u00f1ala l\u00edder nacional - Canal 7 SLP - 2025<\/title>\n<meta name=\"robots\" content=\"index, follow, max-snippet:-1, max-image-preview:large, max-video-preview:-1\" \/>\n<link rel=\"canonical\" href=\"https:\/\/canal7slp.tv\/2025\/fundacion-colosio-proyecta-consolidar-propuestas-con-mira-en-2027-senala-lider-nacional\/\" \/>\n<meta property=\"og:locale\" content=\"es_ES\" \/>\n<meta property=\"og:type\" content=\"article\" \/>\n<meta property=\"og:title\" content=\"Fundaci\u00f3n Colosio proyecta consolidar propuestas con mira en 2027, se\u00f1ala l\u00edder nacional - Canal 7 SLP - 2025\" \/>\n<meta property=\"og:description\" content=\"SLP.- La Fundaci\u00f3n Colosio A.C., renov\u00f3 su mesa directiva en San Luis Potos\u00ed y al respecto habl\u00f3 el presidente nacional, V\u00edctor Samuel Palma C\u00e9sar. \u201cComentar el motivo que nos trae a San Luis Potos\u00ed que es la renovaci\u00f3n de la Fundaci\u00f3n Colosio, la representaci\u00f3n en este estado y con ello pues el nombramiento de Adolfo Micalco en la presidencia de la fundaci\u00f3n en San Luis Potos\u00ed y acompa\u00f1ado como secretaria general Roc\u00edo Morales\u201d. Destac\u00f3 el comienzo de una era de cambio. \u201cCon ello pues iniciamos una nueva etapa que implica pues actualizar la propuestas y el trabajo pol\u00edtico de interlocuci\u00f3n [&hellip;]\" \/>\n<meta property=\"og:url\" content=\"https:\/\/canal7slp.tv\/2025\/fundacion-colosio-proyecta-consolidar-propuestas-con-mira-en-2027-senala-lider-nacional\/\" \/>\n<meta property=\"og:site_name\" content=\"Canal 7 SLP - 2025\" \/>\n<meta property=\"article:publisher\" content=\"https:\/\/www.facebook.com\/noticieroscanal7atencionciudadana\/\" \/>\n<meta property=\"article:published_time\" content=\"2025-06-17T16:02:42+00:00\" \/>\n<meta property=\"og:image\" content=\"https:\/\/canal7slp.tv\/2025\/wp-content\/uploads\/2025\/06\/Poky02VictorManuel.jpg\" \/>\n\t<meta property=\"og:image:width\" content=\"1280\" \/>\n\t<meta property=\"og:image:height\" content=\"720\" \/>\n\t<meta property=\"og:image:type\" content=\"image\/jpeg\" \/>\n<meta name=\"author\" content=\"Edici\u00f3n Web\" \/>\n<meta name=\"twitter:card\" content=\"summary_large_image\" \/>\n<meta name=\"twitter:creator\" content=\"@NOTICIEROS7\" \/>\n<meta name=\"twitter:site\" content=\"@NOTICIEROS7\" \/>\n<meta name=\"twitter:label1\" content=\"Escrito por\" \/>\n\t<meta name=\"twitter:data1\" content=\"Edici\u00f3n Web\" \/>\n\t<meta name=\"twitter:label2\" content=\"Tiempo de lectura\" \/>\n\t<meta name=\"twitter:data2\" content=\"2 minutos\" \/>\n<script type=\"application\/ld+json\" class=\"yoast-schema-graph\">{\"@context\":\"https:\\\/\\\/schema.org\",\"@graph\":[{\"@type\":\"Article\",\"@id\":\"https:\\\/\\\/canal7slp.tv\\\/2025\\\/fundacion-colosio-proyecta-consolidar-propuestas-con-mira-en-2027-senala-lider-nacional\\\/#article\",\"isPartOf\":{\"@id\":\"https:\\\/\\\/canal7slp.tv\\\/2025\\\/fundacion-colosio-proyecta-consolidar-propuestas-con-mira-en-2027-senala-lider-nacional\\\/\"},\"author\":{\"name\":\"Edici\u00f3n Web\",\"@id\":\"https:\\\/\\\/canal7slp.tv\\\/2025\\\/#\\\/schema\\\/person\\\/271e2b60a96e7cc9d9ac296f4d7e414b\"},\"headline\":\"Fundaci\u00f3n Colosio proyecta consolidar propuestas con mira en 2027, se\u00f1ala l\u00edder nacional\",\"datePublished\":\"2025-06-17T16:02:42+00:00\",\"mainEntityOfPage\":{\"@id\":\"https:\\\/\\\/canal7slp.tv\\\/2025\\\/fundacion-colosio-proyecta-consolidar-propuestas-con-mira-en-2027-senala-lider-nacional\\\/\"},\"wordCount\":249,\"publisher\":{\"@id\":\"https:\\\/\\\/canal7slp.tv\\\/2025\\\/#organization\"},\"image\":{\"@id\":\"https:\\\/\\\/canal7slp.tv\\\/2025\\\/fundacion-colosio-proyecta-consolidar-propuestas-con-mira-en-2027-senala-lider-nacional\\\/#primaryimage\"},\"thumbnailUrl\":\"https:\\\/\\\/canal7slp.tv\\\/2025\\\/wp-content\\\/uploads\\\/2025\\\/06\\\/Poky02VictorManuel.jpg\",\"articleSection\":[\"DESTACADAS\",\"LOCALES Y REGIONALES\"],\"inLanguage\":\"es\"},{\"@type\":\"WebPage\",\"@id\":\"https:\\\/\\\/canal7slp.tv\\\/2025\\\/fundacion-colosio-proyecta-consolidar-propuestas-con-mira-en-2027-senala-lider-nacional\\\/\",\"url\":\"https:\\\/\\\/canal7slp.tv\\\/2025\\\/fundacion-colosio-proyecta-consolidar-propuestas-con-mira-en-2027-senala-lider-nacional\\\/\",\"name\":\"Fundaci\u00f3n Colosio proyecta consolidar propuestas con mira en 2027, se\u00f1ala l\u00edder nacional - Canal 7 SLP - 2025\",\"isPartOf\":{\"@id\":\"https:\\\/\\\/canal7slp.tv\\\/2025\\\/#website\"},\"primaryImageOfPage\":{\"@id\":\"https:\\\/\\\/canal7slp.tv\\\/2025\\\/fundacion-colosio-proyecta-consolidar-propuestas-con-mira-en-2027-senala-lider-nacional\\\/#primaryimage\"},\"image\":{\"@id\":\"https:\\\/\\\/canal7slp.tv\\\/2025\\\/fundacion-colosio-proyecta-consolidar-propuestas-con-mira-en-2027-senala-lider-nacional\\\/#primaryimage\"},\"thumbnailUrl\":\"https:\\\/\\\/canal7slp.tv\\\/2025\\\/wp-content\\\/uploads\\\/2025\\\/06\\\/Poky02VictorManuel.jpg\",\"datePublished\":\"2025-06-17T16:02:42+00:00\",\"breadcrumb\":{\"@id\":\"https:\\\/\\\/canal7slp.tv\\\/2025\\\/fundacion-colosio-proyecta-consolidar-propuestas-con-mira-en-2027-senala-lider-nacional\\\/#breadcrumb\"},\"inLanguage\":\"es\",\"potentialAction\":[{\"@type\":\"ReadAction\",\"target\":[\"https:\\\/\\\/canal7slp.tv\\\/2025\\\/fundacion-colosio-proyecta-consolidar-propuestas-con-mira-en-2027-senala-lider-nacional\\\/\"]}]},{\"@type\":\"ImageObject\",\"inLanguage\":\"es\",\"@id\":\"https:\\\/\\\/canal7slp.tv\\\/2025\\\/fundacion-colosio-proyecta-consolidar-propuestas-con-mira-en-2027-senala-lider-nacional\\\/#primaryimage\",\"url\":\"https:\\\/\\\/canal7slp.tv\\\/2025\\\/wp-content\\\/uploads\\\/2025\\\/06\\\/Poky02VictorManuel.jpg\",\"contentUrl\":\"https:\\\/\\\/canal7slp.tv\\\/2025\\\/wp-content\\\/uploads\\\/2025\\\/06\\\/Poky02VictorManuel.jpg\",\"width\":1280,\"height\":720},{\"@type\":\"BreadcrumbList\",\"@id\":\"https:\\\/\\\/canal7slp.tv\\\/2025\\\/fundacion-colosio-proyecta-consolidar-propuestas-con-mira-en-2027-senala-lider-nacional\\\/#breadcrumb\",\"itemListElement\":[{\"@type\":\"ListItem\",\"position\":1,\"name\":\"Portada\",\"item\":\"https:\\\/\\\/canal7slp.tv\\\/2025\\\/\"},{\"@type\":\"ListItem\",\"position\":2,\"name\":\"Fundaci\u00f3n Colosio proyecta consolidar propuestas con mira en 2027, se\u00f1ala l\u00edder nacional\"}]},{\"@type\":\"WebSite\",\"@id\":\"https:\\\/\\\/canal7slp.tv\\\/2025\\\/#website\",\"url\":\"https:\\\/\\\/canal7slp.tv\\\/2025\\\/\",\"name\":\"N7 - Noticieros Canal 7\",\"description\":\"Somos el Medio\",\"publisher\":{\"@id\":\"https:\\\/\\\/canal7slp.tv\\\/2025\\\/#organization\"},\"potentialAction\":[{\"@type\":\"SearchAction\",\"target\":{\"@type\":\"EntryPoint\",\"urlTemplate\":\"https:\\\/\\\/canal7slp.tv\\\/2025\\\/?s={search_term_string}\"},\"query-input\":{\"@type\":\"PropertyValueSpecification\",\"valueRequired\":true,\"valueName\":\"search_term_string\"}}],\"inLanguage\":\"es\"},{\"@type\":\"Organization\",\"@id\":\"https:\\\/\\\/canal7slp.tv\\\/2025\\\/#organization\",\"name\":\"Noticieros Canal 7\",\"url\":\"https:\\\/\\\/canal7slp.tv\\\/2025\\\/\",\"logo\":{\"@type\":\"ImageObject\",\"inLanguage\":\"es\",\"@id\":\"https:\\\/\\\/canal7slp.tv\\\/2025\\\/#\\\/schema\\\/logo\\\/image\\\/\",\"url\":\"https:\\\/\\\/canal7slp.tv\\\/2025\\\/wp-content\\\/uploads\\\/2021\\\/01\\\/logo-noticieros@2x.png\",\"contentUrl\":\"https:\\\/\\\/canal7slp.tv\\\/2025\\\/wp-content\\\/uploads\\\/2021\\\/01\\\/logo-noticieros@2x.png\",\"width\":1017,\"height\":268,\"caption\":\"Noticieros Canal 7\"},\"image\":{\"@id\":\"https:\\\/\\\/canal7slp.tv\\\/2025\\\/#\\\/schema\\\/logo\\\/image\\\/\"},\"sameAs\":[\"https:\\\/\\\/www.facebook.com\\\/noticieroscanal7atencionciudadana\\\/\",\"https:\\\/\\\/x.com\\\/NOTICIEROS7\",\"https:\\\/\\\/www.instagram.com\\\/canal7_slp\",\"https:\\\/\\\/www.youtube.com\\\/channel\\\/UCliiYs-gP3JfJeqdPrNdd5A\"]},{\"@type\":\"Person\",\"@id\":\"https:\\\/\\\/canal7slp.tv\\\/2025\\\/#\\\/schema\\\/person\\\/271e2b60a96e7cc9d9ac296f4d7e414b\",\"name\":\"Edici\u00f3n Web\",\"image\":{\"@type\":\"ImageObject\",\"inLanguage\":\"es\",\"@id\":\"https:\\\/\\\/secure.gravatar.com\\\/avatar\\\/eee448fc3f7164808013b816ba91ac7e43bbe82a70bebac296f8bc6f0addaa1a?s=96&d=mm&r=g\",\"url\":\"https:\\\/\\\/secure.gravatar.com\\\/avatar\\\/eee448fc3f7164808013b816ba91ac7e43bbe82a70bebac296f8bc6f0addaa1a?s=96&d=mm&r=g\",\"contentUrl\":\"https:\\\/\\\/secure.gravatar.com\\\/avatar\\\/eee448fc3f7164808013b816ba91ac7e43bbe82a70bebac296f8bc6f0addaa1a?s=96&d=mm&r=g\",\"caption\":\"Edici\u00f3n Web\"},\"url\":\"https:\\\/\\\/canal7slp.tv\\\/2025\\\/author\\\/edicionweb\\\/\"}]}<\/script>\n<!-- \/ Yoast SEO plugin. -->","yoast_head_json":{"title":"Fundaci\u00f3n Colosio proyecta consolidar propuestas con mira en 2027, se\u00f1ala l\u00edder nacional - Canal 7 SLP - 2025","robots":{"index":"index","follow":"follow","max-snippet":"max-snippet:-1","max-image-preview":"max-image-preview:large","max-video-preview":"max-video-preview:-1"},"canonical":"https:\/\/canal7slp.tv\/2025\/fundacion-colosio-proyecta-consolidar-propuestas-con-mira-en-2027-senala-lider-nacional\/","og_locale":"es_ES","og_type":"article","og_title":"Fundaci\u00f3n Colosio proyecta consolidar propuestas con mira en 2027, se\u00f1ala l\u00edder nacional - Canal 7 SLP - 2025","og_description":"SLP.- La Fundaci\u00f3n Colosio A.C., renov\u00f3 su mesa directiva en San Luis Potos\u00ed y al respecto habl\u00f3 el presidente nacional, V\u00edctor Samuel Palma C\u00e9sar. \u201cComentar el motivo que nos trae a San Luis Potos\u00ed que es la renovaci\u00f3n de la Fundaci\u00f3n Colosio, la representaci\u00f3n en este estado y con ello pues el nombramiento de Adolfo Micalco en la presidencia de la fundaci\u00f3n en San Luis Potos\u00ed y acompa\u00f1ado como secretaria general Roc\u00edo Morales\u201d. Destac\u00f3 el comienzo de una era de cambio. \u201cCon ello pues iniciamos una nueva etapa que implica pues actualizar la propuestas y el trabajo pol\u00edtico de interlocuci\u00f3n [&hellip;]","og_url":"https:\/\/canal7slp.tv\/2025\/fundacion-colosio-proyecta-consolidar-propuestas-con-mira-en-2027-senala-lider-nacional\/","og_site_name":"Canal 7 SLP - 2025","article_publisher":"https:\/\/www.facebook.com\/noticieroscanal7atencionciudadana\/","article_published_time":"2025-06-17T16:02:42+00:00","og_image":[{"width":1280,"height":720,"url":"https:\/\/canal7slp.tv\/2025\/wp-content\/uploads\/2025\/06\/Poky02VictorManuel.jpg","type":"image\/jpeg"}],"author":"Edici\u00f3n Web","twitter_card":"summary_large_image","twitter_creator":"@NOTICIEROS7","twitter_site":"@NOTICIEROS7","twitter_misc":{"Escrito por":"Edici\u00f3n Web","Tiempo de lectura":"2 minutos"},"schema":{"@context":"https:\/\/schema.org","@graph":[{"@type":"Article","@id":"https:\/\/canal7slp.tv\/2025\/fundacion-colosio-proyecta-consolidar-propuestas-con-mira-en-2027-senala-lider-nacional\/#article","isPartOf":{"@id":"https:\/\/canal7slp.tv\/2025\/fundacion-colosio-proyecta-consolidar-propuestas-con-mira-en-2027-senala-lider-nacional\/"},"author":{"name":"Edici\u00f3n Web","@id":"https:\/\/canal7slp.tv\/2025\/#\/schema\/person\/271e2b60a96e7cc9d9ac296f4d7e414b"},"headline":"Fundaci\u00f3n Colosio proyecta consolidar propuestas con mira en 2027, se\u00f1ala l\u00edder nacional","datePublished":"2025-06-17T16:02:42+00:00","mainEntityOfPage":{"@id":"https:\/\/canal7slp.tv\/2025\/fundacion-colosio-proyecta-consolidar-propuestas-con-mira-en-2027-senala-lider-nacional\/"},"wordCount":249,"publisher":{"@id":"https:\/\/canal7slp.tv\/2025\/#organization"},"image":{"@id":"https:\/\/canal7slp.tv\/2025\/fundacion-colosio-proyecta-consolidar-propuestas-con-mira-en-2027-senala-lider-nacional\/#primaryimage"},"thumbnailUrl":"https:\/\/canal7slp.tv\/2025\/wp-content\/uploads\/2025\/06\/Poky02VictorManuel.jpg","articleSection":["DESTACADAS","LOCALES Y REGIONALES"],"inLanguage":"es"},{"@type":"WebPage","@id":"https:\/\/canal7slp.tv\/2025\/fundacion-colosio-proyecta-consolidar-propuestas-con-mira-en-2027-senala-lider-nacional\/","url":"https:\/\/canal7slp.tv\/2025\/fundacion-colosio-proyecta-consolidar-propuestas-con-mira-en-2027-senala-lider-nacional\/","name":"Fundaci\u00f3n Colosio proyecta consolidar propuestas con mira en 2027, se\u00f1ala l\u00edder nacional - Canal 7 SLP - 2025","isPartOf":{"@id":"https:\/\/canal7slp.tv\/2025\/#website"},"primaryImageOfPage":{"@id":"https:\/\/canal7slp.tv\/2025\/fundacion-colosio-proyecta-consolidar-propuestas-con-mira-en-2027-senala-lider-nacional\/#primaryimage"},"image":{"@id":"https:\/\/canal7slp.tv\/2025\/fundacion-colosio-proyecta-consolidar-propuestas-con-mira-en-2027-senala-lider-nacional\/#primaryimage"},"thumbnailUrl":"https:\/\/canal7slp.tv\/2025\/wp-content\/uploads\/2025\/06\/Poky02VictorManuel.jpg","datePublished":"2025-06-17T16:02:42+00:00","breadcrumb":{"@id":"https:\/\/canal7slp.tv\/2025\/fundacion-colosio-proyecta-consolidar-propuestas-con-mira-en-2027-senala-lider-nacional\/#breadcrumb"},"inLanguage":"es","potentialAction":[{"@type":"ReadAction","target":["https:\/\/canal7slp.tv\/2025\/fundacion-colosio-proyecta-consolidar-propuestas-con-mira-en-2027-senala-lider-nacional\/"]}]},{"@type":"ImageObject","inLanguage":"es","@id":"https:\/\/canal7slp.tv\/2025\/fundacion-colosio-proyecta-consolidar-propuestas-con-mira-en-2027-senala-lider-nacional\/#primaryimage","url":"https:\/\/canal7slp.tv\/2025\/wp-content\/uploads\/2025\/06\/Poky02VictorManuel.jpg","contentUrl":"https:\/\/canal7slp.tv\/2025\/wp-content\/uploads\/2025\/06\/Poky02VictorManuel.jpg","width":1280,"height":720},{"@type":"BreadcrumbList","@id":"https:\/\/canal7slp.tv\/2025\/fundacion-colosio-proyecta-consolidar-propuestas-con-mira-en-2027-senala-lider-nacional\/#breadcrumb","itemListElement":[{"@type":"ListItem","position":1,"name":"Portada","item":"https:\/\/canal7slp.tv\/2025\/"},{"@type":"ListItem","position":2,"name":"Fundaci\u00f3n Colosio proyecta consolidar propuestas con mira en 2027, se\u00f1ala l\u00edder nacional"}]},{"@type":"WebSite","@id":"https:\/\/canal7slp.tv\/2025\/#website","url":"https:\/\/canal7slp.tv\/2025\/","name":"N7 - Noticieros Canal 7","description":"Somos el Medio","publisher":{"@id":"https:\/\/canal7slp.tv\/2025\/#organization"},"potentialAction":[{"@type":"SearchAction","target":{"@type":"EntryPoint","urlTemplate":"https:\/\/canal7slp.tv\/2025\/?s={search_term_string}"},"query-input":{"@type":"PropertyValueSpecification","valueRequired":true,"valueName":"search_term_string"}}],"inLanguage":"es"},{"@type":"Organization","@id":"https:\/\/canal7slp.tv\/2025\/#organization","name":"Noticieros Canal 7","url":"https:\/\/canal7slp.tv\/2025\/","logo":{"@type":"ImageObject","inLanguage":"es","@id":"https:\/\/canal7slp.tv\/2025\/#\/schema\/logo\/image\/","url":"https:\/\/canal7slp.tv\/2025\/wp-content\/uploads\/2021\/01\/logo-noticieros@2x.png","contentUrl":"https:\/\/canal7slp.tv\/2025\/wp-content\/uploads\/2021\/01\/logo-noticieros@2x.png","width":1017,"height":268,"caption":"Noticieros Canal 7"},"image":{"@id":"https:\/\/canal7slp.tv\/2025\/#\/schema\/logo\/image\/"},"sameAs":["https:\/\/www.facebook.com\/noticieroscanal7atencionciudadana\/","https:\/\/x.com\/NOTICIEROS7","https:\/\/www.instagram.com\/canal7_slp","https:\/\/www.youtube.com\/channel\/UCliiYs-gP3JfJeqdPrNdd5A"]},{"@type":"Person","@id":"https:\/\/canal7slp.tv\/2025\/#\/schema\/person\/271e2b60a96e7cc9d9ac296f4d7e414b","name":"Edici\u00f3n Web","image":{"@type":"ImageObject","inLanguage":"es","@id":"https:\/\/secure.gravatar.com\/avatar\/eee448fc3f7164808013b816ba91ac7e43bbe82a70bebac296f8bc6f0addaa1a?s=96&d=mm&r=g","url":"https:\/\/secure.gravatar.com\/avatar\/eee448fc3f7164808013b816ba91ac7e43bbe82a70bebac296f8bc6f0addaa1a?s=96&d=mm&r=g","contentUrl":"https:\/\/secure.gravatar.com\/avatar\/eee448fc3f7164808013b816ba91ac7e43bbe82a70bebac296f8bc6f0addaa1a?s=96&d=mm&r=g","caption":"Edici\u00f3n Web"},"url":"https:\/\/canal7slp.tv\/2025\/author\/edicionweb\/"}]}},"_links":{"self":[{"href":"https:\/\/canal7slp.tv\/2025\/wp-json\/wp\/v2\/posts\/170636","targetHints":{"allow":["GET"]}}],"collection":[{"href":"https:\/\/canal7slp.tv\/2025\/wp-json\/wp\/v2\/posts"}],"about":[{"href":"https:\/\/canal7slp.tv\/2025\/wp-json\/wp\/v2\/types\/post"}],"author":[{"embeddable":true,"href":"https:\/\/canal7slp.tv\/2025\/wp-json\/wp\/v2\/users\/2"}],"replies":[{"embeddable":true,"href":"https:\/\/canal7slp.tv\/2025\/wp-json\/wp\/v2\/comments?post=170636"}],"version-history":[{"count":2,"href":"https:\/\/canal7slp.tv\/2025\/wp-json\/wp\/v2\/posts\/170636\/revisions"}],"predecessor-version":[{"id":170653,"href":"https:\/\/canal7slp.tv\/2025\/wp-json\/wp\/v2\/posts\/170636\/revisions\/170653"}],"wp:featuredmedia":[{"embeddable":true,"href":"https:\/\/canal7slp.tv\/2025\/wp-json\/wp\/v2\/media\/170652"}],"wp:attachment":[{"href":"https:\/\/canal7slp.tv\/2025\/wp-json\/wp\/v2\/media?parent=170636"}],"wp:term":[{"taxonomy":"category","embeddable":true,"href":"https:\/\/canal7slp.tv\/2025\/wp-json\/wp\/v2\/categories?post=170636"},{"taxonomy":"post_tag","embeddable":true,"href":"https:\/\/canal7slp.tv\/2025\/wp-json\/wp\/v2\/tags?post=170636"}],"curies":[{"name":"wp","href":"https:\/\/api.w.org\/{rel}","templated":true}]}}