{"id":170619,"date":"2025-06-16T21:20:35","date_gmt":"2025-06-17T03:20:35","guid":{"rendered":"https:\/\/canal7slp.tv\/2025\/?p=170619"},"modified":"2025-06-16T21:20:35","modified_gmt":"2025-06-17T03:20:35","slug":"toman-protesta-a-nuevo-comandante-del-40-batallon-de-infanteria","status":"publish","type":"post","link":"https:\/\/canal7slp.tv\/2025\/toman-protesta-a-nuevo-comandante-del-40-batallon-de-infanteria\/","title":{"rendered":"Toman protesta a nuevo Comandante del 40 Batall\u00f3n de Infanter\u00eda"},"content":{"rendered":"<p style=\"text-align: justify;\"><span style=\"font-size: 1.21429rem;\">SLP.- Este lunes el Coronel de Infanter\u00eda Diplomado de Estado Mayor Gibr\u00e1n Jalil D\u00edaz del Castillo M\u00e9ndez tom\u00f3 protesta como nuevo comandante del 40\u00b0 Batall\u00f3n de Infanter\u00eda, con sede en la capital del estado.<\/span><\/p>\n<p style=\"text-align: justify;\">La protesta le fue tomada por el comandante de la Doceava Zona Militar General de Brigada Diplomado de Estado Mayor, Jos\u00e9 Felipe Padilla Casta\u00f1eda, en un acto protocolario efectuado en las instalaciones del cuartel militar, con la asistencia del alcalde capitalino Enrique Galindo Ceballos.<\/p>\n<p style=\"text-align: justify;\">Cabe se\u00f1alar que este nombramiento se da como parte de un proceso de rotaci\u00f3n de personal que de manera constante realiza la Secretar\u00eda de la Defensa Nacional en todo el pa\u00eds y con ello, renovar la parte operativa de las Fuerzas Armadas en San Luis Potos\u00ed.<\/p>\n<p style=\"text-align: justify;\">En el marco de este evento se reiter\u00f3 la subordinaci\u00f3n y respeto de las tropas militares refrendando su lealtad institucional y vocaci\u00f3n, \u201cpara servir con honor y patriotismo a M\u00e9xico\u201d<\/p>\n<p>Por: Claudio Ibarra<\/p>\n","protected":false},"excerpt":{"rendered":"<p>SLP.- Este lunes el Coronel de Infanter\u00eda Diplomado de Estado Mayor Gibr\u00e1n Jalil D\u00edaz del Castillo M\u00e9ndez tom\u00f3 protesta como nuevo comandante del 40\u00b0 Batall\u00f3n de Infanter\u00eda, con sede en la capital del estado. La protesta le fue tomada por el comandante de la Doceava Zona Militar General de Brigada Diplomado de Estado Mayor, Jos\u00e9 Felipe Padilla Casta\u00f1eda, en un acto protocolario efectuado en las instalaciones del cuartel militar, con la asistencia del alcalde capitalino Enrique Galindo Ceballos. Cabe se\u00f1alar que este nombramiento se da como parte de un proceso de rotaci\u00f3n de personal que de manera constante realiza la [&hellip;]<\/p>\n","protected":false},"author":2,"featured_media":170633,"comment_status":"closed","ping_status":"closed","sticky":false,"template":"","format":"video","meta":{"_monsterinsights_skip_tracking":false,"_monsterinsights_sitenote_active":false,"_monsterinsights_sitenote_note":"","_monsterinsights_sitenote_category":0,"footnotes":""},"categories":[66,5,45],"tags":[],"class_list":["post-170619","post","type-post","status-publish","format-video","has-post-thumbnail","hentry","category-ayoslp","category-destacadas","category-localesyregionales","post_format-post-format-video","post--single"],"yoast_head":"<!-- This site is optimized with the Yoast SEO plugin v27.5 - https:\/\/yoast.com\/product\/yoast-seo-wordpress\/ -->\n<title>Toman protesta a nuevo Comandante del 40 Batall\u00f3n de Infanter\u00eda - Canal 7 SLP - 2025<\/title>\n<meta name=\"robots\" content=\"index, follow, max-snippet:-1, max-image-preview:large, max-video-preview:-1\" \/>\n<link rel=\"canonical\" href=\"https:\/\/canal7slp.tv\/2025\/toman-protesta-a-nuevo-comandante-del-40-batallon-de-infanteria\/\" \/>\n<meta property=\"og:locale\" content=\"es_ES\" \/>\n<meta property=\"og:type\" content=\"article\" \/>\n<meta property=\"og:title\" content=\"Toman protesta a nuevo Comandante del 40 Batall\u00f3n de Infanter\u00eda - Canal 7 SLP - 2025\" \/>\n<meta property=\"og:description\" content=\"SLP.- Este lunes el Coronel de Infanter\u00eda Diplomado de Estado Mayor Gibr\u00e1n Jalil D\u00edaz del Castillo M\u00e9ndez tom\u00f3 protesta como nuevo comandante del 40\u00b0 Batall\u00f3n de Infanter\u00eda, con sede en la capital del estado. La protesta le fue tomada por el comandante de la Doceava Zona Militar General de Brigada Diplomado de Estado Mayor, Jos\u00e9 Felipe Padilla Casta\u00f1eda, en un acto protocolario efectuado en las instalaciones del cuartel militar, con la asistencia del alcalde capitalino Enrique Galindo Ceballos. Cabe se\u00f1alar que este nombramiento se da como parte de un proceso de rotaci\u00f3n de personal que de manera constante realiza la [&hellip;]\" \/>\n<meta property=\"og:url\" content=\"https:\/\/canal7slp.tv\/2025\/toman-protesta-a-nuevo-comandante-del-40-batallon-de-infanteria\/\" \/>\n<meta property=\"og:site_name\" content=\"Canal 7 SLP - 2025\" \/>\n<meta property=\"article:publisher\" content=\"https:\/\/www.facebook.com\/noticieroscanal7atencionciudadana\/\" \/>\n<meta property=\"article:published_time\" content=\"2025-06-17T03:20:35+00:00\" \/>\n<meta property=\"og:image\" content=\"https:\/\/canal7slp.tv\/2025\/wp-content\/uploads\/2025\/06\/Claudio03Comandante.jpg\" \/>\n\t<meta property=\"og:image:width\" content=\"1280\" \/>\n\t<meta property=\"og:image:height\" content=\"720\" \/>\n\t<meta property=\"og:image:type\" content=\"image\/jpeg\" \/>\n<meta name=\"author\" content=\"Edici\u00f3n Web\" \/>\n<meta name=\"twitter:card\" content=\"summary_large_image\" \/>\n<meta name=\"twitter:creator\" content=\"@NOTICIEROS7\" \/>\n<meta name=\"twitter:site\" content=\"@NOTICIEROS7\" \/>\n<meta name=\"twitter:label1\" content=\"Escrito por\" \/>\n\t<meta name=\"twitter:data1\" content=\"Edici\u00f3n Web\" \/>\n\t<meta name=\"twitter:label2\" content=\"Tiempo de lectura\" \/>\n\t<meta name=\"twitter:data2\" content=\"1 minuto\" \/>\n<script type=\"application\/ld+json\" class=\"yoast-schema-graph\">{\"@context\":\"https:\\\/\\\/schema.org\",\"@graph\":[{\"@type\":\"Article\",\"@id\":\"https:\\\/\\\/canal7slp.tv\\\/2025\\\/toman-protesta-a-nuevo-comandante-del-40-batallon-de-infanteria\\\/#article\",\"isPartOf\":{\"@id\":\"https:\\\/\\\/canal7slp.tv\\\/2025\\\/toman-protesta-a-nuevo-comandante-del-40-batallon-de-infanteria\\\/\"},\"author\":{\"name\":\"Edici\u00f3n Web\",\"@id\":\"https:\\\/\\\/canal7slp.tv\\\/2025\\\/#\\\/schema\\\/person\\\/271e2b60a96e7cc9d9ac296f4d7e414b\"},\"headline\":\"Toman protesta a nuevo Comandante del 40 Batall\u00f3n de Infanter\u00eda\",\"datePublished\":\"2025-06-17T03:20:35+00:00\",\"mainEntityOfPage\":{\"@id\":\"https:\\\/\\\/canal7slp.tv\\\/2025\\\/toman-protesta-a-nuevo-comandante-del-40-batallon-de-infanteria\\\/\"},\"wordCount\":182,\"publisher\":{\"@id\":\"https:\\\/\\\/canal7slp.tv\\\/2025\\\/#organization\"},\"image\":{\"@id\":\"https:\\\/\\\/canal7slp.tv\\\/2025\\\/toman-protesta-a-nuevo-comandante-del-40-batallon-de-infanteria\\\/#primaryimage\"},\"thumbnailUrl\":\"https:\\\/\\\/canal7slp.tv\\\/2025\\\/wp-content\\\/uploads\\\/2025\\\/06\\\/Claudio03Comandante.jpg\",\"articleSection\":[\"AYOSLP\",\"DESTACADAS\",\"LOCALES Y REGIONALES\"],\"inLanguage\":\"es\"},{\"@type\":\"WebPage\",\"@id\":\"https:\\\/\\\/canal7slp.tv\\\/2025\\\/toman-protesta-a-nuevo-comandante-del-40-batallon-de-infanteria\\\/\",\"url\":\"https:\\\/\\\/canal7slp.tv\\\/2025\\\/toman-protesta-a-nuevo-comandante-del-40-batallon-de-infanteria\\\/\",\"name\":\"Toman protesta a nuevo Comandante del 40 Batall\u00f3n de Infanter\u00eda - Canal 7 SLP - 2025\",\"isPartOf\":{\"@id\":\"https:\\\/\\\/canal7slp.tv\\\/2025\\\/#website\"},\"primaryImageOfPage\":{\"@id\":\"https:\\\/\\\/canal7slp.tv\\\/2025\\\/toman-protesta-a-nuevo-comandante-del-40-batallon-de-infanteria\\\/#primaryimage\"},\"image\":{\"@id\":\"https:\\\/\\\/canal7slp.tv\\\/2025\\\/toman-protesta-a-nuevo-comandante-del-40-batallon-de-infanteria\\\/#primaryimage\"},\"thumbnailUrl\":\"https:\\\/\\\/canal7slp.tv\\\/2025\\\/wp-content\\\/uploads\\\/2025\\\/06\\\/Claudio03Comandante.jpg\",\"datePublished\":\"2025-06-17T03:20:35+00:00\",\"breadcrumb\":{\"@id\":\"https:\\\/\\\/canal7slp.tv\\\/2025\\\/toman-protesta-a-nuevo-comandante-del-40-batallon-de-infanteria\\\/#breadcrumb\"},\"inLanguage\":\"es\",\"potentialAction\":[{\"@type\":\"ReadAction\",\"target\":[\"https:\\\/\\\/canal7slp.tv\\\/2025\\\/toman-protesta-a-nuevo-comandante-del-40-batallon-de-infanteria\\\/\"]}]},{\"@type\":\"ImageObject\",\"inLanguage\":\"es\",\"@id\":\"https:\\\/\\\/canal7slp.tv\\\/2025\\\/toman-protesta-a-nuevo-comandante-del-40-batallon-de-infanteria\\\/#primaryimage\",\"url\":\"https:\\\/\\\/canal7slp.tv\\\/2025\\\/wp-content\\\/uploads\\\/2025\\\/06\\\/Claudio03Comandante.jpg\",\"contentUrl\":\"https:\\\/\\\/canal7slp.tv\\\/2025\\\/wp-content\\\/uploads\\\/2025\\\/06\\\/Claudio03Comandante.jpg\",\"width\":1280,\"height\":720},{\"@type\":\"BreadcrumbList\",\"@id\":\"https:\\\/\\\/canal7slp.tv\\\/2025\\\/toman-protesta-a-nuevo-comandante-del-40-batallon-de-infanteria\\\/#breadcrumb\",\"itemListElement\":[{\"@type\":\"ListItem\",\"position\":1,\"name\":\"Portada\",\"item\":\"https:\\\/\\\/canal7slp.tv\\\/2025\\\/\"},{\"@type\":\"ListItem\",\"position\":2,\"name\":\"Toman protesta a nuevo Comandante del 40 Batall\u00f3n de Infanter\u00eda\"}]},{\"@type\":\"WebSite\",\"@id\":\"https:\\\/\\\/canal7slp.tv\\\/2025\\\/#website\",\"url\":\"https:\\\/\\\/canal7slp.tv\\\/2025\\\/\",\"name\":\"N7 - Noticieros Canal 7\",\"description\":\"Somos el Medio\",\"publisher\":{\"@id\":\"https:\\\/\\\/canal7slp.tv\\\/2025\\\/#organization\"},\"potentialAction\":[{\"@type\":\"SearchAction\",\"target\":{\"@type\":\"EntryPoint\",\"urlTemplate\":\"https:\\\/\\\/canal7slp.tv\\\/2025\\\/?s={search_term_string}\"},\"query-input\":{\"@type\":\"PropertyValueSpecification\",\"valueRequired\":true,\"valueName\":\"search_term_string\"}}],\"inLanguage\":\"es\"},{\"@type\":\"Organization\",\"@id\":\"https:\\\/\\\/canal7slp.tv\\\/2025\\\/#organization\",\"name\":\"Noticieros Canal 7\",\"url\":\"https:\\\/\\\/canal7slp.tv\\\/2025\\\/\",\"logo\":{\"@type\":\"ImageObject\",\"inLanguage\":\"es\",\"@id\":\"https:\\\/\\\/canal7slp.tv\\\/2025\\\/#\\\/schema\\\/logo\\\/image\\\/\",\"url\":\"https:\\\/\\\/canal7slp.tv\\\/2025\\\/wp-content\\\/uploads\\\/2021\\\/01\\\/logo-noticieros@2x.png\",\"contentUrl\":\"https:\\\/\\\/canal7slp.tv\\\/2025\\\/wp-content\\\/uploads\\\/2021\\\/01\\\/logo-noticieros@2x.png\",\"width\":1017,\"height\":268,\"caption\":\"Noticieros Canal 7\"},\"image\":{\"@id\":\"https:\\\/\\\/canal7slp.tv\\\/2025\\\/#\\\/schema\\\/logo\\\/image\\\/\"},\"sameAs\":[\"https:\\\/\\\/www.facebook.com\\\/noticieroscanal7atencionciudadana\\\/\",\"https:\\\/\\\/x.com\\\/NOTICIEROS7\",\"https:\\\/\\\/www.instagram.com\\\/canal7_slp\",\"https:\\\/\\\/www.youtube.com\\\/channel\\\/UCliiYs-gP3JfJeqdPrNdd5A\"]},{\"@type\":\"Person\",\"@id\":\"https:\\\/\\\/canal7slp.tv\\\/2025\\\/#\\\/schema\\\/person\\\/271e2b60a96e7cc9d9ac296f4d7e414b\",\"name\":\"Edici\u00f3n Web\",\"image\":{\"@type\":\"ImageObject\",\"inLanguage\":\"es\",\"@id\":\"https:\\\/\\\/secure.gravatar.com\\\/avatar\\\/eee448fc3f7164808013b816ba91ac7e43bbe82a70bebac296f8bc6f0addaa1a?s=96&d=mm&r=g\",\"url\":\"https:\\\/\\\/secure.gravatar.com\\\/avatar\\\/eee448fc3f7164808013b816ba91ac7e43bbe82a70bebac296f8bc6f0addaa1a?s=96&d=mm&r=g\",\"contentUrl\":\"https:\\\/\\\/secure.gravatar.com\\\/avatar\\\/eee448fc3f7164808013b816ba91ac7e43bbe82a70bebac296f8bc6f0addaa1a?s=96&d=mm&r=g\",\"caption\":\"Edici\u00f3n Web\"},\"url\":\"https:\\\/\\\/canal7slp.tv\\\/2025\\\/author\\\/edicionweb\\\/\"}]}<\/script>\n<!-- \/ Yoast SEO plugin. -->","yoast_head_json":{"title":"Toman protesta a nuevo Comandante del 40 Batall\u00f3n de Infanter\u00eda - Canal 7 SLP - 2025","robots":{"index":"index","follow":"follow","max-snippet":"max-snippet:-1","max-image-preview":"max-image-preview:large","max-video-preview":"max-video-preview:-1"},"canonical":"https:\/\/canal7slp.tv\/2025\/toman-protesta-a-nuevo-comandante-del-40-batallon-de-infanteria\/","og_locale":"es_ES","og_type":"article","og_title":"Toman protesta a nuevo Comandante del 40 Batall\u00f3n de Infanter\u00eda - Canal 7 SLP - 2025","og_description":"SLP.- Este lunes el Coronel de Infanter\u00eda Diplomado de Estado Mayor Gibr\u00e1n Jalil D\u00edaz del Castillo M\u00e9ndez tom\u00f3 protesta como nuevo comandante del 40\u00b0 Batall\u00f3n de Infanter\u00eda, con sede en la capital del estado. La protesta le fue tomada por el comandante de la Doceava Zona Militar General de Brigada Diplomado de Estado Mayor, Jos\u00e9 Felipe Padilla Casta\u00f1eda, en un acto protocolario efectuado en las instalaciones del cuartel militar, con la asistencia del alcalde capitalino Enrique Galindo Ceballos. Cabe se\u00f1alar que este nombramiento se da como parte de un proceso de rotaci\u00f3n de personal que de manera constante realiza la [&hellip;]","og_url":"https:\/\/canal7slp.tv\/2025\/toman-protesta-a-nuevo-comandante-del-40-batallon-de-infanteria\/","og_site_name":"Canal 7 SLP - 2025","article_publisher":"https:\/\/www.facebook.com\/noticieroscanal7atencionciudadana\/","article_published_time":"2025-06-17T03:20:35+00:00","og_image":[{"width":1280,"height":720,"url":"https:\/\/canal7slp.tv\/2025\/wp-content\/uploads\/2025\/06\/Claudio03Comandante.jpg","type":"image\/jpeg"}],"author":"Edici\u00f3n Web","twitter_card":"summary_large_image","twitter_creator":"@NOTICIEROS7","twitter_site":"@NOTICIEROS7","twitter_misc":{"Escrito por":"Edici\u00f3n Web","Tiempo de lectura":"1 minuto"},"schema":{"@context":"https:\/\/schema.org","@graph":[{"@type":"Article","@id":"https:\/\/canal7slp.tv\/2025\/toman-protesta-a-nuevo-comandante-del-40-batallon-de-infanteria\/#article","isPartOf":{"@id":"https:\/\/canal7slp.tv\/2025\/toman-protesta-a-nuevo-comandante-del-40-batallon-de-infanteria\/"},"author":{"name":"Edici\u00f3n Web","@id":"https:\/\/canal7slp.tv\/2025\/#\/schema\/person\/271e2b60a96e7cc9d9ac296f4d7e414b"},"headline":"Toman protesta a nuevo Comandante del 40 Batall\u00f3n de Infanter\u00eda","datePublished":"2025-06-17T03:20:35+00:00","mainEntityOfPage":{"@id":"https:\/\/canal7slp.tv\/2025\/toman-protesta-a-nuevo-comandante-del-40-batallon-de-infanteria\/"},"wordCount":182,"publisher":{"@id":"https:\/\/canal7slp.tv\/2025\/#organization"},"image":{"@id":"https:\/\/canal7slp.tv\/2025\/toman-protesta-a-nuevo-comandante-del-40-batallon-de-infanteria\/#primaryimage"},"thumbnailUrl":"https:\/\/canal7slp.tv\/2025\/wp-content\/uploads\/2025\/06\/Claudio03Comandante.jpg","articleSection":["AYOSLP","DESTACADAS","LOCALES Y REGIONALES"],"inLanguage":"es"},{"@type":"WebPage","@id":"https:\/\/canal7slp.tv\/2025\/toman-protesta-a-nuevo-comandante-del-40-batallon-de-infanteria\/","url":"https:\/\/canal7slp.tv\/2025\/toman-protesta-a-nuevo-comandante-del-40-batallon-de-infanteria\/","name":"Toman protesta a nuevo Comandante del 40 Batall\u00f3n de Infanter\u00eda - Canal 7 SLP - 2025","isPartOf":{"@id":"https:\/\/canal7slp.tv\/2025\/#website"},"primaryImageOfPage":{"@id":"https:\/\/canal7slp.tv\/2025\/toman-protesta-a-nuevo-comandante-del-40-batallon-de-infanteria\/#primaryimage"},"image":{"@id":"https:\/\/canal7slp.tv\/2025\/toman-protesta-a-nuevo-comandante-del-40-batallon-de-infanteria\/#primaryimage"},"thumbnailUrl":"https:\/\/canal7slp.tv\/2025\/wp-content\/uploads\/2025\/06\/Claudio03Comandante.jpg","datePublished":"2025-06-17T03:20:35+00:00","breadcrumb":{"@id":"https:\/\/canal7slp.tv\/2025\/toman-protesta-a-nuevo-comandante-del-40-batallon-de-infanteria\/#breadcrumb"},"inLanguage":"es","potentialAction":[{"@type":"ReadAction","target":["https:\/\/canal7slp.tv\/2025\/toman-protesta-a-nuevo-comandante-del-40-batallon-de-infanteria\/"]}]},{"@type":"ImageObject","inLanguage":"es","@id":"https:\/\/canal7slp.tv\/2025\/toman-protesta-a-nuevo-comandante-del-40-batallon-de-infanteria\/#primaryimage","url":"https:\/\/canal7slp.tv\/2025\/wp-content\/uploads\/2025\/06\/Claudio03Comandante.jpg","contentUrl":"https:\/\/canal7slp.tv\/2025\/wp-content\/uploads\/2025\/06\/Claudio03Comandante.jpg","width":1280,"height":720},{"@type":"BreadcrumbList","@id":"https:\/\/canal7slp.tv\/2025\/toman-protesta-a-nuevo-comandante-del-40-batallon-de-infanteria\/#breadcrumb","itemListElement":[{"@type":"ListItem","position":1,"name":"Portada","item":"https:\/\/canal7slp.tv\/2025\/"},{"@type":"ListItem","position":2,"name":"Toman protesta a nuevo Comandante del 40 Batall\u00f3n de Infanter\u00eda"}]},{"@type":"WebSite","@id":"https:\/\/canal7slp.tv\/2025\/#website","url":"https:\/\/canal7slp.tv\/2025\/","name":"N7 - Noticieros Canal 7","description":"Somos el Medio","publisher":{"@id":"https:\/\/canal7slp.tv\/2025\/#organization"},"potentialAction":[{"@type":"SearchAction","target":{"@type":"EntryPoint","urlTemplate":"https:\/\/canal7slp.tv\/2025\/?s={search_term_string}"},"query-input":{"@type":"PropertyValueSpecification","valueRequired":true,"valueName":"search_term_string"}}],"inLanguage":"es"},{"@type":"Organization","@id":"https:\/\/canal7slp.tv\/2025\/#organization","name":"Noticieros Canal 7","url":"https:\/\/canal7slp.tv\/2025\/","logo":{"@type":"ImageObject","inLanguage":"es","@id":"https:\/\/canal7slp.tv\/2025\/#\/schema\/logo\/image\/","url":"https:\/\/canal7slp.tv\/2025\/wp-content\/uploads\/2021\/01\/logo-noticieros@2x.png","contentUrl":"https:\/\/canal7slp.tv\/2025\/wp-content\/uploads\/2021\/01\/logo-noticieros@2x.png","width":1017,"height":268,"caption":"Noticieros Canal 7"},"image":{"@id":"https:\/\/canal7slp.tv\/2025\/#\/schema\/logo\/image\/"},"sameAs":["https:\/\/www.facebook.com\/noticieroscanal7atencionciudadana\/","https:\/\/x.com\/NOTICIEROS7","https:\/\/www.instagram.com\/canal7_slp","https:\/\/www.youtube.com\/channel\/UCliiYs-gP3JfJeqdPrNdd5A"]},{"@type":"Person","@id":"https:\/\/canal7slp.tv\/2025\/#\/schema\/person\/271e2b60a96e7cc9d9ac296f4d7e414b","name":"Edici\u00f3n Web","image":{"@type":"ImageObject","inLanguage":"es","@id":"https:\/\/secure.gravatar.com\/avatar\/eee448fc3f7164808013b816ba91ac7e43bbe82a70bebac296f8bc6f0addaa1a?s=96&d=mm&r=g","url":"https:\/\/secure.gravatar.com\/avatar\/eee448fc3f7164808013b816ba91ac7e43bbe82a70bebac296f8bc6f0addaa1a?s=96&d=mm&r=g","contentUrl":"https:\/\/secure.gravatar.com\/avatar\/eee448fc3f7164808013b816ba91ac7e43bbe82a70bebac296f8bc6f0addaa1a?s=96&d=mm&r=g","caption":"Edici\u00f3n Web"},"url":"https:\/\/canal7slp.tv\/2025\/author\/edicionweb\/"}]}},"_links":{"self":[{"href":"https:\/\/canal7slp.tv\/2025\/wp-json\/wp\/v2\/posts\/170619","targetHints":{"allow":["GET"]}}],"collection":[{"href":"https:\/\/canal7slp.tv\/2025\/wp-json\/wp\/v2\/posts"}],"about":[{"href":"https:\/\/canal7slp.tv\/2025\/wp-json\/wp\/v2\/types\/post"}],"author":[{"embeddable":true,"href":"https:\/\/canal7slp.tv\/2025\/wp-json\/wp\/v2\/users\/2"}],"replies":[{"embeddable":true,"href":"https:\/\/canal7slp.tv\/2025\/wp-json\/wp\/v2\/comments?post=170619"}],"version-history":[{"count":2,"href":"https:\/\/canal7slp.tv\/2025\/wp-json\/wp\/v2\/posts\/170619\/revisions"}],"predecessor-version":[{"id":170634,"href":"https:\/\/canal7slp.tv\/2025\/wp-json\/wp\/v2\/posts\/170619\/revisions\/170634"}],"wp:featuredmedia":[{"embeddable":true,"href":"https:\/\/canal7slp.tv\/2025\/wp-json\/wp\/v2\/media\/170633"}],"wp:attachment":[{"href":"https:\/\/canal7slp.tv\/2025\/wp-json\/wp\/v2\/media?parent=170619"}],"wp:term":[{"taxonomy":"category","embeddable":true,"href":"https:\/\/canal7slp.tv\/2025\/wp-json\/wp\/v2\/categories?post=170619"},{"taxonomy":"post_tag","embeddable":true,"href":"https:\/\/canal7slp.tv\/2025\/wp-json\/wp\/v2\/tags?post=170619"}],"curies":[{"name":"wp","href":"https:\/\/api.w.org\/{rel}","templated":true}]}}