{"id":170618,"date":"2025-06-16T20:47:10","date_gmt":"2025-06-17T02:47:10","guid":{"rendered":"https:\/\/canal7slp.tv\/2025\/?p=170618"},"modified":"2025-06-16T20:47:10","modified_gmt":"2025-06-17T02:47:10","slug":"alcalde-capitalino-califica-de-positiva-paridad-de-genero-en-el-nuevo-poder-judicial","status":"publish","type":"post","link":"https:\/\/canal7slp.tv\/2025\/alcalde-capitalino-califica-de-positiva-paridad-de-genero-en-el-nuevo-poder-judicial\/","title":{"rendered":"Alcalde capitalino califica de positiva paridad de g\u00e9nero en el nuevo Poder Judicial"},"content":{"rendered":"<p style=\"text-align: justify;\"><span style=\"font-size: 1.21429rem;\">SLP.- Luego de que el Consejo Estatal Electoral y de Participaci\u00f3n Ciudadana diera a conocer tras el c\u00f3mputo final de votos de las pasadas elecciones judiciales, que el Supremo Tribunal de Justicia del Estado estar\u00e1 conformado por 8 mujeres y 7 hombres, el alcalde capitalino Enrique Galindo Ceballos lo calific\u00f3 de positivo.<\/span><\/p>\n<p style=\"text-align: justify;\">Como se recordar\u00e1, con la asignaci\u00f3n de 87 cargos en el Poder Judicial local el organismo electoral afirm\u00f3 que se cumpli\u00f3 con la paridad de g\u00e9nero con un total de 52.9 por ciento de cargos para mujeres, y el resto para hombres.<\/p>\n<p style=\"text-align: justify;\">En este contexto, el presidente municipal afirm\u00f3 que esto es un resultado \u00f3ptimo que dijo, habla de la madurez de la sociedad en un proceso electoral.<\/p>\n<p style=\"text-align: justify;\">Asimismo, Galindo Ceballos afirm\u00f3 que la diferencia para emitir sentencias entre juzgadoras y juzgadores dar\u00e1 un equilibrio en el Poder Judicial.<\/p>\n<p style=\"text-align: justify;\">Por: Claudio Ibarra<\/p>\n","protected":false},"excerpt":{"rendered":"<p>SLP.- Luego de que el Consejo Estatal Electoral y de Participaci\u00f3n Ciudadana diera a conocer tras el c\u00f3mputo final de votos de las pasadas elecciones judiciales, que el Supremo Tribunal de Justicia del Estado estar\u00e1 conformado por 8 mujeres y 7 hombres, el alcalde capitalino Enrique Galindo Ceballos lo calific\u00f3 de positivo. Como se recordar\u00e1, con la asignaci\u00f3n de 87 cargos en el Poder Judicial local el organismo electoral afirm\u00f3 que se cumpli\u00f3 con la paridad de g\u00e9nero con un total de 52.9 por ciento de cargos para mujeres, y el resto para hombres. En este contexto, el presidente municipal [&hellip;]<\/p>\n","protected":false},"author":2,"featured_media":170630,"comment_status":"closed","ping_status":"closed","sticky":false,"template":"","format":"video","meta":{"_monsterinsights_skip_tracking":false,"_monsterinsights_sitenote_active":false,"_monsterinsights_sitenote_note":"","_monsterinsights_sitenote_category":0,"footnotes":""},"categories":[66,5,45],"tags":[],"class_list":["post-170618","post","type-post","status-publish","format-video","has-post-thumbnail","hentry","category-ayoslp","category-destacadas","category-localesyregionales","post_format-post-format-video","post--single"],"yoast_head":"<!-- This site is optimized with the Yoast SEO plugin v27.5 - https:\/\/yoast.com\/product\/yoast-seo-wordpress\/ -->\n<title>Alcalde capitalino califica de positiva paridad de g\u00e9nero en el nuevo Poder Judicial - Canal 7 SLP - 2025<\/title>\n<meta name=\"robots\" content=\"index, follow, max-snippet:-1, max-image-preview:large, max-video-preview:-1\" \/>\n<link rel=\"canonical\" href=\"https:\/\/canal7slp.tv\/2025\/alcalde-capitalino-califica-de-positiva-paridad-de-genero-en-el-nuevo-poder-judicial\/\" \/>\n<meta property=\"og:locale\" content=\"es_ES\" \/>\n<meta property=\"og:type\" content=\"article\" \/>\n<meta property=\"og:title\" content=\"Alcalde capitalino califica de positiva paridad de g\u00e9nero en el nuevo Poder Judicial - Canal 7 SLP - 2025\" \/>\n<meta property=\"og:description\" content=\"SLP.- Luego de que el Consejo Estatal Electoral y de Participaci\u00f3n Ciudadana diera a conocer tras el c\u00f3mputo final de votos de las pasadas elecciones judiciales, que el Supremo Tribunal de Justicia del Estado estar\u00e1 conformado por 8 mujeres y 7 hombres, el alcalde capitalino Enrique Galindo Ceballos lo calific\u00f3 de positivo. Como se recordar\u00e1, con la asignaci\u00f3n de 87 cargos en el Poder Judicial local el organismo electoral afirm\u00f3 que se cumpli\u00f3 con la paridad de g\u00e9nero con un total de 52.9 por ciento de cargos para mujeres, y el resto para hombres. En este contexto, el presidente municipal [&hellip;]\" \/>\n<meta property=\"og:url\" content=\"https:\/\/canal7slp.tv\/2025\/alcalde-capitalino-califica-de-positiva-paridad-de-genero-en-el-nuevo-poder-judicial\/\" \/>\n<meta property=\"og:site_name\" content=\"Canal 7 SLP - 2025\" \/>\n<meta property=\"article:publisher\" content=\"https:\/\/www.facebook.com\/noticieroscanal7atencionciudadana\/\" \/>\n<meta property=\"article:published_time\" content=\"2025-06-17T02:47:10+00:00\" \/>\n<meta property=\"og:image\" content=\"https:\/\/canal7slp.tv\/2025\/wp-content\/uploads\/2025\/06\/Claudio02Paridad.jpg\" \/>\n\t<meta property=\"og:image:width\" content=\"1280\" \/>\n\t<meta property=\"og:image:height\" content=\"720\" \/>\n\t<meta property=\"og:image:type\" content=\"image\/jpeg\" \/>\n<meta name=\"author\" content=\"Edici\u00f3n Web\" \/>\n<meta name=\"twitter:card\" content=\"summary_large_image\" \/>\n<meta name=\"twitter:creator\" content=\"@NOTICIEROS7\" \/>\n<meta name=\"twitter:site\" content=\"@NOTICIEROS7\" \/>\n<meta name=\"twitter:label1\" content=\"Escrito por\" \/>\n\t<meta name=\"twitter:data1\" content=\"Edici\u00f3n Web\" \/>\n\t<meta name=\"twitter:label2\" content=\"Tiempo de lectura\" \/>\n\t<meta name=\"twitter:data2\" content=\"1 minuto\" \/>\n<script type=\"application\/ld+json\" class=\"yoast-schema-graph\">{\"@context\":\"https:\\\/\\\/schema.org\",\"@graph\":[{\"@type\":\"Article\",\"@id\":\"https:\\\/\\\/canal7slp.tv\\\/2025\\\/alcalde-capitalino-califica-de-positiva-paridad-de-genero-en-el-nuevo-poder-judicial\\\/#article\",\"isPartOf\":{\"@id\":\"https:\\\/\\\/canal7slp.tv\\\/2025\\\/alcalde-capitalino-califica-de-positiva-paridad-de-genero-en-el-nuevo-poder-judicial\\\/\"},\"author\":{\"name\":\"Edici\u00f3n Web\",\"@id\":\"https:\\\/\\\/canal7slp.tv\\\/2025\\\/#\\\/schema\\\/person\\\/271e2b60a96e7cc9d9ac296f4d7e414b\"},\"headline\":\"Alcalde capitalino califica de positiva paridad de g\u00e9nero en el nuevo Poder Judicial\",\"datePublished\":\"2025-06-17T02:47:10+00:00\",\"mainEntityOfPage\":{\"@id\":\"https:\\\/\\\/canal7slp.tv\\\/2025\\\/alcalde-capitalino-califica-de-positiva-paridad-de-genero-en-el-nuevo-poder-judicial\\\/\"},\"wordCount\":159,\"publisher\":{\"@id\":\"https:\\\/\\\/canal7slp.tv\\\/2025\\\/#organization\"},\"image\":{\"@id\":\"https:\\\/\\\/canal7slp.tv\\\/2025\\\/alcalde-capitalino-califica-de-positiva-paridad-de-genero-en-el-nuevo-poder-judicial\\\/#primaryimage\"},\"thumbnailUrl\":\"https:\\\/\\\/canal7slp.tv\\\/2025\\\/wp-content\\\/uploads\\\/2025\\\/06\\\/Claudio02Paridad.jpg\",\"articleSection\":[\"AYOSLP\",\"DESTACADAS\",\"LOCALES Y REGIONALES\"],\"inLanguage\":\"es\"},{\"@type\":\"WebPage\",\"@id\":\"https:\\\/\\\/canal7slp.tv\\\/2025\\\/alcalde-capitalino-califica-de-positiva-paridad-de-genero-en-el-nuevo-poder-judicial\\\/\",\"url\":\"https:\\\/\\\/canal7slp.tv\\\/2025\\\/alcalde-capitalino-califica-de-positiva-paridad-de-genero-en-el-nuevo-poder-judicial\\\/\",\"name\":\"Alcalde capitalino califica de positiva paridad de g\u00e9nero en el nuevo Poder Judicial - Canal 7 SLP - 2025\",\"isPartOf\":{\"@id\":\"https:\\\/\\\/canal7slp.tv\\\/2025\\\/#website\"},\"primaryImageOfPage\":{\"@id\":\"https:\\\/\\\/canal7slp.tv\\\/2025\\\/alcalde-capitalino-califica-de-positiva-paridad-de-genero-en-el-nuevo-poder-judicial\\\/#primaryimage\"},\"image\":{\"@id\":\"https:\\\/\\\/canal7slp.tv\\\/2025\\\/alcalde-capitalino-califica-de-positiva-paridad-de-genero-en-el-nuevo-poder-judicial\\\/#primaryimage\"},\"thumbnailUrl\":\"https:\\\/\\\/canal7slp.tv\\\/2025\\\/wp-content\\\/uploads\\\/2025\\\/06\\\/Claudio02Paridad.jpg\",\"datePublished\":\"2025-06-17T02:47:10+00:00\",\"breadcrumb\":{\"@id\":\"https:\\\/\\\/canal7slp.tv\\\/2025\\\/alcalde-capitalino-califica-de-positiva-paridad-de-genero-en-el-nuevo-poder-judicial\\\/#breadcrumb\"},\"inLanguage\":\"es\",\"potentialAction\":[{\"@type\":\"ReadAction\",\"target\":[\"https:\\\/\\\/canal7slp.tv\\\/2025\\\/alcalde-capitalino-califica-de-positiva-paridad-de-genero-en-el-nuevo-poder-judicial\\\/\"]}]},{\"@type\":\"ImageObject\",\"inLanguage\":\"es\",\"@id\":\"https:\\\/\\\/canal7slp.tv\\\/2025\\\/alcalde-capitalino-califica-de-positiva-paridad-de-genero-en-el-nuevo-poder-judicial\\\/#primaryimage\",\"url\":\"https:\\\/\\\/canal7slp.tv\\\/2025\\\/wp-content\\\/uploads\\\/2025\\\/06\\\/Claudio02Paridad.jpg\",\"contentUrl\":\"https:\\\/\\\/canal7slp.tv\\\/2025\\\/wp-content\\\/uploads\\\/2025\\\/06\\\/Claudio02Paridad.jpg\",\"width\":1280,\"height\":720},{\"@type\":\"BreadcrumbList\",\"@id\":\"https:\\\/\\\/canal7slp.tv\\\/2025\\\/alcalde-capitalino-califica-de-positiva-paridad-de-genero-en-el-nuevo-poder-judicial\\\/#breadcrumb\",\"itemListElement\":[{\"@type\":\"ListItem\",\"position\":1,\"name\":\"Portada\",\"item\":\"https:\\\/\\\/canal7slp.tv\\\/2025\\\/\"},{\"@type\":\"ListItem\",\"position\":2,\"name\":\"Alcalde capitalino califica de positiva paridad de g\u00e9nero en el nuevo Poder Judicial\"}]},{\"@type\":\"WebSite\",\"@id\":\"https:\\\/\\\/canal7slp.tv\\\/2025\\\/#website\",\"url\":\"https:\\\/\\\/canal7slp.tv\\\/2025\\\/\",\"name\":\"N7 - Noticieros Canal 7\",\"description\":\"Somos el Medio\",\"publisher\":{\"@id\":\"https:\\\/\\\/canal7slp.tv\\\/2025\\\/#organization\"},\"potentialAction\":[{\"@type\":\"SearchAction\",\"target\":{\"@type\":\"EntryPoint\",\"urlTemplate\":\"https:\\\/\\\/canal7slp.tv\\\/2025\\\/?s={search_term_string}\"},\"query-input\":{\"@type\":\"PropertyValueSpecification\",\"valueRequired\":true,\"valueName\":\"search_term_string\"}}],\"inLanguage\":\"es\"},{\"@type\":\"Organization\",\"@id\":\"https:\\\/\\\/canal7slp.tv\\\/2025\\\/#organization\",\"name\":\"Noticieros Canal 7\",\"url\":\"https:\\\/\\\/canal7slp.tv\\\/2025\\\/\",\"logo\":{\"@type\":\"ImageObject\",\"inLanguage\":\"es\",\"@id\":\"https:\\\/\\\/canal7slp.tv\\\/2025\\\/#\\\/schema\\\/logo\\\/image\\\/\",\"url\":\"https:\\\/\\\/canal7slp.tv\\\/2025\\\/wp-content\\\/uploads\\\/2021\\\/01\\\/logo-noticieros@2x.png\",\"contentUrl\":\"https:\\\/\\\/canal7slp.tv\\\/2025\\\/wp-content\\\/uploads\\\/2021\\\/01\\\/logo-noticieros@2x.png\",\"width\":1017,\"height\":268,\"caption\":\"Noticieros Canal 7\"},\"image\":{\"@id\":\"https:\\\/\\\/canal7slp.tv\\\/2025\\\/#\\\/schema\\\/logo\\\/image\\\/\"},\"sameAs\":[\"https:\\\/\\\/www.facebook.com\\\/noticieroscanal7atencionciudadana\\\/\",\"https:\\\/\\\/x.com\\\/NOTICIEROS7\",\"https:\\\/\\\/www.instagram.com\\\/canal7_slp\",\"https:\\\/\\\/www.youtube.com\\\/channel\\\/UCliiYs-gP3JfJeqdPrNdd5A\"]},{\"@type\":\"Person\",\"@id\":\"https:\\\/\\\/canal7slp.tv\\\/2025\\\/#\\\/schema\\\/person\\\/271e2b60a96e7cc9d9ac296f4d7e414b\",\"name\":\"Edici\u00f3n Web\",\"image\":{\"@type\":\"ImageObject\",\"inLanguage\":\"es\",\"@id\":\"https:\\\/\\\/secure.gravatar.com\\\/avatar\\\/eee448fc3f7164808013b816ba91ac7e43bbe82a70bebac296f8bc6f0addaa1a?s=96&d=mm&r=g\",\"url\":\"https:\\\/\\\/secure.gravatar.com\\\/avatar\\\/eee448fc3f7164808013b816ba91ac7e43bbe82a70bebac296f8bc6f0addaa1a?s=96&d=mm&r=g\",\"contentUrl\":\"https:\\\/\\\/secure.gravatar.com\\\/avatar\\\/eee448fc3f7164808013b816ba91ac7e43bbe82a70bebac296f8bc6f0addaa1a?s=96&d=mm&r=g\",\"caption\":\"Edici\u00f3n Web\"},\"url\":\"https:\\\/\\\/canal7slp.tv\\\/2025\\\/author\\\/edicionweb\\\/\"}]}<\/script>\n<!-- \/ Yoast SEO plugin. -->","yoast_head_json":{"title":"Alcalde capitalino califica de positiva paridad de g\u00e9nero en el nuevo Poder Judicial - Canal 7 SLP - 2025","robots":{"index":"index","follow":"follow","max-snippet":"max-snippet:-1","max-image-preview":"max-image-preview:large","max-video-preview":"max-video-preview:-1"},"canonical":"https:\/\/canal7slp.tv\/2025\/alcalde-capitalino-califica-de-positiva-paridad-de-genero-en-el-nuevo-poder-judicial\/","og_locale":"es_ES","og_type":"article","og_title":"Alcalde capitalino califica de positiva paridad de g\u00e9nero en el nuevo Poder Judicial - Canal 7 SLP - 2025","og_description":"SLP.- Luego de que el Consejo Estatal Electoral y de Participaci\u00f3n Ciudadana diera a conocer tras el c\u00f3mputo final de votos de las pasadas elecciones judiciales, que el Supremo Tribunal de Justicia del Estado estar\u00e1 conformado por 8 mujeres y 7 hombres, el alcalde capitalino Enrique Galindo Ceballos lo calific\u00f3 de positivo. Como se recordar\u00e1, con la asignaci\u00f3n de 87 cargos en el Poder Judicial local el organismo electoral afirm\u00f3 que se cumpli\u00f3 con la paridad de g\u00e9nero con un total de 52.9 por ciento de cargos para mujeres, y el resto para hombres. En este contexto, el presidente municipal [&hellip;]","og_url":"https:\/\/canal7slp.tv\/2025\/alcalde-capitalino-califica-de-positiva-paridad-de-genero-en-el-nuevo-poder-judicial\/","og_site_name":"Canal 7 SLP - 2025","article_publisher":"https:\/\/www.facebook.com\/noticieroscanal7atencionciudadana\/","article_published_time":"2025-06-17T02:47:10+00:00","og_image":[{"width":1280,"height":720,"url":"https:\/\/canal7slp.tv\/2025\/wp-content\/uploads\/2025\/06\/Claudio02Paridad.jpg","type":"image\/jpeg"}],"author":"Edici\u00f3n Web","twitter_card":"summary_large_image","twitter_creator":"@NOTICIEROS7","twitter_site":"@NOTICIEROS7","twitter_misc":{"Escrito por":"Edici\u00f3n Web","Tiempo de lectura":"1 minuto"},"schema":{"@context":"https:\/\/schema.org","@graph":[{"@type":"Article","@id":"https:\/\/canal7slp.tv\/2025\/alcalde-capitalino-califica-de-positiva-paridad-de-genero-en-el-nuevo-poder-judicial\/#article","isPartOf":{"@id":"https:\/\/canal7slp.tv\/2025\/alcalde-capitalino-califica-de-positiva-paridad-de-genero-en-el-nuevo-poder-judicial\/"},"author":{"name":"Edici\u00f3n Web","@id":"https:\/\/canal7slp.tv\/2025\/#\/schema\/person\/271e2b60a96e7cc9d9ac296f4d7e414b"},"headline":"Alcalde capitalino califica de positiva paridad de g\u00e9nero en el nuevo Poder Judicial","datePublished":"2025-06-17T02:47:10+00:00","mainEntityOfPage":{"@id":"https:\/\/canal7slp.tv\/2025\/alcalde-capitalino-califica-de-positiva-paridad-de-genero-en-el-nuevo-poder-judicial\/"},"wordCount":159,"publisher":{"@id":"https:\/\/canal7slp.tv\/2025\/#organization"},"image":{"@id":"https:\/\/canal7slp.tv\/2025\/alcalde-capitalino-califica-de-positiva-paridad-de-genero-en-el-nuevo-poder-judicial\/#primaryimage"},"thumbnailUrl":"https:\/\/canal7slp.tv\/2025\/wp-content\/uploads\/2025\/06\/Claudio02Paridad.jpg","articleSection":["AYOSLP","DESTACADAS","LOCALES Y REGIONALES"],"inLanguage":"es"},{"@type":"WebPage","@id":"https:\/\/canal7slp.tv\/2025\/alcalde-capitalino-califica-de-positiva-paridad-de-genero-en-el-nuevo-poder-judicial\/","url":"https:\/\/canal7slp.tv\/2025\/alcalde-capitalino-califica-de-positiva-paridad-de-genero-en-el-nuevo-poder-judicial\/","name":"Alcalde capitalino califica de positiva paridad de g\u00e9nero en el nuevo Poder Judicial - Canal 7 SLP - 2025","isPartOf":{"@id":"https:\/\/canal7slp.tv\/2025\/#website"},"primaryImageOfPage":{"@id":"https:\/\/canal7slp.tv\/2025\/alcalde-capitalino-califica-de-positiva-paridad-de-genero-en-el-nuevo-poder-judicial\/#primaryimage"},"image":{"@id":"https:\/\/canal7slp.tv\/2025\/alcalde-capitalino-califica-de-positiva-paridad-de-genero-en-el-nuevo-poder-judicial\/#primaryimage"},"thumbnailUrl":"https:\/\/canal7slp.tv\/2025\/wp-content\/uploads\/2025\/06\/Claudio02Paridad.jpg","datePublished":"2025-06-17T02:47:10+00:00","breadcrumb":{"@id":"https:\/\/canal7slp.tv\/2025\/alcalde-capitalino-califica-de-positiva-paridad-de-genero-en-el-nuevo-poder-judicial\/#breadcrumb"},"inLanguage":"es","potentialAction":[{"@type":"ReadAction","target":["https:\/\/canal7slp.tv\/2025\/alcalde-capitalino-califica-de-positiva-paridad-de-genero-en-el-nuevo-poder-judicial\/"]}]},{"@type":"ImageObject","inLanguage":"es","@id":"https:\/\/canal7slp.tv\/2025\/alcalde-capitalino-califica-de-positiva-paridad-de-genero-en-el-nuevo-poder-judicial\/#primaryimage","url":"https:\/\/canal7slp.tv\/2025\/wp-content\/uploads\/2025\/06\/Claudio02Paridad.jpg","contentUrl":"https:\/\/canal7slp.tv\/2025\/wp-content\/uploads\/2025\/06\/Claudio02Paridad.jpg","width":1280,"height":720},{"@type":"BreadcrumbList","@id":"https:\/\/canal7slp.tv\/2025\/alcalde-capitalino-califica-de-positiva-paridad-de-genero-en-el-nuevo-poder-judicial\/#breadcrumb","itemListElement":[{"@type":"ListItem","position":1,"name":"Portada","item":"https:\/\/canal7slp.tv\/2025\/"},{"@type":"ListItem","position":2,"name":"Alcalde capitalino califica de positiva paridad de g\u00e9nero en el nuevo Poder Judicial"}]},{"@type":"WebSite","@id":"https:\/\/canal7slp.tv\/2025\/#website","url":"https:\/\/canal7slp.tv\/2025\/","name":"N7 - Noticieros Canal 7","description":"Somos el Medio","publisher":{"@id":"https:\/\/canal7slp.tv\/2025\/#organization"},"potentialAction":[{"@type":"SearchAction","target":{"@type":"EntryPoint","urlTemplate":"https:\/\/canal7slp.tv\/2025\/?s={search_term_string}"},"query-input":{"@type":"PropertyValueSpecification","valueRequired":true,"valueName":"search_term_string"}}],"inLanguage":"es"},{"@type":"Organization","@id":"https:\/\/canal7slp.tv\/2025\/#organization","name":"Noticieros Canal 7","url":"https:\/\/canal7slp.tv\/2025\/","logo":{"@type":"ImageObject","inLanguage":"es","@id":"https:\/\/canal7slp.tv\/2025\/#\/schema\/logo\/image\/","url":"https:\/\/canal7slp.tv\/2025\/wp-content\/uploads\/2021\/01\/logo-noticieros@2x.png","contentUrl":"https:\/\/canal7slp.tv\/2025\/wp-content\/uploads\/2021\/01\/logo-noticieros@2x.png","width":1017,"height":268,"caption":"Noticieros Canal 7"},"image":{"@id":"https:\/\/canal7slp.tv\/2025\/#\/schema\/logo\/image\/"},"sameAs":["https:\/\/www.facebook.com\/noticieroscanal7atencionciudadana\/","https:\/\/x.com\/NOTICIEROS7","https:\/\/www.instagram.com\/canal7_slp","https:\/\/www.youtube.com\/channel\/UCliiYs-gP3JfJeqdPrNdd5A"]},{"@type":"Person","@id":"https:\/\/canal7slp.tv\/2025\/#\/schema\/person\/271e2b60a96e7cc9d9ac296f4d7e414b","name":"Edici\u00f3n Web","image":{"@type":"ImageObject","inLanguage":"es","@id":"https:\/\/secure.gravatar.com\/avatar\/eee448fc3f7164808013b816ba91ac7e43bbe82a70bebac296f8bc6f0addaa1a?s=96&d=mm&r=g","url":"https:\/\/secure.gravatar.com\/avatar\/eee448fc3f7164808013b816ba91ac7e43bbe82a70bebac296f8bc6f0addaa1a?s=96&d=mm&r=g","contentUrl":"https:\/\/secure.gravatar.com\/avatar\/eee448fc3f7164808013b816ba91ac7e43bbe82a70bebac296f8bc6f0addaa1a?s=96&d=mm&r=g","caption":"Edici\u00f3n Web"},"url":"https:\/\/canal7slp.tv\/2025\/author\/edicionweb\/"}]}},"_links":{"self":[{"href":"https:\/\/canal7slp.tv\/2025\/wp-json\/wp\/v2\/posts\/170618","targetHints":{"allow":["GET"]}}],"collection":[{"href":"https:\/\/canal7slp.tv\/2025\/wp-json\/wp\/v2\/posts"}],"about":[{"href":"https:\/\/canal7slp.tv\/2025\/wp-json\/wp\/v2\/types\/post"}],"author":[{"embeddable":true,"href":"https:\/\/canal7slp.tv\/2025\/wp-json\/wp\/v2\/users\/2"}],"replies":[{"embeddable":true,"href":"https:\/\/canal7slp.tv\/2025\/wp-json\/wp\/v2\/comments?post=170618"}],"version-history":[{"count":2,"href":"https:\/\/canal7slp.tv\/2025\/wp-json\/wp\/v2\/posts\/170618\/revisions"}],"predecessor-version":[{"id":170631,"href":"https:\/\/canal7slp.tv\/2025\/wp-json\/wp\/v2\/posts\/170618\/revisions\/170631"}],"wp:featuredmedia":[{"embeddable":true,"href":"https:\/\/canal7slp.tv\/2025\/wp-json\/wp\/v2\/media\/170630"}],"wp:attachment":[{"href":"https:\/\/canal7slp.tv\/2025\/wp-json\/wp\/v2\/media?parent=170618"}],"wp:term":[{"taxonomy":"category","embeddable":true,"href":"https:\/\/canal7slp.tv\/2025\/wp-json\/wp\/v2\/categories?post=170618"},{"taxonomy":"post_tag","embeddable":true,"href":"https:\/\/canal7slp.tv\/2025\/wp-json\/wp\/v2\/tags?post=170618"}],"curies":[{"name":"wp","href":"https:\/\/api.w.org\/{rel}","templated":true}]}}